{"id":96454,"date":"2024-09-11T16:22:50","date_gmt":"2024-09-11T14:22:50","guid":{"rendered":"https:\/\/www.eslebedasauto.at\/?p=96454"},"modified":"2024-09-11T16:29:57","modified_gmt":"2024-09-11T14:29:57","slug":"quantensprung-der-peugeot-e-3008","status":"publish","type":"post","link":"https:\/\/www.eslebedasauto.at\/en\/quantensprung-der-peugeot-e-3008\/","title":{"rendered":"Quantensprung &#8211; der Peugeot E-3008."},"content":{"rendered":"<h4 id=\"peugeot-schwimmt-mit-dem-3008-offenbar-auf-einer-erfolgswelle-nur-zwei-monate-nach-markteinfuhrung-wurden-europaweit-bereits-50-000-bestellungen-aufgegeben-woran-liegts-wir-haben-uns-den-neue\" class=\"wp-block-heading\">Peugeot schwimmt mit dem 3008 offenbar auf einer Erfolgswelle. Nur zwei Monate nach Markteinf\u00fchrung wurden europaweit bereits 50.000 Bestellungen aufgegeben. Woran liegt\u00b4s? Wir haben uns den Neuen n\u00e4her angesehen.<\/h4>\n\n\n\n<p>Bereits seit 15 Jahren hat Peugeot den 3008 im Programm &#8211; das Mittelklasse-Auto hat sich sukzessive vom urspr\u00fcnglich eher schmucklosen Family-Van in Richtung modernes SUV weiterentwickelt. Jetzt gibt\u00b4s die n\u00e4chste Generation und die macht gleich mehrere Quantenspr\u00fcnge.<\/p>\n\n\n\n<h2 id=\"design\" class=\"wp-block-heading\">Design<\/h2>\n\n\n\n<p><strong>Peugeot hat N\u00e4gel mit K\u00f6pfen gemacht und den 3008er optisch komplett neu aufgestellt. <\/strong>Au\u00dfen wie innen wurde wirklich jedes Detail \u00fcberdacht und wenn notwendig v\u00f6llig neu entwickelt. Dass er gegen\u00fcber seinem Vorg\u00e4nger deutlich an Gr\u00f6\u00dfe zugelegt hat, ist ja bei neuen Modellgenerationen nichts Neues &#8211; der neue 3008 ist auch deutlich kantiger gezeichnet. Das SUV steht monolithisch aber nicht fett auf der Stra\u00dfe &#8211; gro\u00dfe R\u00e4der erden den 3008. Die ganze Linienf\u00fchrung darf man als stilbildend ansehen &#8211; der Mitbewerb hat den 3008 mit seinem ikonischen Frontdesign schon als Vorbild entdeckt.<\/p>\n\n\n\n<figure class=\"wp-block-image size-large\"><img fetchpriority=\"high\" decoding=\"async\" width=\"1024\" height=\"768\" src=\"https:\/\/www.eslebedasauto.at\/wp-content\/uploads\/2024\/09\/IMG_8494-1024x768.jpeg\" alt=\"\" class=\"wp-image-96483\" srcset=\"https:\/\/www.eslebedasauto.at\/wp-content\/uploads\/2024\/09\/IMG_8494-1024x768.jpeg 1024w, https:\/\/www.eslebedasauto.at\/wp-content\/uploads\/2024\/09\/IMG_8494-300x225.jpeg 300w, https:\/\/www.eslebedasauto.at\/wp-content\/uploads\/2024\/09\/IMG_8494-768x576.jpeg 768w, https:\/\/www.eslebedasauto.at\/wp-content\/uploads\/2024\/09\/IMG_8494-1536x1152.jpeg 1536w, https:\/\/www.eslebedasauto.at\/wp-content\/uploads\/2024\/09\/IMG_8494.jpeg 2048w\" sizes=\"(max-width: 1024px) 100vw, 1024px\" \/><\/figure>\n\n\n\n<p><strong>Der Begriff SUV-Coup\u00e9 passt beim Peugeot 3008 auf den Punkt <\/strong>&#8211; das Dach f\u00e4llt nach hinten sanft ab und l\u00e4uft in einem hohen Heckabschluss aus. Dahinter verbirgt sich ein ordentlicher Kofferraum &#8211; wer mehr Platz m\u00f6chte, der greift am besten zum <a href=\"https:\/\/www.eslebedasauto.at\/en\/peugeot-e-5008\/\">Peugeot 5008<\/a>, der ebenfalls vor kurzem vorgestellt wurde.<\/p>\n\n\n\n<figure class=\"wp-block-gallery has-nested-images columns-default is-cropped wp-block-gallery-1 is-layout-flex wp-block-gallery-is-layout-flex\">\n<figure class=\"wp-block-image size-large\"><img decoding=\"async\" width=\"1024\" height=\"683\" data-id=\"96508\" src=\"https:\/\/www.eslebedasauto.at\/wp-content\/uploads\/2024\/09\/ampnet_photo_20240223_233615-1024x683.jpg\" alt=\"\" class=\"wp-image-96508\" srcset=\"https:\/\/www.eslebedasauto.at\/wp-content\/uploads\/2024\/09\/ampnet_photo_20240223_233615-1024x683.jpg 1024w, https:\/\/www.eslebedasauto.at\/wp-content\/uploads\/2024\/09\/ampnet_photo_20240223_233615-300x200.jpg 300w, https:\/\/www.eslebedasauto.at\/wp-content\/uploads\/2024\/09\/ampnet_photo_20240223_233615-768x512.jpg 768w, https:\/\/www.eslebedasauto.at\/wp-content\/uploads\/2024\/09\/ampnet_photo_20240223_233615-1536x1024.jpg 1536w, https:\/\/www.eslebedasauto.at\/wp-content\/uploads\/2024\/09\/ampnet_photo_20240223_233615-2048x1365.jpg 2048w, https:\/\/www.eslebedasauto.at\/wp-content\/uploads\/2024\/09\/ampnet_photo_20240223_233615-930x620.jpg 930w\" sizes=\"(max-width: 1024px) 100vw, 1024px\" \/><\/figure>\n\n\n\n<figure class=\"wp-block-image size-large\"><img decoding=\"async\" width=\"1024\" height=\"768\" data-id=\"96507\" src=\"https:\/\/www.eslebedasauto.at\/wp-content\/uploads\/2024\/09\/ampnet_photo_20230912_227641-1024x768.jpg\" alt=\"\" class=\"wp-image-96507\" srcset=\"https:\/\/www.eslebedasauto.at\/wp-content\/uploads\/2024\/09\/ampnet_photo_20230912_227641-1024x768.jpg 1024w, https:\/\/www.eslebedasauto.at\/wp-content\/uploads\/2024\/09\/ampnet_photo_20230912_227641-300x225.jpg 300w, https:\/\/www.eslebedasauto.at\/wp-content\/uploads\/2024\/09\/ampnet_photo_20230912_227641-768x576.jpg 768w, https:\/\/www.eslebedasauto.at\/wp-content\/uploads\/2024\/09\/ampnet_photo_20230912_227641-1536x1152.jpg 1536w, https:\/\/www.eslebedasauto.at\/wp-content\/uploads\/2024\/09\/ampnet_photo_20230912_227641-2048x1535.jpg 2048w\" sizes=\"(max-width: 1024px) 100vw, 1024px\" \/><\/figure>\n<\/figure>\n\n\n\n<p><strong>Das Interieur punktet mit moderner \u00c4sthetik und geschmackvollem Materialmix. <\/strong>So sieht &#8222;Sch\u00f6ner Wohnen&#8220; im Automobilbereich aus. Das bekannte iCockpit hat sich in die Breite entwickelt. Hinter dem nach wie vor kleinen, tief liegenden Lenkrad w\u00f6lbt sich ein scheinbar frei schwebender Breitband-Bildschirm. Darauf werden die Fahrdaten wie gewohnt in 3D-Optik dargestellt. Die Mittelkonsole l\u00e4uft dynamisch geschwungen nach vorne &#8211; dar\u00fcber thronen die bekannten i-Toggles genannten programmierbaren Softtouch-Tasten, auf die man seine Bedienpr\u00e4ferenzen legen kann.<\/p>\n\n\n\n<figure class=\"wp-block-image size-large\"><img loading=\"lazy\" decoding=\"async\" width=\"1024\" height=\"739\" src=\"https:\/\/www.eslebedasauto.at\/wp-content\/uploads\/2024\/09\/ampnet_photo_20240603_237446-1024x739.jpg\" alt=\"\" class=\"wp-image-96509\" srcset=\"https:\/\/www.eslebedasauto.at\/wp-content\/uploads\/2024\/09\/ampnet_photo_20240603_237446-1024x739.jpg 1024w, https:\/\/www.eslebedasauto.at\/wp-content\/uploads\/2024\/09\/ampnet_photo_20240603_237446-300x216.jpg 300w, https:\/\/www.eslebedasauto.at\/wp-content\/uploads\/2024\/09\/ampnet_photo_20240603_237446-768x554.jpg 768w, https:\/\/www.eslebedasauto.at\/wp-content\/uploads\/2024\/09\/ampnet_photo_20240603_237446-1536x1108.jpg 1536w, https:\/\/www.eslebedasauto.at\/wp-content\/uploads\/2024\/09\/ampnet_photo_20240603_237446-2048x1477.jpg 2048w\" sizes=\"(max-width: 1024px) 100vw, 1024px\" \/><\/figure>\n\n\n\n<figure class=\"wp-block-gallery has-nested-images columns-default is-cropped wp-block-gallery-2 is-layout-flex wp-block-gallery-is-layout-flex\">\n<figure class=\"wp-block-image size-large\"><img loading=\"lazy\" decoding=\"async\" width=\"1024\" height=\"768\" data-id=\"96506\" src=\"https:\/\/www.eslebedasauto.at\/wp-content\/uploads\/2024\/09\/ampnet_photo_20230912_227642-1024x768.jpg\" alt=\"\" class=\"wp-image-96506\" srcset=\"https:\/\/www.eslebedasauto.at\/wp-content\/uploads\/2024\/09\/ampnet_photo_20230912_227642-1024x768.jpg 1024w, https:\/\/www.eslebedasauto.at\/wp-content\/uploads\/2024\/09\/ampnet_photo_20230912_227642-300x225.jpg 300w, https:\/\/www.eslebedasauto.at\/wp-content\/uploads\/2024\/09\/ampnet_photo_20230912_227642-768x576.jpg 768w, https:\/\/www.eslebedasauto.at\/wp-content\/uploads\/2024\/09\/ampnet_photo_20230912_227642-1536x1152.jpg 1536w, https:\/\/www.eslebedasauto.at\/wp-content\/uploads\/2024\/09\/ampnet_photo_20230912_227642-2048x1535.jpg 2048w\" sizes=\"(max-width: 1024px) 100vw, 1024px\" \/><\/figure>\n\n\n\n<figure class=\"wp-block-image size-large\"><img loading=\"lazy\" decoding=\"async\" width=\"1024\" height=\"768\" data-id=\"96505\" src=\"https:\/\/www.eslebedasauto.at\/wp-content\/uploads\/2024\/09\/ampnet_photo_20230912_227640-1024x768.jpg\" alt=\"\" class=\"wp-image-96505\" srcset=\"https:\/\/www.eslebedasauto.at\/wp-content\/uploads\/2024\/09\/ampnet_photo_20230912_227640-1024x768.jpg 1024w, https:\/\/www.eslebedasauto.at\/wp-content\/uploads\/2024\/09\/ampnet_photo_20230912_227640-300x225.jpg 300w, https:\/\/www.eslebedasauto.at\/wp-content\/uploads\/2024\/09\/ampnet_photo_20230912_227640-768x576.jpg 768w, https:\/\/www.eslebedasauto.at\/wp-content\/uploads\/2024\/09\/ampnet_photo_20230912_227640-1536x1152.jpg 1536w, https:\/\/www.eslebedasauto.at\/wp-content\/uploads\/2024\/09\/ampnet_photo_20230912_227640-2048x1535.jpg 2048w\" sizes=\"(max-width: 1024px) 100vw, 1024px\" \/><\/figure>\n<\/figure>\n\n\n\n<p><strong>Nicht nur optisch gef\u00e4llt der Innenraum &#8211; auch die Haptik ist erlesen. <\/strong>Die Touch-Bereiche lassen sich mit sanftem Fingerspitzengef\u00fchl bedienen, alles flutscht wie von selbst, begleitet von leisem Klicken. Man greift den Peugeot 3008 generell gerne an &#8211; ob es sich um die feine Stoffbespannung des Instrumententr\u00e4gers handelt oder das handschuhweiche Leder der fein abgesteppten Sitze. <\/p>\n\n\n\n<p><strong>Auch die Akustik ist top<\/strong>. Der aufw\u00e4ndig ged\u00e4mmte Peugeot E-3008 ist ein sehr dezent t\u00f6nendes Auto. Sogar die ansonsten so nervigen Warnt\u00f6ne h\u00f6rt man kaum, muss sie somit gar nicht wegdr\u00fccken.<\/p>\n\n\n\n<figure class=\"wp-block-image size-large\"><img loading=\"lazy\" decoding=\"async\" width=\"1024\" height=\"768\" src=\"https:\/\/www.eslebedasauto.at\/wp-content\/uploads\/2024\/09\/IMG_8497-1024x768.jpeg\" alt=\"\" class=\"wp-image-96486\" srcset=\"https:\/\/www.eslebedasauto.at\/wp-content\/uploads\/2024\/09\/IMG_8497-1024x768.jpeg 1024w, https:\/\/www.eslebedasauto.at\/wp-content\/uploads\/2024\/09\/IMG_8497-300x225.jpeg 300w, https:\/\/www.eslebedasauto.at\/wp-content\/uploads\/2024\/09\/IMG_8497-768x576.jpeg 768w, https:\/\/www.eslebedasauto.at\/wp-content\/uploads\/2024\/09\/IMG_8497-1536x1152.jpeg 1536w, https:\/\/www.eslebedasauto.at\/wp-content\/uploads\/2024\/09\/IMG_8497.jpeg 2048w\" sizes=\"(max-width: 1024px) 100vw, 1024px\" \/><\/figure>\n\n\n\n<h2 id=\"technik\" class=\"wp-block-heading\">Technik<\/h2>\n\n\n\n<p><strong>Erstmals wird der Peugeot 3008 auch als rein elektrisch angetriebene Variante angeboten.<\/strong> Den E-3008 hatten wir jetzt bei uns zum Test im Fuhrpark. Zum Einsatz kommt ein komplett neuer 400-Volt-Elektroantrieb der vor allem mit toller Effizienz punktet. Im ersten Step werden 210 PS (157 kW) und 345 Newtonmeter in Kombination mit einem 73 kWh-Akku geboten. <\/p>\n\n\n\n<figure class=\"wp-block-image size-large\"><img loading=\"lazy\" decoding=\"async\" width=\"768\" height=\"1024\" src=\"https:\/\/www.eslebedasauto.at\/wp-content\/uploads\/2024\/09\/IMG_8507-768x1024.jpeg\" alt=\"\" class=\"wp-image-96493\" srcset=\"https:\/\/www.eslebedasauto.at\/wp-content\/uploads\/2024\/09\/IMG_8507-768x1024.jpeg 768w, https:\/\/www.eslebedasauto.at\/wp-content\/uploads\/2024\/09\/IMG_8507-225x300.jpeg 225w, https:\/\/www.eslebedasauto.at\/wp-content\/uploads\/2024\/09\/IMG_8507-1152x1536.jpeg 1152w, https:\/\/www.eslebedasauto.at\/wp-content\/uploads\/2024\/09\/IMG_8507.jpeg 1536w\" sizes=\"(max-width: 768px) 100vw, 768px\" \/><\/figure>\n\n\n\n<p><strong>Wie bei Peugeot \u00fcblich werden auch hier drei Fahrmodi angeboten.<\/strong> NORMAL f\u00e4llt \u00fcberraschend kommod aus &#8211; die Lenkung ist leichtg\u00e4ngig und auch das Ansprechverhalten eher gem\u00fctlich. SPORT passt schon wesentlich besser zur dynamischen GT-Ausstattung des Testwagens &#8211; die Lenkerei wird direkter und strenger und auch das Anstr\u00f6men erfolgt deutlich stringenter (0 &#8211; 100 km\/h: 8,8 Sekunden). Zur\u00fcckhaltend klarerweise der ECO-Modus &#8211; inklusive erweiterter Reichweite. <\/p>\n\n\n\n<figure class=\"wp-block-gallery has-nested-images columns-default is-cropped wp-block-gallery-3 is-layout-flex wp-block-gallery-is-layout-flex\">\n<figure class=\"wp-block-image size-large\"><img loading=\"lazy\" decoding=\"async\" width=\"1024\" height=\"768\" data-id=\"96488\" src=\"https:\/\/www.eslebedasauto.at\/wp-content\/uploads\/2024\/09\/IMG_8499-1024x768.jpeg\" alt=\"\" class=\"wp-image-96488\" srcset=\"https:\/\/www.eslebedasauto.at\/wp-content\/uploads\/2024\/09\/IMG_8499-1024x768.jpeg 1024w, https:\/\/www.eslebedasauto.at\/wp-content\/uploads\/2024\/09\/IMG_8499-300x225.jpeg 300w, https:\/\/www.eslebedasauto.at\/wp-content\/uploads\/2024\/09\/IMG_8499-768x576.jpeg 768w, https:\/\/www.eslebedasauto.at\/wp-content\/uploads\/2024\/09\/IMG_8499-1536x1152.jpeg 1536w, https:\/\/www.eslebedasauto.at\/wp-content\/uploads\/2024\/09\/IMG_8499.jpeg 2048w\" sizes=\"(max-width: 1024px) 100vw, 1024px\" \/><\/figure>\n\n\n\n<figure class=\"wp-block-image size-large\"><img loading=\"lazy\" decoding=\"async\" width=\"1024\" height=\"768\" data-id=\"96487\" src=\"https:\/\/www.eslebedasauto.at\/wp-content\/uploads\/2024\/09\/IMG_8498-1024x768.jpeg\" alt=\"\" class=\"wp-image-96487\" srcset=\"https:\/\/www.eslebedasauto.at\/wp-content\/uploads\/2024\/09\/IMG_8498-1024x768.jpeg 1024w, https:\/\/www.eslebedasauto.at\/wp-content\/uploads\/2024\/09\/IMG_8498-300x225.jpeg 300w, https:\/\/www.eslebedasauto.at\/wp-content\/uploads\/2024\/09\/IMG_8498-768x576.jpeg 768w, https:\/\/www.eslebedasauto.at\/wp-content\/uploads\/2024\/09\/IMG_8498-1536x1152.jpeg 1536w, https:\/\/www.eslebedasauto.at\/wp-content\/uploads\/2024\/09\/IMG_8498.jpeg 2048w\" sizes=\"(max-width: 1024px) 100vw, 1024px\" \/><\/figure>\n<\/figure>\n\n\n\n<p><strong>Stichwort Reichweite:<\/strong> Den WLTP Wert von 527 Kilometer haben wir nicht geschafft &#8211; dennoch sei gesagt, dass der E-3008 dank seiner guten Effizienz bei der Reichweite sehr gut anschreibt. Unser Testverbrauch lag bei 15,6 kWh pro hundert Kilometer &#8211; das w\u00e4ren rund 450 Kilometer Reichweite, wohlgemerkt ohne Sparambitionen gefahren. Wer es darauf anlegt, der sollte auch den F\u00fcnfhunderter knacken. <\/p>\n\n\n\n<figure class=\"wp-block-gallery has-nested-images columns-default is-cropped wp-block-gallery-4 is-layout-flex wp-block-gallery-is-layout-flex\">\n<figure class=\"wp-block-image size-large\"><img loading=\"lazy\" decoding=\"async\" width=\"1024\" height=\"768\" data-id=\"96490\" src=\"https:\/\/www.eslebedasauto.at\/wp-content\/uploads\/2024\/09\/IMG_8501-1024x768.jpeg\" alt=\"\" class=\"wp-image-96490\" srcset=\"https:\/\/www.eslebedasauto.at\/wp-content\/uploads\/2024\/09\/IMG_8501-1024x768.jpeg 1024w, https:\/\/www.eslebedasauto.at\/wp-content\/uploads\/2024\/09\/IMG_8501-300x225.jpeg 300w, https:\/\/www.eslebedasauto.at\/wp-content\/uploads\/2024\/09\/IMG_8501-768x576.jpeg 768w, https:\/\/www.eslebedasauto.at\/wp-content\/uploads\/2024\/09\/IMG_8501-1536x1152.jpeg 1536w, https:\/\/www.eslebedasauto.at\/wp-content\/uploads\/2024\/09\/IMG_8501.jpeg 2048w\" sizes=\"(max-width: 1024px) 100vw, 1024px\" \/><\/figure>\n\n\n\n<figure class=\"wp-block-image size-large\"><img loading=\"lazy\" decoding=\"async\" width=\"1024\" height=\"768\" data-id=\"96489\" src=\"https:\/\/www.eslebedasauto.at\/wp-content\/uploads\/2024\/09\/IMG_8500-1024x768.jpeg\" alt=\"\" class=\"wp-image-96489\" srcset=\"https:\/\/www.eslebedasauto.at\/wp-content\/uploads\/2024\/09\/IMG_8500-1024x768.jpeg 1024w, https:\/\/www.eslebedasauto.at\/wp-content\/uploads\/2024\/09\/IMG_8500-300x225.jpeg 300w, https:\/\/www.eslebedasauto.at\/wp-content\/uploads\/2024\/09\/IMG_8500-768x576.jpeg 768w, https:\/\/www.eslebedasauto.at\/wp-content\/uploads\/2024\/09\/IMG_8500-1536x1152.jpeg 1536w, https:\/\/www.eslebedasauto.at\/wp-content\/uploads\/2024\/09\/IMG_8500.jpeg 2048w\" sizes=\"(max-width: 1024px) 100vw, 1024px\" \/><\/figure>\n<\/figure>\n\n\n\n<p><strong>Geladen wird den Peugeot E-3008 dann mit bis zu 160 kW <\/strong>am Schnelllader in rund drei\u00dfig Minuten von 20 auf 80 Prozent &#8211; kein Spitzenwert aber dennoch zweckm\u00e4\u00dfig und alltagstauglich. Die meiste Zeit wird der Wagen ja sowieso \u00fcber Nacht in der heimischen Garage an der Wallbox h\u00e4ngen.<\/p>\n\n\n\n<figure class=\"wp-block-image size-large\"><img loading=\"lazy\" decoding=\"async\" width=\"1024\" height=\"768\" src=\"https:\/\/www.eslebedasauto.at\/wp-content\/uploads\/2024\/09\/IMG_8502-1024x768.jpeg\" alt=\"\" class=\"wp-image-96491\" srcset=\"https:\/\/www.eslebedasauto.at\/wp-content\/uploads\/2024\/09\/IMG_8502-1024x768.jpeg 1024w, https:\/\/www.eslebedasauto.at\/wp-content\/uploads\/2024\/09\/IMG_8502-300x225.jpeg 300w, https:\/\/www.eslebedasauto.at\/wp-content\/uploads\/2024\/09\/IMG_8502-768x576.jpeg 768w, https:\/\/www.eslebedasauto.at\/wp-content\/uploads\/2024\/09\/IMG_8502-1536x1152.jpeg 1536w, https:\/\/www.eslebedasauto.at\/wp-content\/uploads\/2024\/09\/IMG_8502.jpeg 2048w\" sizes=\"(max-width: 1024px) 100vw, 1024px\" \/><\/figure>\n\n\n\n<h3 id=\"unterm-strich\" class=\"wp-block-heading\">Unterm Strich<\/h3>\n\n\n\n<p>Der neue Peugeot 3008 ist nicht mehr mit seinem Vorg\u00e4nger vergleichbar. Da hat Peugeot wirklich eine scharfe Trennlinie eingezogen. Eine rein elektrische Version gab es vorher auch noch nie &#8211; hier punktet der neue E-3008 mit toller Alltagstauglichkeit und perfekter technischer Umsetzung. Wer ein hoch talentiertes Family-SUV sucht, der ist hier definitiv richtig &#8211; die Vorbestellungen sprechen B\u00e4nde.<\/p>\n\n\n\n<p><strong>Daten Fakten Peugeot E-3008 GT<\/strong><br>Leistung: 210 PS<br>Drehmoment: 345 Nm<br>0-100 km\/h: 8,8 Sekunden<br>Testverbrauch: 15,6 kWh<br>WLTP-Reichweite: 512 km<br>Preis: ab EUR 53.450,-<\/p>","protected":false},"excerpt":{"rendered":"<p>Der neue Peugeot 3008 ist nicht mehr mit seinem Vorg\u00e4nger vergleichbar. Da hat Peugeot wirklich eine scharfe Trennlinie eingezogen.<\/p>","protected":false},"author":2,"featured_media":96480,"comment_status":"open","ping_status":"open","sticky":false,"template":"","format":"standard","meta":{"neve_meta_sidebar":"","neve_meta_container":"","neve_meta_enable_content_width":"","neve_meta_content_width":0,"neve_meta_title_alignment":"","neve_meta_author_avatar":"","neve_post_elements_order":"","neve_meta_disable_header":"","neve_meta_disable_footer":"","neve_meta_disable_title":"","neve_meta_reading_time":"","footnotes":""},"categories":[555,335],"tags":[],"class_list":["post-96454","post","type-post","status-publish","format-standard","has-post-thumbnail","hentry","category-electrofun","category-fahrberichte"],"yoast_head":"<!-- This site is optimized with the Yoast SEO plugin v26.8 - https:\/\/yoast.com\/product\/yoast-seo-wordpress\/ -->\n<title>Quantensprung - der Peugeot E-3008. - Es lebe das Auto<\/title>\n<meta name=\"robots\" content=\"index, follow, max-snippet:-1, max-image-preview:large, max-video-preview:-1\" \/>\n<link rel=\"canonical\" href=\"https:\/\/www.eslebedasauto.at\/en\/quantensprung-der-peugeot-e-3008\/\" \/>\n<meta property=\"og:locale\" content=\"en_GB\" \/>\n<meta property=\"og:type\" content=\"article\" \/>\n<meta property=\"og:title\" content=\"Quantensprung - der Peugeot E-3008. - Es lebe das Auto\" \/>\n<meta property=\"og:description\" content=\"Der neue Peugeot 3008 ist nicht mehr mit seinem Vorg\u00e4nger vergleichbar. Da hat Peugeot wirklich eine scharfe Trennlinie eingezogen.\" \/>\n<meta property=\"og:url\" content=\"https:\/\/www.eslebedasauto.at\/en\/quantensprung-der-peugeot-e-3008\/\" \/>\n<meta property=\"og:site_name\" content=\"Es lebe das Auto\" \/>\n<meta property=\"article:publisher\" content=\"https:\/\/www.facebook.com\/eslebedasauto.at\" \/>\n<meta property=\"article:published_time\" content=\"2024-09-11T14:22:50+00:00\" \/>\n<meta property=\"article:modified_time\" content=\"2024-09-11T14:29:57+00:00\" \/>\n<meta property=\"og:image\" content=\"https:\/\/www.eslebedasauto.at\/wp-content\/uploads\/2024\/09\/IMG_8490.jpeg\" \/>\n\t<meta property=\"og:image:width\" content=\"2048\" \/>\n\t<meta property=\"og:image:height\" content=\"1536\" \/>\n\t<meta property=\"og:image:type\" content=\"image\/jpeg\" \/>\n<meta name=\"author\" content=\"gerhard\" \/>\n<meta name=\"twitter:card\" content=\"summary_large_image\" \/>\n<meta name=\"twitter:label1\" content=\"Written by\" \/>\n\t<meta name=\"twitter:data1\" content=\"gerhard\" \/>\n\t<meta name=\"twitter:label2\" content=\"Estimated reading time\" \/>\n\t<meta name=\"twitter:data2\" content=\"7 minutes\" \/>\n<script type=\"application\/ld+json\" class=\"yoast-schema-graph\">{\"@context\":\"https:\/\/schema.org\",\"@graph\":[{\"@type\":\"Article\",\"@id\":\"https:\/\/www.eslebedasauto.at\/quantensprung-der-peugeot-e-3008\/#article\",\"isPartOf\":{\"@id\":\"https:\/\/www.eslebedasauto.at\/quantensprung-der-peugeot-e-3008\/\"},\"author\":{\"name\":\"gerhard\",\"@id\":\"https:\/\/www.eslebedasauto.at\/#\/schema\/person\/fb81218b0bed500d225ff518f9f17033\"},\"headline\":\"Quantensprung &#8211; der Peugeot E-3008.\",\"datePublished\":\"2024-09-11T14:22:50+00:00\",\"dateModified\":\"2024-09-11T14:29:57+00:00\",\"mainEntityOfPage\":{\"@id\":\"https:\/\/www.eslebedasauto.at\/quantensprung-der-peugeot-e-3008\/\"},\"wordCount\":698,\"commentCount\":0,\"publisher\":{\"@id\":\"https:\/\/www.eslebedasauto.at\/#organization\"},\"image\":{\"@id\":\"https:\/\/www.eslebedasauto.at\/quantensprung-der-peugeot-e-3008\/#primaryimage\"},\"thumbnailUrl\":\"https:\/\/www.eslebedasauto.at\/wp-content\/uploads\/2024\/09\/IMG_8490.jpeg\",\"articleSection\":[\"Electrofun\",\"Fahrberichte\"],\"inLanguage\":\"en-GB\",\"potentialAction\":[{\"@type\":\"CommentAction\",\"name\":\"Comment\",\"target\":[\"https:\/\/www.eslebedasauto.at\/quantensprung-der-peugeot-e-3008\/#respond\"]}]},{\"@type\":\"WebPage\",\"@id\":\"https:\/\/www.eslebedasauto.at\/quantensprung-der-peugeot-e-3008\/\",\"url\":\"https:\/\/www.eslebedasauto.at\/quantensprung-der-peugeot-e-3008\/\",\"name\":\"Quantensprung - der Peugeot E-3008. - Es lebe das Auto\",\"isPartOf\":{\"@id\":\"https:\/\/www.eslebedasauto.at\/#website\"},\"primaryImageOfPage\":{\"@id\":\"https:\/\/www.eslebedasauto.at\/quantensprung-der-peugeot-e-3008\/#primaryimage\"},\"image\":{\"@id\":\"https:\/\/www.eslebedasauto.at\/quantensprung-der-peugeot-e-3008\/#primaryimage\"},\"thumbnailUrl\":\"https:\/\/www.eslebedasauto.at\/wp-content\/uploads\/2024\/09\/IMG_8490.jpeg\",\"datePublished\":\"2024-09-11T14:22:50+00:00\",\"dateModified\":\"2024-09-11T14:29:57+00:00\",\"breadcrumb\":{\"@id\":\"https:\/\/www.eslebedasauto.at\/quantensprung-der-peugeot-e-3008\/#breadcrumb\"},\"inLanguage\":\"en-GB\",\"potentialAction\":[{\"@type\":\"ReadAction\",\"target\":[\"https:\/\/www.eslebedasauto.at\/quantensprung-der-peugeot-e-3008\/\"]}]},{\"@type\":\"ImageObject\",\"inLanguage\":\"en-GB\",\"@id\":\"https:\/\/www.eslebedasauto.at\/quantensprung-der-peugeot-e-3008\/#primaryimage\",\"url\":\"https:\/\/www.eslebedasauto.at\/wp-content\/uploads\/2024\/09\/IMG_8490.jpeg\",\"contentUrl\":\"https:\/\/www.eslebedasauto.at\/wp-content\/uploads\/2024\/09\/IMG_8490.jpeg\",\"width\":2048,\"height\":1536},{\"@type\":\"BreadcrumbList\",\"@id\":\"https:\/\/www.eslebedasauto.at\/quantensprung-der-peugeot-e-3008\/#breadcrumb\",\"itemListElement\":[{\"@type\":\"ListItem\",\"position\":1,\"name\":\"Startseite\",\"item\":\"https:\/\/www.eslebedasauto.at\/\"},{\"@type\":\"ListItem\",\"position\":2,\"name\":\"Quantensprung &#8211; der Peugeot E-3008.\"}]},{\"@type\":\"WebSite\",\"@id\":\"https:\/\/www.eslebedasauto.at\/#website\",\"url\":\"https:\/\/www.eslebedasauto.at\/\",\"name\":\"Es lebe das Auto\",\"description\":\"ein Hoch auf den Individualverkehr\",\"publisher\":{\"@id\":\"https:\/\/www.eslebedasauto.at\/#organization\"},\"potentialAction\":[{\"@type\":\"SearchAction\",\"target\":{\"@type\":\"EntryPoint\",\"urlTemplate\":\"https:\/\/www.eslebedasauto.at\/?s={search_term_string}\"},\"query-input\":{\"@type\":\"PropertyValueSpecification\",\"valueRequired\":true,\"valueName\":\"search_term_string\"}}],\"inLanguage\":\"en-GB\"},{\"@type\":\"Organization\",\"@id\":\"https:\/\/www.eslebedasauto.at\/#organization\",\"name\":\"eslebedasauto\",\"url\":\"https:\/\/www.eslebedasauto.at\/\",\"logo\":{\"@type\":\"ImageObject\",\"inLanguage\":\"en-GB\",\"@id\":\"https:\/\/www.eslebedasauto.at\/#\/schema\/logo\/image\/\",\"url\":\"https:\/\/www.eslebedasauto.at\/wp-content\/uploads\/2025\/10\/eldarund.png\",\"contentUrl\":\"https:\/\/www.eslebedasauto.at\/wp-content\/uploads\/2025\/10\/eldarund.png\",\"width\":1024,\"height\":1024,\"caption\":\"eslebedasauto\"},\"image\":{\"@id\":\"https:\/\/www.eslebedasauto.at\/#\/schema\/logo\/image\/\"},\"sameAs\":[\"https:\/\/www.facebook.com\/eslebedasauto.at\",\"https:\/\/www.instagram.com\/es_lebe_das_auto\/\"]},{\"@type\":\"Person\",\"@id\":\"https:\/\/www.eslebedasauto.at\/#\/schema\/person\/fb81218b0bed500d225ff518f9f17033\",\"name\":\"gerhard\",\"url\":\"https:\/\/www.eslebedasauto.at\/en\/author\/gerhard\/\"}]}<\/script>\n<!-- \/ Yoast SEO plugin. -->","yoast_head_json":{"title":"Quantensprung - der Peugeot E-3008. - Es lebe das Auto","robots":{"index":"index","follow":"follow","max-snippet":"max-snippet:-1","max-image-preview":"max-image-preview:large","max-video-preview":"max-video-preview:-1"},"canonical":"https:\/\/www.eslebedasauto.at\/en\/quantensprung-der-peugeot-e-3008\/","og_locale":"en_GB","og_type":"article","og_title":"Quantensprung - der Peugeot E-3008. - Es lebe das Auto","og_description":"Der neue Peugeot 3008 ist nicht mehr mit seinem Vorg\u00e4nger vergleichbar. Da hat Peugeot wirklich eine scharfe Trennlinie eingezogen.","og_url":"https:\/\/www.eslebedasauto.at\/en\/quantensprung-der-peugeot-e-3008\/","og_site_name":"Es lebe das Auto","article_publisher":"https:\/\/www.facebook.com\/eslebedasauto.at","article_published_time":"2024-09-11T14:22:50+00:00","article_modified_time":"2024-09-11T14:29:57+00:00","og_image":[{"width":2048,"height":1536,"url":"https:\/\/www.eslebedasauto.at\/wp-content\/uploads\/2024\/09\/IMG_8490.jpeg","type":"image\/jpeg"}],"author":"gerhard","twitter_card":"summary_large_image","twitter_misc":{"Written by":"gerhard","Estimated reading time":"7 minutes"},"schema":{"@context":"https:\/\/schema.org","@graph":[{"@type":"Article","@id":"https:\/\/www.eslebedasauto.at\/quantensprung-der-peugeot-e-3008\/#article","isPartOf":{"@id":"https:\/\/www.eslebedasauto.at\/quantensprung-der-peugeot-e-3008\/"},"author":{"name":"gerhard","@id":"https:\/\/www.eslebedasauto.at\/#\/schema\/person\/fb81218b0bed500d225ff518f9f17033"},"headline":"Quantensprung &#8211; der Peugeot E-3008.","datePublished":"2024-09-11T14:22:50+00:00","dateModified":"2024-09-11T14:29:57+00:00","mainEntityOfPage":{"@id":"https:\/\/www.eslebedasauto.at\/quantensprung-der-peugeot-e-3008\/"},"wordCount":698,"commentCount":0,"publisher":{"@id":"https:\/\/www.eslebedasauto.at\/#organization"},"image":{"@id":"https:\/\/www.eslebedasauto.at\/quantensprung-der-peugeot-e-3008\/#primaryimage"},"thumbnailUrl":"https:\/\/www.eslebedasauto.at\/wp-content\/uploads\/2024\/09\/IMG_8490.jpeg","articleSection":["Electrofun","Fahrberichte"],"inLanguage":"en-GB","potentialAction":[{"@type":"CommentAction","name":"Comment","target":["https:\/\/www.eslebedasauto.at\/quantensprung-der-peugeot-e-3008\/#respond"]}]},{"@type":"WebPage","@id":"https:\/\/www.eslebedasauto.at\/quantensprung-der-peugeot-e-3008\/","url":"https:\/\/www.eslebedasauto.at\/quantensprung-der-peugeot-e-3008\/","name":"Quantensprung - der Peugeot E-3008. - Es lebe das Auto","isPartOf":{"@id":"https:\/\/www.eslebedasauto.at\/#website"},"primaryImageOfPage":{"@id":"https:\/\/www.eslebedasauto.at\/quantensprung-der-peugeot-e-3008\/#primaryimage"},"image":{"@id":"https:\/\/www.eslebedasauto.at\/quantensprung-der-peugeot-e-3008\/#primaryimage"},"thumbnailUrl":"https:\/\/www.eslebedasauto.at\/wp-content\/uploads\/2024\/09\/IMG_8490.jpeg","datePublished":"2024-09-11T14:22:50+00:00","dateModified":"2024-09-11T14:29:57+00:00","breadcrumb":{"@id":"https:\/\/www.eslebedasauto.at\/quantensprung-der-peugeot-e-3008\/#breadcrumb"},"inLanguage":"en-GB","potentialAction":[{"@type":"ReadAction","target":["https:\/\/www.eslebedasauto.at\/quantensprung-der-peugeot-e-3008\/"]}]},{"@type":"ImageObject","inLanguage":"en-GB","@id":"https:\/\/www.eslebedasauto.at\/quantensprung-der-peugeot-e-3008\/#primaryimage","url":"https:\/\/www.eslebedasauto.at\/wp-content\/uploads\/2024\/09\/IMG_8490.jpeg","contentUrl":"https:\/\/www.eslebedasauto.at\/wp-content\/uploads\/2024\/09\/IMG_8490.jpeg","width":2048,"height":1536},{"@type":"BreadcrumbList","@id":"https:\/\/www.eslebedasauto.at\/quantensprung-der-peugeot-e-3008\/#breadcrumb","itemListElement":[{"@type":"ListItem","position":1,"name":"Startseite","item":"https:\/\/www.eslebedasauto.at\/"},{"@type":"ListItem","position":2,"name":"Quantensprung &#8211; der Peugeot E-3008."}]},{"@type":"WebSite","@id":"https:\/\/www.eslebedasauto.at\/#website","url":"https:\/\/www.eslebedasauto.at\/","name":"Es lebe das Auto","description":"ein Hoch auf den Individualverkehr","publisher":{"@id":"https:\/\/www.eslebedasauto.at\/#organization"},"potentialAction":[{"@type":"SearchAction","target":{"@type":"EntryPoint","urlTemplate":"https:\/\/www.eslebedasauto.at\/?s={search_term_string}"},"query-input":{"@type":"PropertyValueSpecification","valueRequired":true,"valueName":"search_term_string"}}],"inLanguage":"en-GB"},{"@type":"Organization","@id":"https:\/\/www.eslebedasauto.at\/#organization","name":"eslebedasauto","url":"https:\/\/www.eslebedasauto.at\/","logo":{"@type":"ImageObject","inLanguage":"en-GB","@id":"https:\/\/www.eslebedasauto.at\/#\/schema\/logo\/image\/","url":"https:\/\/www.eslebedasauto.at\/wp-content\/uploads\/2025\/10\/eldarund.png","contentUrl":"https:\/\/www.eslebedasauto.at\/wp-content\/uploads\/2025\/10\/eldarund.png","width":1024,"height":1024,"caption":"eslebedasauto"},"image":{"@id":"https:\/\/www.eslebedasauto.at\/#\/schema\/logo\/image\/"},"sameAs":["https:\/\/www.facebook.com\/eslebedasauto.at","https:\/\/www.instagram.com\/es_lebe_das_auto\/"]},{"@type":"Person","@id":"https:\/\/www.eslebedasauto.at\/#\/schema\/person\/fb81218b0bed500d225ff518f9f17033","name":"gerhard","url":"https:\/\/www.eslebedasauto.at\/en\/author\/gerhard\/"}]}},"_links":{"self":[{"href":"https:\/\/www.eslebedasauto.at\/en\/wp-json\/wp\/v2\/posts\/96454","targetHints":{"allow":["GET"]}}],"collection":[{"href":"https:\/\/www.eslebedasauto.at\/en\/wp-json\/wp\/v2\/posts"}],"about":[{"href":"https:\/\/www.eslebedasauto.at\/en\/wp-json\/wp\/v2\/types\/post"}],"author":[{"embeddable":true,"href":"https:\/\/www.eslebedasauto.at\/en\/wp-json\/wp\/v2\/users\/2"}],"replies":[{"embeddable":true,"href":"https:\/\/www.eslebedasauto.at\/en\/wp-json\/wp\/v2\/comments?post=96454"}],"version-history":[{"count":7,"href":"https:\/\/www.eslebedasauto.at\/en\/wp-json\/wp\/v2\/posts\/96454\/revisions"}],"predecessor-version":[{"id":96516,"href":"https:\/\/www.eslebedasauto.at\/en\/wp-json\/wp\/v2\/posts\/96454\/revisions\/96516"}],"wp:featuredmedia":[{"embeddable":true,"href":"https:\/\/www.eslebedasauto.at\/en\/wp-json\/wp\/v2\/media\/96480"}],"wp:attachment":[{"href":"https:\/\/www.eslebedasauto.at\/en\/wp-json\/wp\/v2\/media?parent=96454"}],"wp:term":[{"taxonomy":"category","embeddable":true,"href":"https:\/\/www.eslebedasauto.at\/en\/wp-json\/wp\/v2\/categories?post=96454"},{"taxonomy":"post_tag","embeddable":true,"href":"https:\/\/www.eslebedasauto.at\/en\/wp-json\/wp\/v2\/tags?post=96454"}],"curies":[{"name":"wp","href":"https:\/\/api.w.org\/{rel}","templated":true}]}}