{"id":95970,"date":"2024-07-20T18:15:03","date_gmt":"2024-07-20T16:15:03","guid":{"rendered":"https:\/\/www.eslebedasauto.at\/?p=95970"},"modified":"2024-07-20T18:31:07","modified_gmt":"2024-07-20T16:31:07","slug":"bmw-r1300-gs-jetzt-leichter-und-staerker","status":"publish","type":"post","link":"https:\/\/www.eslebedasauto.at\/en\/bmw-r1300-gs-jetzt-leichter-und-staerker\/","title":{"rendered":"BMW R1300 GS \u2013 Jetzt leichter und st\u00e4rker"},"content":{"rendered":"<h3 id=\"niedrigeres-gewicht-und-mehr-leistung-zwei-wichtige-faktoren-die-auf-die-kurzlich-erneuerte-bmw-r1300-gs-zutreffen-und-eines-versprechen-fahrspas-pur-und-unbandige-reiselust\" class=\"wp-block-heading\">Niedrigeres Gewicht und mehr Leistung. Zwei wichtige Faktoren die auf die k\u00fcrzlich erneuerte BMW R1300 GS zutreffen und eines versprechen: Fahrspa\u00df pur und unb\u00e4ndige Reiselust!<\/h3>\n\n\n\n<figure class=\"wp-block-image size-large\"><img fetchpriority=\"high\" decoding=\"async\" width=\"1024\" height=\"768\" src=\"https:\/\/www.eslebedasauto.at\/wp-content\/uploads\/2024\/07\/IMG_7836-1024x768.jpg\" alt=\"\" class=\"wp-image-95985\" srcset=\"https:\/\/www.eslebedasauto.at\/wp-content\/uploads\/2024\/07\/IMG_7836-1024x768.jpg 1024w, https:\/\/www.eslebedasauto.at\/wp-content\/uploads\/2024\/07\/IMG_7836-300x225.jpg 300w, https:\/\/www.eslebedasauto.at\/wp-content\/uploads\/2024\/07\/IMG_7836-768x576.jpg 768w, https:\/\/www.eslebedasauto.at\/wp-content\/uploads\/2024\/07\/IMG_7836-1536x1152.jpg 1536w, https:\/\/www.eslebedasauto.at\/wp-content\/uploads\/2024\/07\/IMG_7836-2048x1536.jpg 2048w\" sizes=\"(max-width: 1024px) 100vw, 1024px\" \/><\/figure>\n\n\n\n<p><strong>BMW hat k\u00fcrzlich seinen Bestseller gr\u00fcndlich \u00fcberarbeitet.<\/strong> Das seit Jahren meistverkaufte Motorrad im deutschsprachigen Raum und nichts weniger als die beliebteste Reiseenduro der Welt wartet nun mit einem nagelneuen Motor und ebenso neuem Fahrwerk auf. Der Boxer leistet jetzt satte 145 PS bei 7750 Umdrehungen und liefert 149 Newtonmeter bei 6500 Touren. Das sind neun PS und sechs Newtonmeter mehr als bei der Vorg\u00e4ngerin und nichts weniger als der bislang st\u00e4rkste Boxermotor von BMW. Was das Ganze noch vers\u00fc\u00dft, sind die zw\u00f6lf Kilo Mindergewicht, die die Bayern bei ihrer Parade-Enduro eingespart haben.<\/p>\n\n\n\n<figure class=\"wp-block-gallery has-nested-images columns-default is-cropped wp-block-gallery-1 is-layout-flex wp-block-gallery-is-layout-flex\">\n<figure class=\"wp-block-image size-large\"><img decoding=\"async\" width=\"768\" height=\"1024\" data-id=\"95989\" src=\"https:\/\/www.eslebedasauto.at\/wp-content\/uploads\/2024\/07\/IMG_7853-768x1024.jpg\" alt=\"\" class=\"wp-image-95989\" srcset=\"https:\/\/www.eslebedasauto.at\/wp-content\/uploads\/2024\/07\/IMG_7853-768x1024.jpg 768w, https:\/\/www.eslebedasauto.at\/wp-content\/uploads\/2024\/07\/IMG_7853-225x300.jpg 225w, https:\/\/www.eslebedasauto.at\/wp-content\/uploads\/2024\/07\/IMG_7853-1152x1536.jpg 1152w, https:\/\/www.eslebedasauto.at\/wp-content\/uploads\/2024\/07\/IMG_7853-1536x2048.jpg 1536w, https:\/\/www.eslebedasauto.at\/wp-content\/uploads\/2024\/07\/IMG_7853-scaled.jpg 1920w\" sizes=\"(max-width: 768px) 100vw, 768px\" \/><\/figure>\n\n\n\n<figure class=\"wp-block-image size-large\"><img decoding=\"async\" width=\"768\" height=\"1024\" data-id=\"95984\" src=\"https:\/\/www.eslebedasauto.at\/wp-content\/uploads\/2024\/07\/IMG_7835-768x1024.jpg\" alt=\"\" class=\"wp-image-95984\" srcset=\"https:\/\/www.eslebedasauto.at\/wp-content\/uploads\/2024\/07\/IMG_7835-768x1024.jpg 768w, https:\/\/www.eslebedasauto.at\/wp-content\/uploads\/2024\/07\/IMG_7835-225x300.jpg 225w, https:\/\/www.eslebedasauto.at\/wp-content\/uploads\/2024\/07\/IMG_7835-1152x1536.jpg 1152w, https:\/\/www.eslebedasauto.at\/wp-content\/uploads\/2024\/07\/IMG_7835-1536x2048.jpg 1536w, https:\/\/www.eslebedasauto.at\/wp-content\/uploads\/2024\/07\/IMG_7835-scaled.jpg 1920w\" sizes=\"(max-width: 768px) 100vw, 768px\" \/><\/figure>\n\n\n\n<figure class=\"wp-block-image size-large\"><img loading=\"lazy\" decoding=\"async\" width=\"768\" height=\"1024\" data-id=\"95979\" src=\"https:\/\/www.eslebedasauto.at\/wp-content\/uploads\/2024\/07\/IMG_7824-768x1024.jpg\" alt=\"\" class=\"wp-image-95979\" srcset=\"https:\/\/www.eslebedasauto.at\/wp-content\/uploads\/2024\/07\/IMG_7824-768x1024.jpg 768w, https:\/\/www.eslebedasauto.at\/wp-content\/uploads\/2024\/07\/IMG_7824-225x300.jpg 225w, https:\/\/www.eslebedasauto.at\/wp-content\/uploads\/2024\/07\/IMG_7824-1152x1536.jpg 1152w, https:\/\/www.eslebedasauto.at\/wp-content\/uploads\/2024\/07\/IMG_7824-1536x2048.jpg 1536w, https:\/\/www.eslebedasauto.at\/wp-content\/uploads\/2024\/07\/IMG_7824-scaled.jpg 1920w\" sizes=\"(max-width: 768px) 100vw, 768px\" \/><\/figure>\n\n\n\n<figure class=\"wp-block-image size-large\"><img loading=\"lazy\" decoding=\"async\" width=\"768\" height=\"1024\" data-id=\"95978\" src=\"https:\/\/www.eslebedasauto.at\/wp-content\/uploads\/2024\/07\/IMG_7823-768x1024.jpg\" alt=\"\" class=\"wp-image-95978\" srcset=\"https:\/\/www.eslebedasauto.at\/wp-content\/uploads\/2024\/07\/IMG_7823-768x1024.jpg 768w, https:\/\/www.eslebedasauto.at\/wp-content\/uploads\/2024\/07\/IMG_7823-225x300.jpg 225w, https:\/\/www.eslebedasauto.at\/wp-content\/uploads\/2024\/07\/IMG_7823-1152x1536.jpg 1152w, https:\/\/www.eslebedasauto.at\/wp-content\/uploads\/2024\/07\/IMG_7823-1536x2048.jpg 1536w, https:\/\/www.eslebedasauto.at\/wp-content\/uploads\/2024\/07\/IMG_7823-scaled.jpg 1920w\" sizes=\"(max-width: 768px) 100vw, 768px\" \/><\/figure>\n\n\n\n<figure class=\"wp-block-image size-large\"><img loading=\"lazy\" decoding=\"async\" width=\"768\" height=\"1024\" data-id=\"95976\" src=\"https:\/\/www.eslebedasauto.at\/wp-content\/uploads\/2024\/07\/IMG_7820-768x1024.jpg\" alt=\"\" class=\"wp-image-95976\" srcset=\"https:\/\/www.eslebedasauto.at\/wp-content\/uploads\/2024\/07\/IMG_7820-768x1024.jpg 768w, https:\/\/www.eslebedasauto.at\/wp-content\/uploads\/2024\/07\/IMG_7820-225x300.jpg 225w, https:\/\/www.eslebedasauto.at\/wp-content\/uploads\/2024\/07\/IMG_7820-1152x1536.jpg 1152w, https:\/\/www.eslebedasauto.at\/wp-content\/uploads\/2024\/07\/IMG_7820-1536x2048.jpg 1536w, https:\/\/www.eslebedasauto.at\/wp-content\/uploads\/2024\/07\/IMG_7820-scaled.jpg 1920w\" sizes=\"(max-width: 768px) 100vw, 768px\" \/><\/figure>\n\n\n\n<figure class=\"wp-block-image size-large\"><img loading=\"lazy\" decoding=\"async\" width=\"768\" height=\"1024\" data-id=\"95975\" src=\"https:\/\/www.eslebedasauto.at\/wp-content\/uploads\/2024\/07\/IMG_7819-768x1024.jpg\" alt=\"\" class=\"wp-image-95975\" srcset=\"https:\/\/www.eslebedasauto.at\/wp-content\/uploads\/2024\/07\/IMG_7819-768x1024.jpg 768w, https:\/\/www.eslebedasauto.at\/wp-content\/uploads\/2024\/07\/IMG_7819-225x300.jpg 225w, https:\/\/www.eslebedasauto.at\/wp-content\/uploads\/2024\/07\/IMG_7819-1152x1536.jpg 1152w, https:\/\/www.eslebedasauto.at\/wp-content\/uploads\/2024\/07\/IMG_7819-1536x2048.jpg 1536w, https:\/\/www.eslebedasauto.at\/wp-content\/uploads\/2024\/07\/IMG_7819-scaled.jpg 1920w\" sizes=\"(max-width: 768px) 100vw, 768px\" \/><\/figure>\n<\/figure>\n\n\n\n<h3 id=\"das-ergebnis-kann-sich-sehen-oder-besser-fahren-lassen\" class=\"wp-block-heading\">Das Ergebnis kann sich sehen \u2013 oder besser fahren \u2013 lassen.<\/h3>\n\n\n\n<p><strong>Optisch blieb das Grundlayout nat\u00fcrlich gleich \u2013 Reiseenduros sehen einfach so aus, <\/strong>wie sie aussehen. Dennoch, stellt man die neue neben die alte GS, wird schnell klar, dass der j\u00fcngste Spross um einiges moderner auf der Stra\u00dfe steht. Am schnellsten erkennt man die neue Generation am X-f\u00f6rmigen Tagfahrlicht. Das macht sie unverwechselbar. Der Rest ist purer BMW-GS-Style \u2013 robust und hochqualitativ.<\/p>\n\n\n\n<figure class=\"wp-block-image size-large\"><img loading=\"lazy\" decoding=\"async\" width=\"1024\" height=\"768\" src=\"https:\/\/www.eslebedasauto.at\/wp-content\/uploads\/2024\/07\/IMG_7834-1024x768.jpg\" alt=\"\" class=\"wp-image-95983\" srcset=\"https:\/\/www.eslebedasauto.at\/wp-content\/uploads\/2024\/07\/IMG_7834-1024x768.jpg 1024w, https:\/\/www.eslebedasauto.at\/wp-content\/uploads\/2024\/07\/IMG_7834-300x225.jpg 300w, https:\/\/www.eslebedasauto.at\/wp-content\/uploads\/2024\/07\/IMG_7834-768x576.jpg 768w, https:\/\/www.eslebedasauto.at\/wp-content\/uploads\/2024\/07\/IMG_7834-1536x1152.jpg 1536w, https:\/\/www.eslebedasauto.at\/wp-content\/uploads\/2024\/07\/IMG_7834-2048x1536.jpg 2048w\" sizes=\"(max-width: 1024px) 100vw, 1024px\" \/><\/figure>\n\n\n\n<h3 id=\"die-bmw-r1300-gs-geizt-nicht-mit-hochkaratigen-ausstattungsdetails\" class=\"wp-block-heading\">Die BMW R1300 GS geizt nicht mit hochkar\u00e4tigen Ausstattungsdetails.<\/h3>\n\n\n\n<p><strong>Manches erinnert ein wenig an die automobilen Geschwister aus dem Hause BMW.<\/strong> Statt bisher drei gibt es nun serienm\u00e4\u00dfig vier Fahrmodi. Zu Eco, Rain und Road gesellt sich Enduro. Das neue elektronische Dynamic Suspension Adjustment (DSA) Fahrwerk w\u00e4hlt je nach gew\u00e4hltem Fahrmodus, dem Fahrbahnzustand, sowie den anliegenden Fahrman\u00f6vern die Anpassung der D\u00e4mpfung. <\/p>\n\n\n\n<figure class=\"wp-block-image size-large\"><img loading=\"lazy\" decoding=\"async\" width=\"1024\" height=\"768\" src=\"https:\/\/www.eslebedasauto.at\/wp-content\/uploads\/2024\/07\/IMG_7855-1024x768.jpg\" alt=\"\" class=\"wp-image-95991\" srcset=\"https:\/\/www.eslebedasauto.at\/wp-content\/uploads\/2024\/07\/IMG_7855-1024x768.jpg 1024w, https:\/\/www.eslebedasauto.at\/wp-content\/uploads\/2024\/07\/IMG_7855-300x225.jpg 300w, https:\/\/www.eslebedasauto.at\/wp-content\/uploads\/2024\/07\/IMG_7855-768x576.jpg 768w, https:\/\/www.eslebedasauto.at\/wp-content\/uploads\/2024\/07\/IMG_7855-1536x1152.jpg 1536w, https:\/\/www.eslebedasauto.at\/wp-content\/uploads\/2024\/07\/IMG_7855-2048x1536.jpg 2048w\" sizes=\"(max-width: 1024px) 100vw, 1024px\" \/><\/figure>\n\n\n\n<p><strong>Wer m\u00f6chte, pimpt sich seine R1300 GS mit allen Sicherheitsfeatures auf, die momentan auf zwei R\u00e4dern zu bekommen sind: <\/strong>Abstandsregeltempomat, Spurwechselwarner und Frontkollisionswarner mit aktivem Bremseingriff seien hier erw\u00e4hnt. Weiters verf\u00fcgt die neue GS unter anderem \u00fcber eine dynamische Traktionskontrolle, ABS Pro, neue Matrix-LED-Scheinwerfer, Heizgriffe und Handprotektoren mit integrierten Blinkern, ein Smartphone-Ladefach mit USB-Steckdose und zus\u00e4tzlicher 12 V Bordspannungssteckdose. <\/p>\n\n\n\n<figure class=\"wp-block-image size-large\"><img loading=\"lazy\" decoding=\"async\" width=\"768\" height=\"1024\" src=\"https:\/\/www.eslebedasauto.at\/wp-content\/uploads\/2024\/07\/IMG_7853-768x1024.jpg\" alt=\"\" class=\"wp-image-95989\" srcset=\"https:\/\/www.eslebedasauto.at\/wp-content\/uploads\/2024\/07\/IMG_7853-768x1024.jpg 768w, https:\/\/www.eslebedasauto.at\/wp-content\/uploads\/2024\/07\/IMG_7853-225x300.jpg 225w, https:\/\/www.eslebedasauto.at\/wp-content\/uploads\/2024\/07\/IMG_7853-1152x1536.jpg 1152w, https:\/\/www.eslebedasauto.at\/wp-content\/uploads\/2024\/07\/IMG_7853-1536x2048.jpg 1536w, https:\/\/www.eslebedasauto.at\/wp-content\/uploads\/2024\/07\/IMG_7853-scaled.jpg 1920w\" sizes=\"(max-width: 768px) 100vw, 768px\" \/><\/figure>\n\n\n\n<p><strong>Gewohnt umfangreich ist das Angebot an Sonderausstattungen ab Werk<\/strong>. Es reicht vom Kurvenlicht bis zur Sitzheizung und dem besagten Assistenzpaket. Ein typisches BMW-Produkt eben. Wie bei vielen neuen Autos muss man sich allerdings auch hier im Vorfeld ein wenig mit der Bedienung besch\u00e4ftigen, damit das dann w\u00e4hrend der Fahrt auch gefahrlos abl\u00e4uft.<\/p>\n\n\n\n<h3 id=\"und-wie-fahrt-sich-die-neue-bmw-r1300-gs\" class=\"wp-block-heading\">Und wie f\u00e4hrt sich die neue BMW R1300 GS?<\/h3>\n\n\n\n<p>BMW hat das an sich schon ziemlich perfekte Grundkonzept der Maschine weiter verfeinert. Man sitzt super-bequem, nicht zu hoch mit angenehmem Kniewinkel. Gestartet wird nat\u00fcrlich keyless. Beim ersten Zupfer ist der Boxer wach \u2013 er klingt bassig souver\u00e4n. Erster Gang, die Kupplung funktioniert butterweich. Ein kurzer Blick in den R\u00fcckspiegel \u2013 dort warnt ein Lichtsignal vor Fahrzeugen im toten Winkel und los geht\u2019s. Es ist immer wieder ein Genuss mit einer BMW zu fahren \u2013 das Ganze funktioniert einfach kinderleicht. Stichwort \u201eleicht\u201c \u2013 die fehlenden zw\u00f6lf Kilo fallen durchaus auf. Oder liegt die Kurvenfreudigkeit am neuen Fahrwerk. Egal, die GS f\u00e4hrt sich einfach genussvoll.<\/p>\n\n\n\n<figure class=\"wp-block-image size-large\"><img loading=\"lazy\" decoding=\"async\" width=\"1024\" height=\"768\" src=\"https:\/\/www.eslebedasauto.at\/wp-content\/uploads\/2024\/07\/IMG_7833-1024x768.jpg\" alt=\"\" class=\"wp-image-95982\" srcset=\"https:\/\/www.eslebedasauto.at\/wp-content\/uploads\/2024\/07\/IMG_7833-1024x768.jpg 1024w, https:\/\/www.eslebedasauto.at\/wp-content\/uploads\/2024\/07\/IMG_7833-300x225.jpg 300w, https:\/\/www.eslebedasauto.at\/wp-content\/uploads\/2024\/07\/IMG_7833-768x576.jpg 768w, https:\/\/www.eslebedasauto.at\/wp-content\/uploads\/2024\/07\/IMG_7833-1536x1152.jpg 1536w, https:\/\/www.eslebedasauto.at\/wp-content\/uploads\/2024\/07\/IMG_7833-2048x1536.jpg 2048w\" sizes=\"(max-width: 1024px) 100vw, 1024px\" \/><\/figure>\n\n\n\n<p><strong>Der starke Boxer liefert bei jeder Gelegenheit s\u00e4mige Kraft von unten raus.<\/strong> Wirkt fast schon sportlich, was BMW da auf die Stra\u00dfe gestellt hat. Da kommt definitiv Lust auf l\u00e4ngere Reisen auf. Die Assistenzsysteme funktionieren auch recht gut \u2013 dr\u00e4ngen sich nie auf oder st\u00f6ren. Sehr angenehm der radar-gest\u00fctzte Abstandsregeltempomat, der direkt aus den BMW-Automobilen zu kommen scheint und auch hier klaglos seinen Dienst verrichtet. Der Komfort ist perfekt auf die gro\u00dfe Reise ausgelegt. Da darf man auch eine Sozia und viel Gep\u00e4ck mitnehmen, ohne dass die Maschine in die Knie geht<\/p>\n\n\n\n<figure class=\"wp-block-image size-large\"><img loading=\"lazy\" decoding=\"async\" width=\"768\" height=\"1024\" src=\"https:\/\/www.eslebedasauto.at\/wp-content\/uploads\/2024\/07\/IMG_7808-768x1024.jpg\" alt=\"\" class=\"wp-image-95972\" srcset=\"https:\/\/www.eslebedasauto.at\/wp-content\/uploads\/2024\/07\/IMG_7808-768x1024.jpg 768w, https:\/\/www.eslebedasauto.at\/wp-content\/uploads\/2024\/07\/IMG_7808-225x300.jpg 225w, https:\/\/www.eslebedasauto.at\/wp-content\/uploads\/2024\/07\/IMG_7808-1152x1536.jpg 1152w, https:\/\/www.eslebedasauto.at\/wp-content\/uploads\/2024\/07\/IMG_7808-1536x2048.jpg 1536w, https:\/\/www.eslebedasauto.at\/wp-content\/uploads\/2024\/07\/IMG_7808-scaled.jpg 1920w\" sizes=\"(max-width: 768px) 100vw, 768px\" \/><\/figure>\n\n\n\n<h3 id=\"unterm-strich\" class=\"wp-block-heading\">Unterm Strich<\/h3>\n\n\n\n<p>BMW hat die neue R1300 GS mit viel Hirnschmalz weiter entwickelt und das Kunstst\u00fcck zuwege gebracht, das neue Modell st\u00e4rker, leichter aber trotzdem umfangreicher ausgestattet zu machen. Wie von BMW gewohnt, l\u00e4sst sich auch das neue Modell kinderleicht fahren, was auch Neu- oder Wiedereinsteiger unter den Motorradfahrern ansprechen wird. Wer m\u00f6chte reist damit ans Ende der Welt oder f\u00e4hrt einfach t\u00e4glich damit ohne Stau in die Arbeit. Ah ja, bevor wir es vergessen: Auch zweir\u00e4drige BMWs erfordern h\u00f6here finanzielle Ausgaben \u2013 die neue BMW R1300 GS startet preislich bei 21.990 Euro<\/p>","protected":false},"excerpt":{"rendered":"<p>Wer m\u00f6chte reist mit der neuen BMW Enduro ans Ende der Welt oder f\u00e4hrt einfach t\u00e4glich damit ohne Stau in die Arbeit. Geht alles.<\/p>","protected":false},"author":2,"featured_media":95993,"comment_status":"open","ping_status":"open","sticky":false,"template":"","format":"standard","meta":{"neve_meta_sidebar":"","neve_meta_container":"","neve_meta_enable_content_width":"","neve_meta_content_width":0,"neve_meta_title_alignment":"","neve_meta_author_avatar":"","neve_post_elements_order":"","neve_meta_disable_header":"","neve_meta_disable_footer":"","neve_meta_disable_title":"","neve_meta_reading_time":"","footnotes":""},"categories":[335,595],"tags":[],"class_list":["post-95970","post","type-post","status-publish","format-standard","has-post-thumbnail","hentry","category-fahrberichte","category-motorrad"],"yoast_head":"<!-- This site is optimized with the Yoast SEO plugin v26.8 - https:\/\/yoast.com\/product\/yoast-seo-wordpress\/ -->\n<title>BMW R1300 GS \u2013 Jetzt leichter und st\u00e4rker - Es lebe das Auto<\/title>\n<meta name=\"robots\" content=\"index, follow, max-snippet:-1, max-image-preview:large, max-video-preview:-1\" \/>\n<link rel=\"canonical\" href=\"https:\/\/www.eslebedasauto.at\/en\/bmw-r1300-gs-jetzt-leichter-und-staerker\/\" \/>\n<meta property=\"og:locale\" content=\"en_GB\" \/>\n<meta property=\"og:type\" content=\"article\" \/>\n<meta property=\"og:title\" content=\"BMW R1300 GS \u2013 Jetzt leichter und st\u00e4rker - Es lebe das Auto\" \/>\n<meta property=\"og:description\" content=\"Wer m\u00f6chte reist mit der neuen BMW Enduro ans Ende der Welt oder f\u00e4hrt einfach t\u00e4glich damit ohne Stau in die Arbeit. Geht alles.\" \/>\n<meta property=\"og:url\" content=\"https:\/\/www.eslebedasauto.at\/en\/bmw-r1300-gs-jetzt-leichter-und-staerker\/\" \/>\n<meta property=\"og:site_name\" content=\"Es lebe das Auto\" \/>\n<meta property=\"article:publisher\" content=\"https:\/\/www.facebook.com\/eslebedasauto.at\" \/>\n<meta property=\"article:published_time\" content=\"2024-07-20T16:15:03+00:00\" \/>\n<meta property=\"article:modified_time\" content=\"2024-07-20T16:31:07+00:00\" \/>\n<meta property=\"og:image\" content=\"https:\/\/www.eslebedasauto.at\/wp-content\/uploads\/2024\/07\/IMG_7857-scaled.jpg\" \/>\n\t<meta property=\"og:image:width\" content=\"2560\" \/>\n\t<meta property=\"og:image:height\" content=\"1920\" \/>\n\t<meta property=\"og:image:type\" content=\"image\/jpeg\" \/>\n<meta name=\"author\" content=\"gerhard\" \/>\n<meta name=\"twitter:card\" content=\"summary_large_image\" \/>\n<meta name=\"twitter:label1\" content=\"Written by\" \/>\n\t<meta name=\"twitter:data1\" content=\"gerhard\" \/>\n\t<meta name=\"twitter:label2\" content=\"Estimated reading time\" \/>\n\t<meta name=\"twitter:data2\" content=\"7 minutes\" \/>\n<script type=\"application\/ld+json\" class=\"yoast-schema-graph\">{\"@context\":\"https:\/\/schema.org\",\"@graph\":[{\"@type\":\"Article\",\"@id\":\"https:\/\/www.eslebedasauto.at\/bmw-r1300-gs-jetzt-leichter-und-staerker\/#article\",\"isPartOf\":{\"@id\":\"https:\/\/www.eslebedasauto.at\/bmw-r1300-gs-jetzt-leichter-und-staerker\/\"},\"author\":{\"name\":\"gerhard\",\"@id\":\"https:\/\/www.eslebedasauto.at\/#\/schema\/person\/fb81218b0bed500d225ff518f9f17033\"},\"headline\":\"BMW R1300 GS \u2013 Jetzt leichter und st\u00e4rker\",\"datePublished\":\"2024-07-20T16:15:03+00:00\",\"dateModified\":\"2024-07-20T16:31:07+00:00\",\"mainEntityOfPage\":{\"@id\":\"https:\/\/www.eslebedasauto.at\/bmw-r1300-gs-jetzt-leichter-und-staerker\/\"},\"wordCount\":700,\"commentCount\":0,\"publisher\":{\"@id\":\"https:\/\/www.eslebedasauto.at\/#organization\"},\"image\":{\"@id\":\"https:\/\/www.eslebedasauto.at\/bmw-r1300-gs-jetzt-leichter-und-staerker\/#primaryimage\"},\"thumbnailUrl\":\"https:\/\/www.eslebedasauto.at\/wp-content\/uploads\/2024\/07\/IMG_7857-scaled.jpg\",\"articleSection\":[\"Fahrberichte\",\"Motorrad\"],\"inLanguage\":\"en-GB\",\"potentialAction\":[{\"@type\":\"CommentAction\",\"name\":\"Comment\",\"target\":[\"https:\/\/www.eslebedasauto.at\/bmw-r1300-gs-jetzt-leichter-und-staerker\/#respond\"]}]},{\"@type\":\"WebPage\",\"@id\":\"https:\/\/www.eslebedasauto.at\/bmw-r1300-gs-jetzt-leichter-und-staerker\/\",\"url\":\"https:\/\/www.eslebedasauto.at\/bmw-r1300-gs-jetzt-leichter-und-staerker\/\",\"name\":\"BMW R1300 GS \u2013 Jetzt leichter und st\u00e4rker - Es lebe das Auto\",\"isPartOf\":{\"@id\":\"https:\/\/www.eslebedasauto.at\/#website\"},\"primaryImageOfPage\":{\"@id\":\"https:\/\/www.eslebedasauto.at\/bmw-r1300-gs-jetzt-leichter-und-staerker\/#primaryimage\"},\"image\":{\"@id\":\"https:\/\/www.eslebedasauto.at\/bmw-r1300-gs-jetzt-leichter-und-staerker\/#primaryimage\"},\"thumbnailUrl\":\"https:\/\/www.eslebedasauto.at\/wp-content\/uploads\/2024\/07\/IMG_7857-scaled.jpg\",\"datePublished\":\"2024-07-20T16:15:03+00:00\",\"dateModified\":\"2024-07-20T16:31:07+00:00\",\"breadcrumb\":{\"@id\":\"https:\/\/www.eslebedasauto.at\/bmw-r1300-gs-jetzt-leichter-und-staerker\/#breadcrumb\"},\"inLanguage\":\"en-GB\",\"potentialAction\":[{\"@type\":\"ReadAction\",\"target\":[\"https:\/\/www.eslebedasauto.at\/bmw-r1300-gs-jetzt-leichter-und-staerker\/\"]}]},{\"@type\":\"ImageObject\",\"inLanguage\":\"en-GB\",\"@id\":\"https:\/\/www.eslebedasauto.at\/bmw-r1300-gs-jetzt-leichter-und-staerker\/#primaryimage\",\"url\":\"https:\/\/www.eslebedasauto.at\/wp-content\/uploads\/2024\/07\/IMG_7857-scaled.jpg\",\"contentUrl\":\"https:\/\/www.eslebedasauto.at\/wp-content\/uploads\/2024\/07\/IMG_7857-scaled.jpg\",\"width\":2560,\"height\":1920},{\"@type\":\"BreadcrumbList\",\"@id\":\"https:\/\/www.eslebedasauto.at\/bmw-r1300-gs-jetzt-leichter-und-staerker\/#breadcrumb\",\"itemListElement\":[{\"@type\":\"ListItem\",\"position\":1,\"name\":\"Startseite\",\"item\":\"https:\/\/www.eslebedasauto.at\/\"},{\"@type\":\"ListItem\",\"position\":2,\"name\":\"BMW R1300 GS \u2013 Jetzt leichter und st\u00e4rker\"}]},{\"@type\":\"WebSite\",\"@id\":\"https:\/\/www.eslebedasauto.at\/#website\",\"url\":\"https:\/\/www.eslebedasauto.at\/\",\"name\":\"Es lebe das Auto\",\"description\":\"ein Hoch auf den Individualverkehr\",\"publisher\":{\"@id\":\"https:\/\/www.eslebedasauto.at\/#organization\"},\"potentialAction\":[{\"@type\":\"SearchAction\",\"target\":{\"@type\":\"EntryPoint\",\"urlTemplate\":\"https:\/\/www.eslebedasauto.at\/?s={search_term_string}\"},\"query-input\":{\"@type\":\"PropertyValueSpecification\",\"valueRequired\":true,\"valueName\":\"search_term_string\"}}],\"inLanguage\":\"en-GB\"},{\"@type\":\"Organization\",\"@id\":\"https:\/\/www.eslebedasauto.at\/#organization\",\"name\":\"eslebedasauto\",\"url\":\"https:\/\/www.eslebedasauto.at\/\",\"logo\":{\"@type\":\"ImageObject\",\"inLanguage\":\"en-GB\",\"@id\":\"https:\/\/www.eslebedasauto.at\/#\/schema\/logo\/image\/\",\"url\":\"https:\/\/www.eslebedasauto.at\/wp-content\/uploads\/2025\/10\/eldarund.png\",\"contentUrl\":\"https:\/\/www.eslebedasauto.at\/wp-content\/uploads\/2025\/10\/eldarund.png\",\"width\":1024,\"height\":1024,\"caption\":\"eslebedasauto\"},\"image\":{\"@id\":\"https:\/\/www.eslebedasauto.at\/#\/schema\/logo\/image\/\"},\"sameAs\":[\"https:\/\/www.facebook.com\/eslebedasauto.at\",\"https:\/\/www.instagram.com\/es_lebe_das_auto\/\"]},{\"@type\":\"Person\",\"@id\":\"https:\/\/www.eslebedasauto.at\/#\/schema\/person\/fb81218b0bed500d225ff518f9f17033\",\"name\":\"gerhard\",\"url\":\"https:\/\/www.eslebedasauto.at\/en\/author\/gerhard\/\"}]}<\/script>\n<!-- \/ Yoast SEO plugin. -->","yoast_head_json":{"title":"BMW R1300 GS \u2013 Jetzt leichter und st\u00e4rker - Es lebe das Auto","robots":{"index":"index","follow":"follow","max-snippet":"max-snippet:-1","max-image-preview":"max-image-preview:large","max-video-preview":"max-video-preview:-1"},"canonical":"https:\/\/www.eslebedasauto.at\/en\/bmw-r1300-gs-jetzt-leichter-und-staerker\/","og_locale":"en_GB","og_type":"article","og_title":"BMW R1300 GS \u2013 Jetzt leichter und st\u00e4rker - Es lebe das Auto","og_description":"Wer m\u00f6chte reist mit der neuen BMW Enduro ans Ende der Welt oder f\u00e4hrt einfach t\u00e4glich damit ohne Stau in die Arbeit. Geht alles.","og_url":"https:\/\/www.eslebedasauto.at\/en\/bmw-r1300-gs-jetzt-leichter-und-staerker\/","og_site_name":"Es lebe das Auto","article_publisher":"https:\/\/www.facebook.com\/eslebedasauto.at","article_published_time":"2024-07-20T16:15:03+00:00","article_modified_time":"2024-07-20T16:31:07+00:00","og_image":[{"width":2560,"height":1920,"url":"https:\/\/www.eslebedasauto.at\/wp-content\/uploads\/2024\/07\/IMG_7857-scaled.jpg","type":"image\/jpeg"}],"author":"gerhard","twitter_card":"summary_large_image","twitter_misc":{"Written by":"gerhard","Estimated reading time":"7 minutes"},"schema":{"@context":"https:\/\/schema.org","@graph":[{"@type":"Article","@id":"https:\/\/www.eslebedasauto.at\/bmw-r1300-gs-jetzt-leichter-und-staerker\/#article","isPartOf":{"@id":"https:\/\/www.eslebedasauto.at\/bmw-r1300-gs-jetzt-leichter-und-staerker\/"},"author":{"name":"gerhard","@id":"https:\/\/www.eslebedasauto.at\/#\/schema\/person\/fb81218b0bed500d225ff518f9f17033"},"headline":"BMW R1300 GS \u2013 Jetzt leichter und st\u00e4rker","datePublished":"2024-07-20T16:15:03+00:00","dateModified":"2024-07-20T16:31:07+00:00","mainEntityOfPage":{"@id":"https:\/\/www.eslebedasauto.at\/bmw-r1300-gs-jetzt-leichter-und-staerker\/"},"wordCount":700,"commentCount":0,"publisher":{"@id":"https:\/\/www.eslebedasauto.at\/#organization"},"image":{"@id":"https:\/\/www.eslebedasauto.at\/bmw-r1300-gs-jetzt-leichter-und-staerker\/#primaryimage"},"thumbnailUrl":"https:\/\/www.eslebedasauto.at\/wp-content\/uploads\/2024\/07\/IMG_7857-scaled.jpg","articleSection":["Fahrberichte","Motorrad"],"inLanguage":"en-GB","potentialAction":[{"@type":"CommentAction","name":"Comment","target":["https:\/\/www.eslebedasauto.at\/bmw-r1300-gs-jetzt-leichter-und-staerker\/#respond"]}]},{"@type":"WebPage","@id":"https:\/\/www.eslebedasauto.at\/bmw-r1300-gs-jetzt-leichter-und-staerker\/","url":"https:\/\/www.eslebedasauto.at\/bmw-r1300-gs-jetzt-leichter-und-staerker\/","name":"BMW R1300 GS \u2013 Jetzt leichter und st\u00e4rker - Es lebe das Auto","isPartOf":{"@id":"https:\/\/www.eslebedasauto.at\/#website"},"primaryImageOfPage":{"@id":"https:\/\/www.eslebedasauto.at\/bmw-r1300-gs-jetzt-leichter-und-staerker\/#primaryimage"},"image":{"@id":"https:\/\/www.eslebedasauto.at\/bmw-r1300-gs-jetzt-leichter-und-staerker\/#primaryimage"},"thumbnailUrl":"https:\/\/www.eslebedasauto.at\/wp-content\/uploads\/2024\/07\/IMG_7857-scaled.jpg","datePublished":"2024-07-20T16:15:03+00:00","dateModified":"2024-07-20T16:31:07+00:00","breadcrumb":{"@id":"https:\/\/www.eslebedasauto.at\/bmw-r1300-gs-jetzt-leichter-und-staerker\/#breadcrumb"},"inLanguage":"en-GB","potentialAction":[{"@type":"ReadAction","target":["https:\/\/www.eslebedasauto.at\/bmw-r1300-gs-jetzt-leichter-und-staerker\/"]}]},{"@type":"ImageObject","inLanguage":"en-GB","@id":"https:\/\/www.eslebedasauto.at\/bmw-r1300-gs-jetzt-leichter-und-staerker\/#primaryimage","url":"https:\/\/www.eslebedasauto.at\/wp-content\/uploads\/2024\/07\/IMG_7857-scaled.jpg","contentUrl":"https:\/\/www.eslebedasauto.at\/wp-content\/uploads\/2024\/07\/IMG_7857-scaled.jpg","width":2560,"height":1920},{"@type":"BreadcrumbList","@id":"https:\/\/www.eslebedasauto.at\/bmw-r1300-gs-jetzt-leichter-und-staerker\/#breadcrumb","itemListElement":[{"@type":"ListItem","position":1,"name":"Startseite","item":"https:\/\/www.eslebedasauto.at\/"},{"@type":"ListItem","position":2,"name":"BMW R1300 GS \u2013 Jetzt leichter und st\u00e4rker"}]},{"@type":"WebSite","@id":"https:\/\/www.eslebedasauto.at\/#website","url":"https:\/\/www.eslebedasauto.at\/","name":"Es lebe das Auto","description":"ein Hoch auf den Individualverkehr","publisher":{"@id":"https:\/\/www.eslebedasauto.at\/#organization"},"potentialAction":[{"@type":"SearchAction","target":{"@type":"EntryPoint","urlTemplate":"https:\/\/www.eslebedasauto.at\/?s={search_term_string}"},"query-input":{"@type":"PropertyValueSpecification","valueRequired":true,"valueName":"search_term_string"}}],"inLanguage":"en-GB"},{"@type":"Organization","@id":"https:\/\/www.eslebedasauto.at\/#organization","name":"eslebedasauto","url":"https:\/\/www.eslebedasauto.at\/","logo":{"@type":"ImageObject","inLanguage":"en-GB","@id":"https:\/\/www.eslebedasauto.at\/#\/schema\/logo\/image\/","url":"https:\/\/www.eslebedasauto.at\/wp-content\/uploads\/2025\/10\/eldarund.png","contentUrl":"https:\/\/www.eslebedasauto.at\/wp-content\/uploads\/2025\/10\/eldarund.png","width":1024,"height":1024,"caption":"eslebedasauto"},"image":{"@id":"https:\/\/www.eslebedasauto.at\/#\/schema\/logo\/image\/"},"sameAs":["https:\/\/www.facebook.com\/eslebedasauto.at","https:\/\/www.instagram.com\/es_lebe_das_auto\/"]},{"@type":"Person","@id":"https:\/\/www.eslebedasauto.at\/#\/schema\/person\/fb81218b0bed500d225ff518f9f17033","name":"gerhard","url":"https:\/\/www.eslebedasauto.at\/en\/author\/gerhard\/"}]}},"_links":{"self":[{"href":"https:\/\/www.eslebedasauto.at\/en\/wp-json\/wp\/v2\/posts\/95970","targetHints":{"allow":["GET"]}}],"collection":[{"href":"https:\/\/www.eslebedasauto.at\/en\/wp-json\/wp\/v2\/posts"}],"about":[{"href":"https:\/\/www.eslebedasauto.at\/en\/wp-json\/wp\/v2\/types\/post"}],"author":[{"embeddable":true,"href":"https:\/\/www.eslebedasauto.at\/en\/wp-json\/wp\/v2\/users\/2"}],"replies":[{"embeddable":true,"href":"https:\/\/www.eslebedasauto.at\/en\/wp-json\/wp\/v2\/comments?post=95970"}],"version-history":[{"count":7,"href":"https:\/\/www.eslebedasauto.at\/en\/wp-json\/wp\/v2\/posts\/95970\/revisions"}],"predecessor-version":[{"id":96004,"href":"https:\/\/www.eslebedasauto.at\/en\/wp-json\/wp\/v2\/posts\/95970\/revisions\/96004"}],"wp:featuredmedia":[{"embeddable":true,"href":"https:\/\/www.eslebedasauto.at\/en\/wp-json\/wp\/v2\/media\/95993"}],"wp:attachment":[{"href":"https:\/\/www.eslebedasauto.at\/en\/wp-json\/wp\/v2\/media?parent=95970"}],"wp:term":[{"taxonomy":"category","embeddable":true,"href":"https:\/\/www.eslebedasauto.at\/en\/wp-json\/wp\/v2\/categories?post=95970"},{"taxonomy":"post_tag","embeddable":true,"href":"https:\/\/www.eslebedasauto.at\/en\/wp-json\/wp\/v2\/tags?post=95970"}],"curies":[{"name":"wp","href":"https:\/\/api.w.org\/{rel}","templated":true}]}}