{"id":95727,"date":"2024-06-21T10:47:54","date_gmt":"2024-06-21T08:47:54","guid":{"rendered":"https:\/\/www.eslebedasauto.at\/?p=95727"},"modified":"2024-06-21T10:47:55","modified_gmt":"2024-06-21T08:47:55","slug":"toyota-yaris-hybrid-test","status":"publish","type":"post","link":"https:\/\/www.eslebedasauto.at\/en\/toyota-yaris-hybrid-test\/","title":{"rendered":"Toyota Yaris Hybrid &#8211; Der Stimmungsverst\u00e4rker"},"content":{"rendered":"<h2 id=\"neben-der-bekannten-116-ps-version-des-toyota-yaris-gibt-es-ab-sofort-auch-eine-variante-mit-130-ps-wir-waren-damit-unterwegs\" class=\"wp-block-heading\">Neben der bekannten 116-PS-Version des Toyota Yaris gibt es ab sofort auch eine Variante mit 130 PS. Wir waren damit unterwegs.<\/h2>\n\n\n\n<figure class=\"wp-block-image size-large\"><img fetchpriority=\"high\" decoding=\"async\" width=\"1024\" height=\"768\" src=\"https:\/\/www.eslebedasauto.at\/wp-content\/uploads\/2024\/06\/IMG_7768-1024x768.jpeg\" alt=\"\" class=\"wp-image-95714\" srcset=\"https:\/\/www.eslebedasauto.at\/wp-content\/uploads\/2024\/06\/IMG_7768-1024x768.jpeg 1024w, https:\/\/www.eslebedasauto.at\/wp-content\/uploads\/2024\/06\/IMG_7768-300x225.jpeg 300w, https:\/\/www.eslebedasauto.at\/wp-content\/uploads\/2024\/06\/IMG_7768-768x576.jpeg 768w, https:\/\/www.eslebedasauto.at\/wp-content\/uploads\/2024\/06\/IMG_7768-1536x1152.jpeg 1536w, https:\/\/www.eslebedasauto.at\/wp-content\/uploads\/2024\/06\/IMG_7768-800x600.jpeg 800w, https:\/\/www.eslebedasauto.at\/wp-content\/uploads\/2024\/06\/IMG_7768-1160x870.jpeg 1160w, https:\/\/www.eslebedasauto.at\/wp-content\/uploads\/2024\/06\/IMG_7768.jpeg 2048w\" sizes=\"(max-width: 1024px) 100vw, 1024px\" \/><\/figure>\n\n\n\n<p>Optisch gibt\u00b4s nicht viel zu erz\u00e4hlen. Den Toyota Yaris kennt man einfach &#8211; er verkauft sich blendend und ist demensprechend pr\u00e4sent im Stra\u00dfenbild. Der Kleinwagen steht f\u00fcr den neuen dynamischen Spirit der Marke Toyota. Er wirkt mit seiner breiten Spur und den knackig-kurzen \u00dcberh\u00e4ngen bullig und sportlich.<\/p>\n\n\n\n<figure class=\"wp-block-image size-large\"><img decoding=\"async\" width=\"1024\" height=\"768\" src=\"https:\/\/www.eslebedasauto.at\/wp-content\/uploads\/2024\/06\/IMG_7770-1024x768.jpeg\" alt=\"\" class=\"wp-image-95716\" srcset=\"https:\/\/www.eslebedasauto.at\/wp-content\/uploads\/2024\/06\/IMG_7770-1024x768.jpeg 1024w, https:\/\/www.eslebedasauto.at\/wp-content\/uploads\/2024\/06\/IMG_7770-300x225.jpeg 300w, https:\/\/www.eslebedasauto.at\/wp-content\/uploads\/2024\/06\/IMG_7770-768x576.jpeg 768w, https:\/\/www.eslebedasauto.at\/wp-content\/uploads\/2024\/06\/IMG_7770-1536x1152.jpeg 1536w, https:\/\/www.eslebedasauto.at\/wp-content\/uploads\/2024\/06\/IMG_7770-800x600.jpeg 800w, https:\/\/www.eslebedasauto.at\/wp-content\/uploads\/2024\/06\/IMG_7770-1160x870.jpeg 1160w, https:\/\/www.eslebedasauto.at\/wp-content\/uploads\/2024\/06\/IMG_7770.jpeg 2048w\" sizes=\"(max-width: 1024px) 100vw, 1024px\" \/><\/figure>\n\n\n\n<h3 id=\"die-verjungungskur-erstreckt-sich-auf-antrieb-sicherheit-und-design-im-innenraum\" class=\"wp-block-heading\">Die Verj\u00fcngungskur erstreckt sich auf Antrieb, Sicherheit und Design im Innenraum. <\/h3>\n\n\n\n<p>Die neue Generation hat sich optisch so gut wie gar nicht ver\u00e4ndert &#8211; war auch nix notwendig, der kleine Hybrid steht noch immer frisch und knackig auf der Stra\u00dfe. Unterm Blech und im Innenraum hat sich aber schon einiges getan.<\/p>\n\n\n\n<figure class=\"wp-block-image size-large\"><img decoding=\"async\" width=\"1024\" height=\"768\" src=\"https:\/\/www.eslebedasauto.at\/wp-content\/uploads\/2024\/06\/IMG_7769-1024x768.jpeg\" alt=\"\" class=\"wp-image-95715\" srcset=\"https:\/\/www.eslebedasauto.at\/wp-content\/uploads\/2024\/06\/IMG_7769-1024x768.jpeg 1024w, https:\/\/www.eslebedasauto.at\/wp-content\/uploads\/2024\/06\/IMG_7769-300x225.jpeg 300w, https:\/\/www.eslebedasauto.at\/wp-content\/uploads\/2024\/06\/IMG_7769-768x576.jpeg 768w, https:\/\/www.eslebedasauto.at\/wp-content\/uploads\/2024\/06\/IMG_7769-1536x1152.jpeg 1536w, https:\/\/www.eslebedasauto.at\/wp-content\/uploads\/2024\/06\/IMG_7769-800x600.jpeg 800w, https:\/\/www.eslebedasauto.at\/wp-content\/uploads\/2024\/06\/IMG_7769-1160x870.jpeg 1160w, https:\/\/www.eslebedasauto.at\/wp-content\/uploads\/2024\/06\/IMG_7769.jpeg 2048w\" sizes=\"(max-width: 1024px) 100vw, 1024px\" \/><\/figure>\n\n\n\n<p><strong>Dazugekommen sind jetzt ein paar Pferde unter der Haube. <\/strong>Die neue, von uns getestete Variante leistet 130 PS (96 kW), sie sch\u00f6pft ihre zus\u00e4tzliche Kraft aus einem etwas st\u00e4rkeren Elektromotor mit 62 kW (84 PS). Der Dreizylinder-Verbrenner ist der alte geblieben. Dieser unter dem Strich zw\u00f6lfprozentige Leistungszuwachs sorgt f\u00fcr eine bessere Beschleunigung und satteren Durchzug. <\/p>\n\n\n\n<figure class=\"wp-block-image size-large\"><img loading=\"lazy\" decoding=\"async\" width=\"1024\" height=\"768\" src=\"https:\/\/www.eslebedasauto.at\/wp-content\/uploads\/2024\/06\/IMG_7774-1024x768.jpeg\" alt=\"\" class=\"wp-image-95720\" srcset=\"https:\/\/www.eslebedasauto.at\/wp-content\/uploads\/2024\/06\/IMG_7774-1024x768.jpeg 1024w, https:\/\/www.eslebedasauto.at\/wp-content\/uploads\/2024\/06\/IMG_7774-300x225.jpeg 300w, https:\/\/www.eslebedasauto.at\/wp-content\/uploads\/2024\/06\/IMG_7774-768x576.jpeg 768w, https:\/\/www.eslebedasauto.at\/wp-content\/uploads\/2024\/06\/IMG_7774-1536x1152.jpeg 1536w, https:\/\/www.eslebedasauto.at\/wp-content\/uploads\/2024\/06\/IMG_7774-800x600.jpeg 800w, https:\/\/www.eslebedasauto.at\/wp-content\/uploads\/2024\/06\/IMG_7774-1160x870.jpeg 1160w, https:\/\/www.eslebedasauto.at\/wp-content\/uploads\/2024\/06\/IMG_7774.jpeg 2048w\" sizes=\"(max-width: 1024px) 100vw, 1024px\" \/><\/figure>\n\n\n\n<p>Ebenfalls gleich geblieben ist das CVT-Getriebe und seine Eigenheiten, welches bei Toyotas Hybridfahrzeugen ja Tradition hat. Sein Vorteil liegt definitiv im Effizienzbereich. Zusammen mit der Hybrid-Kombi sorgt es f\u00fcr Durchschnittsverbr\u00e4uche von rund f\u00fcnf Litern &#8211; in der Stadt deutlich weniger. Die Kehrseite der Medaille ist allerdings, dass man sich auf dieses Getriebe ein wenig einstellen sollte. <\/p>\n\n\n\n<figure class=\"wp-block-image size-large\"><img loading=\"lazy\" decoding=\"async\" width=\"1024\" height=\"768\" src=\"https:\/\/www.eslebedasauto.at\/wp-content\/uploads\/2024\/06\/IMG_7773-1024x768.jpeg\" alt=\"\" class=\"wp-image-95719\" srcset=\"https:\/\/www.eslebedasauto.at\/wp-content\/uploads\/2024\/06\/IMG_7773-1024x768.jpeg 1024w, https:\/\/www.eslebedasauto.at\/wp-content\/uploads\/2024\/06\/IMG_7773-300x225.jpeg 300w, https:\/\/www.eslebedasauto.at\/wp-content\/uploads\/2024\/06\/IMG_7773-768x576.jpeg 768w, https:\/\/www.eslebedasauto.at\/wp-content\/uploads\/2024\/06\/IMG_7773-1536x1152.jpeg 1536w, https:\/\/www.eslebedasauto.at\/wp-content\/uploads\/2024\/06\/IMG_7773-800x600.jpeg 800w, https:\/\/www.eslebedasauto.at\/wp-content\/uploads\/2024\/06\/IMG_7773-1160x870.jpeg 1160w, https:\/\/www.eslebedasauto.at\/wp-content\/uploads\/2024\/06\/IMG_7773.jpeg 2048w\" sizes=\"(max-width: 1024px) 100vw, 1024px\" \/><\/figure>\n\n\n\n<h3 id=\"entspannt-oder-gestresst-hier-kommt-es-vor-allem-auf-den-fahrer-an-wie-sich-die-antriebseinheit-des-toyota-yaris-gebardet\" class=\"wp-block-heading\">Entspannt oder gestresst &#8211; hier kommt es vor allem auf den Fahrer an, wie sich die Antriebseinheit des Toyota Yaris geb\u00e4rdet.<\/h3>\n\n\n\n<p>An entspannten Tagen, gibt es wenig angenehmeres, als mit dem Toyota Yaris durch die Gegend zu cruisen. Die Drehzahl bleibt entweder im Keller oder f\u00e4llt v\u00f6llig auf Null, weil eben nur der Elektromotor arbeitet. Hat man allerdings Stress und will m\u00f6glichst schnell von A nach B kommen, schl\u00e4gt sich das leider auf die Ohren. Dann heult der Antrieb systembedingt hoch und es ist aus mit der angenehmen Stille. Es geht zwar ganz ordentlich voran, nur wer mit einem Yaris wirklich schnell sein will, sollte eventuell zur GR-Version greifen.<\/p>\n\n\n\n<figure class=\"wp-block-image size-large\"><img loading=\"lazy\" decoding=\"async\" width=\"1024\" height=\"768\" src=\"https:\/\/www.eslebedasauto.at\/wp-content\/uploads\/2024\/06\/IMG_7771-1024x768.jpeg\" alt=\"\" class=\"wp-image-95717\" srcset=\"https:\/\/www.eslebedasauto.at\/wp-content\/uploads\/2024\/06\/IMG_7771-1024x768.jpeg 1024w, https:\/\/www.eslebedasauto.at\/wp-content\/uploads\/2024\/06\/IMG_7771-300x225.jpeg 300w, https:\/\/www.eslebedasauto.at\/wp-content\/uploads\/2024\/06\/IMG_7771-768x576.jpeg 768w, https:\/\/www.eslebedasauto.at\/wp-content\/uploads\/2024\/06\/IMG_7771-1536x1152.jpeg 1536w, https:\/\/www.eslebedasauto.at\/wp-content\/uploads\/2024\/06\/IMG_7771-800x600.jpeg 800w, https:\/\/www.eslebedasauto.at\/wp-content\/uploads\/2024\/06\/IMG_7771-1160x870.jpeg 1160w, https:\/\/www.eslebedasauto.at\/wp-content\/uploads\/2024\/06\/IMG_7771.jpeg 2048w\" sizes=\"(max-width: 1024px) 100vw, 1024px\" \/><\/figure>\n\n\n\n<h3 id=\"der-toyota-yaris-hybrid-erzieht-seinen-fahrer-definitiv-zu-einer-effizienteren-und-auch-defensiven-fahrweise-eigentlich-ein-sehr-positiver-effekt\" class=\"wp-block-heading\">Der Toyota Yaris Hybrid erzieht seinen Fahrer definitiv zu einer effizienteren und auch defensiven Fahrweise &#8211; eigentlich ein sehr positiver Effekt.<\/h3>\n\n\n\n<p>Fahrdynamisch beeindruckt der Toyota Yaris mit einem sehr gut abgestimmten Fahrwerk, welches einerseits genug Komfort bietet, uns aber dennoch bei flotteren Kurvenfahrten nicht im Stich l\u00e4sst. Die pr\u00e4zise Lenkung steht dem in nichts nach.<\/p>\n\n\n\n<figure class=\"wp-block-gallery has-nested-images columns-default is-cropped wp-block-gallery-1 is-layout-flex wp-block-gallery-is-layout-flex\">\n<figure class=\"wp-block-image size-large\"><img loading=\"lazy\" decoding=\"async\" width=\"1024\" height=\"768\" data-id=\"95725\" src=\"https:\/\/www.eslebedasauto.at\/wp-content\/uploads\/2024\/06\/IMG_7780-1024x768.jpeg\" alt=\"\" class=\"wp-image-95725\" srcset=\"https:\/\/www.eslebedasauto.at\/wp-content\/uploads\/2024\/06\/IMG_7780-1024x768.jpeg 1024w, https:\/\/www.eslebedasauto.at\/wp-content\/uploads\/2024\/06\/IMG_7780-300x225.jpeg 300w, https:\/\/www.eslebedasauto.at\/wp-content\/uploads\/2024\/06\/IMG_7780-768x576.jpeg 768w, https:\/\/www.eslebedasauto.at\/wp-content\/uploads\/2024\/06\/IMG_7780-1536x1152.jpeg 1536w, https:\/\/www.eslebedasauto.at\/wp-content\/uploads\/2024\/06\/IMG_7780-800x600.jpeg 800w, https:\/\/www.eslebedasauto.at\/wp-content\/uploads\/2024\/06\/IMG_7780-1160x870.jpeg 1160w, https:\/\/www.eslebedasauto.at\/wp-content\/uploads\/2024\/06\/IMG_7780.jpeg 2048w\" sizes=\"(max-width: 1024px) 100vw, 1024px\" \/><\/figure>\n\n\n\n<figure class=\"wp-block-image size-large\"><img loading=\"lazy\" decoding=\"async\" width=\"1024\" height=\"768\" data-id=\"95724\" src=\"https:\/\/www.eslebedasauto.at\/wp-content\/uploads\/2024\/06\/IMG_7779-1024x768.jpeg\" alt=\"\" class=\"wp-image-95724\" srcset=\"https:\/\/www.eslebedasauto.at\/wp-content\/uploads\/2024\/06\/IMG_7779-1024x768.jpeg 1024w, https:\/\/www.eslebedasauto.at\/wp-content\/uploads\/2024\/06\/IMG_7779-300x225.jpeg 300w, https:\/\/www.eslebedasauto.at\/wp-content\/uploads\/2024\/06\/IMG_7779-768x576.jpeg 768w, https:\/\/www.eslebedasauto.at\/wp-content\/uploads\/2024\/06\/IMG_7779-1536x1152.jpeg 1536w, https:\/\/www.eslebedasauto.at\/wp-content\/uploads\/2024\/06\/IMG_7779-800x600.jpeg 800w, https:\/\/www.eslebedasauto.at\/wp-content\/uploads\/2024\/06\/IMG_7779-1160x870.jpeg 1160w, https:\/\/www.eslebedasauto.at\/wp-content\/uploads\/2024\/06\/IMG_7779.jpeg 2048w\" sizes=\"(max-width: 1024px) 100vw, 1024px\" \/><\/figure>\n<\/figure>\n\n\n\n<figure class=\"wp-block-image size-large\"><img loading=\"lazy\" decoding=\"async\" width=\"1024\" height=\"768\" src=\"https:\/\/www.eslebedasauto.at\/wp-content\/uploads\/2024\/06\/IMG_7778-1024x768.jpeg\" alt=\"\" class=\"wp-image-95723\" srcset=\"https:\/\/www.eslebedasauto.at\/wp-content\/uploads\/2024\/06\/IMG_7778-1024x768.jpeg 1024w, https:\/\/www.eslebedasauto.at\/wp-content\/uploads\/2024\/06\/IMG_7778-300x225.jpeg 300w, https:\/\/www.eslebedasauto.at\/wp-content\/uploads\/2024\/06\/IMG_7778-768x576.jpeg 768w, https:\/\/www.eslebedasauto.at\/wp-content\/uploads\/2024\/06\/IMG_7778-1536x1152.jpeg 1536w, https:\/\/www.eslebedasauto.at\/wp-content\/uploads\/2024\/06\/IMG_7778-800x600.jpeg 800w, https:\/\/www.eslebedasauto.at\/wp-content\/uploads\/2024\/06\/IMG_7778-1160x870.jpeg 1160w, https:\/\/www.eslebedasauto.at\/wp-content\/uploads\/2024\/06\/IMG_7778.jpeg 2048w\" sizes=\"(max-width: 1024px) 100vw, 1024px\" \/><\/figure>\n\n\n\n<p><strong>Unser Testwagen war die sogenannte Premiere Edition<\/strong>, welche zu einem Basispreis von 33.290 Euro verkauft wird. Dementsprechend umfassend war der Wagen ausgestattet. Neben der feschen Lackierung in Neptune Blue waren unter anderem eine Zweizonen-Klimaautomatik, LED-Scheinwerfer, toller JBL Sound, Keyless Entry &amp; Go und Navi mit dabei.<\/p>\n\n\n\n<figure class=\"wp-block-image size-large\"><img loading=\"lazy\" decoding=\"async\" width=\"1024\" height=\"768\" src=\"https:\/\/www.eslebedasauto.at\/wp-content\/uploads\/2024\/06\/IMG_7777-1024x768.jpeg\" alt=\"\" class=\"wp-image-95722\" srcset=\"https:\/\/www.eslebedasauto.at\/wp-content\/uploads\/2024\/06\/IMG_7777-1024x768.jpeg 1024w, https:\/\/www.eslebedasauto.at\/wp-content\/uploads\/2024\/06\/IMG_7777-300x225.jpeg 300w, https:\/\/www.eslebedasauto.at\/wp-content\/uploads\/2024\/06\/IMG_7777-768x576.jpeg 768w, https:\/\/www.eslebedasauto.at\/wp-content\/uploads\/2024\/06\/IMG_7777-1536x1152.jpeg 1536w, https:\/\/www.eslebedasauto.at\/wp-content\/uploads\/2024\/06\/IMG_7777-800x600.jpeg 800w, https:\/\/www.eslebedasauto.at\/wp-content\/uploads\/2024\/06\/IMG_7777-1160x870.jpeg 1160w, https:\/\/www.eslebedasauto.at\/wp-content\/uploads\/2024\/06\/IMG_7777.jpeg 2048w\" sizes=\"(max-width: 1024px) 100vw, 1024px\" \/><\/figure>\n\n\n\n<p><strong>Insgesamt ist der Innenraum recht hochwertig eingerichtet.<\/strong> Man muss halt den Toyota-Style m\u00f6gen, der mit seinen robusten Materialien und seiner Usability markentypisch auch im Yaris Hybrid vorherrscht. Das geliftete Cockpit mit seinem Digitaltacho bietet dabei gute \u00dcbersichtlichkeit \u00fcber alle wichtigen Informationen und hat jetzt einen etwas modernen Touch. Ebenfalls der neue 10,5 Zoll Touchscreen  &#8211; seine Darstellung ist jetzt auch deutlich modernisiert. <\/p>\n\n\n\n<figure class=\"wp-block-image size-large\"><img loading=\"lazy\" decoding=\"async\" width=\"1024\" height=\"768\" src=\"https:\/\/www.eslebedasauto.at\/wp-content\/uploads\/2024\/06\/IMG_7766-1024x768.jpeg\" alt=\"\" class=\"wp-image-95712\" srcset=\"https:\/\/www.eslebedasauto.at\/wp-content\/uploads\/2024\/06\/IMG_7766-1024x768.jpeg 1024w, https:\/\/www.eslebedasauto.at\/wp-content\/uploads\/2024\/06\/IMG_7766-300x225.jpeg 300w, https:\/\/www.eslebedasauto.at\/wp-content\/uploads\/2024\/06\/IMG_7766-768x576.jpeg 768w, https:\/\/www.eslebedasauto.at\/wp-content\/uploads\/2024\/06\/IMG_7766-1536x1152.jpeg 1536w, https:\/\/www.eslebedasauto.at\/wp-content\/uploads\/2024\/06\/IMG_7766-800x600.jpeg 800w, https:\/\/www.eslebedasauto.at\/wp-content\/uploads\/2024\/06\/IMG_7766-1160x870.jpeg 1160w, https:\/\/www.eslebedasauto.at\/wp-content\/uploads\/2024\/06\/IMG_7766.jpeg 2048w\" sizes=\"(max-width: 1024px) 100vw, 1024px\" \/><\/figure>\n\n\n\n<h3 id=\"unterm-strich\" class=\"wp-block-heading\">Unterm Strich<\/h3>\n\n\n\n<p>Auch wenn der Toyota Yaris Hybrid jetzt 130 PS leistet, so hat sich am Wesen dieses Auto nicht allzu viel ge\u00e4ndert. Dass Toyota dank seiner langen Hybrid-Historie dieses Thema perfekt beherrscht, hat sich weiter manifestiert &#8211; die zus\u00e4tzlich Dynamik-Komponente bereichert das Ganz zus\u00e4tzlich.<\/p>\n\n\n\n<p><\/p>","protected":false},"excerpt":{"rendered":"<p>Der Toyota Yaris Hybrid erzieht seinen Fahrer definitiv zu einer effizienten und auch defensiven Fahrweise &#8211; eigentlich ein sehr positiver Effekt.<\/p>","protected":false},"author":2,"featured_media":95721,"comment_status":"open","ping_status":"open","sticky":false,"template":"","format":"standard","meta":{"neve_meta_sidebar":"","neve_meta_container":"","neve_meta_enable_content_width":"","neve_meta_content_width":0,"neve_meta_title_alignment":"","neve_meta_author_avatar":"","neve_post_elements_order":"","neve_meta_disable_header":"","neve_meta_disable_footer":"","neve_meta_disable_title":"","neve_meta_reading_time":"","footnotes":""},"categories":[335,12],"tags":[],"class_list":["post-95727","post","type-post","status-publish","format-standard","has-post-thumbnail","hentry","category-fahrberichte","category-hybrid"],"yoast_head":"<!-- This site is optimized with the Yoast SEO plugin v26.8 - https:\/\/yoast.com\/product\/yoast-seo-wordpress\/ -->\n<title>Toyota Yaris Hybrid - Der Stimmungsverst\u00e4rker - Es lebe das Auto<\/title>\n<meta name=\"description\" content=\"Der Toyota Yaris Hybrid erzieht seinen Fahrer definitiv zu einer effizienten und auch defensiven Fahrweise - ein sehr positiver Effekt.\" \/>\n<meta name=\"robots\" content=\"index, follow, max-snippet:-1, max-image-preview:large, max-video-preview:-1\" \/>\n<link rel=\"canonical\" href=\"https:\/\/www.eslebedasauto.at\/en\/toyota-yaris-hybrid-test\/\" \/>\n<meta property=\"og:locale\" content=\"en_GB\" \/>\n<meta property=\"og:type\" content=\"article\" \/>\n<meta property=\"og:title\" content=\"Toyota Yaris Hybrid - Der Stimmungsverst\u00e4rker - Es lebe das Auto\" \/>\n<meta property=\"og:description\" content=\"Der Toyota Yaris Hybrid erzieht seinen Fahrer definitiv zu einer effizienten und auch defensiven Fahrweise - ein sehr positiver Effekt.\" \/>\n<meta property=\"og:url\" content=\"https:\/\/www.eslebedasauto.at\/en\/toyota-yaris-hybrid-test\/\" \/>\n<meta property=\"og:site_name\" content=\"Es lebe das Auto\" \/>\n<meta property=\"article:publisher\" content=\"https:\/\/www.facebook.com\/eslebedasauto.at\" \/>\n<meta property=\"article:published_time\" content=\"2024-06-21T08:47:54+00:00\" \/>\n<meta property=\"article:modified_time\" content=\"2024-06-21T08:47:55+00:00\" \/>\n<meta property=\"og:image\" content=\"https:\/\/www.eslebedasauto.at\/wp-content\/uploads\/2024\/06\/IMG_7776.jpeg\" \/>\n\t<meta property=\"og:image:width\" content=\"2048\" \/>\n\t<meta property=\"og:image:height\" content=\"1536\" \/>\n\t<meta property=\"og:image:type\" content=\"image\/jpeg\" \/>\n<meta name=\"author\" content=\"gerhard\" \/>\n<meta name=\"twitter:card\" content=\"summary_large_image\" \/>\n<meta name=\"twitter:label1\" content=\"Written by\" \/>\n\t<meta name=\"twitter:data1\" content=\"gerhard\" \/>\n\t<meta name=\"twitter:label2\" content=\"Estimated reading time\" \/>\n\t<meta name=\"twitter:data2\" content=\"6 minutes\" \/>\n<script type=\"application\/ld+json\" class=\"yoast-schema-graph\">{\"@context\":\"https:\/\/schema.org\",\"@graph\":[{\"@type\":\"Article\",\"@id\":\"https:\/\/www.eslebedasauto.at\/toyota-yaris-hybrid-test\/#article\",\"isPartOf\":{\"@id\":\"https:\/\/www.eslebedasauto.at\/toyota-yaris-hybrid-test\/\"},\"author\":{\"name\":\"gerhard\",\"@id\":\"https:\/\/www.eslebedasauto.at\/#\/schema\/person\/fb81218b0bed500d225ff518f9f17033\"},\"headline\":\"Toyota Yaris Hybrid &#8211; Der Stimmungsverst\u00e4rker\",\"datePublished\":\"2024-06-21T08:47:54+00:00\",\"dateModified\":\"2024-06-21T08:47:55+00:00\",\"mainEntityOfPage\":{\"@id\":\"https:\/\/www.eslebedasauto.at\/toyota-yaris-hybrid-test\/\"},\"wordCount\":574,\"commentCount\":1,\"publisher\":{\"@id\":\"https:\/\/www.eslebedasauto.at\/#organization\"},\"image\":{\"@id\":\"https:\/\/www.eslebedasauto.at\/toyota-yaris-hybrid-test\/#primaryimage\"},\"thumbnailUrl\":\"https:\/\/www.eslebedasauto.at\/wp-content\/uploads\/2024\/06\/IMG_7776.jpeg\",\"articleSection\":[\"Fahrberichte\",\"Hybrid\"],\"inLanguage\":\"en-GB\",\"potentialAction\":[{\"@type\":\"CommentAction\",\"name\":\"Comment\",\"target\":[\"https:\/\/www.eslebedasauto.at\/toyota-yaris-hybrid-test\/#respond\"]}]},{\"@type\":\"WebPage\",\"@id\":\"https:\/\/www.eslebedasauto.at\/toyota-yaris-hybrid-test\/\",\"url\":\"https:\/\/www.eslebedasauto.at\/toyota-yaris-hybrid-test\/\",\"name\":\"Toyota Yaris Hybrid - Der Stimmungsverst\u00e4rker - Es lebe das Auto\",\"isPartOf\":{\"@id\":\"https:\/\/www.eslebedasauto.at\/#website\"},\"primaryImageOfPage\":{\"@id\":\"https:\/\/www.eslebedasauto.at\/toyota-yaris-hybrid-test\/#primaryimage\"},\"image\":{\"@id\":\"https:\/\/www.eslebedasauto.at\/toyota-yaris-hybrid-test\/#primaryimage\"},\"thumbnailUrl\":\"https:\/\/www.eslebedasauto.at\/wp-content\/uploads\/2024\/06\/IMG_7776.jpeg\",\"datePublished\":\"2024-06-21T08:47:54+00:00\",\"dateModified\":\"2024-06-21T08:47:55+00:00\",\"description\":\"Der Toyota Yaris Hybrid erzieht seinen Fahrer definitiv zu einer effizienten und auch defensiven Fahrweise - ein sehr positiver Effekt.\",\"breadcrumb\":{\"@id\":\"https:\/\/www.eslebedasauto.at\/toyota-yaris-hybrid-test\/#breadcrumb\"},\"inLanguage\":\"en-GB\",\"potentialAction\":[{\"@type\":\"ReadAction\",\"target\":[\"https:\/\/www.eslebedasauto.at\/toyota-yaris-hybrid-test\/\"]}]},{\"@type\":\"ImageObject\",\"inLanguage\":\"en-GB\",\"@id\":\"https:\/\/www.eslebedasauto.at\/toyota-yaris-hybrid-test\/#primaryimage\",\"url\":\"https:\/\/www.eslebedasauto.at\/wp-content\/uploads\/2024\/06\/IMG_7776.jpeg\",\"contentUrl\":\"https:\/\/www.eslebedasauto.at\/wp-content\/uploads\/2024\/06\/IMG_7776.jpeg\",\"width\":2048,\"height\":1536},{\"@type\":\"BreadcrumbList\",\"@id\":\"https:\/\/www.eslebedasauto.at\/toyota-yaris-hybrid-test\/#breadcrumb\",\"itemListElement\":[{\"@type\":\"ListItem\",\"position\":1,\"name\":\"Startseite\",\"item\":\"https:\/\/www.eslebedasauto.at\/\"},{\"@type\":\"ListItem\",\"position\":2,\"name\":\"Toyota Yaris Hybrid &#8211; Der Stimmungsverst\u00e4rker\"}]},{\"@type\":\"WebSite\",\"@id\":\"https:\/\/www.eslebedasauto.at\/#website\",\"url\":\"https:\/\/www.eslebedasauto.at\/\",\"name\":\"Es lebe das Auto\",\"description\":\"ein Hoch auf den Individualverkehr\",\"publisher\":{\"@id\":\"https:\/\/www.eslebedasauto.at\/#organization\"},\"potentialAction\":[{\"@type\":\"SearchAction\",\"target\":{\"@type\":\"EntryPoint\",\"urlTemplate\":\"https:\/\/www.eslebedasauto.at\/?s={search_term_string}\"},\"query-input\":{\"@type\":\"PropertyValueSpecification\",\"valueRequired\":true,\"valueName\":\"search_term_string\"}}],\"inLanguage\":\"en-GB\"},{\"@type\":\"Organization\",\"@id\":\"https:\/\/www.eslebedasauto.at\/#organization\",\"name\":\"eslebedasauto\",\"url\":\"https:\/\/www.eslebedasauto.at\/\",\"logo\":{\"@type\":\"ImageObject\",\"inLanguage\":\"en-GB\",\"@id\":\"https:\/\/www.eslebedasauto.at\/#\/schema\/logo\/image\/\",\"url\":\"https:\/\/www.eslebedasauto.at\/wp-content\/uploads\/2025\/10\/eldarund.png\",\"contentUrl\":\"https:\/\/www.eslebedasauto.at\/wp-content\/uploads\/2025\/10\/eldarund.png\",\"width\":1024,\"height\":1024,\"caption\":\"eslebedasauto\"},\"image\":{\"@id\":\"https:\/\/www.eslebedasauto.at\/#\/schema\/logo\/image\/\"},\"sameAs\":[\"https:\/\/www.facebook.com\/eslebedasauto.at\",\"https:\/\/www.instagram.com\/es_lebe_das_auto\/\"]},{\"@type\":\"Person\",\"@id\":\"https:\/\/www.eslebedasauto.at\/#\/schema\/person\/fb81218b0bed500d225ff518f9f17033\",\"name\":\"gerhard\",\"url\":\"https:\/\/www.eslebedasauto.at\/en\/author\/gerhard\/\"}]}<\/script>\n<!-- \/ Yoast SEO plugin. -->","yoast_head_json":{"title":"Toyota Yaris Hybrid - Der Stimmungsverst\u00e4rker - Es lebe das Auto","description":"Der Toyota Yaris Hybrid erzieht seinen Fahrer definitiv zu einer effizienten und auch defensiven Fahrweise - ein sehr positiver Effekt.","robots":{"index":"index","follow":"follow","max-snippet":"max-snippet:-1","max-image-preview":"max-image-preview:large","max-video-preview":"max-video-preview:-1"},"canonical":"https:\/\/www.eslebedasauto.at\/en\/toyota-yaris-hybrid-test\/","og_locale":"en_GB","og_type":"article","og_title":"Toyota Yaris Hybrid - Der Stimmungsverst\u00e4rker - Es lebe das Auto","og_description":"Der Toyota Yaris Hybrid erzieht seinen Fahrer definitiv zu einer effizienten und auch defensiven Fahrweise - ein sehr positiver Effekt.","og_url":"https:\/\/www.eslebedasauto.at\/en\/toyota-yaris-hybrid-test\/","og_site_name":"Es lebe das Auto","article_publisher":"https:\/\/www.facebook.com\/eslebedasauto.at","article_published_time":"2024-06-21T08:47:54+00:00","article_modified_time":"2024-06-21T08:47:55+00:00","og_image":[{"width":2048,"height":1536,"url":"https:\/\/www.eslebedasauto.at\/wp-content\/uploads\/2024\/06\/IMG_7776.jpeg","type":"image\/jpeg"}],"author":"gerhard","twitter_card":"summary_large_image","twitter_misc":{"Written by":"gerhard","Estimated reading time":"6 minutes"},"schema":{"@context":"https:\/\/schema.org","@graph":[{"@type":"Article","@id":"https:\/\/www.eslebedasauto.at\/toyota-yaris-hybrid-test\/#article","isPartOf":{"@id":"https:\/\/www.eslebedasauto.at\/toyota-yaris-hybrid-test\/"},"author":{"name":"gerhard","@id":"https:\/\/www.eslebedasauto.at\/#\/schema\/person\/fb81218b0bed500d225ff518f9f17033"},"headline":"Toyota Yaris Hybrid &#8211; Der Stimmungsverst\u00e4rker","datePublished":"2024-06-21T08:47:54+00:00","dateModified":"2024-06-21T08:47:55+00:00","mainEntityOfPage":{"@id":"https:\/\/www.eslebedasauto.at\/toyota-yaris-hybrid-test\/"},"wordCount":574,"commentCount":1,"publisher":{"@id":"https:\/\/www.eslebedasauto.at\/#organization"},"image":{"@id":"https:\/\/www.eslebedasauto.at\/toyota-yaris-hybrid-test\/#primaryimage"},"thumbnailUrl":"https:\/\/www.eslebedasauto.at\/wp-content\/uploads\/2024\/06\/IMG_7776.jpeg","articleSection":["Fahrberichte","Hybrid"],"inLanguage":"en-GB","potentialAction":[{"@type":"CommentAction","name":"Comment","target":["https:\/\/www.eslebedasauto.at\/toyota-yaris-hybrid-test\/#respond"]}]},{"@type":"WebPage","@id":"https:\/\/www.eslebedasauto.at\/toyota-yaris-hybrid-test\/","url":"https:\/\/www.eslebedasauto.at\/toyota-yaris-hybrid-test\/","name":"Toyota Yaris Hybrid - Der Stimmungsverst\u00e4rker - Es lebe das Auto","isPartOf":{"@id":"https:\/\/www.eslebedasauto.at\/#website"},"primaryImageOfPage":{"@id":"https:\/\/www.eslebedasauto.at\/toyota-yaris-hybrid-test\/#primaryimage"},"image":{"@id":"https:\/\/www.eslebedasauto.at\/toyota-yaris-hybrid-test\/#primaryimage"},"thumbnailUrl":"https:\/\/www.eslebedasauto.at\/wp-content\/uploads\/2024\/06\/IMG_7776.jpeg","datePublished":"2024-06-21T08:47:54+00:00","dateModified":"2024-06-21T08:47:55+00:00","description":"Der Toyota Yaris Hybrid erzieht seinen Fahrer definitiv zu einer effizienten und auch defensiven Fahrweise - ein sehr positiver Effekt.","breadcrumb":{"@id":"https:\/\/www.eslebedasauto.at\/toyota-yaris-hybrid-test\/#breadcrumb"},"inLanguage":"en-GB","potentialAction":[{"@type":"ReadAction","target":["https:\/\/www.eslebedasauto.at\/toyota-yaris-hybrid-test\/"]}]},{"@type":"ImageObject","inLanguage":"en-GB","@id":"https:\/\/www.eslebedasauto.at\/toyota-yaris-hybrid-test\/#primaryimage","url":"https:\/\/www.eslebedasauto.at\/wp-content\/uploads\/2024\/06\/IMG_7776.jpeg","contentUrl":"https:\/\/www.eslebedasauto.at\/wp-content\/uploads\/2024\/06\/IMG_7776.jpeg","width":2048,"height":1536},{"@type":"BreadcrumbList","@id":"https:\/\/www.eslebedasauto.at\/toyota-yaris-hybrid-test\/#breadcrumb","itemListElement":[{"@type":"ListItem","position":1,"name":"Startseite","item":"https:\/\/www.eslebedasauto.at\/"},{"@type":"ListItem","position":2,"name":"Toyota Yaris Hybrid &#8211; Der Stimmungsverst\u00e4rker"}]},{"@type":"WebSite","@id":"https:\/\/www.eslebedasauto.at\/#website","url":"https:\/\/www.eslebedasauto.at\/","name":"Es lebe das Auto","description":"ein Hoch auf den Individualverkehr","publisher":{"@id":"https:\/\/www.eslebedasauto.at\/#organization"},"potentialAction":[{"@type":"SearchAction","target":{"@type":"EntryPoint","urlTemplate":"https:\/\/www.eslebedasauto.at\/?s={search_term_string}"},"query-input":{"@type":"PropertyValueSpecification","valueRequired":true,"valueName":"search_term_string"}}],"inLanguage":"en-GB"},{"@type":"Organization","@id":"https:\/\/www.eslebedasauto.at\/#organization","name":"eslebedasauto","url":"https:\/\/www.eslebedasauto.at\/","logo":{"@type":"ImageObject","inLanguage":"en-GB","@id":"https:\/\/www.eslebedasauto.at\/#\/schema\/logo\/image\/","url":"https:\/\/www.eslebedasauto.at\/wp-content\/uploads\/2025\/10\/eldarund.png","contentUrl":"https:\/\/www.eslebedasauto.at\/wp-content\/uploads\/2025\/10\/eldarund.png","width":1024,"height":1024,"caption":"eslebedasauto"},"image":{"@id":"https:\/\/www.eslebedasauto.at\/#\/schema\/logo\/image\/"},"sameAs":["https:\/\/www.facebook.com\/eslebedasauto.at","https:\/\/www.instagram.com\/es_lebe_das_auto\/"]},{"@type":"Person","@id":"https:\/\/www.eslebedasauto.at\/#\/schema\/person\/fb81218b0bed500d225ff518f9f17033","name":"gerhard","url":"https:\/\/www.eslebedasauto.at\/en\/author\/gerhard\/"}]}},"_links":{"self":[{"href":"https:\/\/www.eslebedasauto.at\/en\/wp-json\/wp\/v2\/posts\/95727","targetHints":{"allow":["GET"]}}],"collection":[{"href":"https:\/\/www.eslebedasauto.at\/en\/wp-json\/wp\/v2\/posts"}],"about":[{"href":"https:\/\/www.eslebedasauto.at\/en\/wp-json\/wp\/v2\/types\/post"}],"author":[{"embeddable":true,"href":"https:\/\/www.eslebedasauto.at\/en\/wp-json\/wp\/v2\/users\/2"}],"replies":[{"embeddable":true,"href":"https:\/\/www.eslebedasauto.at\/en\/wp-json\/wp\/v2\/comments?post=95727"}],"version-history":[{"count":5,"href":"https:\/\/www.eslebedasauto.at\/en\/wp-json\/wp\/v2\/posts\/95727\/revisions"}],"predecessor-version":[{"id":99717,"href":"https:\/\/www.eslebedasauto.at\/en\/wp-json\/wp\/v2\/posts\/95727\/revisions\/99717"}],"wp:featuredmedia":[{"embeddable":true,"href":"https:\/\/www.eslebedasauto.at\/en\/wp-json\/wp\/v2\/media\/95721"}],"wp:attachment":[{"href":"https:\/\/www.eslebedasauto.at\/en\/wp-json\/wp\/v2\/media?parent=95727"}],"wp:term":[{"taxonomy":"category","embeddable":true,"href":"https:\/\/www.eslebedasauto.at\/en\/wp-json\/wp\/v2\/categories?post=95727"},{"taxonomy":"post_tag","embeddable":true,"href":"https:\/\/www.eslebedasauto.at\/en\/wp-json\/wp\/v2\/tags?post=95727"}],"curies":[{"name":"wp","href":"https:\/\/api.w.org\/{rel}","templated":true}]}}