{"id":95640,"date":"2024-06-11T15:37:28","date_gmt":"2024-06-11T13:37:28","guid":{"rendered":"https:\/\/www.eslebedasauto.at\/?p=95640"},"modified":"2024-06-11T16:39:25","modified_gmt":"2024-06-11T14:39:25","slug":"porsche-cayenne-e-hybrid-test","status":"publish","type":"post","link":"https:\/\/www.eslebedasauto.at\/en\/porsche-cayenne-e-hybrid-test\/","title":{"rendered":"Porsche Cayenne e-Hybrid &#8211; Update f\u00fcr den Lebensretter"},"content":{"rendered":"<h4 id=\"als-der-porsche-cayenne-2002-auf-den-markt-kam-erntete-er-viel-kritik-rettete-allerdings-porsche-damals-das-leben-mittlerweile-haben-alle-namhaften-sportwagenmarken-ein-suv-im-programm-und-der-caye\" class=\"wp-block-heading\">Als der Porsche Cayenne 2002 auf den Markt kam, erntete er viel Kritik, rettete allerdings Porsche damals das Leben. Mittlerweile haben alle namhaften Sportwagenmarken ein SUV im Programm und der Cayenne hat sich nicht nur etabliert, er wurde mit rund 1,25 Millionen verkauften St\u00fcck auch zum Bestseller.<\/h4>\n\n\n\n<figure class=\"wp-block-image size-large\"><img fetchpriority=\"high\" decoding=\"async\" width=\"1024\" height=\"768\" src=\"https:\/\/www.eslebedasauto.at\/wp-content\/uploads\/2024\/06\/IMG_7591-1024x768.jpeg\" alt=\"\" class=\"wp-image-95645\" srcset=\"https:\/\/www.eslebedasauto.at\/wp-content\/uploads\/2024\/06\/IMG_7591-1024x768.jpeg 1024w, https:\/\/www.eslebedasauto.at\/wp-content\/uploads\/2024\/06\/IMG_7591-300x225.jpeg 300w, https:\/\/www.eslebedasauto.at\/wp-content\/uploads\/2024\/06\/IMG_7591-768x576.jpeg 768w, https:\/\/www.eslebedasauto.at\/wp-content\/uploads\/2024\/06\/IMG_7591-1536x1152.jpeg 1536w, https:\/\/www.eslebedasauto.at\/wp-content\/uploads\/2024\/06\/IMG_7591-2048x1536.jpeg 2048w, https:\/\/www.eslebedasauto.at\/wp-content\/uploads\/2024\/06\/IMG_7591-800x600.jpeg 800w, https:\/\/www.eslebedasauto.at\/wp-content\/uploads\/2024\/06\/IMG_7591-1160x870.jpeg 1160w\" sizes=\"(max-width: 1024px) 100vw, 1024px\" \/><\/figure>\n\n\n\n<p><strong>Den Verkaufserfolg wollte Porsche klarerweise prolongieren und pr\u00e4sentierte mit dem letzten Facelift viele \u00c4nderungen &#8211; am Konzept des Cayenne wurde allerdings eisern festgehalten.<\/strong>&nbsp;Auch beim Antrieb blieb vieles beim Alten. Was hei\u00dfen soll: Ein vollelektrischer&nbsp;Cayenne&nbsp;steht noch in den Sternen. Was aber nicht bedeutet, dass sich bei der Elektrifizierung des SUV nichts getan h\u00e4tte.<\/p>\n\n\n\n<figure class=\"wp-block-image size-large\"><img decoding=\"async\" width=\"1024\" height=\"768\" src=\"https:\/\/www.eslebedasauto.at\/wp-content\/uploads\/2024\/06\/IMG_7550-1024x768.jpeg\" alt=\"\" class=\"wp-image-95652\" srcset=\"https:\/\/www.eslebedasauto.at\/wp-content\/uploads\/2024\/06\/IMG_7550-1024x768.jpeg 1024w, https:\/\/www.eslebedasauto.at\/wp-content\/uploads\/2024\/06\/IMG_7550-300x225.jpeg 300w, https:\/\/www.eslebedasauto.at\/wp-content\/uploads\/2024\/06\/IMG_7550-768x576.jpeg 768w, https:\/\/www.eslebedasauto.at\/wp-content\/uploads\/2024\/06\/IMG_7550-1536x1152.jpeg 1536w, https:\/\/www.eslebedasauto.at\/wp-content\/uploads\/2024\/06\/IMG_7550-2048x1536.jpeg 2048w, https:\/\/www.eslebedasauto.at\/wp-content\/uploads\/2024\/06\/IMG_7550-800x600.jpeg 800w, https:\/\/www.eslebedasauto.at\/wp-content\/uploads\/2024\/06\/IMG_7550-1160x870.jpeg 1160w\" sizes=\"(max-width: 1024px) 100vw, 1024px\" \/><\/figure>\n\n\n\n<p><strong>Optisch f\u00e4llt das Facelift erst auf den zweiten Blick auf<\/strong>, obwohl die ganze Front davon betroffen ist. Die leicht modifizierten Kotfl\u00fcgeln, sowie ein markanterer Frontspoiler fallen am ehesten ins Auge. Auch das neue Modell gibt es weiterhin mit klassischem Dach oder als viert\u00fcriges Coup\u00e9. Unterm Strich wirkt die Optik jetzt etwas moderner, was man allerdings erst bemerkt, wenn das Vorjahresmodell direkt daneben steht.<\/p>\n\n\n\n<figure class=\"wp-block-gallery has-nested-images columns-default is-cropped wp-block-gallery-1 is-layout-flex wp-block-gallery-is-layout-flex\">\n<figure class=\"wp-block-image size-large\"><img decoding=\"async\" width=\"1024\" height=\"768\" data-id=\"95651\" src=\"https:\/\/www.eslebedasauto.at\/wp-content\/uploads\/2024\/06\/IMG_7548-1024x768.jpeg\" alt=\"\" class=\"wp-image-95651\" srcset=\"https:\/\/www.eslebedasauto.at\/wp-content\/uploads\/2024\/06\/IMG_7548-1024x768.jpeg 1024w, https:\/\/www.eslebedasauto.at\/wp-content\/uploads\/2024\/06\/IMG_7548-300x225.jpeg 300w, https:\/\/www.eslebedasauto.at\/wp-content\/uploads\/2024\/06\/IMG_7548-768x576.jpeg 768w, https:\/\/www.eslebedasauto.at\/wp-content\/uploads\/2024\/06\/IMG_7548-1536x1152.jpeg 1536w, https:\/\/www.eslebedasauto.at\/wp-content\/uploads\/2024\/06\/IMG_7548-2048x1536.jpeg 2048w, https:\/\/www.eslebedasauto.at\/wp-content\/uploads\/2024\/06\/IMG_7548-800x600.jpeg 800w, https:\/\/www.eslebedasauto.at\/wp-content\/uploads\/2024\/06\/IMG_7548-1160x870.jpeg 1160w\" sizes=\"(max-width: 1024px) 100vw, 1024px\" \/><\/figure>\n\n\n\n<figure class=\"wp-block-image size-large\"><img loading=\"lazy\" decoding=\"async\" width=\"1024\" height=\"768\" data-id=\"95650\" src=\"https:\/\/www.eslebedasauto.at\/wp-content\/uploads\/2024\/06\/IMG_7551-1024x768.jpeg\" alt=\"\" class=\"wp-image-95650\" srcset=\"https:\/\/www.eslebedasauto.at\/wp-content\/uploads\/2024\/06\/IMG_7551-1024x768.jpeg 1024w, https:\/\/www.eslebedasauto.at\/wp-content\/uploads\/2024\/06\/IMG_7551-300x225.jpeg 300w, https:\/\/www.eslebedasauto.at\/wp-content\/uploads\/2024\/06\/IMG_7551-768x576.jpeg 768w, https:\/\/www.eslebedasauto.at\/wp-content\/uploads\/2024\/06\/IMG_7551-1536x1152.jpeg 1536w, https:\/\/www.eslebedasauto.at\/wp-content\/uploads\/2024\/06\/IMG_7551-2048x1536.jpeg 2048w, https:\/\/www.eslebedasauto.at\/wp-content\/uploads\/2024\/06\/IMG_7551-800x600.jpeg 800w, https:\/\/www.eslebedasauto.at\/wp-content\/uploads\/2024\/06\/IMG_7551-1160x870.jpeg 1160w\" sizes=\"(max-width: 1024px) 100vw, 1024px\" \/><\/figure>\n\n\n\n<figure class=\"wp-block-image size-large\"><img loading=\"lazy\" decoding=\"async\" width=\"1024\" height=\"768\" data-id=\"95642\" src=\"https:\/\/www.eslebedasauto.at\/wp-content\/uploads\/2024\/06\/IMG_7594-1024x768.jpeg\" alt=\"\" class=\"wp-image-95642\" srcset=\"https:\/\/www.eslebedasauto.at\/wp-content\/uploads\/2024\/06\/IMG_7594-1024x768.jpeg 1024w, https:\/\/www.eslebedasauto.at\/wp-content\/uploads\/2024\/06\/IMG_7594-300x225.jpeg 300w, https:\/\/www.eslebedasauto.at\/wp-content\/uploads\/2024\/06\/IMG_7594-768x576.jpeg 768w, https:\/\/www.eslebedasauto.at\/wp-content\/uploads\/2024\/06\/IMG_7594-1536x1152.jpeg 1536w, https:\/\/www.eslebedasauto.at\/wp-content\/uploads\/2024\/06\/IMG_7594-2048x1536.jpeg 2048w, https:\/\/www.eslebedasauto.at\/wp-content\/uploads\/2024\/06\/IMG_7594-800x600.jpeg 800w, https:\/\/www.eslebedasauto.at\/wp-content\/uploads\/2024\/06\/IMG_7594-1160x870.jpeg 1160w\" sizes=\"(max-width: 1024px) 100vw, 1024px\" \/><\/figure>\n<\/figure>\n\n\n\n<p><strong>Wir hatten das Porsche Cayenne e-Hybrid Coup\u00e9 f\u00fcr einen Kurztest bei uns zu Gast.<\/strong> Der Plug-in-Hybrid\u00a0liefert eine Systemleistung von 470 PS und wenn man so will, handelt es sich hierzulande um das Cayenne-Einstiegsmodell \u2013 zumindest monet\u00e4r. M\u00f6glich macht\u00b4s der Entfall der NoVA. Unser Testwagen trug die Porsche-typische Farbe \u201eKreide\u201c \u2013 ein sehr helles Grau, welches sich im Testalltag als extrem schmutzunempfindlich erwies. Da f\u00e4llt nicht einmal die mittlerweile allt\u00e4gliche Saharastaub-Packung auf. Zusammen mit schwarzen Anbauteilen und den ebenfalls dunklen 21-Zoll-Felgen ergibt sich ein h\u00f6chst stimmiges Bild.<\/p>\n\n\n\n<figure class=\"wp-block-image size-large\"><img loading=\"lazy\" decoding=\"async\" width=\"1024\" height=\"768\" src=\"https:\/\/www.eslebedasauto.at\/wp-content\/uploads\/2024\/06\/IMG_7546-1024x768.jpeg\" alt=\"\" class=\"wp-image-95656\" srcset=\"https:\/\/www.eslebedasauto.at\/wp-content\/uploads\/2024\/06\/IMG_7546-1024x768.jpeg 1024w, https:\/\/www.eslebedasauto.at\/wp-content\/uploads\/2024\/06\/IMG_7546-300x225.jpeg 300w, https:\/\/www.eslebedasauto.at\/wp-content\/uploads\/2024\/06\/IMG_7546-768x576.jpeg 768w, https:\/\/www.eslebedasauto.at\/wp-content\/uploads\/2024\/06\/IMG_7546-1536x1152.jpeg 1536w, https:\/\/www.eslebedasauto.at\/wp-content\/uploads\/2024\/06\/IMG_7546-2048x1536.jpeg 2048w, https:\/\/www.eslebedasauto.at\/wp-content\/uploads\/2024\/06\/IMG_7546-800x600.jpeg 800w, https:\/\/www.eslebedasauto.at\/wp-content\/uploads\/2024\/06\/IMG_7546-1160x870.jpeg 1160w\" sizes=\"(max-width: 1024px) 100vw, 1024px\" \/><\/figure>\n\n\n\n<p><strong>Innen fallen die \u00c4nderungen deutlicher aus.<\/strong>\u00a0Das Armaturenbrett erinnert jetzt ein wenig an den Porsche Taycan. Hinter dem Lenkrad w\u00f6lbt sich ein 12,6-Zoll-Curved-Display &#8211; ganz ohne Hutze. Der Automatik-W\u00e4hlhebel ragt als Schaltwippe rechts vom Lenkrad aus dem Armaturenbrett. Links der Startknopf. Die Klima-Bedienung erfolgt \u00fcber ein zus\u00e4tzliches Touchpanel mit integrierten Tasten unter dem zentralen Bildschirm. Insgesamt gibt\u00b4s keine Probleme bei der Bedienung \u2013 die leidige Tempolimit-Warnung l\u00e4sst sich mit einer programmierbaren Taste am Lenkrad umweglos killen.<\/p>\n\n\n\n<figure class=\"wp-block-gallery has-nested-images columns-default is-cropped wp-block-gallery-2 is-layout-flex wp-block-gallery-is-layout-flex\">\n<figure class=\"wp-block-image size-large\"><img loading=\"lazy\" decoding=\"async\" width=\"1024\" height=\"768\" data-id=\"95661\" src=\"https:\/\/www.eslebedasauto.at\/wp-content\/uploads\/2024\/06\/IMG_7540-1024x768.jpeg\" alt=\"\" class=\"wp-image-95661\" srcset=\"https:\/\/www.eslebedasauto.at\/wp-content\/uploads\/2024\/06\/IMG_7540-1024x768.jpeg 1024w, https:\/\/www.eslebedasauto.at\/wp-content\/uploads\/2024\/06\/IMG_7540-300x225.jpeg 300w, https:\/\/www.eslebedasauto.at\/wp-content\/uploads\/2024\/06\/IMG_7540-768x576.jpeg 768w, https:\/\/www.eslebedasauto.at\/wp-content\/uploads\/2024\/06\/IMG_7540-1536x1152.jpeg 1536w, https:\/\/www.eslebedasauto.at\/wp-content\/uploads\/2024\/06\/IMG_7540-2048x1536.jpeg 2048w, https:\/\/www.eslebedasauto.at\/wp-content\/uploads\/2024\/06\/IMG_7540-800x600.jpeg 800w, https:\/\/www.eslebedasauto.at\/wp-content\/uploads\/2024\/06\/IMG_7540-1160x870.jpeg 1160w\" sizes=\"(max-width: 1024px) 100vw, 1024px\" \/><\/figure>\n\n\n\n<figure class=\"wp-block-image size-large\"><img loading=\"lazy\" decoding=\"async\" width=\"1024\" height=\"768\" data-id=\"95660\" src=\"https:\/\/www.eslebedasauto.at\/wp-content\/uploads\/2024\/06\/IMG_7541-1024x768.jpeg\" alt=\"\" class=\"wp-image-95660\" srcset=\"https:\/\/www.eslebedasauto.at\/wp-content\/uploads\/2024\/06\/IMG_7541-1024x768.jpeg 1024w, https:\/\/www.eslebedasauto.at\/wp-content\/uploads\/2024\/06\/IMG_7541-300x225.jpeg 300w, https:\/\/www.eslebedasauto.at\/wp-content\/uploads\/2024\/06\/IMG_7541-768x576.jpeg 768w, https:\/\/www.eslebedasauto.at\/wp-content\/uploads\/2024\/06\/IMG_7541-1536x1152.jpeg 1536w, https:\/\/www.eslebedasauto.at\/wp-content\/uploads\/2024\/06\/IMG_7541-2048x1536.jpeg 2048w, https:\/\/www.eslebedasauto.at\/wp-content\/uploads\/2024\/06\/IMG_7541-800x600.jpeg 800w, https:\/\/www.eslebedasauto.at\/wp-content\/uploads\/2024\/06\/IMG_7541-1160x870.jpeg 1160w\" sizes=\"(max-width: 1024px) 100vw, 1024px\" \/><\/figure>\n\n\n\n<figure class=\"wp-block-image size-large\"><img loading=\"lazy\" decoding=\"async\" width=\"1024\" height=\"768\" data-id=\"95659\" src=\"https:\/\/www.eslebedasauto.at\/wp-content\/uploads\/2024\/06\/IMG_7542-1024x768.jpeg\" alt=\"\" class=\"wp-image-95659\" srcset=\"https:\/\/www.eslebedasauto.at\/wp-content\/uploads\/2024\/06\/IMG_7542-1024x768.jpeg 1024w, https:\/\/www.eslebedasauto.at\/wp-content\/uploads\/2024\/06\/IMG_7542-300x225.jpeg 300w, https:\/\/www.eslebedasauto.at\/wp-content\/uploads\/2024\/06\/IMG_7542-768x576.jpeg 768w, https:\/\/www.eslebedasauto.at\/wp-content\/uploads\/2024\/06\/IMG_7542-1536x1152.jpeg 1536w, https:\/\/www.eslebedasauto.at\/wp-content\/uploads\/2024\/06\/IMG_7542-2048x1536.jpeg 2048w, https:\/\/www.eslebedasauto.at\/wp-content\/uploads\/2024\/06\/IMG_7542-800x600.jpeg 800w, https:\/\/www.eslebedasauto.at\/wp-content\/uploads\/2024\/06\/IMG_7542-1160x870.jpeg 1160w\" sizes=\"(max-width: 1024px) 100vw, 1024px\" \/><\/figure>\n<\/figure>\n\n\n\n<figure class=\"wp-block-image size-large\"><img loading=\"lazy\" decoding=\"async\" width=\"1024\" height=\"768\" src=\"https:\/\/www.eslebedasauto.at\/wp-content\/uploads\/2024\/06\/IMG_7553-1024x768.jpeg\" alt=\"\" class=\"wp-image-95649\" srcset=\"https:\/\/www.eslebedasauto.at\/wp-content\/uploads\/2024\/06\/IMG_7553-1024x768.jpeg 1024w, https:\/\/www.eslebedasauto.at\/wp-content\/uploads\/2024\/06\/IMG_7553-300x225.jpeg 300w, https:\/\/www.eslebedasauto.at\/wp-content\/uploads\/2024\/06\/IMG_7553-768x576.jpeg 768w, https:\/\/www.eslebedasauto.at\/wp-content\/uploads\/2024\/06\/IMG_7553-1536x1152.jpeg 1536w, https:\/\/www.eslebedasauto.at\/wp-content\/uploads\/2024\/06\/IMG_7553-2048x1536.jpeg 2048w, https:\/\/www.eslebedasauto.at\/wp-content\/uploads\/2024\/06\/IMG_7553-800x600.jpeg 800w, https:\/\/www.eslebedasauto.at\/wp-content\/uploads\/2024\/06\/IMG_7553-1160x870.jpeg 1160w\" sizes=\"(max-width: 1024px) 100vw, 1024px\" \/><\/figure>\n\n\n\n<p><strong>Verarbeitung und Materialien sind wie gewohnt hervorragend<\/strong>, sowas erwartet man einfach von Porsche. Vor allem die Carbon-Intarsien des Testwagens sind von allererster G\u00fcte. Ebenfalls perfekt, die Sitze &#8211; sie lassen sich perfekt einstellen, sind super bequem und st\u00fctzen die Passagiere in Kurven, wenn der Fahrstil mal Porsche-typisch wird. Denn auch das kann der Cayenne neben all dem Komfort ganz vorz\u00fcglich.<\/p>\n\n\n\n<figure class=\"wp-block-image size-large\"><img loading=\"lazy\" decoding=\"async\" width=\"1024\" height=\"768\" src=\"https:\/\/www.eslebedasauto.at\/wp-content\/uploads\/2024\/06\/IMG_7586-1024x768.jpeg\" alt=\"\" class=\"wp-image-95648\" srcset=\"https:\/\/www.eslebedasauto.at\/wp-content\/uploads\/2024\/06\/IMG_7586-1024x768.jpeg 1024w, https:\/\/www.eslebedasauto.at\/wp-content\/uploads\/2024\/06\/IMG_7586-300x225.jpeg 300w, https:\/\/www.eslebedasauto.at\/wp-content\/uploads\/2024\/06\/IMG_7586-768x576.jpeg 768w, https:\/\/www.eslebedasauto.at\/wp-content\/uploads\/2024\/06\/IMG_7586-1536x1152.jpeg 1536w, https:\/\/www.eslebedasauto.at\/wp-content\/uploads\/2024\/06\/IMG_7586-2048x1536.jpeg 2048w, https:\/\/www.eslebedasauto.at\/wp-content\/uploads\/2024\/06\/IMG_7586-800x600.jpeg 800w, https:\/\/www.eslebedasauto.at\/wp-content\/uploads\/2024\/06\/IMG_7586-1160x870.jpeg 1160w\" sizes=\"(max-width: 1024px) 100vw, 1024px\" \/><\/figure>\n\n\n\n<p><strong>Beim Fahrwerk hat Porsche einiges weiterentwickelt.<\/strong>\u00a0Man ist vom Dreikammer-Einventil-System auf ein Zweikammer-Zweiventil-System umgestiegen. Klingt kompliziert, ist es wahrscheinlich auch, verbessert aber den Fahrkomfort deutlich. Generell gilt, dass der neue Cayenne eine unglaubliche Spreizung von knackig sportiv bis kuschelig komfortabel bietet. Somit macht auch der obligate Drehknopf am Lenkrad Sinn \u2013 im Cayenne sp\u00fcrt man jede Modus\u00e4nderung deutlich.<\/p>\n\n\n\n<figure class=\"wp-block-image size-large\"><img loading=\"lazy\" decoding=\"async\" width=\"1024\" height=\"768\" src=\"https:\/\/www.eslebedasauto.at\/wp-content\/uploads\/2024\/06\/IMG_7589-1024x768.jpeg\" alt=\"\" class=\"wp-image-95646\" srcset=\"https:\/\/www.eslebedasauto.at\/wp-content\/uploads\/2024\/06\/IMG_7589-1024x768.jpeg 1024w, https:\/\/www.eslebedasauto.at\/wp-content\/uploads\/2024\/06\/IMG_7589-300x225.jpeg 300w, https:\/\/www.eslebedasauto.at\/wp-content\/uploads\/2024\/06\/IMG_7589-768x576.jpeg 768w, https:\/\/www.eslebedasauto.at\/wp-content\/uploads\/2024\/06\/IMG_7589-1536x1152.jpeg 1536w, https:\/\/www.eslebedasauto.at\/wp-content\/uploads\/2024\/06\/IMG_7589-2048x1536.jpeg 2048w, https:\/\/www.eslebedasauto.at\/wp-content\/uploads\/2024\/06\/IMG_7589-800x600.jpeg 800w, https:\/\/www.eslebedasauto.at\/wp-content\/uploads\/2024\/06\/IMG_7589-1160x870.jpeg 1160w\" sizes=\"(max-width: 1024px) 100vw, 1024px\" \/><\/figure>\n\n\n\n<p>Den Antrieb selbst kennen wir schon in der Grundz\u00fcgen aus dem neuen <a href=\"https:\/\/www.eslebedasauto.at\/en\/vw-touareg-r-ehybrid-test\/\">VW Touareg eHybrid<\/a>. Im Cayenne f\u00fchlt sich das Ganze klarerweise aber ein wenig sch\u00e4rfer an. Hier wird auch was f\u00fcr die Ohren geboten \u2013 der V6-Turbo grollt herrlich sonor. F\u00e4hrt man rein elektrisch \u2013 und das funktioniert auch hervorragend \u00fcber l\u00e4ngere Distanzen (rund 60 km) \u2013 wird ein ziemlich bedrohlicher Sound eingespielt \u2013 klingt irgendwie wie ein aufziehendes Gewitter und passt perfekt zu diesem sportlichen SUV.<\/p>\n\n\n\n<figure class=\"wp-block-image size-large\"><img loading=\"lazy\" decoding=\"async\" width=\"1024\" height=\"768\" src=\"https:\/\/www.eslebedasauto.at\/wp-content\/uploads\/2024\/06\/IMG_7545-1024x768.jpeg\" alt=\"\" class=\"wp-image-95657\" srcset=\"https:\/\/www.eslebedasauto.at\/wp-content\/uploads\/2024\/06\/IMG_7545-1024x768.jpeg 1024w, https:\/\/www.eslebedasauto.at\/wp-content\/uploads\/2024\/06\/IMG_7545-300x225.jpeg 300w, https:\/\/www.eslebedasauto.at\/wp-content\/uploads\/2024\/06\/IMG_7545-768x576.jpeg 768w, https:\/\/www.eslebedasauto.at\/wp-content\/uploads\/2024\/06\/IMG_7545-1536x1152.jpeg 1536w, https:\/\/www.eslebedasauto.at\/wp-content\/uploads\/2024\/06\/IMG_7545-2048x1536.jpeg 2048w, https:\/\/www.eslebedasauto.at\/wp-content\/uploads\/2024\/06\/IMG_7545-800x600.jpeg 800w, https:\/\/www.eslebedasauto.at\/wp-content\/uploads\/2024\/06\/IMG_7545-1160x870.jpeg 1160w\" sizes=\"(max-width: 1024px) 100vw, 1024px\" \/><\/figure>\n\n\n\n<p><strong>Die ordentliche Power der Hybrid-Einheit kaschiert das hohe Eigengewicht (2,5 Tonnen) des Porsche Cayenne e-Hybrid wirkungsvoll.<\/strong>\u00a0Zusammen mit der grenzgenial-pr\u00e4zisen Lenkung und den standfesten Bremsen l\u00e4sst sich das Trumm auch richtig deftig im Sport Plus-Modus durch die Kurven pr\u00fcgeln. Apropos Spreizung \u2013 die gibt\u2019s auch beim Verbrauch. Der reicht von nahezu null mit vollem Akku bis ins zweistellige Fach, wenn man es mal wissen will.<\/p>\n\n\n\n<figure class=\"wp-block-image size-large\"><img loading=\"lazy\" decoding=\"async\" width=\"1024\" height=\"768\" src=\"https:\/\/www.eslebedasauto.at\/wp-content\/uploads\/2024\/06\/IMG_7543-1024x768.jpeg\" alt=\"\" class=\"wp-image-95658\" srcset=\"https:\/\/www.eslebedasauto.at\/wp-content\/uploads\/2024\/06\/IMG_7543-1024x768.jpeg 1024w, https:\/\/www.eslebedasauto.at\/wp-content\/uploads\/2024\/06\/IMG_7543-300x225.jpeg 300w, https:\/\/www.eslebedasauto.at\/wp-content\/uploads\/2024\/06\/IMG_7543-768x576.jpeg 768w, https:\/\/www.eslebedasauto.at\/wp-content\/uploads\/2024\/06\/IMG_7543-1536x1152.jpeg 1536w, https:\/\/www.eslebedasauto.at\/wp-content\/uploads\/2024\/06\/IMG_7543-2048x1536.jpeg 2048w, https:\/\/www.eslebedasauto.at\/wp-content\/uploads\/2024\/06\/IMG_7543-800x600.jpeg 800w, https:\/\/www.eslebedasauto.at\/wp-content\/uploads\/2024\/06\/IMG_7543-1160x870.jpeg 1160w\" sizes=\"(max-width: 1024px) 100vw, 1024px\" \/><\/figure>\n\n\n\n<p><strong>Auch der Rest des Fahrzeugs gl\u00e4nzt mit Praktikabilit\u00e4t:<\/strong>&nbsp;Das LED-HD-Matrixlicht zum Beispiel, welches mit 32.000 Pixel je Scheinwerfer den Gegenverkehr noch pr\u00e4ziser ausblendet und bei einer Fahrbahnverengung die Fahrzeugbreite auf die Stra\u00dfe projiziert. Zudem leuchtet es vor dem Spurwechsel die benachbarte Fahrbahn aus. Aber auch das serienm\u00e4\u00dfige LED-Matrix-Licht mit seiner markanten Vier-Punkt-Optik funktioniert perfekt.<\/p>\n\n\n\n<figure class=\"wp-block-image size-large\"><img loading=\"lazy\" decoding=\"async\" width=\"1024\" height=\"1024\" src=\"https:\/\/www.eslebedasauto.at\/wp-content\/uploads\/2024\/06\/AFE89953-5742-407F-89F6-8E40963EFBD6-1024x1024.jpeg\" alt=\"\" class=\"wp-image-95647\" srcset=\"https:\/\/www.eslebedasauto.at\/wp-content\/uploads\/2024\/06\/AFE89953-5742-407F-89F6-8E40963EFBD6-1024x1024.jpeg 1024w, https:\/\/www.eslebedasauto.at\/wp-content\/uploads\/2024\/06\/AFE89953-5742-407F-89F6-8E40963EFBD6-300x300.jpeg 300w, https:\/\/www.eslebedasauto.at\/wp-content\/uploads\/2024\/06\/AFE89953-5742-407F-89F6-8E40963EFBD6-150x150.jpeg 150w, https:\/\/www.eslebedasauto.at\/wp-content\/uploads\/2024\/06\/AFE89953-5742-407F-89F6-8E40963EFBD6-768x768.jpeg 768w, https:\/\/www.eslebedasauto.at\/wp-content\/uploads\/2024\/06\/AFE89953-5742-407F-89F6-8E40963EFBD6-1536x1536.jpeg 1536w, https:\/\/www.eslebedasauto.at\/wp-content\/uploads\/2024\/06\/AFE89953-5742-407F-89F6-8E40963EFBD6-2048x2048.jpeg 2048w, https:\/\/www.eslebedasauto.at\/wp-content\/uploads\/2024\/06\/AFE89953-5742-407F-89F6-8E40963EFBD6-80x80.jpeg 80w, https:\/\/www.eslebedasauto.at\/wp-content\/uploads\/2024\/06\/AFE89953-5742-407F-89F6-8E40963EFBD6-800x800.jpeg 800w, https:\/\/www.eslebedasauto.at\/wp-content\/uploads\/2024\/06\/AFE89953-5742-407F-89F6-8E40963EFBD6-1160x1160.jpeg 1160w\" sizes=\"(max-width: 1024px) 100vw, 1024px\" \/><\/figure>\n\n\n\n<p><strong>Unterm Strich<\/strong><\/p>\n\n\n\n<p>Der neue Porsche Cayenne e-Hybrid steht definitiv am H\u00f6hepunkt seines Schaffens. Auch wenn\u00b4s schade ist, die n\u00e4chste Generation wird h\u00f6chstwahrscheinlich vollelektrisch daherkommen. Sein Preis ist markentypisch: Erst ab 113.182 Euro wechselt der Porsche Cayenne e-Hybrid \u00fcber die Ladentheke.<\/p>\n\n\n\n<figure class=\"wp-block-image size-large\"><img loading=\"lazy\" decoding=\"async\" width=\"1024\" height=\"768\" src=\"https:\/\/www.eslebedasauto.at\/wp-content\/uploads\/2024\/06\/IMG_7549-1024x768.jpeg\" alt=\"\" class=\"wp-image-95653\" srcset=\"https:\/\/www.eslebedasauto.at\/wp-content\/uploads\/2024\/06\/IMG_7549-1024x768.jpeg 1024w, https:\/\/www.eslebedasauto.at\/wp-content\/uploads\/2024\/06\/IMG_7549-300x225.jpeg 300w, https:\/\/www.eslebedasauto.at\/wp-content\/uploads\/2024\/06\/IMG_7549-768x576.jpeg 768w, https:\/\/www.eslebedasauto.at\/wp-content\/uploads\/2024\/06\/IMG_7549-1536x1152.jpeg 1536w, https:\/\/www.eslebedasauto.at\/wp-content\/uploads\/2024\/06\/IMG_7549-2048x1536.jpeg 2048w, https:\/\/www.eslebedasauto.at\/wp-content\/uploads\/2024\/06\/IMG_7549-800x600.jpeg 800w, https:\/\/www.eslebedasauto.at\/wp-content\/uploads\/2024\/06\/IMG_7549-1160x870.jpeg 1160w\" sizes=\"(max-width: 1024px) 100vw, 1024px\" \/><\/figure>\n\n\n\n<p><strong>Daten Fakten Porsche&nbsp;Cayenne&nbsp;e-Hybrid<\/strong><br>Antrieb: 3,0-Liter Sechszylinder \/ E-Motor<br>Gesamtleistung: 470 PS<br>Max. Drehmoment: 650 Nm&nbsp;<br>Vmax: 250 km\/h<br>0 &#8211; 100 km\/h: 4,9 Sekunden<br>Testverbrauch: ca. 9 Liter \/100 km<br>Preis: ab 113.182 Euro<\/p>","protected":false},"excerpt":{"rendered":"<p>Der Porsche Cayenne biegt mit einem umfassenden Facelift in die Zielgerade seines Lebens. Wir sind die e-Hybrid Variante gefahren.<\/p>","protected":false},"author":2,"featured_media":95655,"comment_status":"open","ping_status":"open","sticky":false,"template":"","format":"standard","meta":{"neve_meta_sidebar":"","neve_meta_container":"","neve_meta_enable_content_width":"","neve_meta_content_width":0,"neve_meta_title_alignment":"","neve_meta_author_avatar":"","neve_post_elements_order":"","neve_meta_disable_header":"","neve_meta_disable_footer":"","neve_meta_disable_title":"","neve_meta_reading_time":"","footnotes":""},"categories":[335,12],"tags":[],"class_list":["post-95640","post","type-post","status-publish","format-standard","has-post-thumbnail","hentry","category-fahrberichte","category-hybrid"],"yoast_head":"<!-- This site is optimized with the Yoast SEO plugin v26.8 - https:\/\/yoast.com\/product\/yoast-seo-wordpress\/ -->\n<title>Porsche Cayenne e-Hybrid - Update f\u00fcr den Lebensretter - Es lebe das Auto<\/title>\n<meta name=\"description\" content=\"Der Porsche Cayenne biegt mit einem umfassenden Facelift in die Zielgerade seines Lebens. Wir sind die e-Hybrid Variante gefahren.\" \/>\n<meta name=\"robots\" content=\"index, follow, max-snippet:-1, max-image-preview:large, max-video-preview:-1\" \/>\n<link rel=\"canonical\" href=\"https:\/\/www.eslebedasauto.at\/en\/porsche-cayenne-e-hybrid-test\/\" \/>\n<meta property=\"og:locale\" content=\"en_GB\" \/>\n<meta property=\"og:type\" content=\"article\" \/>\n<meta property=\"og:title\" content=\"Porsche Cayenne e-Hybrid - Update f\u00fcr den Lebensretter - Es lebe das Auto\" \/>\n<meta property=\"og:description\" content=\"Der Porsche Cayenne biegt mit einem umfassenden Facelift in die Zielgerade seines Lebens. Wir sind die e-Hybrid Variante gefahren.\" \/>\n<meta property=\"og:url\" content=\"https:\/\/www.eslebedasauto.at\/en\/porsche-cayenne-e-hybrid-test\/\" \/>\n<meta property=\"og:site_name\" content=\"Es lebe das Auto\" \/>\n<meta property=\"article:publisher\" content=\"https:\/\/www.facebook.com\/eslebedasauto.at\" \/>\n<meta property=\"article:published_time\" content=\"2024-06-11T13:37:28+00:00\" \/>\n<meta property=\"article:modified_time\" content=\"2024-06-11T14:39:25+00:00\" \/>\n<meta property=\"og:image\" content=\"https:\/\/www.eslebedasauto.at\/wp-content\/uploads\/2024\/06\/IMG_7544-scaled.jpeg\" \/>\n\t<meta property=\"og:image:width\" content=\"2560\" \/>\n\t<meta property=\"og:image:height\" content=\"1920\" \/>\n\t<meta property=\"og:image:type\" content=\"image\/jpeg\" \/>\n<meta name=\"author\" content=\"gerhard\" \/>\n<meta name=\"twitter:card\" content=\"summary_large_image\" \/>\n<meta name=\"twitter:label1\" content=\"Written by\" \/>\n\t<meta name=\"twitter:data1\" content=\"gerhard\" \/>\n\t<meta name=\"twitter:label2\" content=\"Estimated reading time\" \/>\n\t<meta name=\"twitter:data2\" content=\"8 minutes\" \/>\n<script type=\"application\/ld+json\" class=\"yoast-schema-graph\">{\"@context\":\"https:\/\/schema.org\",\"@graph\":[{\"@type\":\"Article\",\"@id\":\"https:\/\/www.eslebedasauto.at\/porsche-cayenne-e-hybrid-test\/#article\",\"isPartOf\":{\"@id\":\"https:\/\/www.eslebedasauto.at\/porsche-cayenne-e-hybrid-test\/\"},\"author\":{\"name\":\"gerhard\",\"@id\":\"https:\/\/www.eslebedasauto.at\/#\/schema\/person\/fb81218b0bed500d225ff518f9f17033\"},\"headline\":\"Porsche Cayenne e-Hybrid &#8211; Update f\u00fcr den Lebensretter\",\"datePublished\":\"2024-06-11T13:37:28+00:00\",\"dateModified\":\"2024-06-11T14:39:25+00:00\",\"mainEntityOfPage\":{\"@id\":\"https:\/\/www.eslebedasauto.at\/porsche-cayenne-e-hybrid-test\/\"},\"wordCount\":751,\"commentCount\":0,\"publisher\":{\"@id\":\"https:\/\/www.eslebedasauto.at\/#organization\"},\"image\":{\"@id\":\"https:\/\/www.eslebedasauto.at\/porsche-cayenne-e-hybrid-test\/#primaryimage\"},\"thumbnailUrl\":\"https:\/\/www.eslebedasauto.at\/wp-content\/uploads\/2024\/06\/IMG_7544-scaled.jpeg\",\"articleSection\":[\"Fahrberichte\",\"Hybrid\"],\"inLanguage\":\"en-GB\",\"potentialAction\":[{\"@type\":\"CommentAction\",\"name\":\"Comment\",\"target\":[\"https:\/\/www.eslebedasauto.at\/porsche-cayenne-e-hybrid-test\/#respond\"]}]},{\"@type\":\"WebPage\",\"@id\":\"https:\/\/www.eslebedasauto.at\/porsche-cayenne-e-hybrid-test\/\",\"url\":\"https:\/\/www.eslebedasauto.at\/porsche-cayenne-e-hybrid-test\/\",\"name\":\"Porsche Cayenne e-Hybrid - Update f\u00fcr den Lebensretter - Es lebe das Auto\",\"isPartOf\":{\"@id\":\"https:\/\/www.eslebedasauto.at\/#website\"},\"primaryImageOfPage\":{\"@id\":\"https:\/\/www.eslebedasauto.at\/porsche-cayenne-e-hybrid-test\/#primaryimage\"},\"image\":{\"@id\":\"https:\/\/www.eslebedasauto.at\/porsche-cayenne-e-hybrid-test\/#primaryimage\"},\"thumbnailUrl\":\"https:\/\/www.eslebedasauto.at\/wp-content\/uploads\/2024\/06\/IMG_7544-scaled.jpeg\",\"datePublished\":\"2024-06-11T13:37:28+00:00\",\"dateModified\":\"2024-06-11T14:39:25+00:00\",\"description\":\"Der Porsche Cayenne biegt mit einem umfassenden Facelift in die Zielgerade seines Lebens. Wir sind die e-Hybrid Variante gefahren.\",\"breadcrumb\":{\"@id\":\"https:\/\/www.eslebedasauto.at\/porsche-cayenne-e-hybrid-test\/#breadcrumb\"},\"inLanguage\":\"en-GB\",\"potentialAction\":[{\"@type\":\"ReadAction\",\"target\":[\"https:\/\/www.eslebedasauto.at\/porsche-cayenne-e-hybrid-test\/\"]}]},{\"@type\":\"ImageObject\",\"inLanguage\":\"en-GB\",\"@id\":\"https:\/\/www.eslebedasauto.at\/porsche-cayenne-e-hybrid-test\/#primaryimage\",\"url\":\"https:\/\/www.eslebedasauto.at\/wp-content\/uploads\/2024\/06\/IMG_7544-scaled.jpeg\",\"contentUrl\":\"https:\/\/www.eslebedasauto.at\/wp-content\/uploads\/2024\/06\/IMG_7544-scaled.jpeg\",\"width\":2560,\"height\":1920},{\"@type\":\"BreadcrumbList\",\"@id\":\"https:\/\/www.eslebedasauto.at\/porsche-cayenne-e-hybrid-test\/#breadcrumb\",\"itemListElement\":[{\"@type\":\"ListItem\",\"position\":1,\"name\":\"Startseite\",\"item\":\"https:\/\/www.eslebedasauto.at\/\"},{\"@type\":\"ListItem\",\"position\":2,\"name\":\"Porsche Cayenne e-Hybrid &#8211; Update f\u00fcr den Lebensretter\"}]},{\"@type\":\"WebSite\",\"@id\":\"https:\/\/www.eslebedasauto.at\/#website\",\"url\":\"https:\/\/www.eslebedasauto.at\/\",\"name\":\"Es lebe das Auto\",\"description\":\"ein Hoch auf den Individualverkehr\",\"publisher\":{\"@id\":\"https:\/\/www.eslebedasauto.at\/#organization\"},\"potentialAction\":[{\"@type\":\"SearchAction\",\"target\":{\"@type\":\"EntryPoint\",\"urlTemplate\":\"https:\/\/www.eslebedasauto.at\/?s={search_term_string}\"},\"query-input\":{\"@type\":\"PropertyValueSpecification\",\"valueRequired\":true,\"valueName\":\"search_term_string\"}}],\"inLanguage\":\"en-GB\"},{\"@type\":\"Organization\",\"@id\":\"https:\/\/www.eslebedasauto.at\/#organization\",\"name\":\"eslebedasauto\",\"url\":\"https:\/\/www.eslebedasauto.at\/\",\"logo\":{\"@type\":\"ImageObject\",\"inLanguage\":\"en-GB\",\"@id\":\"https:\/\/www.eslebedasauto.at\/#\/schema\/logo\/image\/\",\"url\":\"https:\/\/www.eslebedasauto.at\/wp-content\/uploads\/2025\/10\/eldarund.png\",\"contentUrl\":\"https:\/\/www.eslebedasauto.at\/wp-content\/uploads\/2025\/10\/eldarund.png\",\"width\":1024,\"height\":1024,\"caption\":\"eslebedasauto\"},\"image\":{\"@id\":\"https:\/\/www.eslebedasauto.at\/#\/schema\/logo\/image\/\"},\"sameAs\":[\"https:\/\/www.facebook.com\/eslebedasauto.at\",\"https:\/\/www.instagram.com\/es_lebe_das_auto\/\"]},{\"@type\":\"Person\",\"@id\":\"https:\/\/www.eslebedasauto.at\/#\/schema\/person\/fb81218b0bed500d225ff518f9f17033\",\"name\":\"gerhard\",\"url\":\"https:\/\/www.eslebedasauto.at\/en\/author\/gerhard\/\"}]}<\/script>\n<!-- \/ Yoast SEO plugin. -->","yoast_head_json":{"title":"Porsche Cayenne e-Hybrid - Update f\u00fcr den Lebensretter - Es lebe das Auto","description":"Der Porsche Cayenne biegt mit einem umfassenden Facelift in die Zielgerade seines Lebens. Wir sind die e-Hybrid Variante gefahren.","robots":{"index":"index","follow":"follow","max-snippet":"max-snippet:-1","max-image-preview":"max-image-preview:large","max-video-preview":"max-video-preview:-1"},"canonical":"https:\/\/www.eslebedasauto.at\/en\/porsche-cayenne-e-hybrid-test\/","og_locale":"en_GB","og_type":"article","og_title":"Porsche Cayenne e-Hybrid - Update f\u00fcr den Lebensretter - Es lebe das Auto","og_description":"Der Porsche Cayenne biegt mit einem umfassenden Facelift in die Zielgerade seines Lebens. Wir sind die e-Hybrid Variante gefahren.","og_url":"https:\/\/www.eslebedasauto.at\/en\/porsche-cayenne-e-hybrid-test\/","og_site_name":"Es lebe das Auto","article_publisher":"https:\/\/www.facebook.com\/eslebedasauto.at","article_published_time":"2024-06-11T13:37:28+00:00","article_modified_time":"2024-06-11T14:39:25+00:00","og_image":[{"width":2560,"height":1920,"url":"https:\/\/www.eslebedasauto.at\/wp-content\/uploads\/2024\/06\/IMG_7544-scaled.jpeg","type":"image\/jpeg"}],"author":"gerhard","twitter_card":"summary_large_image","twitter_misc":{"Written by":"gerhard","Estimated reading time":"8 minutes"},"schema":{"@context":"https:\/\/schema.org","@graph":[{"@type":"Article","@id":"https:\/\/www.eslebedasauto.at\/porsche-cayenne-e-hybrid-test\/#article","isPartOf":{"@id":"https:\/\/www.eslebedasauto.at\/porsche-cayenne-e-hybrid-test\/"},"author":{"name":"gerhard","@id":"https:\/\/www.eslebedasauto.at\/#\/schema\/person\/fb81218b0bed500d225ff518f9f17033"},"headline":"Porsche Cayenne e-Hybrid &#8211; Update f\u00fcr den Lebensretter","datePublished":"2024-06-11T13:37:28+00:00","dateModified":"2024-06-11T14:39:25+00:00","mainEntityOfPage":{"@id":"https:\/\/www.eslebedasauto.at\/porsche-cayenne-e-hybrid-test\/"},"wordCount":751,"commentCount":0,"publisher":{"@id":"https:\/\/www.eslebedasauto.at\/#organization"},"image":{"@id":"https:\/\/www.eslebedasauto.at\/porsche-cayenne-e-hybrid-test\/#primaryimage"},"thumbnailUrl":"https:\/\/www.eslebedasauto.at\/wp-content\/uploads\/2024\/06\/IMG_7544-scaled.jpeg","articleSection":["Fahrberichte","Hybrid"],"inLanguage":"en-GB","potentialAction":[{"@type":"CommentAction","name":"Comment","target":["https:\/\/www.eslebedasauto.at\/porsche-cayenne-e-hybrid-test\/#respond"]}]},{"@type":"WebPage","@id":"https:\/\/www.eslebedasauto.at\/porsche-cayenne-e-hybrid-test\/","url":"https:\/\/www.eslebedasauto.at\/porsche-cayenne-e-hybrid-test\/","name":"Porsche Cayenne e-Hybrid - Update f\u00fcr den Lebensretter - Es lebe das Auto","isPartOf":{"@id":"https:\/\/www.eslebedasauto.at\/#website"},"primaryImageOfPage":{"@id":"https:\/\/www.eslebedasauto.at\/porsche-cayenne-e-hybrid-test\/#primaryimage"},"image":{"@id":"https:\/\/www.eslebedasauto.at\/porsche-cayenne-e-hybrid-test\/#primaryimage"},"thumbnailUrl":"https:\/\/www.eslebedasauto.at\/wp-content\/uploads\/2024\/06\/IMG_7544-scaled.jpeg","datePublished":"2024-06-11T13:37:28+00:00","dateModified":"2024-06-11T14:39:25+00:00","description":"Der Porsche Cayenne biegt mit einem umfassenden Facelift in die Zielgerade seines Lebens. Wir sind die e-Hybrid Variante gefahren.","breadcrumb":{"@id":"https:\/\/www.eslebedasauto.at\/porsche-cayenne-e-hybrid-test\/#breadcrumb"},"inLanguage":"en-GB","potentialAction":[{"@type":"ReadAction","target":["https:\/\/www.eslebedasauto.at\/porsche-cayenne-e-hybrid-test\/"]}]},{"@type":"ImageObject","inLanguage":"en-GB","@id":"https:\/\/www.eslebedasauto.at\/porsche-cayenne-e-hybrid-test\/#primaryimage","url":"https:\/\/www.eslebedasauto.at\/wp-content\/uploads\/2024\/06\/IMG_7544-scaled.jpeg","contentUrl":"https:\/\/www.eslebedasauto.at\/wp-content\/uploads\/2024\/06\/IMG_7544-scaled.jpeg","width":2560,"height":1920},{"@type":"BreadcrumbList","@id":"https:\/\/www.eslebedasauto.at\/porsche-cayenne-e-hybrid-test\/#breadcrumb","itemListElement":[{"@type":"ListItem","position":1,"name":"Startseite","item":"https:\/\/www.eslebedasauto.at\/"},{"@type":"ListItem","position":2,"name":"Porsche Cayenne e-Hybrid &#8211; Update f\u00fcr den Lebensretter"}]},{"@type":"WebSite","@id":"https:\/\/www.eslebedasauto.at\/#website","url":"https:\/\/www.eslebedasauto.at\/","name":"Es lebe das Auto","description":"ein Hoch auf den Individualverkehr","publisher":{"@id":"https:\/\/www.eslebedasauto.at\/#organization"},"potentialAction":[{"@type":"SearchAction","target":{"@type":"EntryPoint","urlTemplate":"https:\/\/www.eslebedasauto.at\/?s={search_term_string}"},"query-input":{"@type":"PropertyValueSpecification","valueRequired":true,"valueName":"search_term_string"}}],"inLanguage":"en-GB"},{"@type":"Organization","@id":"https:\/\/www.eslebedasauto.at\/#organization","name":"eslebedasauto","url":"https:\/\/www.eslebedasauto.at\/","logo":{"@type":"ImageObject","inLanguage":"en-GB","@id":"https:\/\/www.eslebedasauto.at\/#\/schema\/logo\/image\/","url":"https:\/\/www.eslebedasauto.at\/wp-content\/uploads\/2025\/10\/eldarund.png","contentUrl":"https:\/\/www.eslebedasauto.at\/wp-content\/uploads\/2025\/10\/eldarund.png","width":1024,"height":1024,"caption":"eslebedasauto"},"image":{"@id":"https:\/\/www.eslebedasauto.at\/#\/schema\/logo\/image\/"},"sameAs":["https:\/\/www.facebook.com\/eslebedasauto.at","https:\/\/www.instagram.com\/es_lebe_das_auto\/"]},{"@type":"Person","@id":"https:\/\/www.eslebedasauto.at\/#\/schema\/person\/fb81218b0bed500d225ff518f9f17033","name":"gerhard","url":"https:\/\/www.eslebedasauto.at\/en\/author\/gerhard\/"}]}},"_links":{"self":[{"href":"https:\/\/www.eslebedasauto.at\/en\/wp-json\/wp\/v2\/posts\/95640","targetHints":{"allow":["GET"]}}],"collection":[{"href":"https:\/\/www.eslebedasauto.at\/en\/wp-json\/wp\/v2\/posts"}],"about":[{"href":"https:\/\/www.eslebedasauto.at\/en\/wp-json\/wp\/v2\/types\/post"}],"author":[{"embeddable":true,"href":"https:\/\/www.eslebedasauto.at\/en\/wp-json\/wp\/v2\/users\/2"}],"replies":[{"embeddable":true,"href":"https:\/\/www.eslebedasauto.at\/en\/wp-json\/wp\/v2\/comments?post=95640"}],"version-history":[{"count":9,"href":"https:\/\/www.eslebedasauto.at\/en\/wp-json\/wp\/v2\/posts\/95640\/revisions"}],"predecessor-version":[{"id":95674,"href":"https:\/\/www.eslebedasauto.at\/en\/wp-json\/wp\/v2\/posts\/95640\/revisions\/95674"}],"wp:featuredmedia":[{"embeddable":true,"href":"https:\/\/www.eslebedasauto.at\/en\/wp-json\/wp\/v2\/media\/95655"}],"wp:attachment":[{"href":"https:\/\/www.eslebedasauto.at\/en\/wp-json\/wp\/v2\/media?parent=95640"}],"wp:term":[{"taxonomy":"category","embeddable":true,"href":"https:\/\/www.eslebedasauto.at\/en\/wp-json\/wp\/v2\/categories?post=95640"},{"taxonomy":"post_tag","embeddable":true,"href":"https:\/\/www.eslebedasauto.at\/en\/wp-json\/wp\/v2\/tags?post=95640"}],"curies":[{"name":"wp","href":"https:\/\/api.w.org\/{rel}","templated":true}]}}