{"id":95519,"date":"2024-05-29T20:11:51","date_gmt":"2024-05-29T18:11:51","guid":{"rendered":"https:\/\/www.eslebedasauto.at\/?p=95519"},"modified":"2024-05-29T20:11:52","modified_gmt":"2024-05-29T18:11:52","slug":"opel-astra-e-test","status":"publish","type":"post","link":"https:\/\/www.eslebedasauto.at\/en\/opel-astra-e-test\/","title":{"rendered":"Bruder Leichtfu\u00df"},"content":{"rendered":"<h3 id=\"der-opel-astra-electric-gehort-mit-seinen-1-679-kilogramm-zu-den-leichtgewichten-unter-den-elektrikern-das-sind-rund-100-kilo-weniger-als-das-gewicht-seiner-mitbewerber\" class=\"wp-block-heading\">Der Opel Astra&nbsp;Electric geh\u00f6rt mit seinen 1.679 Kilogramm zu den Leichtgewichten unter den Elektrikern &#8211; das sind rund 100 Kilo weniger als das Gewicht seiner Mitbewerber.<\/h3>\n\n\n\n<figure class=\"wp-block-image size-large\"><img fetchpriority=\"high\" decoding=\"async\" width=\"1024\" height=\"768\" src=\"https:\/\/www.eslebedasauto.at\/wp-content\/uploads\/2024\/05\/IMG_7580-1024x768.jpeg\" alt=\"\" class=\"wp-image-95545\" srcset=\"https:\/\/www.eslebedasauto.at\/wp-content\/uploads\/2024\/05\/IMG_7580-1024x768.jpeg 1024w, https:\/\/www.eslebedasauto.at\/wp-content\/uploads\/2024\/05\/IMG_7580-300x225.jpeg 300w, https:\/\/www.eslebedasauto.at\/wp-content\/uploads\/2024\/05\/IMG_7580-768x576.jpeg 768w, https:\/\/www.eslebedasauto.at\/wp-content\/uploads\/2024\/05\/IMG_7580-1536x1152.jpeg 1536w, https:\/\/www.eslebedasauto.at\/wp-content\/uploads\/2024\/05\/IMG_7580-800x600.jpeg 800w, https:\/\/www.eslebedasauto.at\/wp-content\/uploads\/2024\/05\/IMG_7580-1160x870.jpeg 1160w, https:\/\/www.eslebedasauto.at\/wp-content\/uploads\/2024\/05\/IMG_7580.jpeg 2048w\" sizes=\"(max-width: 1024px) 100vw, 1024px\" \/><\/figure>\n\n\n\n<p><strong>Bei der Elektrifizierung ihrer Flotte geht es Opel konsequent an:<\/strong> Neben Corsa und Mokka rollt auch der&nbsp;Astra&nbsp;mit einem vollelektrischen Antrieb zu den H\u00e4ndlern. Als Antrieb kommt der 115 kW (156 PS) starke Elektromotor von Stellantis mit einem Drehmoment von 270 Newtonmeter zum Einsatz. Das klingt ob der allgegenw\u00e4rtigen Leistungseskalation im E-Bereich nicht recht eindrucksvoll &#8211; ebenso liegt der Standardsprint mit seinen 9,2 Sekunden auf Hundert eher im Dieselbereich. Dennoch sind mit dem Astra E durchaus auch ansatzlos rasante Ampelstarts und auch lustvolles Kurvenfahren m\u00f6glich. <\/p>\n\n\n\n<figure class=\"wp-block-image size-large\"><img decoding=\"async\" width=\"768\" height=\"1024\" src=\"https:\/\/www.eslebedasauto.at\/wp-content\/uploads\/2024\/05\/IMG_7575-768x1024.jpeg\" alt=\"\" class=\"wp-image-95542\" srcset=\"https:\/\/www.eslebedasauto.at\/wp-content\/uploads\/2024\/05\/IMG_7575-768x1024.jpeg 768w, https:\/\/www.eslebedasauto.at\/wp-content\/uploads\/2024\/05\/IMG_7575-225x300.jpeg 225w, https:\/\/www.eslebedasauto.at\/wp-content\/uploads\/2024\/05\/IMG_7575-1152x1536.jpeg 1152w, https:\/\/www.eslebedasauto.at\/wp-content\/uploads\/2024\/05\/IMG_7575-800x1067.jpeg 800w, https:\/\/www.eslebedasauto.at\/wp-content\/uploads\/2024\/05\/IMG_7575-1160x1547.jpeg 1160w, https:\/\/www.eslebedasauto.at\/wp-content\/uploads\/2024\/05\/IMG_7575.jpeg 1536w\" sizes=\"(max-width: 768px) 100vw, 768px\" \/><\/figure>\n\n\n\n<p><strong>Wie so oft im Automobilbereich liegts auch hier am relativ niedrige Fahrzeuggewicht. <\/strong>Dank der mit 54 kWh relativ klein bemessenen und somit nicht allzu schweren Batterie und geschickt eingesetzter Leichtbautechnik ist der Astra Electric \u00fcberraschend leichtgewichtig. Das Ergebnis ist tadellose Effizienz in Form von niedrigen Verbrauchswerten (Testschnitt ca. 15,5 kWh \/ Autobahn rund 17,5 kWh) und somit auch brauchbare Reichweiten.<\/p>\n\n\n\n<figure class=\"wp-block-gallery has-nested-images columns-default is-cropped wp-block-gallery-1 is-layout-flex wp-block-gallery-is-layout-flex\">\n<figure class=\"wp-block-image size-large\"><img decoding=\"async\" width=\"1024\" height=\"768\" data-id=\"95539\" src=\"https:\/\/www.eslebedasauto.at\/wp-content\/uploads\/2024\/05\/IMG_7568-1024x768.jpeg\" alt=\"\" class=\"wp-image-95539\" srcset=\"https:\/\/www.eslebedasauto.at\/wp-content\/uploads\/2024\/05\/IMG_7568-1024x768.jpeg 1024w, https:\/\/www.eslebedasauto.at\/wp-content\/uploads\/2024\/05\/IMG_7568-300x225.jpeg 300w, https:\/\/www.eslebedasauto.at\/wp-content\/uploads\/2024\/05\/IMG_7568-768x576.jpeg 768w, https:\/\/www.eslebedasauto.at\/wp-content\/uploads\/2024\/05\/IMG_7568-1536x1152.jpeg 1536w, https:\/\/www.eslebedasauto.at\/wp-content\/uploads\/2024\/05\/IMG_7568-800x600.jpeg 800w, https:\/\/www.eslebedasauto.at\/wp-content\/uploads\/2024\/05\/IMG_7568-1160x870.jpeg 1160w, https:\/\/www.eslebedasauto.at\/wp-content\/uploads\/2024\/05\/IMG_7568.jpeg 2048w\" sizes=\"(max-width: 1024px) 100vw, 1024px\" \/><\/figure>\n\n\n\n<figure class=\"wp-block-image size-large\"><img loading=\"lazy\" decoding=\"async\" width=\"1024\" height=\"768\" data-id=\"95538\" src=\"https:\/\/www.eslebedasauto.at\/wp-content\/uploads\/2024\/05\/IMG_7567-1024x768.jpeg\" alt=\"\" class=\"wp-image-95538\" srcset=\"https:\/\/www.eslebedasauto.at\/wp-content\/uploads\/2024\/05\/IMG_7567-1024x768.jpeg 1024w, https:\/\/www.eslebedasauto.at\/wp-content\/uploads\/2024\/05\/IMG_7567-300x225.jpeg 300w, https:\/\/www.eslebedasauto.at\/wp-content\/uploads\/2024\/05\/IMG_7567-768x576.jpeg 768w, https:\/\/www.eslebedasauto.at\/wp-content\/uploads\/2024\/05\/IMG_7567-1536x1152.jpeg 1536w, https:\/\/www.eslebedasauto.at\/wp-content\/uploads\/2024\/05\/IMG_7567-800x600.jpeg 800w, https:\/\/www.eslebedasauto.at\/wp-content\/uploads\/2024\/05\/IMG_7567-1160x870.jpeg 1160w, https:\/\/www.eslebedasauto.at\/wp-content\/uploads\/2024\/05\/IMG_7567.jpeg 2048w\" sizes=\"(max-width: 1024px) 100vw, 1024px\" \/><\/figure>\n<\/figure>\n\n\n\n<p>Am wirtschaftlichsten ist der&nbsp;Astra&nbsp;nat\u00fcrlich im Fahrmodus \u201eEco\u201c unterwegs. Dann verbessert sich die Reichweite um rund 20 Kilometer gegen\u00fcber der Einstellung \u201eNormal\u201c, und wer es etwas flotter angehen will, der w\u00e4hlt \u201eSport\u201c, was sich allerdings deutlich mit einem Verlust von 30 bis 40 Kilometern bei der Reichweite auswirkt.<\/p>\n\n\n\n<figure class=\"wp-block-image size-large\"><img loading=\"lazy\" decoding=\"async\" width=\"1024\" height=\"768\" src=\"https:\/\/www.eslebedasauto.at\/wp-content\/uploads\/2024\/05\/IMG_7581-1024x768.jpeg\" alt=\"\" class=\"wp-image-95546\" srcset=\"https:\/\/www.eslebedasauto.at\/wp-content\/uploads\/2024\/05\/IMG_7581-1024x768.jpeg 1024w, https:\/\/www.eslebedasauto.at\/wp-content\/uploads\/2024\/05\/IMG_7581-300x225.jpeg 300w, https:\/\/www.eslebedasauto.at\/wp-content\/uploads\/2024\/05\/IMG_7581-768x576.jpeg 768w, https:\/\/www.eslebedasauto.at\/wp-content\/uploads\/2024\/05\/IMG_7581-1536x1152.jpeg 1536w, https:\/\/www.eslebedasauto.at\/wp-content\/uploads\/2024\/05\/IMG_7581-800x600.jpeg 800w, https:\/\/www.eslebedasauto.at\/wp-content\/uploads\/2024\/05\/IMG_7581-1160x870.jpeg 1160w, https:\/\/www.eslebedasauto.at\/wp-content\/uploads\/2024\/05\/IMG_7581.jpeg 2048w\" sizes=\"(max-width: 1024px) 100vw, 1024px\" \/><\/figure>\n\n\n\n<blockquote class=\"wp-block-quote has-text-align-center is-layout-flow wp-block-quote-is-layout-flow\">\n<p class=\"has-text-align-center\"><em>Optisch gibt sich der Opel Astra Electric nicht auf den ersten Blick als E-Mobil zu erkennen. Lediglich das kleine &#8222;e&#8220; am Heck und die gr\u00fcnen Nummerntafeln entlarven seine Antriebsart.<\/em><\/p>\n<cite>#eslebedasauto<\/cite><\/blockquote>\n\n\n\n<figure class=\"wp-block-image size-large\"><img loading=\"lazy\" decoding=\"async\" width=\"683\" height=\"1024\" src=\"https:\/\/www.eslebedasauto.at\/wp-content\/uploads\/2024\/05\/ampnet_photo_20230614_224441-683x1024.jpg\" alt=\"\" class=\"wp-image-95530\" srcset=\"https:\/\/www.eslebedasauto.at\/wp-content\/uploads\/2024\/05\/ampnet_photo_20230614_224441-683x1024.jpg 683w, https:\/\/www.eslebedasauto.at\/wp-content\/uploads\/2024\/05\/ampnet_photo_20230614_224441-200x300.jpg 200w, https:\/\/www.eslebedasauto.at\/wp-content\/uploads\/2024\/05\/ampnet_photo_20230614_224441-768x1152.jpg 768w, https:\/\/www.eslebedasauto.at\/wp-content\/uploads\/2024\/05\/ampnet_photo_20230614_224441-1024x1536.jpg 1024w, https:\/\/www.eslebedasauto.at\/wp-content\/uploads\/2024\/05\/ampnet_photo_20230614_224441-1365x2048.jpg 1365w, https:\/\/www.eslebedasauto.at\/wp-content\/uploads\/2024\/05\/ampnet_photo_20230614_224441-800x1200.jpg 800w, https:\/\/www.eslebedasauto.at\/wp-content\/uploads\/2024\/05\/ampnet_photo_20230614_224441-1160x1740.jpg 1160w, https:\/\/www.eslebedasauto.at\/wp-content\/uploads\/2024\/05\/ampnet_photo_20230614_224441.jpg 1672w\" sizes=\"(max-width: 683px) 100vw, 683px\" \/><\/figure>\n\n\n\n<p><strong>Der Akku ist tief im Wagenboden platziert<\/strong>, was zum einen den Schwerpunkt nach unten verlagert und gleichzeitig auch das Fahrverhalten positiv beeinflusst. Der elektrische\u00a0Astra\u00a0f\u00e4hrt sich,&#8230; wie ein\u00a0Astra. Verbrenner und Elektriker teilen sich das sauber abgestimmte Fahrwerk, das auch schnell gefahrene Kurven ausgesprochen leichtf\u00fc\u00dfig nimmt und unelegant adip\u00f6ses \u00fcber-die-Vorderr\u00e4der-schieben gleich gar nicht aufkommen l\u00e4sst. Die sportlich konturierten Sitze erh\u00f6hen dank gutem Seitenhalt zus\u00e4tzlich den Spa\u00df auf der kurvenreichen Strecke.<\/p>\n\n\n\n<figure class=\"wp-block-gallery has-nested-images columns-default is-cropped wp-block-gallery-2 is-layout-flex wp-block-gallery-is-layout-flex\">\n<figure class=\"wp-block-image size-large\"><img loading=\"lazy\" decoding=\"async\" width=\"1024\" height=\"442\" data-id=\"95526\" src=\"https:\/\/www.eslebedasauto.at\/wp-content\/uploads\/2024\/05\/ampnet_photo_20230614_224449-1024x442.jpg\" alt=\"\" class=\"wp-image-95526\" srcset=\"https:\/\/www.eslebedasauto.at\/wp-content\/uploads\/2024\/05\/ampnet_photo_20230614_224449-1024x442.jpg 1024w, https:\/\/www.eslebedasauto.at\/wp-content\/uploads\/2024\/05\/ampnet_photo_20230614_224449-300x130.jpg 300w, https:\/\/www.eslebedasauto.at\/wp-content\/uploads\/2024\/05\/ampnet_photo_20230614_224449-768x332.jpg 768w, https:\/\/www.eslebedasauto.at\/wp-content\/uploads\/2024\/05\/ampnet_photo_20230614_224449-1536x663.jpg 1536w, https:\/\/www.eslebedasauto.at\/wp-content\/uploads\/2024\/05\/ampnet_photo_20230614_224449-2048x885.jpg 2048w, https:\/\/www.eslebedasauto.at\/wp-content\/uploads\/2024\/05\/ampnet_photo_20230614_224449-800x346.jpg 800w, https:\/\/www.eslebedasauto.at\/wp-content\/uploads\/2024\/05\/ampnet_photo_20230614_224449-1160x501.jpg 1160w\" sizes=\"(max-width: 1024px) 100vw, 1024px\" \/><\/figure>\n\n\n\n<figure class=\"wp-block-image size-large\"><img loading=\"lazy\" decoding=\"async\" width=\"1024\" height=\"683\" data-id=\"95529\" src=\"https:\/\/www.eslebedasauto.at\/wp-content\/uploads\/2024\/05\/ampnet_photo_20230614_224438-1024x683.jpg\" alt=\"\" class=\"wp-image-95529\" srcset=\"https:\/\/www.eslebedasauto.at\/wp-content\/uploads\/2024\/05\/ampnet_photo_20230614_224438-1024x683.jpg 1024w, https:\/\/www.eslebedasauto.at\/wp-content\/uploads\/2024\/05\/ampnet_photo_20230614_224438-300x200.jpg 300w, https:\/\/www.eslebedasauto.at\/wp-content\/uploads\/2024\/05\/ampnet_photo_20230614_224438-768x512.jpg 768w, https:\/\/www.eslebedasauto.at\/wp-content\/uploads\/2024\/05\/ampnet_photo_20230614_224438-1536x1024.jpg 1536w, https:\/\/www.eslebedasauto.at\/wp-content\/uploads\/2024\/05\/ampnet_photo_20230614_224438-2048x1365.jpg 2048w, https:\/\/www.eslebedasauto.at\/wp-content\/uploads\/2024\/05\/ampnet_photo_20230614_224438-800x533.jpg 800w, https:\/\/www.eslebedasauto.at\/wp-content\/uploads\/2024\/05\/ampnet_photo_20230614_224438-1160x773.jpg 1160w\" sizes=\"(max-width: 1024px) 100vw, 1024px\" \/><\/figure>\n\n\n\n<figure class=\"wp-block-image size-large\"><img loading=\"lazy\" decoding=\"async\" width=\"1024\" height=\"438\" data-id=\"95528\" src=\"https:\/\/www.eslebedasauto.at\/wp-content\/uploads\/2024\/05\/ampnet_photo_20230614_224435-1024x438.jpg\" alt=\"\" class=\"wp-image-95528\" srcset=\"https:\/\/www.eslebedasauto.at\/wp-content\/uploads\/2024\/05\/ampnet_photo_20230614_224435-1024x438.jpg 1024w, https:\/\/www.eslebedasauto.at\/wp-content\/uploads\/2024\/05\/ampnet_photo_20230614_224435-300x128.jpg 300w, https:\/\/www.eslebedasauto.at\/wp-content\/uploads\/2024\/05\/ampnet_photo_20230614_224435-768x328.jpg 768w, https:\/\/www.eslebedasauto.at\/wp-content\/uploads\/2024\/05\/ampnet_photo_20230614_224435-1536x657.jpg 1536w, https:\/\/www.eslebedasauto.at\/wp-content\/uploads\/2024\/05\/ampnet_photo_20230614_224435-2048x876.jpg 2048w, https:\/\/www.eslebedasauto.at\/wp-content\/uploads\/2024\/05\/ampnet_photo_20230614_224435-800x342.jpg 800w, https:\/\/www.eslebedasauto.at\/wp-content\/uploads\/2024\/05\/ampnet_photo_20230614_224435-1160x496.jpg 1160w\" sizes=\"(max-width: 1024px) 100vw, 1024px\" \/><\/figure>\n\n\n\n<figure class=\"wp-block-image size-large\"><img loading=\"lazy\" decoding=\"async\" width=\"1024\" height=\"516\" data-id=\"95527\" src=\"https:\/\/www.eslebedasauto.at\/wp-content\/uploads\/2024\/05\/ampnet_photo_20230614_224447-1024x516.jpg\" alt=\"\" class=\"wp-image-95527\" srcset=\"https:\/\/www.eslebedasauto.at\/wp-content\/uploads\/2024\/05\/ampnet_photo_20230614_224447-1024x516.jpg 1024w, https:\/\/www.eslebedasauto.at\/wp-content\/uploads\/2024\/05\/ampnet_photo_20230614_224447-300x151.jpg 300w, https:\/\/www.eslebedasauto.at\/wp-content\/uploads\/2024\/05\/ampnet_photo_20230614_224447-768x387.jpg 768w, https:\/\/www.eslebedasauto.at\/wp-content\/uploads\/2024\/05\/ampnet_photo_20230614_224447-1536x775.jpg 1536w, https:\/\/www.eslebedasauto.at\/wp-content\/uploads\/2024\/05\/ampnet_photo_20230614_224447-2048x1033.jpg 2048w, https:\/\/www.eslebedasauto.at\/wp-content\/uploads\/2024\/05\/ampnet_photo_20230614_224447-800x403.jpg 800w, https:\/\/www.eslebedasauto.at\/wp-content\/uploads\/2024\/05\/ampnet_photo_20230614_224447-1160x585.jpg 1160w\" sizes=\"(max-width: 1024px) 100vw, 1024px\" \/><\/figure>\n<\/figure>\n\n\n\n<p>Der&nbsp;Opel Astra&nbsp;Electric ist serienm\u00e4\u00dfig mit einem dreiphasigen 11 kW starken Onboard-Lader ausger\u00fcstet und an einer 100 kW starken Schnelllades\u00e4ule vergehen rund 30 Minuten bis der Akku wieder 80 Prozent gef\u00fcllt ist. Ebenfalls ein Vorteil der bodennahen Batterie ist, dass der Innenraum ebenso ger\u00e4umig, wie bei den Verbrenner-Versionen ist. Der Kofferraum fasst 352 Liter bei aufgestellten R\u00fccksitzen und l\u00e4sst sich bei Bedarf auf 1268 Liter vergr\u00f6\u00dfern. Wer mehr Platz braucht, greift einfach zur Kombi-Version.<\/p>\n\n\n\n<figure class=\"wp-block-image size-large\"><img loading=\"lazy\" decoding=\"async\" width=\"1024\" height=\"683\" src=\"https:\/\/www.eslebedasauto.at\/wp-content\/uploads\/2024\/05\/ampnet_photo_20230614_224429-1024x683.jpg\" alt=\"\" class=\"wp-image-95525\" srcset=\"https:\/\/www.eslebedasauto.at\/wp-content\/uploads\/2024\/05\/ampnet_photo_20230614_224429-1024x683.jpg 1024w, https:\/\/www.eslebedasauto.at\/wp-content\/uploads\/2024\/05\/ampnet_photo_20230614_224429-300x200.jpg 300w, https:\/\/www.eslebedasauto.at\/wp-content\/uploads\/2024\/05\/ampnet_photo_20230614_224429-768x512.jpg 768w, https:\/\/www.eslebedasauto.at\/wp-content\/uploads\/2024\/05\/ampnet_photo_20230614_224429-1536x1024.jpg 1536w, https:\/\/www.eslebedasauto.at\/wp-content\/uploads\/2024\/05\/ampnet_photo_20230614_224429-2048x1365.jpg 2048w, https:\/\/www.eslebedasauto.at\/wp-content\/uploads\/2024\/05\/ampnet_photo_20230614_224429-800x533.jpg 800w, https:\/\/www.eslebedasauto.at\/wp-content\/uploads\/2024\/05\/ampnet_photo_20230614_224429-1160x773.jpg 1160w\" sizes=\"(max-width: 1024px) 100vw, 1024px\" \/><\/figure>\n\n\n\n<figure class=\"wp-block-gallery has-nested-images columns-default is-cropped wp-block-gallery-3 is-layout-flex wp-block-gallery-is-layout-flex\">\n<figure class=\"wp-block-image size-large\"><img loading=\"lazy\" decoding=\"async\" width=\"1024\" height=\"683\" data-id=\"95524\" src=\"https:\/\/www.eslebedasauto.at\/wp-content\/uploads\/2024\/05\/ampnet_photo_20230614_224432-1024x683.jpg\" alt=\"\" class=\"wp-image-95524\" srcset=\"https:\/\/www.eslebedasauto.at\/wp-content\/uploads\/2024\/05\/ampnet_photo_20230614_224432-1024x683.jpg 1024w, https:\/\/www.eslebedasauto.at\/wp-content\/uploads\/2024\/05\/ampnet_photo_20230614_224432-300x200.jpg 300w, https:\/\/www.eslebedasauto.at\/wp-content\/uploads\/2024\/05\/ampnet_photo_20230614_224432-768x512.jpg 768w, https:\/\/www.eslebedasauto.at\/wp-content\/uploads\/2024\/05\/ampnet_photo_20230614_224432-1536x1024.jpg 1536w, https:\/\/www.eslebedasauto.at\/wp-content\/uploads\/2024\/05\/ampnet_photo_20230614_224432-2048x1365.jpg 2048w, https:\/\/www.eslebedasauto.at\/wp-content\/uploads\/2024\/05\/ampnet_photo_20230614_224432-800x533.jpg 800w, https:\/\/www.eslebedasauto.at\/wp-content\/uploads\/2024\/05\/ampnet_photo_20230614_224432-1160x773.jpg 1160w\" sizes=\"(max-width: 1024px) 100vw, 1024px\" \/><\/figure>\n\n\n\n<figure class=\"wp-block-image size-large\"><img loading=\"lazy\" decoding=\"async\" width=\"1024\" height=\"683\" data-id=\"95523\" src=\"https:\/\/www.eslebedasauto.at\/wp-content\/uploads\/2024\/05\/ampnet_photo_20230614_224431-1024x683.jpg\" alt=\"\" class=\"wp-image-95523\" srcset=\"https:\/\/www.eslebedasauto.at\/wp-content\/uploads\/2024\/05\/ampnet_photo_20230614_224431-1024x683.jpg 1024w, https:\/\/www.eslebedasauto.at\/wp-content\/uploads\/2024\/05\/ampnet_photo_20230614_224431-300x200.jpg 300w, https:\/\/www.eslebedasauto.at\/wp-content\/uploads\/2024\/05\/ampnet_photo_20230614_224431-768x512.jpg 768w, https:\/\/www.eslebedasauto.at\/wp-content\/uploads\/2024\/05\/ampnet_photo_20230614_224431-1536x1024.jpg 1536w, https:\/\/www.eslebedasauto.at\/wp-content\/uploads\/2024\/05\/ampnet_photo_20230614_224431-2048x1365.jpg 2048w, https:\/\/www.eslebedasauto.at\/wp-content\/uploads\/2024\/05\/ampnet_photo_20230614_224431-800x533.jpg 800w, https:\/\/www.eslebedasauto.at\/wp-content\/uploads\/2024\/05\/ampnet_photo_20230614_224431-1160x773.jpg 1160w\" sizes=\"(max-width: 1024px) 100vw, 1024px\" \/><\/figure>\n<\/figure>\n\n\n\n<p><strong>Opel ist bei der Ausstattung des Astra&nbsp;Electric nicht knausrig:<\/strong> Unter anderem werden Voll-LED-Scheinwerfern, ein Frontkollisionswarner mit automatischer Gefahrenbremsung sowie Spurhalteassistent, Verkehrsschilderkennung, automatischer Tempomat, Parkpilot vorne und hinten sowie eine W\u00e4rmepumpe f\u00fcr die Klimatisierung serienm\u00e4\u00dfig verbaut. W\u00e4hlt man die getestete Top-Ausstattung &#8222;GS&#8220; muss man sich sowieso nur mehr um die Wahl der Farbe k\u00fcmmern um ein Rundum-Sorglos-Paket zu bekommen.<\/p>\n\n\n\n<figure class=\"wp-block-image size-large\"><img loading=\"lazy\" decoding=\"async\" width=\"1024\" height=\"683\" src=\"https:\/\/www.eslebedasauto.at\/wp-content\/uploads\/2024\/05\/ampnet_photo_20230614_224428-1024x683.jpg\" alt=\"\" class=\"wp-image-95531\" srcset=\"https:\/\/www.eslebedasauto.at\/wp-content\/uploads\/2024\/05\/ampnet_photo_20230614_224428-1024x683.jpg 1024w, https:\/\/www.eslebedasauto.at\/wp-content\/uploads\/2024\/05\/ampnet_photo_20230614_224428-300x200.jpg 300w, https:\/\/www.eslebedasauto.at\/wp-content\/uploads\/2024\/05\/ampnet_photo_20230614_224428-768x512.jpg 768w, https:\/\/www.eslebedasauto.at\/wp-content\/uploads\/2024\/05\/ampnet_photo_20230614_224428-1536x1024.jpg 1536w, https:\/\/www.eslebedasauto.at\/wp-content\/uploads\/2024\/05\/ampnet_photo_20230614_224428-2048x1365.jpg 2048w, https:\/\/www.eslebedasauto.at\/wp-content\/uploads\/2024\/05\/ampnet_photo_20230614_224428-800x533.jpg 800w, https:\/\/www.eslebedasauto.at\/wp-content\/uploads\/2024\/05\/ampnet_photo_20230614_224428-1160x773.jpg 1160w\" sizes=\"(max-width: 1024px) 100vw, 1024px\" \/><\/figure>\n\n\n\n<h3 id=\"unterm-strich\" class=\"wp-block-heading\">Unterm Strich<\/h3>\n\n\n\n<p>Der Opel Astra pr\u00e4sentiert sich auch in der Elektroversion als im positivem Sinne schn\u00f6rkelloses Wohlf\u00fchlauto mit \u00fcberraschend niedrigem Gewicht, toller Technik und angenehm bodenst\u00e4ndiger Ausstrahlung. Was auch wichtig ist: Wer mehr Platz ben\u00f6tigt, kann auch zur vollelektrischen&nbsp;Kombivariante, dem Astra&nbsp;Sports Tourer greifen, was viele freuen wird.<\/p>\n\n\n\n<figure class=\"wp-block-image size-large\"><img loading=\"lazy\" decoding=\"async\" width=\"1024\" height=\"768\" src=\"https:\/\/www.eslebedasauto.at\/wp-content\/uploads\/2024\/05\/IMG_7579-1024x768.jpeg\" alt=\"\" class=\"wp-image-95544\" srcset=\"https:\/\/www.eslebedasauto.at\/wp-content\/uploads\/2024\/05\/IMG_7579-1024x768.jpeg 1024w, https:\/\/www.eslebedasauto.at\/wp-content\/uploads\/2024\/05\/IMG_7579-300x225.jpeg 300w, https:\/\/www.eslebedasauto.at\/wp-content\/uploads\/2024\/05\/IMG_7579-768x576.jpeg 768w, https:\/\/www.eslebedasauto.at\/wp-content\/uploads\/2024\/05\/IMG_7579-1536x1152.jpeg 1536w, https:\/\/www.eslebedasauto.at\/wp-content\/uploads\/2024\/05\/IMG_7579-800x600.jpeg 800w, https:\/\/www.eslebedasauto.at\/wp-content\/uploads\/2024\/05\/IMG_7579-1160x870.jpeg 1160w, https:\/\/www.eslebedasauto.at\/wp-content\/uploads\/2024\/05\/IMG_7579.jpeg 2048w\" sizes=\"(max-width: 1024px) 100vw, 1024px\" \/><\/figure>\n\n\n\n<p><strong>Daten Fakten Opel&nbsp;Astra&nbsp;Electric<br><\/strong>Antrieb: Elektrisch, Frontantrieb<br>Leistung: 115kW \/ 156 PS<br>Drehmoment: 270 Nm<br>H\u00f6chstgeschwindigkeit 170 km\/h<br>0 auf 100 km\/h: 9,2 Sek.<br>Batteriegr\u00f6\u00dfe: 54 kWh<br>WLTP-Durchschnittsverbrauch: 14,8 kWh<br>Reichweite: 418 km (WLTP)<br>Leergewicht: 1679 kg<br>Preis: ab 41.839 Euro<\/p>","protected":false},"excerpt":{"rendered":"<p>Der Opel Astra pr\u00e4sentiert sich auch in der Elektroversion als im positivem Sinne schn\u00f6rkelloses Wohlf\u00fchlauto mit niedrigem Gewicht, toller Technik und angenehm bodenst\u00e4ndiger Ausstrahlung. <\/p>","protected":false},"author":2,"featured_media":95540,"comment_status":"open","ping_status":"open","sticky":false,"template":"","format":"standard","meta":{"neve_meta_sidebar":"","neve_meta_container":"","neve_meta_enable_content_width":"","neve_meta_content_width":0,"neve_meta_title_alignment":"","neve_meta_author_avatar":"","neve_post_elements_order":"","neve_meta_disable_header":"","neve_meta_disable_footer":"","neve_meta_disable_title":"","neve_meta_reading_time":"","footnotes":""},"categories":[555,335],"tags":[],"class_list":["post-95519","post","type-post","status-publish","format-standard","has-post-thumbnail","hentry","category-electrofun","category-fahrberichte"],"yoast_head":"<!-- This site is optimized with the Yoast SEO plugin v26.8 - https:\/\/yoast.com\/product\/yoast-seo-wordpress\/ -->\n<title>Bruder Leichtfu\u00df - Es lebe das Auto<\/title>\n<meta name=\"description\" content=\"Der Opel Astra E pr\u00e4sentiert sich als schn\u00f6rkelloses Wohlf\u00fchlauto mit niedrigem Gewicht, toller Technik und angenehm bodenst\u00e4ndiger Ausstrahlung.\" \/>\n<meta name=\"robots\" content=\"index, follow, max-snippet:-1, max-image-preview:large, max-video-preview:-1\" \/>\n<link rel=\"canonical\" href=\"https:\/\/www.eslebedasauto.at\/en\/opel-astra-e-test\/\" \/>\n<meta property=\"og:locale\" content=\"en_GB\" \/>\n<meta property=\"og:type\" content=\"article\" \/>\n<meta property=\"og:title\" content=\"Bruder Leichtfu\u00df - Es lebe das Auto\" \/>\n<meta property=\"og:description\" content=\"Der Opel Astra E pr\u00e4sentiert sich als schn\u00f6rkelloses Wohlf\u00fchlauto mit niedrigem Gewicht, toller Technik und angenehm bodenst\u00e4ndiger Ausstrahlung.\" \/>\n<meta property=\"og:url\" content=\"https:\/\/www.eslebedasauto.at\/en\/opel-astra-e-test\/\" \/>\n<meta property=\"og:site_name\" content=\"Es lebe das Auto\" \/>\n<meta property=\"article:publisher\" content=\"https:\/\/www.facebook.com\/eslebedasauto.at\" \/>\n<meta property=\"article:published_time\" content=\"2024-05-29T18:11:51+00:00\" \/>\n<meta property=\"article:modified_time\" content=\"2024-05-29T18:11:52+00:00\" \/>\n<meta property=\"og:image\" content=\"https:\/\/www.eslebedasauto.at\/wp-content\/uploads\/2024\/05\/IMG_7569.jpeg\" \/>\n\t<meta property=\"og:image:width\" content=\"2048\" \/>\n\t<meta property=\"og:image:height\" content=\"1536\" \/>\n\t<meta property=\"og:image:type\" content=\"image\/jpeg\" \/>\n<meta name=\"author\" content=\"gerhard\" \/>\n<meta name=\"twitter:card\" content=\"summary_large_image\" \/>\n<meta name=\"twitter:label1\" content=\"Written by\" \/>\n\t<meta name=\"twitter:data1\" content=\"gerhard\" \/>\n\t<meta name=\"twitter:label2\" content=\"Estimated reading time\" \/>\n\t<meta name=\"twitter:data2\" content=\"7 minutes\" \/>\n<script type=\"application\/ld+json\" class=\"yoast-schema-graph\">{\"@context\":\"https:\/\/schema.org\",\"@graph\":[{\"@type\":\"Article\",\"@id\":\"https:\/\/www.eslebedasauto.at\/opel-astra-e-test\/#article\",\"isPartOf\":{\"@id\":\"https:\/\/www.eslebedasauto.at\/opel-astra-e-test\/\"},\"author\":{\"name\":\"gerhard\",\"@id\":\"https:\/\/www.eslebedasauto.at\/#\/schema\/person\/fb81218b0bed500d225ff518f9f17033\"},\"headline\":\"Bruder Leichtfu\u00df\",\"datePublished\":\"2024-05-29T18:11:51+00:00\",\"dateModified\":\"2024-05-29T18:11:52+00:00\",\"mainEntityOfPage\":{\"@id\":\"https:\/\/www.eslebedasauto.at\/opel-astra-e-test\/\"},\"wordCount\":562,\"commentCount\":0,\"publisher\":{\"@id\":\"https:\/\/www.eslebedasauto.at\/#organization\"},\"image\":{\"@id\":\"https:\/\/www.eslebedasauto.at\/opel-astra-e-test\/#primaryimage\"},\"thumbnailUrl\":\"https:\/\/www.eslebedasauto.at\/wp-content\/uploads\/2024\/05\/IMG_7569.jpeg\",\"articleSection\":[\"Electrofun\",\"Fahrberichte\"],\"inLanguage\":\"en-GB\",\"potentialAction\":[{\"@type\":\"CommentAction\",\"name\":\"Comment\",\"target\":[\"https:\/\/www.eslebedasauto.at\/opel-astra-e-test\/#respond\"]}]},{\"@type\":\"WebPage\",\"@id\":\"https:\/\/www.eslebedasauto.at\/opel-astra-e-test\/\",\"url\":\"https:\/\/www.eslebedasauto.at\/opel-astra-e-test\/\",\"name\":\"Bruder Leichtfu\u00df - Es lebe das Auto\",\"isPartOf\":{\"@id\":\"https:\/\/www.eslebedasauto.at\/#website\"},\"primaryImageOfPage\":{\"@id\":\"https:\/\/www.eslebedasauto.at\/opel-astra-e-test\/#primaryimage\"},\"image\":{\"@id\":\"https:\/\/www.eslebedasauto.at\/opel-astra-e-test\/#primaryimage\"},\"thumbnailUrl\":\"https:\/\/www.eslebedasauto.at\/wp-content\/uploads\/2024\/05\/IMG_7569.jpeg\",\"datePublished\":\"2024-05-29T18:11:51+00:00\",\"dateModified\":\"2024-05-29T18:11:52+00:00\",\"description\":\"Der Opel Astra E pr\u00e4sentiert sich als schn\u00f6rkelloses Wohlf\u00fchlauto mit niedrigem Gewicht, toller Technik und angenehm bodenst\u00e4ndiger Ausstrahlung.\",\"breadcrumb\":{\"@id\":\"https:\/\/www.eslebedasauto.at\/opel-astra-e-test\/#breadcrumb\"},\"inLanguage\":\"en-GB\",\"potentialAction\":[{\"@type\":\"ReadAction\",\"target\":[\"https:\/\/www.eslebedasauto.at\/opel-astra-e-test\/\"]}]},{\"@type\":\"ImageObject\",\"inLanguage\":\"en-GB\",\"@id\":\"https:\/\/www.eslebedasauto.at\/opel-astra-e-test\/#primaryimage\",\"url\":\"https:\/\/www.eslebedasauto.at\/wp-content\/uploads\/2024\/05\/IMG_7569.jpeg\",\"contentUrl\":\"https:\/\/www.eslebedasauto.at\/wp-content\/uploads\/2024\/05\/IMG_7569.jpeg\",\"width\":2048,\"height\":1536},{\"@type\":\"BreadcrumbList\",\"@id\":\"https:\/\/www.eslebedasauto.at\/opel-astra-e-test\/#breadcrumb\",\"itemListElement\":[{\"@type\":\"ListItem\",\"position\":1,\"name\":\"Startseite\",\"item\":\"https:\/\/www.eslebedasauto.at\/\"},{\"@type\":\"ListItem\",\"position\":2,\"name\":\"Bruder Leichtfu\u00df\"}]},{\"@type\":\"WebSite\",\"@id\":\"https:\/\/www.eslebedasauto.at\/#website\",\"url\":\"https:\/\/www.eslebedasauto.at\/\",\"name\":\"Es lebe das Auto\",\"description\":\"ein Hoch auf den Individualverkehr\",\"publisher\":{\"@id\":\"https:\/\/www.eslebedasauto.at\/#organization\"},\"potentialAction\":[{\"@type\":\"SearchAction\",\"target\":{\"@type\":\"EntryPoint\",\"urlTemplate\":\"https:\/\/www.eslebedasauto.at\/?s={search_term_string}\"},\"query-input\":{\"@type\":\"PropertyValueSpecification\",\"valueRequired\":true,\"valueName\":\"search_term_string\"}}],\"inLanguage\":\"en-GB\"},{\"@type\":\"Organization\",\"@id\":\"https:\/\/www.eslebedasauto.at\/#organization\",\"name\":\"eslebedasauto\",\"url\":\"https:\/\/www.eslebedasauto.at\/\",\"logo\":{\"@type\":\"ImageObject\",\"inLanguage\":\"en-GB\",\"@id\":\"https:\/\/www.eslebedasauto.at\/#\/schema\/logo\/image\/\",\"url\":\"https:\/\/www.eslebedasauto.at\/wp-content\/uploads\/2025\/10\/eldarund.png\",\"contentUrl\":\"https:\/\/www.eslebedasauto.at\/wp-content\/uploads\/2025\/10\/eldarund.png\",\"width\":1024,\"height\":1024,\"caption\":\"eslebedasauto\"},\"image\":{\"@id\":\"https:\/\/www.eslebedasauto.at\/#\/schema\/logo\/image\/\"},\"sameAs\":[\"https:\/\/www.facebook.com\/eslebedasauto.at\",\"https:\/\/www.instagram.com\/es_lebe_das_auto\/\"]},{\"@type\":\"Person\",\"@id\":\"https:\/\/www.eslebedasauto.at\/#\/schema\/person\/fb81218b0bed500d225ff518f9f17033\",\"name\":\"gerhard\",\"url\":\"https:\/\/www.eslebedasauto.at\/en\/author\/gerhard\/\"}]}<\/script>\n<!-- \/ Yoast SEO plugin. -->","yoast_head_json":{"title":"Bruder Leichtfu\u00df - Es lebe das Auto","description":"Der Opel Astra E pr\u00e4sentiert sich als schn\u00f6rkelloses Wohlf\u00fchlauto mit niedrigem Gewicht, toller Technik und angenehm bodenst\u00e4ndiger Ausstrahlung.","robots":{"index":"index","follow":"follow","max-snippet":"max-snippet:-1","max-image-preview":"max-image-preview:large","max-video-preview":"max-video-preview:-1"},"canonical":"https:\/\/www.eslebedasauto.at\/en\/opel-astra-e-test\/","og_locale":"en_GB","og_type":"article","og_title":"Bruder Leichtfu\u00df - Es lebe das Auto","og_description":"Der Opel Astra E pr\u00e4sentiert sich als schn\u00f6rkelloses Wohlf\u00fchlauto mit niedrigem Gewicht, toller Technik und angenehm bodenst\u00e4ndiger Ausstrahlung.","og_url":"https:\/\/www.eslebedasauto.at\/en\/opel-astra-e-test\/","og_site_name":"Es lebe das Auto","article_publisher":"https:\/\/www.facebook.com\/eslebedasauto.at","article_published_time":"2024-05-29T18:11:51+00:00","article_modified_time":"2024-05-29T18:11:52+00:00","og_image":[{"width":2048,"height":1536,"url":"https:\/\/www.eslebedasauto.at\/wp-content\/uploads\/2024\/05\/IMG_7569.jpeg","type":"image\/jpeg"}],"author":"gerhard","twitter_card":"summary_large_image","twitter_misc":{"Written by":"gerhard","Estimated reading time":"7 minutes"},"schema":{"@context":"https:\/\/schema.org","@graph":[{"@type":"Article","@id":"https:\/\/www.eslebedasauto.at\/opel-astra-e-test\/#article","isPartOf":{"@id":"https:\/\/www.eslebedasauto.at\/opel-astra-e-test\/"},"author":{"name":"gerhard","@id":"https:\/\/www.eslebedasauto.at\/#\/schema\/person\/fb81218b0bed500d225ff518f9f17033"},"headline":"Bruder Leichtfu\u00df","datePublished":"2024-05-29T18:11:51+00:00","dateModified":"2024-05-29T18:11:52+00:00","mainEntityOfPage":{"@id":"https:\/\/www.eslebedasauto.at\/opel-astra-e-test\/"},"wordCount":562,"commentCount":0,"publisher":{"@id":"https:\/\/www.eslebedasauto.at\/#organization"},"image":{"@id":"https:\/\/www.eslebedasauto.at\/opel-astra-e-test\/#primaryimage"},"thumbnailUrl":"https:\/\/www.eslebedasauto.at\/wp-content\/uploads\/2024\/05\/IMG_7569.jpeg","articleSection":["Electrofun","Fahrberichte"],"inLanguage":"en-GB","potentialAction":[{"@type":"CommentAction","name":"Comment","target":["https:\/\/www.eslebedasauto.at\/opel-astra-e-test\/#respond"]}]},{"@type":"WebPage","@id":"https:\/\/www.eslebedasauto.at\/opel-astra-e-test\/","url":"https:\/\/www.eslebedasauto.at\/opel-astra-e-test\/","name":"Bruder Leichtfu\u00df - Es lebe das Auto","isPartOf":{"@id":"https:\/\/www.eslebedasauto.at\/#website"},"primaryImageOfPage":{"@id":"https:\/\/www.eslebedasauto.at\/opel-astra-e-test\/#primaryimage"},"image":{"@id":"https:\/\/www.eslebedasauto.at\/opel-astra-e-test\/#primaryimage"},"thumbnailUrl":"https:\/\/www.eslebedasauto.at\/wp-content\/uploads\/2024\/05\/IMG_7569.jpeg","datePublished":"2024-05-29T18:11:51+00:00","dateModified":"2024-05-29T18:11:52+00:00","description":"Der Opel Astra E pr\u00e4sentiert sich als schn\u00f6rkelloses Wohlf\u00fchlauto mit niedrigem Gewicht, toller Technik und angenehm bodenst\u00e4ndiger Ausstrahlung.","breadcrumb":{"@id":"https:\/\/www.eslebedasauto.at\/opel-astra-e-test\/#breadcrumb"},"inLanguage":"en-GB","potentialAction":[{"@type":"ReadAction","target":["https:\/\/www.eslebedasauto.at\/opel-astra-e-test\/"]}]},{"@type":"ImageObject","inLanguage":"en-GB","@id":"https:\/\/www.eslebedasauto.at\/opel-astra-e-test\/#primaryimage","url":"https:\/\/www.eslebedasauto.at\/wp-content\/uploads\/2024\/05\/IMG_7569.jpeg","contentUrl":"https:\/\/www.eslebedasauto.at\/wp-content\/uploads\/2024\/05\/IMG_7569.jpeg","width":2048,"height":1536},{"@type":"BreadcrumbList","@id":"https:\/\/www.eslebedasauto.at\/opel-astra-e-test\/#breadcrumb","itemListElement":[{"@type":"ListItem","position":1,"name":"Startseite","item":"https:\/\/www.eslebedasauto.at\/"},{"@type":"ListItem","position":2,"name":"Bruder Leichtfu\u00df"}]},{"@type":"WebSite","@id":"https:\/\/www.eslebedasauto.at\/#website","url":"https:\/\/www.eslebedasauto.at\/","name":"Es lebe das Auto","description":"ein Hoch auf den Individualverkehr","publisher":{"@id":"https:\/\/www.eslebedasauto.at\/#organization"},"potentialAction":[{"@type":"SearchAction","target":{"@type":"EntryPoint","urlTemplate":"https:\/\/www.eslebedasauto.at\/?s={search_term_string}"},"query-input":{"@type":"PropertyValueSpecification","valueRequired":true,"valueName":"search_term_string"}}],"inLanguage":"en-GB"},{"@type":"Organization","@id":"https:\/\/www.eslebedasauto.at\/#organization","name":"eslebedasauto","url":"https:\/\/www.eslebedasauto.at\/","logo":{"@type":"ImageObject","inLanguage":"en-GB","@id":"https:\/\/www.eslebedasauto.at\/#\/schema\/logo\/image\/","url":"https:\/\/www.eslebedasauto.at\/wp-content\/uploads\/2025\/10\/eldarund.png","contentUrl":"https:\/\/www.eslebedasauto.at\/wp-content\/uploads\/2025\/10\/eldarund.png","width":1024,"height":1024,"caption":"eslebedasauto"},"image":{"@id":"https:\/\/www.eslebedasauto.at\/#\/schema\/logo\/image\/"},"sameAs":["https:\/\/www.facebook.com\/eslebedasauto.at","https:\/\/www.instagram.com\/es_lebe_das_auto\/"]},{"@type":"Person","@id":"https:\/\/www.eslebedasauto.at\/#\/schema\/person\/fb81218b0bed500d225ff518f9f17033","name":"gerhard","url":"https:\/\/www.eslebedasauto.at\/en\/author\/gerhard\/"}]}},"_links":{"self":[{"href":"https:\/\/www.eslebedasauto.at\/en\/wp-json\/wp\/v2\/posts\/95519","targetHints":{"allow":["GET"]}}],"collection":[{"href":"https:\/\/www.eslebedasauto.at\/en\/wp-json\/wp\/v2\/posts"}],"about":[{"href":"https:\/\/www.eslebedasauto.at\/en\/wp-json\/wp\/v2\/types\/post"}],"author":[{"embeddable":true,"href":"https:\/\/www.eslebedasauto.at\/en\/wp-json\/wp\/v2\/users\/2"}],"replies":[{"embeddable":true,"href":"https:\/\/www.eslebedasauto.at\/en\/wp-json\/wp\/v2\/comments?post=95519"}],"version-history":[{"count":10,"href":"https:\/\/www.eslebedasauto.at\/en\/wp-json\/wp\/v2\/posts\/95519\/revisions"}],"predecessor-version":[{"id":95547,"href":"https:\/\/www.eslebedasauto.at\/en\/wp-json\/wp\/v2\/posts\/95519\/revisions\/95547"}],"wp:featuredmedia":[{"embeddable":true,"href":"https:\/\/www.eslebedasauto.at\/en\/wp-json\/wp\/v2\/media\/95540"}],"wp:attachment":[{"href":"https:\/\/www.eslebedasauto.at\/en\/wp-json\/wp\/v2\/media?parent=95519"}],"wp:term":[{"taxonomy":"category","embeddable":true,"href":"https:\/\/www.eslebedasauto.at\/en\/wp-json\/wp\/v2\/categories?post=95519"},{"taxonomy":"post_tag","embeddable":true,"href":"https:\/\/www.eslebedasauto.at\/en\/wp-json\/wp\/v2\/tags?post=95519"}],"curies":[{"name":"wp","href":"https:\/\/api.w.org\/{rel}","templated":true}]}}