{"id":94638,"date":"2024-02-25T19:30:07","date_gmt":"2024-02-25T18:30:07","guid":{"rendered":"https:\/\/www.eslebedasauto.at\/?p=94638"},"modified":"2024-02-25T19:39:26","modified_gmt":"2024-02-25T18:39:26","slug":"polestar-2-generation-2024","status":"publish","type":"post","link":"https:\/\/www.eslebedasauto.at\/en\/polestar-2-generation-2024\/","title":{"rendered":"Polestar 2 &#8211; das nennen wir mal ein Update!"},"content":{"rendered":"<h2 id=\"die-single-motor-varianten-des-polestar-2-sind-jetzt-heckgetrieben-und-werden-von-einem-neu-entwickelten-permanentmagnetmotor-angetrieben\" class=\"wp-block-heading\">Die Single-Motor-Varianten des Polestar 2 sind jetzt heckgetrieben und werden von einem neu entwickelten Permanentmagnetmotor angetrieben. <\/h2>\n\n\n\n<figure class=\"wp-block-image size-large\"><img fetchpriority=\"high\" decoding=\"async\" width=\"1024\" height=\"768\" src=\"https:\/\/www.eslebedasauto.at\/wp-content\/uploads\/2024\/02\/IMG_6326-1024x768.jpeg\" alt=\"\" class=\"wp-image-94530\" srcset=\"https:\/\/www.eslebedasauto.at\/wp-content\/uploads\/2024\/02\/IMG_6326-1024x768.jpeg 1024w, https:\/\/www.eslebedasauto.at\/wp-content\/uploads\/2024\/02\/IMG_6326-300x225.jpeg 300w, https:\/\/www.eslebedasauto.at\/wp-content\/uploads\/2024\/02\/IMG_6326-768x576.jpeg 768w, https:\/\/www.eslebedasauto.at\/wp-content\/uploads\/2024\/02\/IMG_6326-1536x1152.jpeg 1536w, https:\/\/www.eslebedasauto.at\/wp-content\/uploads\/2024\/02\/IMG_6326-800x600.jpeg 800w, https:\/\/www.eslebedasauto.at\/wp-content\/uploads\/2024\/02\/IMG_6326-1160x870.jpeg 1160w, https:\/\/www.eslebedasauto.at\/wp-content\/uploads\/2024\/02\/IMG_6326.jpeg 2048w\" sizes=\"(max-width: 1024px) 100vw, 1024px\" \/><\/figure>\n\n\n\n<p>Das ist, als wenn VW den Golf von Front- auf Heckantrieb umstellt und den Motor gleichzeitig im Heck montiert. Sowas geht nur bei Elektrofahrzeugen. Gleichzeitig wurde der\u00a0Polestar\u00a02 nat\u00fcrlich optisch st\u00e4rker dem\u00a0soeben vorgestellten Polestar\u00a03 angeglichen. <\/p>\n\n\n\n<figure class=\"wp-block-image size-large\"><img decoding=\"async\" width=\"1024\" height=\"768\" src=\"https:\/\/www.eslebedasauto.at\/wp-content\/uploads\/2024\/02\/IMG_6318-1024x768.jpeg\" alt=\"\" class=\"wp-image-94526\" srcset=\"https:\/\/www.eslebedasauto.at\/wp-content\/uploads\/2024\/02\/IMG_6318-1024x768.jpeg 1024w, https:\/\/www.eslebedasauto.at\/wp-content\/uploads\/2024\/02\/IMG_6318-300x225.jpeg 300w, https:\/\/www.eslebedasauto.at\/wp-content\/uploads\/2024\/02\/IMG_6318-768x576.jpeg 768w, https:\/\/www.eslebedasauto.at\/wp-content\/uploads\/2024\/02\/IMG_6318-1536x1152.jpeg 1536w, https:\/\/www.eslebedasauto.at\/wp-content\/uploads\/2024\/02\/IMG_6318-800x600.jpeg 800w, https:\/\/www.eslebedasauto.at\/wp-content\/uploads\/2024\/02\/IMG_6318-1160x870.jpeg 1160w, https:\/\/www.eslebedasauto.at\/wp-content\/uploads\/2024\/02\/IMG_6318.jpeg 2048w\" sizes=\"(max-width: 1024px) 100vw, 1024px\" \/><\/figure>\n\n\n\n<p>Die Leistung stieg bei der Single-Motor-Longrange Variante auf 220 kW (299 PS), das Drehmoment auf 490 Nm. Der Wert f\u00fcr die Beschleunigung von 0 auf 100 km\/h sinkt dabei um 1,2 Sekunden auf 6,2 Sekunden.<\/p>\n\n\n\n<figure class=\"wp-block-gallery has-nested-images columns-default is-cropped wp-block-gallery-1 is-layout-flex wp-block-gallery-is-layout-flex\">\n<figure class=\"wp-block-image size-large\"><img decoding=\"async\" width=\"1024\" height=\"768\" data-id=\"94525\" src=\"https:\/\/www.eslebedasauto.at\/wp-content\/uploads\/2024\/02\/IMG_6316-1024x768.jpeg\" alt=\"\" class=\"wp-image-94525\" srcset=\"https:\/\/www.eslebedasauto.at\/wp-content\/uploads\/2024\/02\/IMG_6316-1024x768.jpeg 1024w, https:\/\/www.eslebedasauto.at\/wp-content\/uploads\/2024\/02\/IMG_6316-300x225.jpeg 300w, https:\/\/www.eslebedasauto.at\/wp-content\/uploads\/2024\/02\/IMG_6316-768x576.jpeg 768w, https:\/\/www.eslebedasauto.at\/wp-content\/uploads\/2024\/02\/IMG_6316-1536x1152.jpeg 1536w, https:\/\/www.eslebedasauto.at\/wp-content\/uploads\/2024\/02\/IMG_6316-800x600.jpeg 800w, https:\/\/www.eslebedasauto.at\/wp-content\/uploads\/2024\/02\/IMG_6316-1160x870.jpeg 1160w, https:\/\/www.eslebedasauto.at\/wp-content\/uploads\/2024\/02\/IMG_6316.jpeg 2048w\" sizes=\"(max-width: 1024px) 100vw, 1024px\" \/><\/figure>\n\n\n\n<figure class=\"wp-block-image size-large\"><img loading=\"lazy\" decoding=\"async\" width=\"1024\" height=\"768\" data-id=\"94531\" src=\"https:\/\/www.eslebedasauto.at\/wp-content\/uploads\/2024\/02\/IMG_6327-1024x768.jpeg\" alt=\"\" class=\"wp-image-94531\" srcset=\"https:\/\/www.eslebedasauto.at\/wp-content\/uploads\/2024\/02\/IMG_6327-1024x768.jpeg 1024w, https:\/\/www.eslebedasauto.at\/wp-content\/uploads\/2024\/02\/IMG_6327-300x225.jpeg 300w, https:\/\/www.eslebedasauto.at\/wp-content\/uploads\/2024\/02\/IMG_6327-768x576.jpeg 768w, https:\/\/www.eslebedasauto.at\/wp-content\/uploads\/2024\/02\/IMG_6327-1536x1152.jpeg 1536w, https:\/\/www.eslebedasauto.at\/wp-content\/uploads\/2024\/02\/IMG_6327-800x600.jpeg 800w, https:\/\/www.eslebedasauto.at\/wp-content\/uploads\/2024\/02\/IMG_6327-1160x870.jpeg 1160w, https:\/\/www.eslebedasauto.at\/wp-content\/uploads\/2024\/02\/IMG_6327.jpeg 2048w\" sizes=\"(max-width: 1024px) 100vw, 1024px\" \/><\/figure>\n<\/figure>\n\n\n\n<figure class=\"wp-block-image size-large\"><img loading=\"lazy\" decoding=\"async\" width=\"1024\" height=\"768\" src=\"https:\/\/www.eslebedasauto.at\/wp-content\/uploads\/2024\/02\/IMG_6332-1024x768.jpeg\" alt=\"\" class=\"wp-image-94535\" srcset=\"https:\/\/www.eslebedasauto.at\/wp-content\/uploads\/2024\/02\/IMG_6332-1024x768.jpeg 1024w, https:\/\/www.eslebedasauto.at\/wp-content\/uploads\/2024\/02\/IMG_6332-300x225.jpeg 300w, https:\/\/www.eslebedasauto.at\/wp-content\/uploads\/2024\/02\/IMG_6332-768x576.jpeg 768w, https:\/\/www.eslebedasauto.at\/wp-content\/uploads\/2024\/02\/IMG_6332-1536x1152.jpeg 1536w, https:\/\/www.eslebedasauto.at\/wp-content\/uploads\/2024\/02\/IMG_6332-800x600.jpeg 800w, https:\/\/www.eslebedasauto.at\/wp-content\/uploads\/2024\/02\/IMG_6332-1160x870.jpeg 1160w, https:\/\/www.eslebedasauto.at\/wp-content\/uploads\/2024\/02\/IMG_6332.jpeg 2048w\" sizes=\"(max-width: 1024px) 100vw, 1024px\" \/><\/figure>\n\n\n\n<p>Die 82 kWh fassende Batterie der Single-Motor-Longerange Variante sorgt f\u00fcr eine WLTP Reichweite von bis zu 655 Kilometern. Das leidige Reichweitenthema sollte sich somit erledigt haben. Auch unter widrigsten Umst\u00e4nden &#8211; sprich kalten Temperaturen und eiligem Fahrer &#8211; sind 400 Kilometer immer drinnen. <\/p>\n\n\n\n<figure class=\"wp-block-image size-large\"><img loading=\"lazy\" decoding=\"async\" width=\"1024\" height=\"768\" src=\"https:\/\/www.eslebedasauto.at\/wp-content\/uploads\/2024\/02\/IMG_6334-1024x768.jpeg\" alt=\"\" class=\"wp-image-94537\" srcset=\"https:\/\/www.eslebedasauto.at\/wp-content\/uploads\/2024\/02\/IMG_6334-1024x768.jpeg 1024w, https:\/\/www.eslebedasauto.at\/wp-content\/uploads\/2024\/02\/IMG_6334-300x225.jpeg 300w, https:\/\/www.eslebedasauto.at\/wp-content\/uploads\/2024\/02\/IMG_6334-768x576.jpeg 768w, https:\/\/www.eslebedasauto.at\/wp-content\/uploads\/2024\/02\/IMG_6334-1536x1152.jpeg 1536w, https:\/\/www.eslebedasauto.at\/wp-content\/uploads\/2024\/02\/IMG_6334-800x600.jpeg 800w, https:\/\/www.eslebedasauto.at\/wp-content\/uploads\/2024\/02\/IMG_6334-1160x870.jpeg 1160w, https:\/\/www.eslebedasauto.at\/wp-content\/uploads\/2024\/02\/IMG_6334.jpeg 2048w\" sizes=\"(max-width: 1024px) 100vw, 1024px\" \/><\/figure>\n\n\n\n<figure class=\"wp-block-gallery has-nested-images columns-default is-cropped wp-block-gallery-2 is-layout-flex wp-block-gallery-is-layout-flex\">\n<figure class=\"wp-block-image size-large\"><img loading=\"lazy\" decoding=\"async\" width=\"1024\" height=\"768\" data-id=\"94518\" src=\"https:\/\/www.eslebedasauto.at\/wp-content\/uploads\/2024\/02\/IMG_6309-1024x768.jpeg\" alt=\"\" class=\"wp-image-94518\" srcset=\"https:\/\/www.eslebedasauto.at\/wp-content\/uploads\/2024\/02\/IMG_6309-1024x768.jpeg 1024w, https:\/\/www.eslebedasauto.at\/wp-content\/uploads\/2024\/02\/IMG_6309-300x225.jpeg 300w, https:\/\/www.eslebedasauto.at\/wp-content\/uploads\/2024\/02\/IMG_6309-768x576.jpeg 768w, https:\/\/www.eslebedasauto.at\/wp-content\/uploads\/2024\/02\/IMG_6309-1536x1152.jpeg 1536w, https:\/\/www.eslebedasauto.at\/wp-content\/uploads\/2024\/02\/IMG_6309-800x600.jpeg 800w, https:\/\/www.eslebedasauto.at\/wp-content\/uploads\/2024\/02\/IMG_6309-1160x870.jpeg 1160w, https:\/\/www.eslebedasauto.at\/wp-content\/uploads\/2024\/02\/IMG_6309.jpeg 2048w\" sizes=\"(max-width: 1024px) 100vw, 1024px\" \/><\/figure>\n\n\n\n<figure class=\"wp-block-image size-large\"><img loading=\"lazy\" decoding=\"async\" width=\"1024\" height=\"768\" data-id=\"94519\" src=\"https:\/\/www.eslebedasauto.at\/wp-content\/uploads\/2024\/02\/IMG_6310-1024x768.jpeg\" alt=\"\" class=\"wp-image-94519\" srcset=\"https:\/\/www.eslebedasauto.at\/wp-content\/uploads\/2024\/02\/IMG_6310-1024x768.jpeg 1024w, https:\/\/www.eslebedasauto.at\/wp-content\/uploads\/2024\/02\/IMG_6310-300x225.jpeg 300w, https:\/\/www.eslebedasauto.at\/wp-content\/uploads\/2024\/02\/IMG_6310-768x576.jpeg 768w, https:\/\/www.eslebedasauto.at\/wp-content\/uploads\/2024\/02\/IMG_6310-1536x1152.jpeg 1536w, https:\/\/www.eslebedasauto.at\/wp-content\/uploads\/2024\/02\/IMG_6310-800x600.jpeg 800w, https:\/\/www.eslebedasauto.at\/wp-content\/uploads\/2024\/02\/IMG_6310-1160x870.jpeg 1160w, https:\/\/www.eslebedasauto.at\/wp-content\/uploads\/2024\/02\/IMG_6310.jpeg 2048w\" sizes=\"(max-width: 1024px) 100vw, 1024px\" \/><\/figure>\n<\/figure>\n\n\n\n<p>Im Sommer steht bei optimalen Bedingungen dann sicher ein F\u00fcnfer bei der Reichweite ganz vorne &#8211; danach wird der Akku am Schnelllader mit bis zu 205 kWh wieder hochgepusht (10-80% in 28 Min). In unserem Wintertest verbrauchte der Polestar 2 im Schnitt 22 kWh pro hundert Kilometer &#8211; unter optimalen Bedingungen wird das bedeutend sparsamer gehen.<\/p>\n\n\n\n<figure class=\"wp-block-image size-large\"><img loading=\"lazy\" decoding=\"async\" width=\"1024\" height=\"768\" src=\"https:\/\/www.eslebedasauto.at\/wp-content\/uploads\/2024\/02\/IMG_6329-1024x768.jpeg\" alt=\"\" class=\"wp-image-94532\" srcset=\"https:\/\/www.eslebedasauto.at\/wp-content\/uploads\/2024\/02\/IMG_6329-1024x768.jpeg 1024w, https:\/\/www.eslebedasauto.at\/wp-content\/uploads\/2024\/02\/IMG_6329-300x225.jpeg 300w, https:\/\/www.eslebedasauto.at\/wp-content\/uploads\/2024\/02\/IMG_6329-768x576.jpeg 768w, https:\/\/www.eslebedasauto.at\/wp-content\/uploads\/2024\/02\/IMG_6329-1536x1152.jpeg 1536w, https:\/\/www.eslebedasauto.at\/wp-content\/uploads\/2024\/02\/IMG_6329-800x600.jpeg 800w, https:\/\/www.eslebedasauto.at\/wp-content\/uploads\/2024\/02\/IMG_6329-1160x870.jpeg 1160w, https:\/\/www.eslebedasauto.at\/wp-content\/uploads\/2024\/02\/IMG_6329.jpeg 2048w\" sizes=\"(max-width: 1024px) 100vw, 1024px\" \/><\/figure>\n\n\n\n<p><strong>Wer den Polestar 2 kauft, erh\u00e4lt eine sportliche Limousine, die \u00fcberbordendes Platzangebot hinten anstellt.<\/strong> Vergleichbar mit einem Dreier-BMW aus fr\u00fcheren Zeiten schmiegt sich das Interieur des Polestar 2 um die Vornesitzenden. Keine Spur von den ausladenden Platzverh\u00e4ltnissen der neuen Elektro-SUV, wo man nicht wei\u00df, was man mit dem \u00fcberbordenden Platzangebot eigentlich machen soll. Der Polestar 2 sitzt wie ein gut passender Handschuh &#8211; da zwickt nichts und man f\u00fchlt sich sehr gut ins Geschehen eingebettet.<\/p>\n\n\n\n<figure class=\"wp-block-image size-large\"><img loading=\"lazy\" decoding=\"async\" width=\"1024\" height=\"768\" src=\"https:\/\/www.eslebedasauto.at\/wp-content\/uploads\/2024\/02\/IMG_6311-1024x768.jpeg\" alt=\"\" class=\"wp-image-94520\" srcset=\"https:\/\/www.eslebedasauto.at\/wp-content\/uploads\/2024\/02\/IMG_6311-1024x768.jpeg 1024w, https:\/\/www.eslebedasauto.at\/wp-content\/uploads\/2024\/02\/IMG_6311-300x225.jpeg 300w, https:\/\/www.eslebedasauto.at\/wp-content\/uploads\/2024\/02\/IMG_6311-768x576.jpeg 768w, https:\/\/www.eslebedasauto.at\/wp-content\/uploads\/2024\/02\/IMG_6311-1536x1152.jpeg 1536w, https:\/\/www.eslebedasauto.at\/wp-content\/uploads\/2024\/02\/IMG_6311-800x600.jpeg 800w, https:\/\/www.eslebedasauto.at\/wp-content\/uploads\/2024\/02\/IMG_6311-1160x870.jpeg 1160w, https:\/\/www.eslebedasauto.at\/wp-content\/uploads\/2024\/02\/IMG_6311.jpeg 2048w\" sizes=\"(max-width: 1024px) 100vw, 1024px\" \/><\/figure>\n\n\n\n<p><strong>Die Bedienbarkeit tr\u00e4gt den Titel &#8222;skandinavisch&#8220;. <\/strong>Klar, man muss sich auch hier ein wenig mit dem Fahrzeug besch\u00e4ftigen, bis man das Ganze herau\u00dfen hat aber alleine die betont klare Infografik gef\u00e4llt nicht nur Apple-J\u00fcngern. Wie auch bei Tesla braucht man im Polestar nicht extra auf einen Startknopf zu dr\u00fccken um wegzufahren. Einsteigen, Bremse dr\u00fccken und Fahrtrichtung w\u00e4hlen reicht.<\/p>\n\n\n\n<figure class=\"wp-block-gallery has-nested-images columns-default is-cropped wp-block-gallery-3 is-layout-flex wp-block-gallery-is-layout-flex\">\n<figure class=\"wp-block-image size-large\"><img loading=\"lazy\" decoding=\"async\" width=\"1024\" height=\"768\" data-id=\"94533\" src=\"https:\/\/www.eslebedasauto.at\/wp-content\/uploads\/2024\/02\/IMG_6330-1024x768.jpeg\" alt=\"\" class=\"wp-image-94533\" srcset=\"https:\/\/www.eslebedasauto.at\/wp-content\/uploads\/2024\/02\/IMG_6330-1024x768.jpeg 1024w, https:\/\/www.eslebedasauto.at\/wp-content\/uploads\/2024\/02\/IMG_6330-300x225.jpeg 300w, https:\/\/www.eslebedasauto.at\/wp-content\/uploads\/2024\/02\/IMG_6330-768x576.jpeg 768w, https:\/\/www.eslebedasauto.at\/wp-content\/uploads\/2024\/02\/IMG_6330-1536x1152.jpeg 1536w, https:\/\/www.eslebedasauto.at\/wp-content\/uploads\/2024\/02\/IMG_6330-800x600.jpeg 800w, https:\/\/www.eslebedasauto.at\/wp-content\/uploads\/2024\/02\/IMG_6330-1160x870.jpeg 1160w, https:\/\/www.eslebedasauto.at\/wp-content\/uploads\/2024\/02\/IMG_6330.jpeg 2048w\" sizes=\"(max-width: 1024px) 100vw, 1024px\" \/><\/figure>\n\n\n\n<figure class=\"wp-block-image size-large\"><img loading=\"lazy\" decoding=\"async\" width=\"1024\" height=\"768\" data-id=\"94524\" src=\"https:\/\/www.eslebedasauto.at\/wp-content\/uploads\/2024\/02\/IMG_6315-1024x768.jpeg\" alt=\"\" class=\"wp-image-94524\" srcset=\"https:\/\/www.eslebedasauto.at\/wp-content\/uploads\/2024\/02\/IMG_6315-1024x768.jpeg 1024w, https:\/\/www.eslebedasauto.at\/wp-content\/uploads\/2024\/02\/IMG_6315-300x225.jpeg 300w, https:\/\/www.eslebedasauto.at\/wp-content\/uploads\/2024\/02\/IMG_6315-768x576.jpeg 768w, https:\/\/www.eslebedasauto.at\/wp-content\/uploads\/2024\/02\/IMG_6315-1536x1152.jpeg 1536w, https:\/\/www.eslebedasauto.at\/wp-content\/uploads\/2024\/02\/IMG_6315-800x600.jpeg 800w, https:\/\/www.eslebedasauto.at\/wp-content\/uploads\/2024\/02\/IMG_6315-1160x870.jpeg 1160w, https:\/\/www.eslebedasauto.at\/wp-content\/uploads\/2024\/02\/IMG_6315.jpeg 2048w\" sizes=\"(max-width: 1024px) 100vw, 1024px\" \/><\/figure>\n\n\n\n<figure class=\"wp-block-image size-large\"><img loading=\"lazy\" decoding=\"async\" width=\"1024\" height=\"768\" data-id=\"94523\" src=\"https:\/\/www.eslebedasauto.at\/wp-content\/uploads\/2024\/02\/IMG_6314-1024x768.jpeg\" alt=\"\" class=\"wp-image-94523\" srcset=\"https:\/\/www.eslebedasauto.at\/wp-content\/uploads\/2024\/02\/IMG_6314-1024x768.jpeg 1024w, https:\/\/www.eslebedasauto.at\/wp-content\/uploads\/2024\/02\/IMG_6314-300x225.jpeg 300w, https:\/\/www.eslebedasauto.at\/wp-content\/uploads\/2024\/02\/IMG_6314-768x576.jpeg 768w, https:\/\/www.eslebedasauto.at\/wp-content\/uploads\/2024\/02\/IMG_6314-1536x1152.jpeg 1536w, https:\/\/www.eslebedasauto.at\/wp-content\/uploads\/2024\/02\/IMG_6314-800x600.jpeg 800w, https:\/\/www.eslebedasauto.at\/wp-content\/uploads\/2024\/02\/IMG_6314-1160x870.jpeg 1160w, https:\/\/www.eslebedasauto.at\/wp-content\/uploads\/2024\/02\/IMG_6314.jpeg 2048w\" sizes=\"(max-width: 1024px) 100vw, 1024px\" \/><\/figure>\n\n\n\n<figure class=\"wp-block-image size-large\"><img loading=\"lazy\" decoding=\"async\" width=\"1024\" height=\"768\" data-id=\"94522\" src=\"https:\/\/www.eslebedasauto.at\/wp-content\/uploads\/2024\/02\/IMG_6313-1024x768.jpeg\" alt=\"\" class=\"wp-image-94522\" srcset=\"https:\/\/www.eslebedasauto.at\/wp-content\/uploads\/2024\/02\/IMG_6313-1024x768.jpeg 1024w, https:\/\/www.eslebedasauto.at\/wp-content\/uploads\/2024\/02\/IMG_6313-300x225.jpeg 300w, https:\/\/www.eslebedasauto.at\/wp-content\/uploads\/2024\/02\/IMG_6313-768x576.jpeg 768w, https:\/\/www.eslebedasauto.at\/wp-content\/uploads\/2024\/02\/IMG_6313-1536x1152.jpeg 1536w, https:\/\/www.eslebedasauto.at\/wp-content\/uploads\/2024\/02\/IMG_6313-800x600.jpeg 800w, https:\/\/www.eslebedasauto.at\/wp-content\/uploads\/2024\/02\/IMG_6313-1160x870.jpeg 1160w, https:\/\/www.eslebedasauto.at\/wp-content\/uploads\/2024\/02\/IMG_6313.jpeg 2048w\" sizes=\"(max-width: 1024px) 100vw, 1024px\" \/><\/figure>\n\n\n\n<figure class=\"wp-block-image size-large\"><img loading=\"lazy\" decoding=\"async\" width=\"1024\" height=\"768\" data-id=\"94521\" src=\"https:\/\/www.eslebedasauto.at\/wp-content\/uploads\/2024\/02\/IMG_6312-1024x768.jpeg\" alt=\"\" class=\"wp-image-94521\" srcset=\"https:\/\/www.eslebedasauto.at\/wp-content\/uploads\/2024\/02\/IMG_6312-1024x768.jpeg 1024w, https:\/\/www.eslebedasauto.at\/wp-content\/uploads\/2024\/02\/IMG_6312-300x225.jpeg 300w, https:\/\/www.eslebedasauto.at\/wp-content\/uploads\/2024\/02\/IMG_6312-768x576.jpeg 768w, https:\/\/www.eslebedasauto.at\/wp-content\/uploads\/2024\/02\/IMG_6312-1536x1152.jpeg 1536w, https:\/\/www.eslebedasauto.at\/wp-content\/uploads\/2024\/02\/IMG_6312-800x600.jpeg 800w, https:\/\/www.eslebedasauto.at\/wp-content\/uploads\/2024\/02\/IMG_6312-1160x870.jpeg 1160w, https:\/\/www.eslebedasauto.at\/wp-content\/uploads\/2024\/02\/IMG_6312.jpeg 2048w\" sizes=\"(max-width: 1024px) 100vw, 1024px\" \/><\/figure>\n<\/figure>\n\n\n\n<p><strong>Das Interieur im Polestar 2 ist erfrischend zur\u00fcckgenommen und passt somit auch zur cleanen Linie der Karosserie. <\/strong>Diese spiegelt ganz klar Volvo wider, ist dabei aber um einiges sportlicher angelegt. Das Auto wirkt bullig, die gro\u00dfen R\u00e4der erden den Polestar 2 ordentlich und das sexy Heck mit seinen pr\u00e4gnanten Leuchten ist eine Freude zum Betrachten. Vorne hat Polestar ein wenig aufger\u00e4umt. Der K\u00fchlergrill ist jetzt geschlossen und die neu gestalteten Scheinwerfer pixeln zugunsten einer besseren Nachtsicht ein wenig mehr. <\/p>\n\n\n\n<figure class=\"wp-block-image size-large\"><img loading=\"lazy\" decoding=\"async\" width=\"1024\" height=\"768\" src=\"https:\/\/www.eslebedasauto.at\/wp-content\/uploads\/2024\/02\/IMG_6320-1024x768.jpeg\" alt=\"\" class=\"wp-image-94527\" srcset=\"https:\/\/www.eslebedasauto.at\/wp-content\/uploads\/2024\/02\/IMG_6320-1024x768.jpeg 1024w, https:\/\/www.eslebedasauto.at\/wp-content\/uploads\/2024\/02\/IMG_6320-300x225.jpeg 300w, https:\/\/www.eslebedasauto.at\/wp-content\/uploads\/2024\/02\/IMG_6320-768x576.jpeg 768w, https:\/\/www.eslebedasauto.at\/wp-content\/uploads\/2024\/02\/IMG_6320-1536x1152.jpeg 1536w, https:\/\/www.eslebedasauto.at\/wp-content\/uploads\/2024\/02\/IMG_6320-800x600.jpeg 800w, https:\/\/www.eslebedasauto.at\/wp-content\/uploads\/2024\/02\/IMG_6320-1160x870.jpeg 1160w, https:\/\/www.eslebedasauto.at\/wp-content\/uploads\/2024\/02\/IMG_6320.jpeg 2048w\" sizes=\"(max-width: 1024px) 100vw, 1024px\" \/><\/figure>\n\n\n\n<p>Auch bei der Fahrdynamik dr\u00e4ngt sich der Vergleich zur Dreierreihe von BMW irgendwie auf. Der Polestar 2 f\u00e4hrt sich knackig und sportiv. Seine Lenkung passt da ebenso dazu, wie auch die standfesten Bremsen (Brembo!). Wer will, f\u00e4hrt im One-Pedal-Modus &#8211; das kann der Polestar 2 in voller Perfektion &#8211; die Bremse wird dann v\u00f6llig unn\u00f6tig.<\/p>\n\n\n\n<figure class=\"wp-block-image size-large\"><img decoding=\"async\" width=\"1024\" height=\"768\" src=\"https:\/\/www.eslebedasauto.at\/wp-content\/uploads\/2024\/02\/IMG_6318-1024x768.jpeg\" alt=\"\" class=\"wp-image-94526\" srcset=\"https:\/\/www.eslebedasauto.at\/wp-content\/uploads\/2024\/02\/IMG_6318-1024x768.jpeg 1024w, https:\/\/www.eslebedasauto.at\/wp-content\/uploads\/2024\/02\/IMG_6318-300x225.jpeg 300w, https:\/\/www.eslebedasauto.at\/wp-content\/uploads\/2024\/02\/IMG_6318-768x576.jpeg 768w, https:\/\/www.eslebedasauto.at\/wp-content\/uploads\/2024\/02\/IMG_6318-1536x1152.jpeg 1536w, https:\/\/www.eslebedasauto.at\/wp-content\/uploads\/2024\/02\/IMG_6318-800x600.jpeg 800w, https:\/\/www.eslebedasauto.at\/wp-content\/uploads\/2024\/02\/IMG_6318-1160x870.jpeg 1160w, https:\/\/www.eslebedasauto.at\/wp-content\/uploads\/2024\/02\/IMG_6318.jpeg 2048w\" sizes=\"(max-width: 1024px) 100vw, 1024px\" \/><\/figure>\n\n\n\n<h4 id=\"unterm-strich\" class=\"wp-block-heading\">Unterm Strich<\/h4>\n\n\n\n<p>Wer massig Platz braucht sollte wohl eher zu einem SUV greifen. Der Polestar 2 ist erfrischend eng geschnitten, ohne allerdings einzuengen. Eine klassische Limousine eben. Die neue Generation hat einiges an Usability zugelegt &#8211; spr\u00fcht nur so vor Ausgereiftheit. Mit einem Ab-Preis von EUR 53.490 f\u00fcr die Longrange-Single-Motor-Variante schl\u00e4gt der Polestar so manchen Mitbewerber.<\/p>\n\n\n\n<figure class=\"wp-block-image size-large\"><img loading=\"lazy\" decoding=\"async\" width=\"1024\" height=\"768\" src=\"https:\/\/www.eslebedasauto.at\/wp-content\/uploads\/2024\/02\/IMG_6316-1024x768.jpeg\" alt=\"\" class=\"wp-image-94525\" srcset=\"https:\/\/www.eslebedasauto.at\/wp-content\/uploads\/2024\/02\/IMG_6316-1024x768.jpeg 1024w, https:\/\/www.eslebedasauto.at\/wp-content\/uploads\/2024\/02\/IMG_6316-300x225.jpeg 300w, https:\/\/www.eslebedasauto.at\/wp-content\/uploads\/2024\/02\/IMG_6316-768x576.jpeg 768w, https:\/\/www.eslebedasauto.at\/wp-content\/uploads\/2024\/02\/IMG_6316-1536x1152.jpeg 1536w, https:\/\/www.eslebedasauto.at\/wp-content\/uploads\/2024\/02\/IMG_6316-800x600.jpeg 800w, https:\/\/www.eslebedasauto.at\/wp-content\/uploads\/2024\/02\/IMG_6316-1160x870.jpeg 1160w, https:\/\/www.eslebedasauto.at\/wp-content\/uploads\/2024\/02\/IMG_6316.jpeg 2048w\" sizes=\"(max-width: 1024px) 100vw, 1024px\" \/><\/figure>","protected":false},"excerpt":{"rendered":"<p>Polestar hat den Zweier technisch v\u00f6llig umgedreht. Die sportliche Limousine ist jetzt heckgetrieben und gl\u00e4nzt mit absoluter Ausgereiftheit.<\/p>","protected":false},"author":2,"featured_media":94539,"comment_status":"open","ping_status":"open","sticky":false,"template":"","format":"standard","meta":{"neve_meta_sidebar":"","neve_meta_container":"","neve_meta_enable_content_width":"","neve_meta_content_width":0,"neve_meta_title_alignment":"","neve_meta_author_avatar":"","neve_post_elements_order":"","neve_meta_disable_header":"","neve_meta_disable_footer":"","neve_meta_disable_title":"","neve_meta_reading_time":"","footnotes":""},"categories":[555,335,598],"tags":[],"class_list":["post-94638","post","type-post","status-publish","format-standard","has-post-thumbnail","hentry","category-electrofun","category-fahrberichte","category-shortmotornews"],"yoast_head":"<!-- This site is optimized with the Yoast SEO plugin v26.8 - https:\/\/yoast.com\/product\/yoast-seo-wordpress\/ -->\n<title>Polestar 2 - das nennen wir mal ein Update! - Es lebe das Auto<\/title>\n<meta name=\"description\" content=\"Polestar hat den Zweier technisch v\u00f6llig umgedreht. Die sportliche Limousine ist jetzt heckgetrieben und gl\u00e4nzt mit absoluter Ausgereiftheit.\" \/>\n<meta name=\"robots\" content=\"index, follow, max-snippet:-1, max-image-preview:large, max-video-preview:-1\" \/>\n<link rel=\"canonical\" href=\"https:\/\/www.eslebedasauto.at\/en\/polestar-2-generation-2024\/\" \/>\n<meta property=\"og:locale\" content=\"en_GB\" \/>\n<meta property=\"og:type\" content=\"article\" \/>\n<meta property=\"og:title\" content=\"Polestar 2 - das nennen wir mal ein Update! - Es lebe das Auto\" \/>\n<meta property=\"og:description\" content=\"Polestar hat den Zweier technisch v\u00f6llig umgedreht. Die sportliche Limousine ist jetzt heckgetrieben und gl\u00e4nzt mit absoluter Ausgereiftheit.\" \/>\n<meta property=\"og:url\" content=\"https:\/\/www.eslebedasauto.at\/en\/polestar-2-generation-2024\/\" \/>\n<meta property=\"og:site_name\" content=\"Es lebe das Auto\" \/>\n<meta property=\"article:publisher\" content=\"https:\/\/www.facebook.com\/eslebedasauto.at\" \/>\n<meta property=\"article:published_time\" content=\"2024-02-25T18:30:07+00:00\" \/>\n<meta property=\"article:modified_time\" content=\"2024-02-25T18:39:26+00:00\" \/>\n<meta property=\"og:image\" content=\"https:\/\/www.eslebedasauto.at\/wp-content\/uploads\/2024\/02\/IMG_6337.jpeg\" \/>\n\t<meta property=\"og:image:width\" content=\"2048\" \/>\n\t<meta property=\"og:image:height\" content=\"1536\" \/>\n\t<meta property=\"og:image:type\" content=\"image\/jpeg\" \/>\n<meta name=\"author\" content=\"gerhard\" \/>\n<meta name=\"twitter:card\" content=\"summary_large_image\" \/>\n<meta name=\"twitter:label1\" content=\"Written by\" \/>\n\t<meta name=\"twitter:data1\" content=\"gerhard\" \/>\n\t<meta name=\"twitter:label2\" content=\"Estimated reading time\" \/>\n\t<meta name=\"twitter:data2\" content=\"7 minutes\" \/>\n<script type=\"application\/ld+json\" class=\"yoast-schema-graph\">{\"@context\":\"https:\/\/schema.org\",\"@graph\":[{\"@type\":\"Article\",\"@id\":\"https:\/\/www.eslebedasauto.at\/polestar-2-generation-2024\/#article\",\"isPartOf\":{\"@id\":\"https:\/\/www.eslebedasauto.at\/polestar-2-generation-2024\/\"},\"author\":{\"name\":\"gerhard\",\"@id\":\"https:\/\/www.eslebedasauto.at\/#\/schema\/person\/fb81218b0bed500d225ff518f9f17033\"},\"headline\":\"Polestar 2 &#8211; das nennen wir mal ein Update!\",\"datePublished\":\"2024-02-25T18:30:07+00:00\",\"dateModified\":\"2024-02-25T18:39:26+00:00\",\"mainEntityOfPage\":{\"@id\":\"https:\/\/www.eslebedasauto.at\/polestar-2-generation-2024\/\"},\"wordCount\":526,\"commentCount\":0,\"publisher\":{\"@id\":\"https:\/\/www.eslebedasauto.at\/#organization\"},\"image\":{\"@id\":\"https:\/\/www.eslebedasauto.at\/polestar-2-generation-2024\/#primaryimage\"},\"thumbnailUrl\":\"https:\/\/www.eslebedasauto.at\/wp-content\/uploads\/2024\/02\/IMG_6337.jpeg\",\"articleSection\":[\"Electrofun\",\"Fahrberichte\",\"Shortmotornews\"],\"inLanguage\":\"en-GB\",\"potentialAction\":[{\"@type\":\"CommentAction\",\"name\":\"Comment\",\"target\":[\"https:\/\/www.eslebedasauto.at\/polestar-2-generation-2024\/#respond\"]}]},{\"@type\":\"WebPage\",\"@id\":\"https:\/\/www.eslebedasauto.at\/polestar-2-generation-2024\/\",\"url\":\"https:\/\/www.eslebedasauto.at\/polestar-2-generation-2024\/\",\"name\":\"Polestar 2 - das nennen wir mal ein Update! - Es lebe das Auto\",\"isPartOf\":{\"@id\":\"https:\/\/www.eslebedasauto.at\/#website\"},\"primaryImageOfPage\":{\"@id\":\"https:\/\/www.eslebedasauto.at\/polestar-2-generation-2024\/#primaryimage\"},\"image\":{\"@id\":\"https:\/\/www.eslebedasauto.at\/polestar-2-generation-2024\/#primaryimage\"},\"thumbnailUrl\":\"https:\/\/www.eslebedasauto.at\/wp-content\/uploads\/2024\/02\/IMG_6337.jpeg\",\"datePublished\":\"2024-02-25T18:30:07+00:00\",\"dateModified\":\"2024-02-25T18:39:26+00:00\",\"description\":\"Polestar hat den Zweier technisch v\u00f6llig umgedreht. Die sportliche Limousine ist jetzt heckgetrieben und gl\u00e4nzt mit absoluter Ausgereiftheit.\",\"breadcrumb\":{\"@id\":\"https:\/\/www.eslebedasauto.at\/polestar-2-generation-2024\/#breadcrumb\"},\"inLanguage\":\"en-GB\",\"potentialAction\":[{\"@type\":\"ReadAction\",\"target\":[\"https:\/\/www.eslebedasauto.at\/polestar-2-generation-2024\/\"]}]},{\"@type\":\"ImageObject\",\"inLanguage\":\"en-GB\",\"@id\":\"https:\/\/www.eslebedasauto.at\/polestar-2-generation-2024\/#primaryimage\",\"url\":\"https:\/\/www.eslebedasauto.at\/wp-content\/uploads\/2024\/02\/IMG_6337.jpeg\",\"contentUrl\":\"https:\/\/www.eslebedasauto.at\/wp-content\/uploads\/2024\/02\/IMG_6337.jpeg\",\"width\":2048,\"height\":1536},{\"@type\":\"BreadcrumbList\",\"@id\":\"https:\/\/www.eslebedasauto.at\/polestar-2-generation-2024\/#breadcrumb\",\"itemListElement\":[{\"@type\":\"ListItem\",\"position\":1,\"name\":\"Startseite\",\"item\":\"https:\/\/www.eslebedasauto.at\/\"},{\"@type\":\"ListItem\",\"position\":2,\"name\":\"Polestar 2 &#8211; das nennen wir mal ein Update!\"}]},{\"@type\":\"WebSite\",\"@id\":\"https:\/\/www.eslebedasauto.at\/#website\",\"url\":\"https:\/\/www.eslebedasauto.at\/\",\"name\":\"Es lebe das Auto\",\"description\":\"ein Hoch auf den Individualverkehr\",\"publisher\":{\"@id\":\"https:\/\/www.eslebedasauto.at\/#organization\"},\"potentialAction\":[{\"@type\":\"SearchAction\",\"target\":{\"@type\":\"EntryPoint\",\"urlTemplate\":\"https:\/\/www.eslebedasauto.at\/?s={search_term_string}\"},\"query-input\":{\"@type\":\"PropertyValueSpecification\",\"valueRequired\":true,\"valueName\":\"search_term_string\"}}],\"inLanguage\":\"en-GB\"},{\"@type\":\"Organization\",\"@id\":\"https:\/\/www.eslebedasauto.at\/#organization\",\"name\":\"eslebedasauto\",\"url\":\"https:\/\/www.eslebedasauto.at\/\",\"logo\":{\"@type\":\"ImageObject\",\"inLanguage\":\"en-GB\",\"@id\":\"https:\/\/www.eslebedasauto.at\/#\/schema\/logo\/image\/\",\"url\":\"https:\/\/www.eslebedasauto.at\/wp-content\/uploads\/2025\/10\/eldarund.png\",\"contentUrl\":\"https:\/\/www.eslebedasauto.at\/wp-content\/uploads\/2025\/10\/eldarund.png\",\"width\":1024,\"height\":1024,\"caption\":\"eslebedasauto\"},\"image\":{\"@id\":\"https:\/\/www.eslebedasauto.at\/#\/schema\/logo\/image\/\"},\"sameAs\":[\"https:\/\/www.facebook.com\/eslebedasauto.at\",\"https:\/\/www.instagram.com\/es_lebe_das_auto\/\"]},{\"@type\":\"Person\",\"@id\":\"https:\/\/www.eslebedasauto.at\/#\/schema\/person\/fb81218b0bed500d225ff518f9f17033\",\"name\":\"gerhard\",\"url\":\"https:\/\/www.eslebedasauto.at\/en\/author\/gerhard\/\"}]}<\/script>\n<!-- \/ Yoast SEO plugin. -->","yoast_head_json":{"title":"Polestar 2 - das nennen wir mal ein Update! - Es lebe das Auto","description":"Polestar hat den Zweier technisch v\u00f6llig umgedreht. Die sportliche Limousine ist jetzt heckgetrieben und gl\u00e4nzt mit absoluter Ausgereiftheit.","robots":{"index":"index","follow":"follow","max-snippet":"max-snippet:-1","max-image-preview":"max-image-preview:large","max-video-preview":"max-video-preview:-1"},"canonical":"https:\/\/www.eslebedasauto.at\/en\/polestar-2-generation-2024\/","og_locale":"en_GB","og_type":"article","og_title":"Polestar 2 - das nennen wir mal ein Update! - Es lebe das Auto","og_description":"Polestar hat den Zweier technisch v\u00f6llig umgedreht. Die sportliche Limousine ist jetzt heckgetrieben und gl\u00e4nzt mit absoluter Ausgereiftheit.","og_url":"https:\/\/www.eslebedasauto.at\/en\/polestar-2-generation-2024\/","og_site_name":"Es lebe das Auto","article_publisher":"https:\/\/www.facebook.com\/eslebedasauto.at","article_published_time":"2024-02-25T18:30:07+00:00","article_modified_time":"2024-02-25T18:39:26+00:00","og_image":[{"width":2048,"height":1536,"url":"https:\/\/www.eslebedasauto.at\/wp-content\/uploads\/2024\/02\/IMG_6337.jpeg","type":"image\/jpeg"}],"author":"gerhard","twitter_card":"summary_large_image","twitter_misc":{"Written by":"gerhard","Estimated reading time":"7 minutes"},"schema":{"@context":"https:\/\/schema.org","@graph":[{"@type":"Article","@id":"https:\/\/www.eslebedasauto.at\/polestar-2-generation-2024\/#article","isPartOf":{"@id":"https:\/\/www.eslebedasauto.at\/polestar-2-generation-2024\/"},"author":{"name":"gerhard","@id":"https:\/\/www.eslebedasauto.at\/#\/schema\/person\/fb81218b0bed500d225ff518f9f17033"},"headline":"Polestar 2 &#8211; das nennen wir mal ein Update!","datePublished":"2024-02-25T18:30:07+00:00","dateModified":"2024-02-25T18:39:26+00:00","mainEntityOfPage":{"@id":"https:\/\/www.eslebedasauto.at\/polestar-2-generation-2024\/"},"wordCount":526,"commentCount":0,"publisher":{"@id":"https:\/\/www.eslebedasauto.at\/#organization"},"image":{"@id":"https:\/\/www.eslebedasauto.at\/polestar-2-generation-2024\/#primaryimage"},"thumbnailUrl":"https:\/\/www.eslebedasauto.at\/wp-content\/uploads\/2024\/02\/IMG_6337.jpeg","articleSection":["Electrofun","Fahrberichte","Shortmotornews"],"inLanguage":"en-GB","potentialAction":[{"@type":"CommentAction","name":"Comment","target":["https:\/\/www.eslebedasauto.at\/polestar-2-generation-2024\/#respond"]}]},{"@type":"WebPage","@id":"https:\/\/www.eslebedasauto.at\/polestar-2-generation-2024\/","url":"https:\/\/www.eslebedasauto.at\/polestar-2-generation-2024\/","name":"Polestar 2 - das nennen wir mal ein Update! - Es lebe das Auto","isPartOf":{"@id":"https:\/\/www.eslebedasauto.at\/#website"},"primaryImageOfPage":{"@id":"https:\/\/www.eslebedasauto.at\/polestar-2-generation-2024\/#primaryimage"},"image":{"@id":"https:\/\/www.eslebedasauto.at\/polestar-2-generation-2024\/#primaryimage"},"thumbnailUrl":"https:\/\/www.eslebedasauto.at\/wp-content\/uploads\/2024\/02\/IMG_6337.jpeg","datePublished":"2024-02-25T18:30:07+00:00","dateModified":"2024-02-25T18:39:26+00:00","description":"Polestar hat den Zweier technisch v\u00f6llig umgedreht. Die sportliche Limousine ist jetzt heckgetrieben und gl\u00e4nzt mit absoluter Ausgereiftheit.","breadcrumb":{"@id":"https:\/\/www.eslebedasauto.at\/polestar-2-generation-2024\/#breadcrumb"},"inLanguage":"en-GB","potentialAction":[{"@type":"ReadAction","target":["https:\/\/www.eslebedasauto.at\/polestar-2-generation-2024\/"]}]},{"@type":"ImageObject","inLanguage":"en-GB","@id":"https:\/\/www.eslebedasauto.at\/polestar-2-generation-2024\/#primaryimage","url":"https:\/\/www.eslebedasauto.at\/wp-content\/uploads\/2024\/02\/IMG_6337.jpeg","contentUrl":"https:\/\/www.eslebedasauto.at\/wp-content\/uploads\/2024\/02\/IMG_6337.jpeg","width":2048,"height":1536},{"@type":"BreadcrumbList","@id":"https:\/\/www.eslebedasauto.at\/polestar-2-generation-2024\/#breadcrumb","itemListElement":[{"@type":"ListItem","position":1,"name":"Startseite","item":"https:\/\/www.eslebedasauto.at\/"},{"@type":"ListItem","position":2,"name":"Polestar 2 &#8211; das nennen wir mal ein Update!"}]},{"@type":"WebSite","@id":"https:\/\/www.eslebedasauto.at\/#website","url":"https:\/\/www.eslebedasauto.at\/","name":"Es lebe das Auto","description":"ein Hoch auf den Individualverkehr","publisher":{"@id":"https:\/\/www.eslebedasauto.at\/#organization"},"potentialAction":[{"@type":"SearchAction","target":{"@type":"EntryPoint","urlTemplate":"https:\/\/www.eslebedasauto.at\/?s={search_term_string}"},"query-input":{"@type":"PropertyValueSpecification","valueRequired":true,"valueName":"search_term_string"}}],"inLanguage":"en-GB"},{"@type":"Organization","@id":"https:\/\/www.eslebedasauto.at\/#organization","name":"eslebedasauto","url":"https:\/\/www.eslebedasauto.at\/","logo":{"@type":"ImageObject","inLanguage":"en-GB","@id":"https:\/\/www.eslebedasauto.at\/#\/schema\/logo\/image\/","url":"https:\/\/www.eslebedasauto.at\/wp-content\/uploads\/2025\/10\/eldarund.png","contentUrl":"https:\/\/www.eslebedasauto.at\/wp-content\/uploads\/2025\/10\/eldarund.png","width":1024,"height":1024,"caption":"eslebedasauto"},"image":{"@id":"https:\/\/www.eslebedasauto.at\/#\/schema\/logo\/image\/"},"sameAs":["https:\/\/www.facebook.com\/eslebedasauto.at","https:\/\/www.instagram.com\/es_lebe_das_auto\/"]},{"@type":"Person","@id":"https:\/\/www.eslebedasauto.at\/#\/schema\/person\/fb81218b0bed500d225ff518f9f17033","name":"gerhard","url":"https:\/\/www.eslebedasauto.at\/en\/author\/gerhard\/"}]}},"_links":{"self":[{"href":"https:\/\/www.eslebedasauto.at\/en\/wp-json\/wp\/v2\/posts\/94638","targetHints":{"allow":["GET"]}}],"collection":[{"href":"https:\/\/www.eslebedasauto.at\/en\/wp-json\/wp\/v2\/posts"}],"about":[{"href":"https:\/\/www.eslebedasauto.at\/en\/wp-json\/wp\/v2\/types\/post"}],"author":[{"embeddable":true,"href":"https:\/\/www.eslebedasauto.at\/en\/wp-json\/wp\/v2\/users\/2"}],"replies":[{"embeddable":true,"href":"https:\/\/www.eslebedasauto.at\/en\/wp-json\/wp\/v2\/comments?post=94638"}],"version-history":[{"count":6,"href":"https:\/\/www.eslebedasauto.at\/en\/wp-json\/wp\/v2\/posts\/94638\/revisions"}],"predecessor-version":[{"id":94651,"href":"https:\/\/www.eslebedasauto.at\/en\/wp-json\/wp\/v2\/posts\/94638\/revisions\/94651"}],"wp:featuredmedia":[{"embeddable":true,"href":"https:\/\/www.eslebedasauto.at\/en\/wp-json\/wp\/v2\/media\/94539"}],"wp:attachment":[{"href":"https:\/\/www.eslebedasauto.at\/en\/wp-json\/wp\/v2\/media?parent=94638"}],"wp:term":[{"taxonomy":"category","embeddable":true,"href":"https:\/\/www.eslebedasauto.at\/en\/wp-json\/wp\/v2\/categories?post=94638"},{"taxonomy":"post_tag","embeddable":true,"href":"https:\/\/www.eslebedasauto.at\/en\/wp-json\/wp\/v2\/tags?post=94638"}],"curies":[{"name":"wp","href":"https:\/\/api.w.org\/{rel}","templated":true}]}}