{"id":94406,"date":"2024-01-10T18:42:27","date_gmt":"2024-01-10T17:42:27","guid":{"rendered":"https:\/\/www.eslebedasauto.at\/?p=94406"},"modified":"2024-01-10T18:42:27","modified_gmt":"2024-01-10T17:42:27","slug":"hyundai-kona-hybrid-test","status":"publish","type":"post","link":"https:\/\/www.eslebedasauto.at\/en\/hyundai-kona-hybrid-test\/","title":{"rendered":"Gro\u00df ist er geworden, der neue Hyundai Kona"},"content":{"rendered":"<h4 id=\"neben-dem-15-zentimetern-langerem-und-zwei-zentimeter-breiteren-crossover-wirkt-der-vorganger-fast-eine-ganze-klasse-kleiner\" class=\"wp-block-heading\">Neben dem 15 Zentimetern l\u00e4ngerem und zwei Zentimeter breiteren Crossover, wirkt der Vorg\u00e4nger fast eine ganze Klasse kleiner. <\/h4>\n\n\n\n<figure class=\"wp-block-image size-large\"><img fetchpriority=\"high\" decoding=\"async\" width=\"1024\" height=\"768\" src=\"https:\/\/www.eslebedasauto.at\/wp-content\/uploads\/2024\/01\/IMG_5978-1024x768.jpeg\" alt=\"\" class=\"wp-image-94420\" srcset=\"https:\/\/www.eslebedasauto.at\/wp-content\/uploads\/2024\/01\/IMG_5978-1024x768.jpeg 1024w, https:\/\/www.eslebedasauto.at\/wp-content\/uploads\/2024\/01\/IMG_5978-300x225.jpeg 300w, https:\/\/www.eslebedasauto.at\/wp-content\/uploads\/2024\/01\/IMG_5978-768x576.jpeg 768w, https:\/\/www.eslebedasauto.at\/wp-content\/uploads\/2024\/01\/IMG_5978-1536x1152.jpeg 1536w, https:\/\/www.eslebedasauto.at\/wp-content\/uploads\/2024\/01\/IMG_5978-2048x1536.jpeg 2048w, https:\/\/www.eslebedasauto.at\/wp-content\/uploads\/2024\/01\/IMG_5978-800x600.jpeg 800w, https:\/\/www.eslebedasauto.at\/wp-content\/uploads\/2024\/01\/IMG_5978-1160x870.jpeg 1160w\" sizes=\"(max-width: 1024px) 100vw, 1024px\" \/><\/figure>\n\n\n\n<p>Der Alte war zwar auch nicht unbedingt schmalbr\u00fcstig gebaut, dennoch bemerkte man die deutlich geringere Beinfreiheit im Fond und das kleinere Kofferraumvolumen deutlich. Der Neue b\u00fcgelt diese Mankos restlos weg. Neben dem ganzen Wachstum hat Hyundai den Kona aber auch ordentlich gegl\u00e4ttet, ohne ihm allerdings seinen Design-Charakter zu schm\u00e4lern. Sprich: Der Kona ist optisch ohne Zweifel ein Kona geblieben.<\/p>\n\n\n\n<figure class=\"wp-block-image size-large\"><img decoding=\"async\" width=\"1024\" height=\"768\" src=\"https:\/\/www.eslebedasauto.at\/wp-content\/uploads\/2024\/01\/IMG_5998-1024x768.jpeg\" alt=\"\" class=\"wp-image-94409\" srcset=\"https:\/\/www.eslebedasauto.at\/wp-content\/uploads\/2024\/01\/IMG_5998-1024x768.jpeg 1024w, https:\/\/www.eslebedasauto.at\/wp-content\/uploads\/2024\/01\/IMG_5998-300x225.jpeg 300w, https:\/\/www.eslebedasauto.at\/wp-content\/uploads\/2024\/01\/IMG_5998-768x576.jpeg 768w, https:\/\/www.eslebedasauto.at\/wp-content\/uploads\/2024\/01\/IMG_5998-1536x1152.jpeg 1536w, https:\/\/www.eslebedasauto.at\/wp-content\/uploads\/2024\/01\/IMG_5998-2048x1536.jpeg 2048w, https:\/\/www.eslebedasauto.at\/wp-content\/uploads\/2024\/01\/IMG_5998-800x600.jpeg 800w, https:\/\/www.eslebedasauto.at\/wp-content\/uploads\/2024\/01\/IMG_5998-1160x870.jpeg 1160w\" sizes=\"(max-width: 1024px) 100vw, 1024px\" \/><\/figure>\n\n\n\n<p><strong>Im Testfuhrpark hatten wir jetzt die Vollhybrid-Variante.<\/strong><strong><\/strong><\/p>\n\n\n\n<p>Auff\u00e4llig sind die schmalen LED-Tagfahrlichtleisten an Front und Heck, die irgendwie total auf E-Auto machen \u2013 kein Wunder, wurde doch der aktuelle Kona von Grund auf als Elektroauto entwickelt \u2013 die Verbrenner wurden danach konzipiert und sind gr\u00f6\u00dftenteils ebenfalls elektrifiziert. Bei aller Rundlichkeit hat Hyundai darauf geachtet, dass auch dieser Kona seine pr\u00e4gnanten Stilelemente \u2013 zum Beispiel die ausgelagerten Leuchtelemente am Heck, welche nach wie vor Blinker und Bremslichter beinhalten &#8211; beibeh\u00e4lt. <\/p>\n\n\n\n<figure class=\"wp-block-gallery has-nested-images columns-default is-cropped wp-block-gallery-1 is-layout-flex wp-block-gallery-is-layout-flex\">\n<figure class=\"wp-block-image size-large\"><img decoding=\"async\" width=\"1024\" height=\"768\" data-id=\"94419\" src=\"https:\/\/www.eslebedasauto.at\/wp-content\/uploads\/2024\/01\/IMG_5975-1024x768.jpeg\" alt=\"\" class=\"wp-image-94419\" srcset=\"https:\/\/www.eslebedasauto.at\/wp-content\/uploads\/2024\/01\/IMG_5975-1024x768.jpeg 1024w, https:\/\/www.eslebedasauto.at\/wp-content\/uploads\/2024\/01\/IMG_5975-300x225.jpeg 300w, https:\/\/www.eslebedasauto.at\/wp-content\/uploads\/2024\/01\/IMG_5975-768x576.jpeg 768w, https:\/\/www.eslebedasauto.at\/wp-content\/uploads\/2024\/01\/IMG_5975-1536x1152.jpeg 1536w, https:\/\/www.eslebedasauto.at\/wp-content\/uploads\/2024\/01\/IMG_5975-2048x1536.jpeg 2048w, https:\/\/www.eslebedasauto.at\/wp-content\/uploads\/2024\/01\/IMG_5975-800x600.jpeg 800w, https:\/\/www.eslebedasauto.at\/wp-content\/uploads\/2024\/01\/IMG_5975-1160x870.jpeg 1160w\" sizes=\"(max-width: 1024px) 100vw, 1024px\" \/><\/figure>\n\n\n\n<figure class=\"wp-block-image size-large\"><img loading=\"lazy\" decoding=\"async\" width=\"1024\" height=\"768\" data-id=\"94417\" src=\"https:\/\/www.eslebedasauto.at\/wp-content\/uploads\/2024\/01\/IMG_5984-1024x768.jpeg\" alt=\"\" class=\"wp-image-94417\" srcset=\"https:\/\/www.eslebedasauto.at\/wp-content\/uploads\/2024\/01\/IMG_5984-1024x768.jpeg 1024w, https:\/\/www.eslebedasauto.at\/wp-content\/uploads\/2024\/01\/IMG_5984-300x225.jpeg 300w, https:\/\/www.eslebedasauto.at\/wp-content\/uploads\/2024\/01\/IMG_5984-768x576.jpeg 768w, https:\/\/www.eslebedasauto.at\/wp-content\/uploads\/2024\/01\/IMG_5984-1536x1152.jpeg 1536w, https:\/\/www.eslebedasauto.at\/wp-content\/uploads\/2024\/01\/IMG_5984-2048x1536.jpeg 2048w, https:\/\/www.eslebedasauto.at\/wp-content\/uploads\/2024\/01\/IMG_5984-800x600.jpeg 800w, https:\/\/www.eslebedasauto.at\/wp-content\/uploads\/2024\/01\/IMG_5984-1160x870.jpeg 1160w\" sizes=\"(max-width: 1024px) 100vw, 1024px\" \/><\/figure>\n\n\n\n<figure class=\"wp-block-image size-large\"><img loading=\"lazy\" decoding=\"async\" width=\"1024\" height=\"768\" data-id=\"94416\" src=\"https:\/\/www.eslebedasauto.at\/wp-content\/uploads\/2024\/01\/IMG_5985-1024x768.jpeg\" alt=\"\" class=\"wp-image-94416\" srcset=\"https:\/\/www.eslebedasauto.at\/wp-content\/uploads\/2024\/01\/IMG_5985-1024x768.jpeg 1024w, https:\/\/www.eslebedasauto.at\/wp-content\/uploads\/2024\/01\/IMG_5985-300x225.jpeg 300w, https:\/\/www.eslebedasauto.at\/wp-content\/uploads\/2024\/01\/IMG_5985-768x576.jpeg 768w, https:\/\/www.eslebedasauto.at\/wp-content\/uploads\/2024\/01\/IMG_5985-1536x1152.jpeg 1536w, https:\/\/www.eslebedasauto.at\/wp-content\/uploads\/2024\/01\/IMG_5985-2048x1536.jpeg 2048w, https:\/\/www.eslebedasauto.at\/wp-content\/uploads\/2024\/01\/IMG_5985-800x600.jpeg 800w, https:\/\/www.eslebedasauto.at\/wp-content\/uploads\/2024\/01\/IMG_5985-1160x870.jpeg 1160w\" sizes=\"(max-width: 1024px) 100vw, 1024px\" \/><\/figure>\n\n\n\n<figure class=\"wp-block-image size-large\"><img loading=\"lazy\" decoding=\"async\" width=\"1024\" height=\"768\" data-id=\"94415\" src=\"https:\/\/www.eslebedasauto.at\/wp-content\/uploads\/2024\/01\/IMG_5986-1024x768.jpeg\" alt=\"\" class=\"wp-image-94415\" srcset=\"https:\/\/www.eslebedasauto.at\/wp-content\/uploads\/2024\/01\/IMG_5986-1024x768.jpeg 1024w, https:\/\/www.eslebedasauto.at\/wp-content\/uploads\/2024\/01\/IMG_5986-300x225.jpeg 300w, https:\/\/www.eslebedasauto.at\/wp-content\/uploads\/2024\/01\/IMG_5986-768x576.jpeg 768w, https:\/\/www.eslebedasauto.at\/wp-content\/uploads\/2024\/01\/IMG_5986-1536x1152.jpeg 1536w, https:\/\/www.eslebedasauto.at\/wp-content\/uploads\/2024\/01\/IMG_5986-2048x1536.jpeg 2048w, https:\/\/www.eslebedasauto.at\/wp-content\/uploads\/2024\/01\/IMG_5986-800x600.jpeg 800w, https:\/\/www.eslebedasauto.at\/wp-content\/uploads\/2024\/01\/IMG_5986-1160x870.jpeg 1160w\" sizes=\"(max-width: 1024px) 100vw, 1024px\" \/><\/figure>\n\n\n\n<figure class=\"wp-block-image size-large\"><img loading=\"lazy\" decoding=\"async\" width=\"1024\" height=\"768\" data-id=\"94414\" src=\"https:\/\/www.eslebedasauto.at\/wp-content\/uploads\/2024\/01\/IMG_5987-1024x768.jpeg\" alt=\"\" class=\"wp-image-94414\" srcset=\"https:\/\/www.eslebedasauto.at\/wp-content\/uploads\/2024\/01\/IMG_5987-1024x768.jpeg 1024w, https:\/\/www.eslebedasauto.at\/wp-content\/uploads\/2024\/01\/IMG_5987-300x225.jpeg 300w, https:\/\/www.eslebedasauto.at\/wp-content\/uploads\/2024\/01\/IMG_5987-768x576.jpeg 768w, https:\/\/www.eslebedasauto.at\/wp-content\/uploads\/2024\/01\/IMG_5987-1536x1152.jpeg 1536w, https:\/\/www.eslebedasauto.at\/wp-content\/uploads\/2024\/01\/IMG_5987-2048x1536.jpeg 2048w, https:\/\/www.eslebedasauto.at\/wp-content\/uploads\/2024\/01\/IMG_5987-800x600.jpeg 800w, https:\/\/www.eslebedasauto.at\/wp-content\/uploads\/2024\/01\/IMG_5987-1160x870.jpeg 1160w\" sizes=\"(max-width: 1024px) 100vw, 1024px\" \/><\/figure>\n<\/figure>\n\n\n\n<p><strong>V\u00f6llig neu auch das Interieur.<\/strong>&nbsp;Die Armarturen pr\u00e4sentieren sich als hochwertiger Mix aus digitalen Touch-Elementen und herk\u00f6mmlichen Tasten und Schaltern. Das Ganze sieht nicht nur aufger\u00e4umt aus, es l\u00e4sst sich nach kurzer Eingew\u00f6hnung auch hervorragend bedienen. Diese Aufger\u00e4umtheit kommt auch davon, dass der W\u00e4hlhebel des DSG hinters Lenkrad gewandert ist und durch diese Ma\u00dfnahme viel Platz auf der Mittelkonsole geschaffen wurde.<\/p>\n\n\n\n<figure class=\"wp-block-image size-large\"><img loading=\"lazy\" decoding=\"async\" width=\"1024\" height=\"768\" src=\"https:\/\/www.eslebedasauto.at\/wp-content\/uploads\/2024\/01\/IMG_5996-1024x768.jpeg\" alt=\"\" class=\"wp-image-94410\" srcset=\"https:\/\/www.eslebedasauto.at\/wp-content\/uploads\/2024\/01\/IMG_5996-1024x768.jpeg 1024w, https:\/\/www.eslebedasauto.at\/wp-content\/uploads\/2024\/01\/IMG_5996-300x225.jpeg 300w, https:\/\/www.eslebedasauto.at\/wp-content\/uploads\/2024\/01\/IMG_5996-768x576.jpeg 768w, https:\/\/www.eslebedasauto.at\/wp-content\/uploads\/2024\/01\/IMG_5996-1536x1152.jpeg 1536w, https:\/\/www.eslebedasauto.at\/wp-content\/uploads\/2024\/01\/IMG_5996-2048x1536.jpeg 2048w, https:\/\/www.eslebedasauto.at\/wp-content\/uploads\/2024\/01\/IMG_5996-800x600.jpeg 800w, https:\/\/www.eslebedasauto.at\/wp-content\/uploads\/2024\/01\/IMG_5996-1160x870.jpeg 1160w\" sizes=\"(max-width: 1024px) 100vw, 1024px\" \/><\/figure>\n\n\n\n<p><strong>Leider hat Hyundai nichts an der vorherrschenden Ger\u00e4uschkulisse an verschiedensten Warnt\u00f6nen ge\u00e4ndert.<\/strong>&nbsp;Es piepst und t\u00f6nt gef\u00fchlt permanent und oft wei\u00df man nicht einmal mehr warum. Am \u00c4rgerlichsten ist dabei der neue \u2013 ab heuer von der lieben EU vorgeschriebene Tempowarner, der warnt schon, wenn man in der Drei\u00dfigerzone 31 Sachen f\u00e4hrt. Er l\u00e4sst sich zwar (m\u00fchsam im Untermen\u00fc) deaktivieren, erwacht aber nach jedem Neustart wieder zum Leben. Wir finden: Sicherheit ist gut und sch\u00f6n, aber hier nimmt das Ganze fast schon groteske Z\u00fcge an, mit dem Effekt, dass man dadurch mehr abgelenkt wird und somit wieder die Sicherheit darunter leidet.<\/p>\n\n\n\n<blockquote class=\"wp-block-quote has-text-align-center is-layout-flow wp-block-quote-is-layout-flow\">\n<p><em>Der Kona piepst auch bei jedem Tempolimit-Schild, welches von der Elektronik \u2013 ob richtig oder falsch \u2013 erkannt wird und ebenso wenn man mal nicht dauernd konzentriert auf die Stra\u00dfe blickt\u2026ARGHHH!! \ud83e\udd2c&nbsp;<\/em><\/p>\n<cite>#eslebedasauto<\/cite><\/blockquote>\n\n\n\n<p>Ansonsten gibt\u00b4s am Leben im und mit dem Hyundai Kona eigentlich nichts zu bekritteln. Die sehr bequemen Sitze lassen sich beheizen, k\u00fchlen und verf\u00fcgen \u00fcber eine ordentliche Massagefunktion. Die Materialwahl und auch deren Verarbeitung ist \u00fcber jeden Zweifel erhaben \u2013 im neuen Kona h\u00e4lt man es definitiv auch \u00fcber lange Strecken sehr gut aus.<\/p>\n\n\n\n<figure class=\"wp-block-image size-large\"><img loading=\"lazy\" decoding=\"async\" width=\"1024\" height=\"768\" src=\"https:\/\/www.eslebedasauto.at\/wp-content\/uploads\/2024\/01\/IMG_5992-1024x768.jpeg\" alt=\"\" class=\"wp-image-94412\" srcset=\"https:\/\/www.eslebedasauto.at\/wp-content\/uploads\/2024\/01\/IMG_5992-1024x768.jpeg 1024w, https:\/\/www.eslebedasauto.at\/wp-content\/uploads\/2024\/01\/IMG_5992-300x225.jpeg 300w, https:\/\/www.eslebedasauto.at\/wp-content\/uploads\/2024\/01\/IMG_5992-768x576.jpeg 768w, https:\/\/www.eslebedasauto.at\/wp-content\/uploads\/2024\/01\/IMG_5992-1536x1152.jpeg 1536w, https:\/\/www.eslebedasauto.at\/wp-content\/uploads\/2024\/01\/IMG_5992-2048x1536.jpeg 2048w, https:\/\/www.eslebedasauto.at\/wp-content\/uploads\/2024\/01\/IMG_5992-800x600.jpeg 800w, https:\/\/www.eslebedasauto.at\/wp-content\/uploads\/2024\/01\/IMG_5992-1160x870.jpeg 1160w\" sizes=\"(max-width: 1024px) 100vw, 1024px\" \/><\/figure>\n\n\n\n<h4 id=\"wie-fahrt-sich-der-hyundai-kona-hybrid\" class=\"wp-block-heading\">Wie f\u00e4hrt sich der Hyundai Kona Hybrid?<\/h4>\n\n\n\n<p>Die Motoren-Palette f\u00fcr den Kona ist gro\u00df, neben zwei Benzinern (120 und 198 PS) gibt es zwei vollelektrische Varianten mit 156 PS und 218 PS sowie den von uns getesteten Vollhybrid. Er bietet ein h\u00f6chst harmonisches Antriebspaket, welches vor allem beim gem\u00fctlichen Cruisen und in der Stadt gro\u00df auftrumpft. 141 System-PS sowie 265 Newtonmeter Drehmoment treffen hier auf mindestens 1,6 Tonnen (1533 kg Leergewicht) \u2013 da darf man sich halt keine dynamischen H\u00f6chstleistungen erwarten. Will man in der Regel aber auch nicht \u2013 zu komfortabel ist der Kona abgestimmt. Wer es brachialer liebt, sollte auf die N-Version warten. Diese Tiefenentspanntheit kommt auch der Effizienz zugute. Wir schafften im Schnitt unter sechs Liter Super pro hundert Kilometer.&nbsp;<\/p>\n\n\n\n<figure class=\"wp-block-image size-large\"><img loading=\"lazy\" decoding=\"async\" width=\"1024\" height=\"768\" src=\"https:\/\/www.eslebedasauto.at\/wp-content\/uploads\/2024\/01\/IMG_5994-1024x768.jpeg\" alt=\"\" class=\"wp-image-94411\" srcset=\"https:\/\/www.eslebedasauto.at\/wp-content\/uploads\/2024\/01\/IMG_5994-1024x768.jpeg 1024w, https:\/\/www.eslebedasauto.at\/wp-content\/uploads\/2024\/01\/IMG_5994-300x225.jpeg 300w, https:\/\/www.eslebedasauto.at\/wp-content\/uploads\/2024\/01\/IMG_5994-768x576.jpeg 768w, https:\/\/www.eslebedasauto.at\/wp-content\/uploads\/2024\/01\/IMG_5994-1536x1152.jpeg 1536w, https:\/\/www.eslebedasauto.at\/wp-content\/uploads\/2024\/01\/IMG_5994-2048x1536.jpeg 2048w, https:\/\/www.eslebedasauto.at\/wp-content\/uploads\/2024\/01\/IMG_5994-800x600.jpeg 800w, https:\/\/www.eslebedasauto.at\/wp-content\/uploads\/2024\/01\/IMG_5994-1160x870.jpeg 1160w\" sizes=\"(max-width: 1024px) 100vw, 1024px\" \/><\/figure>\n\n\n\n<p><strong>Fazit<\/strong><\/p>\n\n\n\n<p>Mit dem Kona Hybrid bietet Hyundai ein vollwertiges Familienfahrzeug an, welches dank hohem Komfort und guter Ausstattung recht viel Freude bereitet. Die Preisliste f\u00fcr den Kona Hybrid startet ab 30.790 Euro. Wir waren mit der Prestige-Line Ausstattung unterwegs \u2013 damit bekommt man ab 38.190 Euro ein voll ausgestattetes Fahrzeug, welches in unserem Fall nur mehr zus\u00e4tzlich mit Sound- und Relax-Paket vervollst\u00e4ndigt wurde und dadurch mit 41.400 Euro in der Liste steht.&nbsp;<\/p>\n\n\n\n<figure class=\"wp-block-image size-large\"><img loading=\"lazy\" decoding=\"async\" width=\"1024\" height=\"768\" src=\"https:\/\/www.eslebedasauto.at\/wp-content\/uploads\/2024\/01\/IMG_5979-1024x768.jpeg\" alt=\"\" class=\"wp-image-94421\" srcset=\"https:\/\/www.eslebedasauto.at\/wp-content\/uploads\/2024\/01\/IMG_5979-1024x768.jpeg 1024w, https:\/\/www.eslebedasauto.at\/wp-content\/uploads\/2024\/01\/IMG_5979-300x225.jpeg 300w, https:\/\/www.eslebedasauto.at\/wp-content\/uploads\/2024\/01\/IMG_5979-768x576.jpeg 768w, https:\/\/www.eslebedasauto.at\/wp-content\/uploads\/2024\/01\/IMG_5979-1536x1152.jpeg 1536w, https:\/\/www.eslebedasauto.at\/wp-content\/uploads\/2024\/01\/IMG_5979-2048x1536.jpeg 2048w, https:\/\/www.eslebedasauto.at\/wp-content\/uploads\/2024\/01\/IMG_5979-800x600.jpeg 800w, https:\/\/www.eslebedasauto.at\/wp-content\/uploads\/2024\/01\/IMG_5979-1160x870.jpeg 1160w\" sizes=\"(max-width: 1024px) 100vw, 1024px\" \/><\/figure>\n\n\n\n<p><strong>Daten Fakten Hyundai Kona Hybrid Prestige Line 1.6 GDI 2WD<\/strong><br>Motor: Reihenvierzylinder Benziner + E-Motor<br>Systemleistung: 141 PS<br>Drehmoment: 265 Nm<br>0 \u2013 100 km\/h: 11,4 Sekunden<br>Vmax: 160 km\/h<br>Testverbrauch: 5,9 Liter Super \/ 100 km<br>Preis: ab EUR 38.190,-<\/p>","protected":false},"excerpt":{"rendered":"<p>Wir sind den neuen Hyundai Kona in der Hybrid-Version gefahren \u2013 in K\u00fcrze folgt der Test der Elektro-Variante.<\/p>","protected":false},"author":2,"featured_media":94408,"comment_status":"open","ping_status":"open","sticky":false,"template":"","format":"standard","meta":{"neve_meta_sidebar":"","neve_meta_container":"","neve_meta_enable_content_width":"","neve_meta_content_width":0,"neve_meta_title_alignment":"","neve_meta_author_avatar":"","neve_post_elements_order":"","neve_meta_disable_header":"","neve_meta_disable_footer":"","neve_meta_disable_title":"","neve_meta_reading_time":"","footnotes":""},"categories":[335,12,598],"tags":[],"class_list":["post-94406","post","type-post","status-publish","format-standard","has-post-thumbnail","hentry","category-fahrberichte","category-hybrid","category-shortmotornews"],"yoast_head":"<!-- This site is optimized with the Yoast SEO plugin v26.8 - https:\/\/yoast.com\/product\/yoast-seo-wordpress\/ -->\n<title>Gro\u00df ist er geworden, der neue Hyundai Kona - Es lebe das Auto<\/title>\n<meta name=\"description\" content=\"Wir sind den neuen Hyundai Kona in der Hybrid-Version gefahren \u2013 in K\u00fcrze folgt der Test der Elektro-Variante.\" \/>\n<meta name=\"robots\" content=\"index, follow, max-snippet:-1, max-image-preview:large, max-video-preview:-1\" \/>\n<link rel=\"canonical\" href=\"https:\/\/www.eslebedasauto.at\/en\/hyundai-kona-hybrid-test\/\" \/>\n<meta property=\"og:locale\" content=\"en_GB\" \/>\n<meta property=\"og:type\" content=\"article\" \/>\n<meta property=\"og:title\" content=\"Gro\u00df ist er geworden, der neue Hyundai Kona - Es lebe das Auto\" \/>\n<meta property=\"og:description\" content=\"Wir sind den neuen Hyundai Kona in der Hybrid-Version gefahren \u2013 in K\u00fcrze folgt der Test der Elektro-Variante.\" \/>\n<meta property=\"og:url\" content=\"https:\/\/www.eslebedasauto.at\/en\/hyundai-kona-hybrid-test\/\" \/>\n<meta property=\"og:site_name\" content=\"Es lebe das Auto\" \/>\n<meta property=\"article:publisher\" content=\"https:\/\/www.facebook.com\/eslebedasauto.at\" \/>\n<meta property=\"article:published_time\" content=\"2024-01-10T17:42:27+00:00\" \/>\n<meta property=\"og:image\" content=\"https:\/\/www.eslebedasauto.at\/wp-content\/uploads\/2024\/01\/IMG_5977-scaled.jpeg\" \/>\n\t<meta property=\"og:image:width\" content=\"2560\" \/>\n\t<meta property=\"og:image:height\" content=\"1920\" \/>\n\t<meta property=\"og:image:type\" content=\"image\/jpeg\" \/>\n<meta name=\"author\" content=\"gerhard\" \/>\n<meta name=\"twitter:card\" content=\"summary_large_image\" \/>\n<meta name=\"twitter:label1\" content=\"Written by\" \/>\n\t<meta name=\"twitter:data1\" content=\"gerhard\" \/>\n\t<meta name=\"twitter:label2\" content=\"Estimated reading time\" \/>\n\t<meta name=\"twitter:data2\" content=\"6 minutes\" \/>\n<script type=\"application\/ld+json\" class=\"yoast-schema-graph\">{\"@context\":\"https:\/\/schema.org\",\"@graph\":[{\"@type\":\"Article\",\"@id\":\"https:\/\/www.eslebedasauto.at\/hyundai-kona-hybrid-test\/#article\",\"isPartOf\":{\"@id\":\"https:\/\/www.eslebedasauto.at\/hyundai-kona-hybrid-test\/\"},\"author\":{\"name\":\"gerhard\",\"@id\":\"https:\/\/www.eslebedasauto.at\/#\/schema\/person\/fb81218b0bed500d225ff518f9f17033\"},\"headline\":\"Gro\u00df ist er geworden, der neue Hyundai Kona\",\"datePublished\":\"2024-01-10T17:42:27+00:00\",\"mainEntityOfPage\":{\"@id\":\"https:\/\/www.eslebedasauto.at\/hyundai-kona-hybrid-test\/\"},\"wordCount\":658,\"commentCount\":0,\"publisher\":{\"@id\":\"https:\/\/www.eslebedasauto.at\/#organization\"},\"image\":{\"@id\":\"https:\/\/www.eslebedasauto.at\/hyundai-kona-hybrid-test\/#primaryimage\"},\"thumbnailUrl\":\"https:\/\/www.eslebedasauto.at\/wp-content\/uploads\/2024\/01\/IMG_5977-scaled.jpeg\",\"articleSection\":[\"Fahrberichte\",\"Hybrid\",\"Shortmotornews\"],\"inLanguage\":\"en-GB\",\"potentialAction\":[{\"@type\":\"CommentAction\",\"name\":\"Comment\",\"target\":[\"https:\/\/www.eslebedasauto.at\/hyundai-kona-hybrid-test\/#respond\"]}]},{\"@type\":\"WebPage\",\"@id\":\"https:\/\/www.eslebedasauto.at\/hyundai-kona-hybrid-test\/\",\"url\":\"https:\/\/www.eslebedasauto.at\/hyundai-kona-hybrid-test\/\",\"name\":\"Gro\u00df ist er geworden, der neue Hyundai Kona - Es lebe das Auto\",\"isPartOf\":{\"@id\":\"https:\/\/www.eslebedasauto.at\/#website\"},\"primaryImageOfPage\":{\"@id\":\"https:\/\/www.eslebedasauto.at\/hyundai-kona-hybrid-test\/#primaryimage\"},\"image\":{\"@id\":\"https:\/\/www.eslebedasauto.at\/hyundai-kona-hybrid-test\/#primaryimage\"},\"thumbnailUrl\":\"https:\/\/www.eslebedasauto.at\/wp-content\/uploads\/2024\/01\/IMG_5977-scaled.jpeg\",\"datePublished\":\"2024-01-10T17:42:27+00:00\",\"description\":\"Wir sind den neuen Hyundai Kona in der Hybrid-Version gefahren \u2013 in K\u00fcrze folgt der Test der Elektro-Variante.\",\"breadcrumb\":{\"@id\":\"https:\/\/www.eslebedasauto.at\/hyundai-kona-hybrid-test\/#breadcrumb\"},\"inLanguage\":\"en-GB\",\"potentialAction\":[{\"@type\":\"ReadAction\",\"target\":[\"https:\/\/www.eslebedasauto.at\/hyundai-kona-hybrid-test\/\"]}]},{\"@type\":\"ImageObject\",\"inLanguage\":\"en-GB\",\"@id\":\"https:\/\/www.eslebedasauto.at\/hyundai-kona-hybrid-test\/#primaryimage\",\"url\":\"https:\/\/www.eslebedasauto.at\/wp-content\/uploads\/2024\/01\/IMG_5977-scaled.jpeg\",\"contentUrl\":\"https:\/\/www.eslebedasauto.at\/wp-content\/uploads\/2024\/01\/IMG_5977-scaled.jpeg\",\"width\":2560,\"height\":1920},{\"@type\":\"BreadcrumbList\",\"@id\":\"https:\/\/www.eslebedasauto.at\/hyundai-kona-hybrid-test\/#breadcrumb\",\"itemListElement\":[{\"@type\":\"ListItem\",\"position\":1,\"name\":\"Startseite\",\"item\":\"https:\/\/www.eslebedasauto.at\/\"},{\"@type\":\"ListItem\",\"position\":2,\"name\":\"Gro\u00df ist er geworden, der neue Hyundai Kona\"}]},{\"@type\":\"WebSite\",\"@id\":\"https:\/\/www.eslebedasauto.at\/#website\",\"url\":\"https:\/\/www.eslebedasauto.at\/\",\"name\":\"Es lebe das Auto\",\"description\":\"ein Hoch auf den Individualverkehr\",\"publisher\":{\"@id\":\"https:\/\/www.eslebedasauto.at\/#organization\"},\"potentialAction\":[{\"@type\":\"SearchAction\",\"target\":{\"@type\":\"EntryPoint\",\"urlTemplate\":\"https:\/\/www.eslebedasauto.at\/?s={search_term_string}\"},\"query-input\":{\"@type\":\"PropertyValueSpecification\",\"valueRequired\":true,\"valueName\":\"search_term_string\"}}],\"inLanguage\":\"en-GB\"},{\"@type\":\"Organization\",\"@id\":\"https:\/\/www.eslebedasauto.at\/#organization\",\"name\":\"eslebedasauto\",\"url\":\"https:\/\/www.eslebedasauto.at\/\",\"logo\":{\"@type\":\"ImageObject\",\"inLanguage\":\"en-GB\",\"@id\":\"https:\/\/www.eslebedasauto.at\/#\/schema\/logo\/image\/\",\"url\":\"https:\/\/www.eslebedasauto.at\/wp-content\/uploads\/2025\/10\/eldarund.png\",\"contentUrl\":\"https:\/\/www.eslebedasauto.at\/wp-content\/uploads\/2025\/10\/eldarund.png\",\"width\":1024,\"height\":1024,\"caption\":\"eslebedasauto\"},\"image\":{\"@id\":\"https:\/\/www.eslebedasauto.at\/#\/schema\/logo\/image\/\"},\"sameAs\":[\"https:\/\/www.facebook.com\/eslebedasauto.at\",\"https:\/\/www.instagram.com\/es_lebe_das_auto\/\"]},{\"@type\":\"Person\",\"@id\":\"https:\/\/www.eslebedasauto.at\/#\/schema\/person\/fb81218b0bed500d225ff518f9f17033\",\"name\":\"gerhard\",\"url\":\"https:\/\/www.eslebedasauto.at\/en\/author\/gerhard\/\"}]}<\/script>\n<!-- \/ Yoast SEO plugin. -->","yoast_head_json":{"title":"Gro\u00df ist er geworden, der neue Hyundai Kona - Es lebe das Auto","description":"Wir sind den neuen Hyundai Kona in der Hybrid-Version gefahren \u2013 in K\u00fcrze folgt der Test der Elektro-Variante.","robots":{"index":"index","follow":"follow","max-snippet":"max-snippet:-1","max-image-preview":"max-image-preview:large","max-video-preview":"max-video-preview:-1"},"canonical":"https:\/\/www.eslebedasauto.at\/en\/hyundai-kona-hybrid-test\/","og_locale":"en_GB","og_type":"article","og_title":"Gro\u00df ist er geworden, der neue Hyundai Kona - Es lebe das Auto","og_description":"Wir sind den neuen Hyundai Kona in der Hybrid-Version gefahren \u2013 in K\u00fcrze folgt der Test der Elektro-Variante.","og_url":"https:\/\/www.eslebedasauto.at\/en\/hyundai-kona-hybrid-test\/","og_site_name":"Es lebe das Auto","article_publisher":"https:\/\/www.facebook.com\/eslebedasauto.at","article_published_time":"2024-01-10T17:42:27+00:00","og_image":[{"width":2560,"height":1920,"url":"https:\/\/www.eslebedasauto.at\/wp-content\/uploads\/2024\/01\/IMG_5977-scaled.jpeg","type":"image\/jpeg"}],"author":"gerhard","twitter_card":"summary_large_image","twitter_misc":{"Written by":"gerhard","Estimated reading time":"6 minutes"},"schema":{"@context":"https:\/\/schema.org","@graph":[{"@type":"Article","@id":"https:\/\/www.eslebedasauto.at\/hyundai-kona-hybrid-test\/#article","isPartOf":{"@id":"https:\/\/www.eslebedasauto.at\/hyundai-kona-hybrid-test\/"},"author":{"name":"gerhard","@id":"https:\/\/www.eslebedasauto.at\/#\/schema\/person\/fb81218b0bed500d225ff518f9f17033"},"headline":"Gro\u00df ist er geworden, der neue Hyundai Kona","datePublished":"2024-01-10T17:42:27+00:00","mainEntityOfPage":{"@id":"https:\/\/www.eslebedasauto.at\/hyundai-kona-hybrid-test\/"},"wordCount":658,"commentCount":0,"publisher":{"@id":"https:\/\/www.eslebedasauto.at\/#organization"},"image":{"@id":"https:\/\/www.eslebedasauto.at\/hyundai-kona-hybrid-test\/#primaryimage"},"thumbnailUrl":"https:\/\/www.eslebedasauto.at\/wp-content\/uploads\/2024\/01\/IMG_5977-scaled.jpeg","articleSection":["Fahrberichte","Hybrid","Shortmotornews"],"inLanguage":"en-GB","potentialAction":[{"@type":"CommentAction","name":"Comment","target":["https:\/\/www.eslebedasauto.at\/hyundai-kona-hybrid-test\/#respond"]}]},{"@type":"WebPage","@id":"https:\/\/www.eslebedasauto.at\/hyundai-kona-hybrid-test\/","url":"https:\/\/www.eslebedasauto.at\/hyundai-kona-hybrid-test\/","name":"Gro\u00df ist er geworden, der neue Hyundai Kona - Es lebe das Auto","isPartOf":{"@id":"https:\/\/www.eslebedasauto.at\/#website"},"primaryImageOfPage":{"@id":"https:\/\/www.eslebedasauto.at\/hyundai-kona-hybrid-test\/#primaryimage"},"image":{"@id":"https:\/\/www.eslebedasauto.at\/hyundai-kona-hybrid-test\/#primaryimage"},"thumbnailUrl":"https:\/\/www.eslebedasauto.at\/wp-content\/uploads\/2024\/01\/IMG_5977-scaled.jpeg","datePublished":"2024-01-10T17:42:27+00:00","description":"Wir sind den neuen Hyundai Kona in der Hybrid-Version gefahren \u2013 in K\u00fcrze folgt der Test der Elektro-Variante.","breadcrumb":{"@id":"https:\/\/www.eslebedasauto.at\/hyundai-kona-hybrid-test\/#breadcrumb"},"inLanguage":"en-GB","potentialAction":[{"@type":"ReadAction","target":["https:\/\/www.eslebedasauto.at\/hyundai-kona-hybrid-test\/"]}]},{"@type":"ImageObject","inLanguage":"en-GB","@id":"https:\/\/www.eslebedasauto.at\/hyundai-kona-hybrid-test\/#primaryimage","url":"https:\/\/www.eslebedasauto.at\/wp-content\/uploads\/2024\/01\/IMG_5977-scaled.jpeg","contentUrl":"https:\/\/www.eslebedasauto.at\/wp-content\/uploads\/2024\/01\/IMG_5977-scaled.jpeg","width":2560,"height":1920},{"@type":"BreadcrumbList","@id":"https:\/\/www.eslebedasauto.at\/hyundai-kona-hybrid-test\/#breadcrumb","itemListElement":[{"@type":"ListItem","position":1,"name":"Startseite","item":"https:\/\/www.eslebedasauto.at\/"},{"@type":"ListItem","position":2,"name":"Gro\u00df ist er geworden, der neue Hyundai Kona"}]},{"@type":"WebSite","@id":"https:\/\/www.eslebedasauto.at\/#website","url":"https:\/\/www.eslebedasauto.at\/","name":"Es lebe das Auto","description":"ein Hoch auf den Individualverkehr","publisher":{"@id":"https:\/\/www.eslebedasauto.at\/#organization"},"potentialAction":[{"@type":"SearchAction","target":{"@type":"EntryPoint","urlTemplate":"https:\/\/www.eslebedasauto.at\/?s={search_term_string}"},"query-input":{"@type":"PropertyValueSpecification","valueRequired":true,"valueName":"search_term_string"}}],"inLanguage":"en-GB"},{"@type":"Organization","@id":"https:\/\/www.eslebedasauto.at\/#organization","name":"eslebedasauto","url":"https:\/\/www.eslebedasauto.at\/","logo":{"@type":"ImageObject","inLanguage":"en-GB","@id":"https:\/\/www.eslebedasauto.at\/#\/schema\/logo\/image\/","url":"https:\/\/www.eslebedasauto.at\/wp-content\/uploads\/2025\/10\/eldarund.png","contentUrl":"https:\/\/www.eslebedasauto.at\/wp-content\/uploads\/2025\/10\/eldarund.png","width":1024,"height":1024,"caption":"eslebedasauto"},"image":{"@id":"https:\/\/www.eslebedasauto.at\/#\/schema\/logo\/image\/"},"sameAs":["https:\/\/www.facebook.com\/eslebedasauto.at","https:\/\/www.instagram.com\/es_lebe_das_auto\/"]},{"@type":"Person","@id":"https:\/\/www.eslebedasauto.at\/#\/schema\/person\/fb81218b0bed500d225ff518f9f17033","name":"gerhard","url":"https:\/\/www.eslebedasauto.at\/en\/author\/gerhard\/"}]}},"_links":{"self":[{"href":"https:\/\/www.eslebedasauto.at\/en\/wp-json\/wp\/v2\/posts\/94406","targetHints":{"allow":["GET"]}}],"collection":[{"href":"https:\/\/www.eslebedasauto.at\/en\/wp-json\/wp\/v2\/posts"}],"about":[{"href":"https:\/\/www.eslebedasauto.at\/en\/wp-json\/wp\/v2\/types\/post"}],"author":[{"embeddable":true,"href":"https:\/\/www.eslebedasauto.at\/en\/wp-json\/wp\/v2\/users\/2"}],"replies":[{"embeddable":true,"href":"https:\/\/www.eslebedasauto.at\/en\/wp-json\/wp\/v2\/comments?post=94406"}],"version-history":[{"count":2,"href":"https:\/\/www.eslebedasauto.at\/en\/wp-json\/wp\/v2\/posts\/94406\/revisions"}],"predecessor-version":[{"id":94422,"href":"https:\/\/www.eslebedasauto.at\/en\/wp-json\/wp\/v2\/posts\/94406\/revisions\/94422"}],"wp:featuredmedia":[{"embeddable":true,"href":"https:\/\/www.eslebedasauto.at\/en\/wp-json\/wp\/v2\/media\/94408"}],"wp:attachment":[{"href":"https:\/\/www.eslebedasauto.at\/en\/wp-json\/wp\/v2\/media?parent=94406"}],"wp:term":[{"taxonomy":"category","embeddable":true,"href":"https:\/\/www.eslebedasauto.at\/en\/wp-json\/wp\/v2\/categories?post=94406"},{"taxonomy":"post_tag","embeddable":true,"href":"https:\/\/www.eslebedasauto.at\/en\/wp-json\/wp\/v2\/tags?post=94406"}],"curies":[{"name":"wp","href":"https:\/\/api.w.org\/{rel}","templated":true}]}}