{"id":94304,"date":"2024-01-07T16:42:19","date_gmt":"2024-01-07T15:42:19","guid":{"rendered":"https:\/\/www.eslebedasauto.at\/?p=94304"},"modified":"2024-01-07T17:01:43","modified_gmt":"2024-01-07T16:01:43","slug":"ganz-schoen-kombi-der-opel-astra-sports-tourer","status":"publish","type":"post","link":"https:\/\/www.eslebedasauto.at\/en\/ganz-schoen-kombi-der-opel-astra-sports-tourer\/","title":{"rendered":"Ganz sch\u00f6n Kombi &#8211; der Opel Astra Sports Tourer"},"content":{"rendered":"<p>Der Opel Astra hat bereits \u00fcber 30 Jahre auf dem Buckel und wurde im Laufe der Modellzyklen erheblich ver\u00e4ndert. W\u00e4hrend andere Fahrzeuge wie &#8222;Crossover&#8220; in Mode kamen, bleibt der Astra eine sichere Wahl f\u00fcr Liebhaber klassischer Kompaktautos. Opel bietet zwar auch SUVs an, aber der Astra verleiht inmitten des rasanten Wandels der Automobilwelt eine gewisse Kontinuit\u00e4t. Neben dem kompakten F\u00fcnft\u00fcrer gibt es auch wieder den Astra L als Kombiversion namens Sports Tourer.<\/p>\n\n\n\n<figure class=\"wp-block-gallery has-nested-images columns-default is-cropped wp-block-gallery-1 is-layout-flex wp-block-gallery-is-layout-flex\">\n<figure class=\"wp-block-image size-large\"><a href=\"https:\/\/www.eslebedasauto.at\/wp-content\/uploads\/2024\/01\/IMG_6580-scaled.jpg\"><img fetchpriority=\"high\" decoding=\"async\" width=\"768\" height=\"1024\" data-id=\"94368\" src=\"https:\/\/www.eslebedasauto.at\/wp-content\/uploads\/2024\/01\/IMG_6580-768x1024.jpg\" alt=\"\" class=\"wp-image-94368\" srcset=\"https:\/\/www.eslebedasauto.at\/wp-content\/uploads\/2024\/01\/IMG_6580-768x1024.jpg 768w, https:\/\/www.eslebedasauto.at\/wp-content\/uploads\/2024\/01\/IMG_6580-225x300.jpg 225w, https:\/\/www.eslebedasauto.at\/wp-content\/uploads\/2024\/01\/IMG_6580-1152x1536.jpg 1152w, https:\/\/www.eslebedasauto.at\/wp-content\/uploads\/2024\/01\/IMG_6580-1536x2048.jpg 1536w, https:\/\/www.eslebedasauto.at\/wp-content\/uploads\/2024\/01\/IMG_6580-800x1067.jpg 800w, https:\/\/www.eslebedasauto.at\/wp-content\/uploads\/2024\/01\/IMG_6580-1160x1547.jpg 1160w, https:\/\/www.eslebedasauto.at\/wp-content\/uploads\/2024\/01\/IMG_6580-scaled.jpg 1920w\" sizes=\"(max-width: 768px) 100vw, 768px\" \/><\/a><\/figure>\n\n\n\n<figure class=\"wp-block-image size-large\"><a href=\"https:\/\/www.eslebedasauto.at\/wp-content\/uploads\/2024\/01\/IMG_6572-scaled.jpg\"><img decoding=\"async\" width=\"1024\" height=\"768\" data-id=\"94360\" src=\"https:\/\/www.eslebedasauto.at\/wp-content\/uploads\/2024\/01\/IMG_6572-1024x768.jpg\" alt=\"\" class=\"wp-image-94360\" srcset=\"https:\/\/www.eslebedasauto.at\/wp-content\/uploads\/2024\/01\/IMG_6572-1024x768.jpg 1024w, https:\/\/www.eslebedasauto.at\/wp-content\/uploads\/2024\/01\/IMG_6572-300x225.jpg 300w, https:\/\/www.eslebedasauto.at\/wp-content\/uploads\/2024\/01\/IMG_6572-768x576.jpg 768w, https:\/\/www.eslebedasauto.at\/wp-content\/uploads\/2024\/01\/IMG_6572-1536x1152.jpg 1536w, https:\/\/www.eslebedasauto.at\/wp-content\/uploads\/2024\/01\/IMG_6572-2048x1536.jpg 2048w, https:\/\/www.eslebedasauto.at\/wp-content\/uploads\/2024\/01\/IMG_6572-800x600.jpg 800w, https:\/\/www.eslebedasauto.at\/wp-content\/uploads\/2024\/01\/IMG_6572-1160x870.jpg 1160w\" sizes=\"(max-width: 1024px) 100vw, 1024px\" \/><\/a><\/figure>\n\n\n\n<figure class=\"wp-block-image size-large\"><a href=\"https:\/\/www.eslebedasauto.at\/wp-content\/uploads\/2024\/01\/IMG_6570-scaled.jpg\"><img decoding=\"async\" width=\"1024\" height=\"768\" data-id=\"94358\" src=\"https:\/\/www.eslebedasauto.at\/wp-content\/uploads\/2024\/01\/IMG_6570-1024x768.jpg\" alt=\"\" class=\"wp-image-94358\" srcset=\"https:\/\/www.eslebedasauto.at\/wp-content\/uploads\/2024\/01\/IMG_6570-1024x768.jpg 1024w, https:\/\/www.eslebedasauto.at\/wp-content\/uploads\/2024\/01\/IMG_6570-300x225.jpg 300w, https:\/\/www.eslebedasauto.at\/wp-content\/uploads\/2024\/01\/IMG_6570-768x576.jpg 768w, https:\/\/www.eslebedasauto.at\/wp-content\/uploads\/2024\/01\/IMG_6570-1536x1152.jpg 1536w, https:\/\/www.eslebedasauto.at\/wp-content\/uploads\/2024\/01\/IMG_6570-2048x1536.jpg 2048w, https:\/\/www.eslebedasauto.at\/wp-content\/uploads\/2024\/01\/IMG_6570-800x600.jpg 800w, https:\/\/www.eslebedasauto.at\/wp-content\/uploads\/2024\/01\/IMG_6570-1160x870.jpg 1160w\" sizes=\"(max-width: 1024px) 100vw, 1024px\" \/><\/a><\/figure>\n\n\n\n<figure class=\"wp-block-image size-large\"><a href=\"https:\/\/www.eslebedasauto.at\/wp-content\/uploads\/2024\/01\/IMG_6571-scaled.jpg\"><img loading=\"lazy\" decoding=\"async\" width=\"1024\" height=\"768\" data-id=\"94359\" src=\"https:\/\/www.eslebedasauto.at\/wp-content\/uploads\/2024\/01\/IMG_6571-1024x768.jpg\" alt=\"\" class=\"wp-image-94359\" srcset=\"https:\/\/www.eslebedasauto.at\/wp-content\/uploads\/2024\/01\/IMG_6571-1024x768.jpg 1024w, https:\/\/www.eslebedasauto.at\/wp-content\/uploads\/2024\/01\/IMG_6571-300x225.jpg 300w, https:\/\/www.eslebedasauto.at\/wp-content\/uploads\/2024\/01\/IMG_6571-768x576.jpg 768w, https:\/\/www.eslebedasauto.at\/wp-content\/uploads\/2024\/01\/IMG_6571-1536x1152.jpg 1536w, https:\/\/www.eslebedasauto.at\/wp-content\/uploads\/2024\/01\/IMG_6571-2048x1536.jpg 2048w, https:\/\/www.eslebedasauto.at\/wp-content\/uploads\/2024\/01\/IMG_6571-800x600.jpg 800w, https:\/\/www.eslebedasauto.at\/wp-content\/uploads\/2024\/01\/IMG_6571-1160x870.jpg 1160w\" sizes=\"(max-width: 1024px) 100vw, 1024px\" \/><\/a><\/figure>\n\n\n\n<figure class=\"wp-block-image size-large\"><a href=\"https:\/\/www.eslebedasauto.at\/wp-content\/uploads\/2024\/01\/IMG_6567-1-scaled.jpg\"><img loading=\"lazy\" decoding=\"async\" width=\"768\" height=\"1024\" data-id=\"94355\" src=\"https:\/\/www.eslebedasauto.at\/wp-content\/uploads\/2024\/01\/IMG_6567-1-768x1024.jpg\" alt=\"\" class=\"wp-image-94355\" srcset=\"https:\/\/www.eslebedasauto.at\/wp-content\/uploads\/2024\/01\/IMG_6567-1-768x1024.jpg 768w, https:\/\/www.eslebedasauto.at\/wp-content\/uploads\/2024\/01\/IMG_6567-1-225x300.jpg 225w, https:\/\/www.eslebedasauto.at\/wp-content\/uploads\/2024\/01\/IMG_6567-1-1152x1536.jpg 1152w, https:\/\/www.eslebedasauto.at\/wp-content\/uploads\/2024\/01\/IMG_6567-1-1536x2048.jpg 1536w, https:\/\/www.eslebedasauto.at\/wp-content\/uploads\/2024\/01\/IMG_6567-1-800x1067.jpg 800w, https:\/\/www.eslebedasauto.at\/wp-content\/uploads\/2024\/01\/IMG_6567-1-1160x1547.jpg 1160w, https:\/\/www.eslebedasauto.at\/wp-content\/uploads\/2024\/01\/IMG_6567-1-scaled.jpg 1920w\" sizes=\"(max-width: 768px) 100vw, 768px\" \/><\/a><\/figure>\n\n\n\n<figure class=\"wp-block-image size-large\"><a href=\"https:\/\/www.eslebedasauto.at\/wp-content\/uploads\/2024\/01\/IMG_6566-1-scaled.jpg\"><img loading=\"lazy\" decoding=\"async\" width=\"768\" height=\"1024\" data-id=\"94354\" src=\"https:\/\/www.eslebedasauto.at\/wp-content\/uploads\/2024\/01\/IMG_6566-1-768x1024.jpg\" alt=\"\" class=\"wp-image-94354\" srcset=\"https:\/\/www.eslebedasauto.at\/wp-content\/uploads\/2024\/01\/IMG_6566-1-768x1024.jpg 768w, https:\/\/www.eslebedasauto.at\/wp-content\/uploads\/2024\/01\/IMG_6566-1-225x300.jpg 225w, https:\/\/www.eslebedasauto.at\/wp-content\/uploads\/2024\/01\/IMG_6566-1-1152x1536.jpg 1152w, https:\/\/www.eslebedasauto.at\/wp-content\/uploads\/2024\/01\/IMG_6566-1-1536x2048.jpg 1536w, https:\/\/www.eslebedasauto.at\/wp-content\/uploads\/2024\/01\/IMG_6566-1-800x1067.jpg 800w, https:\/\/www.eslebedasauto.at\/wp-content\/uploads\/2024\/01\/IMG_6566-1-1160x1547.jpg 1160w, https:\/\/www.eslebedasauto.at\/wp-content\/uploads\/2024\/01\/IMG_6566-1-scaled.jpg 1920w\" sizes=\"(max-width: 768px) 100vw, 768px\" \/><\/a><\/figure>\n\n\n\n<figure class=\"wp-block-image size-large\"><a href=\"https:\/\/www.eslebedasauto.at\/wp-content\/uploads\/2024\/01\/IMG_6567.jpg\"><img decoding=\"async\" data-id=\"94349\" src=\"https:\/\/www.eslebedasauto.at\/wp-content\/uploads\/2024\/01\/IMG_6567.jpg\" alt=\"\" class=\"wp-image-94349\"\/><\/a><\/figure>\n\n\n\n<figure class=\"wp-block-image size-large\"><a href=\"https:\/\/www.eslebedasauto.at\/wp-content\/uploads\/2024\/01\/IMG_6573.jpg\"><img decoding=\"async\" data-id=\"94343\" src=\"https:\/\/www.eslebedasauto.at\/wp-content\/uploads\/2024\/01\/IMG_6573.jpg\" alt=\"\" class=\"wp-image-94343\"\/><\/a><\/figure>\n<\/figure>\n\n\n\n<p>Der Astra Sports Tourer bietet eine breite Palette von Antrieben an. Der Preis beginnt bei 26.610 Euro f\u00fcr Benzinmodelle, bei 32.160 Euro f\u00fcr Diesel und bei 39.750 Euro f\u00fcr den Plug-in-Hybrid. Die kombinierten WLTP-Verbr\u00e4uche der Ottovarianten liegen knapp unter sechs Litern, w\u00e4hrend der Diesel im Schnitt nur etwa viereinhalb Liter auf 100 Kilometern verbrauchen soll. Unser Testwagen war ein Benziner mit 130PS. Der Dreizylinder wirkt eher gem\u00e4chlich in seiner Leistung. Trotzdem konnten wir uns nicht vollst\u00e4ndig mit dem handgeschalteten 1,2-Liter-Turbo anfreunden, auch wenn die Leistungswerte von 130 PS und 230 Newtonmetern eigentlich in Ordnung sind. Die Beschleunigung von 60 auf 100 km\/h in 7,4 Sekunden ist auch akzeptabel. Jedoch empfinden wir subjektiv, dass der Dreizylinder etwas tr\u00e4ge wirkt, dreht laut, aber unten rum fehlt das Volumen, um es musikalisch auszudr\u00fccken.<\/p>\n\n\n\n<p>Der Astra erhielt k\u00fcrzlich das \u00fcberarbeitete Opel-Gesicht mit dem auff\u00e4lligen &#8222;Vizor&#8220;. Der schwarze K\u00fchlergrill bildet eine nahtlose Einheit mit den leicht get\u00f6nten Scheinwerfern, die markante LED-Tagfahrleuchten enthalten. Die LED-Schlussleuchten mit ihrer L-f\u00f6rmigen Formgebung sind ebenfalls auff\u00e4llig.<\/p>\n\n\n\n<p>Dank einer Batteriekapazit\u00e4t von etwa zw\u00f6lf kWh schafft der Plug-in-Hybrid im Durchschnitt 60 Kilometer rein elektrische Fahrt und bis zu 72 Kilometer im reinen Stadtverkehr, ohne den Verbrennungsmotor zu nutzen. Potenzielle K\u00e4ufer sollten dennoch \u00fcberlegen, ob der Plug-in-Hybrid f\u00fcr ihre t\u00e4glichen Bed\u00fcrfnisse geeignet ist. Wer regelm\u00e4\u00dfig laden kann und kurze Strecken zur\u00fccklegt, k\u00f6nnte damit gut bedient sein. Wir hatten den Benziner im Test und mussten somit nicht laden und kamen im Test auf unter 5,5 Liter Verbrauch, das ist amtlich.<\/p>\n\n\n\n<p>Die Leistung des Plug-in-Hybrids reicht von 133 kW\/180 PS bis 165 kW\/225 PS, w\u00e4hrend die Ottovarianten mit 81 kW\/110 PS bzw. 96 kW\/130 PS (bei Diesel auch 130 PS) eher zur\u00fcckhaltend sind. Unser Benziner h\u00f6rt sich sportlich an, der Durchzug ist f\u00fcr die PS Leistung von 130 ganz amtlich, dennoch st\u00f6rt der Motorbetrieb nie wirklich. Die Schaltvorg\u00e4nge der Automatik sind in der Regel nicht besonders schnell, aber sehr sanft.<\/p>\n\n\n\n<p>Das schicke &#8222;Curved Display&#8220; zieht sofort die Blicke auf sich. Beim Einsteigen in den Kombi f\u00e4llt sofort auf, dass die Designer eine Vorliebe f\u00fcr Schwarz haben. Wo fr\u00fcher das gew\u00f6hnliche Kombiinstrument war, pr\u00e4sentieren die Gestalter heute ihr beeindruckendes &#8222;Curved Display&#8220;. Sobald der Startknopf bet\u00e4tigt wird, verwandelt sich die gro\u00dfe schwarze Scheibe, die sich bis zur Mittelkonsole erstreckt, in ein farbenfrohes Infotainment-System. Hier finden Fahrer alle n\u00f6tigen &#8211; und auch unn\u00f6tigen &#8211; Informationen.<\/p>\n\n\n\n<figure class=\"wp-block-gallery has-nested-images columns-5 is-cropped wp-block-gallery-2 is-layout-flex wp-block-gallery-is-layout-flex\">\n<figure class=\"wp-block-image size-large\"><a href=\"https:\/\/www.eslebedasauto.at\/wp-content\/uploads\/2024\/01\/IMG_6595-1-scaled.jpg\"><img loading=\"lazy\" decoding=\"async\" width=\"1024\" height=\"768\" data-id=\"94381\" src=\"https:\/\/www.eslebedasauto.at\/wp-content\/uploads\/2024\/01\/IMG_6595-1-1024x768.jpg\" alt=\"\" class=\"wp-image-94381\" srcset=\"https:\/\/www.eslebedasauto.at\/wp-content\/uploads\/2024\/01\/IMG_6595-1-1024x768.jpg 1024w, https:\/\/www.eslebedasauto.at\/wp-content\/uploads\/2024\/01\/IMG_6595-1-300x225.jpg 300w, https:\/\/www.eslebedasauto.at\/wp-content\/uploads\/2024\/01\/IMG_6595-1-768x576.jpg 768w, https:\/\/www.eslebedasauto.at\/wp-content\/uploads\/2024\/01\/IMG_6595-1-1536x1152.jpg 1536w, https:\/\/www.eslebedasauto.at\/wp-content\/uploads\/2024\/01\/IMG_6595-1-2048x1536.jpg 2048w, https:\/\/www.eslebedasauto.at\/wp-content\/uploads\/2024\/01\/IMG_6595-1-800x600.jpg 800w, https:\/\/www.eslebedasauto.at\/wp-content\/uploads\/2024\/01\/IMG_6595-1-1160x870.jpg 1160w\" sizes=\"(max-width: 1024px) 100vw, 1024px\" \/><\/a><\/figure>\n\n\n\n<figure class=\"wp-block-image size-large\"><a href=\"https:\/\/www.eslebedasauto.at\/wp-content\/uploads\/2024\/01\/IMG_6596-1-scaled.jpg\"><img loading=\"lazy\" decoding=\"async\" width=\"768\" height=\"1024\" data-id=\"94382\" src=\"https:\/\/www.eslebedasauto.at\/wp-content\/uploads\/2024\/01\/IMG_6596-1-768x1024.jpg\" alt=\"\" class=\"wp-image-94382\" srcset=\"https:\/\/www.eslebedasauto.at\/wp-content\/uploads\/2024\/01\/IMG_6596-1-768x1024.jpg 768w, https:\/\/www.eslebedasauto.at\/wp-content\/uploads\/2024\/01\/IMG_6596-1-225x300.jpg 225w, https:\/\/www.eslebedasauto.at\/wp-content\/uploads\/2024\/01\/IMG_6596-1-1152x1536.jpg 1152w, https:\/\/www.eslebedasauto.at\/wp-content\/uploads\/2024\/01\/IMG_6596-1-1536x2048.jpg 1536w, https:\/\/www.eslebedasauto.at\/wp-content\/uploads\/2024\/01\/IMG_6596-1-800x1067.jpg 800w, https:\/\/www.eslebedasauto.at\/wp-content\/uploads\/2024\/01\/IMG_6596-1-1160x1547.jpg 1160w, https:\/\/www.eslebedasauto.at\/wp-content\/uploads\/2024\/01\/IMG_6596-1-scaled.jpg 1920w\" sizes=\"(max-width: 768px) 100vw, 768px\" \/><\/a><\/figure>\n\n\n\n<figure class=\"wp-block-image size-large\"><a href=\"https:\/\/www.eslebedasauto.at\/wp-content\/uploads\/2024\/01\/IMG_6599-1-scaled.jpg\"><img loading=\"lazy\" decoding=\"async\" width=\"768\" height=\"1024\" data-id=\"94384\" src=\"https:\/\/www.eslebedasauto.at\/wp-content\/uploads\/2024\/01\/IMG_6599-1-768x1024.jpg\" alt=\"\" class=\"wp-image-94384\" srcset=\"https:\/\/www.eslebedasauto.at\/wp-content\/uploads\/2024\/01\/IMG_6599-1-768x1024.jpg 768w, https:\/\/www.eslebedasauto.at\/wp-content\/uploads\/2024\/01\/IMG_6599-1-225x300.jpg 225w, https:\/\/www.eslebedasauto.at\/wp-content\/uploads\/2024\/01\/IMG_6599-1-1152x1536.jpg 1152w, https:\/\/www.eslebedasauto.at\/wp-content\/uploads\/2024\/01\/IMG_6599-1-1536x2048.jpg 1536w, https:\/\/www.eslebedasauto.at\/wp-content\/uploads\/2024\/01\/IMG_6599-1-800x1067.jpg 800w, https:\/\/www.eslebedasauto.at\/wp-content\/uploads\/2024\/01\/IMG_6599-1-1160x1547.jpg 1160w, https:\/\/www.eslebedasauto.at\/wp-content\/uploads\/2024\/01\/IMG_6599-1-scaled.jpg 1920w\" sizes=\"(max-width: 768px) 100vw, 768px\" \/><\/a><\/figure>\n\n\n\n<figure class=\"wp-block-image size-large\"><a href=\"https:\/\/www.eslebedasauto.at\/wp-content\/uploads\/2024\/01\/IMG_6598-1-scaled.jpg\"><img loading=\"lazy\" decoding=\"async\" width=\"1024\" height=\"768\" data-id=\"94383\" src=\"https:\/\/www.eslebedasauto.at\/wp-content\/uploads\/2024\/01\/IMG_6598-1-1024x768.jpg\" alt=\"\" class=\"wp-image-94383\" srcset=\"https:\/\/www.eslebedasauto.at\/wp-content\/uploads\/2024\/01\/IMG_6598-1-1024x768.jpg 1024w, https:\/\/www.eslebedasauto.at\/wp-content\/uploads\/2024\/01\/IMG_6598-1-300x225.jpg 300w, https:\/\/www.eslebedasauto.at\/wp-content\/uploads\/2024\/01\/IMG_6598-1-768x576.jpg 768w, https:\/\/www.eslebedasauto.at\/wp-content\/uploads\/2024\/01\/IMG_6598-1-1536x1152.jpg 1536w, https:\/\/www.eslebedasauto.at\/wp-content\/uploads\/2024\/01\/IMG_6598-1-2048x1536.jpg 2048w, https:\/\/www.eslebedasauto.at\/wp-content\/uploads\/2024\/01\/IMG_6598-1-800x600.jpg 800w, https:\/\/www.eslebedasauto.at\/wp-content\/uploads\/2024\/01\/IMG_6598-1-1160x870.jpg 1160w\" sizes=\"(max-width: 1024px) 100vw, 1024px\" \/><\/a><\/figure>\n\n\n\n<figure class=\"wp-block-image size-large\"><a href=\"https:\/\/www.eslebedasauto.at\/wp-content\/uploads\/2024\/01\/IMG_6601-1-scaled.jpg\"><img loading=\"lazy\" decoding=\"async\" width=\"768\" height=\"1024\" data-id=\"94386\" src=\"https:\/\/www.eslebedasauto.at\/wp-content\/uploads\/2024\/01\/IMG_6601-1-768x1024.jpg\" alt=\"\" class=\"wp-image-94386\" srcset=\"https:\/\/www.eslebedasauto.at\/wp-content\/uploads\/2024\/01\/IMG_6601-1-768x1024.jpg 768w, https:\/\/www.eslebedasauto.at\/wp-content\/uploads\/2024\/01\/IMG_6601-1-225x300.jpg 225w, https:\/\/www.eslebedasauto.at\/wp-content\/uploads\/2024\/01\/IMG_6601-1-1152x1536.jpg 1152w, https:\/\/www.eslebedasauto.at\/wp-content\/uploads\/2024\/01\/IMG_6601-1-1536x2048.jpg 1536w, https:\/\/www.eslebedasauto.at\/wp-content\/uploads\/2024\/01\/IMG_6601-1-800x1067.jpg 800w, https:\/\/www.eslebedasauto.at\/wp-content\/uploads\/2024\/01\/IMG_6601-1-1160x1547.jpg 1160w, https:\/\/www.eslebedasauto.at\/wp-content\/uploads\/2024\/01\/IMG_6601-1-scaled.jpg 1920w\" sizes=\"(max-width: 768px) 100vw, 768px\" \/><\/a><\/figure>\n\n\n\n<figure class=\"wp-block-image size-large\"><a href=\"https:\/\/www.eslebedasauto.at\/wp-content\/uploads\/2024\/01\/IMG_6602-1-scaled.jpg\"><img loading=\"lazy\" decoding=\"async\" width=\"768\" height=\"1024\" data-id=\"94387\" src=\"https:\/\/www.eslebedasauto.at\/wp-content\/uploads\/2024\/01\/IMG_6602-1-768x1024.jpg\" alt=\"\" class=\"wp-image-94387\" srcset=\"https:\/\/www.eslebedasauto.at\/wp-content\/uploads\/2024\/01\/IMG_6602-1-768x1024.jpg 768w, https:\/\/www.eslebedasauto.at\/wp-content\/uploads\/2024\/01\/IMG_6602-1-225x300.jpg 225w, https:\/\/www.eslebedasauto.at\/wp-content\/uploads\/2024\/01\/IMG_6602-1-1152x1536.jpg 1152w, https:\/\/www.eslebedasauto.at\/wp-content\/uploads\/2024\/01\/IMG_6602-1-1536x2048.jpg 1536w, https:\/\/www.eslebedasauto.at\/wp-content\/uploads\/2024\/01\/IMG_6602-1-800x1067.jpg 800w, https:\/\/www.eslebedasauto.at\/wp-content\/uploads\/2024\/01\/IMG_6602-1-1160x1547.jpg 1160w, https:\/\/www.eslebedasauto.at\/wp-content\/uploads\/2024\/01\/IMG_6602-1-scaled.jpg 1920w\" sizes=\"(max-width: 768px) 100vw, 768px\" \/><\/a><\/figure>\n\n\n\n<figure class=\"wp-block-image size-large\"><a href=\"https:\/\/www.eslebedasauto.at\/wp-content\/uploads\/2024\/01\/IMG_6600-1-scaled.jpg\"><img loading=\"lazy\" decoding=\"async\" width=\"768\" height=\"1024\" data-id=\"94385\" src=\"https:\/\/www.eslebedasauto.at\/wp-content\/uploads\/2024\/01\/IMG_6600-1-768x1024.jpg\" alt=\"\" class=\"wp-image-94385\" srcset=\"https:\/\/www.eslebedasauto.at\/wp-content\/uploads\/2024\/01\/IMG_6600-1-768x1024.jpg 768w, https:\/\/www.eslebedasauto.at\/wp-content\/uploads\/2024\/01\/IMG_6600-1-225x300.jpg 225w, https:\/\/www.eslebedasauto.at\/wp-content\/uploads\/2024\/01\/IMG_6600-1-1152x1536.jpg 1152w, https:\/\/www.eslebedasauto.at\/wp-content\/uploads\/2024\/01\/IMG_6600-1-1536x2048.jpg 1536w, https:\/\/www.eslebedasauto.at\/wp-content\/uploads\/2024\/01\/IMG_6600-1-800x1067.jpg 800w, https:\/\/www.eslebedasauto.at\/wp-content\/uploads\/2024\/01\/IMG_6600-1-1160x1547.jpg 1160w, https:\/\/www.eslebedasauto.at\/wp-content\/uploads\/2024\/01\/IMG_6600-1-scaled.jpg 1920w\" sizes=\"(max-width: 768px) 100vw, 768px\" \/><\/a><\/figure>\n\n\n\n<figure class=\"wp-block-image size-large\"><a href=\"https:\/\/www.eslebedasauto.at\/wp-content\/uploads\/2024\/01\/IMG_6594-1-scaled.jpg\"><img loading=\"lazy\" decoding=\"async\" width=\"768\" height=\"1024\" data-id=\"94380\" src=\"https:\/\/www.eslebedasauto.at\/wp-content\/uploads\/2024\/01\/IMG_6594-1-768x1024.jpg\" alt=\"\" class=\"wp-image-94380\" srcset=\"https:\/\/www.eslebedasauto.at\/wp-content\/uploads\/2024\/01\/IMG_6594-1-768x1024.jpg 768w, https:\/\/www.eslebedasauto.at\/wp-content\/uploads\/2024\/01\/IMG_6594-1-225x300.jpg 225w, https:\/\/www.eslebedasauto.at\/wp-content\/uploads\/2024\/01\/IMG_6594-1-1152x1536.jpg 1152w, https:\/\/www.eslebedasauto.at\/wp-content\/uploads\/2024\/01\/IMG_6594-1-1536x2048.jpg 1536w, https:\/\/www.eslebedasauto.at\/wp-content\/uploads\/2024\/01\/IMG_6594-1-800x1067.jpg 800w, https:\/\/www.eslebedasauto.at\/wp-content\/uploads\/2024\/01\/IMG_6594-1-1160x1547.jpg 1160w, https:\/\/www.eslebedasauto.at\/wp-content\/uploads\/2024\/01\/IMG_6594-1-scaled.jpg 1920w\" sizes=\"(max-width: 768px) 100vw, 768px\" \/><\/a><\/figure>\n\n\n\n<figure class=\"wp-block-image size-large\"><a href=\"https:\/\/www.eslebedasauto.at\/wp-content\/uploads\/2024\/01\/IMG_6593-1-scaled.jpg\"><img loading=\"lazy\" decoding=\"async\" width=\"768\" height=\"1024\" data-id=\"94379\" src=\"https:\/\/www.eslebedasauto.at\/wp-content\/uploads\/2024\/01\/IMG_6593-1-768x1024.jpg\" alt=\"\" class=\"wp-image-94379\" srcset=\"https:\/\/www.eslebedasauto.at\/wp-content\/uploads\/2024\/01\/IMG_6593-1-768x1024.jpg 768w, https:\/\/www.eslebedasauto.at\/wp-content\/uploads\/2024\/01\/IMG_6593-1-225x300.jpg 225w, https:\/\/www.eslebedasauto.at\/wp-content\/uploads\/2024\/01\/IMG_6593-1-1152x1536.jpg 1152w, https:\/\/www.eslebedasauto.at\/wp-content\/uploads\/2024\/01\/IMG_6593-1-1536x2048.jpg 1536w, https:\/\/www.eslebedasauto.at\/wp-content\/uploads\/2024\/01\/IMG_6593-1-800x1067.jpg 800w, https:\/\/www.eslebedasauto.at\/wp-content\/uploads\/2024\/01\/IMG_6593-1-1160x1547.jpg 1160w, https:\/\/www.eslebedasauto.at\/wp-content\/uploads\/2024\/01\/IMG_6593-1-scaled.jpg 1920w\" sizes=\"(max-width: 768px) 100vw, 768px\" \/><\/a><\/figure>\n\n\n\n<figure class=\"wp-block-image size-large\"><a href=\"https:\/\/www.eslebedasauto.at\/wp-content\/uploads\/2024\/01\/IMG_6592-1-scaled.jpg\"><img loading=\"lazy\" decoding=\"async\" width=\"768\" height=\"1024\" data-id=\"94378\" src=\"https:\/\/www.eslebedasauto.at\/wp-content\/uploads\/2024\/01\/IMG_6592-1-768x1024.jpg\" alt=\"\" class=\"wp-image-94378\" srcset=\"https:\/\/www.eslebedasauto.at\/wp-content\/uploads\/2024\/01\/IMG_6592-1-768x1024.jpg 768w, https:\/\/www.eslebedasauto.at\/wp-content\/uploads\/2024\/01\/IMG_6592-1-225x300.jpg 225w, https:\/\/www.eslebedasauto.at\/wp-content\/uploads\/2024\/01\/IMG_6592-1-1152x1536.jpg 1152w, https:\/\/www.eslebedasauto.at\/wp-content\/uploads\/2024\/01\/IMG_6592-1-1536x2048.jpg 1536w, https:\/\/www.eslebedasauto.at\/wp-content\/uploads\/2024\/01\/IMG_6592-1-800x1067.jpg 800w, https:\/\/www.eslebedasauto.at\/wp-content\/uploads\/2024\/01\/IMG_6592-1-1160x1547.jpg 1160w, https:\/\/www.eslebedasauto.at\/wp-content\/uploads\/2024\/01\/IMG_6592-1-scaled.jpg 1920w\" sizes=\"(max-width: 768px) 100vw, 768px\" \/><\/a><\/figure>\n\n\n\n<figure class=\"wp-block-image size-large\"><a href=\"https:\/\/www.eslebedasauto.at\/wp-content\/uploads\/2024\/01\/IMG_6591-1-scaled.jpg\"><img loading=\"lazy\" decoding=\"async\" width=\"768\" height=\"1024\" data-id=\"94377\" src=\"https:\/\/www.eslebedasauto.at\/wp-content\/uploads\/2024\/01\/IMG_6591-1-768x1024.jpg\" alt=\"\" class=\"wp-image-94377\" srcset=\"https:\/\/www.eslebedasauto.at\/wp-content\/uploads\/2024\/01\/IMG_6591-1-768x1024.jpg 768w, https:\/\/www.eslebedasauto.at\/wp-content\/uploads\/2024\/01\/IMG_6591-1-225x300.jpg 225w, https:\/\/www.eslebedasauto.at\/wp-content\/uploads\/2024\/01\/IMG_6591-1-1152x1536.jpg 1152w, https:\/\/www.eslebedasauto.at\/wp-content\/uploads\/2024\/01\/IMG_6591-1-1536x2048.jpg 1536w, https:\/\/www.eslebedasauto.at\/wp-content\/uploads\/2024\/01\/IMG_6591-1-800x1067.jpg 800w, https:\/\/www.eslebedasauto.at\/wp-content\/uploads\/2024\/01\/IMG_6591-1-1160x1547.jpg 1160w, https:\/\/www.eslebedasauto.at\/wp-content\/uploads\/2024\/01\/IMG_6591-1-scaled.jpg 1920w\" sizes=\"(max-width: 768px) 100vw, 768px\" \/><\/a><\/figure>\n\n\n\n<figure class=\"wp-block-image size-large\"><a href=\"https:\/\/www.eslebedasauto.at\/wp-content\/uploads\/2024\/01\/IMG_6590-1-scaled.jpg\"><img loading=\"lazy\" decoding=\"async\" width=\"768\" height=\"1024\" data-id=\"94376\" src=\"https:\/\/www.eslebedasauto.at\/wp-content\/uploads\/2024\/01\/IMG_6590-1-768x1024.jpg\" alt=\"\" class=\"wp-image-94376\" srcset=\"https:\/\/www.eslebedasauto.at\/wp-content\/uploads\/2024\/01\/IMG_6590-1-768x1024.jpg 768w, https:\/\/www.eslebedasauto.at\/wp-content\/uploads\/2024\/01\/IMG_6590-1-225x300.jpg 225w, https:\/\/www.eslebedasauto.at\/wp-content\/uploads\/2024\/01\/IMG_6590-1-1152x1536.jpg 1152w, https:\/\/www.eslebedasauto.at\/wp-content\/uploads\/2024\/01\/IMG_6590-1-1536x2048.jpg 1536w, https:\/\/www.eslebedasauto.at\/wp-content\/uploads\/2024\/01\/IMG_6590-1-800x1067.jpg 800w, https:\/\/www.eslebedasauto.at\/wp-content\/uploads\/2024\/01\/IMG_6590-1-1160x1547.jpg 1160w, https:\/\/www.eslebedasauto.at\/wp-content\/uploads\/2024\/01\/IMG_6590-1-scaled.jpg 1920w\" sizes=\"(max-width: 768px) 100vw, 768px\" \/><\/a><\/figure>\n\n\n\n<figure class=\"wp-block-image size-large\"><a href=\"https:\/\/www.eslebedasauto.at\/wp-content\/uploads\/2024\/01\/IMG_6589-scaled.jpg\"><img loading=\"lazy\" decoding=\"async\" width=\"1024\" height=\"768\" data-id=\"94375\" src=\"https:\/\/www.eslebedasauto.at\/wp-content\/uploads\/2024\/01\/IMG_6589-1024x768.jpg\" alt=\"\" class=\"wp-image-94375\" srcset=\"https:\/\/www.eslebedasauto.at\/wp-content\/uploads\/2024\/01\/IMG_6589-1024x768.jpg 1024w, https:\/\/www.eslebedasauto.at\/wp-content\/uploads\/2024\/01\/IMG_6589-300x225.jpg 300w, https:\/\/www.eslebedasauto.at\/wp-content\/uploads\/2024\/01\/IMG_6589-768x576.jpg 768w, https:\/\/www.eslebedasauto.at\/wp-content\/uploads\/2024\/01\/IMG_6589-1536x1152.jpg 1536w, https:\/\/www.eslebedasauto.at\/wp-content\/uploads\/2024\/01\/IMG_6589-2048x1536.jpg 2048w, https:\/\/www.eslebedasauto.at\/wp-content\/uploads\/2024\/01\/IMG_6589-800x600.jpg 800w, https:\/\/www.eslebedasauto.at\/wp-content\/uploads\/2024\/01\/IMG_6589-1160x870.jpg 1160w\" sizes=\"(max-width: 1024px) 100vw, 1024px\" \/><\/a><\/figure>\n\n\n\n<figure class=\"wp-block-image size-large\"><a href=\"https:\/\/www.eslebedasauto.at\/wp-content\/uploads\/2024\/01\/IMG_6588-scaled.jpg\"><img loading=\"lazy\" decoding=\"async\" width=\"1024\" height=\"768\" data-id=\"94374\" src=\"https:\/\/www.eslebedasauto.at\/wp-content\/uploads\/2024\/01\/IMG_6588-1024x768.jpg\" alt=\"\" class=\"wp-image-94374\" srcset=\"https:\/\/www.eslebedasauto.at\/wp-content\/uploads\/2024\/01\/IMG_6588-1024x768.jpg 1024w, https:\/\/www.eslebedasauto.at\/wp-content\/uploads\/2024\/01\/IMG_6588-300x225.jpg 300w, https:\/\/www.eslebedasauto.at\/wp-content\/uploads\/2024\/01\/IMG_6588-768x576.jpg 768w, https:\/\/www.eslebedasauto.at\/wp-content\/uploads\/2024\/01\/IMG_6588-1536x1152.jpg 1536w, https:\/\/www.eslebedasauto.at\/wp-content\/uploads\/2024\/01\/IMG_6588-2048x1536.jpg 2048w, https:\/\/www.eslebedasauto.at\/wp-content\/uploads\/2024\/01\/IMG_6588-800x600.jpg 800w, https:\/\/www.eslebedasauto.at\/wp-content\/uploads\/2024\/01\/IMG_6588-1160x870.jpg 1160w\" sizes=\"(max-width: 1024px) 100vw, 1024px\" \/><\/a><\/figure>\n\n\n\n<figure class=\"wp-block-image size-large\"><a href=\"https:\/\/www.eslebedasauto.at\/wp-content\/uploads\/2024\/01\/IMG_6585-1-scaled.jpg\"><img loading=\"lazy\" decoding=\"async\" width=\"768\" height=\"1024\" data-id=\"94373\" src=\"https:\/\/www.eslebedasauto.at\/wp-content\/uploads\/2024\/01\/IMG_6585-1-768x1024.jpg\" alt=\"\" class=\"wp-image-94373\" srcset=\"https:\/\/www.eslebedasauto.at\/wp-content\/uploads\/2024\/01\/IMG_6585-1-768x1024.jpg 768w, https:\/\/www.eslebedasauto.at\/wp-content\/uploads\/2024\/01\/IMG_6585-1-225x300.jpg 225w, https:\/\/www.eslebedasauto.at\/wp-content\/uploads\/2024\/01\/IMG_6585-1-1152x1536.jpg 1152w, https:\/\/www.eslebedasauto.at\/wp-content\/uploads\/2024\/01\/IMG_6585-1-1536x2048.jpg 1536w, https:\/\/www.eslebedasauto.at\/wp-content\/uploads\/2024\/01\/IMG_6585-1-800x1067.jpg 800w, https:\/\/www.eslebedasauto.at\/wp-content\/uploads\/2024\/01\/IMG_6585-1-1160x1547.jpg 1160w, https:\/\/www.eslebedasauto.at\/wp-content\/uploads\/2024\/01\/IMG_6585-1-scaled.jpg 1920w\" sizes=\"(max-width: 768px) 100vw, 768px\" \/><\/a><\/figure>\n\n\n\n<figure class=\"wp-block-image size-large\"><a href=\"https:\/\/www.eslebedasauto.at\/wp-content\/uploads\/2024\/01\/IMG_6584-1-scaled.jpg\"><img loading=\"lazy\" decoding=\"async\" width=\"768\" height=\"1024\" data-id=\"94372\" src=\"https:\/\/www.eslebedasauto.at\/wp-content\/uploads\/2024\/01\/IMG_6584-1-768x1024.jpg\" alt=\"\" class=\"wp-image-94372\" srcset=\"https:\/\/www.eslebedasauto.at\/wp-content\/uploads\/2024\/01\/IMG_6584-1-768x1024.jpg 768w, https:\/\/www.eslebedasauto.at\/wp-content\/uploads\/2024\/01\/IMG_6584-1-225x300.jpg 225w, https:\/\/www.eslebedasauto.at\/wp-content\/uploads\/2024\/01\/IMG_6584-1-1152x1536.jpg 1152w, https:\/\/www.eslebedasauto.at\/wp-content\/uploads\/2024\/01\/IMG_6584-1-1536x2048.jpg 1536w, https:\/\/www.eslebedasauto.at\/wp-content\/uploads\/2024\/01\/IMG_6584-1-800x1067.jpg 800w, https:\/\/www.eslebedasauto.at\/wp-content\/uploads\/2024\/01\/IMG_6584-1-1160x1547.jpg 1160w, https:\/\/www.eslebedasauto.at\/wp-content\/uploads\/2024\/01\/IMG_6584-1-scaled.jpg 1920w\" sizes=\"(max-width: 768px) 100vw, 768px\" \/><\/a><\/figure>\n\n\n\n<figure class=\"wp-block-image size-large\"><a href=\"https:\/\/www.eslebedasauto.at\/wp-content\/uploads\/2024\/01\/IMG_6583-1-scaled.jpg\"><img loading=\"lazy\" decoding=\"async\" width=\"768\" height=\"1024\" data-id=\"94371\" src=\"https:\/\/www.eslebedasauto.at\/wp-content\/uploads\/2024\/01\/IMG_6583-1-768x1024.jpg\" alt=\"\" class=\"wp-image-94371\" srcset=\"https:\/\/www.eslebedasauto.at\/wp-content\/uploads\/2024\/01\/IMG_6583-1-768x1024.jpg 768w, https:\/\/www.eslebedasauto.at\/wp-content\/uploads\/2024\/01\/IMG_6583-1-225x300.jpg 225w, https:\/\/www.eslebedasauto.at\/wp-content\/uploads\/2024\/01\/IMG_6583-1-1152x1536.jpg 1152w, https:\/\/www.eslebedasauto.at\/wp-content\/uploads\/2024\/01\/IMG_6583-1-1536x2048.jpg 1536w, https:\/\/www.eslebedasauto.at\/wp-content\/uploads\/2024\/01\/IMG_6583-1-800x1067.jpg 800w, https:\/\/www.eslebedasauto.at\/wp-content\/uploads\/2024\/01\/IMG_6583-1-1160x1547.jpg 1160w, https:\/\/www.eslebedasauto.at\/wp-content\/uploads\/2024\/01\/IMG_6583-1-scaled.jpg 1920w\" sizes=\"(max-width: 768px) 100vw, 768px\" \/><\/a><\/figure>\n\n\n\n<figure class=\"wp-block-image size-large\"><a href=\"https:\/\/www.eslebedasauto.at\/wp-content\/uploads\/2024\/01\/IMG_6582-1-scaled.jpg\"><img loading=\"lazy\" decoding=\"async\" width=\"768\" height=\"1024\" data-id=\"94370\" src=\"https:\/\/www.eslebedasauto.at\/wp-content\/uploads\/2024\/01\/IMG_6582-1-768x1024.jpg\" alt=\"\" class=\"wp-image-94370\" srcset=\"https:\/\/www.eslebedasauto.at\/wp-content\/uploads\/2024\/01\/IMG_6582-1-768x1024.jpg 768w, https:\/\/www.eslebedasauto.at\/wp-content\/uploads\/2024\/01\/IMG_6582-1-225x300.jpg 225w, https:\/\/www.eslebedasauto.at\/wp-content\/uploads\/2024\/01\/IMG_6582-1-1152x1536.jpg 1152w, https:\/\/www.eslebedasauto.at\/wp-content\/uploads\/2024\/01\/IMG_6582-1-1536x2048.jpg 1536w, https:\/\/www.eslebedasauto.at\/wp-content\/uploads\/2024\/01\/IMG_6582-1-800x1067.jpg 800w, https:\/\/www.eslebedasauto.at\/wp-content\/uploads\/2024\/01\/IMG_6582-1-1160x1547.jpg 1160w, https:\/\/www.eslebedasauto.at\/wp-content\/uploads\/2024\/01\/IMG_6582-1-scaled.jpg 1920w\" sizes=\"(max-width: 768px) 100vw, 768px\" \/><\/a><\/figure>\n<\/figure>\n\n\n\n<p>Die Men\u00fcf\u00fchrung erfordert anfangs etwas Eingew\u00f6hnung, was jedoch bei der heutigen Vielzahl an Funktionen fast immer der Fall ist. Nach einigen Versuchen hat man zumindest die wichtigsten Funktionen wie Fahrerassistenz und Navigation im Griff. Praktisch: Unter dem Bildschirm befinden sich Direktwahltasten, und sogar die Heizung l\u00e4sst sich noch \u00fcber Kn\u00f6pfe steuern. Nat\u00fcrlich besteht auch die Option, die Oberfl\u00e4che des eigenen Smartphones \u00fcber Apple CarPlay oder Android Auto in das Fahrzeug zu integrieren.<\/p>\n\n\n\n<p>Das Astra Sports Tourer Fahrwerk hat seine H\u00f6hen und Tiefen. Es bietet anfangs auf Bodenwellen oft einen angenehmen, leicht schaukelnden Komfort, reagiert jedoch etwas ruppig auf kurze Unebenheiten wie Kanaldeckel oder Asphaltflicken. Es ist im Alltag nutzbar, aber die Federung allein ist kein \u00fcberzeugendes Kaufargument.<\/p>\n\n\n\n<p>Der Kofferraum bietet bis zu 1320 Liter Platz. Die Vordersitze lassen sich tief einstellen, was f\u00fcr opulente Kopffreiheit sorgt und selbst Personen mit einer Gr\u00f6\u00dfe von 2,10 Metern nicht einschr\u00e4nkt. Bei ganz zur\u00fcckgeschobenen Sitzen finden auch Personen von \u00fcber zwei Metern bequem Platz.<\/p>\n\n\n\n<p>Im Fond ist der Raum nicht so gro\u00dfz\u00fcgig wie vorn, aber zwei Personen haben dort trotzdem genug Platz. Bei einer Voreinstellung des Vordersitzes f\u00fcr eine Person von 1,85 Metern reicht die Beinfreiheit ebenfalls f\u00fcr Insassen dieser Gr\u00f6\u00dfe, und es g\u00e4be noch mehr Kopffreiheit.<br>Es gibt viele Freuden jenseits der normalen Kapazit\u00e4t dank einer F\u00fclle von High-Tech-Funktionen, darunter voll adaptierbare LED-Scheinwerfer, die jedoch je nach Ausstattungslinie variieren und nicht separat bestellt werden k\u00f6nnen. Zus\u00e4tzlich sind Funktionen wie ein Head-up-Display, eine Rundumkamera und die Erkennung von Verkehrsschildern verf\u00fcgbar.<br><br>Die Sitze im Astra Sports Tourer sind top und bieten sogar eine Massagefunktion! Es gibt eine breite Auswahl an Sitzoptionen, darunter ergonomische Sport-Aktiv-Sitze mit Nappa-Lederausstattung, allerdings gegen Aufpreis. F\u00fcr diejenigen, die das komplexe Bediensystem nicht m\u00f6gen, gibt es die M\u00f6glichkeit, das Auto per Sprachsteuerung zu bedienen, die mittlerweile auch freies Sprechen versteht.<\/p>\n\n\n\n<p>Zusammenfassend: Man muss nicht viel Geld f\u00fcr einen gr\u00f6\u00dferen Mittelklasse-Kombi ausgeben, denn der Astra Sports Tourer, der eigentlich zur Kompaktklasse geh\u00f6rt, bietet ausreichend Platz f\u00fcr Familien und Gep\u00e4ck. Vielleicht sollten sogar SUV-Interessenten ihn in Betracht ziehen! Der neue Astra Sports Tourer verdient definitiv Beachtung.<br><br><br>Wir haben den Opel f\u00fcr euch konfiguriert und dieser ist ab \u20ac35.539,00 inkl. MwSt. inkl. NoVA in \u00d6sterreich zu haben. <a href=\"https:\/\/www.eslebedasauto.at\/wp-content\/uploads\/2024\/01\/Opel_Konfiguration.pdf\">Hier das PDF zum DOWNLOAD<\/a><\/p>\n\n\n\n<figure class=\"wp-block-gallery has-nested-images columns-default is-cropped wp-block-gallery-3 is-layout-flex wp-block-gallery-is-layout-flex\">\n<figure class=\"wp-block-image size-large\"><a href=\"https:\/\/www.eslebedasauto.at\/wp-content\/uploads\/2024\/01\/IMG_6579.jpg\"><img decoding=\"async\" data-id=\"94340\" src=\"https:\/\/www.eslebedasauto.at\/wp-content\/uploads\/2024\/01\/IMG_6579.jpg\" alt=\"\" class=\"wp-image-94340\"\/><\/a><\/figure>\n\n\n\n<figure class=\"wp-block-image size-large\"><a href=\"https:\/\/www.eslebedasauto.at\/wp-content\/uploads\/2024\/01\/IMG_6578.jpg\"><img decoding=\"async\" data-id=\"94345\" src=\"https:\/\/www.eslebedasauto.at\/wp-content\/uploads\/2024\/01\/IMG_6578.jpg\" alt=\"\" class=\"wp-image-94345\"\/><\/a><\/figure>\n\n\n\n<figure class=\"wp-block-image size-large\"><a href=\"https:\/\/www.eslebedasauto.at\/wp-content\/uploads\/2024\/01\/IMG_6572-scaled.jpg\"><img decoding=\"async\" width=\"1024\" height=\"768\" data-id=\"94360\" src=\"https:\/\/www.eslebedasauto.at\/wp-content\/uploads\/2024\/01\/IMG_6572-1024x768.jpg\" alt=\"\" class=\"wp-image-94360\" srcset=\"https:\/\/www.eslebedasauto.at\/wp-content\/uploads\/2024\/01\/IMG_6572-1024x768.jpg 1024w, https:\/\/www.eslebedasauto.at\/wp-content\/uploads\/2024\/01\/IMG_6572-300x225.jpg 300w, https:\/\/www.eslebedasauto.at\/wp-content\/uploads\/2024\/01\/IMG_6572-768x576.jpg 768w, https:\/\/www.eslebedasauto.at\/wp-content\/uploads\/2024\/01\/IMG_6572-1536x1152.jpg 1536w, https:\/\/www.eslebedasauto.at\/wp-content\/uploads\/2024\/01\/IMG_6572-2048x1536.jpg 2048w, https:\/\/www.eslebedasauto.at\/wp-content\/uploads\/2024\/01\/IMG_6572-800x600.jpg 800w, https:\/\/www.eslebedasauto.at\/wp-content\/uploads\/2024\/01\/IMG_6572-1160x870.jpg 1160w\" sizes=\"(max-width: 1024px) 100vw, 1024px\" \/><\/a><\/figure>\n<\/figure>","protected":false},"excerpt":{"rendered":"<p>Der Opel Astra hat bereits \u00fcber 30 Jahre auf dem Buckel und wurde im Laufe der Modellzyklen erheblich ver\u00e4ndert. W\u00e4hrend andere Fahrzeuge wie &#8222;Crossover&#8220; in Mode kamen, bleibt der Astra eine sichere Wahl f\u00fcr Liebhaber klassischer Kompaktautos. Opel bietet zwar auch SUVs an, aber der Astra verleiht inmitten des rasanten Wandels der Automobilwelt eine gewisse&hellip;&nbsp;<a href=\"https:\/\/www.eslebedasauto.at\/en\/ganz-schoen-kombi-der-opel-astra-sports-tourer\/\" rel=\"bookmark\">Read More &raquo;<span class=\"screen-reader-text\">Ganz sch\u00f6n Kombi &#8211; der Opel Astra Sports Tourer<\/span><\/a><\/p>","protected":false},"author":1,"featured_media":94340,"comment_status":"closed","ping_status":"closed","sticky":false,"template":"","format":"standard","meta":{"neve_meta_sidebar":"","neve_meta_container":"","neve_meta_enable_content_width":"","neve_meta_content_width":0,"neve_meta_title_alignment":"","neve_meta_author_avatar":"","neve_post_elements_order":"","neve_meta_disable_header":"","neve_meta_disable_footer":"","neve_meta_disable_title":"","neve_meta_reading_time":"","footnotes":""},"categories":[14,12],"tags":[],"class_list":["post-94304","post","type-post","status-publish","format-standard","has-post-thumbnail","hentry","category-benzin","category-hybrid"],"yoast_head":"<!-- This site is optimized with the Yoast SEO plugin v26.8 - https:\/\/yoast.com\/product\/yoast-seo-wordpress\/ -->\n<title>Ganz sch\u00f6n Kombi - der Opel Astra Sports Tourer - Es lebe das Auto<\/title>\n<meta name=\"robots\" content=\"index, follow, max-snippet:-1, max-image-preview:large, max-video-preview:-1\" \/>\n<link rel=\"canonical\" href=\"https:\/\/www.eslebedasauto.at\/en\/ganz-schoen-kombi-der-opel-astra-sports-tourer\/\" \/>\n<meta property=\"og:locale\" content=\"en_GB\" \/>\n<meta property=\"og:type\" content=\"article\" \/>\n<meta property=\"og:title\" content=\"Ganz sch\u00f6n Kombi - der Opel Astra Sports Tourer - Es lebe das Auto\" \/>\n<meta property=\"og:description\" content=\"Der Opel Astra hat bereits \u00fcber 30 Jahre auf dem Buckel und wurde im Laufe der Modellzyklen erheblich ver\u00e4ndert. W\u00e4hrend andere Fahrzeuge wie &#8222;Crossover&#8220; in Mode kamen, bleibt der Astra eine sichere Wahl f\u00fcr Liebhaber klassischer Kompaktautos. Opel bietet zwar auch SUVs an, aber der Astra verleiht inmitten des rasanten Wandels der Automobilwelt eine gewisse&hellip;&nbsp;Read More &raquo;Ganz sch\u00f6n Kombi &#8211; der Opel Astra Sports Tourer\" \/>\n<meta property=\"og:url\" content=\"https:\/\/www.eslebedasauto.at\/en\/ganz-schoen-kombi-der-opel-astra-sports-tourer\/\" \/>\n<meta property=\"og:site_name\" content=\"Es lebe das Auto\" \/>\n<meta property=\"article:publisher\" content=\"https:\/\/www.facebook.com\/eslebedasauto.at\" \/>\n<meta property=\"article:published_time\" content=\"2024-01-07T15:42:19+00:00\" \/>\n<meta property=\"article:modified_time\" content=\"2024-01-07T16:01:43+00:00\" \/>\n<meta property=\"og:image\" content=\"https:\/\/www.eslebedasauto.at\/wp-content\/uploads\/2024\/01\/IMG_6579.jpg\" \/>\n\t<meta property=\"og:image:width\" content=\"1\" \/>\n\t<meta property=\"og:image:height\" content=\"1\" \/>\n\t<meta property=\"og:image:type\" content=\"image\/jpeg\" \/>\n<meta name=\"author\" content=\"Juergen\" \/>\n<meta name=\"twitter:card\" content=\"summary_large_image\" \/>\n<meta name=\"twitter:label1\" content=\"Written by\" \/>\n\t<meta name=\"twitter:data1\" content=\"Juergen\" \/>\n\t<meta name=\"twitter:label2\" content=\"Estimated reading time\" \/>\n\t<meta name=\"twitter:data2\" content=\"11 minutes\" \/>\n<script type=\"application\/ld+json\" class=\"yoast-schema-graph\">{\"@context\":\"https:\/\/schema.org\",\"@graph\":[{\"@type\":\"Article\",\"@id\":\"https:\/\/www.eslebedasauto.at\/ganz-schoen-kombi-der-opel-astra-sports-tourer\/#article\",\"isPartOf\":{\"@id\":\"https:\/\/www.eslebedasauto.at\/ganz-schoen-kombi-der-opel-astra-sports-tourer\/\"},\"author\":{\"name\":\"Juergen\",\"@id\":\"https:\/\/www.eslebedasauto.at\/#\/schema\/person\/4ecfb7fe1eb40654e5370227118c3fc2\"},\"headline\":\"Ganz sch\u00f6n Kombi &#8211; der Opel Astra Sports Tourer\",\"datePublished\":\"2024-01-07T15:42:19+00:00\",\"dateModified\":\"2024-01-07T16:01:43+00:00\",\"mainEntityOfPage\":{\"@id\":\"https:\/\/www.eslebedasauto.at\/ganz-schoen-kombi-der-opel-astra-sports-tourer\/\"},\"wordCount\":891,\"publisher\":{\"@id\":\"https:\/\/www.eslebedasauto.at\/#organization\"},\"image\":{\"@id\":\"https:\/\/www.eslebedasauto.at\/ganz-schoen-kombi-der-opel-astra-sports-tourer\/#primaryimage\"},\"thumbnailUrl\":\"https:\/\/www.eslebedasauto.at\/wp-content\/uploads\/2024\/01\/IMG_6579.jpg\",\"articleSection\":[\"Benzin\",\"Hybrid\"],\"inLanguage\":\"en-GB\"},{\"@type\":\"WebPage\",\"@id\":\"https:\/\/www.eslebedasauto.at\/ganz-schoen-kombi-der-opel-astra-sports-tourer\/\",\"url\":\"https:\/\/www.eslebedasauto.at\/ganz-schoen-kombi-der-opel-astra-sports-tourer\/\",\"name\":\"Ganz sch\u00f6n Kombi - der Opel Astra Sports Tourer - Es lebe das Auto\",\"isPartOf\":{\"@id\":\"https:\/\/www.eslebedasauto.at\/#website\"},\"primaryImageOfPage\":{\"@id\":\"https:\/\/www.eslebedasauto.at\/ganz-schoen-kombi-der-opel-astra-sports-tourer\/#primaryimage\"},\"image\":{\"@id\":\"https:\/\/www.eslebedasauto.at\/ganz-schoen-kombi-der-opel-astra-sports-tourer\/#primaryimage\"},\"thumbnailUrl\":\"https:\/\/www.eslebedasauto.at\/wp-content\/uploads\/2024\/01\/IMG_6579.jpg\",\"datePublished\":\"2024-01-07T15:42:19+00:00\",\"dateModified\":\"2024-01-07T16:01:43+00:00\",\"breadcrumb\":{\"@id\":\"https:\/\/www.eslebedasauto.at\/ganz-schoen-kombi-der-opel-astra-sports-tourer\/#breadcrumb\"},\"inLanguage\":\"en-GB\",\"potentialAction\":[{\"@type\":\"ReadAction\",\"target\":[\"https:\/\/www.eslebedasauto.at\/ganz-schoen-kombi-der-opel-astra-sports-tourer\/\"]}]},{\"@type\":\"ImageObject\",\"inLanguage\":\"en-GB\",\"@id\":\"https:\/\/www.eslebedasauto.at\/ganz-schoen-kombi-der-opel-astra-sports-tourer\/#primaryimage\",\"url\":\"https:\/\/www.eslebedasauto.at\/wp-content\/uploads\/2024\/01\/IMG_6579.jpg\",\"contentUrl\":\"https:\/\/www.eslebedasauto.at\/wp-content\/uploads\/2024\/01\/IMG_6579.jpg\"},{\"@type\":\"BreadcrumbList\",\"@id\":\"https:\/\/www.eslebedasauto.at\/ganz-schoen-kombi-der-opel-astra-sports-tourer\/#breadcrumb\",\"itemListElement\":[{\"@type\":\"ListItem\",\"position\":1,\"name\":\"Startseite\",\"item\":\"https:\/\/www.eslebedasauto.at\/\"},{\"@type\":\"ListItem\",\"position\":2,\"name\":\"Ganz sch\u00f6n Kombi &#8211; der Opel Astra Sports Tourer\"}]},{\"@type\":\"WebSite\",\"@id\":\"https:\/\/www.eslebedasauto.at\/#website\",\"url\":\"https:\/\/www.eslebedasauto.at\/\",\"name\":\"Es lebe das Auto\",\"description\":\"ein Hoch auf den Individualverkehr\",\"publisher\":{\"@id\":\"https:\/\/www.eslebedasauto.at\/#organization\"},\"potentialAction\":[{\"@type\":\"SearchAction\",\"target\":{\"@type\":\"EntryPoint\",\"urlTemplate\":\"https:\/\/www.eslebedasauto.at\/?s={search_term_string}\"},\"query-input\":{\"@type\":\"PropertyValueSpecification\",\"valueRequired\":true,\"valueName\":\"search_term_string\"}}],\"inLanguage\":\"en-GB\"},{\"@type\":\"Organization\",\"@id\":\"https:\/\/www.eslebedasauto.at\/#organization\",\"name\":\"eslebedasauto\",\"url\":\"https:\/\/www.eslebedasauto.at\/\",\"logo\":{\"@type\":\"ImageObject\",\"inLanguage\":\"en-GB\",\"@id\":\"https:\/\/www.eslebedasauto.at\/#\/schema\/logo\/image\/\",\"url\":\"https:\/\/www.eslebedasauto.at\/wp-content\/uploads\/2025\/10\/eldarund.png\",\"contentUrl\":\"https:\/\/www.eslebedasauto.at\/wp-content\/uploads\/2025\/10\/eldarund.png\",\"width\":1024,\"height\":1024,\"caption\":\"eslebedasauto\"},\"image\":{\"@id\":\"https:\/\/www.eslebedasauto.at\/#\/schema\/logo\/image\/\"},\"sameAs\":[\"https:\/\/www.facebook.com\/eslebedasauto.at\",\"https:\/\/www.instagram.com\/es_lebe_das_auto\/\"]},{\"@type\":\"Person\",\"@id\":\"https:\/\/www.eslebedasauto.at\/#\/schema\/person\/4ecfb7fe1eb40654e5370227118c3fc2\",\"name\":\"Juergen\",\"url\":\"https:\/\/www.eslebedasauto.at\/en\/author\/netzwerkkapitaene-og\/\"}]}<\/script>\n<!-- \/ Yoast SEO plugin. -->","yoast_head_json":{"title":"Ganz sch\u00f6n Kombi - der Opel Astra Sports Tourer - Es lebe das Auto","robots":{"index":"index","follow":"follow","max-snippet":"max-snippet:-1","max-image-preview":"max-image-preview:large","max-video-preview":"max-video-preview:-1"},"canonical":"https:\/\/www.eslebedasauto.at\/en\/ganz-schoen-kombi-der-opel-astra-sports-tourer\/","og_locale":"en_GB","og_type":"article","og_title":"Ganz sch\u00f6n Kombi - der Opel Astra Sports Tourer - Es lebe das Auto","og_description":"Der Opel Astra hat bereits \u00fcber 30 Jahre auf dem Buckel und wurde im Laufe der Modellzyklen erheblich ver\u00e4ndert. W\u00e4hrend andere Fahrzeuge wie &#8222;Crossover&#8220; in Mode kamen, bleibt der Astra eine sichere Wahl f\u00fcr Liebhaber klassischer Kompaktautos. Opel bietet zwar auch SUVs an, aber der Astra verleiht inmitten des rasanten Wandels der Automobilwelt eine gewisse&hellip;&nbsp;Read More &raquo;Ganz sch\u00f6n Kombi &#8211; der Opel Astra Sports Tourer","og_url":"https:\/\/www.eslebedasauto.at\/en\/ganz-schoen-kombi-der-opel-astra-sports-tourer\/","og_site_name":"Es lebe das Auto","article_publisher":"https:\/\/www.facebook.com\/eslebedasauto.at","article_published_time":"2024-01-07T15:42:19+00:00","article_modified_time":"2024-01-07T16:01:43+00:00","og_image":[{"url":"https:\/\/www.eslebedasauto.at\/wp-content\/uploads\/2024\/01\/IMG_6579.jpg","width":1,"height":1,"type":"image\/jpeg"}],"author":"Juergen","twitter_card":"summary_large_image","twitter_misc":{"Written by":"Juergen","Estimated reading time":"11 minutes"},"schema":{"@context":"https:\/\/schema.org","@graph":[{"@type":"Article","@id":"https:\/\/www.eslebedasauto.at\/ganz-schoen-kombi-der-opel-astra-sports-tourer\/#article","isPartOf":{"@id":"https:\/\/www.eslebedasauto.at\/ganz-schoen-kombi-der-opel-astra-sports-tourer\/"},"author":{"name":"Juergen","@id":"https:\/\/www.eslebedasauto.at\/#\/schema\/person\/4ecfb7fe1eb40654e5370227118c3fc2"},"headline":"Ganz sch\u00f6n Kombi &#8211; der Opel Astra Sports Tourer","datePublished":"2024-01-07T15:42:19+00:00","dateModified":"2024-01-07T16:01:43+00:00","mainEntityOfPage":{"@id":"https:\/\/www.eslebedasauto.at\/ganz-schoen-kombi-der-opel-astra-sports-tourer\/"},"wordCount":891,"publisher":{"@id":"https:\/\/www.eslebedasauto.at\/#organization"},"image":{"@id":"https:\/\/www.eslebedasauto.at\/ganz-schoen-kombi-der-opel-astra-sports-tourer\/#primaryimage"},"thumbnailUrl":"https:\/\/www.eslebedasauto.at\/wp-content\/uploads\/2024\/01\/IMG_6579.jpg","articleSection":["Benzin","Hybrid"],"inLanguage":"en-GB"},{"@type":"WebPage","@id":"https:\/\/www.eslebedasauto.at\/ganz-schoen-kombi-der-opel-astra-sports-tourer\/","url":"https:\/\/www.eslebedasauto.at\/ganz-schoen-kombi-der-opel-astra-sports-tourer\/","name":"Ganz sch\u00f6n Kombi - der Opel Astra Sports Tourer - Es lebe das Auto","isPartOf":{"@id":"https:\/\/www.eslebedasauto.at\/#website"},"primaryImageOfPage":{"@id":"https:\/\/www.eslebedasauto.at\/ganz-schoen-kombi-der-opel-astra-sports-tourer\/#primaryimage"},"image":{"@id":"https:\/\/www.eslebedasauto.at\/ganz-schoen-kombi-der-opel-astra-sports-tourer\/#primaryimage"},"thumbnailUrl":"https:\/\/www.eslebedasauto.at\/wp-content\/uploads\/2024\/01\/IMG_6579.jpg","datePublished":"2024-01-07T15:42:19+00:00","dateModified":"2024-01-07T16:01:43+00:00","breadcrumb":{"@id":"https:\/\/www.eslebedasauto.at\/ganz-schoen-kombi-der-opel-astra-sports-tourer\/#breadcrumb"},"inLanguage":"en-GB","potentialAction":[{"@type":"ReadAction","target":["https:\/\/www.eslebedasauto.at\/ganz-schoen-kombi-der-opel-astra-sports-tourer\/"]}]},{"@type":"ImageObject","inLanguage":"en-GB","@id":"https:\/\/www.eslebedasauto.at\/ganz-schoen-kombi-der-opel-astra-sports-tourer\/#primaryimage","url":"https:\/\/www.eslebedasauto.at\/wp-content\/uploads\/2024\/01\/IMG_6579.jpg","contentUrl":"https:\/\/www.eslebedasauto.at\/wp-content\/uploads\/2024\/01\/IMG_6579.jpg"},{"@type":"BreadcrumbList","@id":"https:\/\/www.eslebedasauto.at\/ganz-schoen-kombi-der-opel-astra-sports-tourer\/#breadcrumb","itemListElement":[{"@type":"ListItem","position":1,"name":"Startseite","item":"https:\/\/www.eslebedasauto.at\/"},{"@type":"ListItem","position":2,"name":"Ganz sch\u00f6n Kombi &#8211; der Opel Astra Sports Tourer"}]},{"@type":"WebSite","@id":"https:\/\/www.eslebedasauto.at\/#website","url":"https:\/\/www.eslebedasauto.at\/","name":"Es lebe das Auto","description":"ein Hoch auf den Individualverkehr","publisher":{"@id":"https:\/\/www.eslebedasauto.at\/#organization"},"potentialAction":[{"@type":"SearchAction","target":{"@type":"EntryPoint","urlTemplate":"https:\/\/www.eslebedasauto.at\/?s={search_term_string}"},"query-input":{"@type":"PropertyValueSpecification","valueRequired":true,"valueName":"search_term_string"}}],"inLanguage":"en-GB"},{"@type":"Organization","@id":"https:\/\/www.eslebedasauto.at\/#organization","name":"eslebedasauto","url":"https:\/\/www.eslebedasauto.at\/","logo":{"@type":"ImageObject","inLanguage":"en-GB","@id":"https:\/\/www.eslebedasauto.at\/#\/schema\/logo\/image\/","url":"https:\/\/www.eslebedasauto.at\/wp-content\/uploads\/2025\/10\/eldarund.png","contentUrl":"https:\/\/www.eslebedasauto.at\/wp-content\/uploads\/2025\/10\/eldarund.png","width":1024,"height":1024,"caption":"eslebedasauto"},"image":{"@id":"https:\/\/www.eslebedasauto.at\/#\/schema\/logo\/image\/"},"sameAs":["https:\/\/www.facebook.com\/eslebedasauto.at","https:\/\/www.instagram.com\/es_lebe_das_auto\/"]},{"@type":"Person","@id":"https:\/\/www.eslebedasauto.at\/#\/schema\/person\/4ecfb7fe1eb40654e5370227118c3fc2","name":"Juergen","url":"https:\/\/www.eslebedasauto.at\/en\/author\/netzwerkkapitaene-og\/"}]}},"_links":{"self":[{"href":"https:\/\/www.eslebedasauto.at\/en\/wp-json\/wp\/v2\/posts\/94304","targetHints":{"allow":["GET"]}}],"collection":[{"href":"https:\/\/www.eslebedasauto.at\/en\/wp-json\/wp\/v2\/posts"}],"about":[{"href":"https:\/\/www.eslebedasauto.at\/en\/wp-json\/wp\/v2\/types\/post"}],"author":[{"embeddable":true,"href":"https:\/\/www.eslebedasauto.at\/en\/wp-json\/wp\/v2\/users\/1"}],"replies":[{"embeddable":true,"href":"https:\/\/www.eslebedasauto.at\/en\/wp-json\/wp\/v2\/comments?post=94304"}],"version-history":[{"count":5,"href":"https:\/\/www.eslebedasauto.at\/en\/wp-json\/wp\/v2\/posts\/94304\/revisions"}],"predecessor-version":[{"id":94405,"href":"https:\/\/www.eslebedasauto.at\/en\/wp-json\/wp\/v2\/posts\/94304\/revisions\/94405"}],"wp:featuredmedia":[{"embeddable":true,"href":"https:\/\/www.eslebedasauto.at\/en\/wp-json\/wp\/v2\/media\/94340"}],"wp:attachment":[{"href":"https:\/\/www.eslebedasauto.at\/en\/wp-json\/wp\/v2\/media?parent=94304"}],"wp:term":[{"taxonomy":"category","embeddable":true,"href":"https:\/\/www.eslebedasauto.at\/en\/wp-json\/wp\/v2\/categories?post=94304"},{"taxonomy":"post_tag","embeddable":true,"href":"https:\/\/www.eslebedasauto.at\/en\/wp-json\/wp\/v2\/tags?post=94304"}],"curies":[{"name":"wp","href":"https:\/\/api.w.org\/{rel}","templated":true}]}}