{"id":93509,"date":"2023-09-22T15:46:04","date_gmt":"2023-09-22T13:46:04","guid":{"rendered":"https:\/\/www.eslebedasauto.at\/?p=93509"},"modified":"2023-09-22T15:51:33","modified_gmt":"2023-09-22T13:51:33","slug":"toyota-prius-plug-in-test","status":"publish","type":"post","link":"https:\/\/www.eslebedasauto.at\/en\/toyota-prius-plug-in-test\/","title":{"rendered":"Toyota Prius \u2013 ab sofort mit Pfiff."},"content":{"rendered":"<h4 id=\"es-macht-neuerdings-richtig-spas-die-modellpalette-von-toyota-zu-durchforsten-und-der-neue-prius-ragt-da-noch-zusatzlich-heraus\" class=\"wp-block-heading\">Es macht neuerdings richtig Spa\u00df, die Modellpalette von Toyota zu durchforsten und der neue Prius ragt da noch zus\u00e4tzlich heraus.<\/h4>\n\n\n\n<figure class=\"wp-block-image size-large\"><img fetchpriority=\"high\" decoding=\"async\" width=\"1024\" height=\"768\" src=\"https:\/\/www.eslebedasauto.at\/wp-content\/uploads\/2023\/09\/IMG_4683-1024x768.jpeg\" alt=\"\" class=\"wp-image-93301\" srcset=\"https:\/\/www.eslebedasauto.at\/wp-content\/uploads\/2023\/09\/IMG_4683-1024x768.jpeg 1024w, https:\/\/www.eslebedasauto.at\/wp-content\/uploads\/2023\/09\/IMG_4683-300x225.jpeg 300w, https:\/\/www.eslebedasauto.at\/wp-content\/uploads\/2023\/09\/IMG_4683-768x576.jpeg 768w, https:\/\/www.eslebedasauto.at\/wp-content\/uploads\/2023\/09\/IMG_4683-1536x1152.jpeg 1536w, https:\/\/www.eslebedasauto.at\/wp-content\/uploads\/2023\/09\/IMG_4683-800x600.jpeg 800w, https:\/\/www.eslebedasauto.at\/wp-content\/uploads\/2023\/09\/IMG_4683-1160x870.jpeg 1160w, https:\/\/www.eslebedasauto.at\/wp-content\/uploads\/2023\/09\/IMG_4683.jpeg 2048w\" sizes=\"(max-width: 1024px) 100vw, 1024px\" \/><\/figure>\n\n\n\n<p>Toyota macht seit kurzem auf Lustig, die vormals oft eher grauen M\u00e4use unter den Automobilen wurden neu eingekleidet und oftmals auch etwas spa\u00dfiger abgestimmt. Der neue Toyota Prius \u00fcberraschte k\u00fcrzlich seine Anh\u00e4nger mit einer v\u00f6llig neuen, fast schon Coup\u00e9-haften Anmutung und den Verzicht auf die Vollhybrid-Motorisierung. Wer jetzt einen Toyota Prius kauft, erh\u00e4lt einen modernen 2,0 Liter Plug-in-Hybrid.<\/p>\n\n\n\n<figure class=\"wp-block-image size-large\"><img decoding=\"async\" width=\"1024\" height=\"768\" src=\"https:\/\/www.eslebedasauto.at\/wp-content\/uploads\/2023\/09\/IMG_4687-1024x768.jpeg\" alt=\"\" class=\"wp-image-93305\" srcset=\"https:\/\/www.eslebedasauto.at\/wp-content\/uploads\/2023\/09\/IMG_4687-1024x768.jpeg 1024w, https:\/\/www.eslebedasauto.at\/wp-content\/uploads\/2023\/09\/IMG_4687-300x225.jpeg 300w, https:\/\/www.eslebedasauto.at\/wp-content\/uploads\/2023\/09\/IMG_4687-768x576.jpeg 768w, https:\/\/www.eslebedasauto.at\/wp-content\/uploads\/2023\/09\/IMG_4687-1536x1152.jpeg 1536w, https:\/\/www.eslebedasauto.at\/wp-content\/uploads\/2023\/09\/IMG_4687-800x600.jpeg 800w, https:\/\/www.eslebedasauto.at\/wp-content\/uploads\/2023\/09\/IMG_4687-1160x870.jpeg 1160w, https:\/\/www.eslebedasauto.at\/wp-content\/uploads\/2023\/09\/IMG_4687.jpeg 2048w\" sizes=\"(max-width: 1024px) 100vw, 1024px\" \/><\/figure>\n\n\n\n<p>Unser knallgelb lackierter Testwagen ist etwas k\u00fcrzer und niedriger als sein Vorg\u00e4nger. Er kauert ungew\u00f6hnlich tief auf der Stra\u00dfe, seine gro\u00dfformatigen 19-Zoll-R\u00e4der erden ihn zus\u00e4tzlich. Die Front ist nun keilf\u00f6rmig, die LED Tagfahrlichteinheiten ziehen sich markentypisch geschwungen \u00fcber die Schnauze, w\u00e4hrend die Scheinwerfer verborgen in einer Sicke darunter liegen. Das Heck wirkt nun um einiges gef\u00e4lliger, es ist betont geradlinig gehalten \u2013 Schluss mit der alten Schn\u00f6rkeligkeit. Kurzum die bislang eher krude Linienf\u00fchrung ist modernem, sportiven Design gewichen.<\/p>\n\n\n\n<figure class=\"wp-block-image size-large\"><img decoding=\"async\" width=\"1024\" height=\"768\" src=\"https:\/\/www.eslebedasauto.at\/wp-content\/uploads\/2023\/09\/IMG_4679-1024x768.jpeg\" alt=\"\" class=\"wp-image-93297\" srcset=\"https:\/\/www.eslebedasauto.at\/wp-content\/uploads\/2023\/09\/IMG_4679-1024x768.jpeg 1024w, https:\/\/www.eslebedasauto.at\/wp-content\/uploads\/2023\/09\/IMG_4679-300x225.jpeg 300w, https:\/\/www.eslebedasauto.at\/wp-content\/uploads\/2023\/09\/IMG_4679-768x576.jpeg 768w, https:\/\/www.eslebedasauto.at\/wp-content\/uploads\/2023\/09\/IMG_4679-1536x1152.jpeg 1536w, https:\/\/www.eslebedasauto.at\/wp-content\/uploads\/2023\/09\/IMG_4679-800x600.jpeg 800w, https:\/\/www.eslebedasauto.at\/wp-content\/uploads\/2023\/09\/IMG_4679-1160x870.jpeg 1160w, https:\/\/www.eslebedasauto.at\/wp-content\/uploads\/2023\/09\/IMG_4679.jpeg 2048w\" sizes=\"(max-width: 1024px) 100vw, 1024px\" \/><\/figure>\n\n\n\n<p>Prius-Fans m\u00fcssen sich aber jetzt nicht f\u00fcrchten, einen verkappten Sportwagen zu kaufen. Sobald man einsteigt, umstr\u00f6mt einem gewohntes Prius-Interieur-Design, welches aber klarerweise ebenfalls modernisiert wurde. So findet man beim Kombiinstrument hinterm Lenkrad Anleihen am vollelektrischen bZ4X \u2013 hier wie dort blickt man \u00fcbers Lenkrad auf die digitalen Instrumente. Den kleine W\u00e4hlhebel f\u00fcr die Automatik kennen wir in \u00e4hnlicher Form bereits aus \u00e4lteren Prius-Generationen. Betont klein ist der Fahrmodus-Schalter ausgefallen \u2013 den werden gelernte Prius-Fahrer wahrscheinlich eher weniger benutzen. Mehr davon sp\u00e4ter.<\/p>\n\n\n\n<figure class=\"wp-block-gallery has-nested-images columns-default is-cropped wp-block-gallery-1 is-layout-flex wp-block-gallery-is-layout-flex\">\n<figure class=\"wp-block-image size-large\"><img loading=\"lazy\" decoding=\"async\" width=\"768\" height=\"1024\" data-id=\"93311\" src=\"https:\/\/www.eslebedasauto.at\/wp-content\/uploads\/2023\/09\/IMG_4693-768x1024.jpeg\" alt=\"\" class=\"wp-image-93311\" srcset=\"https:\/\/www.eslebedasauto.at\/wp-content\/uploads\/2023\/09\/IMG_4693-768x1024.jpeg 768w, https:\/\/www.eslebedasauto.at\/wp-content\/uploads\/2023\/09\/IMG_4693-225x300.jpeg 225w, https:\/\/www.eslebedasauto.at\/wp-content\/uploads\/2023\/09\/IMG_4693-1152x1536.jpeg 1152w, https:\/\/www.eslebedasauto.at\/wp-content\/uploads\/2023\/09\/IMG_4693-800x1067.jpeg 800w, https:\/\/www.eslebedasauto.at\/wp-content\/uploads\/2023\/09\/IMG_4693-1160x1547.jpeg 1160w, https:\/\/www.eslebedasauto.at\/wp-content\/uploads\/2023\/09\/IMG_4693.jpeg 1536w\" sizes=\"(max-width: 768px) 100vw, 768px\" \/><\/figure>\n\n\n\n<figure class=\"wp-block-image size-large\"><img loading=\"lazy\" decoding=\"async\" width=\"1024\" height=\"768\" data-id=\"93310\" src=\"https:\/\/www.eslebedasauto.at\/wp-content\/uploads\/2023\/09\/IMG_4692-1024x768.jpeg\" alt=\"\" class=\"wp-image-93310\" srcset=\"https:\/\/www.eslebedasauto.at\/wp-content\/uploads\/2023\/09\/IMG_4692-1024x768.jpeg 1024w, https:\/\/www.eslebedasauto.at\/wp-content\/uploads\/2023\/09\/IMG_4692-300x225.jpeg 300w, https:\/\/www.eslebedasauto.at\/wp-content\/uploads\/2023\/09\/IMG_4692-768x576.jpeg 768w, https:\/\/www.eslebedasauto.at\/wp-content\/uploads\/2023\/09\/IMG_4692-1536x1152.jpeg 1536w, https:\/\/www.eslebedasauto.at\/wp-content\/uploads\/2023\/09\/IMG_4692-800x600.jpeg 800w, https:\/\/www.eslebedasauto.at\/wp-content\/uploads\/2023\/09\/IMG_4692-1160x870.jpeg 1160w, https:\/\/www.eslebedasauto.at\/wp-content\/uploads\/2023\/09\/IMG_4692.jpeg 2048w\" sizes=\"(max-width: 1024px) 100vw, 1024px\" \/><\/figure>\n\n\n\n<figure class=\"wp-block-image size-large\"><img loading=\"lazy\" decoding=\"async\" width=\"1024\" height=\"768\" data-id=\"93309\" src=\"https:\/\/www.eslebedasauto.at\/wp-content\/uploads\/2023\/09\/IMG_4691-1024x768.jpeg\" alt=\"\" class=\"wp-image-93309\" srcset=\"https:\/\/www.eslebedasauto.at\/wp-content\/uploads\/2023\/09\/IMG_4691-1024x768.jpeg 1024w, https:\/\/www.eslebedasauto.at\/wp-content\/uploads\/2023\/09\/IMG_4691-300x225.jpeg 300w, https:\/\/www.eslebedasauto.at\/wp-content\/uploads\/2023\/09\/IMG_4691-768x576.jpeg 768w, https:\/\/www.eslebedasauto.at\/wp-content\/uploads\/2023\/09\/IMG_4691-1536x1152.jpeg 1536w, https:\/\/www.eslebedasauto.at\/wp-content\/uploads\/2023\/09\/IMG_4691-800x600.jpeg 800w, https:\/\/www.eslebedasauto.at\/wp-content\/uploads\/2023\/09\/IMG_4691-1160x870.jpeg 1160w, https:\/\/www.eslebedasauto.at\/wp-content\/uploads\/2023\/09\/IMG_4691.jpeg 2048w\" sizes=\"(max-width: 1024px) 100vw, 1024px\" \/><\/figure>\n\n\n\n<figure class=\"wp-block-image size-large\"><img loading=\"lazy\" decoding=\"async\" width=\"1024\" height=\"768\" data-id=\"93308\" src=\"https:\/\/www.eslebedasauto.at\/wp-content\/uploads\/2023\/09\/IMG_4690-1024x768.jpeg\" alt=\"\" class=\"wp-image-93308\" srcset=\"https:\/\/www.eslebedasauto.at\/wp-content\/uploads\/2023\/09\/IMG_4690-1024x768.jpeg 1024w, https:\/\/www.eslebedasauto.at\/wp-content\/uploads\/2023\/09\/IMG_4690-300x225.jpeg 300w, https:\/\/www.eslebedasauto.at\/wp-content\/uploads\/2023\/09\/IMG_4690-768x576.jpeg 768w, https:\/\/www.eslebedasauto.at\/wp-content\/uploads\/2023\/09\/IMG_4690-1536x1152.jpeg 1536w, https:\/\/www.eslebedasauto.at\/wp-content\/uploads\/2023\/09\/IMG_4690-800x600.jpeg 800w, https:\/\/www.eslebedasauto.at\/wp-content\/uploads\/2023\/09\/IMG_4690-1160x870.jpeg 1160w, https:\/\/www.eslebedasauto.at\/wp-content\/uploads\/2023\/09\/IMG_4690.jpeg 2048w\" sizes=\"(max-width: 1024px) 100vw, 1024px\" \/><\/figure>\n<\/figure>\n\n\n\n<p>Bedient wird der Toyota Prius via Touchscreen oder auch \u00fcber\u00b4s Lenkrad, welches mit zahlreichen Tasten belegt ist. Diese Bedienung ist fallweise etwas komplizierter und will am Stand ge\u00fcbt und erforscht werden. Auch der Prius neigt (wie mittlerweile sehr viele Autos) zum \u00fcbertriebenen Piepsen \u2013 sehr nervig fanden wir die Geschwindigkeitswarnung, die bereits bei geringster \u00dcberschreitung der vorgeschriebenen und vom Assistenten (meistens richtig) erkannten Geschwindigkeit Laut gibt. Leider werden wir das wohl zuk\u00fcnftig noch \u00f6fters erleben \u2013 diesen Unsinn hat wieder mal die EU erfunden. Kann man deaktivieren, allerdings muss man das nach jedem Neustart immer wieder \u00fcber drei Stufen vornehmen.&nbsp;<\/p>\n\n\n\n<figure class=\"wp-block-image size-large\"><img loading=\"lazy\" decoding=\"async\" width=\"1024\" height=\"768\" src=\"https:\/\/www.eslebedasauto.at\/wp-content\/uploads\/2023\/09\/IMG_4689-1024x768.jpeg\" alt=\"\" class=\"wp-image-93307\" srcset=\"https:\/\/www.eslebedasauto.at\/wp-content\/uploads\/2023\/09\/IMG_4689-1024x768.jpeg 1024w, https:\/\/www.eslebedasauto.at\/wp-content\/uploads\/2023\/09\/IMG_4689-300x225.jpeg 300w, https:\/\/www.eslebedasauto.at\/wp-content\/uploads\/2023\/09\/IMG_4689-768x576.jpeg 768w, https:\/\/www.eslebedasauto.at\/wp-content\/uploads\/2023\/09\/IMG_4689-1536x1152.jpeg 1536w, https:\/\/www.eslebedasauto.at\/wp-content\/uploads\/2023\/09\/IMG_4689-800x600.jpeg 800w, https:\/\/www.eslebedasauto.at\/wp-content\/uploads\/2023\/09\/IMG_4689-1160x870.jpeg 1160w, https:\/\/www.eslebedasauto.at\/wp-content\/uploads\/2023\/09\/IMG_4689.jpeg 2048w\" sizes=\"(max-width: 1024px) 100vw, 1024px\" \/><\/figure>\n\n\n\n<p>Platztechnisch f\u00fchlt man sich im neuen Prius Plug-in recht wohl \u2013 trotz geringerer L\u00e4nge fehlt es nicht an Beinfreiheit, auch der Kopf schrammt nicht am nun niedrigeren Dachhimmel. Was weniger geworden ist, ist das Kofferraumvolumen. Eine Reise zu Viert mit Gep\u00e4ck will Gep\u00e4ck-m\u00e4\u00dfig gut geplant sein.<\/p>\n\n\n\n<figure class=\"wp-block-image size-large\"><img loading=\"lazy\" decoding=\"async\" width=\"1024\" height=\"768\" src=\"https:\/\/www.eslebedasauto.at\/wp-content\/uploads\/2023\/09\/IMG_4688-1024x768.jpeg\" alt=\"\" class=\"wp-image-93306\" srcset=\"https:\/\/www.eslebedasauto.at\/wp-content\/uploads\/2023\/09\/IMG_4688-1024x768.jpeg 1024w, https:\/\/www.eslebedasauto.at\/wp-content\/uploads\/2023\/09\/IMG_4688-300x225.jpeg 300w, https:\/\/www.eslebedasauto.at\/wp-content\/uploads\/2023\/09\/IMG_4688-768x576.jpeg 768w, https:\/\/www.eslebedasauto.at\/wp-content\/uploads\/2023\/09\/IMG_4688-1536x1152.jpeg 1536w, https:\/\/www.eslebedasauto.at\/wp-content\/uploads\/2023\/09\/IMG_4688-800x600.jpeg 800w, https:\/\/www.eslebedasauto.at\/wp-content\/uploads\/2023\/09\/IMG_4688-1160x870.jpeg 1160w, https:\/\/www.eslebedasauto.at\/wp-content\/uploads\/2023\/09\/IMG_4688.jpeg 2048w\" sizes=\"(max-width: 1024px) 100vw, 1024px\" \/><\/figure>\n\n\n\n<p>Trotz sportlichem Outfit ist der neue Prius fahrdynamisch immer noch ein braver Prius. Die angenehme, sanfte Art und Weise anzustr\u00f6men ist ihm geblieben \u2013 den Sportmodus wird der normale Prius-Fahrer wohl eher weniger ben\u00f6tigen. Wer sich darauf eingestellt hat, erntet sehr gute Verbrauchswerte (im Idealfall sind das bei gut gef\u00fcllten Akkus rund ein Liter pro 100 km) und ruhiges, bequemes Fortkommen. Die Systemleistung von 223 PS verleiht dem Toyota angenehm f\u00fclliges Beschleunigen und guten Durchzug. Wer zu forsch aufs Gaspedal tritt, weckt den Gummiband-Effekt der CVT-Automatik auf \u2013 soll hei\u00dfen, der Motor heult dann unsch\u00f6n auf. Am besten f\u00e4hrt man den Prius mit lockerem Gasfu\u00df.<\/p>\n\n\n\n<figure class=\"wp-block-image size-large\"><img loading=\"lazy\" decoding=\"async\" width=\"1024\" height=\"768\" src=\"https:\/\/www.eslebedasauto.at\/wp-content\/uploads\/2023\/09\/IMG_4686-1024x768.jpeg\" alt=\"\" class=\"wp-image-93304\" srcset=\"https:\/\/www.eslebedasauto.at\/wp-content\/uploads\/2023\/09\/IMG_4686-1024x768.jpeg 1024w, https:\/\/www.eslebedasauto.at\/wp-content\/uploads\/2023\/09\/IMG_4686-300x225.jpeg 300w, https:\/\/www.eslebedasauto.at\/wp-content\/uploads\/2023\/09\/IMG_4686-768x576.jpeg 768w, https:\/\/www.eslebedasauto.at\/wp-content\/uploads\/2023\/09\/IMG_4686-1536x1152.jpeg 1536w, https:\/\/www.eslebedasauto.at\/wp-content\/uploads\/2023\/09\/IMG_4686-800x600.jpeg 800w, https:\/\/www.eslebedasauto.at\/wp-content\/uploads\/2023\/09\/IMG_4686-1160x870.jpeg 1160w, https:\/\/www.eslebedasauto.at\/wp-content\/uploads\/2023\/09\/IMG_4686.jpeg 2048w\" sizes=\"(max-width: 1024px) 100vw, 1024px\" \/><\/figure>\n\n\n\n<p><strong>Fazit<\/strong><br>Was uns selbst \u00fcberrascht hat, waren die vielen positiven Reaktionen anderer auf den neuen Toyota Prius Plug-in. Der Neue erregt wirklich Aufsehen und Begehren. Was wir ein wenig schade finden, ist der Wegfall des Vollhybrid-Antriebs. Der war zwar etwas schw\u00e4cher, hat aber mit seiner ausgepr\u00e4gten Sparsamkeit und seiner Unkompliziertheit auch sehr gut in den Prius gepasst. Der neue Toyota Prius Plug-in steht ab EUR 43.390 beim freundlichen Toyota-H\u00e4ndler.<\/p>\n\n\n\n<figure class=\"wp-block-image size-large\"><img loading=\"lazy\" decoding=\"async\" width=\"768\" height=\"1024\" src=\"https:\/\/www.eslebedasauto.at\/wp-content\/uploads\/2023\/09\/IMG_4684-768x1024.jpeg\" alt=\"\" class=\"wp-image-93302\" srcset=\"https:\/\/www.eslebedasauto.at\/wp-content\/uploads\/2023\/09\/IMG_4684-768x1024.jpeg 768w, https:\/\/www.eslebedasauto.at\/wp-content\/uploads\/2023\/09\/IMG_4684-225x300.jpeg 225w, https:\/\/www.eslebedasauto.at\/wp-content\/uploads\/2023\/09\/IMG_4684-1152x1536.jpeg 1152w, https:\/\/www.eslebedasauto.at\/wp-content\/uploads\/2023\/09\/IMG_4684-800x1067.jpeg 800w, https:\/\/www.eslebedasauto.at\/wp-content\/uploads\/2023\/09\/IMG_4684-1160x1547.jpeg 1160w, https:\/\/www.eslebedasauto.at\/wp-content\/uploads\/2023\/09\/IMG_4684.jpeg 1536w\" sizes=\"(max-width: 768px) 100vw, 768px\" \/><\/figure>","protected":false},"excerpt":{"rendered":"<p>Trotz neuerdings sportlichem Outfit ist der neue Toyota Prius fahrdynamisch immer noch ein braver Prius. Die angenehme, sanfte Art und Weise anzustr\u00f6men ist ihm geblieben<\/p>","protected":false},"author":2,"featured_media":93298,"comment_status":"open","ping_status":"open","sticky":false,"template":"","format":"standard","meta":{"neve_meta_sidebar":"","neve_meta_container":"","neve_meta_enable_content_width":"","neve_meta_content_width":0,"neve_meta_title_alignment":"","neve_meta_author_avatar":"","neve_post_elements_order":"","neve_meta_disable_header":"","neve_meta_disable_footer":"","neve_meta_disable_title":"","neve_meta_reading_time":"","footnotes":""},"categories":[335,12,598],"tags":[],"class_list":["post-93509","post","type-post","status-publish","format-standard","has-post-thumbnail","hentry","category-fahrberichte","category-hybrid","category-shortmotornews"],"yoast_head":"<!-- This site is optimized with the Yoast SEO plugin v26.8 - https:\/\/yoast.com\/product\/yoast-seo-wordpress\/ -->\n<title>Toyota Prius \u2013 ab sofort mit Pfiff. - Es lebe das Auto<\/title>\n<meta name=\"description\" content=\"Trotz sportlichem Outfit ist der neue Toyota Prius fahrdynamisch immer noch ein braver Prius. Die sanfte Art anzustr\u00f6men ist ihm geblieben\" \/>\n<meta name=\"robots\" content=\"index, follow, max-snippet:-1, max-image-preview:large, max-video-preview:-1\" \/>\n<link rel=\"canonical\" href=\"https:\/\/www.eslebedasauto.at\/en\/toyota-prius-plug-in-test\/\" \/>\n<meta property=\"og:locale\" content=\"en_GB\" \/>\n<meta property=\"og:type\" content=\"article\" \/>\n<meta property=\"og:title\" content=\"Toyota Prius \u2013 ab sofort mit Pfiff. - Es lebe das Auto\" \/>\n<meta property=\"og:description\" content=\"Trotz sportlichem Outfit ist der neue Toyota Prius fahrdynamisch immer noch ein braver Prius. Die sanfte Art anzustr\u00f6men ist ihm geblieben\" \/>\n<meta property=\"og:url\" content=\"https:\/\/www.eslebedasauto.at\/en\/toyota-prius-plug-in-test\/\" \/>\n<meta property=\"og:site_name\" content=\"Es lebe das Auto\" \/>\n<meta property=\"article:publisher\" content=\"https:\/\/www.facebook.com\/eslebedasauto.at\" \/>\n<meta property=\"article:published_time\" content=\"2023-09-22T13:46:04+00:00\" \/>\n<meta property=\"article:modified_time\" content=\"2023-09-22T13:51:33+00:00\" \/>\n<meta property=\"og:image\" content=\"https:\/\/www.eslebedasauto.at\/wp-content\/uploads\/2023\/09\/IMG_4680.jpeg\" \/>\n\t<meta property=\"og:image:width\" content=\"2048\" \/>\n\t<meta property=\"og:image:height\" content=\"1536\" \/>\n\t<meta property=\"og:image:type\" content=\"image\/jpeg\" \/>\n<meta name=\"author\" content=\"gerhard\" \/>\n<meta name=\"twitter:card\" content=\"summary_large_image\" \/>\n<meta name=\"twitter:label1\" content=\"Written by\" \/>\n\t<meta name=\"twitter:data1\" content=\"gerhard\" \/>\n\t<meta name=\"twitter:label2\" content=\"Estimated reading time\" \/>\n\t<meta name=\"twitter:data2\" content=\"6 minutes\" \/>\n<script type=\"application\/ld+json\" class=\"yoast-schema-graph\">{\"@context\":\"https:\/\/schema.org\",\"@graph\":[{\"@type\":\"Article\",\"@id\":\"https:\/\/www.eslebedasauto.at\/toyota-prius-plug-in-test\/#article\",\"isPartOf\":{\"@id\":\"https:\/\/www.eslebedasauto.at\/toyota-prius-plug-in-test\/\"},\"author\":{\"name\":\"gerhard\",\"@id\":\"https:\/\/www.eslebedasauto.at\/#\/schema\/person\/fb81218b0bed500d225ff518f9f17033\"},\"headline\":\"Toyota Prius \u2013 ab sofort mit Pfiff.\",\"datePublished\":\"2023-09-22T13:46:04+00:00\",\"dateModified\":\"2023-09-22T13:51:33+00:00\",\"mainEntityOfPage\":{\"@id\":\"https:\/\/www.eslebedasauto.at\/toyota-prius-plug-in-test\/\"},\"wordCount\":597,\"commentCount\":0,\"publisher\":{\"@id\":\"https:\/\/www.eslebedasauto.at\/#organization\"},\"image\":{\"@id\":\"https:\/\/www.eslebedasauto.at\/toyota-prius-plug-in-test\/#primaryimage\"},\"thumbnailUrl\":\"https:\/\/www.eslebedasauto.at\/wp-content\/uploads\/2023\/09\/IMG_4680.jpeg\",\"articleSection\":[\"Fahrberichte\",\"Hybrid\",\"Shortmotornews\"],\"inLanguage\":\"en-GB\",\"potentialAction\":[{\"@type\":\"CommentAction\",\"name\":\"Comment\",\"target\":[\"https:\/\/www.eslebedasauto.at\/toyota-prius-plug-in-test\/#respond\"]}]},{\"@type\":\"WebPage\",\"@id\":\"https:\/\/www.eslebedasauto.at\/toyota-prius-plug-in-test\/\",\"url\":\"https:\/\/www.eslebedasauto.at\/toyota-prius-plug-in-test\/\",\"name\":\"Toyota Prius \u2013 ab sofort mit Pfiff. - Es lebe das Auto\",\"isPartOf\":{\"@id\":\"https:\/\/www.eslebedasauto.at\/#website\"},\"primaryImageOfPage\":{\"@id\":\"https:\/\/www.eslebedasauto.at\/toyota-prius-plug-in-test\/#primaryimage\"},\"image\":{\"@id\":\"https:\/\/www.eslebedasauto.at\/toyota-prius-plug-in-test\/#primaryimage\"},\"thumbnailUrl\":\"https:\/\/www.eslebedasauto.at\/wp-content\/uploads\/2023\/09\/IMG_4680.jpeg\",\"datePublished\":\"2023-09-22T13:46:04+00:00\",\"dateModified\":\"2023-09-22T13:51:33+00:00\",\"description\":\"Trotz sportlichem Outfit ist der neue Toyota Prius fahrdynamisch immer noch ein braver Prius. Die sanfte Art anzustr\u00f6men ist ihm geblieben\",\"breadcrumb\":{\"@id\":\"https:\/\/www.eslebedasauto.at\/toyota-prius-plug-in-test\/#breadcrumb\"},\"inLanguage\":\"en-GB\",\"potentialAction\":[{\"@type\":\"ReadAction\",\"target\":[\"https:\/\/www.eslebedasauto.at\/toyota-prius-plug-in-test\/\"]}]},{\"@type\":\"ImageObject\",\"inLanguage\":\"en-GB\",\"@id\":\"https:\/\/www.eslebedasauto.at\/toyota-prius-plug-in-test\/#primaryimage\",\"url\":\"https:\/\/www.eslebedasauto.at\/wp-content\/uploads\/2023\/09\/IMG_4680.jpeg\",\"contentUrl\":\"https:\/\/www.eslebedasauto.at\/wp-content\/uploads\/2023\/09\/IMG_4680.jpeg\",\"width\":2048,\"height\":1536},{\"@type\":\"BreadcrumbList\",\"@id\":\"https:\/\/www.eslebedasauto.at\/toyota-prius-plug-in-test\/#breadcrumb\",\"itemListElement\":[{\"@type\":\"ListItem\",\"position\":1,\"name\":\"Startseite\",\"item\":\"https:\/\/www.eslebedasauto.at\/\"},{\"@type\":\"ListItem\",\"position\":2,\"name\":\"Toyota Prius \u2013 ab sofort mit Pfiff.\"}]},{\"@type\":\"WebSite\",\"@id\":\"https:\/\/www.eslebedasauto.at\/#website\",\"url\":\"https:\/\/www.eslebedasauto.at\/\",\"name\":\"Es lebe das Auto\",\"description\":\"ein Hoch auf den Individualverkehr\",\"publisher\":{\"@id\":\"https:\/\/www.eslebedasauto.at\/#organization\"},\"potentialAction\":[{\"@type\":\"SearchAction\",\"target\":{\"@type\":\"EntryPoint\",\"urlTemplate\":\"https:\/\/www.eslebedasauto.at\/?s={search_term_string}\"},\"query-input\":{\"@type\":\"PropertyValueSpecification\",\"valueRequired\":true,\"valueName\":\"search_term_string\"}}],\"inLanguage\":\"en-GB\"},{\"@type\":\"Organization\",\"@id\":\"https:\/\/www.eslebedasauto.at\/#organization\",\"name\":\"eslebedasauto\",\"url\":\"https:\/\/www.eslebedasauto.at\/\",\"logo\":{\"@type\":\"ImageObject\",\"inLanguage\":\"en-GB\",\"@id\":\"https:\/\/www.eslebedasauto.at\/#\/schema\/logo\/image\/\",\"url\":\"https:\/\/www.eslebedasauto.at\/wp-content\/uploads\/2025\/10\/eldarund.png\",\"contentUrl\":\"https:\/\/www.eslebedasauto.at\/wp-content\/uploads\/2025\/10\/eldarund.png\",\"width\":1024,\"height\":1024,\"caption\":\"eslebedasauto\"},\"image\":{\"@id\":\"https:\/\/www.eslebedasauto.at\/#\/schema\/logo\/image\/\"},\"sameAs\":[\"https:\/\/www.facebook.com\/eslebedasauto.at\",\"https:\/\/www.instagram.com\/es_lebe_das_auto\/\"]},{\"@type\":\"Person\",\"@id\":\"https:\/\/www.eslebedasauto.at\/#\/schema\/person\/fb81218b0bed500d225ff518f9f17033\",\"name\":\"gerhard\",\"url\":\"https:\/\/www.eslebedasauto.at\/en\/author\/gerhard\/\"}]}<\/script>\n<!-- \/ Yoast SEO plugin. -->","yoast_head_json":{"title":"Toyota Prius \u2013 ab sofort mit Pfiff. - Es lebe das Auto","description":"Trotz sportlichem Outfit ist der neue Toyota Prius fahrdynamisch immer noch ein braver Prius. Die sanfte Art anzustr\u00f6men ist ihm geblieben","robots":{"index":"index","follow":"follow","max-snippet":"max-snippet:-1","max-image-preview":"max-image-preview:large","max-video-preview":"max-video-preview:-1"},"canonical":"https:\/\/www.eslebedasauto.at\/en\/toyota-prius-plug-in-test\/","og_locale":"en_GB","og_type":"article","og_title":"Toyota Prius \u2013 ab sofort mit Pfiff. - Es lebe das Auto","og_description":"Trotz sportlichem Outfit ist der neue Toyota Prius fahrdynamisch immer noch ein braver Prius. Die sanfte Art anzustr\u00f6men ist ihm geblieben","og_url":"https:\/\/www.eslebedasauto.at\/en\/toyota-prius-plug-in-test\/","og_site_name":"Es lebe das Auto","article_publisher":"https:\/\/www.facebook.com\/eslebedasauto.at","article_published_time":"2023-09-22T13:46:04+00:00","article_modified_time":"2023-09-22T13:51:33+00:00","og_image":[{"width":2048,"height":1536,"url":"https:\/\/www.eslebedasauto.at\/wp-content\/uploads\/2023\/09\/IMG_4680.jpeg","type":"image\/jpeg"}],"author":"gerhard","twitter_card":"summary_large_image","twitter_misc":{"Written by":"gerhard","Estimated reading time":"6 minutes"},"schema":{"@context":"https:\/\/schema.org","@graph":[{"@type":"Article","@id":"https:\/\/www.eslebedasauto.at\/toyota-prius-plug-in-test\/#article","isPartOf":{"@id":"https:\/\/www.eslebedasauto.at\/toyota-prius-plug-in-test\/"},"author":{"name":"gerhard","@id":"https:\/\/www.eslebedasauto.at\/#\/schema\/person\/fb81218b0bed500d225ff518f9f17033"},"headline":"Toyota Prius \u2013 ab sofort mit Pfiff.","datePublished":"2023-09-22T13:46:04+00:00","dateModified":"2023-09-22T13:51:33+00:00","mainEntityOfPage":{"@id":"https:\/\/www.eslebedasauto.at\/toyota-prius-plug-in-test\/"},"wordCount":597,"commentCount":0,"publisher":{"@id":"https:\/\/www.eslebedasauto.at\/#organization"},"image":{"@id":"https:\/\/www.eslebedasauto.at\/toyota-prius-plug-in-test\/#primaryimage"},"thumbnailUrl":"https:\/\/www.eslebedasauto.at\/wp-content\/uploads\/2023\/09\/IMG_4680.jpeg","articleSection":["Fahrberichte","Hybrid","Shortmotornews"],"inLanguage":"en-GB","potentialAction":[{"@type":"CommentAction","name":"Comment","target":["https:\/\/www.eslebedasauto.at\/toyota-prius-plug-in-test\/#respond"]}]},{"@type":"WebPage","@id":"https:\/\/www.eslebedasauto.at\/toyota-prius-plug-in-test\/","url":"https:\/\/www.eslebedasauto.at\/toyota-prius-plug-in-test\/","name":"Toyota Prius \u2013 ab sofort mit Pfiff. - Es lebe das Auto","isPartOf":{"@id":"https:\/\/www.eslebedasauto.at\/#website"},"primaryImageOfPage":{"@id":"https:\/\/www.eslebedasauto.at\/toyota-prius-plug-in-test\/#primaryimage"},"image":{"@id":"https:\/\/www.eslebedasauto.at\/toyota-prius-plug-in-test\/#primaryimage"},"thumbnailUrl":"https:\/\/www.eslebedasauto.at\/wp-content\/uploads\/2023\/09\/IMG_4680.jpeg","datePublished":"2023-09-22T13:46:04+00:00","dateModified":"2023-09-22T13:51:33+00:00","description":"Trotz sportlichem Outfit ist der neue Toyota Prius fahrdynamisch immer noch ein braver Prius. Die sanfte Art anzustr\u00f6men ist ihm geblieben","breadcrumb":{"@id":"https:\/\/www.eslebedasauto.at\/toyota-prius-plug-in-test\/#breadcrumb"},"inLanguage":"en-GB","potentialAction":[{"@type":"ReadAction","target":["https:\/\/www.eslebedasauto.at\/toyota-prius-plug-in-test\/"]}]},{"@type":"ImageObject","inLanguage":"en-GB","@id":"https:\/\/www.eslebedasauto.at\/toyota-prius-plug-in-test\/#primaryimage","url":"https:\/\/www.eslebedasauto.at\/wp-content\/uploads\/2023\/09\/IMG_4680.jpeg","contentUrl":"https:\/\/www.eslebedasauto.at\/wp-content\/uploads\/2023\/09\/IMG_4680.jpeg","width":2048,"height":1536},{"@type":"BreadcrumbList","@id":"https:\/\/www.eslebedasauto.at\/toyota-prius-plug-in-test\/#breadcrumb","itemListElement":[{"@type":"ListItem","position":1,"name":"Startseite","item":"https:\/\/www.eslebedasauto.at\/"},{"@type":"ListItem","position":2,"name":"Toyota Prius \u2013 ab sofort mit Pfiff."}]},{"@type":"WebSite","@id":"https:\/\/www.eslebedasauto.at\/#website","url":"https:\/\/www.eslebedasauto.at\/","name":"Es lebe das Auto","description":"ein Hoch auf den Individualverkehr","publisher":{"@id":"https:\/\/www.eslebedasauto.at\/#organization"},"potentialAction":[{"@type":"SearchAction","target":{"@type":"EntryPoint","urlTemplate":"https:\/\/www.eslebedasauto.at\/?s={search_term_string}"},"query-input":{"@type":"PropertyValueSpecification","valueRequired":true,"valueName":"search_term_string"}}],"inLanguage":"en-GB"},{"@type":"Organization","@id":"https:\/\/www.eslebedasauto.at\/#organization","name":"eslebedasauto","url":"https:\/\/www.eslebedasauto.at\/","logo":{"@type":"ImageObject","inLanguage":"en-GB","@id":"https:\/\/www.eslebedasauto.at\/#\/schema\/logo\/image\/","url":"https:\/\/www.eslebedasauto.at\/wp-content\/uploads\/2025\/10\/eldarund.png","contentUrl":"https:\/\/www.eslebedasauto.at\/wp-content\/uploads\/2025\/10\/eldarund.png","width":1024,"height":1024,"caption":"eslebedasauto"},"image":{"@id":"https:\/\/www.eslebedasauto.at\/#\/schema\/logo\/image\/"},"sameAs":["https:\/\/www.facebook.com\/eslebedasauto.at","https:\/\/www.instagram.com\/es_lebe_das_auto\/"]},{"@type":"Person","@id":"https:\/\/www.eslebedasauto.at\/#\/schema\/person\/fb81218b0bed500d225ff518f9f17033","name":"gerhard","url":"https:\/\/www.eslebedasauto.at\/en\/author\/gerhard\/"}]}},"_links":{"self":[{"href":"https:\/\/www.eslebedasauto.at\/en\/wp-json\/wp\/v2\/posts\/93509","targetHints":{"allow":["GET"]}}],"collection":[{"href":"https:\/\/www.eslebedasauto.at\/en\/wp-json\/wp\/v2\/posts"}],"about":[{"href":"https:\/\/www.eslebedasauto.at\/en\/wp-json\/wp\/v2\/types\/post"}],"author":[{"embeddable":true,"href":"https:\/\/www.eslebedasauto.at\/en\/wp-json\/wp\/v2\/users\/2"}],"replies":[{"embeddable":true,"href":"https:\/\/www.eslebedasauto.at\/en\/wp-json\/wp\/v2\/comments?post=93509"}],"version-history":[{"count":3,"href":"https:\/\/www.eslebedasauto.at\/en\/wp-json\/wp\/v2\/posts\/93509\/revisions"}],"predecessor-version":[{"id":93513,"href":"https:\/\/www.eslebedasauto.at\/en\/wp-json\/wp\/v2\/posts\/93509\/revisions\/93513"}],"wp:featuredmedia":[{"embeddable":true,"href":"https:\/\/www.eslebedasauto.at\/en\/wp-json\/wp\/v2\/media\/93298"}],"wp:attachment":[{"href":"https:\/\/www.eslebedasauto.at\/en\/wp-json\/wp\/v2\/media?parent=93509"}],"wp:term":[{"taxonomy":"category","embeddable":true,"href":"https:\/\/www.eslebedasauto.at\/en\/wp-json\/wp\/v2\/categories?post=93509"},{"taxonomy":"post_tag","embeddable":true,"href":"https:\/\/www.eslebedasauto.at\/en\/wp-json\/wp\/v2\/tags?post=93509"}],"curies":[{"name":"wp","href":"https:\/\/api.w.org\/{rel}","templated":true}]}}