{"id":93503,"date":"2023-09-21T12:00:24","date_gmt":"2023-09-21T10:00:24","guid":{"rendered":"https:\/\/www.eslebedasauto.at\/?p=93503"},"modified":"2023-09-21T12:00:25","modified_gmt":"2023-09-21T10:00:25","slug":"extremtests-bei-skoda","status":"publish","type":"post","link":"https:\/\/www.eslebedasauto.at\/en\/extremtests-bei-skoda\/","title":{"rendered":"Extremtests bei \u0160koda"},"content":{"rendered":"<p>\u0160koda hat erfolgreich umfassende Extremtests f\u00fcr seine brandneuen Modelle, den \u0160koda Kodiaq und den \u0160koda Superb, abgeschlossen. Die Fahrzeuge wurden in anspruchsvollen Testumgebungen auf Herz und Nieren gepr\u00fcft, um sicherzustellen, dass sie den hohen Standards der Marke gerecht werden.<\/p>\n\n\n\n<p>W\u00e4hrend der Testphase wurden die neuen Modelle unter extremen Bedingungen getestet, darunter Temperaturen von minus 30 Grad Celsius in arktischen Regionen sowie Temperaturen von \u00fcber 40 Grad Celsius in W\u00fcstenumgebungen. Diese Tests sollen sicherstellen, dass die Fahrzeuge unter allen klimatischen Bedingungen zuverl\u00e4ssig und leistungsf\u00e4hig bleiben.<\/p>\n\n\n\n<p>Dar\u00fcber hinaus wurden die Fahrzeuge auch auf ihre Gel\u00e4ndetauglichkeit hin \u00fcberpr\u00fcft. Hierbei mussten sie sich in steilen Bergp\u00e4ssen und schlammigen Offroad-Situationen beweisen. Die \u0160koda Kodiaq und Superb zeigten beeindruckende Leistungen und bewiesen ihre F\u00e4higkeit, auch abseits der Stra\u00dfen zu gl\u00e4nzen.<\/p>\n\n\n\n<p>Die erfolgreiche Absolvierung dieser Extremtests unterstreicht die Qualit\u00e4ts- und Leistungsf\u00e4higkeit der neuen \u0160koda Modelle. \u0160koda-Fans k\u00f6nnen sich auf zuverl\u00e4ssige und robuste Fahrzeuge freuen, die in verschiedenen Umgebungen und Bedingungen ihre St\u00e4rke beweisen k\u00f6nnen. Die offizielle Markteinf\u00fchrung und Verf\u00fcgbarkeit dieser Modelle werden mit Spannung erwartet.<\/p>","protected":false},"excerpt":{"rendered":"<p>\u0160koda hat erfolgreich umfassende Extremtests f\u00fcr seine brandneuen Modelle, den \u0160koda Kodiaq und den \u0160koda Superb, abgeschlossen. Die Fahrzeuge wurden in anspruchsvollen Testumgebungen auf Herz und Nieren gepr\u00fcft, um sicherzustellen, dass sie den hohen Standards der Marke gerecht werden. W\u00e4hrend der Testphase wurden die neuen Modelle unter extremen Bedingungen getestet, darunter Temperaturen von minus 30&hellip;&nbsp;<a href=\"https:\/\/www.eslebedasauto.at\/en\/extremtests-bei-skoda\/\" rel=\"bookmark\">Read More &raquo;<span class=\"screen-reader-text\">Extremtests bei \u0160koda<\/span><\/a><\/p>","protected":false},"author":1,"featured_media":93504,"comment_status":"open","ping_status":"open","sticky":false,"template":"","format":"standard","meta":{"neve_meta_sidebar":"","neve_meta_container":"","neve_meta_enable_content_width":"","neve_meta_content_width":0,"neve_meta_title_alignment":"","neve_meta_author_avatar":"","neve_post_elements_order":"","neve_meta_disable_header":"","neve_meta_disable_footer":"","neve_meta_disable_title":"","neve_meta_reading_time":"","footnotes":""},"categories":[598],"tags":[],"class_list":["post-93503","post","type-post","status-publish","format-standard","has-post-thumbnail","hentry","category-shortmotornews"],"yoast_head":"<!-- This site is optimized with the Yoast SEO plugin v26.8 - https:\/\/yoast.com\/product\/yoast-seo-wordpress\/ -->\n<title>Extremtests bei \u0160koda - Es lebe das Auto<\/title>\n<meta name=\"robots\" content=\"index, follow, max-snippet:-1, max-image-preview:large, max-video-preview:-1\" \/>\n<link rel=\"canonical\" href=\"https:\/\/www.eslebedasauto.at\/en\/extremtests-bei-skoda\/\" \/>\n<meta property=\"og:locale\" content=\"en_GB\" \/>\n<meta property=\"og:type\" content=\"article\" \/>\n<meta property=\"og:title\" content=\"Extremtests bei \u0160koda - Es lebe das Auto\" \/>\n<meta property=\"og:description\" content=\"\u0160koda hat erfolgreich umfassende Extremtests f\u00fcr seine brandneuen Modelle, den \u0160koda Kodiaq und den \u0160koda Superb, abgeschlossen. Die Fahrzeuge wurden in anspruchsvollen Testumgebungen auf Herz und Nieren gepr\u00fcft, um sicherzustellen, dass sie den hohen Standards der Marke gerecht werden. W\u00e4hrend der Testphase wurden die neuen Modelle unter extremen Bedingungen getestet, darunter Temperaturen von minus 30&hellip;&nbsp;Read More &raquo;Extremtests bei \u0160koda\" \/>\n<meta property=\"og:url\" content=\"https:\/\/www.eslebedasauto.at\/en\/extremtests-bei-skoda\/\" \/>\n<meta property=\"og:site_name\" content=\"Es lebe das Auto\" \/>\n<meta property=\"article:publisher\" content=\"https:\/\/www.facebook.com\/eslebedasauto.at\" \/>\n<meta property=\"article:published_time\" content=\"2023-09-21T10:00:24+00:00\" \/>\n<meta property=\"article:modified_time\" content=\"2023-09-21T10:00:25+00:00\" \/>\n<meta property=\"og:image\" content=\"https:\/\/www.eslebedasauto.at\/wp-content\/uploads\/2023\/09\/03_new-skoda-kodiaq-and-superb-extensive-tests-scaled.jpg\" \/>\n\t<meta property=\"og:image:width\" content=\"2560\" \/>\n\t<meta property=\"og:image:height\" content=\"1707\" \/>\n\t<meta property=\"og:image:type\" content=\"image\/jpeg\" \/>\n<meta name=\"author\" content=\"Juergen\" \/>\n<meta name=\"twitter:card\" content=\"summary_large_image\" \/>\n<meta name=\"twitter:label1\" content=\"Written by\" \/>\n\t<meta name=\"twitter:data1\" content=\"Juergen\" \/>\n\t<meta name=\"twitter:label2\" content=\"Estimated reading time\" \/>\n\t<meta name=\"twitter:data2\" content=\"1 minute\" \/>\n<script type=\"application\/ld+json\" class=\"yoast-schema-graph\">{\"@context\":\"https:\/\/schema.org\",\"@graph\":[{\"@type\":\"Article\",\"@id\":\"https:\/\/www.eslebedasauto.at\/extremtests-bei-skoda\/#article\",\"isPartOf\":{\"@id\":\"https:\/\/www.eslebedasauto.at\/extremtests-bei-skoda\/\"},\"author\":{\"name\":\"Juergen\",\"@id\":\"https:\/\/www.eslebedasauto.at\/#\/schema\/person\/4ecfb7fe1eb40654e5370227118c3fc2\"},\"headline\":\"Extremtests bei \u0160koda\",\"datePublished\":\"2023-09-21T10:00:24+00:00\",\"dateModified\":\"2023-09-21T10:00:25+00:00\",\"mainEntityOfPage\":{\"@id\":\"https:\/\/www.eslebedasauto.at\/extremtests-bei-skoda\/\"},\"wordCount\":190,\"commentCount\":0,\"publisher\":{\"@id\":\"https:\/\/www.eslebedasauto.at\/#organization\"},\"image\":{\"@id\":\"https:\/\/www.eslebedasauto.at\/extremtests-bei-skoda\/#primaryimage\"},\"thumbnailUrl\":\"https:\/\/www.eslebedasauto.at\/wp-content\/uploads\/2023\/09\/03_new-skoda-kodiaq-and-superb-extensive-tests-scaled.jpg\",\"articleSection\":[\"Shortmotornews\"],\"inLanguage\":\"en-GB\",\"potentialAction\":[{\"@type\":\"CommentAction\",\"name\":\"Comment\",\"target\":[\"https:\/\/www.eslebedasauto.at\/extremtests-bei-skoda\/#respond\"]}]},{\"@type\":\"WebPage\",\"@id\":\"https:\/\/www.eslebedasauto.at\/extremtests-bei-skoda\/\",\"url\":\"https:\/\/www.eslebedasauto.at\/extremtests-bei-skoda\/\",\"name\":\"Extremtests bei \u0160koda - Es lebe das Auto\",\"isPartOf\":{\"@id\":\"https:\/\/www.eslebedasauto.at\/#website\"},\"primaryImageOfPage\":{\"@id\":\"https:\/\/www.eslebedasauto.at\/extremtests-bei-skoda\/#primaryimage\"},\"image\":{\"@id\":\"https:\/\/www.eslebedasauto.at\/extremtests-bei-skoda\/#primaryimage\"},\"thumbnailUrl\":\"https:\/\/www.eslebedasauto.at\/wp-content\/uploads\/2023\/09\/03_new-skoda-kodiaq-and-superb-extensive-tests-scaled.jpg\",\"datePublished\":\"2023-09-21T10:00:24+00:00\",\"dateModified\":\"2023-09-21T10:00:25+00:00\",\"breadcrumb\":{\"@id\":\"https:\/\/www.eslebedasauto.at\/extremtests-bei-skoda\/#breadcrumb\"},\"inLanguage\":\"en-GB\",\"potentialAction\":[{\"@type\":\"ReadAction\",\"target\":[\"https:\/\/www.eslebedasauto.at\/extremtests-bei-skoda\/\"]}]},{\"@type\":\"ImageObject\",\"inLanguage\":\"en-GB\",\"@id\":\"https:\/\/www.eslebedasauto.at\/extremtests-bei-skoda\/#primaryimage\",\"url\":\"https:\/\/www.eslebedasauto.at\/wp-content\/uploads\/2023\/09\/03_new-skoda-kodiaq-and-superb-extensive-tests-scaled.jpg\",\"contentUrl\":\"https:\/\/www.eslebedasauto.at\/wp-content\/uploads\/2023\/09\/03_new-skoda-kodiaq-and-superb-extensive-tests-scaled.jpg\",\"width\":2560,\"height\":1707},{\"@type\":\"BreadcrumbList\",\"@id\":\"https:\/\/www.eslebedasauto.at\/extremtests-bei-skoda\/#breadcrumb\",\"itemListElement\":[{\"@type\":\"ListItem\",\"position\":1,\"name\":\"Startseite\",\"item\":\"https:\/\/www.eslebedasauto.at\/\"},{\"@type\":\"ListItem\",\"position\":2,\"name\":\"Extremtests bei \u0160koda\"}]},{\"@type\":\"WebSite\",\"@id\":\"https:\/\/www.eslebedasauto.at\/#website\",\"url\":\"https:\/\/www.eslebedasauto.at\/\",\"name\":\"Es lebe das Auto\",\"description\":\"ein Hoch auf den Individualverkehr\",\"publisher\":{\"@id\":\"https:\/\/www.eslebedasauto.at\/#organization\"},\"potentialAction\":[{\"@type\":\"SearchAction\",\"target\":{\"@type\":\"EntryPoint\",\"urlTemplate\":\"https:\/\/www.eslebedasauto.at\/?s={search_term_string}\"},\"query-input\":{\"@type\":\"PropertyValueSpecification\",\"valueRequired\":true,\"valueName\":\"search_term_string\"}}],\"inLanguage\":\"en-GB\"},{\"@type\":\"Organization\",\"@id\":\"https:\/\/www.eslebedasauto.at\/#organization\",\"name\":\"eslebedasauto\",\"url\":\"https:\/\/www.eslebedasauto.at\/\",\"logo\":{\"@type\":\"ImageObject\",\"inLanguage\":\"en-GB\",\"@id\":\"https:\/\/www.eslebedasauto.at\/#\/schema\/logo\/image\/\",\"url\":\"https:\/\/www.eslebedasauto.at\/wp-content\/uploads\/2025\/10\/eldarund.png\",\"contentUrl\":\"https:\/\/www.eslebedasauto.at\/wp-content\/uploads\/2025\/10\/eldarund.png\",\"width\":1024,\"height\":1024,\"caption\":\"eslebedasauto\"},\"image\":{\"@id\":\"https:\/\/www.eslebedasauto.at\/#\/schema\/logo\/image\/\"},\"sameAs\":[\"https:\/\/www.facebook.com\/eslebedasauto.at\",\"https:\/\/www.instagram.com\/es_lebe_das_auto\/\"]},{\"@type\":\"Person\",\"@id\":\"https:\/\/www.eslebedasauto.at\/#\/schema\/person\/4ecfb7fe1eb40654e5370227118c3fc2\",\"name\":\"Juergen\",\"url\":\"https:\/\/www.eslebedasauto.at\/en\/author\/netzwerkkapitaene-og\/\"}]}<\/script>\n<!-- \/ Yoast SEO plugin. -->","yoast_head_json":{"title":"Extremtests bei \u0160koda - Es lebe das Auto","robots":{"index":"index","follow":"follow","max-snippet":"max-snippet:-1","max-image-preview":"max-image-preview:large","max-video-preview":"max-video-preview:-1"},"canonical":"https:\/\/www.eslebedasauto.at\/en\/extremtests-bei-skoda\/","og_locale":"en_GB","og_type":"article","og_title":"Extremtests bei \u0160koda - Es lebe das Auto","og_description":"\u0160koda hat erfolgreich umfassende Extremtests f\u00fcr seine brandneuen Modelle, den \u0160koda Kodiaq und den \u0160koda Superb, abgeschlossen. Die Fahrzeuge wurden in anspruchsvollen Testumgebungen auf Herz und Nieren gepr\u00fcft, um sicherzustellen, dass sie den hohen Standards der Marke gerecht werden. W\u00e4hrend der Testphase wurden die neuen Modelle unter extremen Bedingungen getestet, darunter Temperaturen von minus 30&hellip;&nbsp;Read More &raquo;Extremtests bei \u0160koda","og_url":"https:\/\/www.eslebedasauto.at\/en\/extremtests-bei-skoda\/","og_site_name":"Es lebe das Auto","article_publisher":"https:\/\/www.facebook.com\/eslebedasauto.at","article_published_time":"2023-09-21T10:00:24+00:00","article_modified_time":"2023-09-21T10:00:25+00:00","og_image":[{"width":2560,"height":1707,"url":"https:\/\/www.eslebedasauto.at\/wp-content\/uploads\/2023\/09\/03_new-skoda-kodiaq-and-superb-extensive-tests-scaled.jpg","type":"image\/jpeg"}],"author":"Juergen","twitter_card":"summary_large_image","twitter_misc":{"Written by":"Juergen","Estimated reading time":"1 minute"},"schema":{"@context":"https:\/\/schema.org","@graph":[{"@type":"Article","@id":"https:\/\/www.eslebedasauto.at\/extremtests-bei-skoda\/#article","isPartOf":{"@id":"https:\/\/www.eslebedasauto.at\/extremtests-bei-skoda\/"},"author":{"name":"Juergen","@id":"https:\/\/www.eslebedasauto.at\/#\/schema\/person\/4ecfb7fe1eb40654e5370227118c3fc2"},"headline":"Extremtests bei \u0160koda","datePublished":"2023-09-21T10:00:24+00:00","dateModified":"2023-09-21T10:00:25+00:00","mainEntityOfPage":{"@id":"https:\/\/www.eslebedasauto.at\/extremtests-bei-skoda\/"},"wordCount":190,"commentCount":0,"publisher":{"@id":"https:\/\/www.eslebedasauto.at\/#organization"},"image":{"@id":"https:\/\/www.eslebedasauto.at\/extremtests-bei-skoda\/#primaryimage"},"thumbnailUrl":"https:\/\/www.eslebedasauto.at\/wp-content\/uploads\/2023\/09\/03_new-skoda-kodiaq-and-superb-extensive-tests-scaled.jpg","articleSection":["Shortmotornews"],"inLanguage":"en-GB","potentialAction":[{"@type":"CommentAction","name":"Comment","target":["https:\/\/www.eslebedasauto.at\/extremtests-bei-skoda\/#respond"]}]},{"@type":"WebPage","@id":"https:\/\/www.eslebedasauto.at\/extremtests-bei-skoda\/","url":"https:\/\/www.eslebedasauto.at\/extremtests-bei-skoda\/","name":"Extremtests bei \u0160koda - Es lebe das Auto","isPartOf":{"@id":"https:\/\/www.eslebedasauto.at\/#website"},"primaryImageOfPage":{"@id":"https:\/\/www.eslebedasauto.at\/extremtests-bei-skoda\/#primaryimage"},"image":{"@id":"https:\/\/www.eslebedasauto.at\/extremtests-bei-skoda\/#primaryimage"},"thumbnailUrl":"https:\/\/www.eslebedasauto.at\/wp-content\/uploads\/2023\/09\/03_new-skoda-kodiaq-and-superb-extensive-tests-scaled.jpg","datePublished":"2023-09-21T10:00:24+00:00","dateModified":"2023-09-21T10:00:25+00:00","breadcrumb":{"@id":"https:\/\/www.eslebedasauto.at\/extremtests-bei-skoda\/#breadcrumb"},"inLanguage":"en-GB","potentialAction":[{"@type":"ReadAction","target":["https:\/\/www.eslebedasauto.at\/extremtests-bei-skoda\/"]}]},{"@type":"ImageObject","inLanguage":"en-GB","@id":"https:\/\/www.eslebedasauto.at\/extremtests-bei-skoda\/#primaryimage","url":"https:\/\/www.eslebedasauto.at\/wp-content\/uploads\/2023\/09\/03_new-skoda-kodiaq-and-superb-extensive-tests-scaled.jpg","contentUrl":"https:\/\/www.eslebedasauto.at\/wp-content\/uploads\/2023\/09\/03_new-skoda-kodiaq-and-superb-extensive-tests-scaled.jpg","width":2560,"height":1707},{"@type":"BreadcrumbList","@id":"https:\/\/www.eslebedasauto.at\/extremtests-bei-skoda\/#breadcrumb","itemListElement":[{"@type":"ListItem","position":1,"name":"Startseite","item":"https:\/\/www.eslebedasauto.at\/"},{"@type":"ListItem","position":2,"name":"Extremtests bei \u0160koda"}]},{"@type":"WebSite","@id":"https:\/\/www.eslebedasauto.at\/#website","url":"https:\/\/www.eslebedasauto.at\/","name":"Es lebe das Auto","description":"ein Hoch auf den Individualverkehr","publisher":{"@id":"https:\/\/www.eslebedasauto.at\/#organization"},"potentialAction":[{"@type":"SearchAction","target":{"@type":"EntryPoint","urlTemplate":"https:\/\/www.eslebedasauto.at\/?s={search_term_string}"},"query-input":{"@type":"PropertyValueSpecification","valueRequired":true,"valueName":"search_term_string"}}],"inLanguage":"en-GB"},{"@type":"Organization","@id":"https:\/\/www.eslebedasauto.at\/#organization","name":"eslebedasauto","url":"https:\/\/www.eslebedasauto.at\/","logo":{"@type":"ImageObject","inLanguage":"en-GB","@id":"https:\/\/www.eslebedasauto.at\/#\/schema\/logo\/image\/","url":"https:\/\/www.eslebedasauto.at\/wp-content\/uploads\/2025\/10\/eldarund.png","contentUrl":"https:\/\/www.eslebedasauto.at\/wp-content\/uploads\/2025\/10\/eldarund.png","width":1024,"height":1024,"caption":"eslebedasauto"},"image":{"@id":"https:\/\/www.eslebedasauto.at\/#\/schema\/logo\/image\/"},"sameAs":["https:\/\/www.facebook.com\/eslebedasauto.at","https:\/\/www.instagram.com\/es_lebe_das_auto\/"]},{"@type":"Person","@id":"https:\/\/www.eslebedasauto.at\/#\/schema\/person\/4ecfb7fe1eb40654e5370227118c3fc2","name":"Juergen","url":"https:\/\/www.eslebedasauto.at\/en\/author\/netzwerkkapitaene-og\/"}]}},"_links":{"self":[{"href":"https:\/\/www.eslebedasauto.at\/en\/wp-json\/wp\/v2\/posts\/93503","targetHints":{"allow":["GET"]}}],"collection":[{"href":"https:\/\/www.eslebedasauto.at\/en\/wp-json\/wp\/v2\/posts"}],"about":[{"href":"https:\/\/www.eslebedasauto.at\/en\/wp-json\/wp\/v2\/types\/post"}],"author":[{"embeddable":true,"href":"https:\/\/www.eslebedasauto.at\/en\/wp-json\/wp\/v2\/users\/1"}],"replies":[{"embeddable":true,"href":"https:\/\/www.eslebedasauto.at\/en\/wp-json\/wp\/v2\/comments?post=93503"}],"version-history":[{"count":1,"href":"https:\/\/www.eslebedasauto.at\/en\/wp-json\/wp\/v2\/posts\/93503\/revisions"}],"predecessor-version":[{"id":93505,"href":"https:\/\/www.eslebedasauto.at\/en\/wp-json\/wp\/v2\/posts\/93503\/revisions\/93505"}],"wp:featuredmedia":[{"embeddable":true,"href":"https:\/\/www.eslebedasauto.at\/en\/wp-json\/wp\/v2\/media\/93504"}],"wp:attachment":[{"href":"https:\/\/www.eslebedasauto.at\/en\/wp-json\/wp\/v2\/media?parent=93503"}],"wp:term":[{"taxonomy":"category","embeddable":true,"href":"https:\/\/www.eslebedasauto.at\/en\/wp-json\/wp\/v2\/categories?post=93503"},{"taxonomy":"post_tag","embeddable":true,"href":"https:\/\/www.eslebedasauto.at\/en\/wp-json\/wp\/v2\/tags?post=93503"}],"curies":[{"name":"wp","href":"https:\/\/api.w.org\/{rel}","templated":true}]}}