{"id":93410,"date":"2023-10-03T09:17:12","date_gmt":"2023-10-03T07:17:12","guid":{"rendered":"https:\/\/www.eslebedasauto.at\/?p=93410"},"modified":"2023-10-05T23:02:09","modified_gmt":"2023-10-05T21:02:09","slug":"ford-focus-traveller-leistbarer-familienkombi","status":"publish","type":"post","link":"https:\/\/www.eslebedasauto.at\/en\/ford-focus-traveller-leistbarer-familienkombi\/","title":{"rendered":"Ford Focus Traveller &#8211; Leistbarer Familienkombi"},"content":{"rendered":"<p><strong>Fahrbericht Ford Focus Traveller Active 1.0 Hybrid mit 125 Pferdest\u00e4rken<\/strong><\/p>\n\n\n\n<p>Der Ford Focus Traveller Active 1.0 mit 125PS ist ein Kombi, der Abenteuerlust und Funktionalit\u00e4t vereint. In diesem Fahrbericht nehmen wir euch mit auf eine Fahrt mit diesem vielseitigen Fahrzeug, welches zumindest in begrenztem Rahmen f\u00fcr aktive Familien und Abenteurer gleicherma\u00dfen geeignet ist.<\/p>\n\n\n\n<figure class=\"wp-block-gallery has-nested-images columns-2 is-cropped wp-block-gallery-1 is-layout-flex wp-block-gallery-is-layout-flex\">\n<figure class=\"wp-block-image size-large\"><img fetchpriority=\"high\" decoding=\"async\" width=\"768\" height=\"1024\" data-id=\"93412\" src=\"https:\/\/www.eslebedasauto.at\/wp-content\/uploads\/2023\/09\/IMG_5202-768x1024.jpg\" alt=\"\" class=\"wp-image-93412\" srcset=\"https:\/\/www.eslebedasauto.at\/wp-content\/uploads\/2023\/09\/IMG_5202-768x1024.jpg 768w, https:\/\/www.eslebedasauto.at\/wp-content\/uploads\/2023\/09\/IMG_5202-225x300.jpg 225w, https:\/\/www.eslebedasauto.at\/wp-content\/uploads\/2023\/09\/IMG_5202-1152x1536.jpg 1152w, https:\/\/www.eslebedasauto.at\/wp-content\/uploads\/2023\/09\/IMG_5202-1536x2048.jpg 1536w, https:\/\/www.eslebedasauto.at\/wp-content\/uploads\/2023\/09\/IMG_5202-800x1067.jpg 800w, https:\/\/www.eslebedasauto.at\/wp-content\/uploads\/2023\/09\/IMG_5202-1160x1547.jpg 1160w, https:\/\/www.eslebedasauto.at\/wp-content\/uploads\/2023\/09\/IMG_5202-scaled.jpg 1920w\" sizes=\"(max-width: 768px) 100vw, 768px\" \/><\/figure>\n\n\n\n<figure class=\"wp-block-image size-large\"><img decoding=\"async\" width=\"768\" height=\"1024\" data-id=\"93413\" src=\"https:\/\/www.eslebedasauto.at\/wp-content\/uploads\/2023\/09\/IMG_5203-768x1024.jpg\" alt=\"\" class=\"wp-image-93413\" srcset=\"https:\/\/www.eslebedasauto.at\/wp-content\/uploads\/2023\/09\/IMG_5203-768x1024.jpg 768w, https:\/\/www.eslebedasauto.at\/wp-content\/uploads\/2023\/09\/IMG_5203-225x300.jpg 225w, https:\/\/www.eslebedasauto.at\/wp-content\/uploads\/2023\/09\/IMG_5203-1152x1536.jpg 1152w, https:\/\/www.eslebedasauto.at\/wp-content\/uploads\/2023\/09\/IMG_5203-1536x2048.jpg 1536w, https:\/\/www.eslebedasauto.at\/wp-content\/uploads\/2023\/09\/IMG_5203-800x1067.jpg 800w, https:\/\/www.eslebedasauto.at\/wp-content\/uploads\/2023\/09\/IMG_5203-1160x1547.jpg 1160w, https:\/\/www.eslebedasauto.at\/wp-content\/uploads\/2023\/09\/IMG_5203-scaled.jpg 1920w\" sizes=\"(max-width: 768px) 100vw, 768px\" \/><\/figure>\n<\/figure>\n\n\n\n<p><strong>Exterieur:<\/strong><\/p>\n\n\n\n<p>Der Focus Traveller Active ist eine gelungene Mischung aus sportlichem sowie robustem Design. Mit einer erh\u00f6hten Bodenfreiheit, markanten Kunststoffverkleidungen an den Radh\u00e4usern und einer unverkennbaren Frontpartie, inklusive des charakteristischen K\u00fchlergrills, zeigt dieser Kombi zumindest optisch seine Abenteuerlust. Die LED-Scheinwerfer und das elegante Heckdesign verleihen dem Fahrzeug einen modernen Touch. Wir finden das Glasdach passt peferkt zu diesem Modell und verleiht dem Ganzen ein enormes Freiheitsgef\u00fchl, Outdoor, Sonne &#8211; Travel eben.<\/p>\n\n\n\n<p><strong>Interieur:<\/strong><\/p>\n\n\n\n<p>Das Innere des Traveller Active ist ger\u00e4umig und gut gestaltet. Die hochwertigen Materialien und die sorgf\u00e4ltige Verarbeitung tragen zur angenehmen Atmosph\u00e4re im Innenraum bei. Die Sitze sind bequem und bieten ausreichend Seitenhalt, was auf langen Reisen besonders wichtig ist. Der Kofferraum bietet gen\u00fcgend Platz f\u00fcr Gep\u00e4ck, und die umklappbaren R\u00fccksitze erm\u00f6glichen eine erweiterte Ladekapazit\u00e4t f\u00fcr gr\u00f6\u00dfere Frachten.<\/p>\n\n\n\n<figure class=\"wp-block-gallery has-nested-images columns-default is-cropped wp-block-gallery-2 is-layout-flex wp-block-gallery-is-layout-flex\">\n<figure class=\"wp-block-image size-large\"><img decoding=\"async\" width=\"1024\" height=\"768\" data-id=\"93416\" src=\"https:\/\/www.eslebedasauto.at\/wp-content\/uploads\/2023\/09\/318_-39257383.jpg\" alt=\"\" class=\"wp-image-93416\" srcset=\"https:\/\/www.eslebedasauto.at\/wp-content\/uploads\/2023\/09\/318_-39257383.jpg 1024w, https:\/\/www.eslebedasauto.at\/wp-content\/uploads\/2023\/09\/318_-39257383-300x225.jpg 300w, https:\/\/www.eslebedasauto.at\/wp-content\/uploads\/2023\/09\/318_-39257383-768x576.jpg 768w, https:\/\/www.eslebedasauto.at\/wp-content\/uploads\/2023\/09\/318_-39257383-800x600.jpg 800w\" sizes=\"(max-width: 1024px) 100vw, 1024px\" \/><\/figure>\n\n\n\n<figure class=\"wp-block-image size-large\"><img loading=\"lazy\" decoding=\"async\" width=\"1024\" height=\"768\" data-id=\"93417\" src=\"https:\/\/www.eslebedasauto.at\/wp-content\/uploads\/2023\/09\/318_-492770594.jpg\" alt=\"\" class=\"wp-image-93417\" srcset=\"https:\/\/www.eslebedasauto.at\/wp-content\/uploads\/2023\/09\/318_-492770594.jpg 1024w, https:\/\/www.eslebedasauto.at\/wp-content\/uploads\/2023\/09\/318_-492770594-300x225.jpg 300w, https:\/\/www.eslebedasauto.at\/wp-content\/uploads\/2023\/09\/318_-492770594-768x576.jpg 768w, https:\/\/www.eslebedasauto.at\/wp-content\/uploads\/2023\/09\/318_-492770594-800x600.jpg 800w\" sizes=\"(max-width: 1024px) 100vw, 1024px\" \/><\/figure>\n\n\n\n<figure class=\"wp-block-image size-large\"><img loading=\"lazy\" decoding=\"async\" width=\"1024\" height=\"768\" data-id=\"93418\" src=\"https:\/\/www.eslebedasauto.at\/wp-content\/uploads\/2023\/09\/318_-884084825.jpg\" alt=\"\" class=\"wp-image-93418\" srcset=\"https:\/\/www.eslebedasauto.at\/wp-content\/uploads\/2023\/09\/318_-884084825.jpg 1024w, https:\/\/www.eslebedasauto.at\/wp-content\/uploads\/2023\/09\/318_-884084825-300x225.jpg 300w, https:\/\/www.eslebedasauto.at\/wp-content\/uploads\/2023\/09\/318_-884084825-768x576.jpg 768w, https:\/\/www.eslebedasauto.at\/wp-content\/uploads\/2023\/09\/318_-884084825-800x600.jpg 800w\" sizes=\"(max-width: 1024px) 100vw, 1024px\" \/><\/figure>\n\n\n\n<figure class=\"wp-block-image size-large\"><img loading=\"lazy\" decoding=\"async\" width=\"1024\" height=\"768\" data-id=\"93420\" src=\"https:\/\/www.eslebedasauto.at\/wp-content\/uploads\/2023\/09\/318_437778230.jpg\" alt=\"\" class=\"wp-image-93420\" srcset=\"https:\/\/www.eslebedasauto.at\/wp-content\/uploads\/2023\/09\/318_437778230.jpg 1024w, https:\/\/www.eslebedasauto.at\/wp-content\/uploads\/2023\/09\/318_437778230-300x225.jpg 300w, https:\/\/www.eslebedasauto.at\/wp-content\/uploads\/2023\/09\/318_437778230-768x576.jpg 768w, https:\/\/www.eslebedasauto.at\/wp-content\/uploads\/2023\/09\/318_437778230-800x600.jpg 800w\" sizes=\"(max-width: 1024px) 100vw, 1024px\" \/><\/figure>\n\n\n\n<figure class=\"wp-block-image size-large\"><img loading=\"lazy\" decoding=\"async\" width=\"1024\" height=\"768\" data-id=\"93419\" src=\"https:\/\/www.eslebedasauto.at\/wp-content\/uploads\/2023\/09\/318_1281679012.jpg\" alt=\"\" class=\"wp-image-93419\" srcset=\"https:\/\/www.eslebedasauto.at\/wp-content\/uploads\/2023\/09\/318_1281679012.jpg 1024w, https:\/\/www.eslebedasauto.at\/wp-content\/uploads\/2023\/09\/318_1281679012-300x225.jpg 300w, https:\/\/www.eslebedasauto.at\/wp-content\/uploads\/2023\/09\/318_1281679012-768x576.jpg 768w, https:\/\/www.eslebedasauto.at\/wp-content\/uploads\/2023\/09\/318_1281679012-800x600.jpg 800w\" sizes=\"(max-width: 1024px) 100vw, 1024px\" \/><\/figure>\n<\/figure>\n\n\n\n<p><strong>Fahrerlebnis:<\/strong><\/p>\n\n\n\n<p>Der 1.0 Liter-Benzinmotor mit 125 PS ist effizient dank seiner Hybrid Technologie auch ausreichend motorisiert.  Er beschleunigt das Fahrzeug flott und bietet ausreichend Durchzugskraft f\u00fcr \u00dcberholman\u00f6ver auf der Autobahn oder das Bew\u00e4ltigen von steilen Anstiegen. Die Motorleistung wird \u00fcber eine 6-Gang-Automatik auf die Vorderr\u00e4der \u00fcbertragen, was f\u00fcr eine angenehme und entspannte Fahrt sorgt.<\/p>\n\n\n\n<figure class=\"wp-block-gallery has-nested-images columns-default is-cropped wp-block-gallery-3 is-layout-flex wp-block-gallery-is-layout-flex\">\n<figure class=\"wp-block-image size-large\"><img loading=\"lazy\" decoding=\"async\" width=\"768\" height=\"1024\" data-id=\"93415\" src=\"https:\/\/www.eslebedasauto.at\/wp-content\/uploads\/2023\/09\/IMG_5208-768x1024.jpg\" alt=\"\" class=\"wp-image-93415\" srcset=\"https:\/\/www.eslebedasauto.at\/wp-content\/uploads\/2023\/09\/IMG_5208-768x1024.jpg 768w, https:\/\/www.eslebedasauto.at\/wp-content\/uploads\/2023\/09\/IMG_5208-225x300.jpg 225w, https:\/\/www.eslebedasauto.at\/wp-content\/uploads\/2023\/09\/IMG_5208-1152x1536.jpg 1152w, https:\/\/www.eslebedasauto.at\/wp-content\/uploads\/2023\/09\/IMG_5208-1536x2048.jpg 1536w, https:\/\/www.eslebedasauto.at\/wp-content\/uploads\/2023\/09\/IMG_5208-800x1067.jpg 800w, https:\/\/www.eslebedasauto.at\/wp-content\/uploads\/2023\/09\/IMG_5208-1160x1547.jpg 1160w, https:\/\/www.eslebedasauto.at\/wp-content\/uploads\/2023\/09\/IMG_5208-scaled.jpg 1920w\" sizes=\"(max-width: 768px) 100vw, 768px\" \/><\/figure>\n\n\n\n<figure class=\"wp-block-image size-large\"><img loading=\"lazy\" decoding=\"async\" width=\"768\" height=\"1024\" data-id=\"93414\" src=\"https:\/\/www.eslebedasauto.at\/wp-content\/uploads\/2023\/09\/IMG_5206-768x1024.jpg\" alt=\"\" class=\"wp-image-93414\" srcset=\"https:\/\/www.eslebedasauto.at\/wp-content\/uploads\/2023\/09\/IMG_5206-768x1024.jpg 768w, https:\/\/www.eslebedasauto.at\/wp-content\/uploads\/2023\/09\/IMG_5206-225x300.jpg 225w, https:\/\/www.eslebedasauto.at\/wp-content\/uploads\/2023\/09\/IMG_5206-1152x1536.jpg 1152w, https:\/\/www.eslebedasauto.at\/wp-content\/uploads\/2023\/09\/IMG_5206-1536x2048.jpg 1536w, https:\/\/www.eslebedasauto.at\/wp-content\/uploads\/2023\/09\/IMG_5206-800x1067.jpg 800w, https:\/\/www.eslebedasauto.at\/wp-content\/uploads\/2023\/09\/IMG_5206-1160x1547.jpg 1160w, https:\/\/www.eslebedasauto.at\/wp-content\/uploads\/2023\/09\/IMG_5206-scaled.jpg 1920w\" sizes=\"(max-width: 768px) 100vw, 768px\" \/><\/figure>\n<\/figure>\n\n\n\n<p>Das Fahrwerk des Focus Traveller Active wurde f\u00fcr den Einsatz auf verschiedenen Stra\u00dfentypen optimiert. Die erh\u00f6hte Bodenfreiheit und die robuste Federung erm\u00f6glichen auch die Bew\u00e4ltigung von leichtem Offroad-Terrain, was dieses Fahrzeug besonders vielseitig macht.<\/p>\n\n\n\n<p><strong>Technologie:<\/strong><\/p>\n\n\n\n<p>Der Traveller Active ist mit einer F\u00fclle moderner Technologien ausgestattet. Dazu geh\u00f6ren ein hochaufl\u00f6sendes Touchscreen-Infotainment-System mit Apple CarPlay und Android Auto, eine R\u00fcckfahrkamera f\u00fcr einfaches Einparken, ein adaptiver Tempomat f\u00fcr entspannte Autobahnfahrten und eine Vielzahl von Assistenzsystemen, die die Sicherheit und den Komfort erh\u00f6hen.<\/p>\n\n\n\n<p><strong>Fazit:<\/strong><\/p>\n\n\n\n<p>Der Ford Focus Traveller Active 2.0 EcoBlue SCR ist ein vielseitiger Kombi, der Abenteuerlust und Alltagstauglichkeit gekonnt miteinander verbindet. Mit seinem gelungenen Design, einem komfortablen Innenraum und einer leistungsstarken, effizienten Antriebseinheit mit Mildhybridtechnologie ist er die perfekte Wahl f\u00fcr Familien und Abenteurer, die auf der Suche nach einem zuverl\u00e4ssigen Begleiter f\u00fcr ihre Ausfl\u00fcge sind. Dieses Fahrzeug bietet Fahrspa\u00df, Funktionalit\u00e4t und moderne Technologie in einem Paket.<\/p>\n\n\n\n<p>Einstiegspreis bereits ab \u20ac 31.000 <\/p>","protected":false},"excerpt":{"rendered":"<p>Braver Familienkombi im \u20ac 30.000 Segment mit dezenten Crossover-Akzenten. <\/p>","protected":false},"author":1,"featured_media":93412,"comment_status":"open","ping_status":"open","sticky":false,"template":"","format":"standard","meta":{"neve_meta_sidebar":"","neve_meta_container":"","neve_meta_enable_content_width":"","neve_meta_content_width":0,"neve_meta_title_alignment":"","neve_meta_author_avatar":"","neve_post_elements_order":"","neve_meta_disable_header":"","neve_meta_disable_footer":"","neve_meta_disable_title":"","neve_meta_reading_time":"","footnotes":""},"categories":[335,598],"tags":[],"class_list":["post-93410","post","type-post","status-publish","format-standard","has-post-thumbnail","hentry","category-fahrberichte","category-shortmotornews"],"yoast_head":"<!-- This site is optimized with the Yoast SEO plugin v26.8 - https:\/\/yoast.com\/product\/yoast-seo-wordpress\/ -->\n<title>Ford Focus Traveller - Leistbarer Familienkombi - Es lebe das Auto<\/title>\n<meta name=\"robots\" content=\"index, follow, max-snippet:-1, max-image-preview:large, max-video-preview:-1\" \/>\n<link rel=\"canonical\" href=\"https:\/\/www.eslebedasauto.at\/en\/ford-focus-traveller-leistbarer-familienkombi\/\" \/>\n<meta property=\"og:locale\" content=\"en_GB\" \/>\n<meta property=\"og:type\" content=\"article\" \/>\n<meta property=\"og:title\" content=\"Ford Focus Traveller - Leistbarer Familienkombi - Es lebe das Auto\" \/>\n<meta property=\"og:description\" content=\"Braver Familienkombi im \u20ac 30.000 Segment mit dezenten Crossover-Akzenten.\" \/>\n<meta property=\"og:url\" content=\"https:\/\/www.eslebedasauto.at\/en\/ford-focus-traveller-leistbarer-familienkombi\/\" \/>\n<meta property=\"og:site_name\" content=\"Es lebe das Auto\" \/>\n<meta property=\"article:publisher\" content=\"https:\/\/www.facebook.com\/eslebedasauto.at\" \/>\n<meta property=\"article:published_time\" content=\"2023-10-03T07:17:12+00:00\" \/>\n<meta property=\"article:modified_time\" content=\"2023-10-05T21:02:09+00:00\" \/>\n<meta property=\"og:image\" content=\"https:\/\/www.eslebedasauto.at\/wp-content\/uploads\/2023\/09\/IMG_5202-scaled.jpg\" \/>\n\t<meta property=\"og:image:width\" content=\"1920\" \/>\n\t<meta property=\"og:image:height\" content=\"2560\" \/>\n\t<meta property=\"og:image:type\" content=\"image\/jpeg\" \/>\n<meta name=\"author\" content=\"Juergen\" \/>\n<meta name=\"twitter:card\" content=\"summary_large_image\" \/>\n<meta name=\"twitter:label1\" content=\"Written by\" \/>\n\t<meta name=\"twitter:data1\" content=\"Juergen\" \/>\n\t<meta name=\"twitter:label2\" content=\"Estimated reading time\" \/>\n\t<meta name=\"twitter:data2\" content=\"4 minutes\" \/>\n<script type=\"application\/ld+json\" class=\"yoast-schema-graph\">{\"@context\":\"https:\/\/schema.org\",\"@graph\":[{\"@type\":\"Article\",\"@id\":\"https:\/\/www.eslebedasauto.at\/ford-focus-traveller-leistbarer-familienkombi\/#article\",\"isPartOf\":{\"@id\":\"https:\/\/www.eslebedasauto.at\/ford-focus-traveller-leistbarer-familienkombi\/\"},\"author\":{\"name\":\"Juergen\",\"@id\":\"https:\/\/www.eslebedasauto.at\/#\/schema\/person\/4ecfb7fe1eb40654e5370227118c3fc2\"},\"headline\":\"Ford Focus Traveller &#8211; Leistbarer Familienkombi\",\"datePublished\":\"2023-10-03T07:17:12+00:00\",\"dateModified\":\"2023-10-05T21:02:09+00:00\",\"mainEntityOfPage\":{\"@id\":\"https:\/\/www.eslebedasauto.at\/ford-focus-traveller-leistbarer-familienkombi\/\"},\"wordCount\":425,\"commentCount\":0,\"publisher\":{\"@id\":\"https:\/\/www.eslebedasauto.at\/#organization\"},\"image\":{\"@id\":\"https:\/\/www.eslebedasauto.at\/ford-focus-traveller-leistbarer-familienkombi\/#primaryimage\"},\"thumbnailUrl\":\"https:\/\/www.eslebedasauto.at\/wp-content\/uploads\/2023\/09\/IMG_5202-scaled.jpg\",\"articleSection\":[\"Fahrberichte\",\"Shortmotornews\"],\"inLanguage\":\"en-GB\",\"potentialAction\":[{\"@type\":\"CommentAction\",\"name\":\"Comment\",\"target\":[\"https:\/\/www.eslebedasauto.at\/ford-focus-traveller-leistbarer-familienkombi\/#respond\"]}]},{\"@type\":\"WebPage\",\"@id\":\"https:\/\/www.eslebedasauto.at\/ford-focus-traveller-leistbarer-familienkombi\/\",\"url\":\"https:\/\/www.eslebedasauto.at\/ford-focus-traveller-leistbarer-familienkombi\/\",\"name\":\"Ford Focus Traveller - Leistbarer Familienkombi - Es lebe das Auto\",\"isPartOf\":{\"@id\":\"https:\/\/www.eslebedasauto.at\/#website\"},\"primaryImageOfPage\":{\"@id\":\"https:\/\/www.eslebedasauto.at\/ford-focus-traveller-leistbarer-familienkombi\/#primaryimage\"},\"image\":{\"@id\":\"https:\/\/www.eslebedasauto.at\/ford-focus-traveller-leistbarer-familienkombi\/#primaryimage\"},\"thumbnailUrl\":\"https:\/\/www.eslebedasauto.at\/wp-content\/uploads\/2023\/09\/IMG_5202-scaled.jpg\",\"datePublished\":\"2023-10-03T07:17:12+00:00\",\"dateModified\":\"2023-10-05T21:02:09+00:00\",\"breadcrumb\":{\"@id\":\"https:\/\/www.eslebedasauto.at\/ford-focus-traveller-leistbarer-familienkombi\/#breadcrumb\"},\"inLanguage\":\"en-GB\",\"potentialAction\":[{\"@type\":\"ReadAction\",\"target\":[\"https:\/\/www.eslebedasauto.at\/ford-focus-traveller-leistbarer-familienkombi\/\"]}]},{\"@type\":\"ImageObject\",\"inLanguage\":\"en-GB\",\"@id\":\"https:\/\/www.eslebedasauto.at\/ford-focus-traveller-leistbarer-familienkombi\/#primaryimage\",\"url\":\"https:\/\/www.eslebedasauto.at\/wp-content\/uploads\/2023\/09\/IMG_5202-scaled.jpg\",\"contentUrl\":\"https:\/\/www.eslebedasauto.at\/wp-content\/uploads\/2023\/09\/IMG_5202-scaled.jpg\",\"width\":1920,\"height\":2560},{\"@type\":\"BreadcrumbList\",\"@id\":\"https:\/\/www.eslebedasauto.at\/ford-focus-traveller-leistbarer-familienkombi\/#breadcrumb\",\"itemListElement\":[{\"@type\":\"ListItem\",\"position\":1,\"name\":\"Startseite\",\"item\":\"https:\/\/www.eslebedasauto.at\/\"},{\"@type\":\"ListItem\",\"position\":2,\"name\":\"Ford Focus Traveller &#8211; Leistbarer Familienkombi\"}]},{\"@type\":\"WebSite\",\"@id\":\"https:\/\/www.eslebedasauto.at\/#website\",\"url\":\"https:\/\/www.eslebedasauto.at\/\",\"name\":\"Es lebe das Auto\",\"description\":\"ein Hoch auf den Individualverkehr\",\"publisher\":{\"@id\":\"https:\/\/www.eslebedasauto.at\/#organization\"},\"potentialAction\":[{\"@type\":\"SearchAction\",\"target\":{\"@type\":\"EntryPoint\",\"urlTemplate\":\"https:\/\/www.eslebedasauto.at\/?s={search_term_string}\"},\"query-input\":{\"@type\":\"PropertyValueSpecification\",\"valueRequired\":true,\"valueName\":\"search_term_string\"}}],\"inLanguage\":\"en-GB\"},{\"@type\":\"Organization\",\"@id\":\"https:\/\/www.eslebedasauto.at\/#organization\",\"name\":\"eslebedasauto\",\"url\":\"https:\/\/www.eslebedasauto.at\/\",\"logo\":{\"@type\":\"ImageObject\",\"inLanguage\":\"en-GB\",\"@id\":\"https:\/\/www.eslebedasauto.at\/#\/schema\/logo\/image\/\",\"url\":\"https:\/\/www.eslebedasauto.at\/wp-content\/uploads\/2025\/10\/eldarund.png\",\"contentUrl\":\"https:\/\/www.eslebedasauto.at\/wp-content\/uploads\/2025\/10\/eldarund.png\",\"width\":1024,\"height\":1024,\"caption\":\"eslebedasauto\"},\"image\":{\"@id\":\"https:\/\/www.eslebedasauto.at\/#\/schema\/logo\/image\/\"},\"sameAs\":[\"https:\/\/www.facebook.com\/eslebedasauto.at\",\"https:\/\/www.instagram.com\/es_lebe_das_auto\/\"]},{\"@type\":\"Person\",\"@id\":\"https:\/\/www.eslebedasauto.at\/#\/schema\/person\/4ecfb7fe1eb40654e5370227118c3fc2\",\"name\":\"Juergen\",\"url\":\"https:\/\/www.eslebedasauto.at\/en\/author\/netzwerkkapitaene-og\/\"}]}<\/script>\n<!-- \/ Yoast SEO plugin. -->","yoast_head_json":{"title":"Ford Focus Traveller - Leistbarer Familienkombi - Es lebe das Auto","robots":{"index":"index","follow":"follow","max-snippet":"max-snippet:-1","max-image-preview":"max-image-preview:large","max-video-preview":"max-video-preview:-1"},"canonical":"https:\/\/www.eslebedasauto.at\/en\/ford-focus-traveller-leistbarer-familienkombi\/","og_locale":"en_GB","og_type":"article","og_title":"Ford Focus Traveller - Leistbarer Familienkombi - Es lebe das Auto","og_description":"Braver Familienkombi im \u20ac 30.000 Segment mit dezenten Crossover-Akzenten.","og_url":"https:\/\/www.eslebedasauto.at\/en\/ford-focus-traveller-leistbarer-familienkombi\/","og_site_name":"Es lebe das Auto","article_publisher":"https:\/\/www.facebook.com\/eslebedasauto.at","article_published_time":"2023-10-03T07:17:12+00:00","article_modified_time":"2023-10-05T21:02:09+00:00","og_image":[{"width":1920,"height":2560,"url":"https:\/\/www.eslebedasauto.at\/wp-content\/uploads\/2023\/09\/IMG_5202-scaled.jpg","type":"image\/jpeg"}],"author":"Juergen","twitter_card":"summary_large_image","twitter_misc":{"Written by":"Juergen","Estimated reading time":"4 minutes"},"schema":{"@context":"https:\/\/schema.org","@graph":[{"@type":"Article","@id":"https:\/\/www.eslebedasauto.at\/ford-focus-traveller-leistbarer-familienkombi\/#article","isPartOf":{"@id":"https:\/\/www.eslebedasauto.at\/ford-focus-traveller-leistbarer-familienkombi\/"},"author":{"name":"Juergen","@id":"https:\/\/www.eslebedasauto.at\/#\/schema\/person\/4ecfb7fe1eb40654e5370227118c3fc2"},"headline":"Ford Focus Traveller &#8211; Leistbarer Familienkombi","datePublished":"2023-10-03T07:17:12+00:00","dateModified":"2023-10-05T21:02:09+00:00","mainEntityOfPage":{"@id":"https:\/\/www.eslebedasauto.at\/ford-focus-traveller-leistbarer-familienkombi\/"},"wordCount":425,"commentCount":0,"publisher":{"@id":"https:\/\/www.eslebedasauto.at\/#organization"},"image":{"@id":"https:\/\/www.eslebedasauto.at\/ford-focus-traveller-leistbarer-familienkombi\/#primaryimage"},"thumbnailUrl":"https:\/\/www.eslebedasauto.at\/wp-content\/uploads\/2023\/09\/IMG_5202-scaled.jpg","articleSection":["Fahrberichte","Shortmotornews"],"inLanguage":"en-GB","potentialAction":[{"@type":"CommentAction","name":"Comment","target":["https:\/\/www.eslebedasauto.at\/ford-focus-traveller-leistbarer-familienkombi\/#respond"]}]},{"@type":"WebPage","@id":"https:\/\/www.eslebedasauto.at\/ford-focus-traveller-leistbarer-familienkombi\/","url":"https:\/\/www.eslebedasauto.at\/ford-focus-traveller-leistbarer-familienkombi\/","name":"Ford Focus Traveller - Leistbarer Familienkombi - Es lebe das Auto","isPartOf":{"@id":"https:\/\/www.eslebedasauto.at\/#website"},"primaryImageOfPage":{"@id":"https:\/\/www.eslebedasauto.at\/ford-focus-traveller-leistbarer-familienkombi\/#primaryimage"},"image":{"@id":"https:\/\/www.eslebedasauto.at\/ford-focus-traveller-leistbarer-familienkombi\/#primaryimage"},"thumbnailUrl":"https:\/\/www.eslebedasauto.at\/wp-content\/uploads\/2023\/09\/IMG_5202-scaled.jpg","datePublished":"2023-10-03T07:17:12+00:00","dateModified":"2023-10-05T21:02:09+00:00","breadcrumb":{"@id":"https:\/\/www.eslebedasauto.at\/ford-focus-traveller-leistbarer-familienkombi\/#breadcrumb"},"inLanguage":"en-GB","potentialAction":[{"@type":"ReadAction","target":["https:\/\/www.eslebedasauto.at\/ford-focus-traveller-leistbarer-familienkombi\/"]}]},{"@type":"ImageObject","inLanguage":"en-GB","@id":"https:\/\/www.eslebedasauto.at\/ford-focus-traveller-leistbarer-familienkombi\/#primaryimage","url":"https:\/\/www.eslebedasauto.at\/wp-content\/uploads\/2023\/09\/IMG_5202-scaled.jpg","contentUrl":"https:\/\/www.eslebedasauto.at\/wp-content\/uploads\/2023\/09\/IMG_5202-scaled.jpg","width":1920,"height":2560},{"@type":"BreadcrumbList","@id":"https:\/\/www.eslebedasauto.at\/ford-focus-traveller-leistbarer-familienkombi\/#breadcrumb","itemListElement":[{"@type":"ListItem","position":1,"name":"Startseite","item":"https:\/\/www.eslebedasauto.at\/"},{"@type":"ListItem","position":2,"name":"Ford Focus Traveller &#8211; Leistbarer Familienkombi"}]},{"@type":"WebSite","@id":"https:\/\/www.eslebedasauto.at\/#website","url":"https:\/\/www.eslebedasauto.at\/","name":"Es lebe das Auto","description":"ein Hoch auf den Individualverkehr","publisher":{"@id":"https:\/\/www.eslebedasauto.at\/#organization"},"potentialAction":[{"@type":"SearchAction","target":{"@type":"EntryPoint","urlTemplate":"https:\/\/www.eslebedasauto.at\/?s={search_term_string}"},"query-input":{"@type":"PropertyValueSpecification","valueRequired":true,"valueName":"search_term_string"}}],"inLanguage":"en-GB"},{"@type":"Organization","@id":"https:\/\/www.eslebedasauto.at\/#organization","name":"eslebedasauto","url":"https:\/\/www.eslebedasauto.at\/","logo":{"@type":"ImageObject","inLanguage":"en-GB","@id":"https:\/\/www.eslebedasauto.at\/#\/schema\/logo\/image\/","url":"https:\/\/www.eslebedasauto.at\/wp-content\/uploads\/2025\/10\/eldarund.png","contentUrl":"https:\/\/www.eslebedasauto.at\/wp-content\/uploads\/2025\/10\/eldarund.png","width":1024,"height":1024,"caption":"eslebedasauto"},"image":{"@id":"https:\/\/www.eslebedasauto.at\/#\/schema\/logo\/image\/"},"sameAs":["https:\/\/www.facebook.com\/eslebedasauto.at","https:\/\/www.instagram.com\/es_lebe_das_auto\/"]},{"@type":"Person","@id":"https:\/\/www.eslebedasauto.at\/#\/schema\/person\/4ecfb7fe1eb40654e5370227118c3fc2","name":"Juergen","url":"https:\/\/www.eslebedasauto.at\/en\/author\/netzwerkkapitaene-og\/"}]}},"_links":{"self":[{"href":"https:\/\/www.eslebedasauto.at\/en\/wp-json\/wp\/v2\/posts\/93410","targetHints":{"allow":["GET"]}}],"collection":[{"href":"https:\/\/www.eslebedasauto.at\/en\/wp-json\/wp\/v2\/posts"}],"about":[{"href":"https:\/\/www.eslebedasauto.at\/en\/wp-json\/wp\/v2\/types\/post"}],"author":[{"embeddable":true,"href":"https:\/\/www.eslebedasauto.at\/en\/wp-json\/wp\/v2\/users\/1"}],"replies":[{"embeddable":true,"href":"https:\/\/www.eslebedasauto.at\/en\/wp-json\/wp\/v2\/comments?post=93410"}],"version-history":[{"count":4,"href":"https:\/\/www.eslebedasauto.at\/en\/wp-json\/wp\/v2\/posts\/93410\/revisions"}],"predecessor-version":[{"id":93613,"href":"https:\/\/www.eslebedasauto.at\/en\/wp-json\/wp\/v2\/posts\/93410\/revisions\/93613"}],"wp:featuredmedia":[{"embeddable":true,"href":"https:\/\/www.eslebedasauto.at\/en\/wp-json\/wp\/v2\/media\/93412"}],"wp:attachment":[{"href":"https:\/\/www.eslebedasauto.at\/en\/wp-json\/wp\/v2\/media?parent=93410"}],"wp:term":[{"taxonomy":"category","embeddable":true,"href":"https:\/\/www.eslebedasauto.at\/en\/wp-json\/wp\/v2\/categories?post=93410"},{"taxonomy":"post_tag","embeddable":true,"href":"https:\/\/www.eslebedasauto.at\/en\/wp-json\/wp\/v2\/tags?post=93410"}],"curies":[{"name":"wp","href":"https:\/\/api.w.org\/{rel}","templated":true}]}}