{"id":92935,"date":"2023-07-27T07:16:18","date_gmt":"2023-07-27T05:16:18","guid":{"rendered":"https:\/\/www.eslebedasauto.at\/?p=92935"},"modified":"2023-07-27T07:16:19","modified_gmt":"2023-07-27T05:16:19","slug":"darkrebel-cupra","status":"publish","type":"post","link":"https:\/\/www.eslebedasauto.at\/en\/darkrebel-cupra\/","title":{"rendered":"\u00a0DarkRebel\u00a0 &#8211; Cupra"},"content":{"rendered":"<p><strong>Virtuelles Showcar DarkRebel: CUPRA Tribe gestaltet zuk\u00fcnftiges Design<\/strong><\/p>\n\n\n\n<p>CUPRA sorgte in letzter Zeit mit dem DarkRebel f\u00fcr Aufsehen. Der virtuelle Sportwagen verk\u00f6rpert die unkonventionelle Performance-Marke und wurde im Metahype, dem CUPRA Raum im Metaversum, enth\u00fcllt. Nun nimmt das Showcar einen Schritt n\u00e4her zur Realit\u00e4t. \u00dcber 270.000 Mitglieder des CUPRA Tribes haben das Fahrzeug individuell konfiguriert und beeinflussen damit das finale Design des echten DarkRebel.<\/p>\n\n\n\n<p>Die Konfigurationsm\u00f6glichkeiten im Metahype sind abgelaufen. CUPRA rief im April dazu auf, das Modell \u00fcber den Hyperkonfigurator zu gestalten und Videos davon zu teilen, um Einfluss auf den zuk\u00fcnftigen DarkRebel zu nehmen. Prominente Markenbotschafter wie Alexia Putellas, Marc ter Stegen, Ansu Fati und Daniel Br\u00fchl folgten dem Aufruf und gestalteten die markantesten Merkmale des DarkRebel nach ihren Vorstellungen.<\/p>\n\n\n\n<figure class=\"wp-block-gallery has-nested-images columns-default is-cropped wp-block-gallery-1 is-layout-flex wp-block-gallery-is-layout-flex\">\n<figure class=\"wp-block-image size-large\"><img fetchpriority=\"high\" decoding=\"async\" width=\"1024\" height=\"576\" data-id=\"92937\" src=\"https:\/\/www.eslebedasauto.at\/wp-content\/uploads\/2023\/07\/Ansu-Fati-1-1024x576.png\" alt=\"\" class=\"wp-image-92937\" srcset=\"https:\/\/www.eslebedasauto.at\/wp-content\/uploads\/2023\/07\/Ansu-Fati-1-1024x576.png 1024w, https:\/\/www.eslebedasauto.at\/wp-content\/uploads\/2023\/07\/Ansu-Fati-1-300x169.png 300w, https:\/\/www.eslebedasauto.at\/wp-content\/uploads\/2023\/07\/Ansu-Fati-1-768x432.png 768w, https:\/\/www.eslebedasauto.at\/wp-content\/uploads\/2023\/07\/Ansu-Fati-1-800x450.png 800w, https:\/\/www.eslebedasauto.at\/wp-content\/uploads\/2023\/07\/Ansu-Fati-1-1160x653.png 1160w, https:\/\/www.eslebedasauto.at\/wp-content\/uploads\/2023\/07\/Ansu-Fati-1.png 1536w\" sizes=\"(max-width: 1024px) 100vw, 1024px\" \/><\/figure>\n\n\n\n<figure class=\"wp-block-image size-large\"><img decoding=\"async\" width=\"1024\" height=\"576\" data-id=\"92938\" src=\"https:\/\/www.eslebedasauto.at\/wp-content\/uploads\/2023\/07\/Lucy-Bronze-1-1024x576.png\" alt=\"\" class=\"wp-image-92938\" srcset=\"https:\/\/www.eslebedasauto.at\/wp-content\/uploads\/2023\/07\/Lucy-Bronze-1-1024x576.png 1024w, https:\/\/www.eslebedasauto.at\/wp-content\/uploads\/2023\/07\/Lucy-Bronze-1-300x169.png 300w, https:\/\/www.eslebedasauto.at\/wp-content\/uploads\/2023\/07\/Lucy-Bronze-1-768x432.png 768w, https:\/\/www.eslebedasauto.at\/wp-content\/uploads\/2023\/07\/Lucy-Bronze-1-800x450.png 800w, https:\/\/www.eslebedasauto.at\/wp-content\/uploads\/2023\/07\/Lucy-Bronze-1-1160x653.png 1160w, https:\/\/www.eslebedasauto.at\/wp-content\/uploads\/2023\/07\/Lucy-Bronze-1.png 1536w\" sizes=\"(max-width: 1024px) 100vw, 1024px\" \/><\/figure>\n<\/figure>\n\n\n\n<p>Wayne Griffiths, CEO von CUPRA, beschreibt den DarkRebel als eine Provokation der Marke und betont, dass er von der Leidenschaft eines ganzen Stammes geschaffen wurde, nicht von einer Einzelperson. Die Kreativit\u00e4t der User aus aller Welt hat das endg\u00fcltige Design des DarkRebel in der virtuellen Welt gepr\u00e4gt. Besonders in Spanien, Deutschland, Mexiko und der T\u00fcrkei erfreute sich die Aktion gro\u00dfer Beliebtheit.<\/p>\n\n\n\n<p>CUPRA ist eine unkonventionelle Challenger-Marke, die Barcelona als Ausgangspunkt nutzt und Emotion, Elektrifizierung und Performance vereint. Die Marke lieferte 2022 weltweit \u00fcber 150.000 Fahrzeuge aus und bewies die gelungene Verbindung von Elektrifizierung und Sportlichkeit. Die Zukunft verspricht weitere Elektromodelle wie den CUPRA Tavascan und den CUPRA Terramar, die 2024 auf den Markt kommen sollen, sowie das urbane Elektroauto inspiriert vom Konzept des CUPRA UrbanRebel, welches ein Jahr sp\u00e4ter folgen wird.<\/p>\n\n\n\n<p>Der DarkRebel verk\u00f6rpert die Zukunft der Automobilindustrie, bei der Leidenschaft und kreative Einfl\u00fcsse eine zentrale Rolle spielen. Der Weg in die Realit\u00e4t ist geebnet, und wir d\u00fcrfen gespannt sein, wie der echte DarkRebel schlie\u00dflich aussehen wird. Es bleibt abzuwarten, wie die Grenzen von Design und Leistung in diesem innovativen Fahrzeug verschoben werden und welche Wirkung es auf die kommenden Generationen haben wird.<\/p>","protected":false},"excerpt":{"rendered":"<p>Virtuelles Showcar DarkRebel: CUPRA Tribe gestaltet zuk\u00fcnftiges Design CUPRA sorgte in letzter Zeit mit dem DarkRebel f\u00fcr Aufsehen. Der virtuelle Sportwagen verk\u00f6rpert die unkonventionelle Performance-Marke und wurde im Metahype, dem CUPRA Raum im Metaversum, enth\u00fcllt. Nun nimmt das Showcar einen Schritt n\u00e4her zur Realit\u00e4t. \u00dcber 270.000 Mitglieder des CUPRA Tribes haben das Fahrzeug individuell konfiguriert&hellip;&nbsp;<a href=\"https:\/\/www.eslebedasauto.at\/en\/darkrebel-cupra\/\" rel=\"bookmark\">Read More &raquo;<span class=\"screen-reader-text\">\u00a0DarkRebel\u00a0 &#8211; Cupra<\/span><\/a><\/p>","protected":false},"author":1,"featured_media":92936,"comment_status":"open","ping_status":"open","sticky":false,"template":"","format":"standard","meta":{"neve_meta_sidebar":"","neve_meta_container":"","neve_meta_enable_content_width":"","neve_meta_content_width":0,"neve_meta_title_alignment":"","neve_meta_author_avatar":"","neve_post_elements_order":"","neve_meta_disable_header":"","neve_meta_disable_footer":"","neve_meta_disable_title":"","neve_meta_reading_time":"","footnotes":""},"categories":[598],"tags":[],"class_list":["post-92935","post","type-post","status-publish","format-standard","has-post-thumbnail","hentry","category-shortmotornews"],"yoast_head":"<!-- This site is optimized with the Yoast SEO plugin v26.8 - https:\/\/yoast.com\/product\/yoast-seo-wordpress\/ -->\n<title>\u00a0DarkRebel\u00a0 - Cupra - Es lebe das Auto<\/title>\n<meta name=\"robots\" content=\"index, follow, max-snippet:-1, max-image-preview:large, max-video-preview:-1\" \/>\n<link rel=\"canonical\" href=\"https:\/\/www.eslebedasauto.at\/en\/darkrebel-cupra\/\" \/>\n<meta property=\"og:locale\" content=\"en_GB\" \/>\n<meta property=\"og:type\" content=\"article\" \/>\n<meta property=\"og:title\" content=\"\u00a0DarkRebel\u00a0 - Cupra - Es lebe das Auto\" \/>\n<meta property=\"og:description\" content=\"Virtuelles Showcar DarkRebel: CUPRA Tribe gestaltet zuk\u00fcnftiges Design CUPRA sorgte in letzter Zeit mit dem DarkRebel f\u00fcr Aufsehen. Der virtuelle Sportwagen verk\u00f6rpert die unkonventionelle Performance-Marke und wurde im Metahype, dem CUPRA Raum im Metaversum, enth\u00fcllt. Nun nimmt das Showcar einen Schritt n\u00e4her zur Realit\u00e4t. \u00dcber 270.000 Mitglieder des CUPRA Tribes haben das Fahrzeug individuell konfiguriert&hellip;&nbsp;Read More &raquo;\u00a0DarkRebel\u00a0 &#8211; Cupra\" \/>\n<meta property=\"og:url\" content=\"https:\/\/www.eslebedasauto.at\/en\/darkrebel-cupra\/\" \/>\n<meta property=\"og:site_name\" content=\"Es lebe das Auto\" \/>\n<meta property=\"article:publisher\" content=\"https:\/\/www.facebook.com\/eslebedasauto.at\" \/>\n<meta property=\"article:published_time\" content=\"2023-07-27T05:16:18+00:00\" \/>\n<meta property=\"article:modified_time\" content=\"2023-07-27T05:16:19+00:00\" \/>\n<meta property=\"og:image\" content=\"https:\/\/www.eslebedasauto.at\/wp-content\/uploads\/2023\/07\/Marc-Ter-Stegen-1.png\" \/>\n\t<meta property=\"og:image:width\" content=\"1536\" \/>\n\t<meta property=\"og:image:height\" content=\"864\" \/>\n\t<meta property=\"og:image:type\" content=\"image\/png\" \/>\n<meta name=\"author\" content=\"Juergen\" \/>\n<meta name=\"twitter:card\" content=\"summary_large_image\" \/>\n<meta name=\"twitter:label1\" content=\"Written by\" \/>\n\t<meta name=\"twitter:data1\" content=\"Juergen\" \/>\n\t<meta name=\"twitter:label2\" content=\"Estimated reading time\" \/>\n\t<meta name=\"twitter:data2\" content=\"3 minutes\" \/>\n<script type=\"application\/ld+json\" class=\"yoast-schema-graph\">{\"@context\":\"https:\/\/schema.org\",\"@graph\":[{\"@type\":\"Article\",\"@id\":\"https:\/\/www.eslebedasauto.at\/darkrebel-cupra\/#article\",\"isPartOf\":{\"@id\":\"https:\/\/www.eslebedasauto.at\/darkrebel-cupra\/\"},\"author\":{\"name\":\"Juergen\",\"@id\":\"https:\/\/www.eslebedasauto.at\/#\/schema\/person\/4ecfb7fe1eb40654e5370227118c3fc2\"},\"headline\":\"\u00a0DarkRebel\u00a0 &#8211; Cupra\",\"datePublished\":\"2023-07-27T05:16:18+00:00\",\"dateModified\":\"2023-07-27T05:16:19+00:00\",\"mainEntityOfPage\":{\"@id\":\"https:\/\/www.eslebedasauto.at\/darkrebel-cupra\/\"},\"wordCount\":334,\"commentCount\":0,\"publisher\":{\"@id\":\"https:\/\/www.eslebedasauto.at\/#organization\"},\"image\":{\"@id\":\"https:\/\/www.eslebedasauto.at\/darkrebel-cupra\/#primaryimage\"},\"thumbnailUrl\":\"https:\/\/www.eslebedasauto.at\/wp-content\/uploads\/2023\/07\/Marc-Ter-Stegen-1.png\",\"articleSection\":[\"Shortmotornews\"],\"inLanguage\":\"en-GB\",\"potentialAction\":[{\"@type\":\"CommentAction\",\"name\":\"Comment\",\"target\":[\"https:\/\/www.eslebedasauto.at\/darkrebel-cupra\/#respond\"]}]},{\"@type\":\"WebPage\",\"@id\":\"https:\/\/www.eslebedasauto.at\/darkrebel-cupra\/\",\"url\":\"https:\/\/www.eslebedasauto.at\/darkrebel-cupra\/\",\"name\":\"\u00a0DarkRebel\u00a0 - Cupra - Es lebe das Auto\",\"isPartOf\":{\"@id\":\"https:\/\/www.eslebedasauto.at\/#website\"},\"primaryImageOfPage\":{\"@id\":\"https:\/\/www.eslebedasauto.at\/darkrebel-cupra\/#primaryimage\"},\"image\":{\"@id\":\"https:\/\/www.eslebedasauto.at\/darkrebel-cupra\/#primaryimage\"},\"thumbnailUrl\":\"https:\/\/www.eslebedasauto.at\/wp-content\/uploads\/2023\/07\/Marc-Ter-Stegen-1.png\",\"datePublished\":\"2023-07-27T05:16:18+00:00\",\"dateModified\":\"2023-07-27T05:16:19+00:00\",\"breadcrumb\":{\"@id\":\"https:\/\/www.eslebedasauto.at\/darkrebel-cupra\/#breadcrumb\"},\"inLanguage\":\"en-GB\",\"potentialAction\":[{\"@type\":\"ReadAction\",\"target\":[\"https:\/\/www.eslebedasauto.at\/darkrebel-cupra\/\"]}]},{\"@type\":\"ImageObject\",\"inLanguage\":\"en-GB\",\"@id\":\"https:\/\/www.eslebedasauto.at\/darkrebel-cupra\/#primaryimage\",\"url\":\"https:\/\/www.eslebedasauto.at\/wp-content\/uploads\/2023\/07\/Marc-Ter-Stegen-1.png\",\"contentUrl\":\"https:\/\/www.eslebedasauto.at\/wp-content\/uploads\/2023\/07\/Marc-Ter-Stegen-1.png\",\"width\":1536,\"height\":864,\"caption\":\"DarkRebel Cupra\"},{\"@type\":\"BreadcrumbList\",\"@id\":\"https:\/\/www.eslebedasauto.at\/darkrebel-cupra\/#breadcrumb\",\"itemListElement\":[{\"@type\":\"ListItem\",\"position\":1,\"name\":\"Startseite\",\"item\":\"https:\/\/www.eslebedasauto.at\/\"},{\"@type\":\"ListItem\",\"position\":2,\"name\":\"\u00a0DarkRebel\u00a0 &#8211; Cupra\"}]},{\"@type\":\"WebSite\",\"@id\":\"https:\/\/www.eslebedasauto.at\/#website\",\"url\":\"https:\/\/www.eslebedasauto.at\/\",\"name\":\"Es lebe das Auto\",\"description\":\"ein Hoch auf den Individualverkehr\",\"publisher\":{\"@id\":\"https:\/\/www.eslebedasauto.at\/#organization\"},\"potentialAction\":[{\"@type\":\"SearchAction\",\"target\":{\"@type\":\"EntryPoint\",\"urlTemplate\":\"https:\/\/www.eslebedasauto.at\/?s={search_term_string}\"},\"query-input\":{\"@type\":\"PropertyValueSpecification\",\"valueRequired\":true,\"valueName\":\"search_term_string\"}}],\"inLanguage\":\"en-GB\"},{\"@type\":\"Organization\",\"@id\":\"https:\/\/www.eslebedasauto.at\/#organization\",\"name\":\"eslebedasauto\",\"url\":\"https:\/\/www.eslebedasauto.at\/\",\"logo\":{\"@type\":\"ImageObject\",\"inLanguage\":\"en-GB\",\"@id\":\"https:\/\/www.eslebedasauto.at\/#\/schema\/logo\/image\/\",\"url\":\"https:\/\/www.eslebedasauto.at\/wp-content\/uploads\/2025\/10\/eldarund.png\",\"contentUrl\":\"https:\/\/www.eslebedasauto.at\/wp-content\/uploads\/2025\/10\/eldarund.png\",\"width\":1024,\"height\":1024,\"caption\":\"eslebedasauto\"},\"image\":{\"@id\":\"https:\/\/www.eslebedasauto.at\/#\/schema\/logo\/image\/\"},\"sameAs\":[\"https:\/\/www.facebook.com\/eslebedasauto.at\",\"https:\/\/www.instagram.com\/es_lebe_das_auto\/\"]},{\"@type\":\"Person\",\"@id\":\"https:\/\/www.eslebedasauto.at\/#\/schema\/person\/4ecfb7fe1eb40654e5370227118c3fc2\",\"name\":\"Juergen\",\"url\":\"https:\/\/www.eslebedasauto.at\/en\/author\/netzwerkkapitaene-og\/\"}]}<\/script>\n<!-- \/ Yoast SEO plugin. -->","yoast_head_json":{"title":"\u00a0DarkRebel\u00a0 - Cupra - Es lebe das Auto","robots":{"index":"index","follow":"follow","max-snippet":"max-snippet:-1","max-image-preview":"max-image-preview:large","max-video-preview":"max-video-preview:-1"},"canonical":"https:\/\/www.eslebedasauto.at\/en\/darkrebel-cupra\/","og_locale":"en_GB","og_type":"article","og_title":"\u00a0DarkRebel\u00a0 - Cupra - Es lebe das Auto","og_description":"Virtuelles Showcar DarkRebel: CUPRA Tribe gestaltet zuk\u00fcnftiges Design CUPRA sorgte in letzter Zeit mit dem DarkRebel f\u00fcr Aufsehen. Der virtuelle Sportwagen verk\u00f6rpert die unkonventionelle Performance-Marke und wurde im Metahype, dem CUPRA Raum im Metaversum, enth\u00fcllt. Nun nimmt das Showcar einen Schritt n\u00e4her zur Realit\u00e4t. \u00dcber 270.000 Mitglieder des CUPRA Tribes haben das Fahrzeug individuell konfiguriert&hellip;&nbsp;Read More &raquo;\u00a0DarkRebel\u00a0 &#8211; Cupra","og_url":"https:\/\/www.eslebedasauto.at\/en\/darkrebel-cupra\/","og_site_name":"Es lebe das Auto","article_publisher":"https:\/\/www.facebook.com\/eslebedasauto.at","article_published_time":"2023-07-27T05:16:18+00:00","article_modified_time":"2023-07-27T05:16:19+00:00","og_image":[{"width":1536,"height":864,"url":"https:\/\/www.eslebedasauto.at\/wp-content\/uploads\/2023\/07\/Marc-Ter-Stegen-1.png","type":"image\/png"}],"author":"Juergen","twitter_card":"summary_large_image","twitter_misc":{"Written by":"Juergen","Estimated reading time":"3 minutes"},"schema":{"@context":"https:\/\/schema.org","@graph":[{"@type":"Article","@id":"https:\/\/www.eslebedasauto.at\/darkrebel-cupra\/#article","isPartOf":{"@id":"https:\/\/www.eslebedasauto.at\/darkrebel-cupra\/"},"author":{"name":"Juergen","@id":"https:\/\/www.eslebedasauto.at\/#\/schema\/person\/4ecfb7fe1eb40654e5370227118c3fc2"},"headline":"\u00a0DarkRebel\u00a0 &#8211; Cupra","datePublished":"2023-07-27T05:16:18+00:00","dateModified":"2023-07-27T05:16:19+00:00","mainEntityOfPage":{"@id":"https:\/\/www.eslebedasauto.at\/darkrebel-cupra\/"},"wordCount":334,"commentCount":0,"publisher":{"@id":"https:\/\/www.eslebedasauto.at\/#organization"},"image":{"@id":"https:\/\/www.eslebedasauto.at\/darkrebel-cupra\/#primaryimage"},"thumbnailUrl":"https:\/\/www.eslebedasauto.at\/wp-content\/uploads\/2023\/07\/Marc-Ter-Stegen-1.png","articleSection":["Shortmotornews"],"inLanguage":"en-GB","potentialAction":[{"@type":"CommentAction","name":"Comment","target":["https:\/\/www.eslebedasauto.at\/darkrebel-cupra\/#respond"]}]},{"@type":"WebPage","@id":"https:\/\/www.eslebedasauto.at\/darkrebel-cupra\/","url":"https:\/\/www.eslebedasauto.at\/darkrebel-cupra\/","name":"\u00a0DarkRebel\u00a0 - Cupra - Es lebe das Auto","isPartOf":{"@id":"https:\/\/www.eslebedasauto.at\/#website"},"primaryImageOfPage":{"@id":"https:\/\/www.eslebedasauto.at\/darkrebel-cupra\/#primaryimage"},"image":{"@id":"https:\/\/www.eslebedasauto.at\/darkrebel-cupra\/#primaryimage"},"thumbnailUrl":"https:\/\/www.eslebedasauto.at\/wp-content\/uploads\/2023\/07\/Marc-Ter-Stegen-1.png","datePublished":"2023-07-27T05:16:18+00:00","dateModified":"2023-07-27T05:16:19+00:00","breadcrumb":{"@id":"https:\/\/www.eslebedasauto.at\/darkrebel-cupra\/#breadcrumb"},"inLanguage":"en-GB","potentialAction":[{"@type":"ReadAction","target":["https:\/\/www.eslebedasauto.at\/darkrebel-cupra\/"]}]},{"@type":"ImageObject","inLanguage":"en-GB","@id":"https:\/\/www.eslebedasauto.at\/darkrebel-cupra\/#primaryimage","url":"https:\/\/www.eslebedasauto.at\/wp-content\/uploads\/2023\/07\/Marc-Ter-Stegen-1.png","contentUrl":"https:\/\/www.eslebedasauto.at\/wp-content\/uploads\/2023\/07\/Marc-Ter-Stegen-1.png","width":1536,"height":864,"caption":"DarkRebel Cupra"},{"@type":"BreadcrumbList","@id":"https:\/\/www.eslebedasauto.at\/darkrebel-cupra\/#breadcrumb","itemListElement":[{"@type":"ListItem","position":1,"name":"Startseite","item":"https:\/\/www.eslebedasauto.at\/"},{"@type":"ListItem","position":2,"name":"\u00a0DarkRebel\u00a0 &#8211; Cupra"}]},{"@type":"WebSite","@id":"https:\/\/www.eslebedasauto.at\/#website","url":"https:\/\/www.eslebedasauto.at\/","name":"Es lebe das Auto","description":"ein Hoch auf den Individualverkehr","publisher":{"@id":"https:\/\/www.eslebedasauto.at\/#organization"},"potentialAction":[{"@type":"SearchAction","target":{"@type":"EntryPoint","urlTemplate":"https:\/\/www.eslebedasauto.at\/?s={search_term_string}"},"query-input":{"@type":"PropertyValueSpecification","valueRequired":true,"valueName":"search_term_string"}}],"inLanguage":"en-GB"},{"@type":"Organization","@id":"https:\/\/www.eslebedasauto.at\/#organization","name":"eslebedasauto","url":"https:\/\/www.eslebedasauto.at\/","logo":{"@type":"ImageObject","inLanguage":"en-GB","@id":"https:\/\/www.eslebedasauto.at\/#\/schema\/logo\/image\/","url":"https:\/\/www.eslebedasauto.at\/wp-content\/uploads\/2025\/10\/eldarund.png","contentUrl":"https:\/\/www.eslebedasauto.at\/wp-content\/uploads\/2025\/10\/eldarund.png","width":1024,"height":1024,"caption":"eslebedasauto"},"image":{"@id":"https:\/\/www.eslebedasauto.at\/#\/schema\/logo\/image\/"},"sameAs":["https:\/\/www.facebook.com\/eslebedasauto.at","https:\/\/www.instagram.com\/es_lebe_das_auto\/"]},{"@type":"Person","@id":"https:\/\/www.eslebedasauto.at\/#\/schema\/person\/4ecfb7fe1eb40654e5370227118c3fc2","name":"Juergen","url":"https:\/\/www.eslebedasauto.at\/en\/author\/netzwerkkapitaene-og\/"}]}},"_links":{"self":[{"href":"https:\/\/www.eslebedasauto.at\/en\/wp-json\/wp\/v2\/posts\/92935","targetHints":{"allow":["GET"]}}],"collection":[{"href":"https:\/\/www.eslebedasauto.at\/en\/wp-json\/wp\/v2\/posts"}],"about":[{"href":"https:\/\/www.eslebedasauto.at\/en\/wp-json\/wp\/v2\/types\/post"}],"author":[{"embeddable":true,"href":"https:\/\/www.eslebedasauto.at\/en\/wp-json\/wp\/v2\/users\/1"}],"replies":[{"embeddable":true,"href":"https:\/\/www.eslebedasauto.at\/en\/wp-json\/wp\/v2\/comments?post=92935"}],"version-history":[{"count":1,"href":"https:\/\/www.eslebedasauto.at\/en\/wp-json\/wp\/v2\/posts\/92935\/revisions"}],"predecessor-version":[{"id":92940,"href":"https:\/\/www.eslebedasauto.at\/en\/wp-json\/wp\/v2\/posts\/92935\/revisions\/92940"}],"wp:featuredmedia":[{"embeddable":true,"href":"https:\/\/www.eslebedasauto.at\/en\/wp-json\/wp\/v2\/media\/92936"}],"wp:attachment":[{"href":"https:\/\/www.eslebedasauto.at\/en\/wp-json\/wp\/v2\/media?parent=92935"}],"wp:term":[{"taxonomy":"category","embeddable":true,"href":"https:\/\/www.eslebedasauto.at\/en\/wp-json\/wp\/v2\/categories?post=92935"},{"taxonomy":"post_tag","embeddable":true,"href":"https:\/\/www.eslebedasauto.at\/en\/wp-json\/wp\/v2\/tags?post=92935"}],"curies":[{"name":"wp","href":"https:\/\/api.w.org\/{rel}","templated":true}]}}