{"id":92928,"date":"2023-07-26T12:22:39","date_gmt":"2023-07-26T10:22:39","guid":{"rendered":"https:\/\/www.eslebedasauto.at\/?p=92928"},"modified":"2023-07-26T12:23:08","modified_gmt":"2023-07-26T10:23:08","slug":"film-ab-mit-audi-youtube-kuenftig-moeglich","status":"publish","type":"post","link":"https:\/\/www.eslebedasauto.at\/en\/film-ab-mit-audi-youtube-kuenftig-moeglich\/","title":{"rendered":"Film ab &#8211; mit Audi &#8211; Youtube k\u00fcnftig m\u00f6glich"},"content":{"rendered":"<p>W\u00e4hrend einer Reisepause oder Ladevorgang k\u00f6nnen Fahrerinnen und Fahrer nun dank der wegweisenden Integration von YouTube in ausgew\u00e4hlten Audi Modellen das Infotainmentsystem in vollem Umfang nutzen. Kunden haben die M\u00f6glichkeit, mittels Datenverbindung auf die beliebte YouTube-App zuzugreifen.<\/p>\n\n\n\n<figure class=\"wp-block-gallery has-nested-images columns-default is-cropped wp-block-gallery-1 is-layout-flex wp-block-gallery-is-layout-flex\">\n<figure class=\"wp-block-image size-large\"><img fetchpriority=\"high\" decoding=\"async\" width=\"1024\" height=\"576\" data-id=\"92931\" src=\"https:\/\/www.eslebedasauto.at\/wp-content\/uploads\/2023\/07\/02_Audi_YouTube-1024x576.jpg\" alt=\"\" class=\"wp-image-92931\" srcset=\"https:\/\/www.eslebedasauto.at\/wp-content\/uploads\/2023\/07\/02_Audi_YouTube-1024x576.jpg 1024w, https:\/\/www.eslebedasauto.at\/wp-content\/uploads\/2023\/07\/02_Audi_YouTube-300x169.jpg 300w, https:\/\/www.eslebedasauto.at\/wp-content\/uploads\/2023\/07\/02_Audi_YouTube-768x432.jpg 768w, https:\/\/www.eslebedasauto.at\/wp-content\/uploads\/2023\/07\/02_Audi_YouTube-1536x864.jpg 1536w, https:\/\/www.eslebedasauto.at\/wp-content\/uploads\/2023\/07\/02_Audi_YouTube-2048x1152.jpg 2048w, https:\/\/www.eslebedasauto.at\/wp-content\/uploads\/2023\/07\/02_Audi_YouTube-800x450.jpg 800w, https:\/\/www.eslebedasauto.at\/wp-content\/uploads\/2023\/07\/02_Audi_YouTube-1160x653.jpg 1160w\" sizes=\"(max-width: 1024px) 100vw, 1024px\" \/><\/figure>\n\n\n\n<figure class=\"wp-block-image size-large\"><img decoding=\"async\" width=\"1024\" height=\"683\" data-id=\"92932\" src=\"https:\/\/www.eslebedasauto.at\/wp-content\/uploads\/2023\/07\/03_Audi_YouTube-1024x683.jpg\" alt=\"\" class=\"wp-image-92932\" srcset=\"https:\/\/www.eslebedasauto.at\/wp-content\/uploads\/2023\/07\/03_Audi_YouTube-1024x683.jpg 1024w, https:\/\/www.eslebedasauto.at\/wp-content\/uploads\/2023\/07\/03_Audi_YouTube-300x200.jpg 300w, https:\/\/www.eslebedasauto.at\/wp-content\/uploads\/2023\/07\/03_Audi_YouTube-768x512.jpg 768w, https:\/\/www.eslebedasauto.at\/wp-content\/uploads\/2023\/07\/03_Audi_YouTube-1536x1024.jpg 1536w, https:\/\/www.eslebedasauto.at\/wp-content\/uploads\/2023\/07\/03_Audi_YouTube-2048x1365.jpg 2048w, https:\/\/www.eslebedasauto.at\/wp-content\/uploads\/2023\/07\/03_Audi_YouTube-800x533.jpg 800w, https:\/\/www.eslebedasauto.at\/wp-content\/uploads\/2023\/07\/03_Audi_YouTube-1160x773.jpg 1160w\" sizes=\"(max-width: 1024px) 100vw, 1024px\" \/><\/figure>\n\n\n\n<figure class=\"wp-block-image size-large\"><img decoding=\"async\" width=\"1024\" height=\"683\" data-id=\"92930\" src=\"https:\/\/www.eslebedasauto.at\/wp-content\/uploads\/2023\/07\/04_Audi_YouTube-1024x683.jpg\" alt=\"\" class=\"wp-image-92930\" srcset=\"https:\/\/www.eslebedasauto.at\/wp-content\/uploads\/2023\/07\/04_Audi_YouTube-1024x683.jpg 1024w, https:\/\/www.eslebedasauto.at\/wp-content\/uploads\/2023\/07\/04_Audi_YouTube-300x200.jpg 300w, https:\/\/www.eslebedasauto.at\/wp-content\/uploads\/2023\/07\/04_Audi_YouTube-768x512.jpg 768w, https:\/\/www.eslebedasauto.at\/wp-content\/uploads\/2023\/07\/04_Audi_YouTube-1536x1024.jpg 1536w, https:\/\/www.eslebedasauto.at\/wp-content\/uploads\/2023\/07\/04_Audi_YouTube-2048x1365.jpg 2048w, https:\/\/www.eslebedasauto.at\/wp-content\/uploads\/2023\/07\/04_Audi_YouTube-800x533.jpg 800w, https:\/\/www.eslebedasauto.at\/wp-content\/uploads\/2023\/07\/04_Audi_YouTube-1160x773.jpg 1160w\" sizes=\"(max-width: 1024px) 100vw, 1024px\" \/><\/figure>\n<\/figure>\n\n\n\n<p>Mit dem Start des Videostreamings im Sommer 2023 in ausgew\u00e4hlten Audi Modellen, gefolgt von weiteren Marken des VW Konzerns, wird die Reisepause oder der Ladevorgang zu einem besonderen Unterhaltungserlebnis. Eine innovative Technologie, die das Multimedia-Interface (MMI) w\u00e4hrend der Ruhephasen des Fahrzeugs nutzbar macht und so f\u00fcr kurzweilige und abwechslungsreiche Momente sorgt.<\/p>","protected":false},"excerpt":{"rendered":"<p>Film ab bei Audi!<\/p>","protected":false},"author":1,"featured_media":92929,"comment_status":"closed","ping_status":"open","sticky":false,"template":"","format":"standard","meta":{"neve_meta_sidebar":"","neve_meta_container":"","neve_meta_enable_content_width":"","neve_meta_content_width":0,"neve_meta_title_alignment":"","neve_meta_author_avatar":"","neve_post_elements_order":"","neve_meta_disable_header":"","neve_meta_disable_footer":"","neve_meta_disable_title":"","neve_meta_reading_time":"","footnotes":""},"categories":[328,598],"tags":[],"class_list":["post-92928","post","type-post","status-publish","format-standard","has-post-thumbnail","hentry","category-news","category-shortmotornews"],"yoast_head":"<!-- This site is optimized with the Yoast SEO plugin v26.8 - https:\/\/yoast.com\/product\/yoast-seo-wordpress\/ -->\n<title>Film ab - mit Audi - Youtube k\u00fcnftig m\u00f6glich - Es lebe das Auto<\/title>\n<meta name=\"robots\" content=\"index, follow, max-snippet:-1, max-image-preview:large, max-video-preview:-1\" \/>\n<link rel=\"canonical\" href=\"https:\/\/www.eslebedasauto.at\/en\/film-ab-mit-audi-youtube-kuenftig-moeglich\/\" \/>\n<meta property=\"og:locale\" content=\"en_GB\" \/>\n<meta property=\"og:type\" content=\"article\" \/>\n<meta property=\"og:title\" content=\"Film ab - mit Audi - Youtube k\u00fcnftig m\u00f6glich - Es lebe das Auto\" \/>\n<meta property=\"og:description\" content=\"Film ab bei Audi!\" \/>\n<meta property=\"og:url\" content=\"https:\/\/www.eslebedasauto.at\/en\/film-ab-mit-audi-youtube-kuenftig-moeglich\/\" \/>\n<meta property=\"og:site_name\" content=\"Es lebe das Auto\" \/>\n<meta property=\"article:publisher\" content=\"https:\/\/www.facebook.com\/eslebedasauto.at\" \/>\n<meta property=\"article:published_time\" content=\"2023-07-26T10:22:39+00:00\" \/>\n<meta property=\"article:modified_time\" content=\"2023-07-26T10:23:08+00:00\" \/>\n<meta property=\"og:image\" content=\"https:\/\/www.eslebedasauto.at\/wp-content\/uploads\/2023\/07\/05_Audi_YouTube-scaled.jpg\" \/>\n\t<meta property=\"og:image:width\" content=\"2560\" \/>\n\t<meta property=\"og:image:height\" content=\"1440\" \/>\n\t<meta property=\"og:image:type\" content=\"image\/jpeg\" \/>\n<meta name=\"author\" content=\"Juergen\" \/>\n<meta name=\"twitter:card\" content=\"summary_large_image\" \/>\n<meta name=\"twitter:label1\" content=\"Written by\" \/>\n\t<meta name=\"twitter:data1\" content=\"Juergen\" \/>\n\t<meta name=\"twitter:label2\" content=\"Estimated reading time\" \/>\n\t<meta name=\"twitter:data2\" content=\"2 minutes\" \/>\n<script type=\"application\/ld+json\" class=\"yoast-schema-graph\">{\"@context\":\"https:\/\/schema.org\",\"@graph\":[{\"@type\":\"Article\",\"@id\":\"https:\/\/www.eslebedasauto.at\/film-ab-mit-audi-youtube-kuenftig-moeglich\/#article\",\"isPartOf\":{\"@id\":\"https:\/\/www.eslebedasauto.at\/film-ab-mit-audi-youtube-kuenftig-moeglich\/\"},\"author\":{\"name\":\"Juergen\",\"@id\":\"https:\/\/www.eslebedasauto.at\/#\/schema\/person\/4ecfb7fe1eb40654e5370227118c3fc2\"},\"headline\":\"Film ab &#8211; mit Audi &#8211; Youtube k\u00fcnftig m\u00f6glich\",\"datePublished\":\"2023-07-26T10:22:39+00:00\",\"dateModified\":\"2023-07-26T10:23:08+00:00\",\"mainEntityOfPage\":{\"@id\":\"https:\/\/www.eslebedasauto.at\/film-ab-mit-audi-youtube-kuenftig-moeglich\/\"},\"wordCount\":105,\"publisher\":{\"@id\":\"https:\/\/www.eslebedasauto.at\/#organization\"},\"image\":{\"@id\":\"https:\/\/www.eslebedasauto.at\/film-ab-mit-audi-youtube-kuenftig-moeglich\/#primaryimage\"},\"thumbnailUrl\":\"https:\/\/www.eslebedasauto.at\/wp-content\/uploads\/2023\/07\/05_Audi_YouTube-scaled.jpg\",\"articleSection\":[\"News\",\"Shortmotornews\"],\"inLanguage\":\"en-GB\"},{\"@type\":\"WebPage\",\"@id\":\"https:\/\/www.eslebedasauto.at\/film-ab-mit-audi-youtube-kuenftig-moeglich\/\",\"url\":\"https:\/\/www.eslebedasauto.at\/film-ab-mit-audi-youtube-kuenftig-moeglich\/\",\"name\":\"Film ab - mit Audi - Youtube k\u00fcnftig m\u00f6glich - Es lebe das Auto\",\"isPartOf\":{\"@id\":\"https:\/\/www.eslebedasauto.at\/#website\"},\"primaryImageOfPage\":{\"@id\":\"https:\/\/www.eslebedasauto.at\/film-ab-mit-audi-youtube-kuenftig-moeglich\/#primaryimage\"},\"image\":{\"@id\":\"https:\/\/www.eslebedasauto.at\/film-ab-mit-audi-youtube-kuenftig-moeglich\/#primaryimage\"},\"thumbnailUrl\":\"https:\/\/www.eslebedasauto.at\/wp-content\/uploads\/2023\/07\/05_Audi_YouTube-scaled.jpg\",\"datePublished\":\"2023-07-26T10:22:39+00:00\",\"dateModified\":\"2023-07-26T10:23:08+00:00\",\"breadcrumb\":{\"@id\":\"https:\/\/www.eslebedasauto.at\/film-ab-mit-audi-youtube-kuenftig-moeglich\/#breadcrumb\"},\"inLanguage\":\"en-GB\",\"potentialAction\":[{\"@type\":\"ReadAction\",\"target\":[\"https:\/\/www.eslebedasauto.at\/film-ab-mit-audi-youtube-kuenftig-moeglich\/\"]}]},{\"@type\":\"ImageObject\",\"inLanguage\":\"en-GB\",\"@id\":\"https:\/\/www.eslebedasauto.at\/film-ab-mit-audi-youtube-kuenftig-moeglich\/#primaryimage\",\"url\":\"https:\/\/www.eslebedasauto.at\/wp-content\/uploads\/2023\/07\/05_Audi_YouTube-scaled.jpg\",\"contentUrl\":\"https:\/\/www.eslebedasauto.at\/wp-content\/uploads\/2023\/07\/05_Audi_YouTube-scaled.jpg\",\"width\":2560,\"height\":1440,\"caption\":\"Audi is integrating the world\u2019s largest video platform YouTube into the infotainment system of selected models. This is made possible by embedding the new store for apps.\"},{\"@type\":\"BreadcrumbList\",\"@id\":\"https:\/\/www.eslebedasauto.at\/film-ab-mit-audi-youtube-kuenftig-moeglich\/#breadcrumb\",\"itemListElement\":[{\"@type\":\"ListItem\",\"position\":1,\"name\":\"Startseite\",\"item\":\"https:\/\/www.eslebedasauto.at\/\"},{\"@type\":\"ListItem\",\"position\":2,\"name\":\"Film ab &#8211; mit Audi &#8211; Youtube k\u00fcnftig m\u00f6glich\"}]},{\"@type\":\"WebSite\",\"@id\":\"https:\/\/www.eslebedasauto.at\/#website\",\"url\":\"https:\/\/www.eslebedasauto.at\/\",\"name\":\"Es lebe das Auto\",\"description\":\"ein Hoch auf den Individualverkehr\",\"publisher\":{\"@id\":\"https:\/\/www.eslebedasauto.at\/#organization\"},\"potentialAction\":[{\"@type\":\"SearchAction\",\"target\":{\"@type\":\"EntryPoint\",\"urlTemplate\":\"https:\/\/www.eslebedasauto.at\/?s={search_term_string}\"},\"query-input\":{\"@type\":\"PropertyValueSpecification\",\"valueRequired\":true,\"valueName\":\"search_term_string\"}}],\"inLanguage\":\"en-GB\"},{\"@type\":\"Organization\",\"@id\":\"https:\/\/www.eslebedasauto.at\/#organization\",\"name\":\"eslebedasauto\",\"url\":\"https:\/\/www.eslebedasauto.at\/\",\"logo\":{\"@type\":\"ImageObject\",\"inLanguage\":\"en-GB\",\"@id\":\"https:\/\/www.eslebedasauto.at\/#\/schema\/logo\/image\/\",\"url\":\"https:\/\/www.eslebedasauto.at\/wp-content\/uploads\/2025\/10\/eldarund.png\",\"contentUrl\":\"https:\/\/www.eslebedasauto.at\/wp-content\/uploads\/2025\/10\/eldarund.png\",\"width\":1024,\"height\":1024,\"caption\":\"eslebedasauto\"},\"image\":{\"@id\":\"https:\/\/www.eslebedasauto.at\/#\/schema\/logo\/image\/\"},\"sameAs\":[\"https:\/\/www.facebook.com\/eslebedasauto.at\",\"https:\/\/www.instagram.com\/es_lebe_das_auto\/\"]},{\"@type\":\"Person\",\"@id\":\"https:\/\/www.eslebedasauto.at\/#\/schema\/person\/4ecfb7fe1eb40654e5370227118c3fc2\",\"name\":\"Juergen\",\"url\":\"https:\/\/www.eslebedasauto.at\/en\/author\/netzwerkkapitaene-og\/\"}]}<\/script>\n<!-- \/ Yoast SEO plugin. -->","yoast_head_json":{"title":"Film ab - mit Audi - Youtube k\u00fcnftig m\u00f6glich - Es lebe das Auto","robots":{"index":"index","follow":"follow","max-snippet":"max-snippet:-1","max-image-preview":"max-image-preview:large","max-video-preview":"max-video-preview:-1"},"canonical":"https:\/\/www.eslebedasauto.at\/en\/film-ab-mit-audi-youtube-kuenftig-moeglich\/","og_locale":"en_GB","og_type":"article","og_title":"Film ab - mit Audi - Youtube k\u00fcnftig m\u00f6glich - Es lebe das Auto","og_description":"Film ab bei Audi!","og_url":"https:\/\/www.eslebedasauto.at\/en\/film-ab-mit-audi-youtube-kuenftig-moeglich\/","og_site_name":"Es lebe das Auto","article_publisher":"https:\/\/www.facebook.com\/eslebedasauto.at","article_published_time":"2023-07-26T10:22:39+00:00","article_modified_time":"2023-07-26T10:23:08+00:00","og_image":[{"width":2560,"height":1440,"url":"https:\/\/www.eslebedasauto.at\/wp-content\/uploads\/2023\/07\/05_Audi_YouTube-scaled.jpg","type":"image\/jpeg"}],"author":"Juergen","twitter_card":"summary_large_image","twitter_misc":{"Written by":"Juergen","Estimated reading time":"2 minutes"},"schema":{"@context":"https:\/\/schema.org","@graph":[{"@type":"Article","@id":"https:\/\/www.eslebedasauto.at\/film-ab-mit-audi-youtube-kuenftig-moeglich\/#article","isPartOf":{"@id":"https:\/\/www.eslebedasauto.at\/film-ab-mit-audi-youtube-kuenftig-moeglich\/"},"author":{"name":"Juergen","@id":"https:\/\/www.eslebedasauto.at\/#\/schema\/person\/4ecfb7fe1eb40654e5370227118c3fc2"},"headline":"Film ab &#8211; mit Audi &#8211; Youtube k\u00fcnftig m\u00f6glich","datePublished":"2023-07-26T10:22:39+00:00","dateModified":"2023-07-26T10:23:08+00:00","mainEntityOfPage":{"@id":"https:\/\/www.eslebedasauto.at\/film-ab-mit-audi-youtube-kuenftig-moeglich\/"},"wordCount":105,"publisher":{"@id":"https:\/\/www.eslebedasauto.at\/#organization"},"image":{"@id":"https:\/\/www.eslebedasauto.at\/film-ab-mit-audi-youtube-kuenftig-moeglich\/#primaryimage"},"thumbnailUrl":"https:\/\/www.eslebedasauto.at\/wp-content\/uploads\/2023\/07\/05_Audi_YouTube-scaled.jpg","articleSection":["News","Shortmotornews"],"inLanguage":"en-GB"},{"@type":"WebPage","@id":"https:\/\/www.eslebedasauto.at\/film-ab-mit-audi-youtube-kuenftig-moeglich\/","url":"https:\/\/www.eslebedasauto.at\/film-ab-mit-audi-youtube-kuenftig-moeglich\/","name":"Film ab - mit Audi - Youtube k\u00fcnftig m\u00f6glich - Es lebe das Auto","isPartOf":{"@id":"https:\/\/www.eslebedasauto.at\/#website"},"primaryImageOfPage":{"@id":"https:\/\/www.eslebedasauto.at\/film-ab-mit-audi-youtube-kuenftig-moeglich\/#primaryimage"},"image":{"@id":"https:\/\/www.eslebedasauto.at\/film-ab-mit-audi-youtube-kuenftig-moeglich\/#primaryimage"},"thumbnailUrl":"https:\/\/www.eslebedasauto.at\/wp-content\/uploads\/2023\/07\/05_Audi_YouTube-scaled.jpg","datePublished":"2023-07-26T10:22:39+00:00","dateModified":"2023-07-26T10:23:08+00:00","breadcrumb":{"@id":"https:\/\/www.eslebedasauto.at\/film-ab-mit-audi-youtube-kuenftig-moeglich\/#breadcrumb"},"inLanguage":"en-GB","potentialAction":[{"@type":"ReadAction","target":["https:\/\/www.eslebedasauto.at\/film-ab-mit-audi-youtube-kuenftig-moeglich\/"]}]},{"@type":"ImageObject","inLanguage":"en-GB","@id":"https:\/\/www.eslebedasauto.at\/film-ab-mit-audi-youtube-kuenftig-moeglich\/#primaryimage","url":"https:\/\/www.eslebedasauto.at\/wp-content\/uploads\/2023\/07\/05_Audi_YouTube-scaled.jpg","contentUrl":"https:\/\/www.eslebedasauto.at\/wp-content\/uploads\/2023\/07\/05_Audi_YouTube-scaled.jpg","width":2560,"height":1440,"caption":"Audi is integrating the world\u2019s largest video platform YouTube into the infotainment system of selected models. This is made possible by embedding the new store for apps."},{"@type":"BreadcrumbList","@id":"https:\/\/www.eslebedasauto.at\/film-ab-mit-audi-youtube-kuenftig-moeglich\/#breadcrumb","itemListElement":[{"@type":"ListItem","position":1,"name":"Startseite","item":"https:\/\/www.eslebedasauto.at\/"},{"@type":"ListItem","position":2,"name":"Film ab &#8211; mit Audi &#8211; Youtube k\u00fcnftig m\u00f6glich"}]},{"@type":"WebSite","@id":"https:\/\/www.eslebedasauto.at\/#website","url":"https:\/\/www.eslebedasauto.at\/","name":"Es lebe das Auto","description":"ein Hoch auf den Individualverkehr","publisher":{"@id":"https:\/\/www.eslebedasauto.at\/#organization"},"potentialAction":[{"@type":"SearchAction","target":{"@type":"EntryPoint","urlTemplate":"https:\/\/www.eslebedasauto.at\/?s={search_term_string}"},"query-input":{"@type":"PropertyValueSpecification","valueRequired":true,"valueName":"search_term_string"}}],"inLanguage":"en-GB"},{"@type":"Organization","@id":"https:\/\/www.eslebedasauto.at\/#organization","name":"eslebedasauto","url":"https:\/\/www.eslebedasauto.at\/","logo":{"@type":"ImageObject","inLanguage":"en-GB","@id":"https:\/\/www.eslebedasauto.at\/#\/schema\/logo\/image\/","url":"https:\/\/www.eslebedasauto.at\/wp-content\/uploads\/2025\/10\/eldarund.png","contentUrl":"https:\/\/www.eslebedasauto.at\/wp-content\/uploads\/2025\/10\/eldarund.png","width":1024,"height":1024,"caption":"eslebedasauto"},"image":{"@id":"https:\/\/www.eslebedasauto.at\/#\/schema\/logo\/image\/"},"sameAs":["https:\/\/www.facebook.com\/eslebedasauto.at","https:\/\/www.instagram.com\/es_lebe_das_auto\/"]},{"@type":"Person","@id":"https:\/\/www.eslebedasauto.at\/#\/schema\/person\/4ecfb7fe1eb40654e5370227118c3fc2","name":"Juergen","url":"https:\/\/www.eslebedasauto.at\/en\/author\/netzwerkkapitaene-og\/"}]}},"_links":{"self":[{"href":"https:\/\/www.eslebedasauto.at\/en\/wp-json\/wp\/v2\/posts\/92928","targetHints":{"allow":["GET"]}}],"collection":[{"href":"https:\/\/www.eslebedasauto.at\/en\/wp-json\/wp\/v2\/posts"}],"about":[{"href":"https:\/\/www.eslebedasauto.at\/en\/wp-json\/wp\/v2\/types\/post"}],"author":[{"embeddable":true,"href":"https:\/\/www.eslebedasauto.at\/en\/wp-json\/wp\/v2\/users\/1"}],"replies":[{"embeddable":true,"href":"https:\/\/www.eslebedasauto.at\/en\/wp-json\/wp\/v2\/comments?post=92928"}],"version-history":[{"count":2,"href":"https:\/\/www.eslebedasauto.at\/en\/wp-json\/wp\/v2\/posts\/92928\/revisions"}],"predecessor-version":[{"id":92934,"href":"https:\/\/www.eslebedasauto.at\/en\/wp-json\/wp\/v2\/posts\/92928\/revisions\/92934"}],"wp:featuredmedia":[{"embeddable":true,"href":"https:\/\/www.eslebedasauto.at\/en\/wp-json\/wp\/v2\/media\/92929"}],"wp:attachment":[{"href":"https:\/\/www.eslebedasauto.at\/en\/wp-json\/wp\/v2\/media?parent=92928"}],"wp:term":[{"taxonomy":"category","embeddable":true,"href":"https:\/\/www.eslebedasauto.at\/en\/wp-json\/wp\/v2\/categories?post=92928"},{"taxonomy":"post_tag","embeddable":true,"href":"https:\/\/www.eslebedasauto.at\/en\/wp-json\/wp\/v2\/tags?post=92928"}],"curies":[{"name":"wp","href":"https:\/\/api.w.org\/{rel}","templated":true}]}}