{"id":92892,"date":"2023-07-18T07:28:09","date_gmt":"2023-07-18T05:28:09","guid":{"rendered":"https:\/\/www.eslebedasauto.at\/?p=92892"},"modified":"2023-07-18T07:28:10","modified_gmt":"2023-07-18T05:28:10","slug":"ein-schoener-kasten-der-neue-hyundai-santa-fee","status":"publish","type":"post","link":"https:\/\/www.eslebedasauto.at\/en\/ein-schoener-kasten-der-neue-hyundai-santa-fee\/","title":{"rendered":"Ein sch\u00f6ner Kasten &#8211; der neue Hyundai Santa Fee"},"content":{"rendered":"<p><strong>Hyundais neuer SANTA FE beeindruckt mit seinem neuen Design und seinem charakteristischen Outdoor-Lifestyle.<\/strong><br><\/p>\n\n\n\n<figure class=\"wp-block-gallery has-nested-images columns-default is-cropped wp-block-gallery-1 is-layout-flex wp-block-gallery-is-layout-flex\">\n<figure class=\"wp-block-image size-large\"><img fetchpriority=\"high\" decoding=\"async\" width=\"1024\" height=\"549\" data-id=\"92893\" src=\"https:\/\/www.eslebedasauto.at\/wp-content\/uploads\/2023\/07\/1-the-all-new-santa-fe_01-1024x549.jpg\" alt=\"\" class=\"wp-image-92893\" srcset=\"https:\/\/www.eslebedasauto.at\/wp-content\/uploads\/2023\/07\/1-the-all-new-santa-fe_01-1024x549.jpg 1024w, https:\/\/www.eslebedasauto.at\/wp-content\/uploads\/2023\/07\/1-the-all-new-santa-fe_01-300x160.jpg 300w, https:\/\/www.eslebedasauto.at\/wp-content\/uploads\/2023\/07\/1-the-all-new-santa-fe_01-768x411.jpg 768w, https:\/\/www.eslebedasauto.at\/wp-content\/uploads\/2023\/07\/1-the-all-new-santa-fe_01-260x140.jpg 260w, https:\/\/www.eslebedasauto.at\/wp-content\/uploads\/2023\/07\/1-the-all-new-santa-fe_01-800x429.jpg 800w, https:\/\/www.eslebedasauto.at\/wp-content\/uploads\/2023\/07\/1-the-all-new-santa-fe_01-560x300.jpg 560w, https:\/\/www.eslebedasauto.at\/wp-content\/uploads\/2023\/07\/1-the-all-new-santa-fe_01.jpg 1120w\" sizes=\"(max-width: 1024px) 100vw, 1024px\" \/><\/figure>\n\n\n\n<figure class=\"wp-block-image size-large\"><img decoding=\"async\" width=\"1024\" height=\"512\" data-id=\"92897\" src=\"https:\/\/www.eslebedasauto.at\/wp-content\/uploads\/2023\/07\/2-the-all-new-santa-fe_02-1024x512.jpg\" alt=\"\" class=\"wp-image-92897\" srcset=\"https:\/\/www.eslebedasauto.at\/wp-content\/uploads\/2023\/07\/2-the-all-new-santa-fe_02-1024x512.jpg 1024w, https:\/\/www.eslebedasauto.at\/wp-content\/uploads\/2023\/07\/2-the-all-new-santa-fe_02-300x150.jpg 300w, https:\/\/www.eslebedasauto.at\/wp-content\/uploads\/2023\/07\/2-the-all-new-santa-fe_02-768x384.jpg 768w, https:\/\/www.eslebedasauto.at\/wp-content\/uploads\/2023\/07\/2-the-all-new-santa-fe_02-1536x768.jpg 1536w, https:\/\/www.eslebedasauto.at\/wp-content\/uploads\/2023\/07\/2-the-all-new-santa-fe_02-2048x1024.jpg 2048w, https:\/\/www.eslebedasauto.at\/wp-content\/uploads\/2023\/07\/2-the-all-new-santa-fe_02-800x400.jpg 800w, https:\/\/www.eslebedasauto.at\/wp-content\/uploads\/2023\/07\/2-the-all-new-santa-fe_02-1160x580.jpg 1160w\" sizes=\"(max-width: 1024px) 100vw, 1024px\" \/><\/figure>\n\n\n\n<figure class=\"wp-block-image size-large\"><img decoding=\"async\" width=\"1024\" height=\"512\" data-id=\"92896\" src=\"https:\/\/www.eslebedasauto.at\/wp-content\/uploads\/2023\/07\/3-the-all-new-santa-fe_03-1-1024x512.jpg\" alt=\"\" class=\"wp-image-92896\" srcset=\"https:\/\/www.eslebedasauto.at\/wp-content\/uploads\/2023\/07\/3-the-all-new-santa-fe_03-1-1024x512.jpg 1024w, https:\/\/www.eslebedasauto.at\/wp-content\/uploads\/2023\/07\/3-the-all-new-santa-fe_03-1-300x150.jpg 300w, https:\/\/www.eslebedasauto.at\/wp-content\/uploads\/2023\/07\/3-the-all-new-santa-fe_03-1-768x384.jpg 768w, https:\/\/www.eslebedasauto.at\/wp-content\/uploads\/2023\/07\/3-the-all-new-santa-fe_03-1-1536x768.jpg 1536w, https:\/\/www.eslebedasauto.at\/wp-content\/uploads\/2023\/07\/3-the-all-new-santa-fe_03-1-2048x1024.jpg 2048w, https:\/\/www.eslebedasauto.at\/wp-content\/uploads\/2023\/07\/3-the-all-new-santa-fe_03-1-800x400.jpg 800w, https:\/\/www.eslebedasauto.at\/wp-content\/uploads\/2023\/07\/3-the-all-new-santa-fe_03-1-1160x580.jpg 1160w\" sizes=\"(max-width: 1024px) 100vw, 1024px\" \/><\/figure>\n\n\n\n<figure class=\"wp-block-image size-large\"><img loading=\"lazy\" decoding=\"async\" width=\"1024\" height=\"512\" data-id=\"92895\" src=\"https:\/\/www.eslebedasauto.at\/wp-content\/uploads\/2023\/07\/4-the-all-new-santa-fe_04-1024x512.jpg\" alt=\"\" class=\"wp-image-92895\" srcset=\"https:\/\/www.eslebedasauto.at\/wp-content\/uploads\/2023\/07\/4-the-all-new-santa-fe_04-1024x512.jpg 1024w, https:\/\/www.eslebedasauto.at\/wp-content\/uploads\/2023\/07\/4-the-all-new-santa-fe_04-300x150.jpg 300w, https:\/\/www.eslebedasauto.at\/wp-content\/uploads\/2023\/07\/4-the-all-new-santa-fe_04-768x384.jpg 768w, https:\/\/www.eslebedasauto.at\/wp-content\/uploads\/2023\/07\/4-the-all-new-santa-fe_04-1536x768.jpg 1536w, https:\/\/www.eslebedasauto.at\/wp-content\/uploads\/2023\/07\/4-the-all-new-santa-fe_04-2048x1024.jpg 2048w, https:\/\/www.eslebedasauto.at\/wp-content\/uploads\/2023\/07\/4-the-all-new-santa-fe_04-800x400.jpg 800w, https:\/\/www.eslebedasauto.at\/wp-content\/uploads\/2023\/07\/4-the-all-new-santa-fe_04-1160x580.jpg 1160w\" sizes=\"(max-width: 1024px) 100vw, 1024px\" \/><\/figure>\n\n\n\n<figure class=\"wp-block-image size-large\"><img loading=\"lazy\" decoding=\"async\" width=\"1024\" height=\"512\" data-id=\"92894\" src=\"https:\/\/www.eslebedasauto.at\/wp-content\/uploads\/2023\/07\/5-the-all-new-santa-fe_05-1024x512.jpg\" alt=\"\" class=\"wp-image-92894\" srcset=\"https:\/\/www.eslebedasauto.at\/wp-content\/uploads\/2023\/07\/5-the-all-new-santa-fe_05-1024x512.jpg 1024w, https:\/\/www.eslebedasauto.at\/wp-content\/uploads\/2023\/07\/5-the-all-new-santa-fe_05-300x150.jpg 300w, https:\/\/www.eslebedasauto.at\/wp-content\/uploads\/2023\/07\/5-the-all-new-santa-fe_05-768x384.jpg 768w, https:\/\/www.eslebedasauto.at\/wp-content\/uploads\/2023\/07\/5-the-all-new-santa-fe_05-1536x768.jpg 1536w, https:\/\/www.eslebedasauto.at\/wp-content\/uploads\/2023\/07\/5-the-all-new-santa-fe_05-2048x1024.jpg 2048w, https:\/\/www.eslebedasauto.at\/wp-content\/uploads\/2023\/07\/5-the-all-new-santa-fe_05-800x400.jpg 800w, https:\/\/www.eslebedasauto.at\/wp-content\/uploads\/2023\/07\/5-the-all-new-santa-fe_05-1160x580.jpg 1160w\" sizes=\"(max-width: 1024px) 100vw, 1024px\" \/><\/figure>\n<\/figure>\n\n\n\n<p>Die atemberaubende Enth\u00fcllung des v\u00f6llig \u00fcberarbeiteten Hyundai SANTA FE der f\u00fcnften Generation! Ein wahres Meisterwerk, das die charakteristische &#8222;Natur-trifft-Stadt&#8220;-Attraktivit\u00e4t beibeh\u00e4lt und gleichzeitig mit bahnbrechenden Updates aufwartet, die auf umfangreichen Datenerhebungen und den neuesten Outdoor-Lifestyle-Trends basieren. <br>In einem spektakul\u00e4ren Schritt weg von der Norm hat Hyundai sich f\u00fcr eine lebensstilbasierte Design-Typologie entschieden, um die Ladekapazit\u00e4t zu maximieren und ein herausragendes Erlebnis f\u00fcr Outdoor- und Stadtabenteuer zu gew\u00e4hrleisten. Der brandneue SANTA FE pr\u00e4sentiert sich als kraftvolles Modell mit einem robusten, dennoch fein detaillierten Au\u00dfendesign und einem ger\u00e4umigen, vielseitigen Innenraum. Wir lieben das neue kastenartige Design.<\/p>\n\n\n\n<p>Mit einem vollst\u00e4ndigen Modellwechsel seit 2018 setzt Hyundai neue Ma\u00dfst\u00e4be und begeistert mit einem au\u00dfergew\u00f6hnlichen Fahrzeug, das die Essenz von Abenteuer und urbaner Eleganz vereint.<\/p>\n\n\n\n<figure class=\"wp-block-embed is-type-video is-provider-youtube wp-block-embed-youtube wp-embed-aspect-16-9 wp-has-aspect-ratio\"><div class=\"wp-block-embed__wrapper\">\n<div class=\"nv-iframe-embed\"><iframe hcb-fetch-image-from=\"https:\/\/www.youtube.com\/watch?v=Wes3EO8aaCE\" title=\"NEW Hyundai SANTA FE (2024) | FIRST LOOK, Exterior &amp; Interior\" width=\"1200\" height=\"675\" src=\"https:\/\/www.youtube.com\/embed\/Wes3EO8aaCE?feature=oembed\" frameborder=\"0\" allow=\"accelerometer; autoplay; clipboard-write; encrypted-media; gyroscope; picture-in-picture; web-share\" allowfullscreen><\/iframe><\/div>\n<\/div><\/figure>","protected":false},"excerpt":{"rendered":"<p>der neue Santa Fee im modernen Look!<\/p>","protected":false},"author":1,"featured_media":92895,"comment_status":"open","ping_status":"open","sticky":false,"template":"","format":"standard","meta":{"neve_meta_sidebar":"","neve_meta_container":"","neve_meta_enable_content_width":"","neve_meta_content_width":0,"neve_meta_title_alignment":"","neve_meta_author_avatar":"","neve_post_elements_order":"","neve_meta_disable_header":"","neve_meta_disable_footer":"","neve_meta_disable_title":"","neve_meta_reading_time":"","footnotes":""},"categories":[598],"tags":[],"class_list":["post-92892","post","type-post","status-publish","format-standard","has-post-thumbnail","hentry","category-shortmotornews"],"yoast_head":"<!-- This site is optimized with the Yoast SEO plugin v26.8 - https:\/\/yoast.com\/product\/yoast-seo-wordpress\/ -->\n<title>Ein sch\u00f6ner Kasten - der neue Hyundai Santa Fee - Es lebe das Auto<\/title>\n<meta name=\"robots\" content=\"index, follow, max-snippet:-1, max-image-preview:large, max-video-preview:-1\" \/>\n<link rel=\"canonical\" href=\"https:\/\/www.eslebedasauto.at\/en\/ein-schoener-kasten-der-neue-hyundai-santa-fee\/\" \/>\n<meta property=\"og:locale\" content=\"en_GB\" \/>\n<meta property=\"og:type\" content=\"article\" \/>\n<meta property=\"og:title\" content=\"Ein sch\u00f6ner Kasten - der neue Hyundai Santa Fee - Es lebe das Auto\" \/>\n<meta property=\"og:description\" content=\"der neue Santa Fee im modernen Look!\" \/>\n<meta property=\"og:url\" content=\"https:\/\/www.eslebedasauto.at\/en\/ein-schoener-kasten-der-neue-hyundai-santa-fee\/\" \/>\n<meta property=\"og:site_name\" content=\"Es lebe das Auto\" \/>\n<meta property=\"article:publisher\" content=\"https:\/\/www.facebook.com\/eslebedasauto.at\" \/>\n<meta property=\"article:published_time\" content=\"2023-07-18T05:28:09+00:00\" \/>\n<meta property=\"article:modified_time\" content=\"2023-07-18T05:28:10+00:00\" \/>\n<meta property=\"og:image\" content=\"https:\/\/www.eslebedasauto.at\/wp-content\/uploads\/2023\/07\/4-the-all-new-santa-fe_04-scaled.jpg\" \/>\n\t<meta property=\"og:image:width\" content=\"2560\" \/>\n\t<meta property=\"og:image:height\" content=\"1280\" \/>\n\t<meta property=\"og:image:type\" content=\"image\/jpeg\" \/>\n<meta name=\"author\" content=\"Juergen\" \/>\n<meta name=\"twitter:card\" content=\"summary_large_image\" \/>\n<meta name=\"twitter:label1\" content=\"Written by\" \/>\n\t<meta name=\"twitter:data1\" content=\"Juergen\" \/>\n\t<meta name=\"twitter:label2\" content=\"Estimated reading time\" \/>\n\t<meta name=\"twitter:data2\" content=\"2 minutes\" \/>\n<script type=\"application\/ld+json\" class=\"yoast-schema-graph\">{\"@context\":\"https:\/\/schema.org\",\"@graph\":[{\"@type\":\"Article\",\"@id\":\"https:\/\/www.eslebedasauto.at\/ein-schoener-kasten-der-neue-hyundai-santa-fee\/#article\",\"isPartOf\":{\"@id\":\"https:\/\/www.eslebedasauto.at\/ein-schoener-kasten-der-neue-hyundai-santa-fee\/\"},\"author\":{\"name\":\"Juergen\",\"@id\":\"https:\/\/www.eslebedasauto.at\/#\/schema\/person\/4ecfb7fe1eb40654e5370227118c3fc2\"},\"headline\":\"Ein sch\u00f6ner Kasten &#8211; der neue Hyundai Santa Fee\",\"datePublished\":\"2023-07-18T05:28:09+00:00\",\"dateModified\":\"2023-07-18T05:28:10+00:00\",\"mainEntityOfPage\":{\"@id\":\"https:\/\/www.eslebedasauto.at\/ein-schoener-kasten-der-neue-hyundai-santa-fee\/\"},\"wordCount\":168,\"commentCount\":0,\"publisher\":{\"@id\":\"https:\/\/www.eslebedasauto.at\/#organization\"},\"image\":{\"@id\":\"https:\/\/www.eslebedasauto.at\/ein-schoener-kasten-der-neue-hyundai-santa-fee\/#primaryimage\"},\"thumbnailUrl\":\"https:\/\/www.eslebedasauto.at\/wp-content\/uploads\/2023\/07\/4-the-all-new-santa-fe_04-scaled.jpg\",\"articleSection\":[\"Shortmotornews\"],\"inLanguage\":\"en-GB\",\"potentialAction\":[{\"@type\":\"CommentAction\",\"name\":\"Comment\",\"target\":[\"https:\/\/www.eslebedasauto.at\/ein-schoener-kasten-der-neue-hyundai-santa-fee\/#respond\"]}]},{\"@type\":\"WebPage\",\"@id\":\"https:\/\/www.eslebedasauto.at\/ein-schoener-kasten-der-neue-hyundai-santa-fee\/\",\"url\":\"https:\/\/www.eslebedasauto.at\/ein-schoener-kasten-der-neue-hyundai-santa-fee\/\",\"name\":\"Ein sch\u00f6ner Kasten - der neue Hyundai Santa Fee - Es lebe das Auto\",\"isPartOf\":{\"@id\":\"https:\/\/www.eslebedasauto.at\/#website\"},\"primaryImageOfPage\":{\"@id\":\"https:\/\/www.eslebedasauto.at\/ein-schoener-kasten-der-neue-hyundai-santa-fee\/#primaryimage\"},\"image\":{\"@id\":\"https:\/\/www.eslebedasauto.at\/ein-schoener-kasten-der-neue-hyundai-santa-fee\/#primaryimage\"},\"thumbnailUrl\":\"https:\/\/www.eslebedasauto.at\/wp-content\/uploads\/2023\/07\/4-the-all-new-santa-fe_04-scaled.jpg\",\"datePublished\":\"2023-07-18T05:28:09+00:00\",\"dateModified\":\"2023-07-18T05:28:10+00:00\",\"breadcrumb\":{\"@id\":\"https:\/\/www.eslebedasauto.at\/ein-schoener-kasten-der-neue-hyundai-santa-fee\/#breadcrumb\"},\"inLanguage\":\"en-GB\",\"potentialAction\":[{\"@type\":\"ReadAction\",\"target\":[\"https:\/\/www.eslebedasauto.at\/ein-schoener-kasten-der-neue-hyundai-santa-fee\/\"]}]},{\"@type\":\"ImageObject\",\"inLanguage\":\"en-GB\",\"@id\":\"https:\/\/www.eslebedasauto.at\/ein-schoener-kasten-der-neue-hyundai-santa-fee\/#primaryimage\",\"url\":\"https:\/\/www.eslebedasauto.at\/wp-content\/uploads\/2023\/07\/4-the-all-new-santa-fe_04-scaled.jpg\",\"contentUrl\":\"https:\/\/www.eslebedasauto.at\/wp-content\/uploads\/2023\/07\/4-the-all-new-santa-fe_04-scaled.jpg\",\"width\":2560,\"height\":1280},{\"@type\":\"BreadcrumbList\",\"@id\":\"https:\/\/www.eslebedasauto.at\/ein-schoener-kasten-der-neue-hyundai-santa-fee\/#breadcrumb\",\"itemListElement\":[{\"@type\":\"ListItem\",\"position\":1,\"name\":\"Startseite\",\"item\":\"https:\/\/www.eslebedasauto.at\/\"},{\"@type\":\"ListItem\",\"position\":2,\"name\":\"Ein sch\u00f6ner Kasten &#8211; der neue Hyundai Santa Fee\"}]},{\"@type\":\"WebSite\",\"@id\":\"https:\/\/www.eslebedasauto.at\/#website\",\"url\":\"https:\/\/www.eslebedasauto.at\/\",\"name\":\"Es lebe das Auto\",\"description\":\"ein Hoch auf den Individualverkehr\",\"publisher\":{\"@id\":\"https:\/\/www.eslebedasauto.at\/#organization\"},\"potentialAction\":[{\"@type\":\"SearchAction\",\"target\":{\"@type\":\"EntryPoint\",\"urlTemplate\":\"https:\/\/www.eslebedasauto.at\/?s={search_term_string}\"},\"query-input\":{\"@type\":\"PropertyValueSpecification\",\"valueRequired\":true,\"valueName\":\"search_term_string\"}}],\"inLanguage\":\"en-GB\"},{\"@type\":\"Organization\",\"@id\":\"https:\/\/www.eslebedasauto.at\/#organization\",\"name\":\"eslebedasauto\",\"url\":\"https:\/\/www.eslebedasauto.at\/\",\"logo\":{\"@type\":\"ImageObject\",\"inLanguage\":\"en-GB\",\"@id\":\"https:\/\/www.eslebedasauto.at\/#\/schema\/logo\/image\/\",\"url\":\"https:\/\/www.eslebedasauto.at\/wp-content\/uploads\/2025\/10\/eldarund.png\",\"contentUrl\":\"https:\/\/www.eslebedasauto.at\/wp-content\/uploads\/2025\/10\/eldarund.png\",\"width\":1024,\"height\":1024,\"caption\":\"eslebedasauto\"},\"image\":{\"@id\":\"https:\/\/www.eslebedasauto.at\/#\/schema\/logo\/image\/\"},\"sameAs\":[\"https:\/\/www.facebook.com\/eslebedasauto.at\",\"https:\/\/www.instagram.com\/es_lebe_das_auto\/\"]},{\"@type\":\"Person\",\"@id\":\"https:\/\/www.eslebedasauto.at\/#\/schema\/person\/4ecfb7fe1eb40654e5370227118c3fc2\",\"name\":\"Juergen\",\"url\":\"https:\/\/www.eslebedasauto.at\/en\/author\/netzwerkkapitaene-og\/\"}]}<\/script>\n<!-- \/ Yoast SEO plugin. -->","yoast_head_json":{"title":"Ein sch\u00f6ner Kasten - der neue Hyundai Santa Fee - Es lebe das Auto","robots":{"index":"index","follow":"follow","max-snippet":"max-snippet:-1","max-image-preview":"max-image-preview:large","max-video-preview":"max-video-preview:-1"},"canonical":"https:\/\/www.eslebedasauto.at\/en\/ein-schoener-kasten-der-neue-hyundai-santa-fee\/","og_locale":"en_GB","og_type":"article","og_title":"Ein sch\u00f6ner Kasten - der neue Hyundai Santa Fee - Es lebe das Auto","og_description":"der neue Santa Fee im modernen Look!","og_url":"https:\/\/www.eslebedasauto.at\/en\/ein-schoener-kasten-der-neue-hyundai-santa-fee\/","og_site_name":"Es lebe das Auto","article_publisher":"https:\/\/www.facebook.com\/eslebedasauto.at","article_published_time":"2023-07-18T05:28:09+00:00","article_modified_time":"2023-07-18T05:28:10+00:00","og_image":[{"width":2560,"height":1280,"url":"https:\/\/www.eslebedasauto.at\/wp-content\/uploads\/2023\/07\/4-the-all-new-santa-fe_04-scaled.jpg","type":"image\/jpeg"}],"author":"Juergen","twitter_card":"summary_large_image","twitter_misc":{"Written by":"Juergen","Estimated reading time":"2 minutes"},"schema":{"@context":"https:\/\/schema.org","@graph":[{"@type":"Article","@id":"https:\/\/www.eslebedasauto.at\/ein-schoener-kasten-der-neue-hyundai-santa-fee\/#article","isPartOf":{"@id":"https:\/\/www.eslebedasauto.at\/ein-schoener-kasten-der-neue-hyundai-santa-fee\/"},"author":{"name":"Juergen","@id":"https:\/\/www.eslebedasauto.at\/#\/schema\/person\/4ecfb7fe1eb40654e5370227118c3fc2"},"headline":"Ein sch\u00f6ner Kasten &#8211; der neue Hyundai Santa Fee","datePublished":"2023-07-18T05:28:09+00:00","dateModified":"2023-07-18T05:28:10+00:00","mainEntityOfPage":{"@id":"https:\/\/www.eslebedasauto.at\/ein-schoener-kasten-der-neue-hyundai-santa-fee\/"},"wordCount":168,"commentCount":0,"publisher":{"@id":"https:\/\/www.eslebedasauto.at\/#organization"},"image":{"@id":"https:\/\/www.eslebedasauto.at\/ein-schoener-kasten-der-neue-hyundai-santa-fee\/#primaryimage"},"thumbnailUrl":"https:\/\/www.eslebedasauto.at\/wp-content\/uploads\/2023\/07\/4-the-all-new-santa-fe_04-scaled.jpg","articleSection":["Shortmotornews"],"inLanguage":"en-GB","potentialAction":[{"@type":"CommentAction","name":"Comment","target":["https:\/\/www.eslebedasauto.at\/ein-schoener-kasten-der-neue-hyundai-santa-fee\/#respond"]}]},{"@type":"WebPage","@id":"https:\/\/www.eslebedasauto.at\/ein-schoener-kasten-der-neue-hyundai-santa-fee\/","url":"https:\/\/www.eslebedasauto.at\/ein-schoener-kasten-der-neue-hyundai-santa-fee\/","name":"Ein sch\u00f6ner Kasten - der neue Hyundai Santa Fee - Es lebe das Auto","isPartOf":{"@id":"https:\/\/www.eslebedasauto.at\/#website"},"primaryImageOfPage":{"@id":"https:\/\/www.eslebedasauto.at\/ein-schoener-kasten-der-neue-hyundai-santa-fee\/#primaryimage"},"image":{"@id":"https:\/\/www.eslebedasauto.at\/ein-schoener-kasten-der-neue-hyundai-santa-fee\/#primaryimage"},"thumbnailUrl":"https:\/\/www.eslebedasauto.at\/wp-content\/uploads\/2023\/07\/4-the-all-new-santa-fe_04-scaled.jpg","datePublished":"2023-07-18T05:28:09+00:00","dateModified":"2023-07-18T05:28:10+00:00","breadcrumb":{"@id":"https:\/\/www.eslebedasauto.at\/ein-schoener-kasten-der-neue-hyundai-santa-fee\/#breadcrumb"},"inLanguage":"en-GB","potentialAction":[{"@type":"ReadAction","target":["https:\/\/www.eslebedasauto.at\/ein-schoener-kasten-der-neue-hyundai-santa-fee\/"]}]},{"@type":"ImageObject","inLanguage":"en-GB","@id":"https:\/\/www.eslebedasauto.at\/ein-schoener-kasten-der-neue-hyundai-santa-fee\/#primaryimage","url":"https:\/\/www.eslebedasauto.at\/wp-content\/uploads\/2023\/07\/4-the-all-new-santa-fe_04-scaled.jpg","contentUrl":"https:\/\/www.eslebedasauto.at\/wp-content\/uploads\/2023\/07\/4-the-all-new-santa-fe_04-scaled.jpg","width":2560,"height":1280},{"@type":"BreadcrumbList","@id":"https:\/\/www.eslebedasauto.at\/ein-schoener-kasten-der-neue-hyundai-santa-fee\/#breadcrumb","itemListElement":[{"@type":"ListItem","position":1,"name":"Startseite","item":"https:\/\/www.eslebedasauto.at\/"},{"@type":"ListItem","position":2,"name":"Ein sch\u00f6ner Kasten &#8211; der neue Hyundai Santa Fee"}]},{"@type":"WebSite","@id":"https:\/\/www.eslebedasauto.at\/#website","url":"https:\/\/www.eslebedasauto.at\/","name":"Es lebe das Auto","description":"ein Hoch auf den Individualverkehr","publisher":{"@id":"https:\/\/www.eslebedasauto.at\/#organization"},"potentialAction":[{"@type":"SearchAction","target":{"@type":"EntryPoint","urlTemplate":"https:\/\/www.eslebedasauto.at\/?s={search_term_string}"},"query-input":{"@type":"PropertyValueSpecification","valueRequired":true,"valueName":"search_term_string"}}],"inLanguage":"en-GB"},{"@type":"Organization","@id":"https:\/\/www.eslebedasauto.at\/#organization","name":"eslebedasauto","url":"https:\/\/www.eslebedasauto.at\/","logo":{"@type":"ImageObject","inLanguage":"en-GB","@id":"https:\/\/www.eslebedasauto.at\/#\/schema\/logo\/image\/","url":"https:\/\/www.eslebedasauto.at\/wp-content\/uploads\/2025\/10\/eldarund.png","contentUrl":"https:\/\/www.eslebedasauto.at\/wp-content\/uploads\/2025\/10\/eldarund.png","width":1024,"height":1024,"caption":"eslebedasauto"},"image":{"@id":"https:\/\/www.eslebedasauto.at\/#\/schema\/logo\/image\/"},"sameAs":["https:\/\/www.facebook.com\/eslebedasauto.at","https:\/\/www.instagram.com\/es_lebe_das_auto\/"]},{"@type":"Person","@id":"https:\/\/www.eslebedasauto.at\/#\/schema\/person\/4ecfb7fe1eb40654e5370227118c3fc2","name":"Juergen","url":"https:\/\/www.eslebedasauto.at\/en\/author\/netzwerkkapitaene-og\/"}]}},"_links":{"self":[{"href":"https:\/\/www.eslebedasauto.at\/en\/wp-json\/wp\/v2\/posts\/92892","targetHints":{"allow":["GET"]}}],"collection":[{"href":"https:\/\/www.eslebedasauto.at\/en\/wp-json\/wp\/v2\/posts"}],"about":[{"href":"https:\/\/www.eslebedasauto.at\/en\/wp-json\/wp\/v2\/types\/post"}],"author":[{"embeddable":true,"href":"https:\/\/www.eslebedasauto.at\/en\/wp-json\/wp\/v2\/users\/1"}],"replies":[{"embeddable":true,"href":"https:\/\/www.eslebedasauto.at\/en\/wp-json\/wp\/v2\/comments?post=92892"}],"version-history":[{"count":1,"href":"https:\/\/www.eslebedasauto.at\/en\/wp-json\/wp\/v2\/posts\/92892\/revisions"}],"predecessor-version":[{"id":92898,"href":"https:\/\/www.eslebedasauto.at\/en\/wp-json\/wp\/v2\/posts\/92892\/revisions\/92898"}],"wp:featuredmedia":[{"embeddable":true,"href":"https:\/\/www.eslebedasauto.at\/en\/wp-json\/wp\/v2\/media\/92895"}],"wp:attachment":[{"href":"https:\/\/www.eslebedasauto.at\/en\/wp-json\/wp\/v2\/media?parent=92892"}],"wp:term":[{"taxonomy":"category","embeddable":true,"href":"https:\/\/www.eslebedasauto.at\/en\/wp-json\/wp\/v2\/categories?post=92892"},{"taxonomy":"post_tag","embeddable":true,"href":"https:\/\/www.eslebedasauto.at\/en\/wp-json\/wp\/v2\/tags?post=92892"}],"curies":[{"name":"wp","href":"https:\/\/api.w.org\/{rel}","templated":true}]}}