{"id":92683,"date":"2023-07-06T14:20:16","date_gmt":"2023-07-06T12:20:16","guid":{"rendered":"https:\/\/www.eslebedasauto.at\/?p=92683"},"modified":"2023-07-06T14:28:55","modified_gmt":"2023-07-06T12:28:55","slug":"smart-1-vorstellung","status":"publish","type":"post","link":"https:\/\/www.eslebedasauto.at\/en\/smart-1-vorstellung\/","title":{"rendered":"Auffallend. Einladend. Smart #1."},"content":{"rendered":"<h2 id=\"die-brandneuen-modelle-des-smart1-konnten-wir-jetzt-bei-pappas-in-linz-begutachten\" class=\"wp-block-heading\">Die brandneuen Modelle des Smart#1 konnten wir jetzt bei Pappas in Linz  begutachten. <\/h2>\n\n\n\n<p>Die Atmosph\u00e4re ist elektrisch und mit einigen G\u00e4sten geladen, als wir uns dem beeindruckenden Smart#1 Pro sowie dem Highend-Modell, den Smart#1 Brabus  n\u00e4hern. Heute werden Bilder mehr als tausend Worte sagen, w\u00e4hrend wir in die Welt der revolution\u00e4ren Elektromobilit\u00e4t eintauchen. Soviel sei aber gesagt, der #1 ist anders, kein Smart wie man ihn kennt, aber nichts destotrotz mit einigen coolen Details gespickt.<\/p>\n\n\n\n<p>Der Smart#1 ist <strong>ab \u20ac 42.400 <\/strong>als Einstiegsmodell erh\u00e4ltlich, er verk\u00f6rpert die Zukunft der urbanen Fortbewegung, so Smart. Mit seinem voll elektrischen Antrieb setzt er neue Ma\u00dfst\u00e4be in Sachen Nachhaltigkeit und Effizienz. Aber trotzdem ist es der Smart#1 Brabus, der unsere Herzen h\u00f6her schlagen l\u00e4sst.<\/p>\n\n\n\n<figure class=\"wp-block-gallery has-nested-images columns-default is-cropped wp-block-gallery-1 is-layout-flex wp-block-gallery-is-layout-flex\">\n<figure class=\"wp-block-image size-large\"><img fetchpriority=\"high\" decoding=\"async\" width=\"1024\" height=\"768\" data-id=\"92686\" src=\"https:\/\/www.eslebedasauto.at\/wp-content\/uploads\/2023\/07\/IMG_4242-1024x768.jpg\" alt=\"\" class=\"wp-image-92686\" srcset=\"https:\/\/www.eslebedasauto.at\/wp-content\/uploads\/2023\/07\/IMG_4242-1024x768.jpg 1024w, https:\/\/www.eslebedasauto.at\/wp-content\/uploads\/2023\/07\/IMG_4242-300x225.jpg 300w, https:\/\/www.eslebedasauto.at\/wp-content\/uploads\/2023\/07\/IMG_4242-768x576.jpg 768w, https:\/\/www.eslebedasauto.at\/wp-content\/uploads\/2023\/07\/IMG_4242-1536x1152.jpg 1536w, https:\/\/www.eslebedasauto.at\/wp-content\/uploads\/2023\/07\/IMG_4242-2048x1536.jpg 2048w, https:\/\/www.eslebedasauto.at\/wp-content\/uploads\/2023\/07\/IMG_4242-800x600.jpg 800w, https:\/\/www.eslebedasauto.at\/wp-content\/uploads\/2023\/07\/IMG_4242-1160x870.jpg 1160w\" sizes=\"(max-width: 1024px) 100vw, 1024px\" \/><\/figure>\n\n\n\n<figure class=\"wp-block-image size-large\"><img decoding=\"async\" width=\"768\" height=\"1024\" data-id=\"92687\" src=\"https:\/\/www.eslebedasauto.at\/wp-content\/uploads\/2023\/07\/IMG_4243-768x1024.jpg\" alt=\"\" class=\"wp-image-92687\" srcset=\"https:\/\/www.eslebedasauto.at\/wp-content\/uploads\/2023\/07\/IMG_4243-768x1024.jpg 768w, https:\/\/www.eslebedasauto.at\/wp-content\/uploads\/2023\/07\/IMG_4243-225x300.jpg 225w, https:\/\/www.eslebedasauto.at\/wp-content\/uploads\/2023\/07\/IMG_4243-1152x1536.jpg 1152w, https:\/\/www.eslebedasauto.at\/wp-content\/uploads\/2023\/07\/IMG_4243-1536x2048.jpg 1536w, https:\/\/www.eslebedasauto.at\/wp-content\/uploads\/2023\/07\/IMG_4243-800x1067.jpg 800w, https:\/\/www.eslebedasauto.at\/wp-content\/uploads\/2023\/07\/IMG_4243-1160x1547.jpg 1160w, https:\/\/www.eslebedasauto.at\/wp-content\/uploads\/2023\/07\/IMG_4243-scaled.jpg 1920w\" sizes=\"(max-width: 768px) 100vw, 768px\" \/><\/figure>\n\n\n\n<figure class=\"wp-block-image size-large\"><img decoding=\"async\" width=\"768\" height=\"1024\" data-id=\"92692\" src=\"https:\/\/www.eslebedasauto.at\/wp-content\/uploads\/2023\/07\/IMG_4251-768x1024.jpg\" alt=\"\" class=\"wp-image-92692\" srcset=\"https:\/\/www.eslebedasauto.at\/wp-content\/uploads\/2023\/07\/IMG_4251-768x1024.jpg 768w, https:\/\/www.eslebedasauto.at\/wp-content\/uploads\/2023\/07\/IMG_4251-225x300.jpg 225w, https:\/\/www.eslebedasauto.at\/wp-content\/uploads\/2023\/07\/IMG_4251-1152x1536.jpg 1152w, https:\/\/www.eslebedasauto.at\/wp-content\/uploads\/2023\/07\/IMG_4251-1536x2048.jpg 1536w, https:\/\/www.eslebedasauto.at\/wp-content\/uploads\/2023\/07\/IMG_4251-800x1067.jpg 800w, https:\/\/www.eslebedasauto.at\/wp-content\/uploads\/2023\/07\/IMG_4251-1160x1547.jpg 1160w, https:\/\/www.eslebedasauto.at\/wp-content\/uploads\/2023\/07\/IMG_4251-scaled.jpg 1920w\" sizes=\"(max-width: 768px) 100vw, 768px\" \/><\/figure>\n\n\n\n<figure class=\"wp-block-image size-large\"><img loading=\"lazy\" decoding=\"async\" width=\"768\" height=\"1024\" data-id=\"92688\" src=\"https:\/\/www.eslebedasauto.at\/wp-content\/uploads\/2023\/07\/IMG_4245-768x1024.jpg\" alt=\"\" class=\"wp-image-92688\" srcset=\"https:\/\/www.eslebedasauto.at\/wp-content\/uploads\/2023\/07\/IMG_4245-768x1024.jpg 768w, https:\/\/www.eslebedasauto.at\/wp-content\/uploads\/2023\/07\/IMG_4245-225x300.jpg 225w, https:\/\/www.eslebedasauto.at\/wp-content\/uploads\/2023\/07\/IMG_4245-1152x1536.jpg 1152w, https:\/\/www.eslebedasauto.at\/wp-content\/uploads\/2023\/07\/IMG_4245-1536x2048.jpg 1536w, https:\/\/www.eslebedasauto.at\/wp-content\/uploads\/2023\/07\/IMG_4245-800x1067.jpg 800w, https:\/\/www.eslebedasauto.at\/wp-content\/uploads\/2023\/07\/IMG_4245-1160x1547.jpg 1160w, https:\/\/www.eslebedasauto.at\/wp-content\/uploads\/2023\/07\/IMG_4245-scaled.jpg 1920w\" sizes=\"(max-width: 768px) 100vw, 768px\" \/><\/figure>\n\n\n\n<figure class=\"wp-block-image size-large\"><img loading=\"lazy\" decoding=\"async\" width=\"768\" height=\"1024\" data-id=\"92707\" src=\"https:\/\/www.eslebedasauto.at\/wp-content\/uploads\/2023\/07\/IMG_4266-768x1024.jpg\" alt=\"\" class=\"wp-image-92707\" srcset=\"https:\/\/www.eslebedasauto.at\/wp-content\/uploads\/2023\/07\/IMG_4266-768x1024.jpg 768w, https:\/\/www.eslebedasauto.at\/wp-content\/uploads\/2023\/07\/IMG_4266-225x300.jpg 225w, https:\/\/www.eslebedasauto.at\/wp-content\/uploads\/2023\/07\/IMG_4266-1152x1536.jpg 1152w, https:\/\/www.eslebedasauto.at\/wp-content\/uploads\/2023\/07\/IMG_4266-1536x2048.jpg 1536w, https:\/\/www.eslebedasauto.at\/wp-content\/uploads\/2023\/07\/IMG_4266-800x1067.jpg 800w, https:\/\/www.eslebedasauto.at\/wp-content\/uploads\/2023\/07\/IMG_4266-1160x1547.jpg 1160w, https:\/\/www.eslebedasauto.at\/wp-content\/uploads\/2023\/07\/IMG_4266-scaled.jpg 1920w\" sizes=\"(max-width: 768px) 100vw, 768px\" \/><\/figure>\n\n\n\n<figure class=\"wp-block-image size-large\"><img loading=\"lazy\" decoding=\"async\" width=\"768\" height=\"1024\" data-id=\"92689\" src=\"https:\/\/www.eslebedasauto.at\/wp-content\/uploads\/2023\/07\/IMG_4248-768x1024.jpg\" alt=\"\" class=\"wp-image-92689\" srcset=\"https:\/\/www.eslebedasauto.at\/wp-content\/uploads\/2023\/07\/IMG_4248-768x1024.jpg 768w, https:\/\/www.eslebedasauto.at\/wp-content\/uploads\/2023\/07\/IMG_4248-225x300.jpg 225w, https:\/\/www.eslebedasauto.at\/wp-content\/uploads\/2023\/07\/IMG_4248-1152x1536.jpg 1152w, https:\/\/www.eslebedasauto.at\/wp-content\/uploads\/2023\/07\/IMG_4248-1536x2048.jpg 1536w, https:\/\/www.eslebedasauto.at\/wp-content\/uploads\/2023\/07\/IMG_4248-800x1067.jpg 800w, https:\/\/www.eslebedasauto.at\/wp-content\/uploads\/2023\/07\/IMG_4248-1160x1547.jpg 1160w, https:\/\/www.eslebedasauto.at\/wp-content\/uploads\/2023\/07\/IMG_4248-scaled.jpg 1920w\" sizes=\"(max-width: 768px) 100vw, 768px\" \/><\/figure>\n\n\n\n<figure class=\"wp-block-image size-large\"><img loading=\"lazy\" decoding=\"async\" width=\"768\" height=\"1024\" data-id=\"92690\" src=\"https:\/\/www.eslebedasauto.at\/wp-content\/uploads\/2023\/07\/IMG_4249-768x1024.jpg\" alt=\"\" class=\"wp-image-92690\" srcset=\"https:\/\/www.eslebedasauto.at\/wp-content\/uploads\/2023\/07\/IMG_4249-768x1024.jpg 768w, https:\/\/www.eslebedasauto.at\/wp-content\/uploads\/2023\/07\/IMG_4249-225x300.jpg 225w, https:\/\/www.eslebedasauto.at\/wp-content\/uploads\/2023\/07\/IMG_4249-1152x1536.jpg 1152w, https:\/\/www.eslebedasauto.at\/wp-content\/uploads\/2023\/07\/IMG_4249-1536x2048.jpg 1536w, https:\/\/www.eslebedasauto.at\/wp-content\/uploads\/2023\/07\/IMG_4249-800x1067.jpg 800w, https:\/\/www.eslebedasauto.at\/wp-content\/uploads\/2023\/07\/IMG_4249-1160x1547.jpg 1160w, https:\/\/www.eslebedasauto.at\/wp-content\/uploads\/2023\/07\/IMG_4249-scaled.jpg 1920w\" sizes=\"(max-width: 768px) 100vw, 768px\" \/><\/figure>\n\n\n\n<figure class=\"wp-block-image size-large\"><img loading=\"lazy\" decoding=\"async\" width=\"768\" height=\"1024\" data-id=\"92691\" src=\"https:\/\/www.eslebedasauto.at\/wp-content\/uploads\/2023\/07\/IMG_4250-768x1024.jpg\" alt=\"\" class=\"wp-image-92691\" srcset=\"https:\/\/www.eslebedasauto.at\/wp-content\/uploads\/2023\/07\/IMG_4250-768x1024.jpg 768w, https:\/\/www.eslebedasauto.at\/wp-content\/uploads\/2023\/07\/IMG_4250-225x300.jpg 225w, https:\/\/www.eslebedasauto.at\/wp-content\/uploads\/2023\/07\/IMG_4250-1152x1536.jpg 1152w, https:\/\/www.eslebedasauto.at\/wp-content\/uploads\/2023\/07\/IMG_4250-1536x2048.jpg 1536w, https:\/\/www.eslebedasauto.at\/wp-content\/uploads\/2023\/07\/IMG_4250-800x1067.jpg 800w, https:\/\/www.eslebedasauto.at\/wp-content\/uploads\/2023\/07\/IMG_4250-1160x1547.jpg 1160w, https:\/\/www.eslebedasauto.at\/wp-content\/uploads\/2023\/07\/IMG_4250-scaled.jpg 1920w\" sizes=\"(max-width: 768px) 100vw, 768px\" \/><\/figure>\n\n\n\n<figure class=\"wp-block-image size-large\"><img loading=\"lazy\" decoding=\"async\" width=\"768\" height=\"1024\" data-id=\"92693\" src=\"https:\/\/www.eslebedasauto.at\/wp-content\/uploads\/2023\/07\/IMG_4252-768x1024.jpg\" alt=\"\" class=\"wp-image-92693\" srcset=\"https:\/\/www.eslebedasauto.at\/wp-content\/uploads\/2023\/07\/IMG_4252-768x1024.jpg 768w, https:\/\/www.eslebedasauto.at\/wp-content\/uploads\/2023\/07\/IMG_4252-225x300.jpg 225w, https:\/\/www.eslebedasauto.at\/wp-content\/uploads\/2023\/07\/IMG_4252-1152x1536.jpg 1152w, https:\/\/www.eslebedasauto.at\/wp-content\/uploads\/2023\/07\/IMG_4252-1536x2048.jpg 1536w, https:\/\/www.eslebedasauto.at\/wp-content\/uploads\/2023\/07\/IMG_4252-800x1067.jpg 800w, https:\/\/www.eslebedasauto.at\/wp-content\/uploads\/2023\/07\/IMG_4252-1160x1547.jpg 1160w, https:\/\/www.eslebedasauto.at\/wp-content\/uploads\/2023\/07\/IMG_4252-scaled.jpg 1920w\" sizes=\"(max-width: 768px) 100vw, 768px\" \/><\/figure>\n\n\n\n<figure class=\"wp-block-image size-large\"><img loading=\"lazy\" decoding=\"async\" width=\"768\" height=\"1024\" data-id=\"92710\" src=\"https:\/\/www.eslebedasauto.at\/wp-content\/uploads\/2023\/07\/IMG_4269-768x1024.jpg\" alt=\"\" class=\"wp-image-92710\" srcset=\"https:\/\/www.eslebedasauto.at\/wp-content\/uploads\/2023\/07\/IMG_4269-768x1024.jpg 768w, https:\/\/www.eslebedasauto.at\/wp-content\/uploads\/2023\/07\/IMG_4269-225x300.jpg 225w, https:\/\/www.eslebedasauto.at\/wp-content\/uploads\/2023\/07\/IMG_4269-1152x1536.jpg 1152w, https:\/\/www.eslebedasauto.at\/wp-content\/uploads\/2023\/07\/IMG_4269-1536x2048.jpg 1536w, https:\/\/www.eslebedasauto.at\/wp-content\/uploads\/2023\/07\/IMG_4269-800x1067.jpg 800w, https:\/\/www.eslebedasauto.at\/wp-content\/uploads\/2023\/07\/IMG_4269-1160x1547.jpg 1160w, https:\/\/www.eslebedasauto.at\/wp-content\/uploads\/2023\/07\/IMG_4269-scaled.jpg 1920w\" sizes=\"(max-width: 768px) 100vw, 768px\" \/><\/figure>\n\n\n\n<figure class=\"wp-block-image size-large\"><img loading=\"lazy\" decoding=\"async\" width=\"768\" height=\"1024\" data-id=\"92711\" src=\"https:\/\/www.eslebedasauto.at\/wp-content\/uploads\/2023\/07\/IMG_4271-768x1024.jpg\" alt=\"\" class=\"wp-image-92711\" srcset=\"https:\/\/www.eslebedasauto.at\/wp-content\/uploads\/2023\/07\/IMG_4271-768x1024.jpg 768w, https:\/\/www.eslebedasauto.at\/wp-content\/uploads\/2023\/07\/IMG_4271-225x300.jpg 225w, https:\/\/www.eslebedasauto.at\/wp-content\/uploads\/2023\/07\/IMG_4271-1152x1536.jpg 1152w, https:\/\/www.eslebedasauto.at\/wp-content\/uploads\/2023\/07\/IMG_4271-1536x2048.jpg 1536w, https:\/\/www.eslebedasauto.at\/wp-content\/uploads\/2023\/07\/IMG_4271-800x1067.jpg 800w, https:\/\/www.eslebedasauto.at\/wp-content\/uploads\/2023\/07\/IMG_4271-1160x1547.jpg 1160w, https:\/\/www.eslebedasauto.at\/wp-content\/uploads\/2023\/07\/IMG_4271-scaled.jpg 1920w\" sizes=\"(max-width: 768px) 100vw, 768px\" \/><\/figure>\n\n\n\n<figure class=\"wp-block-image size-large\"><img loading=\"lazy\" decoding=\"async\" width=\"768\" height=\"1024\" data-id=\"92694\" src=\"https:\/\/www.eslebedasauto.at\/wp-content\/uploads\/2023\/07\/IMG_4254-768x1024.jpg\" alt=\"\" class=\"wp-image-92694\" srcset=\"https:\/\/www.eslebedasauto.at\/wp-content\/uploads\/2023\/07\/IMG_4254-768x1024.jpg 768w, https:\/\/www.eslebedasauto.at\/wp-content\/uploads\/2023\/07\/IMG_4254-225x300.jpg 225w, https:\/\/www.eslebedasauto.at\/wp-content\/uploads\/2023\/07\/IMG_4254-1152x1536.jpg 1152w, https:\/\/www.eslebedasauto.at\/wp-content\/uploads\/2023\/07\/IMG_4254-1536x2048.jpg 1536w, https:\/\/www.eslebedasauto.at\/wp-content\/uploads\/2023\/07\/IMG_4254-800x1067.jpg 800w, https:\/\/www.eslebedasauto.at\/wp-content\/uploads\/2023\/07\/IMG_4254-1160x1547.jpg 1160w, https:\/\/www.eslebedasauto.at\/wp-content\/uploads\/2023\/07\/IMG_4254-scaled.jpg 1920w\" sizes=\"(max-width: 768px) 100vw, 768px\" \/><\/figure>\n\n\n\n<figure class=\"wp-block-image size-large\"><img loading=\"lazy\" decoding=\"async\" width=\"768\" height=\"1024\" data-id=\"92696\" src=\"https:\/\/www.eslebedasauto.at\/wp-content\/uploads\/2023\/07\/IMG_4255-768x1024.jpg\" alt=\"\" class=\"wp-image-92696\" srcset=\"https:\/\/www.eslebedasauto.at\/wp-content\/uploads\/2023\/07\/IMG_4255-768x1024.jpg 768w, https:\/\/www.eslebedasauto.at\/wp-content\/uploads\/2023\/07\/IMG_4255-225x300.jpg 225w, https:\/\/www.eslebedasauto.at\/wp-content\/uploads\/2023\/07\/IMG_4255-1152x1536.jpg 1152w, https:\/\/www.eslebedasauto.at\/wp-content\/uploads\/2023\/07\/IMG_4255-1536x2048.jpg 1536w, https:\/\/www.eslebedasauto.at\/wp-content\/uploads\/2023\/07\/IMG_4255-800x1067.jpg 800w, https:\/\/www.eslebedasauto.at\/wp-content\/uploads\/2023\/07\/IMG_4255-1160x1547.jpg 1160w, https:\/\/www.eslebedasauto.at\/wp-content\/uploads\/2023\/07\/IMG_4255-scaled.jpg 1920w\" sizes=\"(max-width: 768px) 100vw, 768px\" \/><\/figure>\n\n\n\n<figure class=\"wp-block-image size-large\"><img loading=\"lazy\" decoding=\"async\" width=\"768\" height=\"1024\" data-id=\"92700\" src=\"https:\/\/www.eslebedasauto.at\/wp-content\/uploads\/2023\/07\/IMG_4259-768x1024.jpg\" alt=\"\" class=\"wp-image-92700\" srcset=\"https:\/\/www.eslebedasauto.at\/wp-content\/uploads\/2023\/07\/IMG_4259-768x1024.jpg 768w, https:\/\/www.eslebedasauto.at\/wp-content\/uploads\/2023\/07\/IMG_4259-225x300.jpg 225w, https:\/\/www.eslebedasauto.at\/wp-content\/uploads\/2023\/07\/IMG_4259-1152x1536.jpg 1152w, https:\/\/www.eslebedasauto.at\/wp-content\/uploads\/2023\/07\/IMG_4259-1536x2048.jpg 1536w, https:\/\/www.eslebedasauto.at\/wp-content\/uploads\/2023\/07\/IMG_4259-800x1067.jpg 800w, https:\/\/www.eslebedasauto.at\/wp-content\/uploads\/2023\/07\/IMG_4259-1160x1547.jpg 1160w, https:\/\/www.eslebedasauto.at\/wp-content\/uploads\/2023\/07\/IMG_4259-scaled.jpg 1920w\" sizes=\"(max-width: 768px) 100vw, 768px\" \/><\/figure>\n\n\n\n<figure class=\"wp-block-image size-large\"><img loading=\"lazy\" decoding=\"async\" width=\"1024\" height=\"768\" data-id=\"92701\" src=\"https:\/\/www.eslebedasauto.at\/wp-content\/uploads\/2023\/07\/IMG_4260-1024x768.jpg\" alt=\"\" class=\"wp-image-92701\" srcset=\"https:\/\/www.eslebedasauto.at\/wp-content\/uploads\/2023\/07\/IMG_4260-1024x768.jpg 1024w, https:\/\/www.eslebedasauto.at\/wp-content\/uploads\/2023\/07\/IMG_4260-300x225.jpg 300w, https:\/\/www.eslebedasauto.at\/wp-content\/uploads\/2023\/07\/IMG_4260-768x576.jpg 768w, https:\/\/www.eslebedasauto.at\/wp-content\/uploads\/2023\/07\/IMG_4260-1536x1152.jpg 1536w, https:\/\/www.eslebedasauto.at\/wp-content\/uploads\/2023\/07\/IMG_4260-2048x1536.jpg 2048w, https:\/\/www.eslebedasauto.at\/wp-content\/uploads\/2023\/07\/IMG_4260-800x600.jpg 800w, https:\/\/www.eslebedasauto.at\/wp-content\/uploads\/2023\/07\/IMG_4260-1160x870.jpg 1160w\" sizes=\"(max-width: 1024px) 100vw, 1024px\" \/><\/figure>\n\n\n\n<figure class=\"wp-block-image size-large\"><img loading=\"lazy\" decoding=\"async\" width=\"768\" height=\"1024\" data-id=\"92702\" src=\"https:\/\/www.eslebedasauto.at\/wp-content\/uploads\/2023\/07\/IMG_4262-768x1024.jpg\" alt=\"\" class=\"wp-image-92702\" srcset=\"https:\/\/www.eslebedasauto.at\/wp-content\/uploads\/2023\/07\/IMG_4262-768x1024.jpg 768w, https:\/\/www.eslebedasauto.at\/wp-content\/uploads\/2023\/07\/IMG_4262-225x300.jpg 225w, https:\/\/www.eslebedasauto.at\/wp-content\/uploads\/2023\/07\/IMG_4262-1152x1536.jpg 1152w, https:\/\/www.eslebedasauto.at\/wp-content\/uploads\/2023\/07\/IMG_4262-1536x2048.jpg 1536w, https:\/\/www.eslebedasauto.at\/wp-content\/uploads\/2023\/07\/IMG_4262-800x1067.jpg 800w, https:\/\/www.eslebedasauto.at\/wp-content\/uploads\/2023\/07\/IMG_4262-1160x1547.jpg 1160w, https:\/\/www.eslebedasauto.at\/wp-content\/uploads\/2023\/07\/IMG_4262-scaled.jpg 1920w\" sizes=\"(max-width: 768px) 100vw, 768px\" \/><\/figure>\n\n\n\n<figure class=\"wp-block-image size-large\"><img loading=\"lazy\" decoding=\"async\" width=\"1024\" height=\"768\" data-id=\"92703\" src=\"https:\/\/www.eslebedasauto.at\/wp-content\/uploads\/2023\/07\/IMG_4263-1024x768.jpg\" alt=\"\" class=\"wp-image-92703\" srcset=\"https:\/\/www.eslebedasauto.at\/wp-content\/uploads\/2023\/07\/IMG_4263-1024x768.jpg 1024w, https:\/\/www.eslebedasauto.at\/wp-content\/uploads\/2023\/07\/IMG_4263-300x225.jpg 300w, https:\/\/www.eslebedasauto.at\/wp-content\/uploads\/2023\/07\/IMG_4263-768x576.jpg 768w, https:\/\/www.eslebedasauto.at\/wp-content\/uploads\/2023\/07\/IMG_4263-1536x1152.jpg 1536w, https:\/\/www.eslebedasauto.at\/wp-content\/uploads\/2023\/07\/IMG_4263-2048x1536.jpg 2048w, https:\/\/www.eslebedasauto.at\/wp-content\/uploads\/2023\/07\/IMG_4263-800x600.jpg 800w, https:\/\/www.eslebedasauto.at\/wp-content\/uploads\/2023\/07\/IMG_4263-1160x870.jpg 1160w\" sizes=\"(max-width: 1024px) 100vw, 1024px\" \/><\/figure>\n\n\n\n<figure class=\"wp-block-image size-large\"><img loading=\"lazy\" decoding=\"async\" width=\"768\" height=\"1024\" data-id=\"92704\" src=\"https:\/\/www.eslebedasauto.at\/wp-content\/uploads\/2023\/07\/IMG_4264-768x1024.jpg\" alt=\"\" class=\"wp-image-92704\" srcset=\"https:\/\/www.eslebedasauto.at\/wp-content\/uploads\/2023\/07\/IMG_4264-768x1024.jpg 768w, https:\/\/www.eslebedasauto.at\/wp-content\/uploads\/2023\/07\/IMG_4264-225x300.jpg 225w, https:\/\/www.eslebedasauto.at\/wp-content\/uploads\/2023\/07\/IMG_4264-1152x1536.jpg 1152w, https:\/\/www.eslebedasauto.at\/wp-content\/uploads\/2023\/07\/IMG_4264-1536x2048.jpg 1536w, https:\/\/www.eslebedasauto.at\/wp-content\/uploads\/2023\/07\/IMG_4264-800x1067.jpg 800w, https:\/\/www.eslebedasauto.at\/wp-content\/uploads\/2023\/07\/IMG_4264-1160x1547.jpg 1160w, https:\/\/www.eslebedasauto.at\/wp-content\/uploads\/2023\/07\/IMG_4264-scaled.jpg 1920w\" sizes=\"(max-width: 768px) 100vw, 768px\" \/><\/figure>\n\n\n\n<figure class=\"wp-block-image size-large\"><img loading=\"lazy\" decoding=\"async\" width=\"768\" height=\"1024\" data-id=\"92706\" src=\"https:\/\/www.eslebedasauto.at\/wp-content\/uploads\/2023\/07\/IMG_4265-768x1024.jpg\" alt=\"\" class=\"wp-image-92706\" srcset=\"https:\/\/www.eslebedasauto.at\/wp-content\/uploads\/2023\/07\/IMG_4265-768x1024.jpg 768w, https:\/\/www.eslebedasauto.at\/wp-content\/uploads\/2023\/07\/IMG_4265-225x300.jpg 225w, https:\/\/www.eslebedasauto.at\/wp-content\/uploads\/2023\/07\/IMG_4265-1152x1536.jpg 1152w, https:\/\/www.eslebedasauto.at\/wp-content\/uploads\/2023\/07\/IMG_4265-1536x2048.jpg 1536w, https:\/\/www.eslebedasauto.at\/wp-content\/uploads\/2023\/07\/IMG_4265-800x1067.jpg 800w, https:\/\/www.eslebedasauto.at\/wp-content\/uploads\/2023\/07\/IMG_4265-1160x1547.jpg 1160w, https:\/\/www.eslebedasauto.at\/wp-content\/uploads\/2023\/07\/IMG_4265-scaled.jpg 1920w\" sizes=\"(max-width: 768px) 100vw, 768px\" \/><\/figure>\n\n\n\n<figure class=\"wp-block-image size-large\"><img loading=\"lazy\" decoding=\"async\" width=\"768\" height=\"1024\" data-id=\"92697\" src=\"https:\/\/www.eslebedasauto.at\/wp-content\/uploads\/2023\/07\/IMG_4256-768x1024.jpg\" alt=\"\" class=\"wp-image-92697\" srcset=\"https:\/\/www.eslebedasauto.at\/wp-content\/uploads\/2023\/07\/IMG_4256-768x1024.jpg 768w, https:\/\/www.eslebedasauto.at\/wp-content\/uploads\/2023\/07\/IMG_4256-225x300.jpg 225w, https:\/\/www.eslebedasauto.at\/wp-content\/uploads\/2023\/07\/IMG_4256-1152x1536.jpg 1152w, https:\/\/www.eslebedasauto.at\/wp-content\/uploads\/2023\/07\/IMG_4256-1536x2048.jpg 1536w, https:\/\/www.eslebedasauto.at\/wp-content\/uploads\/2023\/07\/IMG_4256-800x1067.jpg 800w, https:\/\/www.eslebedasauto.at\/wp-content\/uploads\/2023\/07\/IMG_4256-1160x1547.jpg 1160w, https:\/\/www.eslebedasauto.at\/wp-content\/uploads\/2023\/07\/IMG_4256-scaled.jpg 1920w\" sizes=\"(max-width: 768px) 100vw, 768px\" \/><\/figure>\n\n\n\n<figure class=\"wp-block-image size-large\"><img loading=\"lazy\" decoding=\"async\" width=\"768\" height=\"1024\" data-id=\"92698\" src=\"https:\/\/www.eslebedasauto.at\/wp-content\/uploads\/2023\/07\/IMG_4257-768x1024.jpg\" alt=\"\" class=\"wp-image-92698\" srcset=\"https:\/\/www.eslebedasauto.at\/wp-content\/uploads\/2023\/07\/IMG_4257-768x1024.jpg 768w, https:\/\/www.eslebedasauto.at\/wp-content\/uploads\/2023\/07\/IMG_4257-225x300.jpg 225w, https:\/\/www.eslebedasauto.at\/wp-content\/uploads\/2023\/07\/IMG_4257-1152x1536.jpg 1152w, https:\/\/www.eslebedasauto.at\/wp-content\/uploads\/2023\/07\/IMG_4257-1536x2048.jpg 1536w, https:\/\/www.eslebedasauto.at\/wp-content\/uploads\/2023\/07\/IMG_4257-800x1067.jpg 800w, https:\/\/www.eslebedasauto.at\/wp-content\/uploads\/2023\/07\/IMG_4257-1160x1547.jpg 1160w, https:\/\/www.eslebedasauto.at\/wp-content\/uploads\/2023\/07\/IMG_4257-scaled.jpg 1920w\" sizes=\"(max-width: 768px) 100vw, 768px\" \/><\/figure>\n\n\n\n<figure class=\"wp-block-image size-large\"><img loading=\"lazy\" decoding=\"async\" width=\"768\" height=\"1024\" data-id=\"92699\" src=\"https:\/\/www.eslebedasauto.at\/wp-content\/uploads\/2023\/07\/IMG_4258-768x1024.jpg\" alt=\"\" class=\"wp-image-92699\" srcset=\"https:\/\/www.eslebedasauto.at\/wp-content\/uploads\/2023\/07\/IMG_4258-768x1024.jpg 768w, https:\/\/www.eslebedasauto.at\/wp-content\/uploads\/2023\/07\/IMG_4258-225x300.jpg 225w, https:\/\/www.eslebedasauto.at\/wp-content\/uploads\/2023\/07\/IMG_4258-1152x1536.jpg 1152w, https:\/\/www.eslebedasauto.at\/wp-content\/uploads\/2023\/07\/IMG_4258-1536x2048.jpg 1536w, https:\/\/www.eslebedasauto.at\/wp-content\/uploads\/2023\/07\/IMG_4258-800x1067.jpg 800w, https:\/\/www.eslebedasauto.at\/wp-content\/uploads\/2023\/07\/IMG_4258-1160x1547.jpg 1160w, https:\/\/www.eslebedasauto.at\/wp-content\/uploads\/2023\/07\/IMG_4258-scaled.jpg 1920w\" sizes=\"(max-width: 768px) 100vw, 768px\" \/><\/figure>\n\n\n\n<figure class=\"wp-block-image size-large\"><img loading=\"lazy\" decoding=\"async\" width=\"768\" height=\"1024\" data-id=\"92708\" src=\"https:\/\/www.eslebedasauto.at\/wp-content\/uploads\/2023\/07\/IMG_4267-768x1024.jpg\" alt=\"\" class=\"wp-image-92708\" srcset=\"https:\/\/www.eslebedasauto.at\/wp-content\/uploads\/2023\/07\/IMG_4267-768x1024.jpg 768w, https:\/\/www.eslebedasauto.at\/wp-content\/uploads\/2023\/07\/IMG_4267-225x300.jpg 225w, https:\/\/www.eslebedasauto.at\/wp-content\/uploads\/2023\/07\/IMG_4267-1152x1536.jpg 1152w, https:\/\/www.eslebedasauto.at\/wp-content\/uploads\/2023\/07\/IMG_4267-1536x2048.jpg 1536w, https:\/\/www.eslebedasauto.at\/wp-content\/uploads\/2023\/07\/IMG_4267-800x1067.jpg 800w, https:\/\/www.eslebedasauto.at\/wp-content\/uploads\/2023\/07\/IMG_4267-1160x1547.jpg 1160w, https:\/\/www.eslebedasauto.at\/wp-content\/uploads\/2023\/07\/IMG_4267-scaled.jpg 1920w\" sizes=\"(max-width: 768px) 100vw, 768px\" \/><\/figure>\n\n\n\n<figure class=\"wp-block-image size-large\"><img loading=\"lazy\" decoding=\"async\" width=\"1024\" height=\"768\" data-id=\"92709\" src=\"https:\/\/www.eslebedasauto.at\/wp-content\/uploads\/2023\/07\/IMG_4268-1024x768.jpg\" alt=\"\" class=\"wp-image-92709\" srcset=\"https:\/\/www.eslebedasauto.at\/wp-content\/uploads\/2023\/07\/IMG_4268-1024x768.jpg 1024w, https:\/\/www.eslebedasauto.at\/wp-content\/uploads\/2023\/07\/IMG_4268-300x225.jpg 300w, https:\/\/www.eslebedasauto.at\/wp-content\/uploads\/2023\/07\/IMG_4268-768x576.jpg 768w, https:\/\/www.eslebedasauto.at\/wp-content\/uploads\/2023\/07\/IMG_4268-1536x1152.jpg 1536w, https:\/\/www.eslebedasauto.at\/wp-content\/uploads\/2023\/07\/IMG_4268-2048x1536.jpg 2048w, https:\/\/www.eslebedasauto.at\/wp-content\/uploads\/2023\/07\/IMG_4268-800x600.jpg 800w, https:\/\/www.eslebedasauto.at\/wp-content\/uploads\/2023\/07\/IMG_4268-1160x870.jpg 1160w\" sizes=\"(max-width: 1024px) 100vw, 1024px\" \/><\/figure>\n<\/figure>\n\n\n\n<p><strong>Mit einem Preis ab \u20ac 49.900 ist der Smart#1 Brabus das Nonplusultra der Smart-Familie. <\/strong>Sein Allradantrieb und die enorme Leistung von 420 PS katapultieren ihn in eine andere Liga. In atemberaubenden 3,5 Sekunden beschleunigt er auf 100 km\/h und bringt uns so mit Superdupperlichtgeschwindigkeit zum Staunen. <\/p>\n\n\n\n<h3 id=\"hola-die-waldfee-was-fur-ein-ritt\" class=\"wp-block-heading\">Hola die Waldfee, was f\u00fcr ein Ritt!<\/h3>\n\n\n\n<p>Auff\u00e4llig ist das wirklich sch\u00f6n designte gro\u00dfe Display in der Mitte des Armaturenbretts.  Endlich hat sich da mal wer was Anderes getraut als der Rest der Welt. So ein Design lieben wir, vor allem den animierten Fuchs im Display. Mit weiteren Gimmicks wie, kleinen Smarts am Rand der Frontscheiben und Seitenscheiben, wie in den Jeep Modellen, gek\u00fchlten versteckten Ablagefl\u00e4chen zwischen Fahrer und Beifahrer, sch\u00f6ne Stauf\u00e4cher und ein wirklich ger\u00e4umiger Fahrgastraum. Die R\u00fccksitzbank l\u00e4sst sich verschieben, so kann der Kofferraum nochmals vergr\u00f6\u00dfert werden.<\/p>\n\n\n\n<p>Das Design des Smart#1 ist ein Fest f\u00fcr die Sinne. Die scharfen Linien und die aerodynamische Form verleihen ihm eine kraftvolle Pr\u00e4senz auf der Stra\u00dfe. Die luxuri\u00f6se Innenausstattung bietet h\u00f6chsten Komfort und modernste Technologie, die das Fahrerlebnis auf ein neues Level hebt. Im Smart#1 f\u00fchlt man sich wohl.<\/p>\n\n\n\n<p>Mit diesem Modell stellt Smart seine Innovationskraft unter Beweis und setzt neue Ma\u00dfst\u00e4be in der Elektromobilit\u00e4t. <strong>Wir k\u00f6nnen es kaum erwarten, diesen atemberaubenden Ritt auf der Stra\u00dfe zu erleben<\/strong>. Ach ja, es geht auch um Reichweite. Hier gibt Smart einen WLTP Wert von bis zu 420km an. Sehr ok f\u00fcr den neuen Gro\u00dfen, quer Einparken wie im originalen Smart ist aber daf\u00fcr leider nicht mehr m\u00f6glich!<\/p>\n\n\n\n<p>Ab sofort sind die Smarten zu bestellen, hier die \u00dcbersicht:<\/p>\n\n\n\n<p>Modellarten: <a href=\"https:\/\/at.smart.com\/de\/\" target=\"_blank\" rel=\"noreferrer noopener\">https:\/\/at.smart.com\/de\/<\/a><\/p>\n\n\n\n<p><\/p>\n\n\n\n<p><\/p>","protected":false},"excerpt":{"rendered":"<p>Schluss mit Kleinsein! Der neue Smart #1 ist zu einem vollwertigen Auto gereift. Und stark ist er bei Bedarf noch dazu.<\/p>","protected":false},"author":1,"featured_media":92687,"comment_status":"open","ping_status":"open","sticky":false,"template":"","format":"standard","meta":{"neve_meta_sidebar":"","neve_meta_container":"","neve_meta_enable_content_width":"","neve_meta_content_width":0,"neve_meta_title_alignment":"","neve_meta_author_avatar":"","neve_post_elements_order":"","neve_meta_disable_header":"","neve_meta_disable_footer":"","neve_meta_disable_title":"","neve_meta_reading_time":"","footnotes":""},"categories":[555,598],"tags":[],"class_list":["post-92683","post","type-post","status-publish","format-standard","has-post-thumbnail","hentry","category-electrofun","category-shortmotornews"],"yoast_head":"<!-- This site is optimized with the Yoast SEO plugin v26.8 - https:\/\/yoast.com\/product\/yoast-seo-wordpress\/ -->\n<title>Auffallend. Einladend. Smart #1. - Es lebe das Auto<\/title>\n<meta name=\"description\" content=\"Schluss mit Kleinsein! Der neue Smart #1 ist zu einem vollwertigen Auto gereift. Und stark ist er bei Bedarf noch dazu.\" \/>\n<meta name=\"robots\" content=\"index, follow, max-snippet:-1, max-image-preview:large, max-video-preview:-1\" \/>\n<link rel=\"canonical\" href=\"https:\/\/www.eslebedasauto.at\/en\/smart-1-vorstellung\/\" \/>\n<meta property=\"og:locale\" content=\"en_GB\" \/>\n<meta property=\"og:type\" content=\"article\" \/>\n<meta property=\"og:title\" content=\"Auffallend. Einladend. Smart #1. - Es lebe das Auto\" \/>\n<meta property=\"og:description\" content=\"Schluss mit Kleinsein! Der neue Smart #1 ist zu einem vollwertigen Auto gereift. Und stark ist er bei Bedarf noch dazu.\" \/>\n<meta property=\"og:url\" content=\"https:\/\/www.eslebedasauto.at\/en\/smart-1-vorstellung\/\" \/>\n<meta property=\"og:site_name\" content=\"Es lebe das Auto\" \/>\n<meta property=\"article:publisher\" content=\"https:\/\/www.facebook.com\/eslebedasauto.at\" \/>\n<meta property=\"article:published_time\" content=\"2023-07-06T12:20:16+00:00\" \/>\n<meta property=\"article:modified_time\" content=\"2023-07-06T12:28:55+00:00\" \/>\n<meta property=\"og:image\" content=\"https:\/\/www.eslebedasauto.at\/wp-content\/uploads\/2023\/07\/IMG_4243-scaled.jpg\" \/>\n\t<meta property=\"og:image:width\" content=\"1920\" \/>\n\t<meta property=\"og:image:height\" content=\"2560\" \/>\n\t<meta property=\"og:image:type\" content=\"image\/jpeg\" \/>\n<meta name=\"author\" content=\"Juergen\" \/>\n<meta name=\"twitter:card\" content=\"summary_large_image\" \/>\n<meta name=\"twitter:label1\" content=\"Written by\" \/>\n\t<meta name=\"twitter:data1\" content=\"Juergen\" \/>\n\t<meta name=\"twitter:label2\" content=\"Estimated reading time\" \/>\n\t<meta name=\"twitter:data2\" content=\"7 minutes\" \/>\n<script type=\"application\/ld+json\" class=\"yoast-schema-graph\">{\"@context\":\"https:\/\/schema.org\",\"@graph\":[{\"@type\":\"Article\",\"@id\":\"https:\/\/www.eslebedasauto.at\/smart-1-vorstellung\/#article\",\"isPartOf\":{\"@id\":\"https:\/\/www.eslebedasauto.at\/smart-1-vorstellung\/\"},\"author\":{\"name\":\"Juergen\",\"@id\":\"https:\/\/www.eslebedasauto.at\/#\/schema\/person\/4ecfb7fe1eb40654e5370227118c3fc2\"},\"headline\":\"Auffallend. Einladend. Smart #1.\",\"datePublished\":\"2023-07-06T12:20:16+00:00\",\"dateModified\":\"2023-07-06T12:28:55+00:00\",\"mainEntityOfPage\":{\"@id\":\"https:\/\/www.eslebedasauto.at\/smart-1-vorstellung\/\"},\"wordCount\":420,\"commentCount\":0,\"publisher\":{\"@id\":\"https:\/\/www.eslebedasauto.at\/#organization\"},\"image\":{\"@id\":\"https:\/\/www.eslebedasauto.at\/smart-1-vorstellung\/#primaryimage\"},\"thumbnailUrl\":\"https:\/\/www.eslebedasauto.at\/wp-content\/uploads\/2023\/07\/IMG_4243-scaled.jpg\",\"articleSection\":[\"Electrofun\",\"Shortmotornews\"],\"inLanguage\":\"en-GB\",\"potentialAction\":[{\"@type\":\"CommentAction\",\"name\":\"Comment\",\"target\":[\"https:\/\/www.eslebedasauto.at\/smart-1-vorstellung\/#respond\"]}]},{\"@type\":\"WebPage\",\"@id\":\"https:\/\/www.eslebedasauto.at\/smart-1-vorstellung\/\",\"url\":\"https:\/\/www.eslebedasauto.at\/smart-1-vorstellung\/\",\"name\":\"Auffallend. Einladend. Smart #1. - Es lebe das Auto\",\"isPartOf\":{\"@id\":\"https:\/\/www.eslebedasauto.at\/#website\"},\"primaryImageOfPage\":{\"@id\":\"https:\/\/www.eslebedasauto.at\/smart-1-vorstellung\/#primaryimage\"},\"image\":{\"@id\":\"https:\/\/www.eslebedasauto.at\/smart-1-vorstellung\/#primaryimage\"},\"thumbnailUrl\":\"https:\/\/www.eslebedasauto.at\/wp-content\/uploads\/2023\/07\/IMG_4243-scaled.jpg\",\"datePublished\":\"2023-07-06T12:20:16+00:00\",\"dateModified\":\"2023-07-06T12:28:55+00:00\",\"description\":\"Schluss mit Kleinsein! Der neue Smart #1 ist zu einem vollwertigen Auto gereift. Und stark ist er bei Bedarf noch dazu.\",\"breadcrumb\":{\"@id\":\"https:\/\/www.eslebedasauto.at\/smart-1-vorstellung\/#breadcrumb\"},\"inLanguage\":\"en-GB\",\"potentialAction\":[{\"@type\":\"ReadAction\",\"target\":[\"https:\/\/www.eslebedasauto.at\/smart-1-vorstellung\/\"]}]},{\"@type\":\"ImageObject\",\"inLanguage\":\"en-GB\",\"@id\":\"https:\/\/www.eslebedasauto.at\/smart-1-vorstellung\/#primaryimage\",\"url\":\"https:\/\/www.eslebedasauto.at\/wp-content\/uploads\/2023\/07\/IMG_4243-scaled.jpg\",\"contentUrl\":\"https:\/\/www.eslebedasauto.at\/wp-content\/uploads\/2023\/07\/IMG_4243-scaled.jpg\",\"width\":1920,\"height\":2560},{\"@type\":\"BreadcrumbList\",\"@id\":\"https:\/\/www.eslebedasauto.at\/smart-1-vorstellung\/#breadcrumb\",\"itemListElement\":[{\"@type\":\"ListItem\",\"position\":1,\"name\":\"Startseite\",\"item\":\"https:\/\/www.eslebedasauto.at\/\"},{\"@type\":\"ListItem\",\"position\":2,\"name\":\"Auffallend. Einladend. Smart #1.\"}]},{\"@type\":\"WebSite\",\"@id\":\"https:\/\/www.eslebedasauto.at\/#website\",\"url\":\"https:\/\/www.eslebedasauto.at\/\",\"name\":\"Es lebe das Auto\",\"description\":\"ein Hoch auf den Individualverkehr\",\"publisher\":{\"@id\":\"https:\/\/www.eslebedasauto.at\/#organization\"},\"potentialAction\":[{\"@type\":\"SearchAction\",\"target\":{\"@type\":\"EntryPoint\",\"urlTemplate\":\"https:\/\/www.eslebedasauto.at\/?s={search_term_string}\"},\"query-input\":{\"@type\":\"PropertyValueSpecification\",\"valueRequired\":true,\"valueName\":\"search_term_string\"}}],\"inLanguage\":\"en-GB\"},{\"@type\":\"Organization\",\"@id\":\"https:\/\/www.eslebedasauto.at\/#organization\",\"name\":\"eslebedasauto\",\"url\":\"https:\/\/www.eslebedasauto.at\/\",\"logo\":{\"@type\":\"ImageObject\",\"inLanguage\":\"en-GB\",\"@id\":\"https:\/\/www.eslebedasauto.at\/#\/schema\/logo\/image\/\",\"url\":\"https:\/\/www.eslebedasauto.at\/wp-content\/uploads\/2025\/10\/eldarund.png\",\"contentUrl\":\"https:\/\/www.eslebedasauto.at\/wp-content\/uploads\/2025\/10\/eldarund.png\",\"width\":1024,\"height\":1024,\"caption\":\"eslebedasauto\"},\"image\":{\"@id\":\"https:\/\/www.eslebedasauto.at\/#\/schema\/logo\/image\/\"},\"sameAs\":[\"https:\/\/www.facebook.com\/eslebedasauto.at\",\"https:\/\/www.instagram.com\/es_lebe_das_auto\/\"]},{\"@type\":\"Person\",\"@id\":\"https:\/\/www.eslebedasauto.at\/#\/schema\/person\/4ecfb7fe1eb40654e5370227118c3fc2\",\"name\":\"Juergen\",\"url\":\"https:\/\/www.eslebedasauto.at\/en\/author\/netzwerkkapitaene-og\/\"}]}<\/script>\n<!-- \/ Yoast SEO plugin. -->","yoast_head_json":{"title":"Auffallend. Einladend. Smart #1. - Es lebe das Auto","description":"Schluss mit Kleinsein! Der neue Smart #1 ist zu einem vollwertigen Auto gereift. Und stark ist er bei Bedarf noch dazu.","robots":{"index":"index","follow":"follow","max-snippet":"max-snippet:-1","max-image-preview":"max-image-preview:large","max-video-preview":"max-video-preview:-1"},"canonical":"https:\/\/www.eslebedasauto.at\/en\/smart-1-vorstellung\/","og_locale":"en_GB","og_type":"article","og_title":"Auffallend. Einladend. Smart #1. - Es lebe das Auto","og_description":"Schluss mit Kleinsein! Der neue Smart #1 ist zu einem vollwertigen Auto gereift. Und stark ist er bei Bedarf noch dazu.","og_url":"https:\/\/www.eslebedasauto.at\/en\/smart-1-vorstellung\/","og_site_name":"Es lebe das Auto","article_publisher":"https:\/\/www.facebook.com\/eslebedasauto.at","article_published_time":"2023-07-06T12:20:16+00:00","article_modified_time":"2023-07-06T12:28:55+00:00","og_image":[{"width":1920,"height":2560,"url":"https:\/\/www.eslebedasauto.at\/wp-content\/uploads\/2023\/07\/IMG_4243-scaled.jpg","type":"image\/jpeg"}],"author":"Juergen","twitter_card":"summary_large_image","twitter_misc":{"Written by":"Juergen","Estimated reading time":"7 minutes"},"schema":{"@context":"https:\/\/schema.org","@graph":[{"@type":"Article","@id":"https:\/\/www.eslebedasauto.at\/smart-1-vorstellung\/#article","isPartOf":{"@id":"https:\/\/www.eslebedasauto.at\/smart-1-vorstellung\/"},"author":{"name":"Juergen","@id":"https:\/\/www.eslebedasauto.at\/#\/schema\/person\/4ecfb7fe1eb40654e5370227118c3fc2"},"headline":"Auffallend. Einladend. Smart #1.","datePublished":"2023-07-06T12:20:16+00:00","dateModified":"2023-07-06T12:28:55+00:00","mainEntityOfPage":{"@id":"https:\/\/www.eslebedasauto.at\/smart-1-vorstellung\/"},"wordCount":420,"commentCount":0,"publisher":{"@id":"https:\/\/www.eslebedasauto.at\/#organization"},"image":{"@id":"https:\/\/www.eslebedasauto.at\/smart-1-vorstellung\/#primaryimage"},"thumbnailUrl":"https:\/\/www.eslebedasauto.at\/wp-content\/uploads\/2023\/07\/IMG_4243-scaled.jpg","articleSection":["Electrofun","Shortmotornews"],"inLanguage":"en-GB","potentialAction":[{"@type":"CommentAction","name":"Comment","target":["https:\/\/www.eslebedasauto.at\/smart-1-vorstellung\/#respond"]}]},{"@type":"WebPage","@id":"https:\/\/www.eslebedasauto.at\/smart-1-vorstellung\/","url":"https:\/\/www.eslebedasauto.at\/smart-1-vorstellung\/","name":"Auffallend. Einladend. Smart #1. - Es lebe das Auto","isPartOf":{"@id":"https:\/\/www.eslebedasauto.at\/#website"},"primaryImageOfPage":{"@id":"https:\/\/www.eslebedasauto.at\/smart-1-vorstellung\/#primaryimage"},"image":{"@id":"https:\/\/www.eslebedasauto.at\/smart-1-vorstellung\/#primaryimage"},"thumbnailUrl":"https:\/\/www.eslebedasauto.at\/wp-content\/uploads\/2023\/07\/IMG_4243-scaled.jpg","datePublished":"2023-07-06T12:20:16+00:00","dateModified":"2023-07-06T12:28:55+00:00","description":"Schluss mit Kleinsein! Der neue Smart #1 ist zu einem vollwertigen Auto gereift. Und stark ist er bei Bedarf noch dazu.","breadcrumb":{"@id":"https:\/\/www.eslebedasauto.at\/smart-1-vorstellung\/#breadcrumb"},"inLanguage":"en-GB","potentialAction":[{"@type":"ReadAction","target":["https:\/\/www.eslebedasauto.at\/smart-1-vorstellung\/"]}]},{"@type":"ImageObject","inLanguage":"en-GB","@id":"https:\/\/www.eslebedasauto.at\/smart-1-vorstellung\/#primaryimage","url":"https:\/\/www.eslebedasauto.at\/wp-content\/uploads\/2023\/07\/IMG_4243-scaled.jpg","contentUrl":"https:\/\/www.eslebedasauto.at\/wp-content\/uploads\/2023\/07\/IMG_4243-scaled.jpg","width":1920,"height":2560},{"@type":"BreadcrumbList","@id":"https:\/\/www.eslebedasauto.at\/smart-1-vorstellung\/#breadcrumb","itemListElement":[{"@type":"ListItem","position":1,"name":"Startseite","item":"https:\/\/www.eslebedasauto.at\/"},{"@type":"ListItem","position":2,"name":"Auffallend. Einladend. Smart #1."}]},{"@type":"WebSite","@id":"https:\/\/www.eslebedasauto.at\/#website","url":"https:\/\/www.eslebedasauto.at\/","name":"Es lebe das Auto","description":"ein Hoch auf den Individualverkehr","publisher":{"@id":"https:\/\/www.eslebedasauto.at\/#organization"},"potentialAction":[{"@type":"SearchAction","target":{"@type":"EntryPoint","urlTemplate":"https:\/\/www.eslebedasauto.at\/?s={search_term_string}"},"query-input":{"@type":"PropertyValueSpecification","valueRequired":true,"valueName":"search_term_string"}}],"inLanguage":"en-GB"},{"@type":"Organization","@id":"https:\/\/www.eslebedasauto.at\/#organization","name":"eslebedasauto","url":"https:\/\/www.eslebedasauto.at\/","logo":{"@type":"ImageObject","inLanguage":"en-GB","@id":"https:\/\/www.eslebedasauto.at\/#\/schema\/logo\/image\/","url":"https:\/\/www.eslebedasauto.at\/wp-content\/uploads\/2025\/10\/eldarund.png","contentUrl":"https:\/\/www.eslebedasauto.at\/wp-content\/uploads\/2025\/10\/eldarund.png","width":1024,"height":1024,"caption":"eslebedasauto"},"image":{"@id":"https:\/\/www.eslebedasauto.at\/#\/schema\/logo\/image\/"},"sameAs":["https:\/\/www.facebook.com\/eslebedasauto.at","https:\/\/www.instagram.com\/es_lebe_das_auto\/"]},{"@type":"Person","@id":"https:\/\/www.eslebedasauto.at\/#\/schema\/person\/4ecfb7fe1eb40654e5370227118c3fc2","name":"Juergen","url":"https:\/\/www.eslebedasauto.at\/en\/author\/netzwerkkapitaene-og\/"}]}},"_links":{"self":[{"href":"https:\/\/www.eslebedasauto.at\/en\/wp-json\/wp\/v2\/posts\/92683","targetHints":{"allow":["GET"]}}],"collection":[{"href":"https:\/\/www.eslebedasauto.at\/en\/wp-json\/wp\/v2\/posts"}],"about":[{"href":"https:\/\/www.eslebedasauto.at\/en\/wp-json\/wp\/v2\/types\/post"}],"author":[{"embeddable":true,"href":"https:\/\/www.eslebedasauto.at\/en\/wp-json\/wp\/v2\/users\/1"}],"replies":[{"embeddable":true,"href":"https:\/\/www.eslebedasauto.at\/en\/wp-json\/wp\/v2\/comments?post=92683"}],"version-history":[{"count":5,"href":"https:\/\/www.eslebedasauto.at\/en\/wp-json\/wp\/v2\/posts\/92683\/revisions"}],"predecessor-version":[{"id":92723,"href":"https:\/\/www.eslebedasauto.at\/en\/wp-json\/wp\/v2\/posts\/92683\/revisions\/92723"}],"wp:featuredmedia":[{"embeddable":true,"href":"https:\/\/www.eslebedasauto.at\/en\/wp-json\/wp\/v2\/media\/92687"}],"wp:attachment":[{"href":"https:\/\/www.eslebedasauto.at\/en\/wp-json\/wp\/v2\/media?parent=92683"}],"wp:term":[{"taxonomy":"category","embeddable":true,"href":"https:\/\/www.eslebedasauto.at\/en\/wp-json\/wp\/v2\/categories?post=92683"},{"taxonomy":"post_tag","embeddable":true,"href":"https:\/\/www.eslebedasauto.at\/en\/wp-json\/wp\/v2\/tags?post=92683"}],"curies":[{"name":"wp","href":"https:\/\/api.w.org\/{rel}","templated":true}]}}