{"id":92574,"date":"2025-02-10T16:56:03","date_gmt":"2025-02-10T15:56:03","guid":{"rendered":"https:\/\/www.eslebedasauto.at\/?p=92574"},"modified":"2025-02-10T17:05:21","modified_gmt":"2025-02-10T16:05:21","slug":"subaru-solterra-test","status":"publish","type":"post","link":"https:\/\/www.eslebedasauto.at\/en\/subaru-solterra-test\/","title":{"rendered":"Geerdet mit der Kraft der Sonne."},"content":{"rendered":"<h2 id=\"unterwegs-im-vollelektrischen-subaru-solterra\" class=\"wp-block-heading\">Unterwegs im vollelektrischen Subaru Solterra.<\/h2>\n\n\n\n<p>Bereits seit rund drei Jahren f\u00fchrt Subaru den vollelektrischen Solterra im Programm. Der Name spiegelt die beiden Elemente Sonne &#8211; idealerweise in Form von Sonnenenergie &#8211; und Erde, ganz markentypisch ist auch der serienm\u00e4\u00dfig allradgetriebene Solterra Gel\u00e4ndefahrten nicht abgeneigt (solange das Gel\u00e4nde im Rahmen bleibt) wider. Wie auch immer, Genspender des Solterra ist jedenfalls der Toyota bZ4X &#8211; der Kampf um den einpr\u00e4gsameren Namen geht hier eindeutig an Subaru.<\/p>\n\n\n\n<figure class=\"wp-block-image size-large\"><img fetchpriority=\"high\" decoding=\"async\" width=\"1024\" height=\"768\" src=\"https:\/\/www.eslebedasauto.at\/wp-content\/uploads\/2023\/07\/IMG_1107-1024x768.jpeg\" alt=\"\" class=\"wp-image-97819\" srcset=\"https:\/\/www.eslebedasauto.at\/wp-content\/uploads\/2023\/07\/IMG_1107-1024x768.jpeg 1024w, https:\/\/www.eslebedasauto.at\/wp-content\/uploads\/2023\/07\/IMG_1107-300x225.jpeg 300w, https:\/\/www.eslebedasauto.at\/wp-content\/uploads\/2023\/07\/IMG_1107-768x576.jpeg 768w, https:\/\/www.eslebedasauto.at\/wp-content\/uploads\/2023\/07\/IMG_1107-1536x1152.jpeg 1536w, https:\/\/www.eslebedasauto.at\/wp-content\/uploads\/2023\/07\/IMG_1107.jpeg 2048w\" sizes=\"(max-width: 1024px) 100vw, 1024px\" \/><\/figure>\n\n\n\n<h4 id=\"der-name-solterra-steht-sowohl-fur-die-kraft-der-sonne-als-auch-fur-die-erdverbundenheit-eines-allradlers\" class=\"wp-block-heading\">Der Name Solterra&nbsp;steht sowohl f\u00fcr die Kraft der Sonne als auch f\u00fcr die Erdverbundenheit eines Allradlers.<\/h4>\n\n\n\n<p><strong>Der erste Vollelektriker von Subaru macht auch optisch eine gute Figur &#8211; man muss ihn nur auf sich ein wenig einwirken lassen.<\/strong> \u00c4u\u00dferlich wirkt er bewusst robust, seine plastikgesch\u00fctzten Kotfl\u00fcgeln und die ordentliche Bodenfreiheit (21 cm) machen den Solterra zu einem Auto, welches auch sanften Gel\u00e4ndeeinsatz nicht scheut.<\/p>\n\n\n\n<figure class=\"wp-block-image size-large\"><img decoding=\"async\" width=\"1024\" height=\"768\" src=\"https:\/\/www.eslebedasauto.at\/wp-content\/uploads\/2023\/07\/IMG_1102-1024x768.jpeg\" alt=\"\" class=\"wp-image-97815\" srcset=\"https:\/\/www.eslebedasauto.at\/wp-content\/uploads\/2023\/07\/IMG_1102-1024x768.jpeg 1024w, https:\/\/www.eslebedasauto.at\/wp-content\/uploads\/2023\/07\/IMG_1102-300x225.jpeg 300w, https:\/\/www.eslebedasauto.at\/wp-content\/uploads\/2023\/07\/IMG_1102-768x576.jpeg 768w, https:\/\/www.eslebedasauto.at\/wp-content\/uploads\/2023\/07\/IMG_1102-1536x1152.jpeg 1536w, https:\/\/www.eslebedasauto.at\/wp-content\/uploads\/2023\/07\/IMG_1102.jpeg 2048w\" sizes=\"(max-width: 1024px) 100vw, 1024px\" \/><\/figure>\n\n\n\n<h4 id=\"dank-x-mode-allrad-geht-gelande-weitgehend-ohne-probleme-da-spielt-subaru-sein-volles-know-how-aus-an-echte-offroader-kommt-der-solterra-aber-freilich-nicht-ran\" class=\"wp-block-heading\">Dank X-Mode Allrad geht Gel\u00e4nde weitgehend ohne Probleme &#8211; da spielt Subaru sein volles Know-How aus. An echte Offroader kommt der Solterra aber freilich nicht ran.<\/h4>\n\n\n\n<figure class=\"wp-block-gallery has-nested-images columns-default is-cropped wp-block-gallery-1 is-layout-flex wp-block-gallery-is-layout-flex\">\n<figure class=\"wp-block-image size-large\"><img decoding=\"async\" width=\"1024\" height=\"768\" data-id=\"97818\" src=\"https:\/\/www.eslebedasauto.at\/wp-content\/uploads\/2023\/07\/IMG_1106-1024x768.jpeg\" alt=\"\" class=\"wp-image-97818\" srcset=\"https:\/\/www.eslebedasauto.at\/wp-content\/uploads\/2023\/07\/IMG_1106-1024x768.jpeg 1024w, https:\/\/www.eslebedasauto.at\/wp-content\/uploads\/2023\/07\/IMG_1106-300x225.jpeg 300w, https:\/\/www.eslebedasauto.at\/wp-content\/uploads\/2023\/07\/IMG_1106-768x576.jpeg 768w, https:\/\/www.eslebedasauto.at\/wp-content\/uploads\/2023\/07\/IMG_1106-1536x1152.jpeg 1536w, https:\/\/www.eslebedasauto.at\/wp-content\/uploads\/2023\/07\/IMG_1106.jpeg 2048w\" sizes=\"(max-width: 1024px) 100vw, 1024px\" \/><\/figure>\n\n\n\n<figure class=\"wp-block-image size-large\"><img loading=\"lazy\" decoding=\"async\" width=\"1024\" height=\"768\" data-id=\"97814\" src=\"https:\/\/www.eslebedasauto.at\/wp-content\/uploads\/2023\/07\/IMG_1101-1024x768.jpeg\" alt=\"\" class=\"wp-image-97814\" srcset=\"https:\/\/www.eslebedasauto.at\/wp-content\/uploads\/2023\/07\/IMG_1101-1024x768.jpeg 1024w, https:\/\/www.eslebedasauto.at\/wp-content\/uploads\/2023\/07\/IMG_1101-300x225.jpeg 300w, https:\/\/www.eslebedasauto.at\/wp-content\/uploads\/2023\/07\/IMG_1101-768x576.jpeg 768w, https:\/\/www.eslebedasauto.at\/wp-content\/uploads\/2023\/07\/IMG_1101-1536x1152.jpeg 1536w, https:\/\/www.eslebedasauto.at\/wp-content\/uploads\/2023\/07\/IMG_1101.jpeg 2048w\" sizes=\"(max-width: 1024px) 100vw, 1024px\" \/><\/figure>\n<\/figure>\n\n\n\n<p><\/p>\n\n\n\n<p>Mit seinen verschiedenen Fahrmodi f\u00fcr\u00b4s Gel\u00e4nde und einer vierfach verstellbaren Rekuperation mittels Lenkradwippe l\u00e4sst sich der Solterra f\u00fcr alle Fahrverh\u00e4ltnisse gut konfigurieren. Ebenso n\u00fctzlich: ESP und Traktionskontrolle lassen sich f\u00fcr Gel\u00e4ndefahrten abschalten. <\/p>\n\n\n\n<figure class=\"wp-block-image size-large\"><img loading=\"lazy\" decoding=\"async\" width=\"1024\" height=\"768\" src=\"https:\/\/www.eslebedasauto.at\/wp-content\/uploads\/2023\/07\/IMG_1111-1024x768.jpeg\" alt=\"\" class=\"wp-image-97820\" srcset=\"https:\/\/www.eslebedasauto.at\/wp-content\/uploads\/2023\/07\/IMG_1111-1024x768.jpeg 1024w, https:\/\/www.eslebedasauto.at\/wp-content\/uploads\/2023\/07\/IMG_1111-300x225.jpeg 300w, https:\/\/www.eslebedasauto.at\/wp-content\/uploads\/2023\/07\/IMG_1111-768x576.jpeg 768w, https:\/\/www.eslebedasauto.at\/wp-content\/uploads\/2023\/07\/IMG_1111-1536x1152.jpeg 1536w, https:\/\/www.eslebedasauto.at\/wp-content\/uploads\/2023\/07\/IMG_1111.jpeg 2048w\" sizes=\"(max-width: 1024px) 100vw, 1024px\" \/><\/figure>\n\n\n\n<p><strong>Neben der Allrad-Funktion gibt es weitere drei Fahrprogramme<\/strong>, man hat die Wahl zwischen \u201eEco\u201c, \u201eStandard\u201c und \u201eSport\u201c, wobei die ersten beiden Einstellungen am besten zum sanften Charakter des Subaru passen. Die 160 kW Spitzenleistung der beiden E-Motoren reicht auch in der Eco-Stufe f\u00fcr ordentliches Vorw\u00e4rtskommen v\u00f6llig aus. Generell hat uns das sehr ger\u00e4uscharme Vorw\u00e4rtskommen sehr gefallen. Das liegt an der hervorragenden D\u00e4mmung und den mit 18 Zoll relativ kleinen R\u00e4dern, die wenig Abrollger\u00e4usche verursachen.<\/p>\n\n\n\n<figure class=\"wp-block-image size-large\"><img loading=\"lazy\" decoding=\"async\" width=\"1024\" height=\"768\" src=\"https:\/\/www.eslebedasauto.at\/wp-content\/uploads\/2023\/07\/IMG_1097-1024x768.jpeg\" alt=\"\" class=\"wp-image-97812\" srcset=\"https:\/\/www.eslebedasauto.at\/wp-content\/uploads\/2023\/07\/IMG_1097-1024x768.jpeg 1024w, https:\/\/www.eslebedasauto.at\/wp-content\/uploads\/2023\/07\/IMG_1097-300x225.jpeg 300w, https:\/\/www.eslebedasauto.at\/wp-content\/uploads\/2023\/07\/IMG_1097-768x576.jpeg 768w, https:\/\/www.eslebedasauto.at\/wp-content\/uploads\/2023\/07\/IMG_1097-1536x1152.jpeg 1536w, https:\/\/www.eslebedasauto.at\/wp-content\/uploads\/2023\/07\/IMG_1097.jpeg 2048w\" sizes=\"(max-width: 1024px) 100vw, 1024px\" \/><\/figure>\n\n\n\n<p><strong>Der Subaru Solterra l\u00e4sst sich \u00fcberaus flott beschleunigen<\/strong>. Der E-Subaru erreicht in 6,9 Sekunden den Hunderter, sein Durchzug auf der Landstra\u00dfe ist ebenfalls sehr gut. Dass er bei 160 km\/h abgeregelt ist, ist uns angesichts der \u00f6sterreichischen Tempolimits gar nicht aufgefallen. Apropos Tempolimit: Subaru hat die eh schon immer sehr ausgefeilten Assistenzsysteme weiterentwickelt und bietet als einer von wenigen Herstellern eine absolut <strong>fehlerfreie Temposchild-Erkennung<\/strong>. Dort wo der Mitbewerb durchwegs fehlerhafte Anzeigen produziert, liefert der Solterra verl\u00e4ssliche Tempo-Auskunft. Einfach top!<\/p>\n\n\n\n<figure class=\"wp-block-image size-large\"><img loading=\"lazy\" decoding=\"async\" width=\"1024\" height=\"772\" src=\"https:\/\/www.eslebedasauto.at\/wp-content\/uploads\/2023\/07\/IMG_1095-1024x772.jpeg\" alt=\"\" class=\"wp-image-97811\" srcset=\"https:\/\/www.eslebedasauto.at\/wp-content\/uploads\/2023\/07\/IMG_1095-1024x772.jpeg 1024w, https:\/\/www.eslebedasauto.at\/wp-content\/uploads\/2023\/07\/IMG_1095-300x225.jpeg 300w, https:\/\/www.eslebedasauto.at\/wp-content\/uploads\/2023\/07\/IMG_1095-768x579.jpeg 768w, https:\/\/www.eslebedasauto.at\/wp-content\/uploads\/2023\/07\/IMG_1095-1536x1158.jpeg 1536w, https:\/\/www.eslebedasauto.at\/wp-content\/uploads\/2023\/07\/IMG_1095.jpeg 2042w\" sizes=\"(max-width: 1024px) 100vw, 1024px\" \/><\/figure>\n\n\n\n<p><strong>Was uns ein wenig verbl\u00fcfft hat, war der im Testzeitraum erzielte Durchschnittsverbrauch von 27,5 kWh.<\/strong> Zwar waren die \u00e4u\u00dferlichen Umst\u00e4nde f\u00fcr ein Elektroauto nicht gerade perfekt (durchwegs tiefwinterliche Temperaturen um den Gefrierpunkt), dennoch muss man schon anmerken, dass ein derartiger Wert f\u00fcr ein Auto dieser Gr\u00f6\u00dfe einfach zu hoch ist. Mit der verbauten 71 kWh Batterie sind sich da im Schnitt nur Reichweiten von um die 200 Kilometer ausgegangen. Wenigstens l\u00e4dt er schnell: An einer DC-Schnelllades\u00e4ule mit 150 kW kann die 71,4 kWh gro\u00dfe Lithiumionen-Batterie in rund 30 Minuten zu 80 Prozent wieder gef\u00fcllt werden.<\/p>\n\n\n\n<figure class=\"wp-block-image size-large\"><img loading=\"lazy\" decoding=\"async\" width=\"1024\" height=\"768\" src=\"https:\/\/www.eslebedasauto.at\/wp-content\/uploads\/2023\/07\/IMG_1114-1024x768.jpeg\" alt=\"\" class=\"wp-image-97821\" srcset=\"https:\/\/www.eslebedasauto.at\/wp-content\/uploads\/2023\/07\/IMG_1114-1024x768.jpeg 1024w, https:\/\/www.eslebedasauto.at\/wp-content\/uploads\/2023\/07\/IMG_1114-300x225.jpeg 300w, https:\/\/www.eslebedasauto.at\/wp-content\/uploads\/2023\/07\/IMG_1114-768x576.jpeg 768w, https:\/\/www.eslebedasauto.at\/wp-content\/uploads\/2023\/07\/IMG_1114-1536x1152.jpeg 1536w, https:\/\/www.eslebedasauto.at\/wp-content\/uploads\/2023\/07\/IMG_1114.jpeg 2048w\" sizes=\"(max-width: 1024px) 100vw, 1024px\" \/><\/figure>\n\n\n\n<h4 id=\"innen-zeigt-sich-der-subaru-solterra-geraumig\" class=\"wp-block-heading\">Innen zeigt sich der Subaru Solterra ger\u00e4umig.<\/h4>\n\n\n\n<p>\u00c4hnlich wie bei Peugeot, blickt man \u00fcber\u00b4s Lenkrad auf das futuristisch gestaltete digitale Kombiinstrument. Das Armaturenbrett selbst, wie auch die Sitze sind teilweise mit Stoff bespannt. Die Bedienung des Infotainmentsystems erfolgt wie \u00fcblich \u00fcber einen mittig platzierten 12,3\u201c-Touchscreen auf der Mittelkonsole, sowie \u00fcber die Tasten am fast viereckigen Lenkrad. Es gibt auch haptische Schalter, einen Drehknopf f\u00fcr die Radiolautst\u00e4rke gibt es aber leider keinen.<\/p>\n\n\n\n<figure class=\"wp-block-gallery has-nested-images columns-default is-cropped wp-block-gallery-2 is-layout-flex wp-block-gallery-is-layout-flex\">\n<figure class=\"wp-block-image size-large\"><img loading=\"lazy\" decoding=\"async\" width=\"1024\" height=\"768\" data-id=\"97826\" src=\"https:\/\/www.eslebedasauto.at\/wp-content\/uploads\/2023\/07\/IMG_1119-1024x768.jpeg\" alt=\"\" class=\"wp-image-97826\" srcset=\"https:\/\/www.eslebedasauto.at\/wp-content\/uploads\/2023\/07\/IMG_1119-1024x768.jpeg 1024w, https:\/\/www.eslebedasauto.at\/wp-content\/uploads\/2023\/07\/IMG_1119-300x225.jpeg 300w, https:\/\/www.eslebedasauto.at\/wp-content\/uploads\/2023\/07\/IMG_1119-768x576.jpeg 768w, https:\/\/www.eslebedasauto.at\/wp-content\/uploads\/2023\/07\/IMG_1119-1536x1152.jpeg 1536w, https:\/\/www.eslebedasauto.at\/wp-content\/uploads\/2023\/07\/IMG_1119.jpeg 2048w\" sizes=\"(max-width: 1024px) 100vw, 1024px\" \/><\/figure>\n\n\n\n<figure class=\"wp-block-image size-large\"><img loading=\"lazy\" decoding=\"async\" width=\"1024\" height=\"768\" data-id=\"97825\" src=\"https:\/\/www.eslebedasauto.at\/wp-content\/uploads\/2023\/07\/IMG_1118-1024x768.jpeg\" alt=\"\" class=\"wp-image-97825\" srcset=\"https:\/\/www.eslebedasauto.at\/wp-content\/uploads\/2023\/07\/IMG_1118-1024x768.jpeg 1024w, https:\/\/www.eslebedasauto.at\/wp-content\/uploads\/2023\/07\/IMG_1118-300x225.jpeg 300w, https:\/\/www.eslebedasauto.at\/wp-content\/uploads\/2023\/07\/IMG_1118-768x576.jpeg 768w, https:\/\/www.eslebedasauto.at\/wp-content\/uploads\/2023\/07\/IMG_1118-1536x1152.jpeg 1536w, https:\/\/www.eslebedasauto.at\/wp-content\/uploads\/2023\/07\/IMG_1118.jpeg 2048w\" sizes=\"(max-width: 1024px) 100vw, 1024px\" \/><\/figure>\n<\/figure>\n\n\n\n<p><\/p>\n\n\n\n<p><strong>Der Solterra bietet f\u00fcr alle Passagiere genug Raum f\u00fcr Knie, Ellenbogen und die K\u00f6pfe. <\/strong>Der glattfl\u00e4chige Kofferraum bietet 452 Liter Fassungsverm\u00f6gen und ist durch Sitzumlegen erweiterbar. Was wir im Solterra vermisst haben ist ein Handschuhfach. Ablagepl\u00e4tze gibt es aber mehr als genug.<\/p>\n\n\n\n<figure class=\"wp-block-gallery has-nested-images columns-default is-cropped wp-block-gallery-3 is-layout-flex wp-block-gallery-is-layout-flex\">\n<figure class=\"wp-block-image size-large\"><img loading=\"lazy\" decoding=\"async\" width=\"1024\" height=\"768\" data-id=\"97823\" src=\"https:\/\/www.eslebedasauto.at\/wp-content\/uploads\/2023\/07\/IMG_1116-1024x768.jpeg\" alt=\"\" class=\"wp-image-97823\" srcset=\"https:\/\/www.eslebedasauto.at\/wp-content\/uploads\/2023\/07\/IMG_1116-1024x768.jpeg 1024w, https:\/\/www.eslebedasauto.at\/wp-content\/uploads\/2023\/07\/IMG_1116-300x225.jpeg 300w, https:\/\/www.eslebedasauto.at\/wp-content\/uploads\/2023\/07\/IMG_1116-768x576.jpeg 768w, https:\/\/www.eslebedasauto.at\/wp-content\/uploads\/2023\/07\/IMG_1116-1536x1152.jpeg 1536w, https:\/\/www.eslebedasauto.at\/wp-content\/uploads\/2023\/07\/IMG_1116.jpeg 2048w\" sizes=\"(max-width: 1024px) 100vw, 1024px\" \/><\/figure>\n\n\n\n<figure class=\"wp-block-image size-large\"><img loading=\"lazy\" decoding=\"async\" width=\"1024\" height=\"768\" data-id=\"97822\" src=\"https:\/\/www.eslebedasauto.at\/wp-content\/uploads\/2023\/07\/IMG_1115-1024x768.jpeg\" alt=\"\" class=\"wp-image-97822\" srcset=\"https:\/\/www.eslebedasauto.at\/wp-content\/uploads\/2023\/07\/IMG_1115-1024x768.jpeg 1024w, https:\/\/www.eslebedasauto.at\/wp-content\/uploads\/2023\/07\/IMG_1115-300x225.jpeg 300w, https:\/\/www.eslebedasauto.at\/wp-content\/uploads\/2023\/07\/IMG_1115-768x576.jpeg 768w, https:\/\/www.eslebedasauto.at\/wp-content\/uploads\/2023\/07\/IMG_1115-1536x1152.jpeg 1536w, https:\/\/www.eslebedasauto.at\/wp-content\/uploads\/2023\/07\/IMG_1115.jpeg 2048w\" sizes=\"(max-width: 1024px) 100vw, 1024px\" \/><\/figure>\n<\/figure>\n\n\n\n<h4 id=\"fazit\" class=\"wp-block-heading\">Fazit<\/h4>\n\n\n\n<p><strong>Der Subaru Solterra ist, wie auch seine verbrennenden Kollegen ein Typ mit Ecken und Kanten. Genau das lieben wir an Subaru<\/strong>. Ausstattung und Platzangebot des&nbsp;Solterra&nbsp;\u00fcberzeugen voll. Auch der E-Antrieb arbeitet hervorragend, wenn auch im Winter nicht \u00fcberragend sparsam. Wer es darauf anlegt kann damit sogar ins Gel\u00e4nde abbiegen. Preislich startet der komplett ausgestattete Subaru Solterra E-Xperience+ bei 54.400 Euro.<br><br><strong>Daten Fakten Subaru&nbsp;Solterra&nbsp;E-Xperience+<br><\/strong>Antrieb: 2 E-Synchronmotoren, AWD, 1-Gang-Getriebe<br>Systemleistung: 160 kW \/ 218 PS<br>Drehmoment: 337 Nm<br>Vmax: 160 km\/h<br>0 auf 100 km\/h: 6,9 Sek.<br>Testverbrauch: 16,9 kWh<br>Batteriegr\u00f6\u00dfe: 71,4 kWh<br>Preis: ab 54.400 Euro<\/p>","protected":false},"excerpt":{"rendered":"<p>Bereits seit rund drei Jahren f\u00fchrt Subaru den vollelektrischen Solterra im Programm.<\/p>","protected":false},"author":2,"featured_media":97816,"comment_status":"open","ping_status":"open","sticky":false,"template":"","format":"standard","meta":{"neve_meta_sidebar":"","neve_meta_container":"","neve_meta_enable_content_width":"","neve_meta_content_width":0,"neve_meta_title_alignment":"","neve_meta_author_avatar":"","neve_post_elements_order":"","neve_meta_disable_header":"","neve_meta_disable_footer":"","neve_meta_disable_title":"","neve_meta_reading_time":"","footnotes":""},"categories":[555,335],"tags":[],"class_list":["post-92574","post","type-post","status-publish","format-standard","has-post-thumbnail","hentry","category-electrofun","category-fahrberichte"],"yoast_head":"<!-- This site is optimized with the Yoast SEO plugin v26.8 - https:\/\/yoast.com\/product\/yoast-seo-wordpress\/ -->\n<title>Geerdet mit der Kraft der Sonne. - Es lebe das Auto<\/title>\n<meta name=\"description\" content=\"Bereits seit rund drei Jahren f\u00fchrt Subaru den vollelektrischen Solterra im Programm. Wir waren damit unterwegs.\" \/>\n<meta name=\"robots\" content=\"index, follow, max-snippet:-1, max-image-preview:large, max-video-preview:-1\" \/>\n<link rel=\"canonical\" href=\"https:\/\/www.eslebedasauto.at\/en\/subaru-solterra-test\/\" \/>\n<meta property=\"og:locale\" content=\"en_GB\" \/>\n<meta property=\"og:type\" content=\"article\" \/>\n<meta property=\"og:title\" content=\"Geerdet mit der Kraft der Sonne. - Es lebe das Auto\" \/>\n<meta property=\"og:description\" content=\"Bereits seit rund drei Jahren f\u00fchrt Subaru den vollelektrischen Solterra im Programm. Wir waren damit unterwegs.\" \/>\n<meta property=\"og:url\" content=\"https:\/\/www.eslebedasauto.at\/en\/subaru-solterra-test\/\" \/>\n<meta property=\"og:site_name\" content=\"Es lebe das Auto\" \/>\n<meta property=\"article:publisher\" content=\"https:\/\/www.facebook.com\/eslebedasauto.at\" \/>\n<meta property=\"article:published_time\" content=\"2025-02-10T15:56:03+00:00\" \/>\n<meta property=\"article:modified_time\" content=\"2025-02-10T16:05:21+00:00\" \/>\n<meta property=\"og:image\" content=\"https:\/\/www.eslebedasauto.at\/wp-content\/uploads\/2023\/07\/IMG_1103.jpeg\" \/>\n\t<meta property=\"og:image:width\" content=\"2048\" \/>\n\t<meta property=\"og:image:height\" content=\"1536\" \/>\n\t<meta property=\"og:image:type\" content=\"image\/jpeg\" \/>\n<meta name=\"author\" content=\"gerhard\" \/>\n<meta name=\"twitter:card\" content=\"summary_large_image\" \/>\n<meta name=\"twitter:label1\" content=\"Written by\" \/>\n\t<meta name=\"twitter:data1\" content=\"gerhard\" \/>\n\t<meta name=\"twitter:label2\" content=\"Estimated reading time\" \/>\n\t<meta name=\"twitter:data2\" content=\"7 minutes\" \/>\n<script type=\"application\/ld+json\" class=\"yoast-schema-graph\">{\"@context\":\"https:\/\/schema.org\",\"@graph\":[{\"@type\":\"Article\",\"@id\":\"https:\/\/www.eslebedasauto.at\/subaru-solterra-test\/#article\",\"isPartOf\":{\"@id\":\"https:\/\/www.eslebedasauto.at\/subaru-solterra-test\/\"},\"author\":{\"name\":\"gerhard\",\"@id\":\"https:\/\/www.eslebedasauto.at\/#\/schema\/person\/fb81218b0bed500d225ff518f9f17033\"},\"headline\":\"Geerdet mit der Kraft der Sonne.\",\"datePublished\":\"2025-02-10T15:56:03+00:00\",\"dateModified\":\"2025-02-10T16:05:21+00:00\",\"mainEntityOfPage\":{\"@id\":\"https:\/\/www.eslebedasauto.at\/subaru-solterra-test\/\"},\"wordCount\":696,\"commentCount\":0,\"publisher\":{\"@id\":\"https:\/\/www.eslebedasauto.at\/#organization\"},\"image\":{\"@id\":\"https:\/\/www.eslebedasauto.at\/subaru-solterra-test\/#primaryimage\"},\"thumbnailUrl\":\"https:\/\/www.eslebedasauto.at\/wp-content\/uploads\/2023\/07\/IMG_1103.jpeg\",\"articleSection\":[\"Electrofun\",\"Fahrberichte\"],\"inLanguage\":\"en-GB\",\"potentialAction\":[{\"@type\":\"CommentAction\",\"name\":\"Comment\",\"target\":[\"https:\/\/www.eslebedasauto.at\/subaru-solterra-test\/#respond\"]}]},{\"@type\":\"WebPage\",\"@id\":\"https:\/\/www.eslebedasauto.at\/subaru-solterra-test\/\",\"url\":\"https:\/\/www.eslebedasauto.at\/subaru-solterra-test\/\",\"name\":\"Geerdet mit der Kraft der Sonne. - Es lebe das Auto\",\"isPartOf\":{\"@id\":\"https:\/\/www.eslebedasauto.at\/#website\"},\"primaryImageOfPage\":{\"@id\":\"https:\/\/www.eslebedasauto.at\/subaru-solterra-test\/#primaryimage\"},\"image\":{\"@id\":\"https:\/\/www.eslebedasauto.at\/subaru-solterra-test\/#primaryimage\"},\"thumbnailUrl\":\"https:\/\/www.eslebedasauto.at\/wp-content\/uploads\/2023\/07\/IMG_1103.jpeg\",\"datePublished\":\"2025-02-10T15:56:03+00:00\",\"dateModified\":\"2025-02-10T16:05:21+00:00\",\"description\":\"Bereits seit rund drei Jahren f\u00fchrt Subaru den vollelektrischen Solterra im Programm. Wir waren damit unterwegs.\",\"breadcrumb\":{\"@id\":\"https:\/\/www.eslebedasauto.at\/subaru-solterra-test\/#breadcrumb\"},\"inLanguage\":\"en-GB\",\"potentialAction\":[{\"@type\":\"ReadAction\",\"target\":[\"https:\/\/www.eslebedasauto.at\/subaru-solterra-test\/\"]}]},{\"@type\":\"ImageObject\",\"inLanguage\":\"en-GB\",\"@id\":\"https:\/\/www.eslebedasauto.at\/subaru-solterra-test\/#primaryimage\",\"url\":\"https:\/\/www.eslebedasauto.at\/wp-content\/uploads\/2023\/07\/IMG_1103.jpeg\",\"contentUrl\":\"https:\/\/www.eslebedasauto.at\/wp-content\/uploads\/2023\/07\/IMG_1103.jpeg\",\"width\":2048,\"height\":1536},{\"@type\":\"BreadcrumbList\",\"@id\":\"https:\/\/www.eslebedasauto.at\/subaru-solterra-test\/#breadcrumb\",\"itemListElement\":[{\"@type\":\"ListItem\",\"position\":1,\"name\":\"Startseite\",\"item\":\"https:\/\/www.eslebedasauto.at\/\"},{\"@type\":\"ListItem\",\"position\":2,\"name\":\"Geerdet mit der Kraft der Sonne.\"}]},{\"@type\":\"WebSite\",\"@id\":\"https:\/\/www.eslebedasauto.at\/#website\",\"url\":\"https:\/\/www.eslebedasauto.at\/\",\"name\":\"Es lebe das Auto\",\"description\":\"ein Hoch auf den Individualverkehr\",\"publisher\":{\"@id\":\"https:\/\/www.eslebedasauto.at\/#organization\"},\"potentialAction\":[{\"@type\":\"SearchAction\",\"target\":{\"@type\":\"EntryPoint\",\"urlTemplate\":\"https:\/\/www.eslebedasauto.at\/?s={search_term_string}\"},\"query-input\":{\"@type\":\"PropertyValueSpecification\",\"valueRequired\":true,\"valueName\":\"search_term_string\"}}],\"inLanguage\":\"en-GB\"},{\"@type\":\"Organization\",\"@id\":\"https:\/\/www.eslebedasauto.at\/#organization\",\"name\":\"eslebedasauto\",\"url\":\"https:\/\/www.eslebedasauto.at\/\",\"logo\":{\"@type\":\"ImageObject\",\"inLanguage\":\"en-GB\",\"@id\":\"https:\/\/www.eslebedasauto.at\/#\/schema\/logo\/image\/\",\"url\":\"https:\/\/www.eslebedasauto.at\/wp-content\/uploads\/2025\/10\/eldarund.png\",\"contentUrl\":\"https:\/\/www.eslebedasauto.at\/wp-content\/uploads\/2025\/10\/eldarund.png\",\"width\":1024,\"height\":1024,\"caption\":\"eslebedasauto\"},\"image\":{\"@id\":\"https:\/\/www.eslebedasauto.at\/#\/schema\/logo\/image\/\"},\"sameAs\":[\"https:\/\/www.facebook.com\/eslebedasauto.at\",\"https:\/\/www.instagram.com\/es_lebe_das_auto\/\"]},{\"@type\":\"Person\",\"@id\":\"https:\/\/www.eslebedasauto.at\/#\/schema\/person\/fb81218b0bed500d225ff518f9f17033\",\"name\":\"gerhard\",\"url\":\"https:\/\/www.eslebedasauto.at\/en\/author\/gerhard\/\"}]}<\/script>\n<!-- \/ Yoast SEO plugin. -->","yoast_head_json":{"title":"Geerdet mit der Kraft der Sonne. - Es lebe das Auto","description":"Bereits seit rund drei Jahren f\u00fchrt Subaru den vollelektrischen Solterra im Programm. Wir waren damit unterwegs.","robots":{"index":"index","follow":"follow","max-snippet":"max-snippet:-1","max-image-preview":"max-image-preview:large","max-video-preview":"max-video-preview:-1"},"canonical":"https:\/\/www.eslebedasauto.at\/en\/subaru-solterra-test\/","og_locale":"en_GB","og_type":"article","og_title":"Geerdet mit der Kraft der Sonne. - Es lebe das Auto","og_description":"Bereits seit rund drei Jahren f\u00fchrt Subaru den vollelektrischen Solterra im Programm. Wir waren damit unterwegs.","og_url":"https:\/\/www.eslebedasauto.at\/en\/subaru-solterra-test\/","og_site_name":"Es lebe das Auto","article_publisher":"https:\/\/www.facebook.com\/eslebedasauto.at","article_published_time":"2025-02-10T15:56:03+00:00","article_modified_time":"2025-02-10T16:05:21+00:00","og_image":[{"width":2048,"height":1536,"url":"https:\/\/www.eslebedasauto.at\/wp-content\/uploads\/2023\/07\/IMG_1103.jpeg","type":"image\/jpeg"}],"author":"gerhard","twitter_card":"summary_large_image","twitter_misc":{"Written by":"gerhard","Estimated reading time":"7 minutes"},"schema":{"@context":"https:\/\/schema.org","@graph":[{"@type":"Article","@id":"https:\/\/www.eslebedasauto.at\/subaru-solterra-test\/#article","isPartOf":{"@id":"https:\/\/www.eslebedasauto.at\/subaru-solterra-test\/"},"author":{"name":"gerhard","@id":"https:\/\/www.eslebedasauto.at\/#\/schema\/person\/fb81218b0bed500d225ff518f9f17033"},"headline":"Geerdet mit der Kraft der Sonne.","datePublished":"2025-02-10T15:56:03+00:00","dateModified":"2025-02-10T16:05:21+00:00","mainEntityOfPage":{"@id":"https:\/\/www.eslebedasauto.at\/subaru-solterra-test\/"},"wordCount":696,"commentCount":0,"publisher":{"@id":"https:\/\/www.eslebedasauto.at\/#organization"},"image":{"@id":"https:\/\/www.eslebedasauto.at\/subaru-solterra-test\/#primaryimage"},"thumbnailUrl":"https:\/\/www.eslebedasauto.at\/wp-content\/uploads\/2023\/07\/IMG_1103.jpeg","articleSection":["Electrofun","Fahrberichte"],"inLanguage":"en-GB","potentialAction":[{"@type":"CommentAction","name":"Comment","target":["https:\/\/www.eslebedasauto.at\/subaru-solterra-test\/#respond"]}]},{"@type":"WebPage","@id":"https:\/\/www.eslebedasauto.at\/subaru-solterra-test\/","url":"https:\/\/www.eslebedasauto.at\/subaru-solterra-test\/","name":"Geerdet mit der Kraft der Sonne. - Es lebe das Auto","isPartOf":{"@id":"https:\/\/www.eslebedasauto.at\/#website"},"primaryImageOfPage":{"@id":"https:\/\/www.eslebedasauto.at\/subaru-solterra-test\/#primaryimage"},"image":{"@id":"https:\/\/www.eslebedasauto.at\/subaru-solterra-test\/#primaryimage"},"thumbnailUrl":"https:\/\/www.eslebedasauto.at\/wp-content\/uploads\/2023\/07\/IMG_1103.jpeg","datePublished":"2025-02-10T15:56:03+00:00","dateModified":"2025-02-10T16:05:21+00:00","description":"Bereits seit rund drei Jahren f\u00fchrt Subaru den vollelektrischen Solterra im Programm. Wir waren damit unterwegs.","breadcrumb":{"@id":"https:\/\/www.eslebedasauto.at\/subaru-solterra-test\/#breadcrumb"},"inLanguage":"en-GB","potentialAction":[{"@type":"ReadAction","target":["https:\/\/www.eslebedasauto.at\/subaru-solterra-test\/"]}]},{"@type":"ImageObject","inLanguage":"en-GB","@id":"https:\/\/www.eslebedasauto.at\/subaru-solterra-test\/#primaryimage","url":"https:\/\/www.eslebedasauto.at\/wp-content\/uploads\/2023\/07\/IMG_1103.jpeg","contentUrl":"https:\/\/www.eslebedasauto.at\/wp-content\/uploads\/2023\/07\/IMG_1103.jpeg","width":2048,"height":1536},{"@type":"BreadcrumbList","@id":"https:\/\/www.eslebedasauto.at\/subaru-solterra-test\/#breadcrumb","itemListElement":[{"@type":"ListItem","position":1,"name":"Startseite","item":"https:\/\/www.eslebedasauto.at\/"},{"@type":"ListItem","position":2,"name":"Geerdet mit der Kraft der Sonne."}]},{"@type":"WebSite","@id":"https:\/\/www.eslebedasauto.at\/#website","url":"https:\/\/www.eslebedasauto.at\/","name":"Es lebe das Auto","description":"ein Hoch auf den Individualverkehr","publisher":{"@id":"https:\/\/www.eslebedasauto.at\/#organization"},"potentialAction":[{"@type":"SearchAction","target":{"@type":"EntryPoint","urlTemplate":"https:\/\/www.eslebedasauto.at\/?s={search_term_string}"},"query-input":{"@type":"PropertyValueSpecification","valueRequired":true,"valueName":"search_term_string"}}],"inLanguage":"en-GB"},{"@type":"Organization","@id":"https:\/\/www.eslebedasauto.at\/#organization","name":"eslebedasauto","url":"https:\/\/www.eslebedasauto.at\/","logo":{"@type":"ImageObject","inLanguage":"en-GB","@id":"https:\/\/www.eslebedasauto.at\/#\/schema\/logo\/image\/","url":"https:\/\/www.eslebedasauto.at\/wp-content\/uploads\/2025\/10\/eldarund.png","contentUrl":"https:\/\/www.eslebedasauto.at\/wp-content\/uploads\/2025\/10\/eldarund.png","width":1024,"height":1024,"caption":"eslebedasauto"},"image":{"@id":"https:\/\/www.eslebedasauto.at\/#\/schema\/logo\/image\/"},"sameAs":["https:\/\/www.facebook.com\/eslebedasauto.at","https:\/\/www.instagram.com\/es_lebe_das_auto\/"]},{"@type":"Person","@id":"https:\/\/www.eslebedasauto.at\/#\/schema\/person\/fb81218b0bed500d225ff518f9f17033","name":"gerhard","url":"https:\/\/www.eslebedasauto.at\/en\/author\/gerhard\/"}]}},"_links":{"self":[{"href":"https:\/\/www.eslebedasauto.at\/en\/wp-json\/wp\/v2\/posts\/92574","targetHints":{"allow":["GET"]}}],"collection":[{"href":"https:\/\/www.eslebedasauto.at\/en\/wp-json\/wp\/v2\/posts"}],"about":[{"href":"https:\/\/www.eslebedasauto.at\/en\/wp-json\/wp\/v2\/types\/post"}],"author":[{"embeddable":true,"href":"https:\/\/www.eslebedasauto.at\/en\/wp-json\/wp\/v2\/users\/2"}],"replies":[{"embeddable":true,"href":"https:\/\/www.eslebedasauto.at\/en\/wp-json\/wp\/v2\/comments?post=92574"}],"version-history":[{"count":14,"href":"https:\/\/www.eslebedasauto.at\/en\/wp-json\/wp\/v2\/posts\/92574\/revisions"}],"predecessor-version":[{"id":97831,"href":"https:\/\/www.eslebedasauto.at\/en\/wp-json\/wp\/v2\/posts\/92574\/revisions\/97831"}],"wp:featuredmedia":[{"embeddable":true,"href":"https:\/\/www.eslebedasauto.at\/en\/wp-json\/wp\/v2\/media\/97816"}],"wp:attachment":[{"href":"https:\/\/www.eslebedasauto.at\/en\/wp-json\/wp\/v2\/media?parent=92574"}],"wp:term":[{"taxonomy":"category","embeddable":true,"href":"https:\/\/www.eslebedasauto.at\/en\/wp-json\/wp\/v2\/categories?post=92574"},{"taxonomy":"post_tag","embeddable":true,"href":"https:\/\/www.eslebedasauto.at\/en\/wp-json\/wp\/v2\/tags?post=92574"}],"curies":[{"name":"wp","href":"https:\/\/api.w.org\/{rel}","templated":true}]}}