{"id":92560,"date":"2023-07-03T18:13:14","date_gmt":"2023-07-03T16:13:14","guid":{"rendered":"https:\/\/www.eslebedasauto.at\/?p=92560"},"modified":"2023-07-03T18:26:46","modified_gmt":"2023-07-03T16:26:46","slug":"renault-austral-160-test","status":"publish","type":"post","link":"https:\/\/www.eslebedasauto.at\/en\/renault-austral-160-test\/","title":{"rendered":"Ein Hauch von Alpine."},"content":{"rendered":"<h3 id=\"erstmals-kommt-bei-renault-die-ausstattungslinie-esprit-alpine-zum-einsatz-unser-testwagen-war-damit-ausgestattet\" class=\"wp-block-heading\">Erstmals kommt bei Renault die Ausstattungslinie &#8222;Esprit Alpine&#8220; zum Einsatz. Unser Testwagen war damit ausgestattet. <\/h3>\n\n\n\n<figure class=\"wp-block-image size-large\"><img fetchpriority=\"high\" decoding=\"async\" width=\"1024\" height=\"768\" src=\"https:\/\/www.eslebedasauto.at\/wp-content\/uploads\/2023\/06\/IMG_3408-1024x768.jpeg\" alt=\"\" class=\"wp-image-92556\" srcset=\"https:\/\/www.eslebedasauto.at\/wp-content\/uploads\/2023\/06\/IMG_3408-1024x768.jpeg 1024w, https:\/\/www.eslebedasauto.at\/wp-content\/uploads\/2023\/06\/IMG_3408-300x225.jpeg 300w, https:\/\/www.eslebedasauto.at\/wp-content\/uploads\/2023\/06\/IMG_3408-768x576.jpeg 768w, https:\/\/www.eslebedasauto.at\/wp-content\/uploads\/2023\/06\/IMG_3408-1536x1152.jpeg 1536w, https:\/\/www.eslebedasauto.at\/wp-content\/uploads\/2023\/06\/IMG_3408-800x600.jpeg 800w, https:\/\/www.eslebedasauto.at\/wp-content\/uploads\/2023\/06\/IMG_3408-1160x870.jpeg 1160w, https:\/\/www.eslebedasauto.at\/wp-content\/uploads\/2023\/06\/IMG_3408.jpeg 2048w\" sizes=\"(max-width: 1024px) 100vw, 1024px\" \/><\/figure>\n\n\n\n<p>Aus Kadjar wurde Austral. Der Kontinent Australien ist dabei aber nicht gemeint. Der Name Austral ist vom lateinischen Wort \u201eaustralis\u201c (= s\u00fcdlich) abgeleitet. Der neue Modellname soll Internationalit\u00e4t, wie auch Assoziationen an s\u00fcdl\u00e4ndische L\u00e4nder vermitteln. Austral klingt auch besser als das harte &#8222;Kadjar&#8220; &#8211; finden zumindest wir.<\/p>\n\n\n\n<figure class=\"wp-block-image size-large\"><img decoding=\"async\" width=\"1024\" height=\"768\" src=\"https:\/\/www.eslebedasauto.at\/wp-content\/uploads\/2023\/06\/IMG_3403-1024x768.jpeg\" alt=\"\" class=\"wp-image-92552\" srcset=\"https:\/\/www.eslebedasauto.at\/wp-content\/uploads\/2023\/06\/IMG_3403-1024x768.jpeg 1024w, https:\/\/www.eslebedasauto.at\/wp-content\/uploads\/2023\/06\/IMG_3403-300x225.jpeg 300w, https:\/\/www.eslebedasauto.at\/wp-content\/uploads\/2023\/06\/IMG_3403-768x576.jpeg 768w, https:\/\/www.eslebedasauto.at\/wp-content\/uploads\/2023\/06\/IMG_3403-1536x1152.jpeg 1536w, https:\/\/www.eslebedasauto.at\/wp-content\/uploads\/2023\/06\/IMG_3403-800x600.jpeg 800w, https:\/\/www.eslebedasauto.at\/wp-content\/uploads\/2023\/06\/IMG_3403-1160x870.jpeg 1160w, https:\/\/www.eslebedasauto.at\/wp-content\/uploads\/2023\/06\/IMG_3403.jpeg 2048w\" sizes=\"(max-width: 1024px) 100vw, 1024px\" \/><\/figure>\n\n\n\n<p>Angeboten wird das SUV in f\u00fcnf Ausstattungen und drei Leistungsstufen. Beim Austral Mild Hybrid 140 und Mild Hybrid 160 unterst\u00fctzt ein Startergenerator inklusive 12-Volt-Lithiumionen-Akku den 1,3-Liter-Turbobenziner. Topmotorisierung ist der Austral E-Tech Full Hybrid 200 seines Zeichens Vollhybrid.<\/p>\n\n\n\n<figure class=\"wp-block-image size-large\"><img decoding=\"async\" width=\"1024\" height=\"768\" src=\"https:\/\/www.eslebedasauto.at\/wp-content\/uploads\/2023\/06\/IMG_3402-1024x768.jpeg\" alt=\"\" class=\"wp-image-92550\" srcset=\"https:\/\/www.eslebedasauto.at\/wp-content\/uploads\/2023\/06\/IMG_3402-1024x768.jpeg 1024w, https:\/\/www.eslebedasauto.at\/wp-content\/uploads\/2023\/06\/IMG_3402-300x225.jpeg 300w, https:\/\/www.eslebedasauto.at\/wp-content\/uploads\/2023\/06\/IMG_3402-768x576.jpeg 768w, https:\/\/www.eslebedasauto.at\/wp-content\/uploads\/2023\/06\/IMG_3402-1536x1152.jpeg 1536w, https:\/\/www.eslebedasauto.at\/wp-content\/uploads\/2023\/06\/IMG_3402-800x600.jpeg 800w, https:\/\/www.eslebedasauto.at\/wp-content\/uploads\/2023\/06\/IMG_3402-1160x870.jpeg 1160w, https:\/\/www.eslebedasauto.at\/wp-content\/uploads\/2023\/06\/IMG_3402.jpeg 2048w\" sizes=\"(max-width: 1024px) 100vw, 1024px\" \/><\/figure>\n\n\n\n<h4 id=\"der-renault-austral-mild-hybrid-160-war-jetzt-bei-uns-zu-gast-im-testfuhrpark\" class=\"wp-block-heading\">Der Renault Austral Mild Hybrid 160 war jetzt bei uns zu Gast im Testfuhrpark.<\/h4>\n\n\n\n<p>Renault nennt das neue Design &#8222;sensual&#8220; , also sinnlich. Nun ja, es gibt sinnlichere Autos aber eines muss man dem Renault Austral schon zugestehen &#8211; er sieht modern und bullig aus. Das liegt vor allem aber auch am oben erw\u00e4hnten &#8222;Esprit Alpine&#8220;-Paket. Das gut viereinhalb Meter lange und 1,82 Meter breite Kompakt-SUV nutzt die neue CMF-CD-Plattform, welche auch von den Konzernmarken Nissan und Mitsubishi verwendet wird. <\/p>\n\n\n\n<figure class=\"wp-block-gallery has-nested-images columns-default is-cropped wp-block-gallery-1 is-layout-flex wp-block-gallery-is-layout-flex\">\n<figure class=\"wp-block-image size-large\"><img loading=\"lazy\" decoding=\"async\" width=\"1024\" height=\"768\" data-id=\"92558\" src=\"https:\/\/www.eslebedasauto.at\/wp-content\/uploads\/2023\/06\/IMG_3411-1024x768.jpeg\" alt=\"\" class=\"wp-image-92558\" srcset=\"https:\/\/www.eslebedasauto.at\/wp-content\/uploads\/2023\/06\/IMG_3411-1024x768.jpeg 1024w, https:\/\/www.eslebedasauto.at\/wp-content\/uploads\/2023\/06\/IMG_3411-300x225.jpeg 300w, https:\/\/www.eslebedasauto.at\/wp-content\/uploads\/2023\/06\/IMG_3411-768x576.jpeg 768w, https:\/\/www.eslebedasauto.at\/wp-content\/uploads\/2023\/06\/IMG_3411-1536x1152.jpeg 1536w, https:\/\/www.eslebedasauto.at\/wp-content\/uploads\/2023\/06\/IMG_3411-800x600.jpeg 800w, https:\/\/www.eslebedasauto.at\/wp-content\/uploads\/2023\/06\/IMG_3411-1160x870.jpeg 1160w, https:\/\/www.eslebedasauto.at\/wp-content\/uploads\/2023\/06\/IMG_3411.jpeg 2048w\" sizes=\"(max-width: 1024px) 100vw, 1024px\" \/><\/figure>\n\n\n\n<figure class=\"wp-block-image size-large\"><img loading=\"lazy\" decoding=\"async\" width=\"1024\" height=\"768\" data-id=\"92557\" src=\"https:\/\/www.eslebedasauto.at\/wp-content\/uploads\/2023\/06\/IMG_3410-1024x768.jpeg\" alt=\"\" class=\"wp-image-92557\" srcset=\"https:\/\/www.eslebedasauto.at\/wp-content\/uploads\/2023\/06\/IMG_3410-1024x768.jpeg 1024w, https:\/\/www.eslebedasauto.at\/wp-content\/uploads\/2023\/06\/IMG_3410-300x225.jpeg 300w, https:\/\/www.eslebedasauto.at\/wp-content\/uploads\/2023\/06\/IMG_3410-768x576.jpeg 768w, https:\/\/www.eslebedasauto.at\/wp-content\/uploads\/2023\/06\/IMG_3410-1536x1152.jpeg 1536w, https:\/\/www.eslebedasauto.at\/wp-content\/uploads\/2023\/06\/IMG_3410-800x600.jpeg 800w, https:\/\/www.eslebedasauto.at\/wp-content\/uploads\/2023\/06\/IMG_3410-1160x870.jpeg 1160w, https:\/\/www.eslebedasauto.at\/wp-content\/uploads\/2023\/06\/IMG_3410.jpeg 2048w\" sizes=\"(max-width: 1024px) 100vw, 1024px\" \/><\/figure>\n<\/figure>\n\n\n\n<p>Besonders pr\u00e4gnant ist die Front, die ein \u00fcberdimensionales Renault-Logo vor sich her tr\u00e4gt. Vom <a href=\"https:\/\/www.eslebedasauto.at\/en\/megane-e-tech-electric-test\/\">Renault Megane E-Tech<\/a> kennen wir die farblich abgesetzten Spangen im Frontspoiler. Die 20 Zoll gro\u00dfen R\u00e4der dominieren die Seitenansicht. Dieses Reifenformat hat bei Renault mittlerweile schon Tradition. Wie so oft in solchen F\u00e4llen hat die tolle optische Wirkung solcher R\u00e4der aber auch negative Einfl\u00fcsse auf das Abrollverhalten &#8211; der eigentlich komfortabel abgestimmte Austral rumpelt teilweise h\u00f6rbar \u00fcber schlechte Stra\u00dfen &#8211; da fehlt es einfach an der Eigend\u00e4mpfung der niedrigen Reifenflanken.<\/p>\n\n\n\n<figure class=\"wp-block-image size-large\"><img loading=\"lazy\" decoding=\"async\" width=\"1024\" height=\"768\" src=\"https:\/\/www.eslebedasauto.at\/wp-content\/uploads\/2023\/06\/IMG_3405-1024x768.jpeg\" alt=\"\" class=\"wp-image-92553\" srcset=\"https:\/\/www.eslebedasauto.at\/wp-content\/uploads\/2023\/06\/IMG_3405-1024x768.jpeg 1024w, https:\/\/www.eslebedasauto.at\/wp-content\/uploads\/2023\/06\/IMG_3405-300x225.jpeg 300w, https:\/\/www.eslebedasauto.at\/wp-content\/uploads\/2023\/06\/IMG_3405-768x576.jpeg 768w, https:\/\/www.eslebedasauto.at\/wp-content\/uploads\/2023\/06\/IMG_3405-1536x1152.jpeg 1536w, https:\/\/www.eslebedasauto.at\/wp-content\/uploads\/2023\/06\/IMG_3405-800x600.jpeg 800w, https:\/\/www.eslebedasauto.at\/wp-content\/uploads\/2023\/06\/IMG_3405-1160x870.jpeg 1160w, https:\/\/www.eslebedasauto.at\/wp-content\/uploads\/2023\/06\/IMG_3405.jpeg 2048w\" sizes=\"(max-width: 1024px) 100vw, 1024px\" \/><\/figure>\n\n\n\n<p>Im gro\u00dfz\u00fcgigen Innenraum kommen viele Elemente aus dem elektrisch angetriebenen M\u00e9gane zum Einsatz. Vor dem Fahrer befinden sich zwei Bildschirme, die sich zu einer Fl\u00e4che von bis zu 774 Quadratzentimetern summieren. Hoch anzurechnen ist es Renault, dass sich wichtige Features wie die Klimatisierung \u00fcber eine eigene Schalterleiste bedienen lassen. Ebenso wurde die Handauflage \u00fcber der Mittelkonsole aus dem M\u00e9gane E-Tech \u00fcbernommen, damit l\u00e4sst das ganze Infotainment am Touchscreen auch w\u00e4hrend der Fahrt halbwegs zielsicher bedienen. <\/p>\n\n\n\n<figure class=\"wp-block-image size-large\"><img loading=\"lazy\" decoding=\"async\" width=\"1024\" height=\"768\" src=\"https:\/\/www.eslebedasauto.at\/wp-content\/uploads\/2023\/06\/IMG_3413-1024x768.jpeg\" alt=\"\" class=\"wp-image-92559\" srcset=\"https:\/\/www.eslebedasauto.at\/wp-content\/uploads\/2023\/06\/IMG_3413-1024x768.jpeg 1024w, https:\/\/www.eslebedasauto.at\/wp-content\/uploads\/2023\/06\/IMG_3413-300x225.jpeg 300w, https:\/\/www.eslebedasauto.at\/wp-content\/uploads\/2023\/06\/IMG_3413-768x576.jpeg 768w, https:\/\/www.eslebedasauto.at\/wp-content\/uploads\/2023\/06\/IMG_3413-1536x1152.jpeg 1536w, https:\/\/www.eslebedasauto.at\/wp-content\/uploads\/2023\/06\/IMG_3413-800x600.jpeg 800w, https:\/\/www.eslebedasauto.at\/wp-content\/uploads\/2023\/06\/IMG_3413-1160x870.jpeg 1160w, https:\/\/www.eslebedasauto.at\/wp-content\/uploads\/2023\/06\/IMG_3413.jpeg 2048w\" sizes=\"(max-width: 1024px) 100vw, 1024px\" \/><\/figure>\n\n\n\n<p>Inflation\u00e4r sind die Bedienhebel hinterm Lenkrad, neben dem Schalthebel findet man noch einen Satelliten f\u00fcr\u00b4s Radio, die Scheibenwischerbedienung sowie den Blinkerhebel. Nicht ganz Auto-affine Menschen sind damit vielleicht anf\u00e4nglich ein wenig \u00fcberfordert, zumal das Ganze auch nicht sehr ergonomisch angeordnet ist.<\/p>\n\n\n\n<figure class=\"wp-block-image size-large\"><img loading=\"lazy\" decoding=\"async\" width=\"1024\" height=\"768\" src=\"https:\/\/www.eslebedasauto.at\/wp-content\/uploads\/2023\/06\/IMG_3399-1024x768.jpeg\" alt=\"\" class=\"wp-image-92547\" srcset=\"https:\/\/www.eslebedasauto.at\/wp-content\/uploads\/2023\/06\/IMG_3399-1024x768.jpeg 1024w, https:\/\/www.eslebedasauto.at\/wp-content\/uploads\/2023\/06\/IMG_3399-300x225.jpeg 300w, https:\/\/www.eslebedasauto.at\/wp-content\/uploads\/2023\/06\/IMG_3399-768x576.jpeg 768w, https:\/\/www.eslebedasauto.at\/wp-content\/uploads\/2023\/06\/IMG_3399-1536x1152.jpeg 1536w, https:\/\/www.eslebedasauto.at\/wp-content\/uploads\/2023\/06\/IMG_3399-800x600.jpeg 800w, https:\/\/www.eslebedasauto.at\/wp-content\/uploads\/2023\/06\/IMG_3399-1160x870.jpeg 1160w, https:\/\/www.eslebedasauto.at\/wp-content\/uploads\/2023\/06\/IMG_3399.jpeg 2048w\" sizes=\"(max-width: 1024px) 100vw, 1024px\" \/><\/figure>\n\n\n\n<p><strong>Die Esprit Alpine-Ausstattungsvariante wurde zudem auch im Innenraum aufgewertet:  <\/strong>Neben der Alpine-blauen Ambientebeleuchtung, sowie jeder Menge weiterer Deko-Elemente im Stil der Sportwagenfirma, sitzt man auch auf etwas sportlicher geschnittenen Sitzen mit Alpine-Logo auf den Kopfst\u00fctzen. Den Seitenhalt dieser Sitze w\u00fcrde man allerdings nicht ben\u00f6tigen, denn der Renault Austral Mild Hybrid 160 will eigentlich gar nicht sportlich sein.<\/p>\n\n\n\n<figure class=\"wp-block-image size-large\"><img loading=\"lazy\" decoding=\"async\" width=\"1024\" height=\"768\" src=\"https:\/\/www.eslebedasauto.at\/wp-content\/uploads\/2023\/06\/IMG_3401-1024x768.jpeg\" alt=\"\" class=\"wp-image-92549\" srcset=\"https:\/\/www.eslebedasauto.at\/wp-content\/uploads\/2023\/06\/IMG_3401-1024x768.jpeg 1024w, https:\/\/www.eslebedasauto.at\/wp-content\/uploads\/2023\/06\/IMG_3401-300x225.jpeg 300w, https:\/\/www.eslebedasauto.at\/wp-content\/uploads\/2023\/06\/IMG_3401-768x576.jpeg 768w, https:\/\/www.eslebedasauto.at\/wp-content\/uploads\/2023\/06\/IMG_3401-1536x1152.jpeg 1536w, https:\/\/www.eslebedasauto.at\/wp-content\/uploads\/2023\/06\/IMG_3401-800x600.jpeg 800w, https:\/\/www.eslebedasauto.at\/wp-content\/uploads\/2023\/06\/IMG_3401-1160x870.jpeg 1160w, https:\/\/www.eslebedasauto.at\/wp-content\/uploads\/2023\/06\/IMG_3401.jpeg 2048w\" sizes=\"(max-width: 1024px) 100vw, 1024px\" \/><\/figure>\n\n\n\n<p>Erstens ist das Fahrwerk eindeutig in Richtung Komfort abgestimmt und zweitens ist die Mild-Hybrid Motorisierung nicht unbedingt ein Ausbund an Dynamik. Das \u00e4ndert sich auch nicht wesentlich, wenn man das Fahrzeug mittels Fahrmodus-Schalter am Lenkrad auf &#8222;Sport&#8220; trimmt. Der Motor ist ein braver Geselle, der es am liebsten hat, wenn man nicht ganz so eilig unterwegs ist. Leider l\u00e4sst sich das Mildhybrid-System teilweise nicht ganz verheimlichen, man merkt hin und wieder kleine Probleme beim Zusammenspiel mit dem Benziner. Dann ruckelt es im Antrieb. Verbrauchstechnisch gibt\u00b4s daf\u00fcr wenig zu meckern &#8211; wir schafften einen Testschnitt von rund sieben Litern auf hundert Kilometer.<\/p>\n\n\n\n<figure class=\"wp-block-image size-large\"><img loading=\"lazy\" decoding=\"async\" width=\"768\" height=\"1024\" src=\"https:\/\/www.eslebedasauto.at\/wp-content\/uploads\/2023\/06\/IMG_3406-768x1024.jpeg\" alt=\"\" class=\"wp-image-92554\" srcset=\"https:\/\/www.eslebedasauto.at\/wp-content\/uploads\/2023\/06\/IMG_3406-768x1024.jpeg 768w, https:\/\/www.eslebedasauto.at\/wp-content\/uploads\/2023\/06\/IMG_3406-225x300.jpeg 225w, https:\/\/www.eslebedasauto.at\/wp-content\/uploads\/2023\/06\/IMG_3406-1152x1536.jpeg 1152w, https:\/\/www.eslebedasauto.at\/wp-content\/uploads\/2023\/06\/IMG_3406-800x1067.jpeg 800w, https:\/\/www.eslebedasauto.at\/wp-content\/uploads\/2023\/06\/IMG_3406-1160x1547.jpeg 1160w, https:\/\/www.eslebedasauto.at\/wp-content\/uploads\/2023\/06\/IMG_3406.jpeg 1536w\" sizes=\"(max-width: 768px) 100vw, 768px\" \/><\/figure>\n\n\n\n<p><strong>Das Fahrwerk des Renault Austral ist franz\u00f6sisch komfortabel. <\/strong>Auch auf rauem Untergrund bleibt der\u00a0Austral\u00a0ausgewogen, lediglich die 20-Z\u00f6ller bringen etwas Unruhe ins Fortkommen &#8211; aber wie hei\u00dft es so sch\u00f6n: Wer sch\u00f6n sein will, muss leiden. Die Lenkung ist Renault wirklich gelungen, sie spricht feinf\u00fchlig an und auch der Wendekreis ist f\u00fcr ein Auto dieses Kalibers sensationell gering. <\/p>\n\n\n\n<figure class=\"wp-block-image size-large\"><img loading=\"lazy\" decoding=\"async\" width=\"768\" height=\"1024\" src=\"https:\/\/www.eslebedasauto.at\/wp-content\/uploads\/2023\/06\/IMG_3396-768x1024.jpeg\" alt=\"\" class=\"wp-image-92546\" srcset=\"https:\/\/www.eslebedasauto.at\/wp-content\/uploads\/2023\/06\/IMG_3396-768x1024.jpeg 768w, https:\/\/www.eslebedasauto.at\/wp-content\/uploads\/2023\/06\/IMG_3396-225x300.jpeg 225w, https:\/\/www.eslebedasauto.at\/wp-content\/uploads\/2023\/06\/IMG_3396-1152x1536.jpeg 1152w, https:\/\/www.eslebedasauto.at\/wp-content\/uploads\/2023\/06\/IMG_3396-800x1067.jpeg 800w, https:\/\/www.eslebedasauto.at\/wp-content\/uploads\/2023\/06\/IMG_3396-1160x1547.jpeg 1160w, https:\/\/www.eslebedasauto.at\/wp-content\/uploads\/2023\/06\/IMG_3396.jpeg 1536w\" sizes=\"(max-width: 768px) 100vw, 768px\" \/><\/figure>\n\n\n\n<p><strong>Sicherheit geht auch bei Renault vor. <\/strong>Insgesamt 32 Assistenzsysteme stehen Fahrer zur Verf\u00fcgung, wobei der Notbremsassistent mit Fu\u00dfg\u00e4ngererkennung, Sicherheitsabstandwarner, M\u00fcdigkeits- und Verkehrszeichenerkennung sowie ein Notfall-Spurhalteassistent zur Serienausstattung geh\u00f6ren.<\/p>\n\n\n\n<figure class=\"wp-block-image size-large\"><img loading=\"lazy\" decoding=\"async\" width=\"1024\" height=\"768\" src=\"https:\/\/www.eslebedasauto.at\/wp-content\/uploads\/2023\/06\/IMG_3404-1024x768.jpeg\" alt=\"\" class=\"wp-image-92551\" srcset=\"https:\/\/www.eslebedasauto.at\/wp-content\/uploads\/2023\/06\/IMG_3404-1024x768.jpeg 1024w, https:\/\/www.eslebedasauto.at\/wp-content\/uploads\/2023\/06\/IMG_3404-300x225.jpeg 300w, https:\/\/www.eslebedasauto.at\/wp-content\/uploads\/2023\/06\/IMG_3404-768x576.jpeg 768w, https:\/\/www.eslebedasauto.at\/wp-content\/uploads\/2023\/06\/IMG_3404-1536x1152.jpeg 1536w, https:\/\/www.eslebedasauto.at\/wp-content\/uploads\/2023\/06\/IMG_3404-800x600.jpeg 800w, https:\/\/www.eslebedasauto.at\/wp-content\/uploads\/2023\/06\/IMG_3404-1160x870.jpeg 1160w, https:\/\/www.eslebedasauto.at\/wp-content\/uploads\/2023\/06\/IMG_3404.jpeg 2048w\" sizes=\"(max-width: 1024px) 100vw, 1024px\" \/><\/figure>\n\n\n\n<h4 id=\"fazit\" class=\"wp-block-heading\">Fazit<\/h4>\n\n\n\n<p>Renault hat mit dem Austral einen mehr als w\u00fcrdigen Nachfolger f\u00fcr die Kadjar auf den Markt gebracht. Neben der tollen Optik punktet das SUV mit viel Platz, guter Qualit\u00e4t und viel Komfort. Motorisch w\u00fcrden wir instinktiv zum 200 PS starken Vollhybrid greifen &#8211; ohne das Auto allerdings getestet zu haben. Aber wer wei\u00df, vielleicht ergibt sich ja irgendwann mal die Chance. <\/p>\n\n\n\n<p>Der <strong>Renault Techno Esprit Alpine Mild Hybrid 160 Automatik <\/strong>steht ab EUR 39.299,99  beim H\u00e4ndler.<\/p>","protected":false},"excerpt":{"rendered":"<p>Schwarze Akzente rundum, 20-Zoll-R\u00e4der sowie eine sportlich gestaltete Frontsch\u00fcrze beinhaltet die Ausstattungslinie &#8222;Esprit Alpine&#8220; des Renault Austral.<\/p>","protected":false},"author":2,"featured_media":92551,"comment_status":"open","ping_status":"open","sticky":false,"template":"","format":"standard","meta":{"neve_meta_sidebar":"","neve_meta_container":"","neve_meta_enable_content_width":"","neve_meta_content_width":0,"neve_meta_title_alignment":"","neve_meta_author_avatar":"","neve_post_elements_order":"","neve_meta_disable_header":"","neve_meta_disable_footer":"","neve_meta_disable_title":"","neve_meta_reading_time":"","footnotes":""},"categories":[14,335,598],"tags":[],"class_list":["post-92560","post","type-post","status-publish","format-standard","has-post-thumbnail","hentry","category-benzin","category-fahrberichte","category-shortmotornews"],"yoast_head":"<!-- This site is optimized with the Yoast SEO plugin v26.8 - https:\/\/yoast.com\/product\/yoast-seo-wordpress\/ -->\n<title>Ein Hauch von Alpine. - Es lebe das Auto<\/title>\n<meta name=\"description\" content=\"Schwarze Akzente rundum, 20-Zoll-R\u00e4der sowie eine sportlich gestaltete Frontsch\u00fcrze beinhaltet die Ausstattungslinie &quot;Esprit Alpine&quot;\" \/>\n<meta name=\"robots\" content=\"index, follow, max-snippet:-1, max-image-preview:large, max-video-preview:-1\" \/>\n<link rel=\"canonical\" href=\"https:\/\/www.eslebedasauto.at\/en\/renault-austral-160-test\/\" \/>\n<meta property=\"og:locale\" content=\"en_GB\" \/>\n<meta property=\"og:type\" content=\"article\" \/>\n<meta property=\"og:title\" content=\"Ein Hauch von Alpine. - Es lebe das Auto\" \/>\n<meta property=\"og:description\" content=\"Schwarze Akzente rundum, 20-Zoll-R\u00e4der sowie eine sportlich gestaltete Frontsch\u00fcrze beinhaltet die Ausstattungslinie &quot;Esprit Alpine&quot;\" \/>\n<meta property=\"og:url\" content=\"https:\/\/www.eslebedasauto.at\/en\/renault-austral-160-test\/\" \/>\n<meta property=\"og:site_name\" content=\"Es lebe das Auto\" \/>\n<meta property=\"article:publisher\" content=\"https:\/\/www.facebook.com\/eslebedasauto.at\" \/>\n<meta property=\"article:published_time\" content=\"2023-07-03T16:13:14+00:00\" \/>\n<meta property=\"article:modified_time\" content=\"2023-07-03T16:26:46+00:00\" \/>\n<meta property=\"og:image\" content=\"https:\/\/www.eslebedasauto.at\/wp-content\/uploads\/2023\/06\/IMG_3404.jpeg\" \/>\n\t<meta property=\"og:image:width\" content=\"2048\" \/>\n\t<meta property=\"og:image:height\" content=\"1536\" \/>\n\t<meta property=\"og:image:type\" content=\"image\/jpeg\" \/>\n<meta name=\"author\" content=\"gerhard\" \/>\n<meta name=\"twitter:card\" content=\"summary_large_image\" \/>\n<meta name=\"twitter:label1\" content=\"Written by\" \/>\n\t<meta name=\"twitter:data1\" content=\"gerhard\" \/>\n\t<meta name=\"twitter:label2\" content=\"Estimated reading time\" \/>\n\t<meta name=\"twitter:data2\" content=\"7 minutes\" \/>\n<script type=\"application\/ld+json\" class=\"yoast-schema-graph\">{\"@context\":\"https:\/\/schema.org\",\"@graph\":[{\"@type\":\"Article\",\"@id\":\"https:\/\/www.eslebedasauto.at\/renault-austral-160-test\/#article\",\"isPartOf\":{\"@id\":\"https:\/\/www.eslebedasauto.at\/renault-austral-160-test\/\"},\"author\":{\"name\":\"gerhard\",\"@id\":\"https:\/\/www.eslebedasauto.at\/#\/schema\/person\/fb81218b0bed500d225ff518f9f17033\"},\"headline\":\"Ein Hauch von Alpine.\",\"datePublished\":\"2023-07-03T16:13:14+00:00\",\"dateModified\":\"2023-07-03T16:26:46+00:00\",\"mainEntityOfPage\":{\"@id\":\"https:\/\/www.eslebedasauto.at\/renault-austral-160-test\/\"},\"wordCount\":744,\"commentCount\":0,\"publisher\":{\"@id\":\"https:\/\/www.eslebedasauto.at\/#organization\"},\"image\":{\"@id\":\"https:\/\/www.eslebedasauto.at\/renault-austral-160-test\/#primaryimage\"},\"thumbnailUrl\":\"https:\/\/www.eslebedasauto.at\/wp-content\/uploads\/2023\/06\/IMG_3404.jpeg\",\"articleSection\":[\"Benzin\",\"Fahrberichte\",\"Shortmotornews\"],\"inLanguage\":\"en-GB\",\"potentialAction\":[{\"@type\":\"CommentAction\",\"name\":\"Comment\",\"target\":[\"https:\/\/www.eslebedasauto.at\/renault-austral-160-test\/#respond\"]}]},{\"@type\":\"WebPage\",\"@id\":\"https:\/\/www.eslebedasauto.at\/renault-austral-160-test\/\",\"url\":\"https:\/\/www.eslebedasauto.at\/renault-austral-160-test\/\",\"name\":\"Ein Hauch von Alpine. - Es lebe das Auto\",\"isPartOf\":{\"@id\":\"https:\/\/www.eslebedasauto.at\/#website\"},\"primaryImageOfPage\":{\"@id\":\"https:\/\/www.eslebedasauto.at\/renault-austral-160-test\/#primaryimage\"},\"image\":{\"@id\":\"https:\/\/www.eslebedasauto.at\/renault-austral-160-test\/#primaryimage\"},\"thumbnailUrl\":\"https:\/\/www.eslebedasauto.at\/wp-content\/uploads\/2023\/06\/IMG_3404.jpeg\",\"datePublished\":\"2023-07-03T16:13:14+00:00\",\"dateModified\":\"2023-07-03T16:26:46+00:00\",\"description\":\"Schwarze Akzente rundum, 20-Zoll-R\u00e4der sowie eine sportlich gestaltete Frontsch\u00fcrze beinhaltet die Ausstattungslinie \\\"Esprit Alpine\\\"\",\"breadcrumb\":{\"@id\":\"https:\/\/www.eslebedasauto.at\/renault-austral-160-test\/#breadcrumb\"},\"inLanguage\":\"en-GB\",\"potentialAction\":[{\"@type\":\"ReadAction\",\"target\":[\"https:\/\/www.eslebedasauto.at\/renault-austral-160-test\/\"]}]},{\"@type\":\"ImageObject\",\"inLanguage\":\"en-GB\",\"@id\":\"https:\/\/www.eslebedasauto.at\/renault-austral-160-test\/#primaryimage\",\"url\":\"https:\/\/www.eslebedasauto.at\/wp-content\/uploads\/2023\/06\/IMG_3404.jpeg\",\"contentUrl\":\"https:\/\/www.eslebedasauto.at\/wp-content\/uploads\/2023\/06\/IMG_3404.jpeg\",\"width\":2048,\"height\":1536},{\"@type\":\"BreadcrumbList\",\"@id\":\"https:\/\/www.eslebedasauto.at\/renault-austral-160-test\/#breadcrumb\",\"itemListElement\":[{\"@type\":\"ListItem\",\"position\":1,\"name\":\"Startseite\",\"item\":\"https:\/\/www.eslebedasauto.at\/\"},{\"@type\":\"ListItem\",\"position\":2,\"name\":\"Ein Hauch von Alpine.\"}]},{\"@type\":\"WebSite\",\"@id\":\"https:\/\/www.eslebedasauto.at\/#website\",\"url\":\"https:\/\/www.eslebedasauto.at\/\",\"name\":\"Es lebe das Auto\",\"description\":\"ein Hoch auf den Individualverkehr\",\"publisher\":{\"@id\":\"https:\/\/www.eslebedasauto.at\/#organization\"},\"potentialAction\":[{\"@type\":\"SearchAction\",\"target\":{\"@type\":\"EntryPoint\",\"urlTemplate\":\"https:\/\/www.eslebedasauto.at\/?s={search_term_string}\"},\"query-input\":{\"@type\":\"PropertyValueSpecification\",\"valueRequired\":true,\"valueName\":\"search_term_string\"}}],\"inLanguage\":\"en-GB\"},{\"@type\":\"Organization\",\"@id\":\"https:\/\/www.eslebedasauto.at\/#organization\",\"name\":\"eslebedasauto\",\"url\":\"https:\/\/www.eslebedasauto.at\/\",\"logo\":{\"@type\":\"ImageObject\",\"inLanguage\":\"en-GB\",\"@id\":\"https:\/\/www.eslebedasauto.at\/#\/schema\/logo\/image\/\",\"url\":\"https:\/\/www.eslebedasauto.at\/wp-content\/uploads\/2025\/10\/eldarund.png\",\"contentUrl\":\"https:\/\/www.eslebedasauto.at\/wp-content\/uploads\/2025\/10\/eldarund.png\",\"width\":1024,\"height\":1024,\"caption\":\"eslebedasauto\"},\"image\":{\"@id\":\"https:\/\/www.eslebedasauto.at\/#\/schema\/logo\/image\/\"},\"sameAs\":[\"https:\/\/www.facebook.com\/eslebedasauto.at\",\"https:\/\/www.instagram.com\/es_lebe_das_auto\/\"]},{\"@type\":\"Person\",\"@id\":\"https:\/\/www.eslebedasauto.at\/#\/schema\/person\/fb81218b0bed500d225ff518f9f17033\",\"name\":\"gerhard\",\"url\":\"https:\/\/www.eslebedasauto.at\/en\/author\/gerhard\/\"}]}<\/script>\n<!-- \/ Yoast SEO plugin. -->","yoast_head_json":{"title":"Ein Hauch von Alpine. - Es lebe das Auto","description":"Schwarze Akzente rundum, 20-Zoll-R\u00e4der sowie eine sportlich gestaltete Frontsch\u00fcrze beinhaltet die Ausstattungslinie \"Esprit Alpine\"","robots":{"index":"index","follow":"follow","max-snippet":"max-snippet:-1","max-image-preview":"max-image-preview:large","max-video-preview":"max-video-preview:-1"},"canonical":"https:\/\/www.eslebedasauto.at\/en\/renault-austral-160-test\/","og_locale":"en_GB","og_type":"article","og_title":"Ein Hauch von Alpine. - Es lebe das Auto","og_description":"Schwarze Akzente rundum, 20-Zoll-R\u00e4der sowie eine sportlich gestaltete Frontsch\u00fcrze beinhaltet die Ausstattungslinie \"Esprit Alpine\"","og_url":"https:\/\/www.eslebedasauto.at\/en\/renault-austral-160-test\/","og_site_name":"Es lebe das Auto","article_publisher":"https:\/\/www.facebook.com\/eslebedasauto.at","article_published_time":"2023-07-03T16:13:14+00:00","article_modified_time":"2023-07-03T16:26:46+00:00","og_image":[{"width":2048,"height":1536,"url":"https:\/\/www.eslebedasauto.at\/wp-content\/uploads\/2023\/06\/IMG_3404.jpeg","type":"image\/jpeg"}],"author":"gerhard","twitter_card":"summary_large_image","twitter_misc":{"Written by":"gerhard","Estimated reading time":"7 minutes"},"schema":{"@context":"https:\/\/schema.org","@graph":[{"@type":"Article","@id":"https:\/\/www.eslebedasauto.at\/renault-austral-160-test\/#article","isPartOf":{"@id":"https:\/\/www.eslebedasauto.at\/renault-austral-160-test\/"},"author":{"name":"gerhard","@id":"https:\/\/www.eslebedasauto.at\/#\/schema\/person\/fb81218b0bed500d225ff518f9f17033"},"headline":"Ein Hauch von Alpine.","datePublished":"2023-07-03T16:13:14+00:00","dateModified":"2023-07-03T16:26:46+00:00","mainEntityOfPage":{"@id":"https:\/\/www.eslebedasauto.at\/renault-austral-160-test\/"},"wordCount":744,"commentCount":0,"publisher":{"@id":"https:\/\/www.eslebedasauto.at\/#organization"},"image":{"@id":"https:\/\/www.eslebedasauto.at\/renault-austral-160-test\/#primaryimage"},"thumbnailUrl":"https:\/\/www.eslebedasauto.at\/wp-content\/uploads\/2023\/06\/IMG_3404.jpeg","articleSection":["Benzin","Fahrberichte","Shortmotornews"],"inLanguage":"en-GB","potentialAction":[{"@type":"CommentAction","name":"Comment","target":["https:\/\/www.eslebedasauto.at\/renault-austral-160-test\/#respond"]}]},{"@type":"WebPage","@id":"https:\/\/www.eslebedasauto.at\/renault-austral-160-test\/","url":"https:\/\/www.eslebedasauto.at\/renault-austral-160-test\/","name":"Ein Hauch von Alpine. - Es lebe das Auto","isPartOf":{"@id":"https:\/\/www.eslebedasauto.at\/#website"},"primaryImageOfPage":{"@id":"https:\/\/www.eslebedasauto.at\/renault-austral-160-test\/#primaryimage"},"image":{"@id":"https:\/\/www.eslebedasauto.at\/renault-austral-160-test\/#primaryimage"},"thumbnailUrl":"https:\/\/www.eslebedasauto.at\/wp-content\/uploads\/2023\/06\/IMG_3404.jpeg","datePublished":"2023-07-03T16:13:14+00:00","dateModified":"2023-07-03T16:26:46+00:00","description":"Schwarze Akzente rundum, 20-Zoll-R\u00e4der sowie eine sportlich gestaltete Frontsch\u00fcrze beinhaltet die Ausstattungslinie \"Esprit Alpine\"","breadcrumb":{"@id":"https:\/\/www.eslebedasauto.at\/renault-austral-160-test\/#breadcrumb"},"inLanguage":"en-GB","potentialAction":[{"@type":"ReadAction","target":["https:\/\/www.eslebedasauto.at\/renault-austral-160-test\/"]}]},{"@type":"ImageObject","inLanguage":"en-GB","@id":"https:\/\/www.eslebedasauto.at\/renault-austral-160-test\/#primaryimage","url":"https:\/\/www.eslebedasauto.at\/wp-content\/uploads\/2023\/06\/IMG_3404.jpeg","contentUrl":"https:\/\/www.eslebedasauto.at\/wp-content\/uploads\/2023\/06\/IMG_3404.jpeg","width":2048,"height":1536},{"@type":"BreadcrumbList","@id":"https:\/\/www.eslebedasauto.at\/renault-austral-160-test\/#breadcrumb","itemListElement":[{"@type":"ListItem","position":1,"name":"Startseite","item":"https:\/\/www.eslebedasauto.at\/"},{"@type":"ListItem","position":2,"name":"Ein Hauch von Alpine."}]},{"@type":"WebSite","@id":"https:\/\/www.eslebedasauto.at\/#website","url":"https:\/\/www.eslebedasauto.at\/","name":"Es lebe das Auto","description":"ein Hoch auf den Individualverkehr","publisher":{"@id":"https:\/\/www.eslebedasauto.at\/#organization"},"potentialAction":[{"@type":"SearchAction","target":{"@type":"EntryPoint","urlTemplate":"https:\/\/www.eslebedasauto.at\/?s={search_term_string}"},"query-input":{"@type":"PropertyValueSpecification","valueRequired":true,"valueName":"search_term_string"}}],"inLanguage":"en-GB"},{"@type":"Organization","@id":"https:\/\/www.eslebedasauto.at\/#organization","name":"eslebedasauto","url":"https:\/\/www.eslebedasauto.at\/","logo":{"@type":"ImageObject","inLanguage":"en-GB","@id":"https:\/\/www.eslebedasauto.at\/#\/schema\/logo\/image\/","url":"https:\/\/www.eslebedasauto.at\/wp-content\/uploads\/2025\/10\/eldarund.png","contentUrl":"https:\/\/www.eslebedasauto.at\/wp-content\/uploads\/2025\/10\/eldarund.png","width":1024,"height":1024,"caption":"eslebedasauto"},"image":{"@id":"https:\/\/www.eslebedasauto.at\/#\/schema\/logo\/image\/"},"sameAs":["https:\/\/www.facebook.com\/eslebedasauto.at","https:\/\/www.instagram.com\/es_lebe_das_auto\/"]},{"@type":"Person","@id":"https:\/\/www.eslebedasauto.at\/#\/schema\/person\/fb81218b0bed500d225ff518f9f17033","name":"gerhard","url":"https:\/\/www.eslebedasauto.at\/en\/author\/gerhard\/"}]}},"_links":{"self":[{"href":"https:\/\/www.eslebedasauto.at\/en\/wp-json\/wp\/v2\/posts\/92560","targetHints":{"allow":["GET"]}}],"collection":[{"href":"https:\/\/www.eslebedasauto.at\/en\/wp-json\/wp\/v2\/posts"}],"about":[{"href":"https:\/\/www.eslebedasauto.at\/en\/wp-json\/wp\/v2\/types\/post"}],"author":[{"embeddable":true,"href":"https:\/\/www.eslebedasauto.at\/en\/wp-json\/wp\/v2\/users\/2"}],"replies":[{"embeddable":true,"href":"https:\/\/www.eslebedasauto.at\/en\/wp-json\/wp\/v2\/comments?post=92560"}],"version-history":[{"count":6,"href":"https:\/\/www.eslebedasauto.at\/en\/wp-json\/wp\/v2\/posts\/92560\/revisions"}],"predecessor-version":[{"id":92573,"href":"https:\/\/www.eslebedasauto.at\/en\/wp-json\/wp\/v2\/posts\/92560\/revisions\/92573"}],"wp:featuredmedia":[{"embeddable":true,"href":"https:\/\/www.eslebedasauto.at\/en\/wp-json\/wp\/v2\/media\/92551"}],"wp:attachment":[{"href":"https:\/\/www.eslebedasauto.at\/en\/wp-json\/wp\/v2\/media?parent=92560"}],"wp:term":[{"taxonomy":"category","embeddable":true,"href":"https:\/\/www.eslebedasauto.at\/en\/wp-json\/wp\/v2\/categories?post=92560"},{"taxonomy":"post_tag","embeddable":true,"href":"https:\/\/www.eslebedasauto.at\/en\/wp-json\/wp\/v2\/tags?post=92560"}],"curies":[{"name":"wp","href":"https:\/\/api.w.org\/{rel}","templated":true}]}}