{"id":92490,"date":"2023-06-26T14:11:23","date_gmt":"2023-06-26T12:11:23","guid":{"rendered":"https:\/\/www.eslebedasauto.at\/?p=92490"},"modified":"2023-06-26T21:22:36","modified_gmt":"2023-06-26T19:22:36","slug":"25-jahre-audi-tt","status":"publish","type":"post","link":"https:\/\/www.eslebedasauto.at\/en\/25-jahre-audi-tt\/","title":{"rendered":"Ein Vierteljahrhundert Fahrspa\u00df."},"content":{"rendered":"<h2 id=\"25-jahre-drei-generationen-audi-tt-feiert-sein-jubilaum-mit-einer-unvergesslichen-fahrt\" class=\"wp-block-heading\"><strong>25 Jahre, drei Generationen: Audi TT feiert sein Jubil\u00e4um mit einer unvergesslichen Fahrt<\/strong>.<\/h2>\n\n\n\n<figure class=\"wp-block-image size-large\"><img fetchpriority=\"high\" decoding=\"async\" width=\"1024\" height=\"757\" src=\"https:\/\/www.eslebedasauto.at\/wp-content\/uploads\/2023\/06\/ampnet_photo_20230506_222607-1024x757.jpg\" alt=\"\" class=\"wp-image-92522\" srcset=\"https:\/\/www.eslebedasauto.at\/wp-content\/uploads\/2023\/06\/ampnet_photo_20230506_222607-1024x757.jpg 1024w, https:\/\/www.eslebedasauto.at\/wp-content\/uploads\/2023\/06\/ampnet_photo_20230506_222607-300x222.jpg 300w, https:\/\/www.eslebedasauto.at\/wp-content\/uploads\/2023\/06\/ampnet_photo_20230506_222607-768x567.jpg 768w, https:\/\/www.eslebedasauto.at\/wp-content\/uploads\/2023\/06\/ampnet_photo_20230506_222607-1536x1135.jpg 1536w, https:\/\/www.eslebedasauto.at\/wp-content\/uploads\/2023\/06\/ampnet_photo_20230506_222607-2048x1513.jpg 2048w, https:\/\/www.eslebedasauto.at\/wp-content\/uploads\/2023\/06\/ampnet_photo_20230506_222607-800x591.jpg 800w, https:\/\/www.eslebedasauto.at\/wp-content\/uploads\/2023\/06\/ampnet_photo_20230506_222607-1160x857.jpg 1160w\" sizes=\"(max-width: 1024px) 100vw, 1024px\" \/><\/figure>\n\n\n\n<p>Der Audi TT, ein Meisterwerk des Designs, hat in den letzten 25 Jahren Geschichte geschrieben und die Herzen von Autofans auf der ganzen Welt erobert. Seit seiner ersten Enth\u00fcllung im Jahr 1998 hat dieser Sportwagen mit seinem Fahrspa\u00df und seiner klaren Formensprache begeistert.<\/p>\n\n\n\n<figure class=\"wp-block-image size-large\"><img decoding=\"async\" width=\"1024\" height=\"768\" src=\"https:\/\/www.eslebedasauto.at\/wp-content\/uploads\/2023\/06\/ampnet_photo_20230506_222608-1024x768.jpg\" alt=\"\" class=\"wp-image-92521\" srcset=\"https:\/\/www.eslebedasauto.at\/wp-content\/uploads\/2023\/06\/ampnet_photo_20230506_222608-1024x768.jpg 1024w, https:\/\/www.eslebedasauto.at\/wp-content\/uploads\/2023\/06\/ampnet_photo_20230506_222608-300x225.jpg 300w, https:\/\/www.eslebedasauto.at\/wp-content\/uploads\/2023\/06\/ampnet_photo_20230506_222608-768x576.jpg 768w, https:\/\/www.eslebedasauto.at\/wp-content\/uploads\/2023\/06\/ampnet_photo_20230506_222608-1536x1152.jpg 1536w, https:\/\/www.eslebedasauto.at\/wp-content\/uploads\/2023\/06\/ampnet_photo_20230506_222608-2048x1535.jpg 2048w, https:\/\/www.eslebedasauto.at\/wp-content\/uploads\/2023\/06\/ampnet_photo_20230506_222608-800x600.jpg 800w, https:\/\/www.eslebedasauto.at\/wp-content\/uploads\/2023\/06\/ampnet_photo_20230506_222608-1160x870.jpg 1160w\" sizes=\"(max-width: 1024px) 100vw, 1024px\" \/><\/figure>\n\n\n\n<p>Die Erfolgsgeschichte des Audi TT begann unter der Leitung des amerikanischen Designers Freeman Thomas und dem damaligen Designchef Peter Schreyer. Gemeinsam erschufen sie das puristische Audi TT Coup\u00e9. Im September 1995 pr\u00e4sentierte Audi die Studie dieses Sportwagens auf der IAA in Frankfurt am Main und erntete begeisterte Reaktionen vom Messepublikum. Die Modellbezeichnung &#8222;TT&#8220; ist eine Hommage an die legend\u00e4re Tourist Trophy auf der Isle of Man, eine der \u00e4ltesten Motorsportveranstaltungen der Welt, bei der NSU und DKW mit ihren Motorr\u00e4dern gro\u00dfe Erfolge feierten. Gleichzeitig erinnert der Name &#8222;TT&#8220; an den sportlichen NSU TT der 1960er Jahre.<\/p>\n\n\n\n<figure class=\"wp-block-image size-large\"><img decoding=\"async\" width=\"1024\" height=\"845\" src=\"https:\/\/www.eslebedasauto.at\/wp-content\/uploads\/2023\/06\/ampnet_photo_20230506_222589-1024x845.jpg\" alt=\"\" class=\"wp-image-92520\" srcset=\"https:\/\/www.eslebedasauto.at\/wp-content\/uploads\/2023\/06\/ampnet_photo_20230506_222589-1024x845.jpg 1024w, https:\/\/www.eslebedasauto.at\/wp-content\/uploads\/2023\/06\/ampnet_photo_20230506_222589-300x248.jpg 300w, https:\/\/www.eslebedasauto.at\/wp-content\/uploads\/2023\/06\/ampnet_photo_20230506_222589-768x634.jpg 768w, https:\/\/www.eslebedasauto.at\/wp-content\/uploads\/2023\/06\/ampnet_photo_20230506_222589-1536x1268.jpg 1536w, https:\/\/www.eslebedasauto.at\/wp-content\/uploads\/2023\/06\/ampnet_photo_20230506_222589-2048x1690.jpg 2048w, https:\/\/www.eslebedasauto.at\/wp-content\/uploads\/2023\/06\/ampnet_photo_20230506_222589-800x660.jpg 800w, https:\/\/www.eslebedasauto.at\/wp-content\/uploads\/2023\/06\/ampnet_photo_20230506_222589-1160x957.jpg 1160w\" sizes=\"(max-width: 1024px) 100vw, 1024px\" \/><\/figure>\n\n\n\n<p>Um das 25-j\u00e4hrige Jubil\u00e4um geb\u00fchrend zu feiern, l\u00e4dt Audi zu einer ganz besonderen Veranstaltung ein: der Jubil\u00e4umsfahrt &#8222;25 Jahre Audi TT&#8220; &#8211; diese findet auf der Gro\u00dfglockner Hochalpenstra\u00dfe statt, einer der faszinierendsten, anspruchsvollsten und landschaftlich beeindruckendsten Passstra\u00dfen im gesamten Alpenraum.<\/p>\n\n\n\n<figure class=\"wp-block-image size-large\"><img loading=\"lazy\" decoding=\"async\" width=\"1024\" height=\"677\" src=\"https:\/\/www.eslebedasauto.at\/wp-content\/uploads\/2023\/06\/A231807_medium-1024x677.jpg\" alt=\"\" class=\"wp-image-92493\" srcset=\"https:\/\/www.eslebedasauto.at\/wp-content\/uploads\/2023\/06\/A231807_medium-1024x677.jpg 1024w, https:\/\/www.eslebedasauto.at\/wp-content\/uploads\/2023\/06\/A231807_medium-300x198.jpg 300w, https:\/\/www.eslebedasauto.at\/wp-content\/uploads\/2023\/06\/A231807_medium-768x508.jpg 768w, https:\/\/www.eslebedasauto.at\/wp-content\/uploads\/2023\/06\/A231807_medium-1536x1016.jpg 1536w, https:\/\/www.eslebedasauto.at\/wp-content\/uploads\/2023\/06\/A231807_medium-2048x1354.jpg 2048w, https:\/\/www.eslebedasauto.at\/wp-content\/uploads\/2023\/06\/A231807_medium-800x529.jpg 800w, https:\/\/www.eslebedasauto.at\/wp-content\/uploads\/2023\/06\/A231807_medium-1160x767.jpg 1160w\" sizes=\"(max-width: 1024px) 100vw, 1024px\" \/><figcaption class=\"wp-element-caption\">ZEICHN1<\/figcaption><\/figure>\n\n\n\n<p><\/p>","protected":false},"excerpt":{"rendered":"<p>In K\u00fcrze d\u00fcrfen wir einem speziellen Event beiwohnen. 25 Jahre Audi TT.<\/p>","protected":false},"author":1,"featured_media":92519,"comment_status":"open","ping_status":"open","sticky":false,"template":"","format":"standard","meta":{"neve_meta_sidebar":"","neve_meta_container":"","neve_meta_enable_content_width":"","neve_meta_content_width":0,"neve_meta_title_alignment":"","neve_meta_author_avatar":"","neve_post_elements_order":"","neve_meta_disable_header":"","neve_meta_disable_footer":"","neve_meta_disable_title":"","neve_meta_reading_time":"","footnotes":""},"categories":[598],"tags":[],"class_list":["post-92490","post","type-post","status-publish","format-standard","has-post-thumbnail","hentry","category-shortmotornews"],"yoast_head":"<!-- This site is optimized with the Yoast SEO plugin v26.8 - https:\/\/yoast.com\/product\/yoast-seo-wordpress\/ -->\n<title>Ein Vierteljahrhundert Fahrspa\u00df. - Es lebe das Auto<\/title>\n<meta name=\"description\" content=\"In K\u00fcrze d\u00fcrfen wir einem speziellen Event beiwohnen. 25 Jahre Audi TT.\" \/>\n<meta name=\"robots\" content=\"index, follow, max-snippet:-1, max-image-preview:large, max-video-preview:-1\" \/>\n<link rel=\"canonical\" href=\"https:\/\/www.eslebedasauto.at\/en\/25-jahre-audi-tt\/\" \/>\n<meta property=\"og:locale\" content=\"en_GB\" \/>\n<meta property=\"og:type\" content=\"article\" \/>\n<meta property=\"og:title\" content=\"Ein Vierteljahrhundert Fahrspa\u00df. - Es lebe das Auto\" \/>\n<meta property=\"og:description\" content=\"In K\u00fcrze d\u00fcrfen wir einem speziellen Event beiwohnen. 25 Jahre Audi TT.\" \/>\n<meta property=\"og:url\" content=\"https:\/\/www.eslebedasauto.at\/en\/25-jahre-audi-tt\/\" \/>\n<meta property=\"og:site_name\" content=\"Es lebe das Auto\" \/>\n<meta property=\"article:publisher\" content=\"https:\/\/www.facebook.com\/eslebedasauto.at\" \/>\n<meta property=\"article:published_time\" content=\"2023-06-26T12:11:23+00:00\" \/>\n<meta property=\"article:modified_time\" content=\"2023-06-26T19:22:36+00:00\" \/>\n<meta property=\"og:image\" content=\"https:\/\/www.eslebedasauto.at\/wp-content\/uploads\/2023\/06\/ampnet_photo_20230506_222591.jpg\" \/>\n\t<meta property=\"og:image:width\" content=\"2365\" \/>\n\t<meta property=\"og:image:height\" content=\"1773\" \/>\n\t<meta property=\"og:image:type\" content=\"image\/jpeg\" \/>\n<meta name=\"author\" content=\"Juergen\" \/>\n<meta name=\"twitter:card\" content=\"summary_large_image\" \/>\n<meta name=\"twitter:label1\" content=\"Written by\" \/>\n\t<meta name=\"twitter:data1\" content=\"Juergen\" \/>\n\t<meta name=\"twitter:label2\" content=\"Estimated reading time\" \/>\n\t<meta name=\"twitter:data2\" content=\"2 minutes\" \/>\n<script type=\"application\/ld+json\" class=\"yoast-schema-graph\">{\"@context\":\"https:\/\/schema.org\",\"@graph\":[{\"@type\":\"Article\",\"@id\":\"https:\/\/www.eslebedasauto.at\/25-jahre-audi-tt\/#article\",\"isPartOf\":{\"@id\":\"https:\/\/www.eslebedasauto.at\/25-jahre-audi-tt\/\"},\"author\":{\"name\":\"Juergen\",\"@id\":\"https:\/\/www.eslebedasauto.at\/#\/schema\/person\/4ecfb7fe1eb40654e5370227118c3fc2\"},\"headline\":\"Ein Vierteljahrhundert Fahrspa\u00df.\",\"datePublished\":\"2023-06-26T12:11:23+00:00\",\"dateModified\":\"2023-06-26T19:22:36+00:00\",\"mainEntityOfPage\":{\"@id\":\"https:\/\/www.eslebedasauto.at\/25-jahre-audi-tt\/\"},\"wordCount\":205,\"commentCount\":0,\"publisher\":{\"@id\":\"https:\/\/www.eslebedasauto.at\/#organization\"},\"image\":{\"@id\":\"https:\/\/www.eslebedasauto.at\/25-jahre-audi-tt\/#primaryimage\"},\"thumbnailUrl\":\"https:\/\/www.eslebedasauto.at\/wp-content\/uploads\/2023\/06\/ampnet_photo_20230506_222591.jpg\",\"articleSection\":[\"Shortmotornews\"],\"inLanguage\":\"en-GB\",\"potentialAction\":[{\"@type\":\"CommentAction\",\"name\":\"Comment\",\"target\":[\"https:\/\/www.eslebedasauto.at\/25-jahre-audi-tt\/#respond\"]}]},{\"@type\":\"WebPage\",\"@id\":\"https:\/\/www.eslebedasauto.at\/25-jahre-audi-tt\/\",\"url\":\"https:\/\/www.eslebedasauto.at\/25-jahre-audi-tt\/\",\"name\":\"Ein Vierteljahrhundert Fahrspa\u00df. - Es lebe das Auto\",\"isPartOf\":{\"@id\":\"https:\/\/www.eslebedasauto.at\/#website\"},\"primaryImageOfPage\":{\"@id\":\"https:\/\/www.eslebedasauto.at\/25-jahre-audi-tt\/#primaryimage\"},\"image\":{\"@id\":\"https:\/\/www.eslebedasauto.at\/25-jahre-audi-tt\/#primaryimage\"},\"thumbnailUrl\":\"https:\/\/www.eslebedasauto.at\/wp-content\/uploads\/2023\/06\/ampnet_photo_20230506_222591.jpg\",\"datePublished\":\"2023-06-26T12:11:23+00:00\",\"dateModified\":\"2023-06-26T19:22:36+00:00\",\"description\":\"In K\u00fcrze d\u00fcrfen wir einem speziellen Event beiwohnen. 25 Jahre Audi TT.\",\"breadcrumb\":{\"@id\":\"https:\/\/www.eslebedasauto.at\/25-jahre-audi-tt\/#breadcrumb\"},\"inLanguage\":\"en-GB\",\"potentialAction\":[{\"@type\":\"ReadAction\",\"target\":[\"https:\/\/www.eslebedasauto.at\/25-jahre-audi-tt\/\"]}]},{\"@type\":\"ImageObject\",\"inLanguage\":\"en-GB\",\"@id\":\"https:\/\/www.eslebedasauto.at\/25-jahre-audi-tt\/#primaryimage\",\"url\":\"https:\/\/www.eslebedasauto.at\/wp-content\/uploads\/2023\/06\/ampnet_photo_20230506_222591.jpg\",\"contentUrl\":\"https:\/\/www.eslebedasauto.at\/wp-content\/uploads\/2023\/06\/ampnet_photo_20230506_222591.jpg\",\"width\":2365,\"height\":1773},{\"@type\":\"BreadcrumbList\",\"@id\":\"https:\/\/www.eslebedasauto.at\/25-jahre-audi-tt\/#breadcrumb\",\"itemListElement\":[{\"@type\":\"ListItem\",\"position\":1,\"name\":\"Startseite\",\"item\":\"https:\/\/www.eslebedasauto.at\/\"},{\"@type\":\"ListItem\",\"position\":2,\"name\":\"Ein Vierteljahrhundert Fahrspa\u00df.\"}]},{\"@type\":\"WebSite\",\"@id\":\"https:\/\/www.eslebedasauto.at\/#website\",\"url\":\"https:\/\/www.eslebedasauto.at\/\",\"name\":\"Es lebe das Auto\",\"description\":\"ein Hoch auf den Individualverkehr\",\"publisher\":{\"@id\":\"https:\/\/www.eslebedasauto.at\/#organization\"},\"potentialAction\":[{\"@type\":\"SearchAction\",\"target\":{\"@type\":\"EntryPoint\",\"urlTemplate\":\"https:\/\/www.eslebedasauto.at\/?s={search_term_string}\"},\"query-input\":{\"@type\":\"PropertyValueSpecification\",\"valueRequired\":true,\"valueName\":\"search_term_string\"}}],\"inLanguage\":\"en-GB\"},{\"@type\":\"Organization\",\"@id\":\"https:\/\/www.eslebedasauto.at\/#organization\",\"name\":\"eslebedasauto\",\"url\":\"https:\/\/www.eslebedasauto.at\/\",\"logo\":{\"@type\":\"ImageObject\",\"inLanguage\":\"en-GB\",\"@id\":\"https:\/\/www.eslebedasauto.at\/#\/schema\/logo\/image\/\",\"url\":\"https:\/\/www.eslebedasauto.at\/wp-content\/uploads\/2025\/10\/eldarund.png\",\"contentUrl\":\"https:\/\/www.eslebedasauto.at\/wp-content\/uploads\/2025\/10\/eldarund.png\",\"width\":1024,\"height\":1024,\"caption\":\"eslebedasauto\"},\"image\":{\"@id\":\"https:\/\/www.eslebedasauto.at\/#\/schema\/logo\/image\/\"},\"sameAs\":[\"https:\/\/www.facebook.com\/eslebedasauto.at\",\"https:\/\/www.instagram.com\/es_lebe_das_auto\/\"]},{\"@type\":\"Person\",\"@id\":\"https:\/\/www.eslebedasauto.at\/#\/schema\/person\/4ecfb7fe1eb40654e5370227118c3fc2\",\"name\":\"Juergen\",\"url\":\"https:\/\/www.eslebedasauto.at\/en\/author\/netzwerkkapitaene-og\/\"}]}<\/script>\n<!-- \/ Yoast SEO plugin. -->","yoast_head_json":{"title":"Ein Vierteljahrhundert Fahrspa\u00df. - Es lebe das Auto","description":"In K\u00fcrze d\u00fcrfen wir einem speziellen Event beiwohnen. 25 Jahre Audi TT.","robots":{"index":"index","follow":"follow","max-snippet":"max-snippet:-1","max-image-preview":"max-image-preview:large","max-video-preview":"max-video-preview:-1"},"canonical":"https:\/\/www.eslebedasauto.at\/en\/25-jahre-audi-tt\/","og_locale":"en_GB","og_type":"article","og_title":"Ein Vierteljahrhundert Fahrspa\u00df. - Es lebe das Auto","og_description":"In K\u00fcrze d\u00fcrfen wir einem speziellen Event beiwohnen. 25 Jahre Audi TT.","og_url":"https:\/\/www.eslebedasauto.at\/en\/25-jahre-audi-tt\/","og_site_name":"Es lebe das Auto","article_publisher":"https:\/\/www.facebook.com\/eslebedasauto.at","article_published_time":"2023-06-26T12:11:23+00:00","article_modified_time":"2023-06-26T19:22:36+00:00","og_image":[{"width":2365,"height":1773,"url":"https:\/\/www.eslebedasauto.at\/wp-content\/uploads\/2023\/06\/ampnet_photo_20230506_222591.jpg","type":"image\/jpeg"}],"author":"Juergen","twitter_card":"summary_large_image","twitter_misc":{"Written by":"Juergen","Estimated reading time":"2 minutes"},"schema":{"@context":"https:\/\/schema.org","@graph":[{"@type":"Article","@id":"https:\/\/www.eslebedasauto.at\/25-jahre-audi-tt\/#article","isPartOf":{"@id":"https:\/\/www.eslebedasauto.at\/25-jahre-audi-tt\/"},"author":{"name":"Juergen","@id":"https:\/\/www.eslebedasauto.at\/#\/schema\/person\/4ecfb7fe1eb40654e5370227118c3fc2"},"headline":"Ein Vierteljahrhundert Fahrspa\u00df.","datePublished":"2023-06-26T12:11:23+00:00","dateModified":"2023-06-26T19:22:36+00:00","mainEntityOfPage":{"@id":"https:\/\/www.eslebedasauto.at\/25-jahre-audi-tt\/"},"wordCount":205,"commentCount":0,"publisher":{"@id":"https:\/\/www.eslebedasauto.at\/#organization"},"image":{"@id":"https:\/\/www.eslebedasauto.at\/25-jahre-audi-tt\/#primaryimage"},"thumbnailUrl":"https:\/\/www.eslebedasauto.at\/wp-content\/uploads\/2023\/06\/ampnet_photo_20230506_222591.jpg","articleSection":["Shortmotornews"],"inLanguage":"en-GB","potentialAction":[{"@type":"CommentAction","name":"Comment","target":["https:\/\/www.eslebedasauto.at\/25-jahre-audi-tt\/#respond"]}]},{"@type":"WebPage","@id":"https:\/\/www.eslebedasauto.at\/25-jahre-audi-tt\/","url":"https:\/\/www.eslebedasauto.at\/25-jahre-audi-tt\/","name":"Ein Vierteljahrhundert Fahrspa\u00df. - Es lebe das Auto","isPartOf":{"@id":"https:\/\/www.eslebedasauto.at\/#website"},"primaryImageOfPage":{"@id":"https:\/\/www.eslebedasauto.at\/25-jahre-audi-tt\/#primaryimage"},"image":{"@id":"https:\/\/www.eslebedasauto.at\/25-jahre-audi-tt\/#primaryimage"},"thumbnailUrl":"https:\/\/www.eslebedasauto.at\/wp-content\/uploads\/2023\/06\/ampnet_photo_20230506_222591.jpg","datePublished":"2023-06-26T12:11:23+00:00","dateModified":"2023-06-26T19:22:36+00:00","description":"In K\u00fcrze d\u00fcrfen wir einem speziellen Event beiwohnen. 25 Jahre Audi TT.","breadcrumb":{"@id":"https:\/\/www.eslebedasauto.at\/25-jahre-audi-tt\/#breadcrumb"},"inLanguage":"en-GB","potentialAction":[{"@type":"ReadAction","target":["https:\/\/www.eslebedasauto.at\/25-jahre-audi-tt\/"]}]},{"@type":"ImageObject","inLanguage":"en-GB","@id":"https:\/\/www.eslebedasauto.at\/25-jahre-audi-tt\/#primaryimage","url":"https:\/\/www.eslebedasauto.at\/wp-content\/uploads\/2023\/06\/ampnet_photo_20230506_222591.jpg","contentUrl":"https:\/\/www.eslebedasauto.at\/wp-content\/uploads\/2023\/06\/ampnet_photo_20230506_222591.jpg","width":2365,"height":1773},{"@type":"BreadcrumbList","@id":"https:\/\/www.eslebedasauto.at\/25-jahre-audi-tt\/#breadcrumb","itemListElement":[{"@type":"ListItem","position":1,"name":"Startseite","item":"https:\/\/www.eslebedasauto.at\/"},{"@type":"ListItem","position":2,"name":"Ein Vierteljahrhundert Fahrspa\u00df."}]},{"@type":"WebSite","@id":"https:\/\/www.eslebedasauto.at\/#website","url":"https:\/\/www.eslebedasauto.at\/","name":"Es lebe das Auto","description":"ein Hoch auf den Individualverkehr","publisher":{"@id":"https:\/\/www.eslebedasauto.at\/#organization"},"potentialAction":[{"@type":"SearchAction","target":{"@type":"EntryPoint","urlTemplate":"https:\/\/www.eslebedasauto.at\/?s={search_term_string}"},"query-input":{"@type":"PropertyValueSpecification","valueRequired":true,"valueName":"search_term_string"}}],"inLanguage":"en-GB"},{"@type":"Organization","@id":"https:\/\/www.eslebedasauto.at\/#organization","name":"eslebedasauto","url":"https:\/\/www.eslebedasauto.at\/","logo":{"@type":"ImageObject","inLanguage":"en-GB","@id":"https:\/\/www.eslebedasauto.at\/#\/schema\/logo\/image\/","url":"https:\/\/www.eslebedasauto.at\/wp-content\/uploads\/2025\/10\/eldarund.png","contentUrl":"https:\/\/www.eslebedasauto.at\/wp-content\/uploads\/2025\/10\/eldarund.png","width":1024,"height":1024,"caption":"eslebedasauto"},"image":{"@id":"https:\/\/www.eslebedasauto.at\/#\/schema\/logo\/image\/"},"sameAs":["https:\/\/www.facebook.com\/eslebedasauto.at","https:\/\/www.instagram.com\/es_lebe_das_auto\/"]},{"@type":"Person","@id":"https:\/\/www.eslebedasauto.at\/#\/schema\/person\/4ecfb7fe1eb40654e5370227118c3fc2","name":"Juergen","url":"https:\/\/www.eslebedasauto.at\/en\/author\/netzwerkkapitaene-og\/"}]}},"_links":{"self":[{"href":"https:\/\/www.eslebedasauto.at\/en\/wp-json\/wp\/v2\/posts\/92490","targetHints":{"allow":["GET"]}}],"collection":[{"href":"https:\/\/www.eslebedasauto.at\/en\/wp-json\/wp\/v2\/posts"}],"about":[{"href":"https:\/\/www.eslebedasauto.at\/en\/wp-json\/wp\/v2\/types\/post"}],"author":[{"embeddable":true,"href":"https:\/\/www.eslebedasauto.at\/en\/wp-json\/wp\/v2\/users\/1"}],"replies":[{"embeddable":true,"href":"https:\/\/www.eslebedasauto.at\/en\/wp-json\/wp\/v2\/comments?post=92490"}],"version-history":[{"count":5,"href":"https:\/\/www.eslebedasauto.at\/en\/wp-json\/wp\/v2\/posts\/92490\/revisions"}],"predecessor-version":[{"id":92527,"href":"https:\/\/www.eslebedasauto.at\/en\/wp-json\/wp\/v2\/posts\/92490\/revisions\/92527"}],"wp:featuredmedia":[{"embeddable":true,"href":"https:\/\/www.eslebedasauto.at\/en\/wp-json\/wp\/v2\/media\/92519"}],"wp:attachment":[{"href":"https:\/\/www.eslebedasauto.at\/en\/wp-json\/wp\/v2\/media?parent=92490"}],"wp:term":[{"taxonomy":"category","embeddable":true,"href":"https:\/\/www.eslebedasauto.at\/en\/wp-json\/wp\/v2\/categories?post=92490"},{"taxonomy":"post_tag","embeddable":true,"href":"https:\/\/www.eslebedasauto.at\/en\/wp-json\/wp\/v2\/tags?post=92490"}],"curies":[{"name":"wp","href":"https:\/\/api.w.org\/{rel}","templated":true}]}}