{"id":92187,"date":"2023-06-09T07:12:32","date_gmt":"2023-06-09T05:12:32","guid":{"rendered":"https:\/\/www.eslebedasauto.at\/?p=92187"},"modified":"2023-06-09T09:15:31","modified_gmt":"2023-06-09T07:15:31","slug":"byd-atto-3-test","status":"publish","type":"post","link":"https:\/\/www.eslebedasauto.at\/en\/byd-atto-3-test\/","title":{"rendered":"Traumf\u00e4nger"},"content":{"rendered":"<h2 id=\"ganz-frisch-in-osterreich-und-schon-bei-uns-im-testfuhrpark-der-byd-atto-3\" class=\"wp-block-heading\">Ganz frisch in \u00d6sterreich und schon bei uns im Testfuhrpark &#8211; der BYD Atto 3.<\/h2>\n\n\n\n<p>Vor kurzem startete in \u00d6sterreich der Vertrieb der Marke BYD. Die Buchstabenkombination steht f\u00fcr &#8222;Build your Dreams&#8220; und geh\u00f6rt zwar zu den Neulingen in Europa, ist aber im Herkunftsland China schon eine gro\u00dfe Nummer. <\/p>\n\n\n\n<figure class=\"wp-block-image size-large\"><img fetchpriority=\"high\" decoding=\"async\" width=\"1024\" height=\"768\" src=\"https:\/\/www.eslebedasauto.at\/wp-content\/uploads\/2023\/06\/IMG_3179-1024x768.jpeg\" alt=\"\" class=\"wp-image-92209\" srcset=\"https:\/\/www.eslebedasauto.at\/wp-content\/uploads\/2023\/06\/IMG_3179-1024x768.jpeg 1024w, https:\/\/www.eslebedasauto.at\/wp-content\/uploads\/2023\/06\/IMG_3179-300x225.jpeg 300w, https:\/\/www.eslebedasauto.at\/wp-content\/uploads\/2023\/06\/IMG_3179-768x576.jpeg 768w, https:\/\/www.eslebedasauto.at\/wp-content\/uploads\/2023\/06\/IMG_3179-1536x1152.jpeg 1536w, https:\/\/www.eslebedasauto.at\/wp-content\/uploads\/2023\/06\/IMG_3179-800x600.jpeg 800w, https:\/\/www.eslebedasauto.at\/wp-content\/uploads\/2023\/06\/IMG_3179-1160x870.jpeg 1160w, https:\/\/www.eslebedasauto.at\/wp-content\/uploads\/2023\/06\/IMG_3179.jpeg 2048w\" sizes=\"(max-width: 1024px) 100vw, 1024px\" \/><\/figure>\n\n\n\n<p>Das Volumenmodell in der stetig wachsenden Modellpalette ist derzeit noch das kompakte SUV&nbsp;Atto&nbsp;3. F\u00fcr den&nbsp;Atto&nbsp;3 entwickelte BYD eine eigene Plattform, das Design entwarf der ehemalige Audi-Designer Wolfgang Egger. Die Formensprache des fast viereinhalb Meter langen Atto 3 verzichtet weitgehend auf \u00fcberfl\u00fcssiges Bling-Bling, ist erfrischend geradlinig, kurzum ziemlich europ\u00e4isch geraten und f\u00fcgt sich dadurch harmonisch ins \u00f6sterreichische Stra\u00dfenbild ein.<\/p>\n\n\n\n<figure class=\"wp-block-image size-large\"><img decoding=\"async\" width=\"1024\" height=\"768\" src=\"https:\/\/www.eslebedasauto.at\/wp-content\/uploads\/2023\/06\/IMG_3150-1024x768.jpeg\" alt=\"\" class=\"wp-image-92195\" srcset=\"https:\/\/www.eslebedasauto.at\/wp-content\/uploads\/2023\/06\/IMG_3150-1024x768.jpeg 1024w, https:\/\/www.eslebedasauto.at\/wp-content\/uploads\/2023\/06\/IMG_3150-300x225.jpeg 300w, https:\/\/www.eslebedasauto.at\/wp-content\/uploads\/2023\/06\/IMG_3150-768x576.jpeg 768w, https:\/\/www.eslebedasauto.at\/wp-content\/uploads\/2023\/06\/IMG_3150-1536x1152.jpeg 1536w, https:\/\/www.eslebedasauto.at\/wp-content\/uploads\/2023\/06\/IMG_3150-800x600.jpeg 800w, https:\/\/www.eslebedasauto.at\/wp-content\/uploads\/2023\/06\/IMG_3150-1160x870.jpeg 1160w, https:\/\/www.eslebedasauto.at\/wp-content\/uploads\/2023\/06\/IMG_3150.jpeg 2048w\" sizes=\"(max-width: 1024px) 100vw, 1024px\" \/><\/figure>\n\n\n\n<hr class=\"wp-block-separator has-alpha-channel-opacity\"\/>\n\n\n\n<h3 id=\"kurzer-ausflug-zur-marke-byd\" class=\"wp-block-heading\">Kurzer Ausflug zur Marke BYD<\/h3>\n\n\n\n<p>Das 1995 gegr\u00fcndete Unternehmen startete urspr\u00fcnglich mit der Entwicklung und Produktion von Lithiumionen-Akkus, welche weltweit in Mobiltelefonen eingesetzt wurden. Dieses Knowhow nutzt BYD nun um die eigene Fahrzeugpalette zu elektrisieren. Bereits 2008 rollte der weltweit erste in Gro\u00dfserie hergestellte BYD Plug-in-Hybrid auf die Stra\u00dfen der Volksrepublik. Daneben stellte BYD aber auch noch konventionell angetriebene Fahrzeuge her &#8211; die sind aber mittlerweile Geschichte. Mehr als 3,3 Millionen E-Mobile (vom Gabelstapler bis zum Linienbus) wurden bereits weltweit verkauft und BYD ist seit kurzem in China sogar Marktf\u00fchrer.<\/p>\n\n\n\n<hr class=\"wp-block-separator has-alpha-channel-opacity\"\/>\n\n\n\n<blockquote class=\"wp-block-quote has-text-align-center is-layout-flow wp-block-quote-is-layout-flow\">\n<p class=\"has-text-align-center\"><em>\u201eAls einziger Hersteller weltweit entwickelt BYD die komplette elektronische und elektrische Architektur, einschlie\u00dflich Batterie, Halbleiter und Motorsteuerungssysteme selbst.\u201c<\/em><\/p>\n<cite>Mike Bellinfante, BYD-Europe PR-Chef<\/cite><\/blockquote>\n\n\n\n<figure class=\"wp-block-gallery has-nested-images columns-default is-cropped wp-block-gallery-1 is-layout-flex wp-block-gallery-is-layout-flex\">\n<figure class=\"wp-block-image size-large\"><img decoding=\"async\" width=\"1024\" height=\"768\" data-id=\"92200\" src=\"https:\/\/www.eslebedasauto.at\/wp-content\/uploads\/2023\/06\/IMG_3158-1024x768.jpeg\" alt=\"\" class=\"wp-image-92200\" srcset=\"https:\/\/www.eslebedasauto.at\/wp-content\/uploads\/2023\/06\/IMG_3158-1024x768.jpeg 1024w, https:\/\/www.eslebedasauto.at\/wp-content\/uploads\/2023\/06\/IMG_3158-300x225.jpeg 300w, https:\/\/www.eslebedasauto.at\/wp-content\/uploads\/2023\/06\/IMG_3158-768x576.jpeg 768w, https:\/\/www.eslebedasauto.at\/wp-content\/uploads\/2023\/06\/IMG_3158-1536x1152.jpeg 1536w, https:\/\/www.eslebedasauto.at\/wp-content\/uploads\/2023\/06\/IMG_3158-800x600.jpeg 800w, https:\/\/www.eslebedasauto.at\/wp-content\/uploads\/2023\/06\/IMG_3158-1160x870.jpeg 1160w, https:\/\/www.eslebedasauto.at\/wp-content\/uploads\/2023\/06\/IMG_3158.jpeg 2048w\" sizes=\"(max-width: 1024px) 100vw, 1024px\" \/><\/figure>\n\n\n\n<figure class=\"wp-block-image size-large\"><img loading=\"lazy\" decoding=\"async\" width=\"1024\" height=\"768\" data-id=\"92199\" src=\"https:\/\/www.eslebedasauto.at\/wp-content\/uploads\/2023\/06\/IMG_3157-1024x768.jpeg\" alt=\"\" class=\"wp-image-92199\" srcset=\"https:\/\/www.eslebedasauto.at\/wp-content\/uploads\/2023\/06\/IMG_3157-1024x768.jpeg 1024w, https:\/\/www.eslebedasauto.at\/wp-content\/uploads\/2023\/06\/IMG_3157-300x225.jpeg 300w, https:\/\/www.eslebedasauto.at\/wp-content\/uploads\/2023\/06\/IMG_3157-768x576.jpeg 768w, https:\/\/www.eslebedasauto.at\/wp-content\/uploads\/2023\/06\/IMG_3157-1536x1152.jpeg 1536w, https:\/\/www.eslebedasauto.at\/wp-content\/uploads\/2023\/06\/IMG_3157-800x600.jpeg 800w, https:\/\/www.eslebedasauto.at\/wp-content\/uploads\/2023\/06\/IMG_3157-1160x870.jpeg 1160w, https:\/\/www.eslebedasauto.at\/wp-content\/uploads\/2023\/06\/IMG_3157.jpeg 2048w\" sizes=\"(max-width: 1024px) 100vw, 1024px\" \/><\/figure>\n<\/figure>\n\n\n\n<h3 id=\"europa-wird-jetzt-mit-voller-power-angegangen\" class=\"wp-block-heading\">Europa wird jetzt mit voller Power angegangen.<\/h3>\n\n\n\n<p>Insgesamt handelt es sich beim Atto 3 um ein fesches SUV &#8211; vor allem, wenn man wie beim Testwagen dieses kr\u00e4ftige Rot-Metallic gew\u00e4hlt hat. Macht durchaus Laune, dieses Auto zu betrachten. Klar, wer Emotionen will, ist mit dem brav designten BYD Atto 3 nicht unbedingt an der richtigen Stelle &#8211; etwas emotionaler wird\u00b4s allerdings, wenn man dann einsteigt.<\/p>\n\n\n\n<figure class=\"wp-block-gallery has-nested-images columns-default is-cropped wp-block-gallery-2 is-layout-flex wp-block-gallery-is-layout-flex\">\n<figure class=\"wp-block-image size-large\"><img loading=\"lazy\" decoding=\"async\" width=\"1024\" height=\"768\" data-id=\"92202\" src=\"https:\/\/www.eslebedasauto.at\/wp-content\/uploads\/2023\/06\/IMG_3160-1024x768.jpeg\" alt=\"\" class=\"wp-image-92202\" srcset=\"https:\/\/www.eslebedasauto.at\/wp-content\/uploads\/2023\/06\/IMG_3160-1024x768.jpeg 1024w, https:\/\/www.eslebedasauto.at\/wp-content\/uploads\/2023\/06\/IMG_3160-300x225.jpeg 300w, https:\/\/www.eslebedasauto.at\/wp-content\/uploads\/2023\/06\/IMG_3160-768x576.jpeg 768w, https:\/\/www.eslebedasauto.at\/wp-content\/uploads\/2023\/06\/IMG_3160-1536x1152.jpeg 1536w, https:\/\/www.eslebedasauto.at\/wp-content\/uploads\/2023\/06\/IMG_3160-800x600.jpeg 800w, https:\/\/www.eslebedasauto.at\/wp-content\/uploads\/2023\/06\/IMG_3160-1160x870.jpeg 1160w, https:\/\/www.eslebedasauto.at\/wp-content\/uploads\/2023\/06\/IMG_3160.jpeg 2048w\" sizes=\"(max-width: 1024px) 100vw, 1024px\" \/><\/figure>\n\n\n\n<figure class=\"wp-block-image size-large\"><img loading=\"lazy\" decoding=\"async\" width=\"1024\" height=\"768\" data-id=\"92201\" src=\"https:\/\/www.eslebedasauto.at\/wp-content\/uploads\/2023\/06\/IMG_3159-1024x768.jpeg\" alt=\"\" class=\"wp-image-92201\" srcset=\"https:\/\/www.eslebedasauto.at\/wp-content\/uploads\/2023\/06\/IMG_3159-1024x768.jpeg 1024w, https:\/\/www.eslebedasauto.at\/wp-content\/uploads\/2023\/06\/IMG_3159-300x225.jpeg 300w, https:\/\/www.eslebedasauto.at\/wp-content\/uploads\/2023\/06\/IMG_3159-768x576.jpeg 768w, https:\/\/www.eslebedasauto.at\/wp-content\/uploads\/2023\/06\/IMG_3159-1536x1152.jpeg 1536w, https:\/\/www.eslebedasauto.at\/wp-content\/uploads\/2023\/06\/IMG_3159-800x600.jpeg 800w, https:\/\/www.eslebedasauto.at\/wp-content\/uploads\/2023\/06\/IMG_3159-1160x870.jpeg 1160w, https:\/\/www.eslebedasauto.at\/wp-content\/uploads\/2023\/06\/IMG_3159.jpeg 2048w\" sizes=\"(max-width: 1024px) 100vw, 1024px\" \/><\/figure>\n<\/figure>\n\n\n\n<p><strong>Beim Interieur durften sich die BYD Designer ein klein wenig austoben<\/strong>, ohne allerdings zu \u00fcbertreiben. Erster Blickfang ist der im Testwagen 15,6 Zoll gro\u00dfe Touchscreen, der sich je nach Lust und Laune entweder horizontal oder vertikal drehen l\u00e4sst \u2013 nicht das einzige witzige Gimmick im Atto 3.  Die T\u00fcr\u00f6ffner \u00fcber den Hocht\u00f6nern sowie die L\u00fcftungsd\u00fcsen wirken futuristisch, lassen sich aber einwandfrei bedienen und wer in den T\u00fcren etwas verstauen will, der kann das hinter drei Gitarrensaiten tun, mit denen sich &#8211; wir haben es ausprobiert &#8211; sogar &#8222;Smoke on the Water&#8220; intonieren l\u00e4sst.  Der Sound wird dabei \u00fcber die Lautsprecher noch verst\u00e4rkt. <\/p>\n\n\n\n<figure class=\"wp-block-video\"><video controls src=\"https:\/\/www.eslebedasauto.at\/wp-content\/uploads\/2023\/06\/IMG_3171.mp4\"><\/video><\/figure>\n\n\n\n<p><strong>Sehr sch\u00f6n sind \u00fcbrigens auch die Materialien im Innenraum<\/strong> &#8211; allesamt hochwertig und bestens verarbeitet. Auch die Sitze passen perfekt und sehen dank Kunstlederbezug auch edel aus. Insgesamt umf\u00e4ngt einem eine ordentliche Wohlf\u00fchl-Atmosph\u00e4re im Atto 3. Die Bedienung ist weitgehend r\u00e4tselfrei, sieht man davon ab, dass der BYD (derzeit) nur Englisch spricht. Auch die Grafik sowie das Men\u00fc am Touchscreen sowie am kleinen Kombiinstrument hinterm Lenkrad sind ansprechend. Wichtige Funktionen hat BYD auf normale Tasten rund um den stylischen Fahrtrichtungshebel ausgelagert.<\/p>\n\n\n\n<figure class=\"wp-block-image size-large\"><img loading=\"lazy\" decoding=\"async\" width=\"768\" height=\"1024\" src=\"https:\/\/www.eslebedasauto.at\/wp-content\/uploads\/2023\/06\/IMG_3155-768x1024.jpeg\" alt=\"\" class=\"wp-image-92197\" srcset=\"https:\/\/www.eslebedasauto.at\/wp-content\/uploads\/2023\/06\/IMG_3155-768x1024.jpeg 768w, https:\/\/www.eslebedasauto.at\/wp-content\/uploads\/2023\/06\/IMG_3155-225x300.jpeg 225w, https:\/\/www.eslebedasauto.at\/wp-content\/uploads\/2023\/06\/IMG_3155-1152x1536.jpeg 1152w, https:\/\/www.eslebedasauto.at\/wp-content\/uploads\/2023\/06\/IMG_3155-800x1067.jpeg 800w, https:\/\/www.eslebedasauto.at\/wp-content\/uploads\/2023\/06\/IMG_3155-1160x1547.jpeg 1160w, https:\/\/www.eslebedasauto.at\/wp-content\/uploads\/2023\/06\/IMG_3155.jpeg 1536w\" sizes=\"(max-width: 768px) 100vw, 768px\" \/><\/figure>\n\n\n\n<p><strong>In Fahrt zeigt sich der&nbsp;Atto&nbsp;3 angenehm und leise.<\/strong> Das Fahrwerk ist eher komfortabel abgestimmt, es schluckt Bodenunebenheiten ohne Probleme. Dass manche Assistenzsysteme, wie Spurhalter oder Kollisionswarnung, teilweise etwas nerv\u00f6s und voreilig reagieren, kennen wir schon von vielen anderen Testautos. Hier ist es nicht anders.<\/p>\n\n\n\n<figure class=\"wp-block-image size-large\"><img loading=\"lazy\" decoding=\"async\" width=\"768\" height=\"1024\" src=\"https:\/\/www.eslebedasauto.at\/wp-content\/uploads\/2023\/06\/IMG_3142-768x1024.jpeg\" alt=\"\" class=\"wp-image-92190\" srcset=\"https:\/\/www.eslebedasauto.at\/wp-content\/uploads\/2023\/06\/IMG_3142-768x1024.jpeg 768w, https:\/\/www.eslebedasauto.at\/wp-content\/uploads\/2023\/06\/IMG_3142-225x300.jpeg 225w, https:\/\/www.eslebedasauto.at\/wp-content\/uploads\/2023\/06\/IMG_3142-1152x1536.jpeg 1152w, https:\/\/www.eslebedasauto.at\/wp-content\/uploads\/2023\/06\/IMG_3142-800x1067.jpeg 800w, https:\/\/www.eslebedasauto.at\/wp-content\/uploads\/2023\/06\/IMG_3142-1160x1547.jpeg 1160w, https:\/\/www.eslebedasauto.at\/wp-content\/uploads\/2023\/06\/IMG_3142.jpeg 1536w\" sizes=\"(max-width: 768px) 100vw, 768px\" \/><\/figure>\n\n\n\n<p>Der Motor im BYD Atto 3 leistet die \u00fcblichen 204 PS, er beschleunigt das Auto&nbsp;in 7,3 Sekunden auf 100 km\/h. Die H\u00f6chstgeschwindigkeit ist bei 160 km\/h abgeregelt. Als Reichweite gibt BYD einen WLTP Wert von 420 Kilometer (565 km innerst\u00e4dtisch) an, das konnten wir im Test auch nachvollziehen. Am Testende zeigte der Bordcomputer einen Durchschnittsverbrauch von \u00fcberaus ordentlichen 16,5 kWh an. Die 60,48 kWh fassende Batterie l\u00e4sst sich je nach Lades\u00e4ule in einer halben Stunde von 30 auf 80 Prozent am Schnelllader aufladen. <\/p>\n\n\n\n<figure class=\"wp-block-image size-large\"><img loading=\"lazy\" decoding=\"async\" width=\"1024\" height=\"768\" src=\"https:\/\/www.eslebedasauto.at\/wp-content\/uploads\/2023\/06\/IMG_3180-1024x768.jpeg\" alt=\"\" class=\"wp-image-92210\" srcset=\"https:\/\/www.eslebedasauto.at\/wp-content\/uploads\/2023\/06\/IMG_3180-1024x768.jpeg 1024w, https:\/\/www.eslebedasauto.at\/wp-content\/uploads\/2023\/06\/IMG_3180-300x225.jpeg 300w, https:\/\/www.eslebedasauto.at\/wp-content\/uploads\/2023\/06\/IMG_3180-768x576.jpeg 768w, https:\/\/www.eslebedasauto.at\/wp-content\/uploads\/2023\/06\/IMG_3180-1536x1152.jpeg 1536w, https:\/\/www.eslebedasauto.at\/wp-content\/uploads\/2023\/06\/IMG_3180-800x600.jpeg 800w, https:\/\/www.eslebedasauto.at\/wp-content\/uploads\/2023\/06\/IMG_3180-1160x870.jpeg 1160w, https:\/\/www.eslebedasauto.at\/wp-content\/uploads\/2023\/06\/IMG_3180.jpeg 2048w\" sizes=\"(max-width: 1024px) 100vw, 1024px\" \/><\/figure>\n\n\n\n<p>Der&nbsp;BYD Atto&nbsp;3 ist bereits in der Basisversion sehr komplett ausgestattet und kostet mindestens 42.600 Euro.<\/p>\n\n\n\n<p><strong>Daten Fakten BYD&nbsp;Atto&nbsp;3<\/strong><br>Antrieb: E-Motor, FWD<br>Leistung: 204 PS<br>Drehmoment: 310 Nm<br>Vmax: 160 km\/h<br>0 auf 100 km\/h: 7,3 Sek.<br>Test-Durchschnittsverbrauch: 16,5 kWh<br>Preis: ab 42.600 Euro<\/p>\n\n\n\n<figure class=\"wp-block-image size-large\"><img loading=\"lazy\" decoding=\"async\" width=\"1024\" height=\"768\" src=\"https:\/\/www.eslebedasauto.at\/wp-content\/uploads\/2023\/06\/IMG_3156-1024x768.jpeg\" alt=\"\" class=\"wp-image-92198\" srcset=\"https:\/\/www.eslebedasauto.at\/wp-content\/uploads\/2023\/06\/IMG_3156-1024x768.jpeg 1024w, https:\/\/www.eslebedasauto.at\/wp-content\/uploads\/2023\/06\/IMG_3156-300x225.jpeg 300w, https:\/\/www.eslebedasauto.at\/wp-content\/uploads\/2023\/06\/IMG_3156-768x576.jpeg 768w, https:\/\/www.eslebedasauto.at\/wp-content\/uploads\/2023\/06\/IMG_3156-1536x1152.jpeg 1536w, https:\/\/www.eslebedasauto.at\/wp-content\/uploads\/2023\/06\/IMG_3156-800x600.jpeg 800w, https:\/\/www.eslebedasauto.at\/wp-content\/uploads\/2023\/06\/IMG_3156-1160x870.jpeg 1160w, https:\/\/www.eslebedasauto.at\/wp-content\/uploads\/2023\/06\/IMG_3156.jpeg 2048w\" sizes=\"(max-width: 1024px) 100vw, 1024px\" \/><\/figure>","protected":false},"excerpt":{"rendered":"<p>Die Chinesen kommen. Und wenn man sich BYD ansieht, dann durchaus heftig. Wir waren mit dem Atto 3 unterwegs.<\/p>","protected":false},"author":2,"featured_media":92208,"comment_status":"open","ping_status":"open","sticky":false,"template":"","format":"standard","meta":{"neve_meta_sidebar":"","neve_meta_container":"","neve_meta_enable_content_width":"","neve_meta_content_width":0,"neve_meta_title_alignment":"","neve_meta_author_avatar":"","neve_post_elements_order":"","neve_meta_disable_header":"","neve_meta_disable_footer":"","neve_meta_disable_title":"","neve_meta_reading_time":"","footnotes":""},"categories":[555,335,598],"tags":[],"class_list":["post-92187","post","type-post","status-publish","format-standard","has-post-thumbnail","hentry","category-electrofun","category-fahrberichte","category-shortmotornews"],"yoast_head":"<!-- This site is optimized with the Yoast SEO plugin v26.8 - https:\/\/yoast.com\/product\/yoast-seo-wordpress\/ -->\n<title>Traumf\u00e4nger - Es lebe das Auto<\/title>\n<meta name=\"description\" content=\"Die Chinesen kommen. Und wenn man sich BYD ansieht, dann durchaus heftig. Wir waren mit dem Atto 3 unterwegs.\" \/>\n<meta name=\"robots\" content=\"index, follow, max-snippet:-1, max-image-preview:large, max-video-preview:-1\" \/>\n<link rel=\"canonical\" href=\"https:\/\/www.eslebedasauto.at\/en\/byd-atto-3-test\/\" \/>\n<meta property=\"og:locale\" content=\"en_GB\" \/>\n<meta property=\"og:type\" content=\"article\" \/>\n<meta property=\"og:title\" content=\"Traumf\u00e4nger - Es lebe das Auto\" \/>\n<meta property=\"og:description\" content=\"Die Chinesen kommen. Und wenn man sich BYD ansieht, dann durchaus heftig. Wir waren mit dem Atto 3 unterwegs.\" \/>\n<meta property=\"og:url\" content=\"https:\/\/www.eslebedasauto.at\/en\/byd-atto-3-test\/\" \/>\n<meta property=\"og:site_name\" content=\"Es lebe das Auto\" \/>\n<meta property=\"article:publisher\" content=\"https:\/\/www.facebook.com\/eslebedasauto.at\" \/>\n<meta property=\"article:published_time\" content=\"2023-06-09T05:12:32+00:00\" \/>\n<meta property=\"article:modified_time\" content=\"2023-06-09T07:15:31+00:00\" \/>\n<meta property=\"og:image\" content=\"https:\/\/www.eslebedasauto.at\/wp-content\/uploads\/2023\/06\/IMG_3178.jpeg\" \/>\n\t<meta property=\"og:image:width\" content=\"2048\" \/>\n\t<meta property=\"og:image:height\" content=\"1536\" \/>\n\t<meta property=\"og:image:type\" content=\"image\/jpeg\" \/>\n<meta name=\"author\" content=\"gerhard\" \/>\n<meta name=\"twitter:card\" content=\"summary_large_image\" \/>\n<meta name=\"twitter:label1\" content=\"Written by\" \/>\n\t<meta name=\"twitter:data1\" content=\"gerhard\" \/>\n\t<meta name=\"twitter:label2\" content=\"Estimated reading time\" \/>\n\t<meta name=\"twitter:data2\" content=\"6 minutes\" \/>\n<script type=\"application\/ld+json\" class=\"yoast-schema-graph\">{\"@context\":\"https:\/\/schema.org\",\"@graph\":[{\"@type\":\"Article\",\"@id\":\"https:\/\/www.eslebedasauto.at\/byd-atto-3-test\/#article\",\"isPartOf\":{\"@id\":\"https:\/\/www.eslebedasauto.at\/byd-atto-3-test\/\"},\"author\":{\"name\":\"gerhard\",\"@id\":\"https:\/\/www.eslebedasauto.at\/#\/schema\/person\/fb81218b0bed500d225ff518f9f17033\"},\"headline\":\"Traumf\u00e4nger\",\"datePublished\":\"2023-06-09T05:12:32+00:00\",\"dateModified\":\"2023-06-09T07:15:31+00:00\",\"mainEntityOfPage\":{\"@id\":\"https:\/\/www.eslebedasauto.at\/byd-atto-3-test\/\"},\"wordCount\":662,\"commentCount\":0,\"publisher\":{\"@id\":\"https:\/\/www.eslebedasauto.at\/#organization\"},\"image\":{\"@id\":\"https:\/\/www.eslebedasauto.at\/byd-atto-3-test\/#primaryimage\"},\"thumbnailUrl\":\"https:\/\/www.eslebedasauto.at\/wp-content\/uploads\/2023\/06\/IMG_3178.jpeg\",\"articleSection\":[\"Electrofun\",\"Fahrberichte\",\"Shortmotornews\"],\"inLanguage\":\"en-GB\",\"potentialAction\":[{\"@type\":\"CommentAction\",\"name\":\"Comment\",\"target\":[\"https:\/\/www.eslebedasauto.at\/byd-atto-3-test\/#respond\"]}]},{\"@type\":\"WebPage\",\"@id\":\"https:\/\/www.eslebedasauto.at\/byd-atto-3-test\/\",\"url\":\"https:\/\/www.eslebedasauto.at\/byd-atto-3-test\/\",\"name\":\"Traumf\u00e4nger - Es lebe das Auto\",\"isPartOf\":{\"@id\":\"https:\/\/www.eslebedasauto.at\/#website\"},\"primaryImageOfPage\":{\"@id\":\"https:\/\/www.eslebedasauto.at\/byd-atto-3-test\/#primaryimage\"},\"image\":{\"@id\":\"https:\/\/www.eslebedasauto.at\/byd-atto-3-test\/#primaryimage\"},\"thumbnailUrl\":\"https:\/\/www.eslebedasauto.at\/wp-content\/uploads\/2023\/06\/IMG_3178.jpeg\",\"datePublished\":\"2023-06-09T05:12:32+00:00\",\"dateModified\":\"2023-06-09T07:15:31+00:00\",\"description\":\"Die Chinesen kommen. Und wenn man sich BYD ansieht, dann durchaus heftig. Wir waren mit dem Atto 3 unterwegs.\",\"breadcrumb\":{\"@id\":\"https:\/\/www.eslebedasauto.at\/byd-atto-3-test\/#breadcrumb\"},\"inLanguage\":\"en-GB\",\"potentialAction\":[{\"@type\":\"ReadAction\",\"target\":[\"https:\/\/www.eslebedasauto.at\/byd-atto-3-test\/\"]}]},{\"@type\":\"ImageObject\",\"inLanguage\":\"en-GB\",\"@id\":\"https:\/\/www.eslebedasauto.at\/byd-atto-3-test\/#primaryimage\",\"url\":\"https:\/\/www.eslebedasauto.at\/wp-content\/uploads\/2023\/06\/IMG_3178.jpeg\",\"contentUrl\":\"https:\/\/www.eslebedasauto.at\/wp-content\/uploads\/2023\/06\/IMG_3178.jpeg\",\"width\":2048,\"height\":1536},{\"@type\":\"BreadcrumbList\",\"@id\":\"https:\/\/www.eslebedasauto.at\/byd-atto-3-test\/#breadcrumb\",\"itemListElement\":[{\"@type\":\"ListItem\",\"position\":1,\"name\":\"Startseite\",\"item\":\"https:\/\/www.eslebedasauto.at\/\"},{\"@type\":\"ListItem\",\"position\":2,\"name\":\"Traumf\u00e4nger\"}]},{\"@type\":\"WebSite\",\"@id\":\"https:\/\/www.eslebedasauto.at\/#website\",\"url\":\"https:\/\/www.eslebedasauto.at\/\",\"name\":\"Es lebe das Auto\",\"description\":\"ein Hoch auf den Individualverkehr\",\"publisher\":{\"@id\":\"https:\/\/www.eslebedasauto.at\/#organization\"},\"potentialAction\":[{\"@type\":\"SearchAction\",\"target\":{\"@type\":\"EntryPoint\",\"urlTemplate\":\"https:\/\/www.eslebedasauto.at\/?s={search_term_string}\"},\"query-input\":{\"@type\":\"PropertyValueSpecification\",\"valueRequired\":true,\"valueName\":\"search_term_string\"}}],\"inLanguage\":\"en-GB\"},{\"@type\":\"Organization\",\"@id\":\"https:\/\/www.eslebedasauto.at\/#organization\",\"name\":\"eslebedasauto\",\"url\":\"https:\/\/www.eslebedasauto.at\/\",\"logo\":{\"@type\":\"ImageObject\",\"inLanguage\":\"en-GB\",\"@id\":\"https:\/\/www.eslebedasauto.at\/#\/schema\/logo\/image\/\",\"url\":\"https:\/\/www.eslebedasauto.at\/wp-content\/uploads\/2025\/10\/eldarund.png\",\"contentUrl\":\"https:\/\/www.eslebedasauto.at\/wp-content\/uploads\/2025\/10\/eldarund.png\",\"width\":1024,\"height\":1024,\"caption\":\"eslebedasauto\"},\"image\":{\"@id\":\"https:\/\/www.eslebedasauto.at\/#\/schema\/logo\/image\/\"},\"sameAs\":[\"https:\/\/www.facebook.com\/eslebedasauto.at\",\"https:\/\/www.instagram.com\/es_lebe_das_auto\/\"]},{\"@type\":\"Person\",\"@id\":\"https:\/\/www.eslebedasauto.at\/#\/schema\/person\/fb81218b0bed500d225ff518f9f17033\",\"name\":\"gerhard\",\"url\":\"https:\/\/www.eslebedasauto.at\/en\/author\/gerhard\/\"}]}<\/script>\n<!-- \/ Yoast SEO plugin. -->","yoast_head_json":{"title":"Traumf\u00e4nger - Es lebe das Auto","description":"Die Chinesen kommen. Und wenn man sich BYD ansieht, dann durchaus heftig. Wir waren mit dem Atto 3 unterwegs.","robots":{"index":"index","follow":"follow","max-snippet":"max-snippet:-1","max-image-preview":"max-image-preview:large","max-video-preview":"max-video-preview:-1"},"canonical":"https:\/\/www.eslebedasauto.at\/en\/byd-atto-3-test\/","og_locale":"en_GB","og_type":"article","og_title":"Traumf\u00e4nger - Es lebe das Auto","og_description":"Die Chinesen kommen. Und wenn man sich BYD ansieht, dann durchaus heftig. Wir waren mit dem Atto 3 unterwegs.","og_url":"https:\/\/www.eslebedasauto.at\/en\/byd-atto-3-test\/","og_site_name":"Es lebe das Auto","article_publisher":"https:\/\/www.facebook.com\/eslebedasauto.at","article_published_time":"2023-06-09T05:12:32+00:00","article_modified_time":"2023-06-09T07:15:31+00:00","og_image":[{"width":2048,"height":1536,"url":"https:\/\/www.eslebedasauto.at\/wp-content\/uploads\/2023\/06\/IMG_3178.jpeg","type":"image\/jpeg"}],"author":"gerhard","twitter_card":"summary_large_image","twitter_misc":{"Written by":"gerhard","Estimated reading time":"6 minutes"},"schema":{"@context":"https:\/\/schema.org","@graph":[{"@type":"Article","@id":"https:\/\/www.eslebedasauto.at\/byd-atto-3-test\/#article","isPartOf":{"@id":"https:\/\/www.eslebedasauto.at\/byd-atto-3-test\/"},"author":{"name":"gerhard","@id":"https:\/\/www.eslebedasauto.at\/#\/schema\/person\/fb81218b0bed500d225ff518f9f17033"},"headline":"Traumf\u00e4nger","datePublished":"2023-06-09T05:12:32+00:00","dateModified":"2023-06-09T07:15:31+00:00","mainEntityOfPage":{"@id":"https:\/\/www.eslebedasauto.at\/byd-atto-3-test\/"},"wordCount":662,"commentCount":0,"publisher":{"@id":"https:\/\/www.eslebedasauto.at\/#organization"},"image":{"@id":"https:\/\/www.eslebedasauto.at\/byd-atto-3-test\/#primaryimage"},"thumbnailUrl":"https:\/\/www.eslebedasauto.at\/wp-content\/uploads\/2023\/06\/IMG_3178.jpeg","articleSection":["Electrofun","Fahrberichte","Shortmotornews"],"inLanguage":"en-GB","potentialAction":[{"@type":"CommentAction","name":"Comment","target":["https:\/\/www.eslebedasauto.at\/byd-atto-3-test\/#respond"]}]},{"@type":"WebPage","@id":"https:\/\/www.eslebedasauto.at\/byd-atto-3-test\/","url":"https:\/\/www.eslebedasauto.at\/byd-atto-3-test\/","name":"Traumf\u00e4nger - Es lebe das Auto","isPartOf":{"@id":"https:\/\/www.eslebedasauto.at\/#website"},"primaryImageOfPage":{"@id":"https:\/\/www.eslebedasauto.at\/byd-atto-3-test\/#primaryimage"},"image":{"@id":"https:\/\/www.eslebedasauto.at\/byd-atto-3-test\/#primaryimage"},"thumbnailUrl":"https:\/\/www.eslebedasauto.at\/wp-content\/uploads\/2023\/06\/IMG_3178.jpeg","datePublished":"2023-06-09T05:12:32+00:00","dateModified":"2023-06-09T07:15:31+00:00","description":"Die Chinesen kommen. Und wenn man sich BYD ansieht, dann durchaus heftig. Wir waren mit dem Atto 3 unterwegs.","breadcrumb":{"@id":"https:\/\/www.eslebedasauto.at\/byd-atto-3-test\/#breadcrumb"},"inLanguage":"en-GB","potentialAction":[{"@type":"ReadAction","target":["https:\/\/www.eslebedasauto.at\/byd-atto-3-test\/"]}]},{"@type":"ImageObject","inLanguage":"en-GB","@id":"https:\/\/www.eslebedasauto.at\/byd-atto-3-test\/#primaryimage","url":"https:\/\/www.eslebedasauto.at\/wp-content\/uploads\/2023\/06\/IMG_3178.jpeg","contentUrl":"https:\/\/www.eslebedasauto.at\/wp-content\/uploads\/2023\/06\/IMG_3178.jpeg","width":2048,"height":1536},{"@type":"BreadcrumbList","@id":"https:\/\/www.eslebedasauto.at\/byd-atto-3-test\/#breadcrumb","itemListElement":[{"@type":"ListItem","position":1,"name":"Startseite","item":"https:\/\/www.eslebedasauto.at\/"},{"@type":"ListItem","position":2,"name":"Traumf\u00e4nger"}]},{"@type":"WebSite","@id":"https:\/\/www.eslebedasauto.at\/#website","url":"https:\/\/www.eslebedasauto.at\/","name":"Es lebe das Auto","description":"ein Hoch auf den Individualverkehr","publisher":{"@id":"https:\/\/www.eslebedasauto.at\/#organization"},"potentialAction":[{"@type":"SearchAction","target":{"@type":"EntryPoint","urlTemplate":"https:\/\/www.eslebedasauto.at\/?s={search_term_string}"},"query-input":{"@type":"PropertyValueSpecification","valueRequired":true,"valueName":"search_term_string"}}],"inLanguage":"en-GB"},{"@type":"Organization","@id":"https:\/\/www.eslebedasauto.at\/#organization","name":"eslebedasauto","url":"https:\/\/www.eslebedasauto.at\/","logo":{"@type":"ImageObject","inLanguage":"en-GB","@id":"https:\/\/www.eslebedasauto.at\/#\/schema\/logo\/image\/","url":"https:\/\/www.eslebedasauto.at\/wp-content\/uploads\/2025\/10\/eldarund.png","contentUrl":"https:\/\/www.eslebedasauto.at\/wp-content\/uploads\/2025\/10\/eldarund.png","width":1024,"height":1024,"caption":"eslebedasauto"},"image":{"@id":"https:\/\/www.eslebedasauto.at\/#\/schema\/logo\/image\/"},"sameAs":["https:\/\/www.facebook.com\/eslebedasauto.at","https:\/\/www.instagram.com\/es_lebe_das_auto\/"]},{"@type":"Person","@id":"https:\/\/www.eslebedasauto.at\/#\/schema\/person\/fb81218b0bed500d225ff518f9f17033","name":"gerhard","url":"https:\/\/www.eslebedasauto.at\/en\/author\/gerhard\/"}]}},"_links":{"self":[{"href":"https:\/\/www.eslebedasauto.at\/en\/wp-json\/wp\/v2\/posts\/92187","targetHints":{"allow":["GET"]}}],"collection":[{"href":"https:\/\/www.eslebedasauto.at\/en\/wp-json\/wp\/v2\/posts"}],"about":[{"href":"https:\/\/www.eslebedasauto.at\/en\/wp-json\/wp\/v2\/types\/post"}],"author":[{"embeddable":true,"href":"https:\/\/www.eslebedasauto.at\/en\/wp-json\/wp\/v2\/users\/2"}],"replies":[{"embeddable":true,"href":"https:\/\/www.eslebedasauto.at\/en\/wp-json\/wp\/v2\/comments?post=92187"}],"version-history":[{"count":5,"href":"https:\/\/www.eslebedasauto.at\/en\/wp-json\/wp\/v2\/posts\/92187\/revisions"}],"predecessor-version":[{"id":92218,"href":"https:\/\/www.eslebedasauto.at\/en\/wp-json\/wp\/v2\/posts\/92187\/revisions\/92218"}],"wp:featuredmedia":[{"embeddable":true,"href":"https:\/\/www.eslebedasauto.at\/en\/wp-json\/wp\/v2\/media\/92208"}],"wp:attachment":[{"href":"https:\/\/www.eslebedasauto.at\/en\/wp-json\/wp\/v2\/media?parent=92187"}],"wp:term":[{"taxonomy":"category","embeddable":true,"href":"https:\/\/www.eslebedasauto.at\/en\/wp-json\/wp\/v2\/categories?post=92187"},{"taxonomy":"post_tag","embeddable":true,"href":"https:\/\/www.eslebedasauto.at\/en\/wp-json\/wp\/v2\/tags?post=92187"}],"curies":[{"name":"wp","href":"https:\/\/api.w.org\/{rel}","templated":true}]}}