{"id":92046,"date":"2023-05-13T13:33:41","date_gmt":"2023-05-13T11:33:41","guid":{"rendered":"https:\/\/www.eslebedasauto.at\/?p=92046"},"modified":"2023-05-13T13:33:42","modified_gmt":"2023-05-13T11:33:42","slug":"yeah-baby-alpine","status":"publish","type":"post","link":"https:\/\/www.eslebedasauto.at\/en\/yeah-baby-alpine\/","title":{"rendered":"Yeah Baby! Alpine!"},"content":{"rendered":"<h2 id=\"alpine-bringt-2024-eine-elektrifizierte-rennsemmel-im-stile-des-r5-turbo\" class=\"wp-block-heading\">Alpine bringt 2024 eine elektrifizierte Rennsemmel im Stile des R5 Turbo.<\/h2>\n\n\n\n<p>Bislang hatte Renaults sportliche Marke Alpine mit der <a href=\"https:\/\/www.eslebedasauto.at\/en\/alpine-a110-gt-test\/\">A110<\/a> nur ein einziges Modell im Programm. Doch im n\u00e4chsten Jahr wollen die Franzosen ihr Programm ausbauen. Die Konzeptstudie A290_\u00df gibt jetzt einen ersten Vorgeschmack auf die Zukunft der Sportwagenmarke.<\/p>\n\n\n\n<figure class=\"wp-block-image size-large\"><img fetchpriority=\"high\" decoding=\"async\" width=\"1024\" height=\"683\" src=\"https:\/\/www.eslebedasauto.at\/wp-content\/uploads\/2023\/05\/ampnet_photo_20230509_222722-1024x683.jpg\" alt=\"\" class=\"wp-image-92047\" srcset=\"https:\/\/www.eslebedasauto.at\/wp-content\/uploads\/2023\/05\/ampnet_photo_20230509_222722-1024x683.jpg 1024w, https:\/\/www.eslebedasauto.at\/wp-content\/uploads\/2023\/05\/ampnet_photo_20230509_222722-300x200.jpg 300w, https:\/\/www.eslebedasauto.at\/wp-content\/uploads\/2023\/05\/ampnet_photo_20230509_222722-768x512.jpg 768w, https:\/\/www.eslebedasauto.at\/wp-content\/uploads\/2023\/05\/ampnet_photo_20230509_222722-1536x1024.jpg 1536w, https:\/\/www.eslebedasauto.at\/wp-content\/uploads\/2023\/05\/ampnet_photo_20230509_222722-2048x1366.jpg 2048w, https:\/\/www.eslebedasauto.at\/wp-content\/uploads\/2023\/05\/ampnet_photo_20230509_222722-800x534.jpg 800w, https:\/\/www.eslebedasauto.at\/wp-content\/uploads\/2023\/05\/ampnet_photo_20230509_222722-1160x774.jpg 1160w\" sizes=\"(max-width: 1024px) 100vw, 1024px\" \/><\/figure>\n\n\n\n<p>Der Innenraum mit mittig angeordnetem Fahrersitz sowie zwei links und rechts daneben angeordneten Sitzpl\u00e4tzen nebst minimalistisch gehaltenem Cockpit bleibt dem Showcar vorbehalten. Der Rest soll ziemlich genau so kommen. Die Basis f\u00fcr die A290_\u00df bildet die ebenfalls im Sommer n\u00e4chsten Jahres deb\u00fctierende Neuauflage des rein batterieelektrischen Renault 5.<\/p>\n\n\n\n<figure class=\"wp-block-image size-large\"><img decoding=\"async\" width=\"1024\" height=\"683\" src=\"https:\/\/www.eslebedasauto.at\/wp-content\/uploads\/2023\/05\/ampnet_photo_20230509_222726-1024x683.jpg\" alt=\"\" class=\"wp-image-92048\" srcset=\"https:\/\/www.eslebedasauto.at\/wp-content\/uploads\/2023\/05\/ampnet_photo_20230509_222726-1024x683.jpg 1024w, https:\/\/www.eslebedasauto.at\/wp-content\/uploads\/2023\/05\/ampnet_photo_20230509_222726-300x200.jpg 300w, https:\/\/www.eslebedasauto.at\/wp-content\/uploads\/2023\/05\/ampnet_photo_20230509_222726-768x512.jpg 768w, https:\/\/www.eslebedasauto.at\/wp-content\/uploads\/2023\/05\/ampnet_photo_20230509_222726-1536x1024.jpg 1536w, https:\/\/www.eslebedasauto.at\/wp-content\/uploads\/2023\/05\/ampnet_photo_20230509_222726-2048x1366.jpg 2048w, https:\/\/www.eslebedasauto.at\/wp-content\/uploads\/2023\/05\/ampnet_photo_20230509_222726-800x534.jpg 800w, https:\/\/www.eslebedasauto.at\/wp-content\/uploads\/2023\/05\/ampnet_photo_20230509_222726-1160x774.jpg 1160w\" sizes=\"(max-width: 1024px) 100vw, 1024px\" \/><\/figure>\n\n\n\n<p>\u00dcber die Leistung, Batteriekapazit\u00e4t oder etwa Reichweite ihres hei\u00dfen Stromers schweigen die Franzosen allerdings noch.\u00a0Wir sind jedenfalls schon ziemlich gespannt.  Mehr dann im Sommer 2024.<\/p>","protected":false},"excerpt":{"rendered":"<p>Kommendes Jahr kommt das n\u00e4chste Modell der Sportwagenschmiede Alpine. Voll elektrisch und trotzdem mega-lustig.<\/p>","protected":false},"author":2,"featured_media":92049,"comment_status":"open","ping_status":"open","sticky":false,"template":"","format":"standard","meta":{"neve_meta_sidebar":"","neve_meta_container":"","neve_meta_enable_content_width":"","neve_meta_content_width":0,"neve_meta_title_alignment":"","neve_meta_author_avatar":"","neve_post_elements_order":"","neve_meta_disable_header":"","neve_meta_disable_footer":"","neve_meta_disable_title":"","neve_meta_reading_time":"","footnotes":""},"categories":[598],"tags":[],"class_list":["post-92046","post","type-post","status-publish","format-standard","has-post-thumbnail","hentry","category-shortmotornews"],"yoast_head":"<!-- This site is optimized with the Yoast SEO plugin v26.8 - https:\/\/yoast.com\/product\/yoast-seo-wordpress\/ -->\n<title>Yeah Baby! Alpine! - Es lebe das Auto<\/title>\n<meta name=\"description\" content=\"Kommendes Jahr kommt das n\u00e4chste Modell der Sportwagenschmiede Alpine. Voll elektrisch und trotzdem mega-lustig.\" \/>\n<meta name=\"robots\" content=\"index, follow, max-snippet:-1, max-image-preview:large, max-video-preview:-1\" \/>\n<link rel=\"canonical\" href=\"https:\/\/www.eslebedasauto.at\/en\/yeah-baby-alpine\/\" \/>\n<meta property=\"og:locale\" content=\"en_GB\" \/>\n<meta property=\"og:type\" content=\"article\" \/>\n<meta property=\"og:title\" content=\"Yeah Baby! Alpine! - Es lebe das Auto\" \/>\n<meta property=\"og:description\" content=\"Kommendes Jahr kommt das n\u00e4chste Modell der Sportwagenschmiede Alpine. Voll elektrisch und trotzdem mega-lustig.\" \/>\n<meta property=\"og:url\" content=\"https:\/\/www.eslebedasauto.at\/en\/yeah-baby-alpine\/\" \/>\n<meta property=\"og:site_name\" content=\"Es lebe das Auto\" \/>\n<meta property=\"article:publisher\" content=\"https:\/\/www.facebook.com\/eslebedasauto.at\" \/>\n<meta property=\"article:published_time\" content=\"2023-05-13T11:33:41+00:00\" \/>\n<meta property=\"article:modified_time\" content=\"2023-05-13T11:33:42+00:00\" \/>\n<meta property=\"og:image\" content=\"https:\/\/www.eslebedasauto.at\/wp-content\/uploads\/2023\/05\/ampnet_photo_20230509_222718.jpg\" \/>\n\t<meta property=\"og:image:width\" content=\"2507\" \/>\n\t<meta property=\"og:image:height\" content=\"1672\" \/>\n\t<meta property=\"og:image:type\" content=\"image\/jpeg\" \/>\n<meta name=\"author\" content=\"gerhard\" \/>\n<meta name=\"twitter:card\" content=\"summary_large_image\" \/>\n<meta name=\"twitter:label1\" content=\"Written by\" \/>\n\t<meta name=\"twitter:data1\" content=\"gerhard\" \/>\n\t<meta name=\"twitter:label2\" content=\"Estimated reading time\" \/>\n\t<meta name=\"twitter:data2\" content=\"2 minutes\" \/>\n<script type=\"application\/ld+json\" class=\"yoast-schema-graph\">{\"@context\":\"https:\/\/schema.org\",\"@graph\":[{\"@type\":\"Article\",\"@id\":\"https:\/\/www.eslebedasauto.at\/yeah-baby-alpine\/#article\",\"isPartOf\":{\"@id\":\"https:\/\/www.eslebedasauto.at\/yeah-baby-alpine\/\"},\"author\":{\"name\":\"gerhard\",\"@id\":\"https:\/\/www.eslebedasauto.at\/#\/schema\/person\/fb81218b0bed500d225ff518f9f17033\"},\"headline\":\"Yeah Baby! Alpine!\",\"datePublished\":\"2023-05-13T11:33:41+00:00\",\"dateModified\":\"2023-05-13T11:33:42+00:00\",\"mainEntityOfPage\":{\"@id\":\"https:\/\/www.eslebedasauto.at\/yeah-baby-alpine\/\"},\"wordCount\":130,\"commentCount\":0,\"publisher\":{\"@id\":\"https:\/\/www.eslebedasauto.at\/#organization\"},\"image\":{\"@id\":\"https:\/\/www.eslebedasauto.at\/yeah-baby-alpine\/#primaryimage\"},\"thumbnailUrl\":\"https:\/\/www.eslebedasauto.at\/wp-content\/uploads\/2023\/05\/ampnet_photo_20230509_222718.jpg\",\"articleSection\":[\"Shortmotornews\"],\"inLanguage\":\"en-GB\",\"potentialAction\":[{\"@type\":\"CommentAction\",\"name\":\"Comment\",\"target\":[\"https:\/\/www.eslebedasauto.at\/yeah-baby-alpine\/#respond\"]}]},{\"@type\":\"WebPage\",\"@id\":\"https:\/\/www.eslebedasauto.at\/yeah-baby-alpine\/\",\"url\":\"https:\/\/www.eslebedasauto.at\/yeah-baby-alpine\/\",\"name\":\"Yeah Baby! Alpine! - Es lebe das Auto\",\"isPartOf\":{\"@id\":\"https:\/\/www.eslebedasauto.at\/#website\"},\"primaryImageOfPage\":{\"@id\":\"https:\/\/www.eslebedasauto.at\/yeah-baby-alpine\/#primaryimage\"},\"image\":{\"@id\":\"https:\/\/www.eslebedasauto.at\/yeah-baby-alpine\/#primaryimage\"},\"thumbnailUrl\":\"https:\/\/www.eslebedasauto.at\/wp-content\/uploads\/2023\/05\/ampnet_photo_20230509_222718.jpg\",\"datePublished\":\"2023-05-13T11:33:41+00:00\",\"dateModified\":\"2023-05-13T11:33:42+00:00\",\"description\":\"Kommendes Jahr kommt das n\u00e4chste Modell der Sportwagenschmiede Alpine. Voll elektrisch und trotzdem mega-lustig.\",\"breadcrumb\":{\"@id\":\"https:\/\/www.eslebedasauto.at\/yeah-baby-alpine\/#breadcrumb\"},\"inLanguage\":\"en-GB\",\"potentialAction\":[{\"@type\":\"ReadAction\",\"target\":[\"https:\/\/www.eslebedasauto.at\/yeah-baby-alpine\/\"]}]},{\"@type\":\"ImageObject\",\"inLanguage\":\"en-GB\",\"@id\":\"https:\/\/www.eslebedasauto.at\/yeah-baby-alpine\/#primaryimage\",\"url\":\"https:\/\/www.eslebedasauto.at\/wp-content\/uploads\/2023\/05\/ampnet_photo_20230509_222718.jpg\",\"contentUrl\":\"https:\/\/www.eslebedasauto.at\/wp-content\/uploads\/2023\/05\/ampnet_photo_20230509_222718.jpg\",\"width\":2507,\"height\":1672},{\"@type\":\"BreadcrumbList\",\"@id\":\"https:\/\/www.eslebedasauto.at\/yeah-baby-alpine\/#breadcrumb\",\"itemListElement\":[{\"@type\":\"ListItem\",\"position\":1,\"name\":\"Startseite\",\"item\":\"https:\/\/www.eslebedasauto.at\/\"},{\"@type\":\"ListItem\",\"position\":2,\"name\":\"Yeah Baby! Alpine!\"}]},{\"@type\":\"WebSite\",\"@id\":\"https:\/\/www.eslebedasauto.at\/#website\",\"url\":\"https:\/\/www.eslebedasauto.at\/\",\"name\":\"Es lebe das Auto\",\"description\":\"ein Hoch auf den Individualverkehr\",\"publisher\":{\"@id\":\"https:\/\/www.eslebedasauto.at\/#organization\"},\"potentialAction\":[{\"@type\":\"SearchAction\",\"target\":{\"@type\":\"EntryPoint\",\"urlTemplate\":\"https:\/\/www.eslebedasauto.at\/?s={search_term_string}\"},\"query-input\":{\"@type\":\"PropertyValueSpecification\",\"valueRequired\":true,\"valueName\":\"search_term_string\"}}],\"inLanguage\":\"en-GB\"},{\"@type\":\"Organization\",\"@id\":\"https:\/\/www.eslebedasauto.at\/#organization\",\"name\":\"eslebedasauto\",\"url\":\"https:\/\/www.eslebedasauto.at\/\",\"logo\":{\"@type\":\"ImageObject\",\"inLanguage\":\"en-GB\",\"@id\":\"https:\/\/www.eslebedasauto.at\/#\/schema\/logo\/image\/\",\"url\":\"https:\/\/www.eslebedasauto.at\/wp-content\/uploads\/2025\/10\/eldarund.png\",\"contentUrl\":\"https:\/\/www.eslebedasauto.at\/wp-content\/uploads\/2025\/10\/eldarund.png\",\"width\":1024,\"height\":1024,\"caption\":\"eslebedasauto\"},\"image\":{\"@id\":\"https:\/\/www.eslebedasauto.at\/#\/schema\/logo\/image\/\"},\"sameAs\":[\"https:\/\/www.facebook.com\/eslebedasauto.at\",\"https:\/\/www.instagram.com\/es_lebe_das_auto\/\"]},{\"@type\":\"Person\",\"@id\":\"https:\/\/www.eslebedasauto.at\/#\/schema\/person\/fb81218b0bed500d225ff518f9f17033\",\"name\":\"gerhard\",\"url\":\"https:\/\/www.eslebedasauto.at\/en\/author\/gerhard\/\"}]}<\/script>\n<!-- \/ Yoast SEO plugin. -->","yoast_head_json":{"title":"Yeah Baby! Alpine! - Es lebe das Auto","description":"Kommendes Jahr kommt das n\u00e4chste Modell der Sportwagenschmiede Alpine. Voll elektrisch und trotzdem mega-lustig.","robots":{"index":"index","follow":"follow","max-snippet":"max-snippet:-1","max-image-preview":"max-image-preview:large","max-video-preview":"max-video-preview:-1"},"canonical":"https:\/\/www.eslebedasauto.at\/en\/yeah-baby-alpine\/","og_locale":"en_GB","og_type":"article","og_title":"Yeah Baby! Alpine! - Es lebe das Auto","og_description":"Kommendes Jahr kommt das n\u00e4chste Modell der Sportwagenschmiede Alpine. Voll elektrisch und trotzdem mega-lustig.","og_url":"https:\/\/www.eslebedasauto.at\/en\/yeah-baby-alpine\/","og_site_name":"Es lebe das Auto","article_publisher":"https:\/\/www.facebook.com\/eslebedasauto.at","article_published_time":"2023-05-13T11:33:41+00:00","article_modified_time":"2023-05-13T11:33:42+00:00","og_image":[{"width":2507,"height":1672,"url":"https:\/\/www.eslebedasauto.at\/wp-content\/uploads\/2023\/05\/ampnet_photo_20230509_222718.jpg","type":"image\/jpeg"}],"author":"gerhard","twitter_card":"summary_large_image","twitter_misc":{"Written by":"gerhard","Estimated reading time":"2 minutes"},"schema":{"@context":"https:\/\/schema.org","@graph":[{"@type":"Article","@id":"https:\/\/www.eslebedasauto.at\/yeah-baby-alpine\/#article","isPartOf":{"@id":"https:\/\/www.eslebedasauto.at\/yeah-baby-alpine\/"},"author":{"name":"gerhard","@id":"https:\/\/www.eslebedasauto.at\/#\/schema\/person\/fb81218b0bed500d225ff518f9f17033"},"headline":"Yeah Baby! Alpine!","datePublished":"2023-05-13T11:33:41+00:00","dateModified":"2023-05-13T11:33:42+00:00","mainEntityOfPage":{"@id":"https:\/\/www.eslebedasauto.at\/yeah-baby-alpine\/"},"wordCount":130,"commentCount":0,"publisher":{"@id":"https:\/\/www.eslebedasauto.at\/#organization"},"image":{"@id":"https:\/\/www.eslebedasauto.at\/yeah-baby-alpine\/#primaryimage"},"thumbnailUrl":"https:\/\/www.eslebedasauto.at\/wp-content\/uploads\/2023\/05\/ampnet_photo_20230509_222718.jpg","articleSection":["Shortmotornews"],"inLanguage":"en-GB","potentialAction":[{"@type":"CommentAction","name":"Comment","target":["https:\/\/www.eslebedasauto.at\/yeah-baby-alpine\/#respond"]}]},{"@type":"WebPage","@id":"https:\/\/www.eslebedasauto.at\/yeah-baby-alpine\/","url":"https:\/\/www.eslebedasauto.at\/yeah-baby-alpine\/","name":"Yeah Baby! Alpine! - Es lebe das Auto","isPartOf":{"@id":"https:\/\/www.eslebedasauto.at\/#website"},"primaryImageOfPage":{"@id":"https:\/\/www.eslebedasauto.at\/yeah-baby-alpine\/#primaryimage"},"image":{"@id":"https:\/\/www.eslebedasauto.at\/yeah-baby-alpine\/#primaryimage"},"thumbnailUrl":"https:\/\/www.eslebedasauto.at\/wp-content\/uploads\/2023\/05\/ampnet_photo_20230509_222718.jpg","datePublished":"2023-05-13T11:33:41+00:00","dateModified":"2023-05-13T11:33:42+00:00","description":"Kommendes Jahr kommt das n\u00e4chste Modell der Sportwagenschmiede Alpine. Voll elektrisch und trotzdem mega-lustig.","breadcrumb":{"@id":"https:\/\/www.eslebedasauto.at\/yeah-baby-alpine\/#breadcrumb"},"inLanguage":"en-GB","potentialAction":[{"@type":"ReadAction","target":["https:\/\/www.eslebedasauto.at\/yeah-baby-alpine\/"]}]},{"@type":"ImageObject","inLanguage":"en-GB","@id":"https:\/\/www.eslebedasauto.at\/yeah-baby-alpine\/#primaryimage","url":"https:\/\/www.eslebedasauto.at\/wp-content\/uploads\/2023\/05\/ampnet_photo_20230509_222718.jpg","contentUrl":"https:\/\/www.eslebedasauto.at\/wp-content\/uploads\/2023\/05\/ampnet_photo_20230509_222718.jpg","width":2507,"height":1672},{"@type":"BreadcrumbList","@id":"https:\/\/www.eslebedasauto.at\/yeah-baby-alpine\/#breadcrumb","itemListElement":[{"@type":"ListItem","position":1,"name":"Startseite","item":"https:\/\/www.eslebedasauto.at\/"},{"@type":"ListItem","position":2,"name":"Yeah Baby! Alpine!"}]},{"@type":"WebSite","@id":"https:\/\/www.eslebedasauto.at\/#website","url":"https:\/\/www.eslebedasauto.at\/","name":"Es lebe das Auto","description":"ein Hoch auf den Individualverkehr","publisher":{"@id":"https:\/\/www.eslebedasauto.at\/#organization"},"potentialAction":[{"@type":"SearchAction","target":{"@type":"EntryPoint","urlTemplate":"https:\/\/www.eslebedasauto.at\/?s={search_term_string}"},"query-input":{"@type":"PropertyValueSpecification","valueRequired":true,"valueName":"search_term_string"}}],"inLanguage":"en-GB"},{"@type":"Organization","@id":"https:\/\/www.eslebedasauto.at\/#organization","name":"eslebedasauto","url":"https:\/\/www.eslebedasauto.at\/","logo":{"@type":"ImageObject","inLanguage":"en-GB","@id":"https:\/\/www.eslebedasauto.at\/#\/schema\/logo\/image\/","url":"https:\/\/www.eslebedasauto.at\/wp-content\/uploads\/2025\/10\/eldarund.png","contentUrl":"https:\/\/www.eslebedasauto.at\/wp-content\/uploads\/2025\/10\/eldarund.png","width":1024,"height":1024,"caption":"eslebedasauto"},"image":{"@id":"https:\/\/www.eslebedasauto.at\/#\/schema\/logo\/image\/"},"sameAs":["https:\/\/www.facebook.com\/eslebedasauto.at","https:\/\/www.instagram.com\/es_lebe_das_auto\/"]},{"@type":"Person","@id":"https:\/\/www.eslebedasauto.at\/#\/schema\/person\/fb81218b0bed500d225ff518f9f17033","name":"gerhard","url":"https:\/\/www.eslebedasauto.at\/en\/author\/gerhard\/"}]}},"_links":{"self":[{"href":"https:\/\/www.eslebedasauto.at\/en\/wp-json\/wp\/v2\/posts\/92046","targetHints":{"allow":["GET"]}}],"collection":[{"href":"https:\/\/www.eslebedasauto.at\/en\/wp-json\/wp\/v2\/posts"}],"about":[{"href":"https:\/\/www.eslebedasauto.at\/en\/wp-json\/wp\/v2\/types\/post"}],"author":[{"embeddable":true,"href":"https:\/\/www.eslebedasauto.at\/en\/wp-json\/wp\/v2\/users\/2"}],"replies":[{"embeddable":true,"href":"https:\/\/www.eslebedasauto.at\/en\/wp-json\/wp\/v2\/comments?post=92046"}],"version-history":[{"count":1,"href":"https:\/\/www.eslebedasauto.at\/en\/wp-json\/wp\/v2\/posts\/92046\/revisions"}],"predecessor-version":[{"id":92050,"href":"https:\/\/www.eslebedasauto.at\/en\/wp-json\/wp\/v2\/posts\/92046\/revisions\/92050"}],"wp:featuredmedia":[{"embeddable":true,"href":"https:\/\/www.eslebedasauto.at\/en\/wp-json\/wp\/v2\/media\/92049"}],"wp:attachment":[{"href":"https:\/\/www.eslebedasauto.at\/en\/wp-json\/wp\/v2\/media?parent=92046"}],"wp:term":[{"taxonomy":"category","embeddable":true,"href":"https:\/\/www.eslebedasauto.at\/en\/wp-json\/wp\/v2\/categories?post=92046"},{"taxonomy":"post_tag","embeddable":true,"href":"https:\/\/www.eslebedasauto.at\/en\/wp-json\/wp\/v2\/tags?post=92046"}],"curies":[{"name":"wp","href":"https:\/\/api.w.org\/{rel}","templated":true}]}}