{"id":91988,"date":"2023-05-04T13:50:44","date_gmt":"2023-05-04T11:50:44","guid":{"rendered":"https:\/\/www.eslebedasauto.at\/?p=91988"},"modified":"2023-05-04T14:01:17","modified_gmt":"2023-05-04T12:01:17","slug":"peugeot-frischt-den-2008-auf","status":"publish","type":"post","link":"https:\/\/www.eslebedasauto.at\/en\/peugeot-frischt-den-2008-auf\/","title":{"rendered":"Peugeot frischt den 2008 auf."},"content":{"rendered":"<h2 id=\"wie-die-zeit-vergeht-es-scheint-als-ware-es-gestern-gewesen-als-peugeot-den-2008-launchte-jetzt-folgt-die-erste-auffrischung\" class=\"wp-block-heading\">Wie die Zeit vergeht &#8211; es scheint als w\u00e4re es gestern gewesen, als Peugeot den 2008 launchte &#8211; jetzt folgt die erste Auffrischung.<\/h2>\n\n\n\n<p>Der Erfolg dieses Modells ist vor allem dem Peugeot e-2008 zu verdanken, der ab 2019 mit mehr als 75.000 produzierten Einheiten (17,4 Prozent Anteil aller 2008 im Jahr 2022) ein Vorreiter in Bezug auf Elektrifizierung im Segment der kleinen SUV war. <\/p>\n\n\n\n<figure class=\"wp-block-image size-large\"><img fetchpriority=\"high\" decoding=\"async\" width=\"1024\" height=\"734\" src=\"https:\/\/www.eslebedasauto.at\/wp-content\/uploads\/2023\/05\/2168295-gdq47mbkod-1024x734.jpg\" alt=\"\" class=\"wp-image-91989\" srcset=\"https:\/\/www.eslebedasauto.at\/wp-content\/uploads\/2023\/05\/2168295-gdq47mbkod-1024x734.jpg 1024w, https:\/\/www.eslebedasauto.at\/wp-content\/uploads\/2023\/05\/2168295-gdq47mbkod-300x215.jpg 300w, https:\/\/www.eslebedasauto.at\/wp-content\/uploads\/2023\/05\/2168295-gdq47mbkod-768x550.jpg 768w, https:\/\/www.eslebedasauto.at\/wp-content\/uploads\/2023\/05\/2168295-gdq47mbkod-1536x1101.jpg 1536w, https:\/\/www.eslebedasauto.at\/wp-content\/uploads\/2023\/05\/2168295-gdq47mbkod-2048x1467.jpg 2048w, https:\/\/www.eslebedasauto.at\/wp-content\/uploads\/2023\/05\/2168295-gdq47mbkod-800x573.jpg 800w, https:\/\/www.eslebedasauto.at\/wp-content\/uploads\/2023\/05\/2168295-gdq47mbkod-1160x831.jpg 1160w\" sizes=\"(max-width: 1024px) 100vw, 1024px\" \/><\/figure>\n\n\n\n<blockquote class=\"wp-block-quote has-text-align-center is-layout-flow wp-block-quote-is-layout-flow\">\n<p class=\"has-text-align-center\"><em>\u201eMit dem neuen Peugeot 2008 baut die Marke ihre technologische und gestalterische Identit\u00e4t weiter aus. Eines der Hauptelemente der Designarbeit ist die Gestaltung der Frontpartie, die die Signatur mit drei Krallen verst\u00e4rkt. Sie unterstreicht den robusten und markanten Stil, der das Modell auf allen M\u00e4rkten so erfolgreich gemacht hat, und verdeutlicht die Aufwertung, die der neue Peugeot 2008 erf\u00e4hrt.\u201c<\/em><\/p>\n<cite>Matthias HOSSANN, Peugeot Design Director<\/cite><\/blockquote>\n\n\n\n<p>Das Design des Peugeot 2008 war schon immer elegant, kraftvoll und robust. Diese Attribute wurden beim Neuen noch st\u00e4rker herausgearbeitet. Auch die Lichtsignatur mit den drei Krallen wurde beim 2008 als zweitem Modell (nach dem <a href=\"https:\/\/www.eslebedasauto.at\/en\/neues-gesicht-fuer-den-chef-loewen\/\">neuen 508<\/a>) der L\u00f6wenmarke eingef\u00fchrt. Ebenfalls bei den Heckleuchten kommt dieses Lichtelement vor. Auch mit an Bord befindet sich das pr\u00e4gnante neue Peugeot-Logo.<\/p>\n\n\n\n<figure class=\"wp-block-image size-large\"><img decoding=\"async\" width=\"1024\" height=\"569\" src=\"https:\/\/www.eslebedasauto.at\/wp-content\/uploads\/2023\/05\/2168289-p9yiu1ti7e-1024x569.jpg\" alt=\"\" class=\"wp-image-91992\" srcset=\"https:\/\/www.eslebedasauto.at\/wp-content\/uploads\/2023\/05\/2168289-p9yiu1ti7e-1024x569.jpg 1024w, https:\/\/www.eslebedasauto.at\/wp-content\/uploads\/2023\/05\/2168289-p9yiu1ti7e-300x167.jpg 300w, https:\/\/www.eslebedasauto.at\/wp-content\/uploads\/2023\/05\/2168289-p9yiu1ti7e-768x427.jpg 768w, https:\/\/www.eslebedasauto.at\/wp-content\/uploads\/2023\/05\/2168289-p9yiu1ti7e-1536x853.jpg 1536w, https:\/\/www.eslebedasauto.at\/wp-content\/uploads\/2023\/05\/2168289-p9yiu1ti7e-2048x1138.jpg 2048w, https:\/\/www.eslebedasauto.at\/wp-content\/uploads\/2023\/05\/2168289-p9yiu1ti7e-200x110.jpg 200w, https:\/\/www.eslebedasauto.at\/wp-content\/uploads\/2023\/05\/2168289-p9yiu1ti7e-800x444.jpg 800w, https:\/\/www.eslebedasauto.at\/wp-content\/uploads\/2023\/05\/2168289-p9yiu1ti7e-1160x644.jpg 1160w\" sizes=\"(max-width: 1024px) 100vw, 1024px\" \/><\/figure>\n\n\n\n<p>Innen kommt das digitale Kombiinstrument (f\u00fcr \u00a0Allure\u00a0und\u00a0GT) zum Einsatz, es befindet sich auf Augenh\u00f6he direkt \u00fcber dem Lenkrad. Das 10-Zoll-Display hat ein neues Design und bei der\u00a0GT-Version eine Anzeige in 3D. <\/p>\n\n\n\n<figure class=\"wp-block-image size-large\"><img decoding=\"async\" width=\"1024\" height=\"768\" src=\"https:\/\/www.eslebedasauto.at\/wp-content\/uploads\/2023\/05\/2168277-8j72s7fnd0-1024x768.jpg\" alt=\"\" class=\"wp-image-91991\" srcset=\"https:\/\/www.eslebedasauto.at\/wp-content\/uploads\/2023\/05\/2168277-8j72s7fnd0-1024x768.jpg 1024w, https:\/\/www.eslebedasauto.at\/wp-content\/uploads\/2023\/05\/2168277-8j72s7fnd0-300x225.jpg 300w, https:\/\/www.eslebedasauto.at\/wp-content\/uploads\/2023\/05\/2168277-8j72s7fnd0-768x576.jpg 768w, https:\/\/www.eslebedasauto.at\/wp-content\/uploads\/2023\/05\/2168277-8j72s7fnd0-1536x1152.jpg 1536w, https:\/\/www.eslebedasauto.at\/wp-content\/uploads\/2023\/05\/2168277-8j72s7fnd0-2048x1536.jpg 2048w, https:\/\/www.eslebedasauto.at\/wp-content\/uploads\/2023\/05\/2168277-8j72s7fnd0-800x600.jpg 800w, https:\/\/www.eslebedasauto.at\/wp-content\/uploads\/2023\/05\/2168277-8j72s7fnd0-1160x870.jpg 1160w\" sizes=\"(max-width: 1024px) 100vw, 1024px\" \/><\/figure>\n\n\n\n<h3 id=\"technisch-hat-sich-einiges-getan-vor-allem-beim-e-2008\" class=\"wp-block-heading\">Technisch hat sich einiges getan &#8211; vor allem beim e-2008.<\/h3>\n\n\n\n<p>Die maximale Leistung steigt um 15 Prozent auf 156 PS, auch die Batteriekapazit\u00e4t wurde auf 54 kWh vergr\u00f6\u00dfert. Die Reichweite\u00a0 erh\u00f6ht sich dadurch auf bis zu 406 Kilometer\u00a0gem\u00e4\u00df WLTP-Zyklus. Die voraussichtliche Ladezeit von 20 Prozent auf 80 Prozent betr\u00e4gt ca. 30 Minuten an einer \u00f6ffentlichen Ladestation (100 kW). An einer 11 kW Wallbox wird die Batterie von null auf hundert Prozent in rund f\u00fcnf Stunden aufgeladen. Anfang 2024 wird der Peugeot 2008 dann den neuen 48V-Hybridmotor\u00a0erhalten, der aus einem PureTech-Benzinmotor der neuen Generation mit 136 PS und einem Elektromotor besteht, die mit einem neuen elektrifizierten Sechsgang-DSG gekoppelt sind.<\/p>\n\n\n\n<p>Der neue Peugeot 2008 wird im Werk Vigo in Spanien produziert. Er wird im Sommer 2023 in den drei Ausstattungsvarianten\u00a0Active,\u00a0Allure\u00a0und\u00a0GT\u00a0und mit vier Motoren auf den Markt kommen.<\/p>","protected":false},"excerpt":{"rendered":"<p>Alles neu macht der Mai &#8211; Peugeot hat soeben die optisch und technisch aufgefrischte Version des 2008 vorgestellt.<\/p>","protected":false},"author":2,"featured_media":91990,"comment_status":"open","ping_status":"open","sticky":false,"template":"","format":"standard","meta":{"neve_meta_sidebar":"","neve_meta_container":"","neve_meta_enable_content_width":"","neve_meta_content_width":0,"neve_meta_title_alignment":"","neve_meta_author_avatar":"","neve_post_elements_order":"","neve_meta_disable_header":"","neve_meta_disable_footer":"","neve_meta_disable_title":"","neve_meta_reading_time":"","footnotes":""},"categories":[598],"tags":[],"class_list":["post-91988","post","type-post","status-publish","format-standard","has-post-thumbnail","hentry","category-shortmotornews"],"yoast_head":"<!-- This site is optimized with the Yoast SEO plugin v26.8 - https:\/\/yoast.com\/product\/yoast-seo-wordpress\/ -->\n<title>Peugeot frischt den 2008 auf. - Es lebe das Auto<\/title>\n<meta name=\"description\" content=\"Alles neu macht der Mai - Peugeot hat soeben die optisch und technisch aufgefrischte Version des 2008 vorgestellt.\" \/>\n<meta name=\"robots\" content=\"index, follow, max-snippet:-1, max-image-preview:large, max-video-preview:-1\" \/>\n<link rel=\"canonical\" href=\"https:\/\/www.eslebedasauto.at\/en\/peugeot-frischt-den-2008-auf\/\" \/>\n<meta property=\"og:locale\" content=\"en_GB\" \/>\n<meta property=\"og:type\" content=\"article\" \/>\n<meta property=\"og:title\" content=\"Peugeot frischt den 2008 auf. - Es lebe das Auto\" \/>\n<meta property=\"og:description\" content=\"Alles neu macht der Mai - Peugeot hat soeben die optisch und technisch aufgefrischte Version des 2008 vorgestellt.\" \/>\n<meta property=\"og:url\" content=\"https:\/\/www.eslebedasauto.at\/en\/peugeot-frischt-den-2008-auf\/\" \/>\n<meta property=\"og:site_name\" content=\"Es lebe das Auto\" \/>\n<meta property=\"article:publisher\" content=\"https:\/\/www.facebook.com\/eslebedasauto.at\" \/>\n<meta property=\"article:published_time\" content=\"2023-05-04T11:50:44+00:00\" \/>\n<meta property=\"article:modified_time\" content=\"2023-05-04T12:01:17+00:00\" \/>\n<meta property=\"og:image\" content=\"https:\/\/www.eslebedasauto.at\/wp-content\/uploads\/2023\/05\/2168271-jkw2gxawai-scaled.jpg\" \/>\n\t<meta property=\"og:image:width\" content=\"2560\" \/>\n\t<meta property=\"og:image:height\" content=\"1422\" \/>\n\t<meta property=\"og:image:type\" content=\"image\/jpeg\" \/>\n<meta name=\"author\" content=\"gerhard\" \/>\n<meta name=\"twitter:card\" content=\"summary_large_image\" \/>\n<meta name=\"twitter:label1\" content=\"Written by\" \/>\n\t<meta name=\"twitter:data1\" content=\"gerhard\" \/>\n\t<meta name=\"twitter:label2\" content=\"Estimated reading time\" \/>\n\t<meta name=\"twitter:data2\" content=\"3 minutes\" \/>\n<script type=\"application\/ld+json\" class=\"yoast-schema-graph\">{\"@context\":\"https:\/\/schema.org\",\"@graph\":[{\"@type\":\"Article\",\"@id\":\"https:\/\/www.eslebedasauto.at\/peugeot-frischt-den-2008-auf\/#article\",\"isPartOf\":{\"@id\":\"https:\/\/www.eslebedasauto.at\/peugeot-frischt-den-2008-auf\/\"},\"author\":{\"name\":\"gerhard\",\"@id\":\"https:\/\/www.eslebedasauto.at\/#\/schema\/person\/fb81218b0bed500d225ff518f9f17033\"},\"headline\":\"Peugeot frischt den 2008 auf.\",\"datePublished\":\"2023-05-04T11:50:44+00:00\",\"dateModified\":\"2023-05-04T12:01:17+00:00\",\"mainEntityOfPage\":{\"@id\":\"https:\/\/www.eslebedasauto.at\/peugeot-frischt-den-2008-auf\/\"},\"wordCount\":357,\"commentCount\":0,\"publisher\":{\"@id\":\"https:\/\/www.eslebedasauto.at\/#organization\"},\"image\":{\"@id\":\"https:\/\/www.eslebedasauto.at\/peugeot-frischt-den-2008-auf\/#primaryimage\"},\"thumbnailUrl\":\"https:\/\/www.eslebedasauto.at\/wp-content\/uploads\/2023\/05\/2168271-jkw2gxawai-scaled.jpg\",\"articleSection\":[\"Shortmotornews\"],\"inLanguage\":\"en-GB\",\"potentialAction\":[{\"@type\":\"CommentAction\",\"name\":\"Comment\",\"target\":[\"https:\/\/www.eslebedasauto.at\/peugeot-frischt-den-2008-auf\/#respond\"]}]},{\"@type\":\"WebPage\",\"@id\":\"https:\/\/www.eslebedasauto.at\/peugeot-frischt-den-2008-auf\/\",\"url\":\"https:\/\/www.eslebedasauto.at\/peugeot-frischt-den-2008-auf\/\",\"name\":\"Peugeot frischt den 2008 auf. - Es lebe das Auto\",\"isPartOf\":{\"@id\":\"https:\/\/www.eslebedasauto.at\/#website\"},\"primaryImageOfPage\":{\"@id\":\"https:\/\/www.eslebedasauto.at\/peugeot-frischt-den-2008-auf\/#primaryimage\"},\"image\":{\"@id\":\"https:\/\/www.eslebedasauto.at\/peugeot-frischt-den-2008-auf\/#primaryimage\"},\"thumbnailUrl\":\"https:\/\/www.eslebedasauto.at\/wp-content\/uploads\/2023\/05\/2168271-jkw2gxawai-scaled.jpg\",\"datePublished\":\"2023-05-04T11:50:44+00:00\",\"dateModified\":\"2023-05-04T12:01:17+00:00\",\"description\":\"Alles neu macht der Mai - Peugeot hat soeben die optisch und technisch aufgefrischte Version des 2008 vorgestellt.\",\"breadcrumb\":{\"@id\":\"https:\/\/www.eslebedasauto.at\/peugeot-frischt-den-2008-auf\/#breadcrumb\"},\"inLanguage\":\"en-GB\",\"potentialAction\":[{\"@type\":\"ReadAction\",\"target\":[\"https:\/\/www.eslebedasauto.at\/peugeot-frischt-den-2008-auf\/\"]}]},{\"@type\":\"ImageObject\",\"inLanguage\":\"en-GB\",\"@id\":\"https:\/\/www.eslebedasauto.at\/peugeot-frischt-den-2008-auf\/#primaryimage\",\"url\":\"https:\/\/www.eslebedasauto.at\/wp-content\/uploads\/2023\/05\/2168271-jkw2gxawai-scaled.jpg\",\"contentUrl\":\"https:\/\/www.eslebedasauto.at\/wp-content\/uploads\/2023\/05\/2168271-jkw2gxawai-scaled.jpg\",\"width\":2560,\"height\":1422},{\"@type\":\"BreadcrumbList\",\"@id\":\"https:\/\/www.eslebedasauto.at\/peugeot-frischt-den-2008-auf\/#breadcrumb\",\"itemListElement\":[{\"@type\":\"ListItem\",\"position\":1,\"name\":\"Startseite\",\"item\":\"https:\/\/www.eslebedasauto.at\/\"},{\"@type\":\"ListItem\",\"position\":2,\"name\":\"Peugeot frischt den 2008 auf.\"}]},{\"@type\":\"WebSite\",\"@id\":\"https:\/\/www.eslebedasauto.at\/#website\",\"url\":\"https:\/\/www.eslebedasauto.at\/\",\"name\":\"Es lebe das Auto\",\"description\":\"ein Hoch auf den Individualverkehr\",\"publisher\":{\"@id\":\"https:\/\/www.eslebedasauto.at\/#organization\"},\"potentialAction\":[{\"@type\":\"SearchAction\",\"target\":{\"@type\":\"EntryPoint\",\"urlTemplate\":\"https:\/\/www.eslebedasauto.at\/?s={search_term_string}\"},\"query-input\":{\"@type\":\"PropertyValueSpecification\",\"valueRequired\":true,\"valueName\":\"search_term_string\"}}],\"inLanguage\":\"en-GB\"},{\"@type\":\"Organization\",\"@id\":\"https:\/\/www.eslebedasauto.at\/#organization\",\"name\":\"eslebedasauto\",\"url\":\"https:\/\/www.eslebedasauto.at\/\",\"logo\":{\"@type\":\"ImageObject\",\"inLanguage\":\"en-GB\",\"@id\":\"https:\/\/www.eslebedasauto.at\/#\/schema\/logo\/image\/\",\"url\":\"https:\/\/www.eslebedasauto.at\/wp-content\/uploads\/2025\/10\/eldarund.png\",\"contentUrl\":\"https:\/\/www.eslebedasauto.at\/wp-content\/uploads\/2025\/10\/eldarund.png\",\"width\":1024,\"height\":1024,\"caption\":\"eslebedasauto\"},\"image\":{\"@id\":\"https:\/\/www.eslebedasauto.at\/#\/schema\/logo\/image\/\"},\"sameAs\":[\"https:\/\/www.facebook.com\/eslebedasauto.at\",\"https:\/\/www.instagram.com\/es_lebe_das_auto\/\"]},{\"@type\":\"Person\",\"@id\":\"https:\/\/www.eslebedasauto.at\/#\/schema\/person\/fb81218b0bed500d225ff518f9f17033\",\"name\":\"gerhard\",\"url\":\"https:\/\/www.eslebedasauto.at\/en\/author\/gerhard\/\"}]}<\/script>\n<!-- \/ Yoast SEO plugin. -->","yoast_head_json":{"title":"Peugeot frischt den 2008 auf. - Es lebe das Auto","description":"Alles neu macht der Mai - Peugeot hat soeben die optisch und technisch aufgefrischte Version des 2008 vorgestellt.","robots":{"index":"index","follow":"follow","max-snippet":"max-snippet:-1","max-image-preview":"max-image-preview:large","max-video-preview":"max-video-preview:-1"},"canonical":"https:\/\/www.eslebedasauto.at\/en\/peugeot-frischt-den-2008-auf\/","og_locale":"en_GB","og_type":"article","og_title":"Peugeot frischt den 2008 auf. - Es lebe das Auto","og_description":"Alles neu macht der Mai - Peugeot hat soeben die optisch und technisch aufgefrischte Version des 2008 vorgestellt.","og_url":"https:\/\/www.eslebedasauto.at\/en\/peugeot-frischt-den-2008-auf\/","og_site_name":"Es lebe das Auto","article_publisher":"https:\/\/www.facebook.com\/eslebedasauto.at","article_published_time":"2023-05-04T11:50:44+00:00","article_modified_time":"2023-05-04T12:01:17+00:00","og_image":[{"width":2560,"height":1422,"url":"https:\/\/www.eslebedasauto.at\/wp-content\/uploads\/2023\/05\/2168271-jkw2gxawai-scaled.jpg","type":"image\/jpeg"}],"author":"gerhard","twitter_card":"summary_large_image","twitter_misc":{"Written by":"gerhard","Estimated reading time":"3 minutes"},"schema":{"@context":"https:\/\/schema.org","@graph":[{"@type":"Article","@id":"https:\/\/www.eslebedasauto.at\/peugeot-frischt-den-2008-auf\/#article","isPartOf":{"@id":"https:\/\/www.eslebedasauto.at\/peugeot-frischt-den-2008-auf\/"},"author":{"name":"gerhard","@id":"https:\/\/www.eslebedasauto.at\/#\/schema\/person\/fb81218b0bed500d225ff518f9f17033"},"headline":"Peugeot frischt den 2008 auf.","datePublished":"2023-05-04T11:50:44+00:00","dateModified":"2023-05-04T12:01:17+00:00","mainEntityOfPage":{"@id":"https:\/\/www.eslebedasauto.at\/peugeot-frischt-den-2008-auf\/"},"wordCount":357,"commentCount":0,"publisher":{"@id":"https:\/\/www.eslebedasauto.at\/#organization"},"image":{"@id":"https:\/\/www.eslebedasauto.at\/peugeot-frischt-den-2008-auf\/#primaryimage"},"thumbnailUrl":"https:\/\/www.eslebedasauto.at\/wp-content\/uploads\/2023\/05\/2168271-jkw2gxawai-scaled.jpg","articleSection":["Shortmotornews"],"inLanguage":"en-GB","potentialAction":[{"@type":"CommentAction","name":"Comment","target":["https:\/\/www.eslebedasauto.at\/peugeot-frischt-den-2008-auf\/#respond"]}]},{"@type":"WebPage","@id":"https:\/\/www.eslebedasauto.at\/peugeot-frischt-den-2008-auf\/","url":"https:\/\/www.eslebedasauto.at\/peugeot-frischt-den-2008-auf\/","name":"Peugeot frischt den 2008 auf. - Es lebe das Auto","isPartOf":{"@id":"https:\/\/www.eslebedasauto.at\/#website"},"primaryImageOfPage":{"@id":"https:\/\/www.eslebedasauto.at\/peugeot-frischt-den-2008-auf\/#primaryimage"},"image":{"@id":"https:\/\/www.eslebedasauto.at\/peugeot-frischt-den-2008-auf\/#primaryimage"},"thumbnailUrl":"https:\/\/www.eslebedasauto.at\/wp-content\/uploads\/2023\/05\/2168271-jkw2gxawai-scaled.jpg","datePublished":"2023-05-04T11:50:44+00:00","dateModified":"2023-05-04T12:01:17+00:00","description":"Alles neu macht der Mai - Peugeot hat soeben die optisch und technisch aufgefrischte Version des 2008 vorgestellt.","breadcrumb":{"@id":"https:\/\/www.eslebedasauto.at\/peugeot-frischt-den-2008-auf\/#breadcrumb"},"inLanguage":"en-GB","potentialAction":[{"@type":"ReadAction","target":["https:\/\/www.eslebedasauto.at\/peugeot-frischt-den-2008-auf\/"]}]},{"@type":"ImageObject","inLanguage":"en-GB","@id":"https:\/\/www.eslebedasauto.at\/peugeot-frischt-den-2008-auf\/#primaryimage","url":"https:\/\/www.eslebedasauto.at\/wp-content\/uploads\/2023\/05\/2168271-jkw2gxawai-scaled.jpg","contentUrl":"https:\/\/www.eslebedasauto.at\/wp-content\/uploads\/2023\/05\/2168271-jkw2gxawai-scaled.jpg","width":2560,"height":1422},{"@type":"BreadcrumbList","@id":"https:\/\/www.eslebedasauto.at\/peugeot-frischt-den-2008-auf\/#breadcrumb","itemListElement":[{"@type":"ListItem","position":1,"name":"Startseite","item":"https:\/\/www.eslebedasauto.at\/"},{"@type":"ListItem","position":2,"name":"Peugeot frischt den 2008 auf."}]},{"@type":"WebSite","@id":"https:\/\/www.eslebedasauto.at\/#website","url":"https:\/\/www.eslebedasauto.at\/","name":"Es lebe das Auto","description":"ein Hoch auf den Individualverkehr","publisher":{"@id":"https:\/\/www.eslebedasauto.at\/#organization"},"potentialAction":[{"@type":"SearchAction","target":{"@type":"EntryPoint","urlTemplate":"https:\/\/www.eslebedasauto.at\/?s={search_term_string}"},"query-input":{"@type":"PropertyValueSpecification","valueRequired":true,"valueName":"search_term_string"}}],"inLanguage":"en-GB"},{"@type":"Organization","@id":"https:\/\/www.eslebedasauto.at\/#organization","name":"eslebedasauto","url":"https:\/\/www.eslebedasauto.at\/","logo":{"@type":"ImageObject","inLanguage":"en-GB","@id":"https:\/\/www.eslebedasauto.at\/#\/schema\/logo\/image\/","url":"https:\/\/www.eslebedasauto.at\/wp-content\/uploads\/2025\/10\/eldarund.png","contentUrl":"https:\/\/www.eslebedasauto.at\/wp-content\/uploads\/2025\/10\/eldarund.png","width":1024,"height":1024,"caption":"eslebedasauto"},"image":{"@id":"https:\/\/www.eslebedasauto.at\/#\/schema\/logo\/image\/"},"sameAs":["https:\/\/www.facebook.com\/eslebedasauto.at","https:\/\/www.instagram.com\/es_lebe_das_auto\/"]},{"@type":"Person","@id":"https:\/\/www.eslebedasauto.at\/#\/schema\/person\/fb81218b0bed500d225ff518f9f17033","name":"gerhard","url":"https:\/\/www.eslebedasauto.at\/en\/author\/gerhard\/"}]}},"_links":{"self":[{"href":"https:\/\/www.eslebedasauto.at\/en\/wp-json\/wp\/v2\/posts\/91988","targetHints":{"allow":["GET"]}}],"collection":[{"href":"https:\/\/www.eslebedasauto.at\/en\/wp-json\/wp\/v2\/posts"}],"about":[{"href":"https:\/\/www.eslebedasauto.at\/en\/wp-json\/wp\/v2\/types\/post"}],"author":[{"embeddable":true,"href":"https:\/\/www.eslebedasauto.at\/en\/wp-json\/wp\/v2\/users\/2"}],"replies":[{"embeddable":true,"href":"https:\/\/www.eslebedasauto.at\/en\/wp-json\/wp\/v2\/comments?post=91988"}],"version-history":[{"count":8,"href":"https:\/\/www.eslebedasauto.at\/en\/wp-json\/wp\/v2\/posts\/91988\/revisions"}],"predecessor-version":[{"id":92004,"href":"https:\/\/www.eslebedasauto.at\/en\/wp-json\/wp\/v2\/posts\/91988\/revisions\/92004"}],"wp:featuredmedia":[{"embeddable":true,"href":"https:\/\/www.eslebedasauto.at\/en\/wp-json\/wp\/v2\/media\/91990"}],"wp:attachment":[{"href":"https:\/\/www.eslebedasauto.at\/en\/wp-json\/wp\/v2\/media?parent=91988"}],"wp:term":[{"taxonomy":"category","embeddable":true,"href":"https:\/\/www.eslebedasauto.at\/en\/wp-json\/wp\/v2\/categories?post=91988"},{"taxonomy":"post_tag","embeddable":true,"href":"https:\/\/www.eslebedasauto.at\/en\/wp-json\/wp\/v2\/tags?post=91988"}],"curies":[{"name":"wp","href":"https:\/\/api.w.org\/{rel}","templated":true}]}}