{"id":91559,"date":"2023-03-16T21:25:42","date_gmt":"2023-03-16T20:25:42","guid":{"rendered":"https:\/\/www.eslebedasauto.at\/?p=91559"},"modified":"2023-03-16T21:25:43","modified_gmt":"2023-03-16T20:25:43","slug":"facelift-fuer-den-mercedes-gla","status":"publish","type":"post","link":"https:\/\/www.eslebedasauto.at\/en\/facelift-fuer-den-mercedes-gla\/","title":{"rendered":"Facelift f\u00fcr den Mercedes GLA."},"content":{"rendered":"<h4 id=\"zusatzlich-werten-zahlreiche-neuerungen-die-serienausstattung-auf-dazu-gehort-der-freistehende-doppel-bildschirm-mit-standardmasig-sieben-zoll-kombiinstrument-und-grosem-1025-zoll-multimediadisplay\" class=\"wp-block-heading\">Zus\u00e4tzlich werten zahlreiche Neuerungen die Serienausstattung auf. Dazu geh\u00f6rt der freistehende Doppel-Bildschirm mit standardm\u00e4\u00dfig Sieben-Zoll-Kombiinstrument und gro\u00dfem 10,25-Zoll-Multimediadisplay. <\/h4>\n\n\n\n<figure class=\"wp-block-image size-large\"><img fetchpriority=\"high\" decoding=\"async\" width=\"1024\" height=\"683\" src=\"https:\/\/www.eslebedasauto.at\/wp-content\/uploads\/2023\/03\/ampnet_photo_20230316_220789-1024x683.jpg\" alt=\"\" class=\"wp-image-91560\" srcset=\"https:\/\/www.eslebedasauto.at\/wp-content\/uploads\/2023\/03\/ampnet_photo_20230316_220789-1024x683.jpg 1024w, https:\/\/www.eslebedasauto.at\/wp-content\/uploads\/2023\/03\/ampnet_photo_20230316_220789-300x200.jpg 300w, https:\/\/www.eslebedasauto.at\/wp-content\/uploads\/2023\/03\/ampnet_photo_20230316_220789-768x512.jpg 768w, https:\/\/www.eslebedasauto.at\/wp-content\/uploads\/2023\/03\/ampnet_photo_20230316_220789-1536x1024.jpg 1536w, https:\/\/www.eslebedasauto.at\/wp-content\/uploads\/2023\/03\/ampnet_photo_20230316_220789-2048x1365.jpg 2048w, https:\/\/www.eslebedasauto.at\/wp-content\/uploads\/2023\/03\/ampnet_photo_20230316_220789-800x533.jpg 800w, https:\/\/www.eslebedasauto.at\/wp-content\/uploads\/2023\/03\/ampnet_photo_20230316_220789-1160x773.jpg 1160w\" sizes=\"(max-width: 1024px) 100vw, 1024px\" \/><\/figure>\n\n\n\n<p>Die Basisausstattung bekommt neben Lederlenkrad und LED-Frontscheinwerfern auch den Fernlicht-Assistenten, eine R\u00fcckfahrkamera und das USB-Paket. Mit an Bord ist beim GLA stets das neueste MBUX-Generation mit ge\u00e4nderten Anzeigestilen und verbesserten Onlinediensten.  Der GLA wird mit neun verschiedenen Motorisierungen von 116 PS bis 224 PS angeboten. Der weiterentwickelte Plug-in-Hybrid GLA 250 e kommt nun auf eine Systemleistung von 218 PS und 450 Newtonmeter Drehmoment.\u00a0<\/p>","protected":false},"excerpt":{"rendered":"<p>Mercedes-Benz hat den GLA geliftet. Das Kompakt-SUV rollt mit neu gestalteter Front- und Heckpartie vor. <\/p>","protected":false},"author":2,"featured_media":91561,"comment_status":"open","ping_status":"open","sticky":false,"template":"","format":"standard","meta":{"neve_meta_sidebar":"","neve_meta_container":"","neve_meta_enable_content_width":"","neve_meta_content_width":0,"neve_meta_title_alignment":"","neve_meta_author_avatar":"","neve_post_elements_order":"","neve_meta_disable_header":"","neve_meta_disable_footer":"","neve_meta_disable_title":"","neve_meta_reading_time":"","footnotes":""},"categories":[598],"tags":[],"class_list":["post-91559","post","type-post","status-publish","format-standard","has-post-thumbnail","hentry","category-shortmotornews"],"yoast_head":"<!-- This site is optimized with the Yoast SEO plugin v26.8 - https:\/\/yoast.com\/product\/yoast-seo-wordpress\/ -->\n<title>Facelift f\u00fcr den Mercedes GLA. - Es lebe das Auto<\/title>\n<meta name=\"description\" content=\"Mercedes-Benz hat den GLA geliftet. Das Kompakt-SUV rollt mit neu gestalteter Front- und Heckpartie vor.\" \/>\n<meta name=\"robots\" content=\"index, follow, max-snippet:-1, max-image-preview:large, max-video-preview:-1\" \/>\n<link rel=\"canonical\" href=\"https:\/\/www.eslebedasauto.at\/en\/facelift-fuer-den-mercedes-gla\/\" \/>\n<meta property=\"og:locale\" content=\"en_GB\" \/>\n<meta property=\"og:type\" content=\"article\" \/>\n<meta property=\"og:title\" content=\"Facelift f\u00fcr den Mercedes GLA. - Es lebe das Auto\" \/>\n<meta property=\"og:description\" content=\"Mercedes-Benz hat den GLA geliftet. Das Kompakt-SUV rollt mit neu gestalteter Front- und Heckpartie vor.\" \/>\n<meta property=\"og:url\" content=\"https:\/\/www.eslebedasauto.at\/en\/facelift-fuer-den-mercedes-gla\/\" \/>\n<meta property=\"og:site_name\" content=\"Es lebe das Auto\" \/>\n<meta property=\"article:publisher\" content=\"https:\/\/www.facebook.com\/eslebedasauto.at\" \/>\n<meta property=\"article:published_time\" content=\"2023-03-16T20:25:42+00:00\" \/>\n<meta property=\"article:modified_time\" content=\"2023-03-16T20:25:43+00:00\" \/>\n<meta property=\"og:image\" content=\"https:\/\/www.eslebedasauto.at\/wp-content\/uploads\/2023\/03\/ampnet_photo_20230316_220794.jpg\" \/>\n\t<meta property=\"og:image:width\" content=\"2508\" \/>\n\t<meta property=\"og:image:height\" content=\"1672\" \/>\n\t<meta property=\"og:image:type\" content=\"image\/jpeg\" \/>\n<meta name=\"author\" content=\"gerhard\" \/>\n<meta name=\"twitter:card\" content=\"summary_large_image\" \/>\n<meta name=\"twitter:label1\" content=\"Written by\" \/>\n\t<meta name=\"twitter:data1\" content=\"gerhard\" \/>\n\t<meta name=\"twitter:label2\" content=\"Estimated reading time\" \/>\n\t<meta name=\"twitter:data2\" content=\"1 minute\" \/>\n<script type=\"application\/ld+json\" class=\"yoast-schema-graph\">{\"@context\":\"https:\/\/schema.org\",\"@graph\":[{\"@type\":\"Article\",\"@id\":\"https:\/\/www.eslebedasauto.at\/facelift-fuer-den-mercedes-gla\/#article\",\"isPartOf\":{\"@id\":\"https:\/\/www.eslebedasauto.at\/facelift-fuer-den-mercedes-gla\/\"},\"author\":{\"name\":\"gerhard\",\"@id\":\"https:\/\/www.eslebedasauto.at\/#\/schema\/person\/fb81218b0bed500d225ff518f9f17033\"},\"headline\":\"Facelift f\u00fcr den Mercedes GLA.\",\"datePublished\":\"2023-03-16T20:25:42+00:00\",\"dateModified\":\"2023-03-16T20:25:43+00:00\",\"mainEntityOfPage\":{\"@id\":\"https:\/\/www.eslebedasauto.at\/facelift-fuer-den-mercedes-gla\/\"},\"wordCount\":88,\"commentCount\":0,\"publisher\":{\"@id\":\"https:\/\/www.eslebedasauto.at\/#organization\"},\"image\":{\"@id\":\"https:\/\/www.eslebedasauto.at\/facelift-fuer-den-mercedes-gla\/#primaryimage\"},\"thumbnailUrl\":\"https:\/\/www.eslebedasauto.at\/wp-content\/uploads\/2023\/03\/ampnet_photo_20230316_220794.jpg\",\"articleSection\":[\"Shortmotornews\"],\"inLanguage\":\"en-GB\",\"potentialAction\":[{\"@type\":\"CommentAction\",\"name\":\"Comment\",\"target\":[\"https:\/\/www.eslebedasauto.at\/facelift-fuer-den-mercedes-gla\/#respond\"]}]},{\"@type\":\"WebPage\",\"@id\":\"https:\/\/www.eslebedasauto.at\/facelift-fuer-den-mercedes-gla\/\",\"url\":\"https:\/\/www.eslebedasauto.at\/facelift-fuer-den-mercedes-gla\/\",\"name\":\"Facelift f\u00fcr den Mercedes GLA. - Es lebe das Auto\",\"isPartOf\":{\"@id\":\"https:\/\/www.eslebedasauto.at\/#website\"},\"primaryImageOfPage\":{\"@id\":\"https:\/\/www.eslebedasauto.at\/facelift-fuer-den-mercedes-gla\/#primaryimage\"},\"image\":{\"@id\":\"https:\/\/www.eslebedasauto.at\/facelift-fuer-den-mercedes-gla\/#primaryimage\"},\"thumbnailUrl\":\"https:\/\/www.eslebedasauto.at\/wp-content\/uploads\/2023\/03\/ampnet_photo_20230316_220794.jpg\",\"datePublished\":\"2023-03-16T20:25:42+00:00\",\"dateModified\":\"2023-03-16T20:25:43+00:00\",\"description\":\"Mercedes-Benz hat den GLA geliftet. Das Kompakt-SUV rollt mit neu gestalteter Front- und Heckpartie vor.\",\"breadcrumb\":{\"@id\":\"https:\/\/www.eslebedasauto.at\/facelift-fuer-den-mercedes-gla\/#breadcrumb\"},\"inLanguage\":\"en-GB\",\"potentialAction\":[{\"@type\":\"ReadAction\",\"target\":[\"https:\/\/www.eslebedasauto.at\/facelift-fuer-den-mercedes-gla\/\"]}]},{\"@type\":\"ImageObject\",\"inLanguage\":\"en-GB\",\"@id\":\"https:\/\/www.eslebedasauto.at\/facelift-fuer-den-mercedes-gla\/#primaryimage\",\"url\":\"https:\/\/www.eslebedasauto.at\/wp-content\/uploads\/2023\/03\/ampnet_photo_20230316_220794.jpg\",\"contentUrl\":\"https:\/\/www.eslebedasauto.at\/wp-content\/uploads\/2023\/03\/ampnet_photo_20230316_220794.jpg\",\"width\":2508,\"height\":1672},{\"@type\":\"BreadcrumbList\",\"@id\":\"https:\/\/www.eslebedasauto.at\/facelift-fuer-den-mercedes-gla\/#breadcrumb\",\"itemListElement\":[{\"@type\":\"ListItem\",\"position\":1,\"name\":\"Startseite\",\"item\":\"https:\/\/www.eslebedasauto.at\/\"},{\"@type\":\"ListItem\",\"position\":2,\"name\":\"Facelift f\u00fcr den Mercedes GLA.\"}]},{\"@type\":\"WebSite\",\"@id\":\"https:\/\/www.eslebedasauto.at\/#website\",\"url\":\"https:\/\/www.eslebedasauto.at\/\",\"name\":\"Es lebe das Auto\",\"description\":\"ein Hoch auf den Individualverkehr\",\"publisher\":{\"@id\":\"https:\/\/www.eslebedasauto.at\/#organization\"},\"potentialAction\":[{\"@type\":\"SearchAction\",\"target\":{\"@type\":\"EntryPoint\",\"urlTemplate\":\"https:\/\/www.eslebedasauto.at\/?s={search_term_string}\"},\"query-input\":{\"@type\":\"PropertyValueSpecification\",\"valueRequired\":true,\"valueName\":\"search_term_string\"}}],\"inLanguage\":\"en-GB\"},{\"@type\":\"Organization\",\"@id\":\"https:\/\/www.eslebedasauto.at\/#organization\",\"name\":\"eslebedasauto\",\"url\":\"https:\/\/www.eslebedasauto.at\/\",\"logo\":{\"@type\":\"ImageObject\",\"inLanguage\":\"en-GB\",\"@id\":\"https:\/\/www.eslebedasauto.at\/#\/schema\/logo\/image\/\",\"url\":\"https:\/\/www.eslebedasauto.at\/wp-content\/uploads\/2025\/10\/eldarund.png\",\"contentUrl\":\"https:\/\/www.eslebedasauto.at\/wp-content\/uploads\/2025\/10\/eldarund.png\",\"width\":1024,\"height\":1024,\"caption\":\"eslebedasauto\"},\"image\":{\"@id\":\"https:\/\/www.eslebedasauto.at\/#\/schema\/logo\/image\/\"},\"sameAs\":[\"https:\/\/www.facebook.com\/eslebedasauto.at\",\"https:\/\/www.instagram.com\/es_lebe_das_auto\/\"]},{\"@type\":\"Person\",\"@id\":\"https:\/\/www.eslebedasauto.at\/#\/schema\/person\/fb81218b0bed500d225ff518f9f17033\",\"name\":\"gerhard\",\"url\":\"https:\/\/www.eslebedasauto.at\/en\/author\/gerhard\/\"}]}<\/script>\n<!-- \/ Yoast SEO plugin. -->","yoast_head_json":{"title":"Facelift f\u00fcr den Mercedes GLA. - Es lebe das Auto","description":"Mercedes-Benz hat den GLA geliftet. Das Kompakt-SUV rollt mit neu gestalteter Front- und Heckpartie vor.","robots":{"index":"index","follow":"follow","max-snippet":"max-snippet:-1","max-image-preview":"max-image-preview:large","max-video-preview":"max-video-preview:-1"},"canonical":"https:\/\/www.eslebedasauto.at\/en\/facelift-fuer-den-mercedes-gla\/","og_locale":"en_GB","og_type":"article","og_title":"Facelift f\u00fcr den Mercedes GLA. - Es lebe das Auto","og_description":"Mercedes-Benz hat den GLA geliftet. Das Kompakt-SUV rollt mit neu gestalteter Front- und Heckpartie vor.","og_url":"https:\/\/www.eslebedasauto.at\/en\/facelift-fuer-den-mercedes-gla\/","og_site_name":"Es lebe das Auto","article_publisher":"https:\/\/www.facebook.com\/eslebedasauto.at","article_published_time":"2023-03-16T20:25:42+00:00","article_modified_time":"2023-03-16T20:25:43+00:00","og_image":[{"width":2508,"height":1672,"url":"https:\/\/www.eslebedasauto.at\/wp-content\/uploads\/2023\/03\/ampnet_photo_20230316_220794.jpg","type":"image\/jpeg"}],"author":"gerhard","twitter_card":"summary_large_image","twitter_misc":{"Written by":"gerhard","Estimated reading time":"1 minute"},"schema":{"@context":"https:\/\/schema.org","@graph":[{"@type":"Article","@id":"https:\/\/www.eslebedasauto.at\/facelift-fuer-den-mercedes-gla\/#article","isPartOf":{"@id":"https:\/\/www.eslebedasauto.at\/facelift-fuer-den-mercedes-gla\/"},"author":{"name":"gerhard","@id":"https:\/\/www.eslebedasauto.at\/#\/schema\/person\/fb81218b0bed500d225ff518f9f17033"},"headline":"Facelift f\u00fcr den Mercedes GLA.","datePublished":"2023-03-16T20:25:42+00:00","dateModified":"2023-03-16T20:25:43+00:00","mainEntityOfPage":{"@id":"https:\/\/www.eslebedasauto.at\/facelift-fuer-den-mercedes-gla\/"},"wordCount":88,"commentCount":0,"publisher":{"@id":"https:\/\/www.eslebedasauto.at\/#organization"},"image":{"@id":"https:\/\/www.eslebedasauto.at\/facelift-fuer-den-mercedes-gla\/#primaryimage"},"thumbnailUrl":"https:\/\/www.eslebedasauto.at\/wp-content\/uploads\/2023\/03\/ampnet_photo_20230316_220794.jpg","articleSection":["Shortmotornews"],"inLanguage":"en-GB","potentialAction":[{"@type":"CommentAction","name":"Comment","target":["https:\/\/www.eslebedasauto.at\/facelift-fuer-den-mercedes-gla\/#respond"]}]},{"@type":"WebPage","@id":"https:\/\/www.eslebedasauto.at\/facelift-fuer-den-mercedes-gla\/","url":"https:\/\/www.eslebedasauto.at\/facelift-fuer-den-mercedes-gla\/","name":"Facelift f\u00fcr den Mercedes GLA. - Es lebe das Auto","isPartOf":{"@id":"https:\/\/www.eslebedasauto.at\/#website"},"primaryImageOfPage":{"@id":"https:\/\/www.eslebedasauto.at\/facelift-fuer-den-mercedes-gla\/#primaryimage"},"image":{"@id":"https:\/\/www.eslebedasauto.at\/facelift-fuer-den-mercedes-gla\/#primaryimage"},"thumbnailUrl":"https:\/\/www.eslebedasauto.at\/wp-content\/uploads\/2023\/03\/ampnet_photo_20230316_220794.jpg","datePublished":"2023-03-16T20:25:42+00:00","dateModified":"2023-03-16T20:25:43+00:00","description":"Mercedes-Benz hat den GLA geliftet. Das Kompakt-SUV rollt mit neu gestalteter Front- und Heckpartie vor.","breadcrumb":{"@id":"https:\/\/www.eslebedasauto.at\/facelift-fuer-den-mercedes-gla\/#breadcrumb"},"inLanguage":"en-GB","potentialAction":[{"@type":"ReadAction","target":["https:\/\/www.eslebedasauto.at\/facelift-fuer-den-mercedes-gla\/"]}]},{"@type":"ImageObject","inLanguage":"en-GB","@id":"https:\/\/www.eslebedasauto.at\/facelift-fuer-den-mercedes-gla\/#primaryimage","url":"https:\/\/www.eslebedasauto.at\/wp-content\/uploads\/2023\/03\/ampnet_photo_20230316_220794.jpg","contentUrl":"https:\/\/www.eslebedasauto.at\/wp-content\/uploads\/2023\/03\/ampnet_photo_20230316_220794.jpg","width":2508,"height":1672},{"@type":"BreadcrumbList","@id":"https:\/\/www.eslebedasauto.at\/facelift-fuer-den-mercedes-gla\/#breadcrumb","itemListElement":[{"@type":"ListItem","position":1,"name":"Startseite","item":"https:\/\/www.eslebedasauto.at\/"},{"@type":"ListItem","position":2,"name":"Facelift f\u00fcr den Mercedes GLA."}]},{"@type":"WebSite","@id":"https:\/\/www.eslebedasauto.at\/#website","url":"https:\/\/www.eslebedasauto.at\/","name":"Es lebe das Auto","description":"ein Hoch auf den Individualverkehr","publisher":{"@id":"https:\/\/www.eslebedasauto.at\/#organization"},"potentialAction":[{"@type":"SearchAction","target":{"@type":"EntryPoint","urlTemplate":"https:\/\/www.eslebedasauto.at\/?s={search_term_string}"},"query-input":{"@type":"PropertyValueSpecification","valueRequired":true,"valueName":"search_term_string"}}],"inLanguage":"en-GB"},{"@type":"Organization","@id":"https:\/\/www.eslebedasauto.at\/#organization","name":"eslebedasauto","url":"https:\/\/www.eslebedasauto.at\/","logo":{"@type":"ImageObject","inLanguage":"en-GB","@id":"https:\/\/www.eslebedasauto.at\/#\/schema\/logo\/image\/","url":"https:\/\/www.eslebedasauto.at\/wp-content\/uploads\/2025\/10\/eldarund.png","contentUrl":"https:\/\/www.eslebedasauto.at\/wp-content\/uploads\/2025\/10\/eldarund.png","width":1024,"height":1024,"caption":"eslebedasauto"},"image":{"@id":"https:\/\/www.eslebedasauto.at\/#\/schema\/logo\/image\/"},"sameAs":["https:\/\/www.facebook.com\/eslebedasauto.at","https:\/\/www.instagram.com\/es_lebe_das_auto\/"]},{"@type":"Person","@id":"https:\/\/www.eslebedasauto.at\/#\/schema\/person\/fb81218b0bed500d225ff518f9f17033","name":"gerhard","url":"https:\/\/www.eslebedasauto.at\/en\/author\/gerhard\/"}]}},"_links":{"self":[{"href":"https:\/\/www.eslebedasauto.at\/en\/wp-json\/wp\/v2\/posts\/91559","targetHints":{"allow":["GET"]}}],"collection":[{"href":"https:\/\/www.eslebedasauto.at\/en\/wp-json\/wp\/v2\/posts"}],"about":[{"href":"https:\/\/www.eslebedasauto.at\/en\/wp-json\/wp\/v2\/types\/post"}],"author":[{"embeddable":true,"href":"https:\/\/www.eslebedasauto.at\/en\/wp-json\/wp\/v2\/users\/2"}],"replies":[{"embeddable":true,"href":"https:\/\/www.eslebedasauto.at\/en\/wp-json\/wp\/v2\/comments?post=91559"}],"version-history":[{"count":1,"href":"https:\/\/www.eslebedasauto.at\/en\/wp-json\/wp\/v2\/posts\/91559\/revisions"}],"predecessor-version":[{"id":91562,"href":"https:\/\/www.eslebedasauto.at\/en\/wp-json\/wp\/v2\/posts\/91559\/revisions\/91562"}],"wp:featuredmedia":[{"embeddable":true,"href":"https:\/\/www.eslebedasauto.at\/en\/wp-json\/wp\/v2\/media\/91561"}],"wp:attachment":[{"href":"https:\/\/www.eslebedasauto.at\/en\/wp-json\/wp\/v2\/media?parent=91559"}],"wp:term":[{"taxonomy":"category","embeddable":true,"href":"https:\/\/www.eslebedasauto.at\/en\/wp-json\/wp\/v2\/categories?post=91559"},{"taxonomy":"post_tag","embeddable":true,"href":"https:\/\/www.eslebedasauto.at\/en\/wp-json\/wp\/v2\/tags?post=91559"}],"curies":[{"name":"wp","href":"https:\/\/api.w.org\/{rel}","templated":true}]}}