{"id":91533,"date":"2023-03-15T16:05:36","date_gmt":"2023-03-15T15:05:36","guid":{"rendered":"https:\/\/www.eslebedasauto.at\/?p=91533"},"modified":"2023-03-15T16:34:51","modified_gmt":"2023-03-15T15:34:51","slug":"held-des-alltags","status":"publish","type":"post","link":"https:\/\/www.eslebedasauto.at\/en\/held-des-alltags\/","title":{"rendered":"Held des Alltags"},"content":{"rendered":"<h4 id=\"der-neue-kia-niro-hybrid-gehort-zu-den-angenehmen-begleitern-im-taglichen-alltag-er-fahrt-sich-unaufgeregt-und-gefallt-mit-toller-effizienz\" class=\"wp-block-heading\">Der neue Kia Niro Hybrid geh\u00f6rt zu den angenehmen Begleitern im t\u00e4glichen Alltag. Er f\u00e4hrt sich unaufgeregt und gef\u00e4llt mit toller Effizienz.<\/h4>\n\n\n\n<figure class=\"wp-block-image size-large\"><img fetchpriority=\"high\" decoding=\"async\" width=\"1024\" height=\"768\" src=\"https:\/\/www.eslebedasauto.at\/wp-content\/uploads\/2023\/03\/IMG_1967-1024x768.jpeg\" alt=\"\" class=\"wp-image-91510\" srcset=\"https:\/\/www.eslebedasauto.at\/wp-content\/uploads\/2023\/03\/IMG_1967-1024x768.jpeg 1024w, https:\/\/www.eslebedasauto.at\/wp-content\/uploads\/2023\/03\/IMG_1967-300x225.jpeg 300w, https:\/\/www.eslebedasauto.at\/wp-content\/uploads\/2023\/03\/IMG_1967-768x576.jpeg 768w, https:\/\/www.eslebedasauto.at\/wp-content\/uploads\/2023\/03\/IMG_1967-1536x1152.jpeg 1536w, https:\/\/www.eslebedasauto.at\/wp-content\/uploads\/2023\/03\/IMG_1967-800x600.jpeg 800w, https:\/\/www.eslebedasauto.at\/wp-content\/uploads\/2023\/03\/IMG_1967-1160x870.jpeg 1160w, https:\/\/www.eslebedasauto.at\/wp-content\/uploads\/2023\/03\/IMG_1967.jpeg 2048w\" sizes=\"(max-width: 1024px) 100vw, 1024px\" \/><\/figure>\n\n\n\n<p>Kia setzt auch beim Niro auf Elektrifizierung. Neben unserem Testwagen mit Vollhybrid gibt&#8217;s noch eine Variante mit Plug-in-Hybrid Technik sowie eine vollelektrisch betriebene Version. Unser Niro HEV leistet 141 PS, er kombiniert einen 1,6-Liter-Benzindirekteinspritzer (GDI) mit einem 32-kW-Elektromotor, der im reinen Elektrobetrieb Geschwindigkeiten von bis zu 120 Stundenkilometern erm\u00f6glichen soll. Dies erfolgt in den meisten F\u00e4llen beim Gaswegnehmen beziehungsweise bei extrem sachter Behandlung des Gaspedals &#8211; dann segelt man mit dem Niro auch auf der Autobahn ein St\u00fcckchen elektrisch dahin.<\/p>\n\n\n\n<figure class=\"wp-block-gallery has-nested-images columns-default is-cropped wp-block-gallery-1 is-layout-flex wp-block-gallery-is-layout-flex\">\n<figure class=\"wp-block-image size-large\"><img decoding=\"async\" width=\"1024\" height=\"768\" data-id=\"91501\" src=\"https:\/\/www.eslebedasauto.at\/wp-content\/uploads\/2023\/03\/IMG_1958-1024x768.jpeg\" alt=\"\" class=\"wp-image-91501\" srcset=\"https:\/\/www.eslebedasauto.at\/wp-content\/uploads\/2023\/03\/IMG_1958-1024x768.jpeg 1024w, https:\/\/www.eslebedasauto.at\/wp-content\/uploads\/2023\/03\/IMG_1958-300x225.jpeg 300w, https:\/\/www.eslebedasauto.at\/wp-content\/uploads\/2023\/03\/IMG_1958-768x576.jpeg 768w, https:\/\/www.eslebedasauto.at\/wp-content\/uploads\/2023\/03\/IMG_1958-1536x1152.jpeg 1536w, https:\/\/www.eslebedasauto.at\/wp-content\/uploads\/2023\/03\/IMG_1958-800x600.jpeg 800w, https:\/\/www.eslebedasauto.at\/wp-content\/uploads\/2023\/03\/IMG_1958-1160x870.jpeg 1160w, https:\/\/www.eslebedasauto.at\/wp-content\/uploads\/2023\/03\/IMG_1958.jpeg 2048w\" sizes=\"(max-width: 1024px) 100vw, 1024px\" \/><\/figure>\n\n\n\n<figure class=\"wp-block-image size-large\"><img decoding=\"async\" width=\"1024\" height=\"768\" data-id=\"91504\" src=\"https:\/\/www.eslebedasauto.at\/wp-content\/uploads\/2023\/03\/IMG_1961-1024x768.jpeg\" alt=\"\" class=\"wp-image-91504\" srcset=\"https:\/\/www.eslebedasauto.at\/wp-content\/uploads\/2023\/03\/IMG_1961-1024x768.jpeg 1024w, https:\/\/www.eslebedasauto.at\/wp-content\/uploads\/2023\/03\/IMG_1961-300x225.jpeg 300w, https:\/\/www.eslebedasauto.at\/wp-content\/uploads\/2023\/03\/IMG_1961-768x576.jpeg 768w, https:\/\/www.eslebedasauto.at\/wp-content\/uploads\/2023\/03\/IMG_1961-1536x1152.jpeg 1536w, https:\/\/www.eslebedasauto.at\/wp-content\/uploads\/2023\/03\/IMG_1961-800x600.jpeg 800w, https:\/\/www.eslebedasauto.at\/wp-content\/uploads\/2023\/03\/IMG_1961-1160x870.jpeg 1160w, https:\/\/www.eslebedasauto.at\/wp-content\/uploads\/2023\/03\/IMG_1961.jpeg 2048w\" sizes=\"(max-width: 1024px) 100vw, 1024px\" \/><\/figure>\n<\/figure>\n\n\n\n<figure class=\"wp-block-image size-large\"><img loading=\"lazy\" decoding=\"async\" width=\"1024\" height=\"768\" src=\"https:\/\/www.eslebedasauto.at\/wp-content\/uploads\/2023\/03\/IMG_1960-1024x768.jpeg\" alt=\"\" class=\"wp-image-91503\" srcset=\"https:\/\/www.eslebedasauto.at\/wp-content\/uploads\/2023\/03\/IMG_1960-1024x768.jpeg 1024w, https:\/\/www.eslebedasauto.at\/wp-content\/uploads\/2023\/03\/IMG_1960-300x225.jpeg 300w, https:\/\/www.eslebedasauto.at\/wp-content\/uploads\/2023\/03\/IMG_1960-768x576.jpeg 768w, https:\/\/www.eslebedasauto.at\/wp-content\/uploads\/2023\/03\/IMG_1960-1536x1152.jpeg 1536w, https:\/\/www.eslebedasauto.at\/wp-content\/uploads\/2023\/03\/IMG_1960-800x600.jpeg 800w, https:\/\/www.eslebedasauto.at\/wp-content\/uploads\/2023\/03\/IMG_1960-1160x870.jpeg 1160w, https:\/\/www.eslebedasauto.at\/wp-content\/uploads\/2023\/03\/IMG_1960.jpeg 2048w\" sizes=\"(max-width: 1024px) 100vw, 1024px\" \/><\/figure>\n\n\n\n<p>Das Auto selbst ist weitgehend im klassischen Kompaktwagen-Layout gehalten. Man sitzt aber leicht erh\u00f6ht, was das Ein- und Aussteigen sowie die \u00dcbersicht im Verkehr etwas erleichtert. Front und Heck zeigen ein markentypisch pr\u00e4gnantes Leuchtendesign &#8211; am markantesten ist aber die auf Wunsch in Kontrastfarbe gehaltene C-S\u00e4ule sowie der hintere Radkasten. Wir finden, dass dieses Gadget den Kia Niro gut aus dem Einerlei auf der Stra\u00dfe hervorhebt. Gro\u00dfe, fesch designte R\u00e4der runden das Ganze noch ab.<\/p>\n\n\n\n<figure class=\"wp-block-image size-large\"><img loading=\"lazy\" decoding=\"async\" width=\"1024\" height=\"768\" src=\"https:\/\/www.eslebedasauto.at\/wp-content\/uploads\/2023\/03\/IMG_1972-1024x768.jpeg\" alt=\"\" class=\"wp-image-91515\" srcset=\"https:\/\/www.eslebedasauto.at\/wp-content\/uploads\/2023\/03\/IMG_1972-1024x768.jpeg 1024w, https:\/\/www.eslebedasauto.at\/wp-content\/uploads\/2023\/03\/IMG_1972-300x225.jpeg 300w, https:\/\/www.eslebedasauto.at\/wp-content\/uploads\/2023\/03\/IMG_1972-768x576.jpeg 768w, https:\/\/www.eslebedasauto.at\/wp-content\/uploads\/2023\/03\/IMG_1972-1536x1152.jpeg 1536w, https:\/\/www.eslebedasauto.at\/wp-content\/uploads\/2023\/03\/IMG_1972-800x600.jpeg 800w, https:\/\/www.eslebedasauto.at\/wp-content\/uploads\/2023\/03\/IMG_1972-1160x870.jpeg 1160w, https:\/\/www.eslebedasauto.at\/wp-content\/uploads\/2023\/03\/IMG_1972.jpeg 2048w\" sizes=\"(max-width: 1024px) 100vw, 1024px\" \/><\/figure>\n\n\n\n<figure class=\"wp-block-gallery has-nested-images columns-default is-cropped wp-block-gallery-2 is-layout-flex wp-block-gallery-is-layout-flex\">\n<figure class=\"wp-block-image size-large\"><img loading=\"lazy\" decoding=\"async\" width=\"1024\" height=\"768\" data-id=\"91519\" src=\"https:\/\/www.eslebedasauto.at\/wp-content\/uploads\/2023\/03\/IMG_1976-1024x768.jpeg\" alt=\"\" class=\"wp-image-91519\" srcset=\"https:\/\/www.eslebedasauto.at\/wp-content\/uploads\/2023\/03\/IMG_1976-1024x768.jpeg 1024w, https:\/\/www.eslebedasauto.at\/wp-content\/uploads\/2023\/03\/IMG_1976-300x225.jpeg 300w, https:\/\/www.eslebedasauto.at\/wp-content\/uploads\/2023\/03\/IMG_1976-768x576.jpeg 768w, https:\/\/www.eslebedasauto.at\/wp-content\/uploads\/2023\/03\/IMG_1976-1536x1152.jpeg 1536w, https:\/\/www.eslebedasauto.at\/wp-content\/uploads\/2023\/03\/IMG_1976-800x600.jpeg 800w, https:\/\/www.eslebedasauto.at\/wp-content\/uploads\/2023\/03\/IMG_1976-1160x870.jpeg 1160w, https:\/\/www.eslebedasauto.at\/wp-content\/uploads\/2023\/03\/IMG_1976.jpeg 2048w\" sizes=\"(max-width: 1024px) 100vw, 1024px\" \/><\/figure>\n\n\n\n<figure class=\"wp-block-image size-large\"><img loading=\"lazy\" decoding=\"async\" width=\"1024\" height=\"768\" data-id=\"91518\" src=\"https:\/\/www.eslebedasauto.at\/wp-content\/uploads\/2023\/03\/IMG_1975-1024x768.jpeg\" alt=\"\" class=\"wp-image-91518\" srcset=\"https:\/\/www.eslebedasauto.at\/wp-content\/uploads\/2023\/03\/IMG_1975-1024x768.jpeg 1024w, https:\/\/www.eslebedasauto.at\/wp-content\/uploads\/2023\/03\/IMG_1975-300x225.jpeg 300w, https:\/\/www.eslebedasauto.at\/wp-content\/uploads\/2023\/03\/IMG_1975-768x576.jpeg 768w, https:\/\/www.eslebedasauto.at\/wp-content\/uploads\/2023\/03\/IMG_1975-1536x1152.jpeg 1536w, https:\/\/www.eslebedasauto.at\/wp-content\/uploads\/2023\/03\/IMG_1975-800x600.jpeg 800w, https:\/\/www.eslebedasauto.at\/wp-content\/uploads\/2023\/03\/IMG_1975-1160x870.jpeg 1160w, https:\/\/www.eslebedasauto.at\/wp-content\/uploads\/2023\/03\/IMG_1975.jpeg 2048w\" sizes=\"(max-width: 1024px) 100vw, 1024px\" \/><\/figure>\n<\/figure>\n\n\n\n<p>Innen kennen sich Kia-Fahrer sofort aus. Auch der Niro besitzt die doppelt belegte Bedienleiste unter dem gro\u00dfen mittigen Bildschirm. Wie heutzutage \u00fcblich besitzt auch der Niro ein Multifunktionslenkrad &#8211; hier zweispeichig. Dieses l\u00e4sst sich dank griffiger Tasten sehr angenehm bedienen. Dahinter befindet sich der zweite Bildschirm, welcher auch gut konfigurierbar ist. <\/p>\n\n\n\n<figure class=\"wp-block-image size-large\"><img loading=\"lazy\" decoding=\"async\" width=\"1024\" height=\"768\" src=\"https:\/\/www.eslebedasauto.at\/wp-content\/uploads\/2023\/03\/IMG_1974-1024x768.jpeg\" alt=\"\" class=\"wp-image-91517\" srcset=\"https:\/\/www.eslebedasauto.at\/wp-content\/uploads\/2023\/03\/IMG_1974-1024x768.jpeg 1024w, https:\/\/www.eslebedasauto.at\/wp-content\/uploads\/2023\/03\/IMG_1974-300x225.jpeg 300w, https:\/\/www.eslebedasauto.at\/wp-content\/uploads\/2023\/03\/IMG_1974-768x576.jpeg 768w, https:\/\/www.eslebedasauto.at\/wp-content\/uploads\/2023\/03\/IMG_1974-1536x1152.jpeg 1536w, https:\/\/www.eslebedasauto.at\/wp-content\/uploads\/2023\/03\/IMG_1974-800x600.jpeg 800w, https:\/\/www.eslebedasauto.at\/wp-content\/uploads\/2023\/03\/IMG_1974-1160x870.jpeg 1160w, https:\/\/www.eslebedasauto.at\/wp-content\/uploads\/2023\/03\/IMG_1974.jpeg 2048w\" sizes=\"(max-width: 1024px) 100vw, 1024px\" \/><\/figure>\n\n\n\n<figure class=\"wp-block-image size-large\"><img loading=\"lazy\" decoding=\"async\" width=\"1024\" height=\"768\" src=\"https:\/\/www.eslebedasauto.at\/wp-content\/uploads\/2023\/03\/IMG_1973-1024x768.jpeg\" alt=\"\" class=\"wp-image-91516\" srcset=\"https:\/\/www.eslebedasauto.at\/wp-content\/uploads\/2023\/03\/IMG_1973-1024x768.jpeg 1024w, https:\/\/www.eslebedasauto.at\/wp-content\/uploads\/2023\/03\/IMG_1973-300x225.jpeg 300w, https:\/\/www.eslebedasauto.at\/wp-content\/uploads\/2023\/03\/IMG_1973-768x576.jpeg 768w, https:\/\/www.eslebedasauto.at\/wp-content\/uploads\/2023\/03\/IMG_1973-1536x1152.jpeg 1536w, https:\/\/www.eslebedasauto.at\/wp-content\/uploads\/2023\/03\/IMG_1973-800x600.jpeg 800w, https:\/\/www.eslebedasauto.at\/wp-content\/uploads\/2023\/03\/IMG_1973-1160x870.jpeg 1160w, https:\/\/www.eslebedasauto.at\/wp-content\/uploads\/2023\/03\/IMG_1973.jpeg 2048w\" sizes=\"(max-width: 1024px) 100vw, 1024px\" \/><\/figure>\n\n\n\n<p>Kia verwendet einen Drehknopf f\u00fcr die Gangwahl des Automatik-Getriebes. Dieser sitzt pr\u00e4gnant auf der Mittelkonsole. Geschmackssache ist der Einsatz von Klarvierlack-\u00e4hnlichen Fl\u00e4chen an eben dieser Konsole, deren Nachteile auf der Hand liegen: Man sieht jedes Staubkorn und jeden Fingerabdruck und die Oberfl\u00e4che zerkratzt auch sehr leicht. Ansonsten kann man aber wirklich nicht meckern &#8211; die Verarbeitung ist musterg\u00fcltig, wie von Kia gewohnt.<\/p>\n\n\n\n<figure class=\"wp-block-image size-large\"><img loading=\"lazy\" decoding=\"async\" width=\"1024\" height=\"768\" src=\"https:\/\/www.eslebedasauto.at\/wp-content\/uploads\/2023\/03\/IMG_1968-1024x768.jpeg\" alt=\"\" class=\"wp-image-91511\" srcset=\"https:\/\/www.eslebedasauto.at\/wp-content\/uploads\/2023\/03\/IMG_1968-1024x768.jpeg 1024w, https:\/\/www.eslebedasauto.at\/wp-content\/uploads\/2023\/03\/IMG_1968-300x225.jpeg 300w, https:\/\/www.eslebedasauto.at\/wp-content\/uploads\/2023\/03\/IMG_1968-768x576.jpeg 768w, https:\/\/www.eslebedasauto.at\/wp-content\/uploads\/2023\/03\/IMG_1968-1536x1152.jpeg 1536w, https:\/\/www.eslebedasauto.at\/wp-content\/uploads\/2023\/03\/IMG_1968-800x600.jpeg 800w, https:\/\/www.eslebedasauto.at\/wp-content\/uploads\/2023\/03\/IMG_1968-1160x870.jpeg 1160w, https:\/\/www.eslebedasauto.at\/wp-content\/uploads\/2023\/03\/IMG_1968.jpeg 2048w\" sizes=\"(max-width: 1024px) 100vw, 1024px\" \/><\/figure>\n\n\n\n<p>Man sitzt auch sehr angenehm im Kia Niro &#8211; die vorderen Sitze sind absolut langstreckentauglich und auch hinten gibt\u00b4s genug Platz f\u00fcr die Knie und die K\u00f6pfe der Passagiere. Auch der Kofferraum ist gro\u00df, glattfl\u00e4chig und dank niedriger Ladekante gut zu bef\u00fcllen.<\/p>\n\n\n\n<figure class=\"wp-block-image size-large\"><img loading=\"lazy\" decoding=\"async\" width=\"1024\" height=\"768\" src=\"https:\/\/www.eslebedasauto.at\/wp-content\/uploads\/2023\/03\/IMG_1971-1024x768.jpeg\" alt=\"\" class=\"wp-image-91514\" srcset=\"https:\/\/www.eslebedasauto.at\/wp-content\/uploads\/2023\/03\/IMG_1971-1024x768.jpeg 1024w, https:\/\/www.eslebedasauto.at\/wp-content\/uploads\/2023\/03\/IMG_1971-300x225.jpeg 300w, https:\/\/www.eslebedasauto.at\/wp-content\/uploads\/2023\/03\/IMG_1971-768x576.jpeg 768w, https:\/\/www.eslebedasauto.at\/wp-content\/uploads\/2023\/03\/IMG_1971-1536x1152.jpeg 1536w, https:\/\/www.eslebedasauto.at\/wp-content\/uploads\/2023\/03\/IMG_1971-800x600.jpeg 800w, https:\/\/www.eslebedasauto.at\/wp-content\/uploads\/2023\/03\/IMG_1971-1160x870.jpeg 1160w, https:\/\/www.eslebedasauto.at\/wp-content\/uploads\/2023\/03\/IMG_1971.jpeg 2048w\" sizes=\"(max-width: 1024px) 100vw, 1024px\" \/><\/figure>\n\n\n\n<p>Fahrdynamisch geh\u00f6rt der Kia Niro Hybrid zu den gelasseneren automobilen Zeitgenossen. Der Wagen ist komfortabel abgestimmt und am wohlsten f\u00fchlt man sich bei gem\u00fctlicher Fahrweise. Der Niro holt einen immer wieder runter, Stress sollen die anderen haben. Es g\u00e4be auch einen &#8222;SPORT&#8220;-Knopf, doch der will nicht so recht zum sanften Wesen des Koreaners passen. Die gebotene Gem\u00fctlichkeit hat auch gleich den Vorteil, dass sich der Verbrauch im Rahmen h\u00e4lt &#8211; unser Testwert lag bei rund 5,8 Liter pro hundert Kilometer.<\/p>\n\n\n\n<figure class=\"wp-block-gallery has-nested-images columns-default is-cropped wp-block-gallery-3 is-layout-flex wp-block-gallery-is-layout-flex\">\n<figure class=\"wp-block-image size-large\"><img loading=\"lazy\" decoding=\"async\" width=\"1024\" height=\"768\" data-id=\"91513\" src=\"https:\/\/www.eslebedasauto.at\/wp-content\/uploads\/2023\/03\/IMG_1970-1024x768.jpeg\" alt=\"\" class=\"wp-image-91513\" srcset=\"https:\/\/www.eslebedasauto.at\/wp-content\/uploads\/2023\/03\/IMG_1970-1024x768.jpeg 1024w, https:\/\/www.eslebedasauto.at\/wp-content\/uploads\/2023\/03\/IMG_1970-300x225.jpeg 300w, https:\/\/www.eslebedasauto.at\/wp-content\/uploads\/2023\/03\/IMG_1970-768x576.jpeg 768w, https:\/\/www.eslebedasauto.at\/wp-content\/uploads\/2023\/03\/IMG_1970-1536x1152.jpeg 1536w, https:\/\/www.eslebedasauto.at\/wp-content\/uploads\/2023\/03\/IMG_1970-800x600.jpeg 800w, https:\/\/www.eslebedasauto.at\/wp-content\/uploads\/2023\/03\/IMG_1970-1160x870.jpeg 1160w, https:\/\/www.eslebedasauto.at\/wp-content\/uploads\/2023\/03\/IMG_1970.jpeg 2048w\" sizes=\"(max-width: 1024px) 100vw, 1024px\" \/><\/figure>\n\n\n\n<figure class=\"wp-block-image size-large\"><img loading=\"lazy\" decoding=\"async\" width=\"1024\" height=\"768\" data-id=\"91512\" src=\"https:\/\/www.eslebedasauto.at\/wp-content\/uploads\/2023\/03\/IMG_1969-1024x768.jpeg\" alt=\"\" class=\"wp-image-91512\" srcset=\"https:\/\/www.eslebedasauto.at\/wp-content\/uploads\/2023\/03\/IMG_1969-1024x768.jpeg 1024w, https:\/\/www.eslebedasauto.at\/wp-content\/uploads\/2023\/03\/IMG_1969-300x225.jpeg 300w, https:\/\/www.eslebedasauto.at\/wp-content\/uploads\/2023\/03\/IMG_1969-768x576.jpeg 768w, https:\/\/www.eslebedasauto.at\/wp-content\/uploads\/2023\/03\/IMG_1969-1536x1152.jpeg 1536w, https:\/\/www.eslebedasauto.at\/wp-content\/uploads\/2023\/03\/IMG_1969-800x600.jpeg 800w, https:\/\/www.eslebedasauto.at\/wp-content\/uploads\/2023\/03\/IMG_1969-1160x870.jpeg 1160w, https:\/\/www.eslebedasauto.at\/wp-content\/uploads\/2023\/03\/IMG_1969.jpeg 2048w\" sizes=\"(max-width: 1024px) 100vw, 1024px\" \/><\/figure>\n\n\n\n<figure class=\"wp-block-image size-large\"><img loading=\"lazy\" decoding=\"async\" width=\"1024\" height=\"768\" data-id=\"91507\" src=\"https:\/\/www.eslebedasauto.at\/wp-content\/uploads\/2023\/03\/IMG_1964-1024x768.jpeg\" alt=\"\" class=\"wp-image-91507\" srcset=\"https:\/\/www.eslebedasauto.at\/wp-content\/uploads\/2023\/03\/IMG_1964-1024x768.jpeg 1024w, https:\/\/www.eslebedasauto.at\/wp-content\/uploads\/2023\/03\/IMG_1964-300x225.jpeg 300w, https:\/\/www.eslebedasauto.at\/wp-content\/uploads\/2023\/03\/IMG_1964-768x576.jpeg 768w, https:\/\/www.eslebedasauto.at\/wp-content\/uploads\/2023\/03\/IMG_1964-1536x1152.jpeg 1536w, https:\/\/www.eslebedasauto.at\/wp-content\/uploads\/2023\/03\/IMG_1964-800x600.jpeg 800w, https:\/\/www.eslebedasauto.at\/wp-content\/uploads\/2023\/03\/IMG_1964-1160x870.jpeg 1160w, https:\/\/www.eslebedasauto.at\/wp-content\/uploads\/2023\/03\/IMG_1964.jpeg 2048w\" sizes=\"(max-width: 1024px) 100vw, 1024px\" \/><\/figure>\n<\/figure>\n\n\n\n<figure class=\"wp-block-image size-large\"><img loading=\"lazy\" decoding=\"async\" width=\"1024\" height=\"768\" src=\"https:\/\/www.eslebedasauto.at\/wp-content\/uploads\/2023\/03\/IMG_1963-1024x768.jpeg\" alt=\"\" class=\"wp-image-91506\" srcset=\"https:\/\/www.eslebedasauto.at\/wp-content\/uploads\/2023\/03\/IMG_1963-1024x768.jpeg 1024w, https:\/\/www.eslebedasauto.at\/wp-content\/uploads\/2023\/03\/IMG_1963-300x225.jpeg 300w, https:\/\/www.eslebedasauto.at\/wp-content\/uploads\/2023\/03\/IMG_1963-768x576.jpeg 768w, https:\/\/www.eslebedasauto.at\/wp-content\/uploads\/2023\/03\/IMG_1963-1536x1152.jpeg 1536w, https:\/\/www.eslebedasauto.at\/wp-content\/uploads\/2023\/03\/IMG_1963-800x600.jpeg 800w, https:\/\/www.eslebedasauto.at\/wp-content\/uploads\/2023\/03\/IMG_1963-1160x870.jpeg 1160w, https:\/\/www.eslebedasauto.at\/wp-content\/uploads\/2023\/03\/IMG_1963.jpeg 2048w\" sizes=\"(max-width: 1024px) 100vw, 1024px\" \/><\/figure>\n\n\n\n<h2 id=\"fazit\" class=\"wp-block-heading\">Fazit<\/h2>\n\n\n\n<p>Der Kia Niro Hybrid ist ein absolut angenehmer Zeitgenosse. Man steigt gerne ein und f\u00e4hrt auch gerne damit. Au\u00dferdem hebt er sich mit seinem modernen aber trotzdem zeitlosen Design auch gut von den Fahrzeugen der Mitbewerber ab ohne zu polarisieren. Unterm Strich macht uns der Kia Niro Hybrid zu gelasseneren Fahrern und belohnt diese Fahrweise dann auch noch mit hervorragender Effizienz. <\/p>\n\n\n\n<p>Ab EUR 31.450<\/p>\n\n\n\n<figure class=\"wp-block-image size-large\"><img loading=\"lazy\" decoding=\"async\" width=\"1024\" height=\"768\" src=\"https:\/\/www.eslebedasauto.at\/wp-content\/uploads\/2023\/03\/IMG_1962-1024x768.jpeg\" alt=\"\" class=\"wp-image-91505\" srcset=\"https:\/\/www.eslebedasauto.at\/wp-content\/uploads\/2023\/03\/IMG_1962-1024x768.jpeg 1024w, https:\/\/www.eslebedasauto.at\/wp-content\/uploads\/2023\/03\/IMG_1962-300x225.jpeg 300w, https:\/\/www.eslebedasauto.at\/wp-content\/uploads\/2023\/03\/IMG_1962-768x576.jpeg 768w, https:\/\/www.eslebedasauto.at\/wp-content\/uploads\/2023\/03\/IMG_1962-1536x1152.jpeg 1536w, https:\/\/www.eslebedasauto.at\/wp-content\/uploads\/2023\/03\/IMG_1962-800x600.jpeg 800w, https:\/\/www.eslebedasauto.at\/wp-content\/uploads\/2023\/03\/IMG_1962-1160x870.jpeg 1160w, https:\/\/www.eslebedasauto.at\/wp-content\/uploads\/2023\/03\/IMG_1962.jpeg 2048w\" sizes=\"(max-width: 1024px) 100vw, 1024px\" \/><\/figure>","protected":false},"excerpt":{"rendered":"<p>Fahrdynamisch geh\u00f6rt der Kia Niro Hybrid zu den gelasseneren Automobilen. Der Wagen ist komfortabel abgestimmt und am wohlsten f\u00fchlt man sich bei gem\u00fctlicher Fahrweise. <\/p>","protected":false},"author":2,"featured_media":91504,"comment_status":"open","ping_status":"open","sticky":false,"template":"","format":"standard","meta":{"neve_meta_sidebar":"","neve_meta_container":"","neve_meta_enable_content_width":"","neve_meta_content_width":0,"neve_meta_title_alignment":"","neve_meta_author_avatar":"","neve_post_elements_order":"","neve_meta_disable_header":"","neve_meta_disable_footer":"","neve_meta_disable_title":"","neve_meta_reading_time":"","footnotes":""},"categories":[335,12,598],"tags":[],"class_list":["post-91533","post","type-post","status-publish","format-standard","has-post-thumbnail","hentry","category-fahrberichte","category-hybrid","category-shortmotornews"],"yoast_head":"<!-- This site is optimized with the Yoast SEO plugin v26.8 - https:\/\/yoast.com\/product\/yoast-seo-wordpress\/ -->\n<title>Held des Alltags - Es lebe das Auto<\/title>\n<meta name=\"description\" content=\"Fahrdynamisch geh\u00f6rt der Kia Niro Hybrid zu den gelasseneren Automobilen. Am wohlsten f\u00fchlt man sich bei gem\u00fctlicher Fahrweise.\" \/>\n<meta name=\"robots\" content=\"index, follow, max-snippet:-1, max-image-preview:large, max-video-preview:-1\" \/>\n<link rel=\"canonical\" href=\"https:\/\/www.eslebedasauto.at\/en\/held-des-alltags\/\" \/>\n<meta property=\"og:locale\" content=\"en_GB\" \/>\n<meta property=\"og:type\" content=\"article\" \/>\n<meta property=\"og:title\" content=\"Held des Alltags - Es lebe das Auto\" \/>\n<meta property=\"og:description\" content=\"Fahrdynamisch geh\u00f6rt der Kia Niro Hybrid zu den gelasseneren Automobilen. Am wohlsten f\u00fchlt man sich bei gem\u00fctlicher Fahrweise.\" \/>\n<meta property=\"og:url\" content=\"https:\/\/www.eslebedasauto.at\/en\/held-des-alltags\/\" \/>\n<meta property=\"og:site_name\" content=\"Es lebe das Auto\" \/>\n<meta property=\"article:publisher\" content=\"https:\/\/www.facebook.com\/eslebedasauto.at\" \/>\n<meta property=\"article:published_time\" content=\"2023-03-15T15:05:36+00:00\" \/>\n<meta property=\"article:modified_time\" content=\"2023-03-15T15:34:51+00:00\" \/>\n<meta property=\"og:image\" content=\"https:\/\/www.eslebedasauto.at\/wp-content\/uploads\/2023\/03\/IMG_1961.jpeg\" \/>\n\t<meta property=\"og:image:width\" content=\"2048\" \/>\n\t<meta property=\"og:image:height\" content=\"1536\" \/>\n\t<meta property=\"og:image:type\" content=\"image\/jpeg\" \/>\n<meta name=\"author\" content=\"gerhard\" \/>\n<meta name=\"twitter:card\" content=\"summary_large_image\" \/>\n<meta name=\"twitter:label1\" content=\"Written by\" \/>\n\t<meta name=\"twitter:data1\" content=\"gerhard\" \/>\n\t<meta name=\"twitter:label2\" content=\"Estimated reading time\" \/>\n\t<meta name=\"twitter:data2\" content=\"6 minutes\" \/>\n<script type=\"application\/ld+json\" class=\"yoast-schema-graph\">{\"@context\":\"https:\/\/schema.org\",\"@graph\":[{\"@type\":\"Article\",\"@id\":\"https:\/\/www.eslebedasauto.at\/held-des-alltags\/#article\",\"isPartOf\":{\"@id\":\"https:\/\/www.eslebedasauto.at\/held-des-alltags\/\"},\"author\":{\"name\":\"gerhard\",\"@id\":\"https:\/\/www.eslebedasauto.at\/#\/schema\/person\/fb81218b0bed500d225ff518f9f17033\"},\"headline\":\"Held des Alltags\",\"datePublished\":\"2023-03-15T15:05:36+00:00\",\"dateModified\":\"2023-03-15T15:34:51+00:00\",\"mainEntityOfPage\":{\"@id\":\"https:\/\/www.eslebedasauto.at\/held-des-alltags\/\"},\"wordCount\":512,\"commentCount\":0,\"publisher\":{\"@id\":\"https:\/\/www.eslebedasauto.at\/#organization\"},\"image\":{\"@id\":\"https:\/\/www.eslebedasauto.at\/held-des-alltags\/#primaryimage\"},\"thumbnailUrl\":\"https:\/\/www.eslebedasauto.at\/wp-content\/uploads\/2023\/03\/IMG_1961.jpeg\",\"articleSection\":[\"Fahrberichte\",\"Hybrid\",\"Shortmotornews\"],\"inLanguage\":\"en-GB\",\"potentialAction\":[{\"@type\":\"CommentAction\",\"name\":\"Comment\",\"target\":[\"https:\/\/www.eslebedasauto.at\/held-des-alltags\/#respond\"]}]},{\"@type\":\"WebPage\",\"@id\":\"https:\/\/www.eslebedasauto.at\/held-des-alltags\/\",\"url\":\"https:\/\/www.eslebedasauto.at\/held-des-alltags\/\",\"name\":\"Held des Alltags - Es lebe das Auto\",\"isPartOf\":{\"@id\":\"https:\/\/www.eslebedasauto.at\/#website\"},\"primaryImageOfPage\":{\"@id\":\"https:\/\/www.eslebedasauto.at\/held-des-alltags\/#primaryimage\"},\"image\":{\"@id\":\"https:\/\/www.eslebedasauto.at\/held-des-alltags\/#primaryimage\"},\"thumbnailUrl\":\"https:\/\/www.eslebedasauto.at\/wp-content\/uploads\/2023\/03\/IMG_1961.jpeg\",\"datePublished\":\"2023-03-15T15:05:36+00:00\",\"dateModified\":\"2023-03-15T15:34:51+00:00\",\"description\":\"Fahrdynamisch geh\u00f6rt der Kia Niro Hybrid zu den gelasseneren Automobilen. Am wohlsten f\u00fchlt man sich bei gem\u00fctlicher Fahrweise.\",\"breadcrumb\":{\"@id\":\"https:\/\/www.eslebedasauto.at\/held-des-alltags\/#breadcrumb\"},\"inLanguage\":\"en-GB\",\"potentialAction\":[{\"@type\":\"ReadAction\",\"target\":[\"https:\/\/www.eslebedasauto.at\/held-des-alltags\/\"]}]},{\"@type\":\"ImageObject\",\"inLanguage\":\"en-GB\",\"@id\":\"https:\/\/www.eslebedasauto.at\/held-des-alltags\/#primaryimage\",\"url\":\"https:\/\/www.eslebedasauto.at\/wp-content\/uploads\/2023\/03\/IMG_1961.jpeg\",\"contentUrl\":\"https:\/\/www.eslebedasauto.at\/wp-content\/uploads\/2023\/03\/IMG_1961.jpeg\",\"width\":2048,\"height\":1536},{\"@type\":\"BreadcrumbList\",\"@id\":\"https:\/\/www.eslebedasauto.at\/held-des-alltags\/#breadcrumb\",\"itemListElement\":[{\"@type\":\"ListItem\",\"position\":1,\"name\":\"Startseite\",\"item\":\"https:\/\/www.eslebedasauto.at\/\"},{\"@type\":\"ListItem\",\"position\":2,\"name\":\"Held des Alltags\"}]},{\"@type\":\"WebSite\",\"@id\":\"https:\/\/www.eslebedasauto.at\/#website\",\"url\":\"https:\/\/www.eslebedasauto.at\/\",\"name\":\"Es lebe das Auto\",\"description\":\"ein Hoch auf den Individualverkehr\",\"publisher\":{\"@id\":\"https:\/\/www.eslebedasauto.at\/#organization\"},\"potentialAction\":[{\"@type\":\"SearchAction\",\"target\":{\"@type\":\"EntryPoint\",\"urlTemplate\":\"https:\/\/www.eslebedasauto.at\/?s={search_term_string}\"},\"query-input\":{\"@type\":\"PropertyValueSpecification\",\"valueRequired\":true,\"valueName\":\"search_term_string\"}}],\"inLanguage\":\"en-GB\"},{\"@type\":\"Organization\",\"@id\":\"https:\/\/www.eslebedasauto.at\/#organization\",\"name\":\"eslebedasauto\",\"url\":\"https:\/\/www.eslebedasauto.at\/\",\"logo\":{\"@type\":\"ImageObject\",\"inLanguage\":\"en-GB\",\"@id\":\"https:\/\/www.eslebedasauto.at\/#\/schema\/logo\/image\/\",\"url\":\"https:\/\/www.eslebedasauto.at\/wp-content\/uploads\/2025\/10\/eldarund.png\",\"contentUrl\":\"https:\/\/www.eslebedasauto.at\/wp-content\/uploads\/2025\/10\/eldarund.png\",\"width\":1024,\"height\":1024,\"caption\":\"eslebedasauto\"},\"image\":{\"@id\":\"https:\/\/www.eslebedasauto.at\/#\/schema\/logo\/image\/\"},\"sameAs\":[\"https:\/\/www.facebook.com\/eslebedasauto.at\",\"https:\/\/www.instagram.com\/es_lebe_das_auto\/\"]},{\"@type\":\"Person\",\"@id\":\"https:\/\/www.eslebedasauto.at\/#\/schema\/person\/fb81218b0bed500d225ff518f9f17033\",\"name\":\"gerhard\",\"url\":\"https:\/\/www.eslebedasauto.at\/en\/author\/gerhard\/\"}]}<\/script>\n<!-- \/ Yoast SEO plugin. -->","yoast_head_json":{"title":"Held des Alltags - Es lebe das Auto","description":"Fahrdynamisch geh\u00f6rt der Kia Niro Hybrid zu den gelasseneren Automobilen. Am wohlsten f\u00fchlt man sich bei gem\u00fctlicher Fahrweise.","robots":{"index":"index","follow":"follow","max-snippet":"max-snippet:-1","max-image-preview":"max-image-preview:large","max-video-preview":"max-video-preview:-1"},"canonical":"https:\/\/www.eslebedasauto.at\/en\/held-des-alltags\/","og_locale":"en_GB","og_type":"article","og_title":"Held des Alltags - Es lebe das Auto","og_description":"Fahrdynamisch geh\u00f6rt der Kia Niro Hybrid zu den gelasseneren Automobilen. Am wohlsten f\u00fchlt man sich bei gem\u00fctlicher Fahrweise.","og_url":"https:\/\/www.eslebedasauto.at\/en\/held-des-alltags\/","og_site_name":"Es lebe das Auto","article_publisher":"https:\/\/www.facebook.com\/eslebedasauto.at","article_published_time":"2023-03-15T15:05:36+00:00","article_modified_time":"2023-03-15T15:34:51+00:00","og_image":[{"width":2048,"height":1536,"url":"https:\/\/www.eslebedasauto.at\/wp-content\/uploads\/2023\/03\/IMG_1961.jpeg","type":"image\/jpeg"}],"author":"gerhard","twitter_card":"summary_large_image","twitter_misc":{"Written by":"gerhard","Estimated reading time":"6 minutes"},"schema":{"@context":"https:\/\/schema.org","@graph":[{"@type":"Article","@id":"https:\/\/www.eslebedasauto.at\/held-des-alltags\/#article","isPartOf":{"@id":"https:\/\/www.eslebedasauto.at\/held-des-alltags\/"},"author":{"name":"gerhard","@id":"https:\/\/www.eslebedasauto.at\/#\/schema\/person\/fb81218b0bed500d225ff518f9f17033"},"headline":"Held des Alltags","datePublished":"2023-03-15T15:05:36+00:00","dateModified":"2023-03-15T15:34:51+00:00","mainEntityOfPage":{"@id":"https:\/\/www.eslebedasauto.at\/held-des-alltags\/"},"wordCount":512,"commentCount":0,"publisher":{"@id":"https:\/\/www.eslebedasauto.at\/#organization"},"image":{"@id":"https:\/\/www.eslebedasauto.at\/held-des-alltags\/#primaryimage"},"thumbnailUrl":"https:\/\/www.eslebedasauto.at\/wp-content\/uploads\/2023\/03\/IMG_1961.jpeg","articleSection":["Fahrberichte","Hybrid","Shortmotornews"],"inLanguage":"en-GB","potentialAction":[{"@type":"CommentAction","name":"Comment","target":["https:\/\/www.eslebedasauto.at\/held-des-alltags\/#respond"]}]},{"@type":"WebPage","@id":"https:\/\/www.eslebedasauto.at\/held-des-alltags\/","url":"https:\/\/www.eslebedasauto.at\/held-des-alltags\/","name":"Held des Alltags - Es lebe das Auto","isPartOf":{"@id":"https:\/\/www.eslebedasauto.at\/#website"},"primaryImageOfPage":{"@id":"https:\/\/www.eslebedasauto.at\/held-des-alltags\/#primaryimage"},"image":{"@id":"https:\/\/www.eslebedasauto.at\/held-des-alltags\/#primaryimage"},"thumbnailUrl":"https:\/\/www.eslebedasauto.at\/wp-content\/uploads\/2023\/03\/IMG_1961.jpeg","datePublished":"2023-03-15T15:05:36+00:00","dateModified":"2023-03-15T15:34:51+00:00","description":"Fahrdynamisch geh\u00f6rt der Kia Niro Hybrid zu den gelasseneren Automobilen. Am wohlsten f\u00fchlt man sich bei gem\u00fctlicher Fahrweise.","breadcrumb":{"@id":"https:\/\/www.eslebedasauto.at\/held-des-alltags\/#breadcrumb"},"inLanguage":"en-GB","potentialAction":[{"@type":"ReadAction","target":["https:\/\/www.eslebedasauto.at\/held-des-alltags\/"]}]},{"@type":"ImageObject","inLanguage":"en-GB","@id":"https:\/\/www.eslebedasauto.at\/held-des-alltags\/#primaryimage","url":"https:\/\/www.eslebedasauto.at\/wp-content\/uploads\/2023\/03\/IMG_1961.jpeg","contentUrl":"https:\/\/www.eslebedasauto.at\/wp-content\/uploads\/2023\/03\/IMG_1961.jpeg","width":2048,"height":1536},{"@type":"BreadcrumbList","@id":"https:\/\/www.eslebedasauto.at\/held-des-alltags\/#breadcrumb","itemListElement":[{"@type":"ListItem","position":1,"name":"Startseite","item":"https:\/\/www.eslebedasauto.at\/"},{"@type":"ListItem","position":2,"name":"Held des Alltags"}]},{"@type":"WebSite","@id":"https:\/\/www.eslebedasauto.at\/#website","url":"https:\/\/www.eslebedasauto.at\/","name":"Es lebe das Auto","description":"ein Hoch auf den Individualverkehr","publisher":{"@id":"https:\/\/www.eslebedasauto.at\/#organization"},"potentialAction":[{"@type":"SearchAction","target":{"@type":"EntryPoint","urlTemplate":"https:\/\/www.eslebedasauto.at\/?s={search_term_string}"},"query-input":{"@type":"PropertyValueSpecification","valueRequired":true,"valueName":"search_term_string"}}],"inLanguage":"en-GB"},{"@type":"Organization","@id":"https:\/\/www.eslebedasauto.at\/#organization","name":"eslebedasauto","url":"https:\/\/www.eslebedasauto.at\/","logo":{"@type":"ImageObject","inLanguage":"en-GB","@id":"https:\/\/www.eslebedasauto.at\/#\/schema\/logo\/image\/","url":"https:\/\/www.eslebedasauto.at\/wp-content\/uploads\/2025\/10\/eldarund.png","contentUrl":"https:\/\/www.eslebedasauto.at\/wp-content\/uploads\/2025\/10\/eldarund.png","width":1024,"height":1024,"caption":"eslebedasauto"},"image":{"@id":"https:\/\/www.eslebedasauto.at\/#\/schema\/logo\/image\/"},"sameAs":["https:\/\/www.facebook.com\/eslebedasauto.at","https:\/\/www.instagram.com\/es_lebe_das_auto\/"]},{"@type":"Person","@id":"https:\/\/www.eslebedasauto.at\/#\/schema\/person\/fb81218b0bed500d225ff518f9f17033","name":"gerhard","url":"https:\/\/www.eslebedasauto.at\/en\/author\/gerhard\/"}]}},"_links":{"self":[{"href":"https:\/\/www.eslebedasauto.at\/en\/wp-json\/wp\/v2\/posts\/91533","targetHints":{"allow":["GET"]}}],"collection":[{"href":"https:\/\/www.eslebedasauto.at\/en\/wp-json\/wp\/v2\/posts"}],"about":[{"href":"https:\/\/www.eslebedasauto.at\/en\/wp-json\/wp\/v2\/types\/post"}],"author":[{"embeddable":true,"href":"https:\/\/www.eslebedasauto.at\/en\/wp-json\/wp\/v2\/users\/2"}],"replies":[{"embeddable":true,"href":"https:\/\/www.eslebedasauto.at\/en\/wp-json\/wp\/v2\/comments?post=91533"}],"version-history":[{"count":2,"href":"https:\/\/www.eslebedasauto.at\/en\/wp-json\/wp\/v2\/posts\/91533\/revisions"}],"predecessor-version":[{"id":91547,"href":"https:\/\/www.eslebedasauto.at\/en\/wp-json\/wp\/v2\/posts\/91533\/revisions\/91547"}],"wp:featuredmedia":[{"embeddable":true,"href":"https:\/\/www.eslebedasauto.at\/en\/wp-json\/wp\/v2\/media\/91504"}],"wp:attachment":[{"href":"https:\/\/www.eslebedasauto.at\/en\/wp-json\/wp\/v2\/media?parent=91533"}],"wp:term":[{"taxonomy":"category","embeddable":true,"href":"https:\/\/www.eslebedasauto.at\/en\/wp-json\/wp\/v2\/categories?post=91533"},{"taxonomy":"post_tag","embeddable":true,"href":"https:\/\/www.eslebedasauto.at\/en\/wp-json\/wp\/v2\/tags?post=91533"}],"curies":[{"name":"wp","href":"https:\/\/api.w.org\/{rel}","templated":true}]}}