{"id":91199,"date":"2023-02-12T16:01:58","date_gmt":"2023-02-12T15:01:58","guid":{"rendered":"https:\/\/www.eslebedasauto.at\/?p=91199"},"modified":"2023-02-12T16:01:59","modified_gmt":"2023-02-12T15:01:59","slug":"frischzellenkur-fuer-das-grosse-porsche-suv","status":"publish","type":"post","link":"https:\/\/www.eslebedasauto.at\/en\/frischzellenkur-fuer-das-grosse-porsche-suv\/","title":{"rendered":"Frischzellenkur f\u00fcr das gro\u00dfe Porsche SUV."},"content":{"rendered":"<h4 id=\"nachdem-das-aktuelle-modell-seit-2017-auf-dem-markt-ist-entwickelt-porsche-die-dritte-generation-des-cayenne-weiter-und-passt-sie-den-aktuellen-entwicklungen-an\" class=\"wp-block-heading\">Nachdem das aktuelle Modell seit 2017 auf dem Markt ist, entwickelt Porsche die dritte Generation des Cayenne weiter und passt sie den aktuellen Entwicklungen an. <\/h4>\n\n\n\n<figure class=\"wp-block-image size-large\"><img fetchpriority=\"high\" decoding=\"async\" width=\"1024\" height=\"683\" src=\"https:\/\/www.eslebedasauto.at\/wp-content\/uploads\/2023\/02\/ampnet_photo_20230208_219690-1024x683.jpg\" alt=\"\" class=\"wp-image-91202\" srcset=\"https:\/\/www.eslebedasauto.at\/wp-content\/uploads\/2023\/02\/ampnet_photo_20230208_219690-1024x683.jpg 1024w, https:\/\/www.eslebedasauto.at\/wp-content\/uploads\/2023\/02\/ampnet_photo_20230208_219690-300x200.jpg 300w, https:\/\/www.eslebedasauto.at\/wp-content\/uploads\/2023\/02\/ampnet_photo_20230208_219690-768x512.jpg 768w, https:\/\/www.eslebedasauto.at\/wp-content\/uploads\/2023\/02\/ampnet_photo_20230208_219690-1536x1024.jpg 1536w, https:\/\/www.eslebedasauto.at\/wp-content\/uploads\/2023\/02\/ampnet_photo_20230208_219690-2048x1366.jpg 2048w, https:\/\/www.eslebedasauto.at\/wp-content\/uploads\/2023\/02\/ampnet_photo_20230208_219690-800x534.jpg 800w, https:\/\/www.eslebedasauto.at\/wp-content\/uploads\/2023\/02\/ampnet_photo_20230208_219690-1160x774.jpg 1160w\" sizes=\"(max-width: 1024px) 100vw, 1024px\" \/><\/figure>\n\n\n\n<p>Die neue Ausbaustufe soll im Fr\u00fchling vorgestellt werden und geht derzeit noch durch eine intensive Erprobungsphase. Neben der Neuausrichtung des Antriebportfolios griff Porsche in die Fahrwerkstechnik des Erfolgsmodells ein. Ziel war eine noch gr\u00f6\u00dfere Bandbreite zwischen Porsche-typischer Onroad-Performance, Langstrecken-Komfort und Offroad-Tauglichkeit.<\/p>\n\n\n\n<figure class=\"wp-block-gallery has-nested-images columns-default is-cropped wp-block-gallery-1 is-layout-flex wp-block-gallery-is-layout-flex\">\n<figure class=\"wp-block-image size-large\"><img decoding=\"async\" width=\"1024\" height=\"683\" data-id=\"91206\" src=\"https:\/\/www.eslebedasauto.at\/wp-content\/uploads\/2023\/02\/ampnet_photo_20230208_219696-1024x683.jpg\" alt=\"\" class=\"wp-image-91206\" srcset=\"https:\/\/www.eslebedasauto.at\/wp-content\/uploads\/2023\/02\/ampnet_photo_20230208_219696-1024x683.jpg 1024w, https:\/\/www.eslebedasauto.at\/wp-content\/uploads\/2023\/02\/ampnet_photo_20230208_219696-300x200.jpg 300w, https:\/\/www.eslebedasauto.at\/wp-content\/uploads\/2023\/02\/ampnet_photo_20230208_219696-768x512.jpg 768w, https:\/\/www.eslebedasauto.at\/wp-content\/uploads\/2023\/02\/ampnet_photo_20230208_219696-1536x1024.jpg 1536w, https:\/\/www.eslebedasauto.at\/wp-content\/uploads\/2023\/02\/ampnet_photo_20230208_219696-2048x1366.jpg 2048w, https:\/\/www.eslebedasauto.at\/wp-content\/uploads\/2023\/02\/ampnet_photo_20230208_219696-800x534.jpg 800w, https:\/\/www.eslebedasauto.at\/wp-content\/uploads\/2023\/02\/ampnet_photo_20230208_219696-1160x774.jpg 1160w\" sizes=\"(max-width: 1024px) 100vw, 1024px\" \/><\/figure>\n<\/figure>\n\n\n\n<figure class=\"wp-block-gallery has-nested-images columns-default is-cropped wp-block-gallery-2 is-layout-flex wp-block-gallery-is-layout-flex\">\n<figure class=\"wp-block-image size-large\"><img decoding=\"async\" width=\"1024\" height=\"683\" data-id=\"91207\" src=\"https:\/\/www.eslebedasauto.at\/wp-content\/uploads\/2023\/02\/ampnet_photo_20230208_219693-1024x683.jpg\" alt=\"\" class=\"wp-image-91207\" srcset=\"https:\/\/www.eslebedasauto.at\/wp-content\/uploads\/2023\/02\/ampnet_photo_20230208_219693-1024x683.jpg 1024w, https:\/\/www.eslebedasauto.at\/wp-content\/uploads\/2023\/02\/ampnet_photo_20230208_219693-300x200.jpg 300w, https:\/\/www.eslebedasauto.at\/wp-content\/uploads\/2023\/02\/ampnet_photo_20230208_219693-768x512.jpg 768w, https:\/\/www.eslebedasauto.at\/wp-content\/uploads\/2023\/02\/ampnet_photo_20230208_219693-1536x1024.jpg 1536w, https:\/\/www.eslebedasauto.at\/wp-content\/uploads\/2023\/02\/ampnet_photo_20230208_219693-2048x1366.jpg 2048w, https:\/\/www.eslebedasauto.at\/wp-content\/uploads\/2023\/02\/ampnet_photo_20230208_219693-800x534.jpg 800w, https:\/\/www.eslebedasauto.at\/wp-content\/uploads\/2023\/02\/ampnet_photo_20230208_219693-1160x774.jpg 1160w\" sizes=\"(max-width: 1024px) 100vw, 1024px\" \/><\/figure>\n<\/figure>\n\n\n\n<p>So wird der n\u00e4chste Modelljahrgang unter anderem \u00fcber ein neues, semiaktives Fahrwerk verf\u00fcgen. Die Anzeigen werden digitalisiert und das Bedienkonzept erh\u00e4lt erweitere Connektivit\u00e4tsfunktionen. Zudem bekommt das SUV eine neue Lichttechnik im HD-Matrix-LED-Hauptscheinwerfer.<\/p>\n\n\n\n<figure class=\"wp-block-image size-large\"><img loading=\"lazy\" decoding=\"async\" width=\"1024\" height=\"683\" src=\"https:\/\/www.eslebedasauto.at\/wp-content\/uploads\/2023\/02\/ampnet_photo_20230208_219692-1024x683.jpg\" alt=\"\" class=\"wp-image-91208\" srcset=\"https:\/\/www.eslebedasauto.at\/wp-content\/uploads\/2023\/02\/ampnet_photo_20230208_219692-1024x683.jpg 1024w, https:\/\/www.eslebedasauto.at\/wp-content\/uploads\/2023\/02\/ampnet_photo_20230208_219692-300x200.jpg 300w, https:\/\/www.eslebedasauto.at\/wp-content\/uploads\/2023\/02\/ampnet_photo_20230208_219692-768x512.jpg 768w, https:\/\/www.eslebedasauto.at\/wp-content\/uploads\/2023\/02\/ampnet_photo_20230208_219692-1536x1024.jpg 1536w, https:\/\/www.eslebedasauto.at\/wp-content\/uploads\/2023\/02\/ampnet_photo_20230208_219692-2048x1365.jpg 2048w, https:\/\/www.eslebedasauto.at\/wp-content\/uploads\/2023\/02\/ampnet_photo_20230208_219692-800x533.jpg 800w, https:\/\/www.eslebedasauto.at\/wp-content\/uploads\/2023\/02\/ampnet_photo_20230208_219692-1160x773.jpg 1160w\" sizes=\"(max-width: 1024px) 100vw, 1024px\" \/><\/figure>\n\n\n\n<p>Die Prototypen und Vorserienfahrzeuge spulen insgesamt weit \u00fcber 200.000 Kilometer unter Alltagsbedingungen auf der Stra\u00dfe ab. Dazu kommen in Summe mehr als vier Millionen Testkilometer Gel\u00e4ndeerprobung in fast allen Teilen der Erde.<\/p>","protected":false},"excerpt":{"rendered":"<p>Porsche l\u00e4sst den Cayenne weiterleben und liefert in den kommenden Monaten ein intensives Facelift des gro\u00dfen SUV<\/p>","protected":false},"author":2,"featured_media":91201,"comment_status":"open","ping_status":"open","sticky":false,"template":"","format":"standard","meta":{"neve_meta_sidebar":"","neve_meta_container":"","neve_meta_enable_content_width":"","neve_meta_content_width":0,"neve_meta_title_alignment":"","neve_meta_author_avatar":"","neve_post_elements_order":"","neve_meta_disable_header":"","neve_meta_disable_footer":"","neve_meta_disable_title":"","neve_meta_reading_time":"","footnotes":""},"categories":[598],"tags":[],"class_list":["post-91199","post","type-post","status-publish","format-standard","has-post-thumbnail","hentry","category-shortmotornews"],"yoast_head":"<!-- This site is optimized with the Yoast SEO plugin v26.8 - https:\/\/yoast.com\/product\/yoast-seo-wordpress\/ -->\n<title>Frischzellenkur f\u00fcr das gro\u00dfe Porsche SUV. - Es lebe das Auto<\/title>\n<meta name=\"description\" content=\"Porsche l\u00e4sst den Cayenne weiterleben und liefert in den kommenden Monaten ein intensives Facelift des gro\u00dfen SUV\" \/>\n<meta name=\"robots\" content=\"index, follow, max-snippet:-1, max-image-preview:large, max-video-preview:-1\" \/>\n<link rel=\"canonical\" href=\"https:\/\/www.eslebedasauto.at\/en\/frischzellenkur-fuer-das-grosse-porsche-suv\/\" \/>\n<meta property=\"og:locale\" content=\"en_GB\" \/>\n<meta property=\"og:type\" content=\"article\" \/>\n<meta property=\"og:title\" content=\"Frischzellenkur f\u00fcr das gro\u00dfe Porsche SUV. - Es lebe das Auto\" \/>\n<meta property=\"og:description\" content=\"Porsche l\u00e4sst den Cayenne weiterleben und liefert in den kommenden Monaten ein intensives Facelift des gro\u00dfen SUV\" \/>\n<meta property=\"og:url\" content=\"https:\/\/www.eslebedasauto.at\/en\/frischzellenkur-fuer-das-grosse-porsche-suv\/\" \/>\n<meta property=\"og:site_name\" content=\"Es lebe das Auto\" \/>\n<meta property=\"article:publisher\" content=\"https:\/\/www.facebook.com\/eslebedasauto.at\" \/>\n<meta property=\"article:published_time\" content=\"2023-02-12T15:01:58+00:00\" \/>\n<meta property=\"article:modified_time\" content=\"2023-02-12T15:01:59+00:00\" \/>\n<meta property=\"og:image\" content=\"https:\/\/www.eslebedasauto.at\/wp-content\/uploads\/2023\/02\/ampnet_photo_20230208_219689-1024x683.jpg\" \/>\n\t<meta property=\"og:image:width\" content=\"1024\" \/>\n\t<meta property=\"og:image:height\" content=\"683\" \/>\n\t<meta property=\"og:image:type\" content=\"image\/jpeg\" \/>\n<meta name=\"author\" content=\"gerhard\" \/>\n<meta name=\"twitter:card\" content=\"summary_large_image\" \/>\n<meta name=\"twitter:label1\" content=\"Written by\" \/>\n\t<meta name=\"twitter:data1\" content=\"gerhard\" \/>\n\t<meta name=\"twitter:label2\" content=\"Estimated reading time\" \/>\n\t<meta name=\"twitter:data2\" content=\"2 minutes\" \/>\n<script type=\"application\/ld+json\" class=\"yoast-schema-graph\">{\"@context\":\"https:\/\/schema.org\",\"@graph\":[{\"@type\":\"Article\",\"@id\":\"https:\/\/www.eslebedasauto.at\/frischzellenkur-fuer-das-grosse-porsche-suv\/#article\",\"isPartOf\":{\"@id\":\"https:\/\/www.eslebedasauto.at\/frischzellenkur-fuer-das-grosse-porsche-suv\/\"},\"author\":{\"name\":\"gerhard\",\"@id\":\"https:\/\/www.eslebedasauto.at\/#\/schema\/person\/fb81218b0bed500d225ff518f9f17033\"},\"headline\":\"Frischzellenkur f\u00fcr das gro\u00dfe Porsche SUV.\",\"datePublished\":\"2023-02-12T15:01:58+00:00\",\"dateModified\":\"2023-02-12T15:01:59+00:00\",\"mainEntityOfPage\":{\"@id\":\"https:\/\/www.eslebedasauto.at\/frischzellenkur-fuer-das-grosse-porsche-suv\/\"},\"wordCount\":144,\"commentCount\":0,\"publisher\":{\"@id\":\"https:\/\/www.eslebedasauto.at\/#organization\"},\"image\":{\"@id\":\"https:\/\/www.eslebedasauto.at\/frischzellenkur-fuer-das-grosse-porsche-suv\/#primaryimage\"},\"thumbnailUrl\":\"https:\/\/www.eslebedasauto.at\/wp-content\/uploads\/2023\/02\/ampnet_photo_20230208_219689.jpg\",\"articleSection\":[\"Shortmotornews\"],\"inLanguage\":\"en-GB\",\"potentialAction\":[{\"@type\":\"CommentAction\",\"name\":\"Comment\",\"target\":[\"https:\/\/www.eslebedasauto.at\/frischzellenkur-fuer-das-grosse-porsche-suv\/#respond\"]}]},{\"@type\":\"WebPage\",\"@id\":\"https:\/\/www.eslebedasauto.at\/frischzellenkur-fuer-das-grosse-porsche-suv\/\",\"url\":\"https:\/\/www.eslebedasauto.at\/frischzellenkur-fuer-das-grosse-porsche-suv\/\",\"name\":\"Frischzellenkur f\u00fcr das gro\u00dfe Porsche SUV. - Es lebe das Auto\",\"isPartOf\":{\"@id\":\"https:\/\/www.eslebedasauto.at\/#website\"},\"primaryImageOfPage\":{\"@id\":\"https:\/\/www.eslebedasauto.at\/frischzellenkur-fuer-das-grosse-porsche-suv\/#primaryimage\"},\"image\":{\"@id\":\"https:\/\/www.eslebedasauto.at\/frischzellenkur-fuer-das-grosse-porsche-suv\/#primaryimage\"},\"thumbnailUrl\":\"https:\/\/www.eslebedasauto.at\/wp-content\/uploads\/2023\/02\/ampnet_photo_20230208_219689.jpg\",\"datePublished\":\"2023-02-12T15:01:58+00:00\",\"dateModified\":\"2023-02-12T15:01:59+00:00\",\"description\":\"Porsche l\u00e4sst den Cayenne weiterleben und liefert in den kommenden Monaten ein intensives Facelift des gro\u00dfen SUV\",\"breadcrumb\":{\"@id\":\"https:\/\/www.eslebedasauto.at\/frischzellenkur-fuer-das-grosse-porsche-suv\/#breadcrumb\"},\"inLanguage\":\"en-GB\",\"potentialAction\":[{\"@type\":\"ReadAction\",\"target\":[\"https:\/\/www.eslebedasauto.at\/frischzellenkur-fuer-das-grosse-porsche-suv\/\"]}]},{\"@type\":\"ImageObject\",\"inLanguage\":\"en-GB\",\"@id\":\"https:\/\/www.eslebedasauto.at\/frischzellenkur-fuer-das-grosse-porsche-suv\/#primaryimage\",\"url\":\"https:\/\/www.eslebedasauto.at\/wp-content\/uploads\/2023\/02\/ampnet_photo_20230208_219689.jpg\",\"contentUrl\":\"https:\/\/www.eslebedasauto.at\/wp-content\/uploads\/2023\/02\/ampnet_photo_20230208_219689.jpg\",\"width\":2507,\"height\":1672},{\"@type\":\"BreadcrumbList\",\"@id\":\"https:\/\/www.eslebedasauto.at\/frischzellenkur-fuer-das-grosse-porsche-suv\/#breadcrumb\",\"itemListElement\":[{\"@type\":\"ListItem\",\"position\":1,\"name\":\"Startseite\",\"item\":\"https:\/\/www.eslebedasauto.at\/\"},{\"@type\":\"ListItem\",\"position\":2,\"name\":\"Frischzellenkur f\u00fcr das gro\u00dfe Porsche SUV.\"}]},{\"@type\":\"WebSite\",\"@id\":\"https:\/\/www.eslebedasauto.at\/#website\",\"url\":\"https:\/\/www.eslebedasauto.at\/\",\"name\":\"Es lebe das Auto\",\"description\":\"ein Hoch auf den Individualverkehr\",\"publisher\":{\"@id\":\"https:\/\/www.eslebedasauto.at\/#organization\"},\"potentialAction\":[{\"@type\":\"SearchAction\",\"target\":{\"@type\":\"EntryPoint\",\"urlTemplate\":\"https:\/\/www.eslebedasauto.at\/?s={search_term_string}\"},\"query-input\":{\"@type\":\"PropertyValueSpecification\",\"valueRequired\":true,\"valueName\":\"search_term_string\"}}],\"inLanguage\":\"en-GB\"},{\"@type\":\"Organization\",\"@id\":\"https:\/\/www.eslebedasauto.at\/#organization\",\"name\":\"eslebedasauto\",\"url\":\"https:\/\/www.eslebedasauto.at\/\",\"logo\":{\"@type\":\"ImageObject\",\"inLanguage\":\"en-GB\",\"@id\":\"https:\/\/www.eslebedasauto.at\/#\/schema\/logo\/image\/\",\"url\":\"https:\/\/www.eslebedasauto.at\/wp-content\/uploads\/2025\/10\/eldarund.png\",\"contentUrl\":\"https:\/\/www.eslebedasauto.at\/wp-content\/uploads\/2025\/10\/eldarund.png\",\"width\":1024,\"height\":1024,\"caption\":\"eslebedasauto\"},\"image\":{\"@id\":\"https:\/\/www.eslebedasauto.at\/#\/schema\/logo\/image\/\"},\"sameAs\":[\"https:\/\/www.facebook.com\/eslebedasauto.at\",\"https:\/\/www.instagram.com\/es_lebe_das_auto\/\"]},{\"@type\":\"Person\",\"@id\":\"https:\/\/www.eslebedasauto.at\/#\/schema\/person\/fb81218b0bed500d225ff518f9f17033\",\"name\":\"gerhard\",\"url\":\"https:\/\/www.eslebedasauto.at\/en\/author\/gerhard\/\"}]}<\/script>\n<!-- \/ Yoast SEO plugin. -->","yoast_head_json":{"title":"Frischzellenkur f\u00fcr das gro\u00dfe Porsche SUV. - Es lebe das Auto","description":"Porsche l\u00e4sst den Cayenne weiterleben und liefert in den kommenden Monaten ein intensives Facelift des gro\u00dfen SUV","robots":{"index":"index","follow":"follow","max-snippet":"max-snippet:-1","max-image-preview":"max-image-preview:large","max-video-preview":"max-video-preview:-1"},"canonical":"https:\/\/www.eslebedasauto.at\/en\/frischzellenkur-fuer-das-grosse-porsche-suv\/","og_locale":"en_GB","og_type":"article","og_title":"Frischzellenkur f\u00fcr das gro\u00dfe Porsche SUV. - Es lebe das Auto","og_description":"Porsche l\u00e4sst den Cayenne weiterleben und liefert in den kommenden Monaten ein intensives Facelift des gro\u00dfen SUV","og_url":"https:\/\/www.eslebedasauto.at\/en\/frischzellenkur-fuer-das-grosse-porsche-suv\/","og_site_name":"Es lebe das Auto","article_publisher":"https:\/\/www.facebook.com\/eslebedasauto.at","article_published_time":"2023-02-12T15:01:58+00:00","article_modified_time":"2023-02-12T15:01:59+00:00","og_image":[{"width":1024,"height":683,"url":"https:\/\/www.eslebedasauto.at\/wp-content\/uploads\/2023\/02\/ampnet_photo_20230208_219689-1024x683.jpg","type":"image\/jpeg"}],"author":"gerhard","twitter_card":"summary_large_image","twitter_misc":{"Written by":"gerhard","Estimated reading time":"2 minutes"},"schema":{"@context":"https:\/\/schema.org","@graph":[{"@type":"Article","@id":"https:\/\/www.eslebedasauto.at\/frischzellenkur-fuer-das-grosse-porsche-suv\/#article","isPartOf":{"@id":"https:\/\/www.eslebedasauto.at\/frischzellenkur-fuer-das-grosse-porsche-suv\/"},"author":{"name":"gerhard","@id":"https:\/\/www.eslebedasauto.at\/#\/schema\/person\/fb81218b0bed500d225ff518f9f17033"},"headline":"Frischzellenkur f\u00fcr das gro\u00dfe Porsche SUV.","datePublished":"2023-02-12T15:01:58+00:00","dateModified":"2023-02-12T15:01:59+00:00","mainEntityOfPage":{"@id":"https:\/\/www.eslebedasauto.at\/frischzellenkur-fuer-das-grosse-porsche-suv\/"},"wordCount":144,"commentCount":0,"publisher":{"@id":"https:\/\/www.eslebedasauto.at\/#organization"},"image":{"@id":"https:\/\/www.eslebedasauto.at\/frischzellenkur-fuer-das-grosse-porsche-suv\/#primaryimage"},"thumbnailUrl":"https:\/\/www.eslebedasauto.at\/wp-content\/uploads\/2023\/02\/ampnet_photo_20230208_219689.jpg","articleSection":["Shortmotornews"],"inLanguage":"en-GB","potentialAction":[{"@type":"CommentAction","name":"Comment","target":["https:\/\/www.eslebedasauto.at\/frischzellenkur-fuer-das-grosse-porsche-suv\/#respond"]}]},{"@type":"WebPage","@id":"https:\/\/www.eslebedasauto.at\/frischzellenkur-fuer-das-grosse-porsche-suv\/","url":"https:\/\/www.eslebedasauto.at\/frischzellenkur-fuer-das-grosse-porsche-suv\/","name":"Frischzellenkur f\u00fcr das gro\u00dfe Porsche SUV. - Es lebe das Auto","isPartOf":{"@id":"https:\/\/www.eslebedasauto.at\/#website"},"primaryImageOfPage":{"@id":"https:\/\/www.eslebedasauto.at\/frischzellenkur-fuer-das-grosse-porsche-suv\/#primaryimage"},"image":{"@id":"https:\/\/www.eslebedasauto.at\/frischzellenkur-fuer-das-grosse-porsche-suv\/#primaryimage"},"thumbnailUrl":"https:\/\/www.eslebedasauto.at\/wp-content\/uploads\/2023\/02\/ampnet_photo_20230208_219689.jpg","datePublished":"2023-02-12T15:01:58+00:00","dateModified":"2023-02-12T15:01:59+00:00","description":"Porsche l\u00e4sst den Cayenne weiterleben und liefert in den kommenden Monaten ein intensives Facelift des gro\u00dfen SUV","breadcrumb":{"@id":"https:\/\/www.eslebedasauto.at\/frischzellenkur-fuer-das-grosse-porsche-suv\/#breadcrumb"},"inLanguage":"en-GB","potentialAction":[{"@type":"ReadAction","target":["https:\/\/www.eslebedasauto.at\/frischzellenkur-fuer-das-grosse-porsche-suv\/"]}]},{"@type":"ImageObject","inLanguage":"en-GB","@id":"https:\/\/www.eslebedasauto.at\/frischzellenkur-fuer-das-grosse-porsche-suv\/#primaryimage","url":"https:\/\/www.eslebedasauto.at\/wp-content\/uploads\/2023\/02\/ampnet_photo_20230208_219689.jpg","contentUrl":"https:\/\/www.eslebedasauto.at\/wp-content\/uploads\/2023\/02\/ampnet_photo_20230208_219689.jpg","width":2507,"height":1672},{"@type":"BreadcrumbList","@id":"https:\/\/www.eslebedasauto.at\/frischzellenkur-fuer-das-grosse-porsche-suv\/#breadcrumb","itemListElement":[{"@type":"ListItem","position":1,"name":"Startseite","item":"https:\/\/www.eslebedasauto.at\/"},{"@type":"ListItem","position":2,"name":"Frischzellenkur f\u00fcr das gro\u00dfe Porsche SUV."}]},{"@type":"WebSite","@id":"https:\/\/www.eslebedasauto.at\/#website","url":"https:\/\/www.eslebedasauto.at\/","name":"Es lebe das Auto","description":"ein Hoch auf den Individualverkehr","publisher":{"@id":"https:\/\/www.eslebedasauto.at\/#organization"},"potentialAction":[{"@type":"SearchAction","target":{"@type":"EntryPoint","urlTemplate":"https:\/\/www.eslebedasauto.at\/?s={search_term_string}"},"query-input":{"@type":"PropertyValueSpecification","valueRequired":true,"valueName":"search_term_string"}}],"inLanguage":"en-GB"},{"@type":"Organization","@id":"https:\/\/www.eslebedasauto.at\/#organization","name":"eslebedasauto","url":"https:\/\/www.eslebedasauto.at\/","logo":{"@type":"ImageObject","inLanguage":"en-GB","@id":"https:\/\/www.eslebedasauto.at\/#\/schema\/logo\/image\/","url":"https:\/\/www.eslebedasauto.at\/wp-content\/uploads\/2025\/10\/eldarund.png","contentUrl":"https:\/\/www.eslebedasauto.at\/wp-content\/uploads\/2025\/10\/eldarund.png","width":1024,"height":1024,"caption":"eslebedasauto"},"image":{"@id":"https:\/\/www.eslebedasauto.at\/#\/schema\/logo\/image\/"},"sameAs":["https:\/\/www.facebook.com\/eslebedasauto.at","https:\/\/www.instagram.com\/es_lebe_das_auto\/"]},{"@type":"Person","@id":"https:\/\/www.eslebedasauto.at\/#\/schema\/person\/fb81218b0bed500d225ff518f9f17033","name":"gerhard","url":"https:\/\/www.eslebedasauto.at\/en\/author\/gerhard\/"}]}},"_links":{"self":[{"href":"https:\/\/www.eslebedasauto.at\/en\/wp-json\/wp\/v2\/posts\/91199","targetHints":{"allow":["GET"]}}],"collection":[{"href":"https:\/\/www.eslebedasauto.at\/en\/wp-json\/wp\/v2\/posts"}],"about":[{"href":"https:\/\/www.eslebedasauto.at\/en\/wp-json\/wp\/v2\/types\/post"}],"author":[{"embeddable":true,"href":"https:\/\/www.eslebedasauto.at\/en\/wp-json\/wp\/v2\/users\/2"}],"replies":[{"embeddable":true,"href":"https:\/\/www.eslebedasauto.at\/en\/wp-json\/wp\/v2\/comments?post=91199"}],"version-history":[{"count":2,"href":"https:\/\/www.eslebedasauto.at\/en\/wp-json\/wp\/v2\/posts\/91199\/revisions"}],"predecessor-version":[{"id":91209,"href":"https:\/\/www.eslebedasauto.at\/en\/wp-json\/wp\/v2\/posts\/91199\/revisions\/91209"}],"wp:featuredmedia":[{"embeddable":true,"href":"https:\/\/www.eslebedasauto.at\/en\/wp-json\/wp\/v2\/media\/91201"}],"wp:attachment":[{"href":"https:\/\/www.eslebedasauto.at\/en\/wp-json\/wp\/v2\/media?parent=91199"}],"wp:term":[{"taxonomy":"category","embeddable":true,"href":"https:\/\/www.eslebedasauto.at\/en\/wp-json\/wp\/v2\/categories?post=91199"},{"taxonomy":"post_tag","embeddable":true,"href":"https:\/\/www.eslebedasauto.at\/en\/wp-json\/wp\/v2\/tags?post=91199"}],"curies":[{"name":"wp","href":"https:\/\/api.w.org\/{rel}","templated":true}]}}