{"id":90823,"date":"2023-01-16T19:43:35","date_gmt":"2023-01-16T18:43:35","guid":{"rendered":"https:\/\/www.eslebedasauto.at\/?p=90823"},"modified":"2023-01-16T19:43:36","modified_gmt":"2023-01-16T18:43:36","slug":"bye-bye-vw-hello-hyundai","status":"publish","type":"post","link":"https:\/\/www.eslebedasauto.at\/en\/bye-bye-vw-hello-hyundai\/","title":{"rendered":"Bye bye VW &#8211; Hello Hyundai"},"content":{"rendered":"<h2 id=\"der-ofb-freut-sich-uber-das-comeback-eines-langjahrigen-partners\" class=\"wp-block-heading\">Der \u00d6FB freut sich \u00fcber das Comeback eines langj\u00e4hrigen Partners. <\/h2>\n\n\n\n<p>Mit Jahresbeginn ist die Hyundai Import GmbH in die Sponsorenfamilie des \u00d6sterreichischen Fu\u00dfball-Bundes (\u00d6FB) und seiner Nationalteams zur\u00fcckgekehrt. Die Kooperation hat schon von 1998 bis 2018 bestanden und wird nun wiederaufgenommen. Die Partnerschaft wurde in einem ersten Schritt \u00fcber vier Jahre und somit bis 2026 &#8211; mit der Option auf Verl\u00e4ngerung &#8211; abgeschlossen und bietet Hyundai erneut die M\u00f6glichkeit, allen Fu\u00dfballfans die neuesten Hyundai-Modelle zu pr\u00e4sentieren.<\/p>","protected":false},"excerpt":{"rendered":"<p>Hyundai folgt nach vier Jahren Volkswagen als Sponsor des \u00d6sterrreichischen Fu\u00dfball-Bundes (\u00d6FB)<\/p>","protected":false},"author":2,"featured_media":90825,"comment_status":"open","ping_status":"open","sticky":false,"template":"","format":"standard","meta":{"neve_meta_sidebar":"","neve_meta_container":"","neve_meta_enable_content_width":"","neve_meta_content_width":0,"neve_meta_title_alignment":"","neve_meta_author_avatar":"","neve_post_elements_order":"","neve_meta_disable_header":"","neve_meta_disable_footer":"","neve_meta_disable_title":"","neve_meta_reading_time":"","footnotes":""},"categories":[598],"tags":[],"class_list":["post-90823","post","type-post","status-publish","format-standard","has-post-thumbnail","hentry","category-shortmotornews"],"yoast_head":"<!-- This site is optimized with the Yoast SEO plugin v26.8 - https:\/\/yoast.com\/product\/yoast-seo-wordpress\/ -->\n<title>Bye bye VW - Hello Hyundai - Es lebe das Auto<\/title>\n<meta name=\"description\" content=\"Hyundai folgt nach vier Jahren Volkswagen als Sponsor des \u00d6sterrreichischen Fu\u00dfball-Bundes (\u00d6FB)\" \/>\n<meta name=\"robots\" content=\"index, follow, max-snippet:-1, max-image-preview:large, max-video-preview:-1\" \/>\n<link rel=\"canonical\" href=\"https:\/\/www.eslebedasauto.at\/en\/bye-bye-vw-hello-hyundai\/\" \/>\n<meta property=\"og:locale\" content=\"en_GB\" \/>\n<meta property=\"og:type\" content=\"article\" \/>\n<meta property=\"og:title\" content=\"Bye bye VW - Hello Hyundai - Es lebe das Auto\" \/>\n<meta property=\"og:description\" content=\"Hyundai folgt nach vier Jahren Volkswagen als Sponsor des \u00d6sterrreichischen Fu\u00dfball-Bundes (\u00d6FB)\" \/>\n<meta property=\"og:url\" content=\"https:\/\/www.eslebedasauto.at\/en\/bye-bye-vw-hello-hyundai\/\" \/>\n<meta property=\"og:site_name\" content=\"Es lebe das Auto\" \/>\n<meta property=\"article:publisher\" content=\"https:\/\/www.facebook.com\/eslebedasauto.at\" \/>\n<meta property=\"article:published_time\" content=\"2023-01-16T18:43:35+00:00\" \/>\n<meta property=\"article:modified_time\" content=\"2023-01-16T18:43:36+00:00\" \/>\n<meta property=\"og:image\" content=\"https:\/\/www.eslebedasauto.at\/wp-content\/uploads\/2023\/01\/oefb_fzguebergabe-8-1-scaled.jpg\" \/>\n\t<meta property=\"og:image:width\" content=\"2560\" \/>\n\t<meta property=\"og:image:height\" content=\"1571\" \/>\n\t<meta property=\"og:image:type\" content=\"image\/jpeg\" \/>\n<meta name=\"author\" content=\"gerhard\" \/>\n<meta name=\"twitter:card\" content=\"summary_large_image\" \/>\n<meta name=\"twitter:label1\" content=\"Written by\" \/>\n\t<meta name=\"twitter:data1\" content=\"gerhard\" \/>\n\t<meta name=\"twitter:label2\" content=\"Estimated reading time\" \/>\n\t<meta name=\"twitter:data2\" content=\"1 minute\" \/>\n<script type=\"application\/ld+json\" class=\"yoast-schema-graph\">{\"@context\":\"https:\/\/schema.org\",\"@graph\":[{\"@type\":\"Article\",\"@id\":\"https:\/\/www.eslebedasauto.at\/bye-bye-vw-hello-hyundai\/#article\",\"isPartOf\":{\"@id\":\"https:\/\/www.eslebedasauto.at\/bye-bye-vw-hello-hyundai\/\"},\"author\":{\"name\":\"gerhard\",\"@id\":\"https:\/\/www.eslebedasauto.at\/#\/schema\/person\/fb81218b0bed500d225ff518f9f17033\"},\"headline\":\"Bye bye VW &#8211; Hello Hyundai\",\"datePublished\":\"2023-01-16T18:43:35+00:00\",\"dateModified\":\"2023-01-16T18:43:36+00:00\",\"mainEntityOfPage\":{\"@id\":\"https:\/\/www.eslebedasauto.at\/bye-bye-vw-hello-hyundai\/\"},\"wordCount\":86,\"commentCount\":0,\"publisher\":{\"@id\":\"https:\/\/www.eslebedasauto.at\/#organization\"},\"image\":{\"@id\":\"https:\/\/www.eslebedasauto.at\/bye-bye-vw-hello-hyundai\/#primaryimage\"},\"thumbnailUrl\":\"https:\/\/www.eslebedasauto.at\/wp-content\/uploads\/2023\/01\/oefb_fzguebergabe-8-1-scaled.jpg\",\"articleSection\":[\"Shortmotornews\"],\"inLanguage\":\"en-GB\",\"potentialAction\":[{\"@type\":\"CommentAction\",\"name\":\"Comment\",\"target\":[\"https:\/\/www.eslebedasauto.at\/bye-bye-vw-hello-hyundai\/#respond\"]}]},{\"@type\":\"WebPage\",\"@id\":\"https:\/\/www.eslebedasauto.at\/bye-bye-vw-hello-hyundai\/\",\"url\":\"https:\/\/www.eslebedasauto.at\/bye-bye-vw-hello-hyundai\/\",\"name\":\"Bye bye VW - Hello Hyundai - Es lebe das Auto\",\"isPartOf\":{\"@id\":\"https:\/\/www.eslebedasauto.at\/#website\"},\"primaryImageOfPage\":{\"@id\":\"https:\/\/www.eslebedasauto.at\/bye-bye-vw-hello-hyundai\/#primaryimage\"},\"image\":{\"@id\":\"https:\/\/www.eslebedasauto.at\/bye-bye-vw-hello-hyundai\/#primaryimage\"},\"thumbnailUrl\":\"https:\/\/www.eslebedasauto.at\/wp-content\/uploads\/2023\/01\/oefb_fzguebergabe-8-1-scaled.jpg\",\"datePublished\":\"2023-01-16T18:43:35+00:00\",\"dateModified\":\"2023-01-16T18:43:36+00:00\",\"description\":\"Hyundai folgt nach vier Jahren Volkswagen als Sponsor des \u00d6sterrreichischen Fu\u00dfball-Bundes (\u00d6FB)\",\"breadcrumb\":{\"@id\":\"https:\/\/www.eslebedasauto.at\/bye-bye-vw-hello-hyundai\/#breadcrumb\"},\"inLanguage\":\"en-GB\",\"potentialAction\":[{\"@type\":\"ReadAction\",\"target\":[\"https:\/\/www.eslebedasauto.at\/bye-bye-vw-hello-hyundai\/\"]}]},{\"@type\":\"ImageObject\",\"inLanguage\":\"en-GB\",\"@id\":\"https:\/\/www.eslebedasauto.at\/bye-bye-vw-hello-hyundai\/#primaryimage\",\"url\":\"https:\/\/www.eslebedasauto.at\/wp-content\/uploads\/2023\/01\/oefb_fzguebergabe-8-1-scaled.jpg\",\"contentUrl\":\"https:\/\/www.eslebedasauto.at\/wp-content\/uploads\/2023\/01\/oefb_fzguebergabe-8-1-scaled.jpg\",\"width\":2560,\"height\":1571},{\"@type\":\"BreadcrumbList\",\"@id\":\"https:\/\/www.eslebedasauto.at\/bye-bye-vw-hello-hyundai\/#breadcrumb\",\"itemListElement\":[{\"@type\":\"ListItem\",\"position\":1,\"name\":\"Startseite\",\"item\":\"https:\/\/www.eslebedasauto.at\/\"},{\"@type\":\"ListItem\",\"position\":2,\"name\":\"Bye bye VW &#8211; Hello Hyundai\"}]},{\"@type\":\"WebSite\",\"@id\":\"https:\/\/www.eslebedasauto.at\/#website\",\"url\":\"https:\/\/www.eslebedasauto.at\/\",\"name\":\"Es lebe das Auto\",\"description\":\"ein Hoch auf den Individualverkehr\",\"publisher\":{\"@id\":\"https:\/\/www.eslebedasauto.at\/#organization\"},\"potentialAction\":[{\"@type\":\"SearchAction\",\"target\":{\"@type\":\"EntryPoint\",\"urlTemplate\":\"https:\/\/www.eslebedasauto.at\/?s={search_term_string}\"},\"query-input\":{\"@type\":\"PropertyValueSpecification\",\"valueRequired\":true,\"valueName\":\"search_term_string\"}}],\"inLanguage\":\"en-GB\"},{\"@type\":\"Organization\",\"@id\":\"https:\/\/www.eslebedasauto.at\/#organization\",\"name\":\"eslebedasauto\",\"url\":\"https:\/\/www.eslebedasauto.at\/\",\"logo\":{\"@type\":\"ImageObject\",\"inLanguage\":\"en-GB\",\"@id\":\"https:\/\/www.eslebedasauto.at\/#\/schema\/logo\/image\/\",\"url\":\"https:\/\/www.eslebedasauto.at\/wp-content\/uploads\/2025\/10\/eldarund.png\",\"contentUrl\":\"https:\/\/www.eslebedasauto.at\/wp-content\/uploads\/2025\/10\/eldarund.png\",\"width\":1024,\"height\":1024,\"caption\":\"eslebedasauto\"},\"image\":{\"@id\":\"https:\/\/www.eslebedasauto.at\/#\/schema\/logo\/image\/\"},\"sameAs\":[\"https:\/\/www.facebook.com\/eslebedasauto.at\",\"https:\/\/www.instagram.com\/es_lebe_das_auto\/\"]},{\"@type\":\"Person\",\"@id\":\"https:\/\/www.eslebedasauto.at\/#\/schema\/person\/fb81218b0bed500d225ff518f9f17033\",\"name\":\"gerhard\",\"url\":\"https:\/\/www.eslebedasauto.at\/en\/author\/gerhard\/\"}]}<\/script>\n<!-- \/ Yoast SEO plugin. -->","yoast_head_json":{"title":"Bye bye VW - Hello Hyundai - Es lebe das Auto","description":"Hyundai folgt nach vier Jahren Volkswagen als Sponsor des \u00d6sterrreichischen Fu\u00dfball-Bundes (\u00d6FB)","robots":{"index":"index","follow":"follow","max-snippet":"max-snippet:-1","max-image-preview":"max-image-preview:large","max-video-preview":"max-video-preview:-1"},"canonical":"https:\/\/www.eslebedasauto.at\/en\/bye-bye-vw-hello-hyundai\/","og_locale":"en_GB","og_type":"article","og_title":"Bye bye VW - Hello Hyundai - Es lebe das Auto","og_description":"Hyundai folgt nach vier Jahren Volkswagen als Sponsor des \u00d6sterrreichischen Fu\u00dfball-Bundes (\u00d6FB)","og_url":"https:\/\/www.eslebedasauto.at\/en\/bye-bye-vw-hello-hyundai\/","og_site_name":"Es lebe das Auto","article_publisher":"https:\/\/www.facebook.com\/eslebedasauto.at","article_published_time":"2023-01-16T18:43:35+00:00","article_modified_time":"2023-01-16T18:43:36+00:00","og_image":[{"width":2560,"height":1571,"url":"https:\/\/www.eslebedasauto.at\/wp-content\/uploads\/2023\/01\/oefb_fzguebergabe-8-1-scaled.jpg","type":"image\/jpeg"}],"author":"gerhard","twitter_card":"summary_large_image","twitter_misc":{"Written by":"gerhard","Estimated reading time":"1 minute"},"schema":{"@context":"https:\/\/schema.org","@graph":[{"@type":"Article","@id":"https:\/\/www.eslebedasauto.at\/bye-bye-vw-hello-hyundai\/#article","isPartOf":{"@id":"https:\/\/www.eslebedasauto.at\/bye-bye-vw-hello-hyundai\/"},"author":{"name":"gerhard","@id":"https:\/\/www.eslebedasauto.at\/#\/schema\/person\/fb81218b0bed500d225ff518f9f17033"},"headline":"Bye bye VW &#8211; Hello Hyundai","datePublished":"2023-01-16T18:43:35+00:00","dateModified":"2023-01-16T18:43:36+00:00","mainEntityOfPage":{"@id":"https:\/\/www.eslebedasauto.at\/bye-bye-vw-hello-hyundai\/"},"wordCount":86,"commentCount":0,"publisher":{"@id":"https:\/\/www.eslebedasauto.at\/#organization"},"image":{"@id":"https:\/\/www.eslebedasauto.at\/bye-bye-vw-hello-hyundai\/#primaryimage"},"thumbnailUrl":"https:\/\/www.eslebedasauto.at\/wp-content\/uploads\/2023\/01\/oefb_fzguebergabe-8-1-scaled.jpg","articleSection":["Shortmotornews"],"inLanguage":"en-GB","potentialAction":[{"@type":"CommentAction","name":"Comment","target":["https:\/\/www.eslebedasauto.at\/bye-bye-vw-hello-hyundai\/#respond"]}]},{"@type":"WebPage","@id":"https:\/\/www.eslebedasauto.at\/bye-bye-vw-hello-hyundai\/","url":"https:\/\/www.eslebedasauto.at\/bye-bye-vw-hello-hyundai\/","name":"Bye bye VW - Hello Hyundai - Es lebe das Auto","isPartOf":{"@id":"https:\/\/www.eslebedasauto.at\/#website"},"primaryImageOfPage":{"@id":"https:\/\/www.eslebedasauto.at\/bye-bye-vw-hello-hyundai\/#primaryimage"},"image":{"@id":"https:\/\/www.eslebedasauto.at\/bye-bye-vw-hello-hyundai\/#primaryimage"},"thumbnailUrl":"https:\/\/www.eslebedasauto.at\/wp-content\/uploads\/2023\/01\/oefb_fzguebergabe-8-1-scaled.jpg","datePublished":"2023-01-16T18:43:35+00:00","dateModified":"2023-01-16T18:43:36+00:00","description":"Hyundai folgt nach vier Jahren Volkswagen als Sponsor des \u00d6sterrreichischen Fu\u00dfball-Bundes (\u00d6FB)","breadcrumb":{"@id":"https:\/\/www.eslebedasauto.at\/bye-bye-vw-hello-hyundai\/#breadcrumb"},"inLanguage":"en-GB","potentialAction":[{"@type":"ReadAction","target":["https:\/\/www.eslebedasauto.at\/bye-bye-vw-hello-hyundai\/"]}]},{"@type":"ImageObject","inLanguage":"en-GB","@id":"https:\/\/www.eslebedasauto.at\/bye-bye-vw-hello-hyundai\/#primaryimage","url":"https:\/\/www.eslebedasauto.at\/wp-content\/uploads\/2023\/01\/oefb_fzguebergabe-8-1-scaled.jpg","contentUrl":"https:\/\/www.eslebedasauto.at\/wp-content\/uploads\/2023\/01\/oefb_fzguebergabe-8-1-scaled.jpg","width":2560,"height":1571},{"@type":"BreadcrumbList","@id":"https:\/\/www.eslebedasauto.at\/bye-bye-vw-hello-hyundai\/#breadcrumb","itemListElement":[{"@type":"ListItem","position":1,"name":"Startseite","item":"https:\/\/www.eslebedasauto.at\/"},{"@type":"ListItem","position":2,"name":"Bye bye VW &#8211; Hello Hyundai"}]},{"@type":"WebSite","@id":"https:\/\/www.eslebedasauto.at\/#website","url":"https:\/\/www.eslebedasauto.at\/","name":"Es lebe das Auto","description":"ein Hoch auf den Individualverkehr","publisher":{"@id":"https:\/\/www.eslebedasauto.at\/#organization"},"potentialAction":[{"@type":"SearchAction","target":{"@type":"EntryPoint","urlTemplate":"https:\/\/www.eslebedasauto.at\/?s={search_term_string}"},"query-input":{"@type":"PropertyValueSpecification","valueRequired":true,"valueName":"search_term_string"}}],"inLanguage":"en-GB"},{"@type":"Organization","@id":"https:\/\/www.eslebedasauto.at\/#organization","name":"eslebedasauto","url":"https:\/\/www.eslebedasauto.at\/","logo":{"@type":"ImageObject","inLanguage":"en-GB","@id":"https:\/\/www.eslebedasauto.at\/#\/schema\/logo\/image\/","url":"https:\/\/www.eslebedasauto.at\/wp-content\/uploads\/2025\/10\/eldarund.png","contentUrl":"https:\/\/www.eslebedasauto.at\/wp-content\/uploads\/2025\/10\/eldarund.png","width":1024,"height":1024,"caption":"eslebedasauto"},"image":{"@id":"https:\/\/www.eslebedasauto.at\/#\/schema\/logo\/image\/"},"sameAs":["https:\/\/www.facebook.com\/eslebedasauto.at","https:\/\/www.instagram.com\/es_lebe_das_auto\/"]},{"@type":"Person","@id":"https:\/\/www.eslebedasauto.at\/#\/schema\/person\/fb81218b0bed500d225ff518f9f17033","name":"gerhard","url":"https:\/\/www.eslebedasauto.at\/en\/author\/gerhard\/"}]}},"_links":{"self":[{"href":"https:\/\/www.eslebedasauto.at\/en\/wp-json\/wp\/v2\/posts\/90823","targetHints":{"allow":["GET"]}}],"collection":[{"href":"https:\/\/www.eslebedasauto.at\/en\/wp-json\/wp\/v2\/posts"}],"about":[{"href":"https:\/\/www.eslebedasauto.at\/en\/wp-json\/wp\/v2\/types\/post"}],"author":[{"embeddable":true,"href":"https:\/\/www.eslebedasauto.at\/en\/wp-json\/wp\/v2\/users\/2"}],"replies":[{"embeddable":true,"href":"https:\/\/www.eslebedasauto.at\/en\/wp-json\/wp\/v2\/comments?post=90823"}],"version-history":[{"count":1,"href":"https:\/\/www.eslebedasauto.at\/en\/wp-json\/wp\/v2\/posts\/90823\/revisions"}],"predecessor-version":[{"id":90826,"href":"https:\/\/www.eslebedasauto.at\/en\/wp-json\/wp\/v2\/posts\/90823\/revisions\/90826"}],"wp:featuredmedia":[{"embeddable":true,"href":"https:\/\/www.eslebedasauto.at\/en\/wp-json\/wp\/v2\/media\/90825"}],"wp:attachment":[{"href":"https:\/\/www.eslebedasauto.at\/en\/wp-json\/wp\/v2\/media?parent=90823"}],"wp:term":[{"taxonomy":"category","embeddable":true,"href":"https:\/\/www.eslebedasauto.at\/en\/wp-json\/wp\/v2\/categories?post=90823"},{"taxonomy":"post_tag","embeddable":true,"href":"https:\/\/www.eslebedasauto.at\/en\/wp-json\/wp\/v2\/tags?post=90823"}],"curies":[{"name":"wp","href":"https:\/\/api.w.org\/{rel}","templated":true}]}}