{"id":90819,"date":"2023-01-18T09:28:53","date_gmt":"2023-01-18T08:28:53","guid":{"rendered":"https:\/\/www.eslebedasauto.at\/?p=90819"},"modified":"2023-01-23T15:25:59","modified_gmt":"2023-01-23T14:25:59","slug":"welcome-back-wankel","status":"publish","type":"post","link":"https:\/\/www.eslebedasauto.at\/en\/welcome-back-wankel\/","title":{"rendered":"Welcome back Wankel"},"content":{"rendered":"<p><\/p>\n\n\n\n<h3 id=\"der-wankelmotor-ist-zuruck-in-europa-mazda-setzt-einen-neu-entwickelten-ein-scheiben-kreiskolbenmotor-als-range-extender-ein\" class=\"wp-block-heading\">Der Wankelmotor ist zur\u00fcck in Europa: Mazda setzt einen neu entwickelten Ein-Scheiben-Kreiskolbenmotor als Range Extender ein. <\/h3>\n\n\n\n<p>Er soll dem nicht gerade f\u00fcr gro\u00dfe Reichweite bekannten MX-30 langstreckentauglich machen. Der heute auf der Br\u00fcsseler Motorshow (\u201322.1.) vorgestellte MX-30 e-Skyactiv R-EV soll bereits ab n\u00e4chsten Monat bestellbar sein. Als Antrieb dient ein 125 kW (170 PS) starker Elektromotor, der aus der Batterie Strom f\u00fcr bis zu 85 Kilometer ziehen kann. Der als Generator arbeitende Wankel leistet bei einem Kammervolumen von 830 Kubikzentimetern 75 PS (55 kW) und l\u00e4dt die Batterie w\u00e4hrend der Fahrt nach.<\/p>","protected":false},"excerpt":{"rendered":"<p>Wer sich jetzt \u00fcber einen neuen Mazda RX-7 freut, der wird leider entt\u00e4uscht.<\/p>","protected":false},"author":2,"featured_media":90798,"comment_status":"open","ping_status":"open","sticky":false,"template":"","format":"standard","meta":{"neve_meta_sidebar":"","neve_meta_container":"","neve_meta_enable_content_width":"","neve_meta_content_width":0,"neve_meta_title_alignment":"","neve_meta_author_avatar":"","neve_post_elements_order":"","neve_meta_disable_header":"","neve_meta_disable_footer":"","neve_meta_disable_title":"","neve_meta_reading_time":"","footnotes":""},"categories":[598],"tags":[],"class_list":["post-90819","post","type-post","status-publish","format-standard","has-post-thumbnail","hentry","category-shortmotornews"],"yoast_head":"<!-- This site is optimized with the Yoast SEO plugin v26.8 - https:\/\/yoast.com\/product\/yoast-seo-wordpress\/ -->\n<title>Welcome back Wankel - Es lebe das Auto<\/title>\n<meta name=\"description\" content=\"Wer sich jetzt \u00fcber einen neuen Mazda RX-7 freut, der wird leider entt\u00e4uscht.\" \/>\n<meta name=\"robots\" content=\"index, follow, max-snippet:-1, max-image-preview:large, max-video-preview:-1\" \/>\n<link rel=\"canonical\" href=\"https:\/\/www.eslebedasauto.at\/en\/welcome-back-wankel\/\" \/>\n<meta property=\"og:locale\" content=\"en_GB\" \/>\n<meta property=\"og:type\" content=\"article\" \/>\n<meta property=\"og:title\" content=\"Welcome back Wankel - Es lebe das Auto\" \/>\n<meta property=\"og:description\" content=\"Wer sich jetzt \u00fcber einen neuen Mazda RX-7 freut, der wird leider entt\u00e4uscht.\" \/>\n<meta property=\"og:url\" content=\"https:\/\/www.eslebedasauto.at\/en\/welcome-back-wankel\/\" \/>\n<meta property=\"og:site_name\" content=\"Es lebe das Auto\" \/>\n<meta property=\"article:publisher\" content=\"https:\/\/www.facebook.com\/eslebedasauto.at\" \/>\n<meta property=\"article:published_time\" content=\"2023-01-18T08:28:53+00:00\" \/>\n<meta property=\"article:modified_time\" content=\"2023-01-23T14:25:59+00:00\" \/>\n<meta property=\"og:image\" content=\"https:\/\/www.eslebedasauto.at\/wp-content\/uploads\/2023\/01\/ampnet_photo_20230113_218788.jpg\" \/>\n\t<meta property=\"og:image:width\" content=\"2508\" \/>\n\t<meta property=\"og:image:height\" content=\"1672\" \/>\n\t<meta property=\"og:image:type\" content=\"image\/jpeg\" \/>\n<meta name=\"author\" content=\"gerhard\" \/>\n<meta name=\"twitter:card\" content=\"summary_large_image\" \/>\n<meta name=\"twitter:label1\" content=\"Written by\" \/>\n\t<meta name=\"twitter:data1\" content=\"gerhard\" \/>\n\t<meta name=\"twitter:label2\" content=\"Estimated reading time\" \/>\n\t<meta name=\"twitter:data2\" content=\"1 minute\" \/>\n<script type=\"application\/ld+json\" class=\"yoast-schema-graph\">{\"@context\":\"https:\/\/schema.org\",\"@graph\":[{\"@type\":\"Article\",\"@id\":\"https:\/\/www.eslebedasauto.at\/welcome-back-wankel\/#article\",\"isPartOf\":{\"@id\":\"https:\/\/www.eslebedasauto.at\/welcome-back-wankel\/\"},\"author\":{\"name\":\"gerhard\",\"@id\":\"https:\/\/www.eslebedasauto.at\/#\/schema\/person\/fb81218b0bed500d225ff518f9f17033\"},\"headline\":\"Welcome back Wankel\",\"datePublished\":\"2023-01-18T08:28:53+00:00\",\"dateModified\":\"2023-01-23T14:25:59+00:00\",\"mainEntityOfPage\":{\"@id\":\"https:\/\/www.eslebedasauto.at\/welcome-back-wankel\/\"},\"wordCount\":96,\"commentCount\":0,\"publisher\":{\"@id\":\"https:\/\/www.eslebedasauto.at\/#organization\"},\"image\":{\"@id\":\"https:\/\/www.eslebedasauto.at\/welcome-back-wankel\/#primaryimage\"},\"thumbnailUrl\":\"https:\/\/www.eslebedasauto.at\/wp-content\/uploads\/2023\/01\/ampnet_photo_20230113_218788.jpg\",\"articleSection\":[\"Shortmotornews\"],\"inLanguage\":\"en-GB\",\"potentialAction\":[{\"@type\":\"CommentAction\",\"name\":\"Comment\",\"target\":[\"https:\/\/www.eslebedasauto.at\/welcome-back-wankel\/#respond\"]}]},{\"@type\":\"WebPage\",\"@id\":\"https:\/\/www.eslebedasauto.at\/welcome-back-wankel\/\",\"url\":\"https:\/\/www.eslebedasauto.at\/welcome-back-wankel\/\",\"name\":\"Welcome back Wankel - Es lebe das Auto\",\"isPartOf\":{\"@id\":\"https:\/\/www.eslebedasauto.at\/#website\"},\"primaryImageOfPage\":{\"@id\":\"https:\/\/www.eslebedasauto.at\/welcome-back-wankel\/#primaryimage\"},\"image\":{\"@id\":\"https:\/\/www.eslebedasauto.at\/welcome-back-wankel\/#primaryimage\"},\"thumbnailUrl\":\"https:\/\/www.eslebedasauto.at\/wp-content\/uploads\/2023\/01\/ampnet_photo_20230113_218788.jpg\",\"datePublished\":\"2023-01-18T08:28:53+00:00\",\"dateModified\":\"2023-01-23T14:25:59+00:00\",\"description\":\"Wer sich jetzt \u00fcber einen neuen Mazda RX-7 freut, der wird leider entt\u00e4uscht.\",\"breadcrumb\":{\"@id\":\"https:\/\/www.eslebedasauto.at\/welcome-back-wankel\/#breadcrumb\"},\"inLanguage\":\"en-GB\",\"potentialAction\":[{\"@type\":\"ReadAction\",\"target\":[\"https:\/\/www.eslebedasauto.at\/welcome-back-wankel\/\"]}]},{\"@type\":\"ImageObject\",\"inLanguage\":\"en-GB\",\"@id\":\"https:\/\/www.eslebedasauto.at\/welcome-back-wankel\/#primaryimage\",\"url\":\"https:\/\/www.eslebedasauto.at\/wp-content\/uploads\/2023\/01\/ampnet_photo_20230113_218788.jpg\",\"contentUrl\":\"https:\/\/www.eslebedasauto.at\/wp-content\/uploads\/2023\/01\/ampnet_photo_20230113_218788.jpg\",\"width\":2508,\"height\":1672},{\"@type\":\"BreadcrumbList\",\"@id\":\"https:\/\/www.eslebedasauto.at\/welcome-back-wankel\/#breadcrumb\",\"itemListElement\":[{\"@type\":\"ListItem\",\"position\":1,\"name\":\"Startseite\",\"item\":\"https:\/\/www.eslebedasauto.at\/\"},{\"@type\":\"ListItem\",\"position\":2,\"name\":\"Welcome back Wankel\"}]},{\"@type\":\"WebSite\",\"@id\":\"https:\/\/www.eslebedasauto.at\/#website\",\"url\":\"https:\/\/www.eslebedasauto.at\/\",\"name\":\"Es lebe das Auto\",\"description\":\"ein Hoch auf den Individualverkehr\",\"publisher\":{\"@id\":\"https:\/\/www.eslebedasauto.at\/#organization\"},\"potentialAction\":[{\"@type\":\"SearchAction\",\"target\":{\"@type\":\"EntryPoint\",\"urlTemplate\":\"https:\/\/www.eslebedasauto.at\/?s={search_term_string}\"},\"query-input\":{\"@type\":\"PropertyValueSpecification\",\"valueRequired\":true,\"valueName\":\"search_term_string\"}}],\"inLanguage\":\"en-GB\"},{\"@type\":\"Organization\",\"@id\":\"https:\/\/www.eslebedasauto.at\/#organization\",\"name\":\"eslebedasauto\",\"url\":\"https:\/\/www.eslebedasauto.at\/\",\"logo\":{\"@type\":\"ImageObject\",\"inLanguage\":\"en-GB\",\"@id\":\"https:\/\/www.eslebedasauto.at\/#\/schema\/logo\/image\/\",\"url\":\"https:\/\/www.eslebedasauto.at\/wp-content\/uploads\/2025\/10\/eldarund.png\",\"contentUrl\":\"https:\/\/www.eslebedasauto.at\/wp-content\/uploads\/2025\/10\/eldarund.png\",\"width\":1024,\"height\":1024,\"caption\":\"eslebedasauto\"},\"image\":{\"@id\":\"https:\/\/www.eslebedasauto.at\/#\/schema\/logo\/image\/\"},\"sameAs\":[\"https:\/\/www.facebook.com\/eslebedasauto.at\",\"https:\/\/www.instagram.com\/es_lebe_das_auto\/\"]},{\"@type\":\"Person\",\"@id\":\"https:\/\/www.eslebedasauto.at\/#\/schema\/person\/fb81218b0bed500d225ff518f9f17033\",\"name\":\"gerhard\",\"url\":\"https:\/\/www.eslebedasauto.at\/en\/author\/gerhard\/\"}]}<\/script>\n<!-- \/ Yoast SEO plugin. -->","yoast_head_json":{"title":"Welcome back Wankel - Es lebe das Auto","description":"Wer sich jetzt \u00fcber einen neuen Mazda RX-7 freut, der wird leider entt\u00e4uscht.","robots":{"index":"index","follow":"follow","max-snippet":"max-snippet:-1","max-image-preview":"max-image-preview:large","max-video-preview":"max-video-preview:-1"},"canonical":"https:\/\/www.eslebedasauto.at\/en\/welcome-back-wankel\/","og_locale":"en_GB","og_type":"article","og_title":"Welcome back Wankel - Es lebe das Auto","og_description":"Wer sich jetzt \u00fcber einen neuen Mazda RX-7 freut, der wird leider entt\u00e4uscht.","og_url":"https:\/\/www.eslebedasauto.at\/en\/welcome-back-wankel\/","og_site_name":"Es lebe das Auto","article_publisher":"https:\/\/www.facebook.com\/eslebedasauto.at","article_published_time":"2023-01-18T08:28:53+00:00","article_modified_time":"2023-01-23T14:25:59+00:00","og_image":[{"width":2508,"height":1672,"url":"https:\/\/www.eslebedasauto.at\/wp-content\/uploads\/2023\/01\/ampnet_photo_20230113_218788.jpg","type":"image\/jpeg"}],"author":"gerhard","twitter_card":"summary_large_image","twitter_misc":{"Written by":"gerhard","Estimated reading time":"1 minute"},"schema":{"@context":"https:\/\/schema.org","@graph":[{"@type":"Article","@id":"https:\/\/www.eslebedasauto.at\/welcome-back-wankel\/#article","isPartOf":{"@id":"https:\/\/www.eslebedasauto.at\/welcome-back-wankel\/"},"author":{"name":"gerhard","@id":"https:\/\/www.eslebedasauto.at\/#\/schema\/person\/fb81218b0bed500d225ff518f9f17033"},"headline":"Welcome back Wankel","datePublished":"2023-01-18T08:28:53+00:00","dateModified":"2023-01-23T14:25:59+00:00","mainEntityOfPage":{"@id":"https:\/\/www.eslebedasauto.at\/welcome-back-wankel\/"},"wordCount":96,"commentCount":0,"publisher":{"@id":"https:\/\/www.eslebedasauto.at\/#organization"},"image":{"@id":"https:\/\/www.eslebedasauto.at\/welcome-back-wankel\/#primaryimage"},"thumbnailUrl":"https:\/\/www.eslebedasauto.at\/wp-content\/uploads\/2023\/01\/ampnet_photo_20230113_218788.jpg","articleSection":["Shortmotornews"],"inLanguage":"en-GB","potentialAction":[{"@type":"CommentAction","name":"Comment","target":["https:\/\/www.eslebedasauto.at\/welcome-back-wankel\/#respond"]}]},{"@type":"WebPage","@id":"https:\/\/www.eslebedasauto.at\/welcome-back-wankel\/","url":"https:\/\/www.eslebedasauto.at\/welcome-back-wankel\/","name":"Welcome back Wankel - Es lebe das Auto","isPartOf":{"@id":"https:\/\/www.eslebedasauto.at\/#website"},"primaryImageOfPage":{"@id":"https:\/\/www.eslebedasauto.at\/welcome-back-wankel\/#primaryimage"},"image":{"@id":"https:\/\/www.eslebedasauto.at\/welcome-back-wankel\/#primaryimage"},"thumbnailUrl":"https:\/\/www.eslebedasauto.at\/wp-content\/uploads\/2023\/01\/ampnet_photo_20230113_218788.jpg","datePublished":"2023-01-18T08:28:53+00:00","dateModified":"2023-01-23T14:25:59+00:00","description":"Wer sich jetzt \u00fcber einen neuen Mazda RX-7 freut, der wird leider entt\u00e4uscht.","breadcrumb":{"@id":"https:\/\/www.eslebedasauto.at\/welcome-back-wankel\/#breadcrumb"},"inLanguage":"en-GB","potentialAction":[{"@type":"ReadAction","target":["https:\/\/www.eslebedasauto.at\/welcome-back-wankel\/"]}]},{"@type":"ImageObject","inLanguage":"en-GB","@id":"https:\/\/www.eslebedasauto.at\/welcome-back-wankel\/#primaryimage","url":"https:\/\/www.eslebedasauto.at\/wp-content\/uploads\/2023\/01\/ampnet_photo_20230113_218788.jpg","contentUrl":"https:\/\/www.eslebedasauto.at\/wp-content\/uploads\/2023\/01\/ampnet_photo_20230113_218788.jpg","width":2508,"height":1672},{"@type":"BreadcrumbList","@id":"https:\/\/www.eslebedasauto.at\/welcome-back-wankel\/#breadcrumb","itemListElement":[{"@type":"ListItem","position":1,"name":"Startseite","item":"https:\/\/www.eslebedasauto.at\/"},{"@type":"ListItem","position":2,"name":"Welcome back Wankel"}]},{"@type":"WebSite","@id":"https:\/\/www.eslebedasauto.at\/#website","url":"https:\/\/www.eslebedasauto.at\/","name":"Es lebe das Auto","description":"ein Hoch auf den Individualverkehr","publisher":{"@id":"https:\/\/www.eslebedasauto.at\/#organization"},"potentialAction":[{"@type":"SearchAction","target":{"@type":"EntryPoint","urlTemplate":"https:\/\/www.eslebedasauto.at\/?s={search_term_string}"},"query-input":{"@type":"PropertyValueSpecification","valueRequired":true,"valueName":"search_term_string"}}],"inLanguage":"en-GB"},{"@type":"Organization","@id":"https:\/\/www.eslebedasauto.at\/#organization","name":"eslebedasauto","url":"https:\/\/www.eslebedasauto.at\/","logo":{"@type":"ImageObject","inLanguage":"en-GB","@id":"https:\/\/www.eslebedasauto.at\/#\/schema\/logo\/image\/","url":"https:\/\/www.eslebedasauto.at\/wp-content\/uploads\/2025\/10\/eldarund.png","contentUrl":"https:\/\/www.eslebedasauto.at\/wp-content\/uploads\/2025\/10\/eldarund.png","width":1024,"height":1024,"caption":"eslebedasauto"},"image":{"@id":"https:\/\/www.eslebedasauto.at\/#\/schema\/logo\/image\/"},"sameAs":["https:\/\/www.facebook.com\/eslebedasauto.at","https:\/\/www.instagram.com\/es_lebe_das_auto\/"]},{"@type":"Person","@id":"https:\/\/www.eslebedasauto.at\/#\/schema\/person\/fb81218b0bed500d225ff518f9f17033","name":"gerhard","url":"https:\/\/www.eslebedasauto.at\/en\/author\/gerhard\/"}]}},"_links":{"self":[{"href":"https:\/\/www.eslebedasauto.at\/en\/wp-json\/wp\/v2\/posts\/90819","targetHints":{"allow":["GET"]}}],"collection":[{"href":"https:\/\/www.eslebedasauto.at\/en\/wp-json\/wp\/v2\/posts"}],"about":[{"href":"https:\/\/www.eslebedasauto.at\/en\/wp-json\/wp\/v2\/types\/post"}],"author":[{"embeddable":true,"href":"https:\/\/www.eslebedasauto.at\/en\/wp-json\/wp\/v2\/users\/2"}],"replies":[{"embeddable":true,"href":"https:\/\/www.eslebedasauto.at\/en\/wp-json\/wp\/v2\/comments?post=90819"}],"version-history":[{"count":1,"href":"https:\/\/www.eslebedasauto.at\/en\/wp-json\/wp\/v2\/posts\/90819\/revisions"}],"predecessor-version":[{"id":90820,"href":"https:\/\/www.eslebedasauto.at\/en\/wp-json\/wp\/v2\/posts\/90819\/revisions\/90820"}],"wp:featuredmedia":[{"embeddable":true,"href":"https:\/\/www.eslebedasauto.at\/en\/wp-json\/wp\/v2\/media\/90798"}],"wp:attachment":[{"href":"https:\/\/www.eslebedasauto.at\/en\/wp-json\/wp\/v2\/media?parent=90819"}],"wp:term":[{"taxonomy":"category","embeddable":true,"href":"https:\/\/www.eslebedasauto.at\/en\/wp-json\/wp\/v2\/categories?post=90819"},{"taxonomy":"post_tag","embeddable":true,"href":"https:\/\/www.eslebedasauto.at\/en\/wp-json\/wp\/v2\/tags?post=90819"}],"curies":[{"name":"wp","href":"https:\/\/api.w.org\/{rel}","templated":true}]}}