{"id":90812,"date":"2023-01-16T16:15:41","date_gmt":"2023-01-16T15:15:41","guid":{"rendered":"https:\/\/www.eslebedasauto.at\/?p=90812"},"modified":"2023-01-16T16:15:42","modified_gmt":"2023-01-16T15:15:42","slug":"ein-hauch-von-hamilton","status":"publish","type":"post","link":"https:\/\/www.eslebedasauto.at\/en\/ein-hauch-von-hamilton\/","title":{"rendered":"Ein Hauch von Hamilton"},"content":{"rendered":"<h3 id=\"mercedes-amg-bietet-den-sl-63-4-matic-als-exklusives-sondermodell-im-look-des-formel-1-rennwagens-w13-an\" class=\"wp-block-heading\">Mercedes-AMG bietet den SL 63 4-Matic+ als exklusives Sondermodell im Look des Formel-1-Rennwagens W13 an. <\/h3>\n\n\n\n<p>Der Farbverlauf von Hightechsilber metallic nach Obsidianschwarz metallic ist vom Vorbild aus dem Motorsport inspiriert. Gleiches gilt f\u00fcr das Star Pattern an den Fahrzeugflanken und die Petronas\u2011farbenen Kontraste an Frontsch\u00fcrze, Seitenschwellerverkleidungen und Heckdiffusor. Hinzu kommen schwarz matt lackierte Schmieder\u00e4der mit Felgenh\u00f6rnern im Petronas-Farbton.<\/p>\n\n\n\n<p>Der Mercedes-AMG SL 63 4-Matic+ \u201eMotorsport Collectors Edition\u201c verf\u00fcgt serienm\u00e4\u00dfig \u00fcber das Aerodynamik- und die beiden Night-Pakete. Jeder K\u00e4ufer erh\u00e4lt neben weiteren exklusiven Fahrzeugdetails auch ein ma\u00dfgeschneidertes Indoor-Car-Cover. Die Sonderserie ist auf 100 Exemplare limitiert.&nbsp;<\/p>","protected":false},"excerpt":{"rendered":"<p>Mercedes launcht wieder einen echten Silberpfeil<\/p>","protected":false},"author":2,"featured_media":90813,"comment_status":"open","ping_status":"open","sticky":false,"template":"","format":"standard","meta":{"neve_meta_sidebar":"","neve_meta_container":"","neve_meta_enable_content_width":"","neve_meta_content_width":0,"neve_meta_title_alignment":"","neve_meta_author_avatar":"","neve_post_elements_order":"","neve_meta_disable_header":"","neve_meta_disable_footer":"","neve_meta_disable_title":"","neve_meta_reading_time":"","footnotes":""},"categories":[598],"tags":[],"class_list":["post-90812","post","type-post","status-publish","format-standard","has-post-thumbnail","hentry","category-shortmotornews"],"yoast_head":"<!-- This site is optimized with the Yoast SEO plugin v26.8 - https:\/\/yoast.com\/product\/yoast-seo-wordpress\/ -->\n<title>Ein Hauch von Hamilton - Es lebe das Auto<\/title>\n<meta name=\"robots\" content=\"index, follow, max-snippet:-1, max-image-preview:large, max-video-preview:-1\" \/>\n<link rel=\"canonical\" href=\"https:\/\/www.eslebedasauto.at\/en\/ein-hauch-von-hamilton\/\" \/>\n<meta property=\"og:locale\" content=\"en_GB\" \/>\n<meta property=\"og:type\" content=\"article\" \/>\n<meta property=\"og:title\" content=\"Ein Hauch von Hamilton - Es lebe das Auto\" \/>\n<meta property=\"og:description\" content=\"Mercedes launcht wieder einen echten Silberpfeil\" \/>\n<meta property=\"og:url\" content=\"https:\/\/www.eslebedasauto.at\/en\/ein-hauch-von-hamilton\/\" \/>\n<meta property=\"og:site_name\" content=\"Es lebe das Auto\" \/>\n<meta property=\"article:publisher\" content=\"https:\/\/www.facebook.com\/eslebedasauto.at\" \/>\n<meta property=\"article:published_time\" content=\"2023-01-16T15:15:41+00:00\" \/>\n<meta property=\"article:modified_time\" content=\"2023-01-16T15:15:42+00:00\" \/>\n<meta property=\"og:image\" content=\"https:\/\/www.eslebedasauto.at\/wp-content\/uploads\/2023\/01\/ampnet_photo_20230113_218809-1024x626.jpg\" \/>\n\t<meta property=\"og:image:width\" content=\"1024\" \/>\n\t<meta property=\"og:image:height\" content=\"626\" \/>\n\t<meta property=\"og:image:type\" content=\"image\/jpeg\" \/>\n<meta name=\"author\" content=\"gerhard\" \/>\n<meta name=\"twitter:card\" content=\"summary_large_image\" \/>\n<meta name=\"twitter:label1\" content=\"Written by\" \/>\n\t<meta name=\"twitter:data1\" content=\"gerhard\" \/>\n\t<meta name=\"twitter:label2\" content=\"Estimated reading time\" \/>\n\t<meta name=\"twitter:data2\" content=\"1 minute\" \/>\n<script type=\"application\/ld+json\" class=\"yoast-schema-graph\">{\"@context\":\"https:\/\/schema.org\",\"@graph\":[{\"@type\":\"Article\",\"@id\":\"https:\/\/www.eslebedasauto.at\/ein-hauch-von-hamilton\/#article\",\"isPartOf\":{\"@id\":\"https:\/\/www.eslebedasauto.at\/ein-hauch-von-hamilton\/\"},\"author\":{\"name\":\"gerhard\",\"@id\":\"https:\/\/www.eslebedasauto.at\/#\/schema\/person\/fb81218b0bed500d225ff518f9f17033\"},\"headline\":\"Ein Hauch von Hamilton\",\"datePublished\":\"2023-01-16T15:15:41+00:00\",\"dateModified\":\"2023-01-16T15:15:42+00:00\",\"mainEntityOfPage\":{\"@id\":\"https:\/\/www.eslebedasauto.at\/ein-hauch-von-hamilton\/\"},\"wordCount\":106,\"commentCount\":0,\"publisher\":{\"@id\":\"https:\/\/www.eslebedasauto.at\/#organization\"},\"image\":{\"@id\":\"https:\/\/www.eslebedasauto.at\/ein-hauch-von-hamilton\/#primaryimage\"},\"thumbnailUrl\":\"https:\/\/www.eslebedasauto.at\/wp-content\/uploads\/2023\/01\/ampnet_photo_20230113_218809.jpg\",\"articleSection\":[\"Shortmotornews\"],\"inLanguage\":\"en-GB\",\"potentialAction\":[{\"@type\":\"CommentAction\",\"name\":\"Comment\",\"target\":[\"https:\/\/www.eslebedasauto.at\/ein-hauch-von-hamilton\/#respond\"]}]},{\"@type\":\"WebPage\",\"@id\":\"https:\/\/www.eslebedasauto.at\/ein-hauch-von-hamilton\/\",\"url\":\"https:\/\/www.eslebedasauto.at\/ein-hauch-von-hamilton\/\",\"name\":\"Ein Hauch von Hamilton - Es lebe das Auto\",\"isPartOf\":{\"@id\":\"https:\/\/www.eslebedasauto.at\/#website\"},\"primaryImageOfPage\":{\"@id\":\"https:\/\/www.eslebedasauto.at\/ein-hauch-von-hamilton\/#primaryimage\"},\"image\":{\"@id\":\"https:\/\/www.eslebedasauto.at\/ein-hauch-von-hamilton\/#primaryimage\"},\"thumbnailUrl\":\"https:\/\/www.eslebedasauto.at\/wp-content\/uploads\/2023\/01\/ampnet_photo_20230113_218809.jpg\",\"datePublished\":\"2023-01-16T15:15:41+00:00\",\"dateModified\":\"2023-01-16T15:15:42+00:00\",\"breadcrumb\":{\"@id\":\"https:\/\/www.eslebedasauto.at\/ein-hauch-von-hamilton\/#breadcrumb\"},\"inLanguage\":\"en-GB\",\"potentialAction\":[{\"@type\":\"ReadAction\",\"target\":[\"https:\/\/www.eslebedasauto.at\/ein-hauch-von-hamilton\/\"]}]},{\"@type\":\"ImageObject\",\"inLanguage\":\"en-GB\",\"@id\":\"https:\/\/www.eslebedasauto.at\/ein-hauch-von-hamilton\/#primaryimage\",\"url\":\"https:\/\/www.eslebedasauto.at\/wp-content\/uploads\/2023\/01\/ampnet_photo_20230113_218809.jpg\",\"contentUrl\":\"https:\/\/www.eslebedasauto.at\/wp-content\/uploads\/2023\/01\/ampnet_photo_20230113_218809.jpg\",\"width\":2478,\"height\":1516},{\"@type\":\"BreadcrumbList\",\"@id\":\"https:\/\/www.eslebedasauto.at\/ein-hauch-von-hamilton\/#breadcrumb\",\"itemListElement\":[{\"@type\":\"ListItem\",\"position\":1,\"name\":\"Startseite\",\"item\":\"https:\/\/www.eslebedasauto.at\/\"},{\"@type\":\"ListItem\",\"position\":2,\"name\":\"Ein Hauch von Hamilton\"}]},{\"@type\":\"WebSite\",\"@id\":\"https:\/\/www.eslebedasauto.at\/#website\",\"url\":\"https:\/\/www.eslebedasauto.at\/\",\"name\":\"Es lebe das Auto\",\"description\":\"ein Hoch auf den Individualverkehr\",\"publisher\":{\"@id\":\"https:\/\/www.eslebedasauto.at\/#organization\"},\"potentialAction\":[{\"@type\":\"SearchAction\",\"target\":{\"@type\":\"EntryPoint\",\"urlTemplate\":\"https:\/\/www.eslebedasauto.at\/?s={search_term_string}\"},\"query-input\":{\"@type\":\"PropertyValueSpecification\",\"valueRequired\":true,\"valueName\":\"search_term_string\"}}],\"inLanguage\":\"en-GB\"},{\"@type\":\"Organization\",\"@id\":\"https:\/\/www.eslebedasauto.at\/#organization\",\"name\":\"eslebedasauto\",\"url\":\"https:\/\/www.eslebedasauto.at\/\",\"logo\":{\"@type\":\"ImageObject\",\"inLanguage\":\"en-GB\",\"@id\":\"https:\/\/www.eslebedasauto.at\/#\/schema\/logo\/image\/\",\"url\":\"https:\/\/www.eslebedasauto.at\/wp-content\/uploads\/2025\/10\/eldarund.png\",\"contentUrl\":\"https:\/\/www.eslebedasauto.at\/wp-content\/uploads\/2025\/10\/eldarund.png\",\"width\":1024,\"height\":1024,\"caption\":\"eslebedasauto\"},\"image\":{\"@id\":\"https:\/\/www.eslebedasauto.at\/#\/schema\/logo\/image\/\"},\"sameAs\":[\"https:\/\/www.facebook.com\/eslebedasauto.at\",\"https:\/\/www.instagram.com\/es_lebe_das_auto\/\"]},{\"@type\":\"Person\",\"@id\":\"https:\/\/www.eslebedasauto.at\/#\/schema\/person\/fb81218b0bed500d225ff518f9f17033\",\"name\":\"gerhard\",\"url\":\"https:\/\/www.eslebedasauto.at\/en\/author\/gerhard\/\"}]}<\/script>\n<!-- \/ Yoast SEO plugin. -->","yoast_head_json":{"title":"Ein Hauch von Hamilton - Es lebe das Auto","robots":{"index":"index","follow":"follow","max-snippet":"max-snippet:-1","max-image-preview":"max-image-preview:large","max-video-preview":"max-video-preview:-1"},"canonical":"https:\/\/www.eslebedasauto.at\/en\/ein-hauch-von-hamilton\/","og_locale":"en_GB","og_type":"article","og_title":"Ein Hauch von Hamilton - Es lebe das Auto","og_description":"Mercedes launcht wieder einen echten Silberpfeil","og_url":"https:\/\/www.eslebedasauto.at\/en\/ein-hauch-von-hamilton\/","og_site_name":"Es lebe das Auto","article_publisher":"https:\/\/www.facebook.com\/eslebedasauto.at","article_published_time":"2023-01-16T15:15:41+00:00","article_modified_time":"2023-01-16T15:15:42+00:00","og_image":[{"width":1024,"height":626,"url":"https:\/\/www.eslebedasauto.at\/wp-content\/uploads\/2023\/01\/ampnet_photo_20230113_218809-1024x626.jpg","type":"image\/jpeg"}],"author":"gerhard","twitter_card":"summary_large_image","twitter_misc":{"Written by":"gerhard","Estimated reading time":"1 minute"},"schema":{"@context":"https:\/\/schema.org","@graph":[{"@type":"Article","@id":"https:\/\/www.eslebedasauto.at\/ein-hauch-von-hamilton\/#article","isPartOf":{"@id":"https:\/\/www.eslebedasauto.at\/ein-hauch-von-hamilton\/"},"author":{"name":"gerhard","@id":"https:\/\/www.eslebedasauto.at\/#\/schema\/person\/fb81218b0bed500d225ff518f9f17033"},"headline":"Ein Hauch von Hamilton","datePublished":"2023-01-16T15:15:41+00:00","dateModified":"2023-01-16T15:15:42+00:00","mainEntityOfPage":{"@id":"https:\/\/www.eslebedasauto.at\/ein-hauch-von-hamilton\/"},"wordCount":106,"commentCount":0,"publisher":{"@id":"https:\/\/www.eslebedasauto.at\/#organization"},"image":{"@id":"https:\/\/www.eslebedasauto.at\/ein-hauch-von-hamilton\/#primaryimage"},"thumbnailUrl":"https:\/\/www.eslebedasauto.at\/wp-content\/uploads\/2023\/01\/ampnet_photo_20230113_218809.jpg","articleSection":["Shortmotornews"],"inLanguage":"en-GB","potentialAction":[{"@type":"CommentAction","name":"Comment","target":["https:\/\/www.eslebedasauto.at\/ein-hauch-von-hamilton\/#respond"]}]},{"@type":"WebPage","@id":"https:\/\/www.eslebedasauto.at\/ein-hauch-von-hamilton\/","url":"https:\/\/www.eslebedasauto.at\/ein-hauch-von-hamilton\/","name":"Ein Hauch von Hamilton - Es lebe das Auto","isPartOf":{"@id":"https:\/\/www.eslebedasauto.at\/#website"},"primaryImageOfPage":{"@id":"https:\/\/www.eslebedasauto.at\/ein-hauch-von-hamilton\/#primaryimage"},"image":{"@id":"https:\/\/www.eslebedasauto.at\/ein-hauch-von-hamilton\/#primaryimage"},"thumbnailUrl":"https:\/\/www.eslebedasauto.at\/wp-content\/uploads\/2023\/01\/ampnet_photo_20230113_218809.jpg","datePublished":"2023-01-16T15:15:41+00:00","dateModified":"2023-01-16T15:15:42+00:00","breadcrumb":{"@id":"https:\/\/www.eslebedasauto.at\/ein-hauch-von-hamilton\/#breadcrumb"},"inLanguage":"en-GB","potentialAction":[{"@type":"ReadAction","target":["https:\/\/www.eslebedasauto.at\/ein-hauch-von-hamilton\/"]}]},{"@type":"ImageObject","inLanguage":"en-GB","@id":"https:\/\/www.eslebedasauto.at\/ein-hauch-von-hamilton\/#primaryimage","url":"https:\/\/www.eslebedasauto.at\/wp-content\/uploads\/2023\/01\/ampnet_photo_20230113_218809.jpg","contentUrl":"https:\/\/www.eslebedasauto.at\/wp-content\/uploads\/2023\/01\/ampnet_photo_20230113_218809.jpg","width":2478,"height":1516},{"@type":"BreadcrumbList","@id":"https:\/\/www.eslebedasauto.at\/ein-hauch-von-hamilton\/#breadcrumb","itemListElement":[{"@type":"ListItem","position":1,"name":"Startseite","item":"https:\/\/www.eslebedasauto.at\/"},{"@type":"ListItem","position":2,"name":"Ein Hauch von Hamilton"}]},{"@type":"WebSite","@id":"https:\/\/www.eslebedasauto.at\/#website","url":"https:\/\/www.eslebedasauto.at\/","name":"Es lebe das Auto","description":"ein Hoch auf den Individualverkehr","publisher":{"@id":"https:\/\/www.eslebedasauto.at\/#organization"},"potentialAction":[{"@type":"SearchAction","target":{"@type":"EntryPoint","urlTemplate":"https:\/\/www.eslebedasauto.at\/?s={search_term_string}"},"query-input":{"@type":"PropertyValueSpecification","valueRequired":true,"valueName":"search_term_string"}}],"inLanguage":"en-GB"},{"@type":"Organization","@id":"https:\/\/www.eslebedasauto.at\/#organization","name":"eslebedasauto","url":"https:\/\/www.eslebedasauto.at\/","logo":{"@type":"ImageObject","inLanguage":"en-GB","@id":"https:\/\/www.eslebedasauto.at\/#\/schema\/logo\/image\/","url":"https:\/\/www.eslebedasauto.at\/wp-content\/uploads\/2025\/10\/eldarund.png","contentUrl":"https:\/\/www.eslebedasauto.at\/wp-content\/uploads\/2025\/10\/eldarund.png","width":1024,"height":1024,"caption":"eslebedasauto"},"image":{"@id":"https:\/\/www.eslebedasauto.at\/#\/schema\/logo\/image\/"},"sameAs":["https:\/\/www.facebook.com\/eslebedasauto.at","https:\/\/www.instagram.com\/es_lebe_das_auto\/"]},{"@type":"Person","@id":"https:\/\/www.eslebedasauto.at\/#\/schema\/person\/fb81218b0bed500d225ff518f9f17033","name":"gerhard","url":"https:\/\/www.eslebedasauto.at\/en\/author\/gerhard\/"}]}},"_links":{"self":[{"href":"https:\/\/www.eslebedasauto.at\/en\/wp-json\/wp\/v2\/posts\/90812","targetHints":{"allow":["GET"]}}],"collection":[{"href":"https:\/\/www.eslebedasauto.at\/en\/wp-json\/wp\/v2\/posts"}],"about":[{"href":"https:\/\/www.eslebedasauto.at\/en\/wp-json\/wp\/v2\/types\/post"}],"author":[{"embeddable":true,"href":"https:\/\/www.eslebedasauto.at\/en\/wp-json\/wp\/v2\/users\/2"}],"replies":[{"embeddable":true,"href":"https:\/\/www.eslebedasauto.at\/en\/wp-json\/wp\/v2\/comments?post=90812"}],"version-history":[{"count":1,"href":"https:\/\/www.eslebedasauto.at\/en\/wp-json\/wp\/v2\/posts\/90812\/revisions"}],"predecessor-version":[{"id":90814,"href":"https:\/\/www.eslebedasauto.at\/en\/wp-json\/wp\/v2\/posts\/90812\/revisions\/90814"}],"wp:featuredmedia":[{"embeddable":true,"href":"https:\/\/www.eslebedasauto.at\/en\/wp-json\/wp\/v2\/media\/90813"}],"wp:attachment":[{"href":"https:\/\/www.eslebedasauto.at\/en\/wp-json\/wp\/v2\/media?parent=90812"}],"wp:term":[{"taxonomy":"category","embeddable":true,"href":"https:\/\/www.eslebedasauto.at\/en\/wp-json\/wp\/v2\/categories?post=90812"},{"taxonomy":"post_tag","embeddable":true,"href":"https:\/\/www.eslebedasauto.at\/en\/wp-json\/wp\/v2\/tags?post=90812"}],"curies":[{"name":"wp","href":"https:\/\/api.w.org\/{rel}","templated":true}]}}