{"id":90672,"date":"2024-03-18T09:01:01","date_gmt":"2024-03-18T08:01:01","guid":{"rendered":"https:\/\/www.eslebedasauto.at\/?p=90672"},"modified":"2024-03-18T09:01:01","modified_gmt":"2024-03-18T08:01:01","slug":"mini-countryman-se-untamed-test","status":"publish","type":"post","link":"https:\/\/www.eslebedasauto.at\/en\/mini-countryman-se-untamed-test\/","title":{"rendered":"Untamed &#8230;"},"content":{"rendered":"<h4 id=\"der-teilzeitstromer-ist-viel-mehr-ein-ziemlich-perfektes-familien-suv-mit-ausgepragtem-hang-zur-gaudi\" class=\"wp-block-heading\">Der Teilzeitstromer ist viel mehr ein ziemlich perfektes Familien-SUV mit ausgepr\u00e4gtem Hang zur Gaudi.<\/h4>\n\n\n\n<p>Seine technische Basis, den BMW X1 merkt man ihm definitiv an. Das ganze Auto f\u00fchlt sich \u00fcberhaupt irgendwie ziemlich bayrisch an &#8211; nat\u00fcrlich merkt man das nur, wenn man des \u00d6fteren mit BMW Produkten unterwegs ist. Ein Fehler ist es definitiv nicht.<\/p>\n\n\n\n<figure class=\"wp-block-image size-large\"><img fetchpriority=\"high\" decoding=\"async\" width=\"1024\" height=\"768\" src=\"https:\/\/www.eslebedasauto.at\/wp-content\/uploads\/2022\/12\/IMG_0886-1024x768.jpeg\" alt=\"\" class=\"wp-image-90667\" srcset=\"https:\/\/www.eslebedasauto.at\/wp-content\/uploads\/2022\/12\/IMG_0886-1024x768.jpeg 1024w, https:\/\/www.eslebedasauto.at\/wp-content\/uploads\/2022\/12\/IMG_0886-300x225.jpeg 300w, https:\/\/www.eslebedasauto.at\/wp-content\/uploads\/2022\/12\/IMG_0886-768x576.jpeg 768w, https:\/\/www.eslebedasauto.at\/wp-content\/uploads\/2022\/12\/IMG_0886-1536x1152.jpeg 1536w, https:\/\/www.eslebedasauto.at\/wp-content\/uploads\/2022\/12\/IMG_0886-800x600.jpeg 800w, https:\/\/www.eslebedasauto.at\/wp-content\/uploads\/2022\/12\/IMG_0886-1160x870.jpeg 1160w, https:\/\/www.eslebedasauto.at\/wp-content\/uploads\/2022\/12\/IMG_0886.jpeg 2048w\" sizes=\"(max-width: 1024px) 100vw, 1024px\" \/><\/figure>\n\n\n\n<p><strong>Als &#8222;Untamed Edition&#8220; ist der Mini Cooper SE ALL4 Countryman jedenfalls ein echter Hingucker. <\/strong><br>Die ganze Konfiguration kommt geschmackvoll und eigentlich so gar nicht &#8222;mainstreamig&#8220; r\u00fcber. Au\u00dfen trendy in &#8222;Momentum Grey&#8220; lackiert, innen mit in &#8222;Highland Green&#8220; gehaltenen Leder-Sportsitzen. Dazwischen so ziemlich alle Extras, die es bei Mini so anzuhaken gibt &#8211; einzig die Lenkradheizung haben wir vermisst. Daf\u00fcr findet man jede Menge &#8222;Untamed&#8220;-Schriftz\u00fcge innen wie au\u00dfen.<\/p>\n\n\n\n<figure class=\"wp-block-image size-large\"><img decoding=\"async\" width=\"1024\" height=\"768\" src=\"https:\/\/www.eslebedasauto.at\/wp-content\/uploads\/2022\/12\/IMG_0882-1024x768.jpeg\" alt=\"\" class=\"wp-image-90664\" srcset=\"https:\/\/www.eslebedasauto.at\/wp-content\/uploads\/2022\/12\/IMG_0882-1024x768.jpeg 1024w, https:\/\/www.eslebedasauto.at\/wp-content\/uploads\/2022\/12\/IMG_0882-300x225.jpeg 300w, https:\/\/www.eslebedasauto.at\/wp-content\/uploads\/2022\/12\/IMG_0882-768x576.jpeg 768w, https:\/\/www.eslebedasauto.at\/wp-content\/uploads\/2022\/12\/IMG_0882-1536x1152.jpeg 1536w, https:\/\/www.eslebedasauto.at\/wp-content\/uploads\/2022\/12\/IMG_0882-800x600.jpeg 800w, https:\/\/www.eslebedasauto.at\/wp-content\/uploads\/2022\/12\/IMG_0882-1160x870.jpeg 1160w, https:\/\/www.eslebedasauto.at\/wp-content\/uploads\/2022\/12\/IMG_0882.jpeg 2048w\" sizes=\"(max-width: 1024px) 100vw, 1024px\" \/><\/figure>\n\n\n\n<p><strong>Das Interieur-Layout ist typisch Mini<\/strong> &#8211; also mit dickem Infotainment-Bullauge mittig und cool entspiegelten Kombiinstrument hinter dem fetten Sportlenkrad &#8211; zarten Frauenh\u00e4nden wird der dick gepolsterte Kranz wahrscheinlich aber etwas zu \u00fcppig zum Umgreifen sein. Sehr gut auch der von BMW entlehnte iDrive-Controller zwischen den Sitzen.  Wenn wir uns was w\u00fcnschen d\u00fcrfen, dann bitte einen etwas zarteren Automatikhebel &#8211; dieser im Countryman ist schon arg prackig, wenngleich die 6-Gang-Automatik dahinter ihren Job ohne Fehl und Tadel macht.<\/p>\n\n\n\n<figure class=\"wp-block-image size-large\"><img decoding=\"async\" width=\"1024\" height=\"768\" src=\"https:\/\/www.eslebedasauto.at\/wp-content\/uploads\/2022\/12\/IMG_0881-1024x768.jpeg\" alt=\"\" class=\"wp-image-90663\" srcset=\"https:\/\/www.eslebedasauto.at\/wp-content\/uploads\/2022\/12\/IMG_0881-1024x768.jpeg 1024w, https:\/\/www.eslebedasauto.at\/wp-content\/uploads\/2022\/12\/IMG_0881-300x225.jpeg 300w, https:\/\/www.eslebedasauto.at\/wp-content\/uploads\/2022\/12\/IMG_0881-768x576.jpeg 768w, https:\/\/www.eslebedasauto.at\/wp-content\/uploads\/2022\/12\/IMG_0881-1536x1152.jpeg 1536w, https:\/\/www.eslebedasauto.at\/wp-content\/uploads\/2022\/12\/IMG_0881-800x600.jpeg 800w, https:\/\/www.eslebedasauto.at\/wp-content\/uploads\/2022\/12\/IMG_0881-1160x870.jpeg 1160w, https:\/\/www.eslebedasauto.at\/wp-content\/uploads\/2022\/12\/IMG_0881.jpeg 2048w\" sizes=\"(max-width: 1024px) 100vw, 1024px\" \/><\/figure>\n\n\n\n<p><strong>Umso cooler daf\u00fcr die Kipphebel im Retrostil. <\/strong>Daf\u00fcr lieben wir Mini. Gar nicht Mini ist das Platzangebot &#8211; sowohl vorne, wie auch hinten sitzt man sehr gut, es zwickt nirgends. Auch der Kofferraum hat ausreichend Volumen &#8211; unterm Ladeboden lassen sich die Ladekabeln sauber verstauen.<\/p>\n\n\n\n<figure class=\"wp-block-gallery has-nested-images columns-default is-cropped wp-block-gallery-1 is-layout-flex wp-block-gallery-is-layout-flex\">\n<figure class=\"wp-block-image size-large\"><img loading=\"lazy\" decoding=\"async\" width=\"1024\" height=\"768\" data-id=\"90668\" src=\"https:\/\/www.eslebedasauto.at\/wp-content\/uploads\/2022\/12\/IMG_0887-1024x768.jpeg\" alt=\"\" class=\"wp-image-90668\" srcset=\"https:\/\/www.eslebedasauto.at\/wp-content\/uploads\/2022\/12\/IMG_0887-1024x768.jpeg 1024w, https:\/\/www.eslebedasauto.at\/wp-content\/uploads\/2022\/12\/IMG_0887-300x225.jpeg 300w, https:\/\/www.eslebedasauto.at\/wp-content\/uploads\/2022\/12\/IMG_0887-768x576.jpeg 768w, https:\/\/www.eslebedasauto.at\/wp-content\/uploads\/2022\/12\/IMG_0887-1536x1152.jpeg 1536w, https:\/\/www.eslebedasauto.at\/wp-content\/uploads\/2022\/12\/IMG_0887-800x600.jpeg 800w, https:\/\/www.eslebedasauto.at\/wp-content\/uploads\/2022\/12\/IMG_0887-1160x870.jpeg 1160w, https:\/\/www.eslebedasauto.at\/wp-content\/uploads\/2022\/12\/IMG_0887.jpeg 2048w\" sizes=\"(max-width: 1024px) 100vw, 1024px\" \/><\/figure>\n\n\n\n<figure class=\"wp-block-image size-large\"><img loading=\"lazy\" decoding=\"async\" width=\"1024\" height=\"768\" data-id=\"90661\" src=\"https:\/\/www.eslebedasauto.at\/wp-content\/uploads\/2022\/12\/IMG_0879-1024x768.jpeg\" alt=\"\" class=\"wp-image-90661\" srcset=\"https:\/\/www.eslebedasauto.at\/wp-content\/uploads\/2022\/12\/IMG_0879-1024x768.jpeg 1024w, https:\/\/www.eslebedasauto.at\/wp-content\/uploads\/2022\/12\/IMG_0879-300x225.jpeg 300w, https:\/\/www.eslebedasauto.at\/wp-content\/uploads\/2022\/12\/IMG_0879-768x576.jpeg 768w, https:\/\/www.eslebedasauto.at\/wp-content\/uploads\/2022\/12\/IMG_0879-1536x1152.jpeg 1536w, https:\/\/www.eslebedasauto.at\/wp-content\/uploads\/2022\/12\/IMG_0879-800x600.jpeg 800w, https:\/\/www.eslebedasauto.at\/wp-content\/uploads\/2022\/12\/IMG_0879-1160x870.jpeg 1160w, https:\/\/www.eslebedasauto.at\/wp-content\/uploads\/2022\/12\/IMG_0879.jpeg 2048w\" sizes=\"(max-width: 1024px) 100vw, 1024px\" \/><\/figure>\n<\/figure>\n\n\n\n<p>Der Mini Cooper SE ALL4 Countryman bietet neben seinem Allradantrieb auch einen modernen Plug-in-Hybrid Antrieb mit einer Systemleistung von 220 PS. Damit l\u00e4sst er sich auch im Winter vortrefflich auf Eis und Schnee artgerecht bewegen. Das geschieht im Sport-Modus ausgesprochen druckvoll und spontan. <\/p>\n\n\n\n<figure class=\"wp-block-image size-large\"><img loading=\"lazy\" decoding=\"async\" width=\"1024\" height=\"768\" src=\"https:\/\/www.eslebedasauto.at\/wp-content\/uploads\/2022\/12\/IMG_0878-1024x768.jpeg\" alt=\"\" class=\"wp-image-90660\" srcset=\"https:\/\/www.eslebedasauto.at\/wp-content\/uploads\/2022\/12\/IMG_0878-1024x768.jpeg 1024w, https:\/\/www.eslebedasauto.at\/wp-content\/uploads\/2022\/12\/IMG_0878-300x225.jpeg 300w, https:\/\/www.eslebedasauto.at\/wp-content\/uploads\/2022\/12\/IMG_0878-768x576.jpeg 768w, https:\/\/www.eslebedasauto.at\/wp-content\/uploads\/2022\/12\/IMG_0878-1536x1152.jpeg 1536w, https:\/\/www.eslebedasauto.at\/wp-content\/uploads\/2022\/12\/IMG_0878-800x600.jpeg 800w, https:\/\/www.eslebedasauto.at\/wp-content\/uploads\/2022\/12\/IMG_0878-1160x870.jpeg 1160w, https:\/\/www.eslebedasauto.at\/wp-content\/uploads\/2022\/12\/IMG_0878.jpeg 2048w\" sizes=\"(max-width: 1024px) 100vw, 1024px\" \/><\/figure>\n\n\n\n<p>Die Elektrounterst\u00fctzung sorgt vor allem bei niedrigen Drehzahlen f\u00fcr saftige Power-Unterf\u00fctterung. Wer m\u00f6chte kann aber auch im E-Drive Modus emissionsfrei Land gewinnen &#8211; dies beschr\u00e4nkt sich aber auf die \u00fcblichen rund 40 bis 50 Kilometer &#8211; je nach Fahrweise und Witterung.<\/p>\n\n\n\n<figure class=\"wp-block-gallery has-nested-images columns-default is-cropped wp-block-gallery-2 is-layout-flex wp-block-gallery-is-layout-flex\">\n<figure class=\"wp-block-image size-large\"><img loading=\"lazy\" decoding=\"async\" width=\"1024\" height=\"768\" data-id=\"90659\" src=\"https:\/\/www.eslebedasauto.at\/wp-content\/uploads\/2022\/12\/IMG_0877-1024x768.jpeg\" alt=\"\" class=\"wp-image-90659\" srcset=\"https:\/\/www.eslebedasauto.at\/wp-content\/uploads\/2022\/12\/IMG_0877-1024x768.jpeg 1024w, https:\/\/www.eslebedasauto.at\/wp-content\/uploads\/2022\/12\/IMG_0877-300x225.jpeg 300w, https:\/\/www.eslebedasauto.at\/wp-content\/uploads\/2022\/12\/IMG_0877-768x576.jpeg 768w, https:\/\/www.eslebedasauto.at\/wp-content\/uploads\/2022\/12\/IMG_0877-1536x1152.jpeg 1536w, https:\/\/www.eslebedasauto.at\/wp-content\/uploads\/2022\/12\/IMG_0877-800x600.jpeg 800w, https:\/\/www.eslebedasauto.at\/wp-content\/uploads\/2022\/12\/IMG_0877-1160x870.jpeg 1160w, https:\/\/www.eslebedasauto.at\/wp-content\/uploads\/2022\/12\/IMG_0877.jpeg 2048w\" sizes=\"(max-width: 1024px) 100vw, 1024px\" \/><\/figure>\n\n\n\n<figure class=\"wp-block-image size-large\"><img loading=\"lazy\" decoding=\"async\" width=\"1024\" height=\"768\" data-id=\"90658\" src=\"https:\/\/www.eslebedasauto.at\/wp-content\/uploads\/2022\/12\/IMG_0876-1024x768.jpeg\" alt=\"\" class=\"wp-image-90658\" srcset=\"https:\/\/www.eslebedasauto.at\/wp-content\/uploads\/2022\/12\/IMG_0876-1024x768.jpeg 1024w, https:\/\/www.eslebedasauto.at\/wp-content\/uploads\/2022\/12\/IMG_0876-300x225.jpeg 300w, https:\/\/www.eslebedasauto.at\/wp-content\/uploads\/2022\/12\/IMG_0876-768x576.jpeg 768w, https:\/\/www.eslebedasauto.at\/wp-content\/uploads\/2022\/12\/IMG_0876-1536x1152.jpeg 1536w, https:\/\/www.eslebedasauto.at\/wp-content\/uploads\/2022\/12\/IMG_0876-800x600.jpeg 800w, https:\/\/www.eslebedasauto.at\/wp-content\/uploads\/2022\/12\/IMG_0876-1160x870.jpeg 1160w, https:\/\/www.eslebedasauto.at\/wp-content\/uploads\/2022\/12\/IMG_0876.jpeg 2048w\" sizes=\"(max-width: 1024px) 100vw, 1024px\" \/><\/figure>\n<\/figure>\n\n\n\n<p>Wie bei jedem Plug-in-Hybriden wird das regelm\u00e4\u00dfige Aufladen des Akkus mit tollen Durchschnittsverbr\u00e4uchen belohnt. Wer verkehrsg\u00fcnstig wohnt und den Mini \u00fcber Nacht immer wieder aufl\u00e4dt, wird wohl eher selten eine Tanks\u00e4ule ansteuern m\u00fcssen. Praktisch sind bei solchen t\u00e4glichen innerst\u00e4dtischen Fahrten auch Null-Nummern beim Verbrauch m\u00f6glich.<\/p>\n\n\n\n<figure class=\"wp-block-image size-large\"><img loading=\"lazy\" decoding=\"async\" width=\"768\" height=\"1024\" src=\"https:\/\/www.eslebedasauto.at\/wp-content\/uploads\/2022\/12\/IMG_0891-768x1024.jpeg\" alt=\"\" class=\"wp-image-90671\" srcset=\"https:\/\/www.eslebedasauto.at\/wp-content\/uploads\/2022\/12\/IMG_0891-768x1024.jpeg 768w, https:\/\/www.eslebedasauto.at\/wp-content\/uploads\/2022\/12\/IMG_0891-225x300.jpeg 225w, https:\/\/www.eslebedasauto.at\/wp-content\/uploads\/2022\/12\/IMG_0891-1152x1536.jpeg 1152w, https:\/\/www.eslebedasauto.at\/wp-content\/uploads\/2022\/12\/IMG_0891-800x1067.jpeg 800w, https:\/\/www.eslebedasauto.at\/wp-content\/uploads\/2022\/12\/IMG_0891-1160x1547.jpeg 1160w, https:\/\/www.eslebedasauto.at\/wp-content\/uploads\/2022\/12\/IMG_0891.jpeg 1536w\" sizes=\"(max-width: 768px) 100vw, 768px\" \/><figcaption class=\"wp-element-caption\">Regelm\u00e4\u00dfiges Aufladen des Akkus zahlt sich aus.<\/figcaption><\/figure>\n\n\n\n<p>Wer jedoch den Mini Cooper SE ALL4 Countryman auch hin und wieder mal so richtig fliegen l\u00e4sst, der muss sich auch nicht vor der Spritrechnung f\u00fcrchten, unser Testverbrauch von 6,5 Litern hat sich f\u00fcr ein derartig lustig zu fahrendes SUV sehr in Grenzen gehalten. <\/p>\n\n\n\n<figure class=\"wp-block-image size-large\"><img loading=\"lazy\" decoding=\"async\" width=\"1024\" height=\"768\" src=\"https:\/\/www.eslebedasauto.at\/wp-content\/uploads\/2022\/12\/IMG_0875-1024x768.jpeg\" alt=\"\" class=\"wp-image-90657\" srcset=\"https:\/\/www.eslebedasauto.at\/wp-content\/uploads\/2022\/12\/IMG_0875-1024x768.jpeg 1024w, https:\/\/www.eslebedasauto.at\/wp-content\/uploads\/2022\/12\/IMG_0875-300x225.jpeg 300w, https:\/\/www.eslebedasauto.at\/wp-content\/uploads\/2022\/12\/IMG_0875-768x576.jpeg 768w, https:\/\/www.eslebedasauto.at\/wp-content\/uploads\/2022\/12\/IMG_0875-1536x1152.jpeg 1536w, https:\/\/www.eslebedasauto.at\/wp-content\/uploads\/2022\/12\/IMG_0875-800x600.jpeg 800w, https:\/\/www.eslebedasauto.at\/wp-content\/uploads\/2022\/12\/IMG_0875-1160x870.jpeg 1160w, https:\/\/www.eslebedasauto.at\/wp-content\/uploads\/2022\/12\/IMG_0875.jpeg 2048w\" sizes=\"(max-width: 1024px) 100vw, 1024px\" \/><figcaption class=\"wp-element-caption\">Schneefahrbahn? No problem! Der Allradantrieb f\u00f6rdert zudem den Spa\u00df enorm.<\/figcaption><\/figure>\n\n\n\n<p>Spa\u00df macht der Countryman SE ALL4 n\u00e4mlich nicht nur wegen seiner Motorisierung, es ist die komplette fahrdynamische Auslegung &#8211; von der feinf\u00fchligen direkten Lenkung, \u00fcber das kurvenfreudige (aber dennoch komfortable) Fahrwerk bis hin zur bissfesten Bremsanlage, welche auch aus diesem Countryman einen echten Mini Cooper macht.<\/p>\n\n\n\n<figure class=\"wp-block-image size-large\"><img loading=\"lazy\" decoding=\"async\" width=\"1024\" height=\"768\" src=\"https:\/\/www.eslebedasauto.at\/wp-content\/uploads\/2022\/12\/IMG_0883-1024x768.jpeg\" alt=\"\" class=\"wp-image-90665\" srcset=\"https:\/\/www.eslebedasauto.at\/wp-content\/uploads\/2022\/12\/IMG_0883-1024x768.jpeg 1024w, https:\/\/www.eslebedasauto.at\/wp-content\/uploads\/2022\/12\/IMG_0883-300x225.jpeg 300w, https:\/\/www.eslebedasauto.at\/wp-content\/uploads\/2022\/12\/IMG_0883-768x576.jpeg 768w, https:\/\/www.eslebedasauto.at\/wp-content\/uploads\/2022\/12\/IMG_0883-1536x1152.jpeg 1536w, https:\/\/www.eslebedasauto.at\/wp-content\/uploads\/2022\/12\/IMG_0883-800x600.jpeg 800w, https:\/\/www.eslebedasauto.at\/wp-content\/uploads\/2022\/12\/IMG_0883-1160x870.jpeg 1160w, https:\/\/www.eslebedasauto.at\/wp-content\/uploads\/2022\/12\/IMG_0883.jpeg 2048w\" sizes=\"(max-width: 1024px) 100vw, 1024px\" \/><figcaption class=\"wp-element-caption\">Mini verzichtet auf ausufernde Reifengr\u00f6\u00dfen &#8211; die 18 Zoll gro\u00dfen JCW-R\u00e4der sorgen f\u00fcr ein harmonisches Abrollverhalten und sehen trotzdem toll aus.<\/figcaption><\/figure>\n\n\n\n<h4 id=\"fazit\" class=\"wp-block-heading\">Fazit<\/h4>\n\n\n\n<p>Der Mini Cooper SE ALL4 Countryman Untamed Edition vereint die bekannten Mini-Werte, wie Fahrdynamik und knuffiges Design mit toller Plug-in-Hybrid Technik sowie ordentlicher BMW Qualit\u00e4t und eine tolle geschmackvolle Ausstattung. Leider hat auch seine Preisgestaltung BMW-Niveau erreicht &#8211; der Testwagen kostet satte 55.000 Euro. (Basispreis MINI Cooper SE ALL4 Countryman EUR 39.950)<\/p>\n\n\n\n<figure class=\"wp-block-image size-large\"><img loading=\"lazy\" decoding=\"async\" width=\"1024\" height=\"768\" src=\"https:\/\/www.eslebedasauto.at\/wp-content\/uploads\/2022\/12\/IMG_0870-1024x768.jpeg\" alt=\"\" class=\"wp-image-90654\" srcset=\"https:\/\/www.eslebedasauto.at\/wp-content\/uploads\/2022\/12\/IMG_0870-1024x768.jpeg 1024w, https:\/\/www.eslebedasauto.at\/wp-content\/uploads\/2022\/12\/IMG_0870-300x225.jpeg 300w, https:\/\/www.eslebedasauto.at\/wp-content\/uploads\/2022\/12\/IMG_0870-768x576.jpeg 768w, https:\/\/www.eslebedasauto.at\/wp-content\/uploads\/2022\/12\/IMG_0870-1536x1152.jpeg 1536w, https:\/\/www.eslebedasauto.at\/wp-content\/uploads\/2022\/12\/IMG_0870-800x600.jpeg 800w, https:\/\/www.eslebedasauto.at\/wp-content\/uploads\/2022\/12\/IMG_0870-1160x870.jpeg 1160w, https:\/\/www.eslebedasauto.at\/wp-content\/uploads\/2022\/12\/IMG_0870.jpeg 2048w\" sizes=\"(max-width: 1024px) 100vw, 1024px\" \/><figcaption class=\"wp-element-caption\">Die R\u00fcckleuchten im Union Jack-Style sind schon sehr cool.<\/figcaption><\/figure>","protected":false},"excerpt":{"rendered":"<p>\u2026 also \u201cungez\u00e4hmt\u201d klingt wilder, als der Mini Cooper SE ALL4 Countryman mit diesem Namenszusatz eigentlich ist.<\/p>","protected":false},"author":2,"featured_media":90666,"comment_status":"open","ping_status":"open","sticky":false,"template":"","format":"standard","meta":{"neve_meta_sidebar":"","neve_meta_container":"","neve_meta_enable_content_width":"","neve_meta_content_width":0,"neve_meta_title_alignment":"","neve_meta_author_avatar":"","neve_post_elements_order":"","neve_meta_disable_header":"","neve_meta_disable_footer":"","neve_meta_disable_title":"","neve_meta_reading_time":"","footnotes":""},"categories":[335,12],"tags":[],"class_list":["post-90672","post","type-post","status-publish","format-standard","has-post-thumbnail","hentry","category-fahrberichte","category-hybrid"],"yoast_head":"<!-- This site is optimized with the Yoast SEO plugin v26.8 - https:\/\/yoast.com\/product\/yoast-seo-wordpress\/ -->\n<title>Untamed ... - Es lebe das Auto<\/title>\n<meta name=\"description\" content=\"\u2026 also \u201cungez\u00e4hmt\u201d klingt wilder, als der Mini Cooper SE ALL4 Countryman mit diesem Namenszusatz eigentlich ist.\" \/>\n<meta name=\"robots\" content=\"index, follow, max-snippet:-1, max-image-preview:large, max-video-preview:-1\" \/>\n<link rel=\"canonical\" href=\"https:\/\/www.eslebedasauto.at\/en\/mini-countryman-se-untamed-test\/\" \/>\n<meta property=\"og:locale\" content=\"en_GB\" \/>\n<meta property=\"og:type\" content=\"article\" \/>\n<meta property=\"og:title\" content=\"Untamed ... - Es lebe das Auto\" \/>\n<meta property=\"og:description\" content=\"\u2026 also \u201cungez\u00e4hmt\u201d klingt wilder, als der Mini Cooper SE ALL4 Countryman mit diesem Namenszusatz eigentlich ist.\" \/>\n<meta property=\"og:url\" content=\"https:\/\/www.eslebedasauto.at\/en\/mini-countryman-se-untamed-test\/\" \/>\n<meta property=\"og:site_name\" content=\"Es lebe das Auto\" \/>\n<meta property=\"article:publisher\" content=\"https:\/\/www.facebook.com\/eslebedasauto.at\" \/>\n<meta property=\"article:published_time\" content=\"2024-03-18T08:01:01+00:00\" \/>\n<meta property=\"og:image\" content=\"https:\/\/www.eslebedasauto.at\/wp-content\/uploads\/2022\/12\/IMG_0884.jpeg\" \/>\n\t<meta property=\"og:image:width\" content=\"2048\" \/>\n\t<meta property=\"og:image:height\" content=\"1536\" \/>\n\t<meta property=\"og:image:type\" content=\"image\/jpeg\" \/>\n<meta name=\"author\" content=\"gerhard\" \/>\n<meta name=\"twitter:card\" content=\"summary_large_image\" \/>\n<meta name=\"twitter:label1\" content=\"Written by\" \/>\n\t<meta name=\"twitter:data1\" content=\"gerhard\" \/>\n\t<meta name=\"twitter:label2\" content=\"Estimated reading time\" \/>\n\t<meta name=\"twitter:data2\" content=\"6 minutes\" \/>\n<script type=\"application\/ld+json\" class=\"yoast-schema-graph\">{\"@context\":\"https:\/\/schema.org\",\"@graph\":[{\"@type\":\"Article\",\"@id\":\"https:\/\/www.eslebedasauto.at\/mini-countryman-se-untamed-test\/#article\",\"isPartOf\":{\"@id\":\"https:\/\/www.eslebedasauto.at\/mini-countryman-se-untamed-test\/\"},\"author\":{\"name\":\"gerhard\",\"@id\":\"https:\/\/www.eslebedasauto.at\/#\/schema\/person\/fb81218b0bed500d225ff518f9f17033\"},\"headline\":\"Untamed &#8230;\",\"datePublished\":\"2024-03-18T08:01:01+00:00\",\"mainEntityOfPage\":{\"@id\":\"https:\/\/www.eslebedasauto.at\/mini-countryman-se-untamed-test\/\"},\"wordCount\":600,\"commentCount\":0,\"publisher\":{\"@id\":\"https:\/\/www.eslebedasauto.at\/#organization\"},\"image\":{\"@id\":\"https:\/\/www.eslebedasauto.at\/mini-countryman-se-untamed-test\/#primaryimage\"},\"thumbnailUrl\":\"https:\/\/www.eslebedasauto.at\/wp-content\/uploads\/2022\/12\/IMG_0884.jpeg\",\"articleSection\":[\"Fahrberichte\",\"Hybrid\"],\"inLanguage\":\"en-GB\",\"potentialAction\":[{\"@type\":\"CommentAction\",\"name\":\"Comment\",\"target\":[\"https:\/\/www.eslebedasauto.at\/mini-countryman-se-untamed-test\/#respond\"]}]},{\"@type\":\"WebPage\",\"@id\":\"https:\/\/www.eslebedasauto.at\/mini-countryman-se-untamed-test\/\",\"url\":\"https:\/\/www.eslebedasauto.at\/mini-countryman-se-untamed-test\/\",\"name\":\"Untamed ... - Es lebe das Auto\",\"isPartOf\":{\"@id\":\"https:\/\/www.eslebedasauto.at\/#website\"},\"primaryImageOfPage\":{\"@id\":\"https:\/\/www.eslebedasauto.at\/mini-countryman-se-untamed-test\/#primaryimage\"},\"image\":{\"@id\":\"https:\/\/www.eslebedasauto.at\/mini-countryman-se-untamed-test\/#primaryimage\"},\"thumbnailUrl\":\"https:\/\/www.eslebedasauto.at\/wp-content\/uploads\/2022\/12\/IMG_0884.jpeg\",\"datePublished\":\"2024-03-18T08:01:01+00:00\",\"description\":\"\u2026 also \u201cungez\u00e4hmt\u201d klingt wilder, als der Mini Cooper SE ALL4 Countryman mit diesem Namenszusatz eigentlich ist.\",\"breadcrumb\":{\"@id\":\"https:\/\/www.eslebedasauto.at\/mini-countryman-se-untamed-test\/#breadcrumb\"},\"inLanguage\":\"en-GB\",\"potentialAction\":[{\"@type\":\"ReadAction\",\"target\":[\"https:\/\/www.eslebedasauto.at\/mini-countryman-se-untamed-test\/\"]}]},{\"@type\":\"ImageObject\",\"inLanguage\":\"en-GB\",\"@id\":\"https:\/\/www.eslebedasauto.at\/mini-countryman-se-untamed-test\/#primaryimage\",\"url\":\"https:\/\/www.eslebedasauto.at\/wp-content\/uploads\/2022\/12\/IMG_0884.jpeg\",\"contentUrl\":\"https:\/\/www.eslebedasauto.at\/wp-content\/uploads\/2022\/12\/IMG_0884.jpeg\",\"width\":2048,\"height\":1536},{\"@type\":\"BreadcrumbList\",\"@id\":\"https:\/\/www.eslebedasauto.at\/mini-countryman-se-untamed-test\/#breadcrumb\",\"itemListElement\":[{\"@type\":\"ListItem\",\"position\":1,\"name\":\"Startseite\",\"item\":\"https:\/\/www.eslebedasauto.at\/\"},{\"@type\":\"ListItem\",\"position\":2,\"name\":\"Untamed &#8230;\"}]},{\"@type\":\"WebSite\",\"@id\":\"https:\/\/www.eslebedasauto.at\/#website\",\"url\":\"https:\/\/www.eslebedasauto.at\/\",\"name\":\"Es lebe das Auto\",\"description\":\"ein Hoch auf den Individualverkehr\",\"publisher\":{\"@id\":\"https:\/\/www.eslebedasauto.at\/#organization\"},\"potentialAction\":[{\"@type\":\"SearchAction\",\"target\":{\"@type\":\"EntryPoint\",\"urlTemplate\":\"https:\/\/www.eslebedasauto.at\/?s={search_term_string}\"},\"query-input\":{\"@type\":\"PropertyValueSpecification\",\"valueRequired\":true,\"valueName\":\"search_term_string\"}}],\"inLanguage\":\"en-GB\"},{\"@type\":\"Organization\",\"@id\":\"https:\/\/www.eslebedasauto.at\/#organization\",\"name\":\"eslebedasauto\",\"url\":\"https:\/\/www.eslebedasauto.at\/\",\"logo\":{\"@type\":\"ImageObject\",\"inLanguage\":\"en-GB\",\"@id\":\"https:\/\/www.eslebedasauto.at\/#\/schema\/logo\/image\/\",\"url\":\"https:\/\/www.eslebedasauto.at\/wp-content\/uploads\/2025\/10\/eldarund.png\",\"contentUrl\":\"https:\/\/www.eslebedasauto.at\/wp-content\/uploads\/2025\/10\/eldarund.png\",\"width\":1024,\"height\":1024,\"caption\":\"eslebedasauto\"},\"image\":{\"@id\":\"https:\/\/www.eslebedasauto.at\/#\/schema\/logo\/image\/\"},\"sameAs\":[\"https:\/\/www.facebook.com\/eslebedasauto.at\",\"https:\/\/www.instagram.com\/es_lebe_das_auto\/\"]},{\"@type\":\"Person\",\"@id\":\"https:\/\/www.eslebedasauto.at\/#\/schema\/person\/fb81218b0bed500d225ff518f9f17033\",\"name\":\"gerhard\",\"url\":\"https:\/\/www.eslebedasauto.at\/en\/author\/gerhard\/\"}]}<\/script>\n<!-- \/ Yoast SEO plugin. -->","yoast_head_json":{"title":"Untamed ... - Es lebe das Auto","description":"\u2026 also \u201cungez\u00e4hmt\u201d klingt wilder, als der Mini Cooper SE ALL4 Countryman mit diesem Namenszusatz eigentlich ist.","robots":{"index":"index","follow":"follow","max-snippet":"max-snippet:-1","max-image-preview":"max-image-preview:large","max-video-preview":"max-video-preview:-1"},"canonical":"https:\/\/www.eslebedasauto.at\/en\/mini-countryman-se-untamed-test\/","og_locale":"en_GB","og_type":"article","og_title":"Untamed ... - Es lebe das Auto","og_description":"\u2026 also \u201cungez\u00e4hmt\u201d klingt wilder, als der Mini Cooper SE ALL4 Countryman mit diesem Namenszusatz eigentlich ist.","og_url":"https:\/\/www.eslebedasauto.at\/en\/mini-countryman-se-untamed-test\/","og_site_name":"Es lebe das Auto","article_publisher":"https:\/\/www.facebook.com\/eslebedasauto.at","article_published_time":"2024-03-18T08:01:01+00:00","og_image":[{"width":2048,"height":1536,"url":"https:\/\/www.eslebedasauto.at\/wp-content\/uploads\/2022\/12\/IMG_0884.jpeg","type":"image\/jpeg"}],"author":"gerhard","twitter_card":"summary_large_image","twitter_misc":{"Written by":"gerhard","Estimated reading time":"6 minutes"},"schema":{"@context":"https:\/\/schema.org","@graph":[{"@type":"Article","@id":"https:\/\/www.eslebedasauto.at\/mini-countryman-se-untamed-test\/#article","isPartOf":{"@id":"https:\/\/www.eslebedasauto.at\/mini-countryman-se-untamed-test\/"},"author":{"name":"gerhard","@id":"https:\/\/www.eslebedasauto.at\/#\/schema\/person\/fb81218b0bed500d225ff518f9f17033"},"headline":"Untamed &#8230;","datePublished":"2024-03-18T08:01:01+00:00","mainEntityOfPage":{"@id":"https:\/\/www.eslebedasauto.at\/mini-countryman-se-untamed-test\/"},"wordCount":600,"commentCount":0,"publisher":{"@id":"https:\/\/www.eslebedasauto.at\/#organization"},"image":{"@id":"https:\/\/www.eslebedasauto.at\/mini-countryman-se-untamed-test\/#primaryimage"},"thumbnailUrl":"https:\/\/www.eslebedasauto.at\/wp-content\/uploads\/2022\/12\/IMG_0884.jpeg","articleSection":["Fahrberichte","Hybrid"],"inLanguage":"en-GB","potentialAction":[{"@type":"CommentAction","name":"Comment","target":["https:\/\/www.eslebedasauto.at\/mini-countryman-se-untamed-test\/#respond"]}]},{"@type":"WebPage","@id":"https:\/\/www.eslebedasauto.at\/mini-countryman-se-untamed-test\/","url":"https:\/\/www.eslebedasauto.at\/mini-countryman-se-untamed-test\/","name":"Untamed ... - Es lebe das Auto","isPartOf":{"@id":"https:\/\/www.eslebedasauto.at\/#website"},"primaryImageOfPage":{"@id":"https:\/\/www.eslebedasauto.at\/mini-countryman-se-untamed-test\/#primaryimage"},"image":{"@id":"https:\/\/www.eslebedasauto.at\/mini-countryman-se-untamed-test\/#primaryimage"},"thumbnailUrl":"https:\/\/www.eslebedasauto.at\/wp-content\/uploads\/2022\/12\/IMG_0884.jpeg","datePublished":"2024-03-18T08:01:01+00:00","description":"\u2026 also \u201cungez\u00e4hmt\u201d klingt wilder, als der Mini Cooper SE ALL4 Countryman mit diesem Namenszusatz eigentlich ist.","breadcrumb":{"@id":"https:\/\/www.eslebedasauto.at\/mini-countryman-se-untamed-test\/#breadcrumb"},"inLanguage":"en-GB","potentialAction":[{"@type":"ReadAction","target":["https:\/\/www.eslebedasauto.at\/mini-countryman-se-untamed-test\/"]}]},{"@type":"ImageObject","inLanguage":"en-GB","@id":"https:\/\/www.eslebedasauto.at\/mini-countryman-se-untamed-test\/#primaryimage","url":"https:\/\/www.eslebedasauto.at\/wp-content\/uploads\/2022\/12\/IMG_0884.jpeg","contentUrl":"https:\/\/www.eslebedasauto.at\/wp-content\/uploads\/2022\/12\/IMG_0884.jpeg","width":2048,"height":1536},{"@type":"BreadcrumbList","@id":"https:\/\/www.eslebedasauto.at\/mini-countryman-se-untamed-test\/#breadcrumb","itemListElement":[{"@type":"ListItem","position":1,"name":"Startseite","item":"https:\/\/www.eslebedasauto.at\/"},{"@type":"ListItem","position":2,"name":"Untamed &#8230;"}]},{"@type":"WebSite","@id":"https:\/\/www.eslebedasauto.at\/#website","url":"https:\/\/www.eslebedasauto.at\/","name":"Es lebe das Auto","description":"ein Hoch auf den Individualverkehr","publisher":{"@id":"https:\/\/www.eslebedasauto.at\/#organization"},"potentialAction":[{"@type":"SearchAction","target":{"@type":"EntryPoint","urlTemplate":"https:\/\/www.eslebedasauto.at\/?s={search_term_string}"},"query-input":{"@type":"PropertyValueSpecification","valueRequired":true,"valueName":"search_term_string"}}],"inLanguage":"en-GB"},{"@type":"Organization","@id":"https:\/\/www.eslebedasauto.at\/#organization","name":"eslebedasauto","url":"https:\/\/www.eslebedasauto.at\/","logo":{"@type":"ImageObject","inLanguage":"en-GB","@id":"https:\/\/www.eslebedasauto.at\/#\/schema\/logo\/image\/","url":"https:\/\/www.eslebedasauto.at\/wp-content\/uploads\/2025\/10\/eldarund.png","contentUrl":"https:\/\/www.eslebedasauto.at\/wp-content\/uploads\/2025\/10\/eldarund.png","width":1024,"height":1024,"caption":"eslebedasauto"},"image":{"@id":"https:\/\/www.eslebedasauto.at\/#\/schema\/logo\/image\/"},"sameAs":["https:\/\/www.facebook.com\/eslebedasauto.at","https:\/\/www.instagram.com\/es_lebe_das_auto\/"]},{"@type":"Person","@id":"https:\/\/www.eslebedasauto.at\/#\/schema\/person\/fb81218b0bed500d225ff518f9f17033","name":"gerhard","url":"https:\/\/www.eslebedasauto.at\/en\/author\/gerhard\/"}]}},"_links":{"self":[{"href":"https:\/\/www.eslebedasauto.at\/en\/wp-json\/wp\/v2\/posts\/90672","targetHints":{"allow":["GET"]}}],"collection":[{"href":"https:\/\/www.eslebedasauto.at\/en\/wp-json\/wp\/v2\/posts"}],"about":[{"href":"https:\/\/www.eslebedasauto.at\/en\/wp-json\/wp\/v2\/types\/post"}],"author":[{"embeddable":true,"href":"https:\/\/www.eslebedasauto.at\/en\/wp-json\/wp\/v2\/users\/2"}],"replies":[{"embeddable":true,"href":"https:\/\/www.eslebedasauto.at\/en\/wp-json\/wp\/v2\/comments?post=90672"}],"version-history":[{"count":8,"href":"https:\/\/www.eslebedasauto.at\/en\/wp-json\/wp\/v2\/posts\/90672\/revisions"}],"predecessor-version":[{"id":90683,"href":"https:\/\/www.eslebedasauto.at\/en\/wp-json\/wp\/v2\/posts\/90672\/revisions\/90683"}],"wp:featuredmedia":[{"embeddable":true,"href":"https:\/\/www.eslebedasauto.at\/en\/wp-json\/wp\/v2\/media\/90666"}],"wp:attachment":[{"href":"https:\/\/www.eslebedasauto.at\/en\/wp-json\/wp\/v2\/media?parent=90672"}],"wp:term":[{"taxonomy":"category","embeddable":true,"href":"https:\/\/www.eslebedasauto.at\/en\/wp-json\/wp\/v2\/categories?post=90672"},{"taxonomy":"post_tag","embeddable":true,"href":"https:\/\/www.eslebedasauto.at\/en\/wp-json\/wp\/v2\/tags?post=90672"}],"curies":[{"name":"wp","href":"https:\/\/api.w.org\/{rel}","templated":true}]}}