{"id":90635,"date":"2022-12-26T13:46:06","date_gmt":"2022-12-26T12:46:06","guid":{"rendered":"https:\/\/www.eslebedasauto.at\/?p=90635"},"modified":"2022-12-26T13:52:34","modified_gmt":"2022-12-26T12:52:34","slug":"cupra-formentor-vz5-taiga-grey-test","status":"publish","type":"post","link":"https:\/\/www.eslebedasauto.at\/en\/cupra-formentor-vz5-taiga-grey-test\/","title":{"rendered":"Nachhaltig b\u00f6se"},"content":{"rendered":"<h4 id=\"es-gibt-sie-noch-diese-vollig-durchgeknallten-durch-und-durch-unkorrekten-aus-dieser-politisch-korrekten-zeit-heraus-gefallenen-autos-vom-schlage-eines-cupra-formentor-vz5-und-wir-lieben-sie\" class=\"wp-block-heading\">Es gibt sie noch , diese v\u00f6llig durchgeknallten, durch und durch unkorrekten aus dieser politisch-korrekten Zeit heraus gefallenen Autos vom Schlage eines Cupra Formentor VZ5. Und wir lieben sie.<\/h4>\n\n\n\n<p>Das Leben ist voller Widerspr\u00fcche, das gilt Gott sei Dank auch die Strategen des VW-Konzerns, die sich der Zukunft der Mobilit\u00e4t verschrieben haben. Laut Werkssprech ist diese elektrisch, doch irgendwie scheint es schwierig, die &#8222;gute alte Zeit&#8220; so schnell totzuschlagen &#8211; immer wieder schiebt sich eine Art Spieltrieb in den Vordergrund. Frei nach dem Motto \u201eein bissl Spa\u00df darf sein\u201c, entstehen Modelle, die zu diesem Aufbruch in eine nachhaltige Mobilit\u00e4t einfach nicht passen wollen. <\/p>\n\n\n\n<figure class=\"wp-block-image size-large\"><img fetchpriority=\"high\" decoding=\"async\" width=\"1024\" height=\"768\" src=\"https:\/\/www.eslebedasauto.at\/wp-content\/uploads\/2022\/12\/IMG_0701-1024x768.jpeg\" alt=\"\" class=\"wp-image-90596\" srcset=\"https:\/\/www.eslebedasauto.at\/wp-content\/uploads\/2022\/12\/IMG_0701-1024x768.jpeg 1024w, https:\/\/www.eslebedasauto.at\/wp-content\/uploads\/2022\/12\/IMG_0701-300x225.jpeg 300w, https:\/\/www.eslebedasauto.at\/wp-content\/uploads\/2022\/12\/IMG_0701-768x576.jpeg 768w, https:\/\/www.eslebedasauto.at\/wp-content\/uploads\/2022\/12\/IMG_0701-1536x1152.jpeg 1536w, https:\/\/www.eslebedasauto.at\/wp-content\/uploads\/2022\/12\/IMG_0701-800x600.jpeg 800w, https:\/\/www.eslebedasauto.at\/wp-content\/uploads\/2022\/12\/IMG_0701-1160x870.jpeg 1160w, https:\/\/www.eslebedasauto.at\/wp-content\/uploads\/2022\/12\/IMG_0701.jpeg 2048w\" sizes=\"(max-width: 1024px) 100vw, 1024px\" \/><\/figure>\n\n\n\n<p>Genau so dachten wohl die spanischen Techniker &#8211; die Strategen waren dann auch schnell \u00fcberzeugt und das Ergebnis, der Formentor\u00a0VZ5 steht jetzt in einer auf 7000 Exemplare begrenzten Auflage auf der Stra\u00dfe. Und das ganz ohne Stecker. Yipieeeiyeeeh Schweinebacke!<\/p>\n\n\n\n<figure class=\"wp-block-image size-large\"><img decoding=\"async\" width=\"1024\" height=\"768\" src=\"https:\/\/www.eslebedasauto.at\/wp-content\/uploads\/2022\/12\/IMG_0710-1024x768.jpeg\" alt=\"\" class=\"wp-image-90602\" srcset=\"https:\/\/www.eslebedasauto.at\/wp-content\/uploads\/2022\/12\/IMG_0710-1024x768.jpeg 1024w, https:\/\/www.eslebedasauto.at\/wp-content\/uploads\/2022\/12\/IMG_0710-300x225.jpeg 300w, https:\/\/www.eslebedasauto.at\/wp-content\/uploads\/2022\/12\/IMG_0710-768x576.jpeg 768w, https:\/\/www.eslebedasauto.at\/wp-content\/uploads\/2022\/12\/IMG_0710-1536x1152.jpeg 1536w, https:\/\/www.eslebedasauto.at\/wp-content\/uploads\/2022\/12\/IMG_0710-800x600.jpeg 800w, https:\/\/www.eslebedasauto.at\/wp-content\/uploads\/2022\/12\/IMG_0710-1160x870.jpeg 1160w, https:\/\/www.eslebedasauto.at\/wp-content\/uploads\/2022\/12\/IMG_0710.jpeg 2048w\" sizes=\"(max-width: 1024px) 100vw, 1024px\" \/><\/figure>\n\n\n\n<p>Die F\u00fcnf im Namen zeigt die Zahl der Zylinder an. Kenner denken dabei gleich an Audi und liegen absolut richtig. Audis Paradesportmotor, der 2,5 Liter gro\u00dfe F\u00fcnfzylinder hat es also in den Cupra Formentor geschafft. Hier leistet er 390 PS, sorgt f\u00fcr 250 km\/h abgeregelte H\u00f6chstgeschwindigkeit und eine Beschleunigung von 4,2 Sekunden auf Hundert. H\u00f6rt sich unvern\u00fcnftig an &#8211; ist es auch &#8211; und so soll es sein &#8211; Halleluja!<\/p>\n\n\n\n<figure class=\"wp-block-image size-large\"><img decoding=\"async\" width=\"1024\" height=\"768\" src=\"https:\/\/www.eslebedasauto.at\/wp-content\/uploads\/2022\/12\/IMG_0703-1024x768.jpeg\" alt=\"\" class=\"wp-image-90598\" srcset=\"https:\/\/www.eslebedasauto.at\/wp-content\/uploads\/2022\/12\/IMG_0703-1024x768.jpeg 1024w, https:\/\/www.eslebedasauto.at\/wp-content\/uploads\/2022\/12\/IMG_0703-300x225.jpeg 300w, https:\/\/www.eslebedasauto.at\/wp-content\/uploads\/2022\/12\/IMG_0703-768x576.jpeg 768w, https:\/\/www.eslebedasauto.at\/wp-content\/uploads\/2022\/12\/IMG_0703-1536x1152.jpeg 1536w, https:\/\/www.eslebedasauto.at\/wp-content\/uploads\/2022\/12\/IMG_0703-800x600.jpeg 800w, https:\/\/www.eslebedasauto.at\/wp-content\/uploads\/2022\/12\/IMG_0703-1160x870.jpeg 1160w, https:\/\/www.eslebedasauto.at\/wp-content\/uploads\/2022\/12\/IMG_0703.jpeg 2048w\" sizes=\"(max-width: 1024px) 100vw, 1024px\" \/><\/figure>\n\n\n\n<p>Als Fahrer sitz man auf eng geschnittenen Sportsitzen und \u00fcber die pr\u00e4gnante Cupra-Taste am Lenkrad w\u00e4hlt man aus den Fahrprogrammen Comfort, Sport, Cupra, Drift (f\u00fcr abgesperrte Strecken), Individual und Offroad. Es sollte also f\u00fcr jeden Fahrspa\u00df die passende Einstellung vorhanden sein.<\/p>\n\n\n\n<figure class=\"wp-block-image size-large\"><img loading=\"lazy\" decoding=\"async\" width=\"1024\" height=\"768\" src=\"https:\/\/www.eslebedasauto.at\/wp-content\/uploads\/2022\/12\/IMG_0694-1024x768.jpeg\" alt=\"\" class=\"wp-image-90590\" srcset=\"https:\/\/www.eslebedasauto.at\/wp-content\/uploads\/2022\/12\/IMG_0694-1024x768.jpeg 1024w, https:\/\/www.eslebedasauto.at\/wp-content\/uploads\/2022\/12\/IMG_0694-300x225.jpeg 300w, https:\/\/www.eslebedasauto.at\/wp-content\/uploads\/2022\/12\/IMG_0694-768x576.jpeg 768w, https:\/\/www.eslebedasauto.at\/wp-content\/uploads\/2022\/12\/IMG_0694-1536x1152.jpeg 1536w, https:\/\/www.eslebedasauto.at\/wp-content\/uploads\/2022\/12\/IMG_0694-800x600.jpeg 800w, https:\/\/www.eslebedasauto.at\/wp-content\/uploads\/2022\/12\/IMG_0694-1160x870.jpeg 1160w, https:\/\/www.eslebedasauto.at\/wp-content\/uploads\/2022\/12\/IMG_0694.jpeg 2048w\" sizes=\"(max-width: 1024px) 100vw, 1024px\" \/><\/figure>\n\n\n\n<p>Den Comfort-Modus w\u00e4hlt man am besten, wenn man fr\u00fchmorgens m\u00f6glichst unauff\u00e4llig weg will oder sp\u00e4t in der Nacht heim kommt.  Dieser Modus ist langweilig aber bisweilen einfach auch notwendig. Das \u00e4ndert sich schlagartig, wenn die Sport-Stufe f\u00fcr den Sprint zwischendurch gew\u00e4hlt wird, denn dann schaltet das Sieben-Gang-DSG noch ein wenig schneller und der Cupra wird angriffiger. <\/p>\n\n\n\n<figure class=\"wp-block-gallery has-nested-images columns-default is-cropped wp-block-gallery-1 is-layout-flex wp-block-gallery-is-layout-flex\">\n<figure class=\"wp-block-image size-large\"><img loading=\"lazy\" decoding=\"async\" width=\"1024\" height=\"768\" data-id=\"90592\" src=\"https:\/\/www.eslebedasauto.at\/wp-content\/uploads\/2022\/12\/IMG_0697-1024x768.jpeg\" alt=\"\" class=\"wp-image-90592\" srcset=\"https:\/\/www.eslebedasauto.at\/wp-content\/uploads\/2022\/12\/IMG_0697-1024x768.jpeg 1024w, https:\/\/www.eslebedasauto.at\/wp-content\/uploads\/2022\/12\/IMG_0697-300x225.jpeg 300w, https:\/\/www.eslebedasauto.at\/wp-content\/uploads\/2022\/12\/IMG_0697-768x576.jpeg 768w, https:\/\/www.eslebedasauto.at\/wp-content\/uploads\/2022\/12\/IMG_0697-1536x1152.jpeg 1536w, https:\/\/www.eslebedasauto.at\/wp-content\/uploads\/2022\/12\/IMG_0697-800x600.jpeg 800w, https:\/\/www.eslebedasauto.at\/wp-content\/uploads\/2022\/12\/IMG_0697-1160x870.jpeg 1160w, https:\/\/www.eslebedasauto.at\/wp-content\/uploads\/2022\/12\/IMG_0697.jpeg 2048w\" sizes=\"(max-width: 1024px) 100vw, 1024px\" \/><\/figure>\n\n\n\n<figure class=\"wp-block-image size-large\"><img loading=\"lazy\" decoding=\"async\" width=\"1024\" height=\"768\" data-id=\"90591\" src=\"https:\/\/www.eslebedasauto.at\/wp-content\/uploads\/2022\/12\/IMG_0696-1024x768.jpeg\" alt=\"\" class=\"wp-image-90591\" srcset=\"https:\/\/www.eslebedasauto.at\/wp-content\/uploads\/2022\/12\/IMG_0696-1024x768.jpeg 1024w, https:\/\/www.eslebedasauto.at\/wp-content\/uploads\/2022\/12\/IMG_0696-300x225.jpeg 300w, https:\/\/www.eslebedasauto.at\/wp-content\/uploads\/2022\/12\/IMG_0696-768x576.jpeg 768w, https:\/\/www.eslebedasauto.at\/wp-content\/uploads\/2022\/12\/IMG_0696-1536x1152.jpeg 1536w, https:\/\/www.eslebedasauto.at\/wp-content\/uploads\/2022\/12\/IMG_0696-800x600.jpeg 800w, https:\/\/www.eslebedasauto.at\/wp-content\/uploads\/2022\/12\/IMG_0696-1160x870.jpeg 1160w, https:\/\/www.eslebedasauto.at\/wp-content\/uploads\/2022\/12\/IMG_0696.jpeg 2048w\" sizes=\"(max-width: 1024px) 100vw, 1024px\" \/><\/figure>\n<\/figure>\n\n\n\n<p>Das Fahrwerk geh\u00f6rt sowieso zu den straff abgestimmten Vertretern, erreicht aber immer noch gute Komfortwerte, die Lenkung arbeitet pr\u00e4zise und liefert dabei eine gro\u00dfe Portion Fahrspa\u00df. Zus\u00e4tzlich spendierten die Techniker dem\u00a0VZ5\u00a0einen Torque-Splitter an der Hinterachse, der die Antriebskraft elektro-hydraulisch \u00fcber zwei Lamellenkupplungen an die Hinterr\u00e4der verteilt.<\/p>\n\n\n\n<figure class=\"wp-block-image size-large\"><img loading=\"lazy\" decoding=\"async\" width=\"1024\" height=\"768\" src=\"https:\/\/www.eslebedasauto.at\/wp-content\/uploads\/2022\/12\/IMG_0704-1024x768.jpeg\" alt=\"\" class=\"wp-image-90599\" srcset=\"https:\/\/www.eslebedasauto.at\/wp-content\/uploads\/2022\/12\/IMG_0704-1024x768.jpeg 1024w, https:\/\/www.eslebedasauto.at\/wp-content\/uploads\/2022\/12\/IMG_0704-300x225.jpeg 300w, https:\/\/www.eslebedasauto.at\/wp-content\/uploads\/2022\/12\/IMG_0704-768x576.jpeg 768w, https:\/\/www.eslebedasauto.at\/wp-content\/uploads\/2022\/12\/IMG_0704-1536x1152.jpeg 1536w, https:\/\/www.eslebedasauto.at\/wp-content\/uploads\/2022\/12\/IMG_0704-800x600.jpeg 800w, https:\/\/www.eslebedasauto.at\/wp-content\/uploads\/2022\/12\/IMG_0704-1160x870.jpeg 1160w, https:\/\/www.eslebedasauto.at\/wp-content\/uploads\/2022\/12\/IMG_0704.jpeg 2048w\" sizes=\"(max-width: 1024px) 100vw, 1024px\" \/><\/figure>\n\n\n\n<p><strong>Am Lustigsten ist der Cupra Formentor VZ5 klarerweise im &#8222;Cupra&#8220;-Modus.<\/strong> Seine Aussprache wird dann ziemlich deftig, um nicht zu sagen dreckig. Jetzt bemerkt man auch diesen speziellen, etwas unrunden Motorsound, der das sportliche Grundwesen eines solchen F\u00fcnfzylinders unterstreicht. Druckvolle Zwischengasst\u00f6\u00dfe beim Runterschalten sorgen f\u00fcr saubere Gangwechsel beim Andr\u00fccken und G\u00e4nsehaut an den Unterarmen.<\/p>\n\n\n\n<figure class=\"wp-block-image size-large\"><img loading=\"lazy\" decoding=\"async\" width=\"1024\" height=\"768\" src=\"https:\/\/www.eslebedasauto.at\/wp-content\/uploads\/2022\/12\/IMG_0706-1024x768.jpeg\" alt=\"\" class=\"wp-image-90600\" srcset=\"https:\/\/www.eslebedasauto.at\/wp-content\/uploads\/2022\/12\/IMG_0706-1024x768.jpeg 1024w, https:\/\/www.eslebedasauto.at\/wp-content\/uploads\/2022\/12\/IMG_0706-300x225.jpeg 300w, https:\/\/www.eslebedasauto.at\/wp-content\/uploads\/2022\/12\/IMG_0706-768x576.jpeg 768w, https:\/\/www.eslebedasauto.at\/wp-content\/uploads\/2022\/12\/IMG_0706-1536x1152.jpeg 1536w, https:\/\/www.eslebedasauto.at\/wp-content\/uploads\/2022\/12\/IMG_0706-800x600.jpeg 800w, https:\/\/www.eslebedasauto.at\/wp-content\/uploads\/2022\/12\/IMG_0706-1160x870.jpeg 1160w, https:\/\/www.eslebedasauto.at\/wp-content\/uploads\/2022\/12\/IMG_0706.jpeg 2048w\" sizes=\"(max-width: 1024px) 100vw, 1024px\" \/><\/figure>\n\n\n\n<p>Klarerweise geh\u00f6rt ein derartiges Auto nicht zu den Kostver\u00e4chtern, dennoch hat uns unser Testschnitt von gut elf Litern angesichts der gebotenen und auch vielfach genutzten Power nicht geschreckt. Dies ist auch nicht allzu weit von der Werkangabe von durchschnittlich 10,2 Litern entfernt. <\/p>\n\n\n\n<figure class=\"wp-block-image size-large\"><img decoding=\"async\" width=\"1024\" height=\"768\" src=\"https:\/\/www.eslebedasauto.at\/wp-content\/uploads\/2022\/12\/IMG_0703-1024x768.jpeg\" alt=\"\" class=\"wp-image-90598\" srcset=\"https:\/\/www.eslebedasauto.at\/wp-content\/uploads\/2022\/12\/IMG_0703-1024x768.jpeg 1024w, https:\/\/www.eslebedasauto.at\/wp-content\/uploads\/2022\/12\/IMG_0703-300x225.jpeg 300w, https:\/\/www.eslebedasauto.at\/wp-content\/uploads\/2022\/12\/IMG_0703-768x576.jpeg 768w, https:\/\/www.eslebedasauto.at\/wp-content\/uploads\/2022\/12\/IMG_0703-1536x1152.jpeg 1536w, https:\/\/www.eslebedasauto.at\/wp-content\/uploads\/2022\/12\/IMG_0703-800x600.jpeg 800w, https:\/\/www.eslebedasauto.at\/wp-content\/uploads\/2022\/12\/IMG_0703-1160x870.jpeg 1160w, https:\/\/www.eslebedasauto.at\/wp-content\/uploads\/2022\/12\/IMG_0703.jpeg 2048w\" sizes=\"(max-width: 1024px) 100vw, 1024px\" \/><\/figure>\n\n\n\n<h5 id=\"unser-testwagen-war-ubrigens-ein-limitiertes-sondermodell-mit-dem-schonen-namen-taiga-grey\" class=\"wp-block-heading\">Unser Testwagen war \u00fcbrigens ein limitiertes Sondermodell mit dem sch\u00f6nen Namen &#8222;Taiga Grey&#8220;. <\/h5>\n\n\n\n<p>Die 999 Exemplare sind in einem Metallic-Ton in Beigegrau gehalten, der bei gewissen Lichtbedingungen ins Gr\u00fcnliche changiert und exklusiv f\u00fcr dieses Sondermodell des Cupra Formentor VZ5 entworfen wurde. Dazu passend gibt es eine speziell abgestimmte Innenausstattung. Die braunen Nappaleder-Sitze besitzen eine kupferfarbene Naht. Auch die T\u00fcrverkleidungen und die Armaturentafel sind in dunkelbrauner Lederoptik gehalten, ebenfalls mit einer Naht in Kupferfarbe.<\/p>\n\n\n\n<figure class=\"wp-block-image size-large\"><img loading=\"lazy\" decoding=\"async\" width=\"768\" height=\"1024\" src=\"https:\/\/www.eslebedasauto.at\/wp-content\/uploads\/2022\/12\/IMG_0700-768x1024.jpeg\" alt=\"\" class=\"wp-image-90595\" srcset=\"https:\/\/www.eslebedasauto.at\/wp-content\/uploads\/2022\/12\/IMG_0700-768x1024.jpeg 768w, https:\/\/www.eslebedasauto.at\/wp-content\/uploads\/2022\/12\/IMG_0700-225x300.jpeg 225w, https:\/\/www.eslebedasauto.at\/wp-content\/uploads\/2022\/12\/IMG_0700-1152x1536.jpeg 1152w, https:\/\/www.eslebedasauto.at\/wp-content\/uploads\/2022\/12\/IMG_0700-800x1067.jpeg 800w, https:\/\/www.eslebedasauto.at\/wp-content\/uploads\/2022\/12\/IMG_0700-1160x1547.jpeg 1160w, https:\/\/www.eslebedasauto.at\/wp-content\/uploads\/2022\/12\/IMG_0700.jpeg 1536w\" sizes=\"(max-width: 768px) 100vw, 768px\" \/><\/figure>\n\n\n\n<p>Die Fahrzeugnummer eines jeden Cupra Formentor\u00a0VZ5\u00a0Taiga Grey findet man \u00fcbrigens gelasert in der T\u00fcrverkleidung. <br><br><strong>Daten Fakten Cupra Formentor\u00a0VZ5<br><\/strong>Motor 5-Zyl.-Benziner<br>Hubraum: 2480 ccm<br>Leistung: 390 PS<br>Drehmoment: 480 Nm<br>Vmax: 250 km\/h<br>0 auf 100 km\/h: 4,2 Sek.<br>WLTP-Durchschnittsverbrauch: 10,2 Liter Super<br>Testverbrauch: 10,9 Liter Super<br>Preis: ab 80.540 Euro<\/p>","protected":false},"excerpt":{"rendered":"<p>Cupra ist zwar auf dem besten Weg, sich v\u00f6llig zu elektrifizieren, doch wie kann man Nein sagen, wenn doch im Konzernregal ein feiner F\u00fcnfzylinder lagert, der einfach zu perfekt in den Cupra Formentor passt.<\/p>","protected":false},"author":2,"featured_media":90601,"comment_status":"open","ping_status":"open","sticky":false,"template":"","format":"standard","meta":{"neve_meta_sidebar":"","neve_meta_container":"","neve_meta_enable_content_width":"","neve_meta_content_width":0,"neve_meta_title_alignment":"","neve_meta_author_avatar":"","neve_post_elements_order":"","neve_meta_disable_header":"","neve_meta_disable_footer":"","neve_meta_disable_title":"","neve_meta_reading_time":"","footnotes":""},"categories":[14,335],"tags":[],"class_list":["post-90635","post","type-post","status-publish","format-standard","has-post-thumbnail","hentry","category-benzin","category-fahrberichte"],"yoast_head":"<!-- This site is optimized with the Yoast SEO plugin v26.8 - https:\/\/yoast.com\/product\/yoast-seo-wordpress\/ -->\n<title>Nachhaltig b\u00f6se - Es lebe das Auto<\/title>\n<meta name=\"description\" content=\"Cupra ist zwar auf dem besten Weg, sich v\u00f6llig zu elektrifizieren, doch wie kann man Nein sagen, wenn doch im Konzernregal ein feiner F\u00fcnfzylinder lagert, der einfach zu perfekt in den Cupra Formentor passt.\" \/>\n<meta name=\"robots\" content=\"index, follow, max-snippet:-1, max-image-preview:large, max-video-preview:-1\" \/>\n<link rel=\"canonical\" href=\"https:\/\/www.eslebedasauto.at\/en\/cupra-formentor-vz5-taiga-grey-test\/\" \/>\n<meta property=\"og:locale\" content=\"en_GB\" \/>\n<meta property=\"og:type\" content=\"article\" \/>\n<meta property=\"og:title\" content=\"Nachhaltig b\u00f6se - Es lebe das Auto\" \/>\n<meta property=\"og:description\" content=\"Cupra ist zwar auf dem besten Weg, sich v\u00f6llig zu elektrifizieren, doch wie kann man Nein sagen, wenn doch im Konzernregal ein feiner F\u00fcnfzylinder lagert, der einfach zu perfekt in den Cupra Formentor passt.\" \/>\n<meta property=\"og:url\" content=\"https:\/\/www.eslebedasauto.at\/en\/cupra-formentor-vz5-taiga-grey-test\/\" \/>\n<meta property=\"og:site_name\" content=\"Es lebe das Auto\" \/>\n<meta property=\"article:publisher\" content=\"https:\/\/www.facebook.com\/eslebedasauto.at\" \/>\n<meta property=\"article:published_time\" content=\"2022-12-26T12:46:06+00:00\" \/>\n<meta property=\"article:modified_time\" content=\"2022-12-26T12:52:34+00:00\" \/>\n<meta property=\"og:image\" content=\"https:\/\/www.eslebedasauto.at\/wp-content\/uploads\/2022\/12\/IMG_0707.jpeg\" \/>\n\t<meta property=\"og:image:width\" content=\"2048\" \/>\n\t<meta property=\"og:image:height\" content=\"1536\" \/>\n\t<meta property=\"og:image:type\" content=\"image\/jpeg\" \/>\n<meta name=\"author\" content=\"gerhard\" \/>\n<meta name=\"twitter:card\" content=\"summary_large_image\" \/>\n<meta name=\"twitter:label1\" content=\"Written by\" \/>\n\t<meta name=\"twitter:data1\" content=\"gerhard\" \/>\n\t<meta name=\"twitter:label2\" content=\"Estimated reading time\" \/>\n\t<meta name=\"twitter:data2\" content=\"6 minutes\" \/>\n<script type=\"application\/ld+json\" class=\"yoast-schema-graph\">{\"@context\":\"https:\/\/schema.org\",\"@graph\":[{\"@type\":\"Article\",\"@id\":\"https:\/\/www.eslebedasauto.at\/cupra-formentor-vz5-taiga-grey-test\/#article\",\"isPartOf\":{\"@id\":\"https:\/\/www.eslebedasauto.at\/cupra-formentor-vz5-taiga-grey-test\/\"},\"author\":{\"name\":\"gerhard\",\"@id\":\"https:\/\/www.eslebedasauto.at\/#\/schema\/person\/fb81218b0bed500d225ff518f9f17033\"},\"headline\":\"Nachhaltig b\u00f6se\",\"datePublished\":\"2022-12-26T12:46:06+00:00\",\"dateModified\":\"2022-12-26T12:52:34+00:00\",\"mainEntityOfPage\":{\"@id\":\"https:\/\/www.eslebedasauto.at\/cupra-formentor-vz5-taiga-grey-test\/\"},\"wordCount\":603,\"commentCount\":0,\"publisher\":{\"@id\":\"https:\/\/www.eslebedasauto.at\/#organization\"},\"image\":{\"@id\":\"https:\/\/www.eslebedasauto.at\/cupra-formentor-vz5-taiga-grey-test\/#primaryimage\"},\"thumbnailUrl\":\"https:\/\/www.eslebedasauto.at\/wp-content\/uploads\/2022\/12\/IMG_0707.jpeg\",\"articleSection\":[\"Benzin\",\"Fahrberichte\"],\"inLanguage\":\"en-GB\",\"potentialAction\":[{\"@type\":\"CommentAction\",\"name\":\"Comment\",\"target\":[\"https:\/\/www.eslebedasauto.at\/cupra-formentor-vz5-taiga-grey-test\/#respond\"]}]},{\"@type\":\"WebPage\",\"@id\":\"https:\/\/www.eslebedasauto.at\/cupra-formentor-vz5-taiga-grey-test\/\",\"url\":\"https:\/\/www.eslebedasauto.at\/cupra-formentor-vz5-taiga-grey-test\/\",\"name\":\"Nachhaltig b\u00f6se - Es lebe das Auto\",\"isPartOf\":{\"@id\":\"https:\/\/www.eslebedasauto.at\/#website\"},\"primaryImageOfPage\":{\"@id\":\"https:\/\/www.eslebedasauto.at\/cupra-formentor-vz5-taiga-grey-test\/#primaryimage\"},\"image\":{\"@id\":\"https:\/\/www.eslebedasauto.at\/cupra-formentor-vz5-taiga-grey-test\/#primaryimage\"},\"thumbnailUrl\":\"https:\/\/www.eslebedasauto.at\/wp-content\/uploads\/2022\/12\/IMG_0707.jpeg\",\"datePublished\":\"2022-12-26T12:46:06+00:00\",\"dateModified\":\"2022-12-26T12:52:34+00:00\",\"description\":\"Cupra ist zwar auf dem besten Weg, sich v\u00f6llig zu elektrifizieren, doch wie kann man Nein sagen, wenn doch im Konzernregal ein feiner F\u00fcnfzylinder lagert, der einfach zu perfekt in den Cupra Formentor passt.\",\"breadcrumb\":{\"@id\":\"https:\/\/www.eslebedasauto.at\/cupra-formentor-vz5-taiga-grey-test\/#breadcrumb\"},\"inLanguage\":\"en-GB\",\"potentialAction\":[{\"@type\":\"ReadAction\",\"target\":[\"https:\/\/www.eslebedasauto.at\/cupra-formentor-vz5-taiga-grey-test\/\"]}]},{\"@type\":\"ImageObject\",\"inLanguage\":\"en-GB\",\"@id\":\"https:\/\/www.eslebedasauto.at\/cupra-formentor-vz5-taiga-grey-test\/#primaryimage\",\"url\":\"https:\/\/www.eslebedasauto.at\/wp-content\/uploads\/2022\/12\/IMG_0707.jpeg\",\"contentUrl\":\"https:\/\/www.eslebedasauto.at\/wp-content\/uploads\/2022\/12\/IMG_0707.jpeg\",\"width\":2048,\"height\":1536},{\"@type\":\"BreadcrumbList\",\"@id\":\"https:\/\/www.eslebedasauto.at\/cupra-formentor-vz5-taiga-grey-test\/#breadcrumb\",\"itemListElement\":[{\"@type\":\"ListItem\",\"position\":1,\"name\":\"Startseite\",\"item\":\"https:\/\/www.eslebedasauto.at\/\"},{\"@type\":\"ListItem\",\"position\":2,\"name\":\"Nachhaltig b\u00f6se\"}]},{\"@type\":\"WebSite\",\"@id\":\"https:\/\/www.eslebedasauto.at\/#website\",\"url\":\"https:\/\/www.eslebedasauto.at\/\",\"name\":\"Es lebe das Auto\",\"description\":\"ein Hoch auf den Individualverkehr\",\"publisher\":{\"@id\":\"https:\/\/www.eslebedasauto.at\/#organization\"},\"potentialAction\":[{\"@type\":\"SearchAction\",\"target\":{\"@type\":\"EntryPoint\",\"urlTemplate\":\"https:\/\/www.eslebedasauto.at\/?s={search_term_string}\"},\"query-input\":{\"@type\":\"PropertyValueSpecification\",\"valueRequired\":true,\"valueName\":\"search_term_string\"}}],\"inLanguage\":\"en-GB\"},{\"@type\":\"Organization\",\"@id\":\"https:\/\/www.eslebedasauto.at\/#organization\",\"name\":\"eslebedasauto\",\"url\":\"https:\/\/www.eslebedasauto.at\/\",\"logo\":{\"@type\":\"ImageObject\",\"inLanguage\":\"en-GB\",\"@id\":\"https:\/\/www.eslebedasauto.at\/#\/schema\/logo\/image\/\",\"url\":\"https:\/\/www.eslebedasauto.at\/wp-content\/uploads\/2025\/10\/eldarund.png\",\"contentUrl\":\"https:\/\/www.eslebedasauto.at\/wp-content\/uploads\/2025\/10\/eldarund.png\",\"width\":1024,\"height\":1024,\"caption\":\"eslebedasauto\"},\"image\":{\"@id\":\"https:\/\/www.eslebedasauto.at\/#\/schema\/logo\/image\/\"},\"sameAs\":[\"https:\/\/www.facebook.com\/eslebedasauto.at\",\"https:\/\/www.instagram.com\/es_lebe_das_auto\/\"]},{\"@type\":\"Person\",\"@id\":\"https:\/\/www.eslebedasauto.at\/#\/schema\/person\/fb81218b0bed500d225ff518f9f17033\",\"name\":\"gerhard\",\"url\":\"https:\/\/www.eslebedasauto.at\/en\/author\/gerhard\/\"}]}<\/script>\n<!-- \/ Yoast SEO plugin. -->","yoast_head_json":{"title":"Nachhaltig b\u00f6se - Es lebe das Auto","description":"Cupra ist zwar auf dem besten Weg, sich v\u00f6llig zu elektrifizieren, doch wie kann man Nein sagen, wenn doch im Konzernregal ein feiner F\u00fcnfzylinder lagert, der einfach zu perfekt in den Cupra Formentor passt.","robots":{"index":"index","follow":"follow","max-snippet":"max-snippet:-1","max-image-preview":"max-image-preview:large","max-video-preview":"max-video-preview:-1"},"canonical":"https:\/\/www.eslebedasauto.at\/en\/cupra-formentor-vz5-taiga-grey-test\/","og_locale":"en_GB","og_type":"article","og_title":"Nachhaltig b\u00f6se - Es lebe das Auto","og_description":"Cupra ist zwar auf dem besten Weg, sich v\u00f6llig zu elektrifizieren, doch wie kann man Nein sagen, wenn doch im Konzernregal ein feiner F\u00fcnfzylinder lagert, der einfach zu perfekt in den Cupra Formentor passt.","og_url":"https:\/\/www.eslebedasauto.at\/en\/cupra-formentor-vz5-taiga-grey-test\/","og_site_name":"Es lebe das Auto","article_publisher":"https:\/\/www.facebook.com\/eslebedasauto.at","article_published_time":"2022-12-26T12:46:06+00:00","article_modified_time":"2022-12-26T12:52:34+00:00","og_image":[{"width":2048,"height":1536,"url":"https:\/\/www.eslebedasauto.at\/wp-content\/uploads\/2022\/12\/IMG_0707.jpeg","type":"image\/jpeg"}],"author":"gerhard","twitter_card":"summary_large_image","twitter_misc":{"Written by":"gerhard","Estimated reading time":"6 minutes"},"schema":{"@context":"https:\/\/schema.org","@graph":[{"@type":"Article","@id":"https:\/\/www.eslebedasauto.at\/cupra-formentor-vz5-taiga-grey-test\/#article","isPartOf":{"@id":"https:\/\/www.eslebedasauto.at\/cupra-formentor-vz5-taiga-grey-test\/"},"author":{"name":"gerhard","@id":"https:\/\/www.eslebedasauto.at\/#\/schema\/person\/fb81218b0bed500d225ff518f9f17033"},"headline":"Nachhaltig b\u00f6se","datePublished":"2022-12-26T12:46:06+00:00","dateModified":"2022-12-26T12:52:34+00:00","mainEntityOfPage":{"@id":"https:\/\/www.eslebedasauto.at\/cupra-formentor-vz5-taiga-grey-test\/"},"wordCount":603,"commentCount":0,"publisher":{"@id":"https:\/\/www.eslebedasauto.at\/#organization"},"image":{"@id":"https:\/\/www.eslebedasauto.at\/cupra-formentor-vz5-taiga-grey-test\/#primaryimage"},"thumbnailUrl":"https:\/\/www.eslebedasauto.at\/wp-content\/uploads\/2022\/12\/IMG_0707.jpeg","articleSection":["Benzin","Fahrberichte"],"inLanguage":"en-GB","potentialAction":[{"@type":"CommentAction","name":"Comment","target":["https:\/\/www.eslebedasauto.at\/cupra-formentor-vz5-taiga-grey-test\/#respond"]}]},{"@type":"WebPage","@id":"https:\/\/www.eslebedasauto.at\/cupra-formentor-vz5-taiga-grey-test\/","url":"https:\/\/www.eslebedasauto.at\/cupra-formentor-vz5-taiga-grey-test\/","name":"Nachhaltig b\u00f6se - Es lebe das Auto","isPartOf":{"@id":"https:\/\/www.eslebedasauto.at\/#website"},"primaryImageOfPage":{"@id":"https:\/\/www.eslebedasauto.at\/cupra-formentor-vz5-taiga-grey-test\/#primaryimage"},"image":{"@id":"https:\/\/www.eslebedasauto.at\/cupra-formentor-vz5-taiga-grey-test\/#primaryimage"},"thumbnailUrl":"https:\/\/www.eslebedasauto.at\/wp-content\/uploads\/2022\/12\/IMG_0707.jpeg","datePublished":"2022-12-26T12:46:06+00:00","dateModified":"2022-12-26T12:52:34+00:00","description":"Cupra ist zwar auf dem besten Weg, sich v\u00f6llig zu elektrifizieren, doch wie kann man Nein sagen, wenn doch im Konzernregal ein feiner F\u00fcnfzylinder lagert, der einfach zu perfekt in den Cupra Formentor passt.","breadcrumb":{"@id":"https:\/\/www.eslebedasauto.at\/cupra-formentor-vz5-taiga-grey-test\/#breadcrumb"},"inLanguage":"en-GB","potentialAction":[{"@type":"ReadAction","target":["https:\/\/www.eslebedasauto.at\/cupra-formentor-vz5-taiga-grey-test\/"]}]},{"@type":"ImageObject","inLanguage":"en-GB","@id":"https:\/\/www.eslebedasauto.at\/cupra-formentor-vz5-taiga-grey-test\/#primaryimage","url":"https:\/\/www.eslebedasauto.at\/wp-content\/uploads\/2022\/12\/IMG_0707.jpeg","contentUrl":"https:\/\/www.eslebedasauto.at\/wp-content\/uploads\/2022\/12\/IMG_0707.jpeg","width":2048,"height":1536},{"@type":"BreadcrumbList","@id":"https:\/\/www.eslebedasauto.at\/cupra-formentor-vz5-taiga-grey-test\/#breadcrumb","itemListElement":[{"@type":"ListItem","position":1,"name":"Startseite","item":"https:\/\/www.eslebedasauto.at\/"},{"@type":"ListItem","position":2,"name":"Nachhaltig b\u00f6se"}]},{"@type":"WebSite","@id":"https:\/\/www.eslebedasauto.at\/#website","url":"https:\/\/www.eslebedasauto.at\/","name":"Es lebe das Auto","description":"ein Hoch auf den Individualverkehr","publisher":{"@id":"https:\/\/www.eslebedasauto.at\/#organization"},"potentialAction":[{"@type":"SearchAction","target":{"@type":"EntryPoint","urlTemplate":"https:\/\/www.eslebedasauto.at\/?s={search_term_string}"},"query-input":{"@type":"PropertyValueSpecification","valueRequired":true,"valueName":"search_term_string"}}],"inLanguage":"en-GB"},{"@type":"Organization","@id":"https:\/\/www.eslebedasauto.at\/#organization","name":"eslebedasauto","url":"https:\/\/www.eslebedasauto.at\/","logo":{"@type":"ImageObject","inLanguage":"en-GB","@id":"https:\/\/www.eslebedasauto.at\/#\/schema\/logo\/image\/","url":"https:\/\/www.eslebedasauto.at\/wp-content\/uploads\/2025\/10\/eldarund.png","contentUrl":"https:\/\/www.eslebedasauto.at\/wp-content\/uploads\/2025\/10\/eldarund.png","width":1024,"height":1024,"caption":"eslebedasauto"},"image":{"@id":"https:\/\/www.eslebedasauto.at\/#\/schema\/logo\/image\/"},"sameAs":["https:\/\/www.facebook.com\/eslebedasauto.at","https:\/\/www.instagram.com\/es_lebe_das_auto\/"]},{"@type":"Person","@id":"https:\/\/www.eslebedasauto.at\/#\/schema\/person\/fb81218b0bed500d225ff518f9f17033","name":"gerhard","url":"https:\/\/www.eslebedasauto.at\/en\/author\/gerhard\/"}]}},"_links":{"self":[{"href":"https:\/\/www.eslebedasauto.at\/en\/wp-json\/wp\/v2\/posts\/90635","targetHints":{"allow":["GET"]}}],"collection":[{"href":"https:\/\/www.eslebedasauto.at\/en\/wp-json\/wp\/v2\/posts"}],"about":[{"href":"https:\/\/www.eslebedasauto.at\/en\/wp-json\/wp\/v2\/types\/post"}],"author":[{"embeddable":true,"href":"https:\/\/www.eslebedasauto.at\/en\/wp-json\/wp\/v2\/users\/2"}],"replies":[{"embeddable":true,"href":"https:\/\/www.eslebedasauto.at\/en\/wp-json\/wp\/v2\/comments?post=90635"}],"version-history":[{"count":5,"href":"https:\/\/www.eslebedasauto.at\/en\/wp-json\/wp\/v2\/posts\/90635\/revisions"}],"predecessor-version":[{"id":90687,"href":"https:\/\/www.eslebedasauto.at\/en\/wp-json\/wp\/v2\/posts\/90635\/revisions\/90687"}],"wp:featuredmedia":[{"embeddable":true,"href":"https:\/\/www.eslebedasauto.at\/en\/wp-json\/wp\/v2\/media\/90601"}],"wp:attachment":[{"href":"https:\/\/www.eslebedasauto.at\/en\/wp-json\/wp\/v2\/media?parent=90635"}],"wp:term":[{"taxonomy":"category","embeddable":true,"href":"https:\/\/www.eslebedasauto.at\/en\/wp-json\/wp\/v2\/categories?post=90635"},{"taxonomy":"post_tag","embeddable":true,"href":"https:\/\/www.eslebedasauto.at\/en\/wp-json\/wp\/v2\/tags?post=90635"}],"curies":[{"name":"wp","href":"https:\/\/api.w.org\/{rel}","templated":true}]}}