{"id":90044,"date":"2024-03-18T09:01:02","date_gmt":"2024-03-18T08:01:02","guid":{"rendered":"https:\/\/www.eslebedasauto.at\/?p=90044"},"modified":"2024-03-18T09:01:02","modified_gmt":"2024-03-18T08:01:02","slug":"update-fuer-den-peugeot-e-208","status":"publish","type":"post","link":"https:\/\/www.eslebedasauto.at\/en\/update-fuer-den-peugeot-e-208\/","title":{"rendered":"Update f\u00fcr den Peugeot e-208"},"content":{"rendered":"<h4 id=\"2023-soll-der-peugeot-e-208-die-400-kilometer-grenze-knacken\" class=\"wp-block-heading\">2023 soll der Peugeot e-208 die 400 Kilometer-Grenze knacken.<\/h4>\n\n\n\n<p>Der Peugeot e-208 erh\u00e4lt im Laufe des Jahres 2023 eine etwas gr\u00f6\u00dfere Batterie, einen neuen Elektromotor mit satten 156 PS Leistung f\u00fcr noch mehr Fahrspa\u00df und gleichzeitig auch mehr Reichweite: bis zu 400 Kilometer nach WLTP sollen laut Hersteller m\u00f6glich sein, das ist ein Plus von 17,5% seit der Markteinf\u00fchrung 2019. <\/p>\n\n\n\n<figure class=\"wp-block-image size-large\"><img fetchpriority=\"high\" decoding=\"async\" width=\"1024\" height=\"569\" src=\"https:\/\/www.eslebedasauto.at\/wp-content\/uploads\/2022\/09\/76B77BE1-1BC0-4DBC-A126-3AA9D244CC2A-1024x569.jpeg\" alt=\"\" class=\"wp-image-90042\" srcset=\"https:\/\/www.eslebedasauto.at\/wp-content\/uploads\/2022\/09\/76B77BE1-1BC0-4DBC-A126-3AA9D244CC2A-1024x569.jpeg 1024w, https:\/\/www.eslebedasauto.at\/wp-content\/uploads\/2022\/09\/76B77BE1-1BC0-4DBC-A126-3AA9D244CC2A-300x167.jpeg 300w, https:\/\/www.eslebedasauto.at\/wp-content\/uploads\/2022\/09\/76B77BE1-1BC0-4DBC-A126-3AA9D244CC2A-768x427.jpeg 768w, https:\/\/www.eslebedasauto.at\/wp-content\/uploads\/2022\/09\/76B77BE1-1BC0-4DBC-A126-3AA9D244CC2A-1536x853.jpeg 1536w, https:\/\/www.eslebedasauto.at\/wp-content\/uploads\/2022\/09\/76B77BE1-1BC0-4DBC-A126-3AA9D244CC2A-2048x1138.jpeg 2048w, https:\/\/www.eslebedasauto.at\/wp-content\/uploads\/2022\/09\/76B77BE1-1BC0-4DBC-A126-3AA9D244CC2A-200x110.jpeg 200w, https:\/\/www.eslebedasauto.at\/wp-content\/uploads\/2022\/09\/76B77BE1-1BC0-4DBC-A126-3AA9D244CC2A-800x444.jpeg 800w, https:\/\/www.eslebedasauto.at\/wp-content\/uploads\/2022\/09\/76B77BE1-1BC0-4DBC-A126-3AA9D244CC2A-1160x644.jpeg 1160w\" sizes=\"(max-width: 1024px) 100vw, 1024px\" \/><\/figure>\n\n\n\n<p>Gleichzeitig wird der kleine e-208 sparsamer, sein Verbrauch sinkt um 15 Prozent auf einen kombinierten WLTP-Wert von rund 12 kWh\/100 km.<\/p>\n\n\n\n<figure class=\"wp-block-image size-large\"><img decoding=\"async\" width=\"1024\" height=\"683\" src=\"https:\/\/www.eslebedasauto.at\/wp-content\/uploads\/2022\/09\/3767B4C4-A893-4088-8646-7869FA567EBE-1024x683.jpeg\" alt=\"\" class=\"wp-image-90041\" srcset=\"https:\/\/www.eslebedasauto.at\/wp-content\/uploads\/2022\/09\/3767B4C4-A893-4088-8646-7869FA567EBE-1024x683.jpeg 1024w, https:\/\/www.eslebedasauto.at\/wp-content\/uploads\/2022\/09\/3767B4C4-A893-4088-8646-7869FA567EBE-300x200.jpeg 300w, https:\/\/www.eslebedasauto.at\/wp-content\/uploads\/2022\/09\/3767B4C4-A893-4088-8646-7869FA567EBE-768x512.jpeg 768w, https:\/\/www.eslebedasauto.at\/wp-content\/uploads\/2022\/09\/3767B4C4-A893-4088-8646-7869FA567EBE-1536x1024.jpeg 1536w, https:\/\/www.eslebedasauto.at\/wp-content\/uploads\/2022\/09\/3767B4C4-A893-4088-8646-7869FA567EBE-2048x1366.jpeg 2048w, https:\/\/www.eslebedasauto.at\/wp-content\/uploads\/2022\/09\/3767B4C4-A893-4088-8646-7869FA567EBE-800x533.jpeg 800w, https:\/\/www.eslebedasauto.at\/wp-content\/uploads\/2022\/09\/3767B4C4-A893-4088-8646-7869FA567EBE-1160x773.jpeg 1160w\" sizes=\"(max-width: 1024px) 100vw, 1024px\" \/><\/figure>","protected":false},"excerpt":{"rendered":"<p>Ab 2023 kann man mit dem Peugeot e-208 ohne Reichweitenangst auf Urlaub fahren. Bis zu 400 Kilometer sollen mit dem neuen Akku drinnen sein. <\/p>","protected":false},"author":2,"featured_media":90043,"comment_status":"open","ping_status":"open","sticky":false,"template":"","format":"standard","meta":{"neve_meta_sidebar":"","neve_meta_container":"","neve_meta_enable_content_width":"","neve_meta_content_width":0,"neve_meta_title_alignment":"","neve_meta_author_avatar":"","neve_post_elements_order":"","neve_meta_disable_header":"","neve_meta_disable_footer":"","neve_meta_disable_title":"","neve_meta_reading_time":"","footnotes":""},"categories":[598],"tags":[],"class_list":["post-90044","post","type-post","status-publish","format-standard","has-post-thumbnail","hentry","category-shortmotornews"],"yoast_head":"<!-- This site is optimized with the Yoast SEO plugin v26.8 - https:\/\/yoast.com\/product\/yoast-seo-wordpress\/ -->\n<title>Update f\u00fcr den Peugeot e-208 - Es lebe das Auto<\/title>\n<meta name=\"description\" content=\"Ab 2023 kann man mit dem Peugeot e-208 ohne Reichweitenangst auf Urlaub fahren. Bis zu 400 Kilometer sollen mit dem neuen Akku drinnen sein.\" \/>\n<meta name=\"robots\" content=\"index, follow, max-snippet:-1, max-image-preview:large, max-video-preview:-1\" \/>\n<link rel=\"canonical\" href=\"https:\/\/www.eslebedasauto.at\/en\/update-fuer-den-peugeot-e-208\/\" \/>\n<meta property=\"og:locale\" content=\"en_GB\" \/>\n<meta property=\"og:type\" content=\"article\" \/>\n<meta property=\"og:title\" content=\"Update f\u00fcr den Peugeot e-208 - Es lebe das Auto\" \/>\n<meta property=\"og:description\" content=\"Ab 2023 kann man mit dem Peugeot e-208 ohne Reichweitenangst auf Urlaub fahren. Bis zu 400 Kilometer sollen mit dem neuen Akku drinnen sein.\" \/>\n<meta property=\"og:url\" content=\"https:\/\/www.eslebedasauto.at\/en\/update-fuer-den-peugeot-e-208\/\" \/>\n<meta property=\"og:site_name\" content=\"Es lebe das Auto\" \/>\n<meta property=\"article:publisher\" content=\"https:\/\/www.facebook.com\/eslebedasauto.at\" \/>\n<meta property=\"article:published_time\" content=\"2024-03-18T08:01:02+00:00\" \/>\n<meta property=\"og:image\" content=\"https:\/\/www.eslebedasauto.at\/wp-content\/uploads\/2022\/09\/95302B0E-C601-4741-9697-1625914E5988-1024x569.jpeg\" \/>\n\t<meta property=\"og:image:width\" content=\"1024\" \/>\n\t<meta property=\"og:image:height\" content=\"569\" \/>\n\t<meta property=\"og:image:type\" content=\"image\/jpeg\" \/>\n<meta name=\"author\" content=\"gerhard\" \/>\n<meta name=\"twitter:card\" content=\"summary_large_image\" \/>\n<meta name=\"twitter:label1\" content=\"Written by\" \/>\n\t<meta name=\"twitter:data1\" content=\"gerhard\" \/>\n\t<meta name=\"twitter:label2\" content=\"Estimated reading time\" \/>\n\t<meta name=\"twitter:data2\" content=\"1 minute\" \/>\n<script type=\"application\/ld+json\" class=\"yoast-schema-graph\">{\"@context\":\"https:\/\/schema.org\",\"@graph\":[{\"@type\":\"Article\",\"@id\":\"https:\/\/www.eslebedasauto.at\/update-fuer-den-peugeot-e-208\/#article\",\"isPartOf\":{\"@id\":\"https:\/\/www.eslebedasauto.at\/update-fuer-den-peugeot-e-208\/\"},\"author\":{\"name\":\"gerhard\",\"@id\":\"https:\/\/www.eslebedasauto.at\/#\/schema\/person\/fb81218b0bed500d225ff518f9f17033\"},\"headline\":\"Update f\u00fcr den Peugeot e-208\",\"datePublished\":\"2024-03-18T08:01:02+00:00\",\"mainEntityOfPage\":{\"@id\":\"https:\/\/www.eslebedasauto.at\/update-fuer-den-peugeot-e-208\/\"},\"wordCount\":83,\"commentCount\":0,\"publisher\":{\"@id\":\"https:\/\/www.eslebedasauto.at\/#organization\"},\"image\":{\"@id\":\"https:\/\/www.eslebedasauto.at\/update-fuer-den-peugeot-e-208\/#primaryimage\"},\"thumbnailUrl\":\"https:\/\/www.eslebedasauto.at\/wp-content\/uploads\/2022\/09\/95302B0E-C601-4741-9697-1625914E5988.jpeg\",\"articleSection\":[\"Shortmotornews\"],\"inLanguage\":\"en-GB\",\"potentialAction\":[{\"@type\":\"CommentAction\",\"name\":\"Comment\",\"target\":[\"https:\/\/www.eslebedasauto.at\/update-fuer-den-peugeot-e-208\/#respond\"]}]},{\"@type\":\"WebPage\",\"@id\":\"https:\/\/www.eslebedasauto.at\/update-fuer-den-peugeot-e-208\/\",\"url\":\"https:\/\/www.eslebedasauto.at\/update-fuer-den-peugeot-e-208\/\",\"name\":\"Update f\u00fcr den Peugeot e-208 - Es lebe das Auto\",\"isPartOf\":{\"@id\":\"https:\/\/www.eslebedasauto.at\/#website\"},\"primaryImageOfPage\":{\"@id\":\"https:\/\/www.eslebedasauto.at\/update-fuer-den-peugeot-e-208\/#primaryimage\"},\"image\":{\"@id\":\"https:\/\/www.eslebedasauto.at\/update-fuer-den-peugeot-e-208\/#primaryimage\"},\"thumbnailUrl\":\"https:\/\/www.eslebedasauto.at\/wp-content\/uploads\/2022\/09\/95302B0E-C601-4741-9697-1625914E5988.jpeg\",\"datePublished\":\"2024-03-18T08:01:02+00:00\",\"description\":\"Ab 2023 kann man mit dem Peugeot e-208 ohne Reichweitenangst auf Urlaub fahren. Bis zu 400 Kilometer sollen mit dem neuen Akku drinnen sein.\",\"breadcrumb\":{\"@id\":\"https:\/\/www.eslebedasauto.at\/update-fuer-den-peugeot-e-208\/#breadcrumb\"},\"inLanguage\":\"en-GB\",\"potentialAction\":[{\"@type\":\"ReadAction\",\"target\":[\"https:\/\/www.eslebedasauto.at\/update-fuer-den-peugeot-e-208\/\"]}]},{\"@type\":\"ImageObject\",\"inLanguage\":\"en-GB\",\"@id\":\"https:\/\/www.eslebedasauto.at\/update-fuer-den-peugeot-e-208\/#primaryimage\",\"url\":\"https:\/\/www.eslebedasauto.at\/wp-content\/uploads\/2022\/09\/95302B0E-C601-4741-9697-1625914E5988.jpeg\",\"contentUrl\":\"https:\/\/www.eslebedasauto.at\/wp-content\/uploads\/2022\/09\/95302B0E-C601-4741-9697-1625914E5988.jpeg\",\"width\":2480,\"height\":1378},{\"@type\":\"BreadcrumbList\",\"@id\":\"https:\/\/www.eslebedasauto.at\/update-fuer-den-peugeot-e-208\/#breadcrumb\",\"itemListElement\":[{\"@type\":\"ListItem\",\"position\":1,\"name\":\"Startseite\",\"item\":\"https:\/\/www.eslebedasauto.at\/\"},{\"@type\":\"ListItem\",\"position\":2,\"name\":\"Update f\u00fcr den Peugeot e-208\"}]},{\"@type\":\"WebSite\",\"@id\":\"https:\/\/www.eslebedasauto.at\/#website\",\"url\":\"https:\/\/www.eslebedasauto.at\/\",\"name\":\"Es lebe das Auto\",\"description\":\"ein Hoch auf den Individualverkehr\",\"publisher\":{\"@id\":\"https:\/\/www.eslebedasauto.at\/#organization\"},\"potentialAction\":[{\"@type\":\"SearchAction\",\"target\":{\"@type\":\"EntryPoint\",\"urlTemplate\":\"https:\/\/www.eslebedasauto.at\/?s={search_term_string}\"},\"query-input\":{\"@type\":\"PropertyValueSpecification\",\"valueRequired\":true,\"valueName\":\"search_term_string\"}}],\"inLanguage\":\"en-GB\"},{\"@type\":\"Organization\",\"@id\":\"https:\/\/www.eslebedasauto.at\/#organization\",\"name\":\"eslebedasauto\",\"url\":\"https:\/\/www.eslebedasauto.at\/\",\"logo\":{\"@type\":\"ImageObject\",\"inLanguage\":\"en-GB\",\"@id\":\"https:\/\/www.eslebedasauto.at\/#\/schema\/logo\/image\/\",\"url\":\"https:\/\/www.eslebedasauto.at\/wp-content\/uploads\/2025\/10\/eldarund.png\",\"contentUrl\":\"https:\/\/www.eslebedasauto.at\/wp-content\/uploads\/2025\/10\/eldarund.png\",\"width\":1024,\"height\":1024,\"caption\":\"eslebedasauto\"},\"image\":{\"@id\":\"https:\/\/www.eslebedasauto.at\/#\/schema\/logo\/image\/\"},\"sameAs\":[\"https:\/\/www.facebook.com\/eslebedasauto.at\",\"https:\/\/www.instagram.com\/es_lebe_das_auto\/\"]},{\"@type\":\"Person\",\"@id\":\"https:\/\/www.eslebedasauto.at\/#\/schema\/person\/fb81218b0bed500d225ff518f9f17033\",\"name\":\"gerhard\",\"url\":\"https:\/\/www.eslebedasauto.at\/en\/author\/gerhard\/\"}]}<\/script>\n<!-- \/ Yoast SEO plugin. -->","yoast_head_json":{"title":"Update f\u00fcr den Peugeot e-208 - Es lebe das Auto","description":"Ab 2023 kann man mit dem Peugeot e-208 ohne Reichweitenangst auf Urlaub fahren. Bis zu 400 Kilometer sollen mit dem neuen Akku drinnen sein.","robots":{"index":"index","follow":"follow","max-snippet":"max-snippet:-1","max-image-preview":"max-image-preview:large","max-video-preview":"max-video-preview:-1"},"canonical":"https:\/\/www.eslebedasauto.at\/en\/update-fuer-den-peugeot-e-208\/","og_locale":"en_GB","og_type":"article","og_title":"Update f\u00fcr den Peugeot e-208 - Es lebe das Auto","og_description":"Ab 2023 kann man mit dem Peugeot e-208 ohne Reichweitenangst auf Urlaub fahren. Bis zu 400 Kilometer sollen mit dem neuen Akku drinnen sein.","og_url":"https:\/\/www.eslebedasauto.at\/en\/update-fuer-den-peugeot-e-208\/","og_site_name":"Es lebe das Auto","article_publisher":"https:\/\/www.facebook.com\/eslebedasauto.at","article_published_time":"2024-03-18T08:01:02+00:00","og_image":[{"width":1024,"height":569,"url":"https:\/\/www.eslebedasauto.at\/wp-content\/uploads\/2022\/09\/95302B0E-C601-4741-9697-1625914E5988-1024x569.jpeg","type":"image\/jpeg"}],"author":"gerhard","twitter_card":"summary_large_image","twitter_misc":{"Written by":"gerhard","Estimated reading time":"1 minute"},"schema":{"@context":"https:\/\/schema.org","@graph":[{"@type":"Article","@id":"https:\/\/www.eslebedasauto.at\/update-fuer-den-peugeot-e-208\/#article","isPartOf":{"@id":"https:\/\/www.eslebedasauto.at\/update-fuer-den-peugeot-e-208\/"},"author":{"name":"gerhard","@id":"https:\/\/www.eslebedasauto.at\/#\/schema\/person\/fb81218b0bed500d225ff518f9f17033"},"headline":"Update f\u00fcr den Peugeot e-208","datePublished":"2024-03-18T08:01:02+00:00","mainEntityOfPage":{"@id":"https:\/\/www.eslebedasauto.at\/update-fuer-den-peugeot-e-208\/"},"wordCount":83,"commentCount":0,"publisher":{"@id":"https:\/\/www.eslebedasauto.at\/#organization"},"image":{"@id":"https:\/\/www.eslebedasauto.at\/update-fuer-den-peugeot-e-208\/#primaryimage"},"thumbnailUrl":"https:\/\/www.eslebedasauto.at\/wp-content\/uploads\/2022\/09\/95302B0E-C601-4741-9697-1625914E5988.jpeg","articleSection":["Shortmotornews"],"inLanguage":"en-GB","potentialAction":[{"@type":"CommentAction","name":"Comment","target":["https:\/\/www.eslebedasauto.at\/update-fuer-den-peugeot-e-208\/#respond"]}]},{"@type":"WebPage","@id":"https:\/\/www.eslebedasauto.at\/update-fuer-den-peugeot-e-208\/","url":"https:\/\/www.eslebedasauto.at\/update-fuer-den-peugeot-e-208\/","name":"Update f\u00fcr den Peugeot e-208 - Es lebe das Auto","isPartOf":{"@id":"https:\/\/www.eslebedasauto.at\/#website"},"primaryImageOfPage":{"@id":"https:\/\/www.eslebedasauto.at\/update-fuer-den-peugeot-e-208\/#primaryimage"},"image":{"@id":"https:\/\/www.eslebedasauto.at\/update-fuer-den-peugeot-e-208\/#primaryimage"},"thumbnailUrl":"https:\/\/www.eslebedasauto.at\/wp-content\/uploads\/2022\/09\/95302B0E-C601-4741-9697-1625914E5988.jpeg","datePublished":"2024-03-18T08:01:02+00:00","description":"Ab 2023 kann man mit dem Peugeot e-208 ohne Reichweitenangst auf Urlaub fahren. Bis zu 400 Kilometer sollen mit dem neuen Akku drinnen sein.","breadcrumb":{"@id":"https:\/\/www.eslebedasauto.at\/update-fuer-den-peugeot-e-208\/#breadcrumb"},"inLanguage":"en-GB","potentialAction":[{"@type":"ReadAction","target":["https:\/\/www.eslebedasauto.at\/update-fuer-den-peugeot-e-208\/"]}]},{"@type":"ImageObject","inLanguage":"en-GB","@id":"https:\/\/www.eslebedasauto.at\/update-fuer-den-peugeot-e-208\/#primaryimage","url":"https:\/\/www.eslebedasauto.at\/wp-content\/uploads\/2022\/09\/95302B0E-C601-4741-9697-1625914E5988.jpeg","contentUrl":"https:\/\/www.eslebedasauto.at\/wp-content\/uploads\/2022\/09\/95302B0E-C601-4741-9697-1625914E5988.jpeg","width":2480,"height":1378},{"@type":"BreadcrumbList","@id":"https:\/\/www.eslebedasauto.at\/update-fuer-den-peugeot-e-208\/#breadcrumb","itemListElement":[{"@type":"ListItem","position":1,"name":"Startseite","item":"https:\/\/www.eslebedasauto.at\/"},{"@type":"ListItem","position":2,"name":"Update f\u00fcr den Peugeot e-208"}]},{"@type":"WebSite","@id":"https:\/\/www.eslebedasauto.at\/#website","url":"https:\/\/www.eslebedasauto.at\/","name":"Es lebe das Auto","description":"ein Hoch auf den Individualverkehr","publisher":{"@id":"https:\/\/www.eslebedasauto.at\/#organization"},"potentialAction":[{"@type":"SearchAction","target":{"@type":"EntryPoint","urlTemplate":"https:\/\/www.eslebedasauto.at\/?s={search_term_string}"},"query-input":{"@type":"PropertyValueSpecification","valueRequired":true,"valueName":"search_term_string"}}],"inLanguage":"en-GB"},{"@type":"Organization","@id":"https:\/\/www.eslebedasauto.at\/#organization","name":"eslebedasauto","url":"https:\/\/www.eslebedasauto.at\/","logo":{"@type":"ImageObject","inLanguage":"en-GB","@id":"https:\/\/www.eslebedasauto.at\/#\/schema\/logo\/image\/","url":"https:\/\/www.eslebedasauto.at\/wp-content\/uploads\/2025\/10\/eldarund.png","contentUrl":"https:\/\/www.eslebedasauto.at\/wp-content\/uploads\/2025\/10\/eldarund.png","width":1024,"height":1024,"caption":"eslebedasauto"},"image":{"@id":"https:\/\/www.eslebedasauto.at\/#\/schema\/logo\/image\/"},"sameAs":["https:\/\/www.facebook.com\/eslebedasauto.at","https:\/\/www.instagram.com\/es_lebe_das_auto\/"]},{"@type":"Person","@id":"https:\/\/www.eslebedasauto.at\/#\/schema\/person\/fb81218b0bed500d225ff518f9f17033","name":"gerhard","url":"https:\/\/www.eslebedasauto.at\/en\/author\/gerhard\/"}]}},"_links":{"self":[{"href":"https:\/\/www.eslebedasauto.at\/en\/wp-json\/wp\/v2\/posts\/90044","targetHints":{"allow":["GET"]}}],"collection":[{"href":"https:\/\/www.eslebedasauto.at\/en\/wp-json\/wp\/v2\/posts"}],"about":[{"href":"https:\/\/www.eslebedasauto.at\/en\/wp-json\/wp\/v2\/types\/post"}],"author":[{"embeddable":true,"href":"https:\/\/www.eslebedasauto.at\/en\/wp-json\/wp\/v2\/users\/2"}],"replies":[{"embeddable":true,"href":"https:\/\/www.eslebedasauto.at\/en\/wp-json\/wp\/v2\/comments?post=90044"}],"version-history":[{"count":3,"href":"https:\/\/www.eslebedasauto.at\/en\/wp-json\/wp\/v2\/posts\/90044\/revisions"}],"predecessor-version":[{"id":90047,"href":"https:\/\/www.eslebedasauto.at\/en\/wp-json\/wp\/v2\/posts\/90044\/revisions\/90047"}],"wp:featuredmedia":[{"embeddable":true,"href":"https:\/\/www.eslebedasauto.at\/en\/wp-json\/wp\/v2\/media\/90043"}],"wp:attachment":[{"href":"https:\/\/www.eslebedasauto.at\/en\/wp-json\/wp\/v2\/media?parent=90044"}],"wp:term":[{"taxonomy":"category","embeddable":true,"href":"https:\/\/www.eslebedasauto.at\/en\/wp-json\/wp\/v2\/categories?post=90044"},{"taxonomy":"post_tag","embeddable":true,"href":"https:\/\/www.eslebedasauto.at\/en\/wp-json\/wp\/v2\/tags?post=90044"}],"curies":[{"name":"wp","href":"https:\/\/api.w.org\/{rel}","templated":true}]}}