{"id":89801,"date":"2024-03-18T09:01:02","date_gmt":"2024-03-18T08:01:02","guid":{"rendered":"https:\/\/www.eslebedasauto.at\/?p=89801"},"modified":"2024-03-18T09:01:02","modified_gmt":"2024-03-18T08:01:02","slug":"ds-9-e-tense-225-test","status":"publish","type":"post","link":"https:\/\/www.eslebedasauto.at\/en\/ds-9-e-tense-225-test\/","title":{"rendered":"Lichtgestalt"},"content":{"rendered":"<h4 id=\"in-einen-ds-9-setzt-man-sich-nicht-einfach-hinein-und-fahrt-los-die-franzosische-premium-limousine-hat-es-sich-verdient-vorher-noch-ordentlich-erkundet-zu-werden\" class=\"wp-block-heading\">In einen DS 9 setzt man sich nicht einfach hinein und f\u00e4hrt los. Die franz\u00f6sische Premium-Limousine hat es sich verdient, vorher noch ordentlich erkundet zu werden. <\/h4>\n\n\n\n<figure class=\"wp-block-image size-large\"><img fetchpriority=\"high\" decoding=\"async\" width=\"1024\" height=\"768\" src=\"https:\/\/www.eslebedasauto.at\/wp-content\/uploads\/2022\/09\/IMG_9046-1024x768.jpeg\" alt=\"\" class=\"wp-image-89814\" srcset=\"https:\/\/www.eslebedasauto.at\/wp-content\/uploads\/2022\/09\/IMG_9046-1024x768.jpeg 1024w, https:\/\/www.eslebedasauto.at\/wp-content\/uploads\/2022\/09\/IMG_9046-300x225.jpeg 300w, https:\/\/www.eslebedasauto.at\/wp-content\/uploads\/2022\/09\/IMG_9046-768x576.jpeg 768w, https:\/\/www.eslebedasauto.at\/wp-content\/uploads\/2022\/09\/IMG_9046-1536x1152.jpeg 1536w, https:\/\/www.eslebedasauto.at\/wp-content\/uploads\/2022\/09\/IMG_9046-800x600.jpeg 800w, https:\/\/www.eslebedasauto.at\/wp-content\/uploads\/2022\/09\/IMG_9046-1160x870.jpeg 1160w, https:\/\/www.eslebedasauto.at\/wp-content\/uploads\/2022\/09\/IMG_9046.jpeg 2048w\" sizes=\"(max-width: 1024px) 100vw, 1024px\" \/><\/figure>\n\n\n\n<p>Erstens sieht man dieses Auto wahrscheinlich nicht so schnell wieder wo rumstehen. Der DS 9 geh\u00f6rt leider zur aussterbenden Art der Luxuslimousinen und ist noch dazu nicht deutscher Herkunft. Dass sich zwei DS 9 in \u00d6sterreich zuf\u00e4llig treffen, wird wohl selten passieren. Dabei h\u00e4tte es sich das kunstsinnige Publikum verdient, dieses Automobil \u00f6fters auf der Stra\u00dfe zu erblicken.<\/p>\n\n\n\n<figure class=\"wp-block-image size-large\"><img decoding=\"async\" width=\"768\" height=\"1024\" src=\"https:\/\/www.eslebedasauto.at\/wp-content\/uploads\/2022\/08\/IMG_1901-768x1024.jpg\" alt=\"\" class=\"wp-image-89752\" srcset=\"https:\/\/www.eslebedasauto.at\/wp-content\/uploads\/2022\/08\/IMG_1901-768x1024.jpg 768w, https:\/\/www.eslebedasauto.at\/wp-content\/uploads\/2022\/08\/IMG_1901-225x300.jpg 225w, https:\/\/www.eslebedasauto.at\/wp-content\/uploads\/2022\/08\/IMG_1901-1152x1536.jpg 1152w, https:\/\/www.eslebedasauto.at\/wp-content\/uploads\/2022\/08\/IMG_1901-1536x2048.jpg 1536w, https:\/\/www.eslebedasauto.at\/wp-content\/uploads\/2022\/08\/IMG_1901-800x1067.jpg 800w, https:\/\/www.eslebedasauto.at\/wp-content\/uploads\/2022\/08\/IMG_1901-1160x1547.jpg 1160w, https:\/\/www.eslebedasauto.at\/wp-content\/uploads\/2022\/08\/IMG_1901-scaled.jpg 1920w\" sizes=\"(max-width: 768px) 100vw, 768px\" \/><\/figure>\n\n\n\n<p>Warum das so ist? Der DS 9 E-Tense ist ein bildsch\u00f6nes Auto, voller Details und vor allem mit erfrischenden Ecken und Kanten &#8211; freilich nicht im w\u00f6rtlichen Sinn. Diese Limousine flie\u00dft vielmehr \u00fcber den Asphalt &#8211; das liegt am langen Radstand und der z\u00e4rtlich dar\u00fcber gegossenen Karosserie. Feine Sicken sorgen daf\u00fcr, dass dieses herrliche Wei\u00df-Metallic k\u00f6rperlich wird, zahlreiche Details, wie die plan einfahrenden T\u00fcrgriffe oder die dezenten Positionslichter an den C-S\u00e4ulen nehmen einem dann beim zweiten Blick so richtig gefangen.<\/p>\n\n\n\n<figure class=\"wp-block-image size-large\"><img decoding=\"async\" width=\"1024\" height=\"768\" src=\"https:\/\/www.eslebedasauto.at\/wp-content\/uploads\/2022\/08\/IMG_1879-1024x768.jpg\" alt=\"\" class=\"wp-image-89736\" srcset=\"https:\/\/www.eslebedasauto.at\/wp-content\/uploads\/2022\/08\/IMG_1879-1024x768.jpg 1024w, https:\/\/www.eslebedasauto.at\/wp-content\/uploads\/2022\/08\/IMG_1879-300x225.jpg 300w, https:\/\/www.eslebedasauto.at\/wp-content\/uploads\/2022\/08\/IMG_1879-768x576.jpg 768w, https:\/\/www.eslebedasauto.at\/wp-content\/uploads\/2022\/08\/IMG_1879-1536x1152.jpg 1536w, https:\/\/www.eslebedasauto.at\/wp-content\/uploads\/2022\/08\/IMG_1879-2048x1536.jpg 2048w, https:\/\/www.eslebedasauto.at\/wp-content\/uploads\/2022\/08\/IMG_1879-800x600.jpg 800w, https:\/\/www.eslebedasauto.at\/wp-content\/uploads\/2022\/08\/IMG_1879-1160x870.jpg 1160w\" sizes=\"(max-width: 1024px) 100vw, 1024px\" \/><\/figure>\n\n\n\n<figure class=\"wp-block-gallery has-nested-images columns-default is-cropped wp-block-gallery-1 is-layout-flex wp-block-gallery-is-layout-flex\">\n<figure class=\"wp-block-image size-large\"><img loading=\"lazy\" decoding=\"async\" width=\"1024\" height=\"768\" data-id=\"89810\" src=\"https:\/\/www.eslebedasauto.at\/wp-content\/uploads\/2022\/09\/IMG_9039-1024x768.jpeg\" alt=\"\" class=\"wp-image-89810\" srcset=\"https:\/\/www.eslebedasauto.at\/wp-content\/uploads\/2022\/09\/IMG_9039-1024x768.jpeg 1024w, https:\/\/www.eslebedasauto.at\/wp-content\/uploads\/2022\/09\/IMG_9039-300x225.jpeg 300w, https:\/\/www.eslebedasauto.at\/wp-content\/uploads\/2022\/09\/IMG_9039-768x576.jpeg 768w, https:\/\/www.eslebedasauto.at\/wp-content\/uploads\/2022\/09\/IMG_9039-1536x1152.jpeg 1536w, https:\/\/www.eslebedasauto.at\/wp-content\/uploads\/2022\/09\/IMG_9039-800x600.jpeg 800w, https:\/\/www.eslebedasauto.at\/wp-content\/uploads\/2022\/09\/IMG_9039-1160x870.jpeg 1160w, https:\/\/www.eslebedasauto.at\/wp-content\/uploads\/2022\/09\/IMG_9039.jpeg 2048w\" sizes=\"(max-width: 1024px) 100vw, 1024px\" \/><\/figure>\n\n\n\n<figure class=\"wp-block-image size-large\"><img loading=\"lazy\" decoding=\"async\" width=\"1024\" height=\"768\" data-id=\"89813\" src=\"https:\/\/www.eslebedasauto.at\/wp-content\/uploads\/2022\/09\/IMG_9042-1024x768.jpeg\" alt=\"\" class=\"wp-image-89813\" srcset=\"https:\/\/www.eslebedasauto.at\/wp-content\/uploads\/2022\/09\/IMG_9042-1024x768.jpeg 1024w, https:\/\/www.eslebedasauto.at\/wp-content\/uploads\/2022\/09\/IMG_9042-300x225.jpeg 300w, https:\/\/www.eslebedasauto.at\/wp-content\/uploads\/2022\/09\/IMG_9042-768x576.jpeg 768w, https:\/\/www.eslebedasauto.at\/wp-content\/uploads\/2022\/09\/IMG_9042-1536x1152.jpeg 1536w, https:\/\/www.eslebedasauto.at\/wp-content\/uploads\/2022\/09\/IMG_9042-800x600.jpeg 800w, https:\/\/www.eslebedasauto.at\/wp-content\/uploads\/2022\/09\/IMG_9042-1160x870.jpeg 1160w, https:\/\/www.eslebedasauto.at\/wp-content\/uploads\/2022\/09\/IMG_9042.jpeg 2048w\" sizes=\"(max-width: 1024px) 100vw, 1024px\" \/><\/figure>\n<\/figure>\n\n\n\n<p>Es sind vor allem die Lichteinheiten, die wie schon bei den anderen DS Modellen unsere Blicke auf sich ziehen. Die LED-Matrix Leuchten vorne erstrahlen nicht blo\u00df, sie rotieren vorher lila gl\u00fchend einmal um ihre Achse um dann scharf gekachelte Lichtstrahlen auf die Stra\u00dfe zu werfen. Auch die hinteren Leuchten wirken eher wie Kunstst\u00fccke, ihren Job als  tolle Beleuchtung machen sie so nebenbei mit. Ebenfalls auff\u00e4llig pr\u00e4sentiert sich eine matt gl\u00e4nzende Aluleiste, die die Motorhaube mittig teilt. Diese sieht man auch vom Lenkrad aus, was das Anpeilen von Kurven erleichtert.<\/p>\n\n\n\n<figure class=\"wp-block-gallery has-nested-images columns-default is-cropped wp-block-gallery-2 is-layout-flex wp-block-gallery-is-layout-flex\">\n<figure class=\"wp-block-image size-large\"><img loading=\"lazy\" decoding=\"async\" width=\"2048\" height=\"1536\" data-id=\"89812\" src=\"https:\/\/www.eslebedasauto.at\/wp-content\/uploads\/2022\/09\/IMG_9041.jpeg\" alt=\"\" class=\"wp-image-89812\" srcset=\"https:\/\/www.eslebedasauto.at\/wp-content\/uploads\/2022\/09\/IMG_9041.jpeg 2048w, https:\/\/www.eslebedasauto.at\/wp-content\/uploads\/2022\/09\/IMG_9041-300x225.jpeg 300w, https:\/\/www.eslebedasauto.at\/wp-content\/uploads\/2022\/09\/IMG_9041-1024x768.jpeg 1024w, https:\/\/www.eslebedasauto.at\/wp-content\/uploads\/2022\/09\/IMG_9041-768x576.jpeg 768w, https:\/\/www.eslebedasauto.at\/wp-content\/uploads\/2022\/09\/IMG_9041-1536x1152.jpeg 1536w, https:\/\/www.eslebedasauto.at\/wp-content\/uploads\/2022\/09\/IMG_9041-800x600.jpeg 800w, https:\/\/www.eslebedasauto.at\/wp-content\/uploads\/2022\/09\/IMG_9041-1160x870.jpeg 1160w\" sizes=\"(max-width: 2048px) 100vw, 2048px\" \/><\/figure>\n\n\n\n<figure class=\"wp-block-image size-large\"><img loading=\"lazy\" decoding=\"async\" width=\"2048\" height=\"1536\" data-id=\"89809\" src=\"https:\/\/www.eslebedasauto.at\/wp-content\/uploads\/2022\/09\/IMG_9037.jpeg\" alt=\"\" class=\"wp-image-89809\" srcset=\"https:\/\/www.eslebedasauto.at\/wp-content\/uploads\/2022\/09\/IMG_9037.jpeg 2048w, https:\/\/www.eslebedasauto.at\/wp-content\/uploads\/2022\/09\/IMG_9037-300x225.jpeg 300w, https:\/\/www.eslebedasauto.at\/wp-content\/uploads\/2022\/09\/IMG_9037-1024x768.jpeg 1024w, https:\/\/www.eslebedasauto.at\/wp-content\/uploads\/2022\/09\/IMG_9037-768x576.jpeg 768w, https:\/\/www.eslebedasauto.at\/wp-content\/uploads\/2022\/09\/IMG_9037-1536x1152.jpeg 1536w, https:\/\/www.eslebedasauto.at\/wp-content\/uploads\/2022\/09\/IMG_9037-800x600.jpeg 800w, https:\/\/www.eslebedasauto.at\/wp-content\/uploads\/2022\/09\/IMG_9037-1160x870.jpeg 1160w\" sizes=\"(max-width: 2048px) 100vw, 2048px\" \/><\/figure>\n<\/figure>\n\n\n\n<figure class=\"wp-block-gallery has-nested-images columns-default is-cropped wp-block-gallery-3 is-layout-flex wp-block-gallery-is-layout-flex\">\n<figure class=\"wp-block-image size-large\"><img loading=\"lazy\" decoding=\"async\" width=\"2560\" height=\"1920\" data-id=\"89749\" src=\"https:\/\/www.eslebedasauto.at\/wp-content\/uploads\/2022\/08\/IMG_1898-scaled.jpg\" alt=\"\" class=\"wp-image-89749\" srcset=\"https:\/\/www.eslebedasauto.at\/wp-content\/uploads\/2022\/08\/IMG_1898-scaled.jpg 2560w, https:\/\/www.eslebedasauto.at\/wp-content\/uploads\/2022\/08\/IMG_1898-300x225.jpg 300w, https:\/\/www.eslebedasauto.at\/wp-content\/uploads\/2022\/08\/IMG_1898-1024x768.jpg 1024w, https:\/\/www.eslebedasauto.at\/wp-content\/uploads\/2022\/08\/IMG_1898-768x576.jpg 768w, https:\/\/www.eslebedasauto.at\/wp-content\/uploads\/2022\/08\/IMG_1898-1536x1152.jpg 1536w, https:\/\/www.eslebedasauto.at\/wp-content\/uploads\/2022\/08\/IMG_1898-2048x1536.jpg 2048w, https:\/\/www.eslebedasauto.at\/wp-content\/uploads\/2022\/08\/IMG_1898-800x600.jpg 800w, https:\/\/www.eslebedasauto.at\/wp-content\/uploads\/2022\/08\/IMG_1898-1160x870.jpg 1160w\" sizes=\"(max-width: 2560px) 100vw, 2560px\" \/><\/figure>\n\n\n\n<figure class=\"wp-block-image size-large\"><img loading=\"lazy\" decoding=\"async\" width=\"2560\" height=\"1920\" data-id=\"89745\" src=\"https:\/\/www.eslebedasauto.at\/wp-content\/uploads\/2022\/08\/IMG_1893-scaled.jpg\" alt=\"\" class=\"wp-image-89745\" srcset=\"https:\/\/www.eslebedasauto.at\/wp-content\/uploads\/2022\/08\/IMG_1893-scaled.jpg 2560w, https:\/\/www.eslebedasauto.at\/wp-content\/uploads\/2022\/08\/IMG_1893-300x225.jpg 300w, https:\/\/www.eslebedasauto.at\/wp-content\/uploads\/2022\/08\/IMG_1893-1024x768.jpg 1024w, https:\/\/www.eslebedasauto.at\/wp-content\/uploads\/2022\/08\/IMG_1893-768x576.jpg 768w, https:\/\/www.eslebedasauto.at\/wp-content\/uploads\/2022\/08\/IMG_1893-1536x1152.jpg 1536w, https:\/\/www.eslebedasauto.at\/wp-content\/uploads\/2022\/08\/IMG_1893-2048x1536.jpg 2048w, https:\/\/www.eslebedasauto.at\/wp-content\/uploads\/2022\/08\/IMG_1893-800x600.jpg 800w, https:\/\/www.eslebedasauto.at\/wp-content\/uploads\/2022\/08\/IMG_1893-1160x870.jpg 1160w\" sizes=\"(max-width: 2560px) 100vw, 2560px\" \/><\/figure>\n<\/figure>\n\n\n\n<figure class=\"wp-block-image size-large\"><img loading=\"lazy\" decoding=\"async\" width=\"1024\" height=\"768\" src=\"https:\/\/www.eslebedasauto.at\/wp-content\/uploads\/2022\/09\/IMG_9040-1024x768.jpeg\" alt=\"\" class=\"wp-image-89811\" srcset=\"https:\/\/www.eslebedasauto.at\/wp-content\/uploads\/2022\/09\/IMG_9040-1024x768.jpeg 1024w, https:\/\/www.eslebedasauto.at\/wp-content\/uploads\/2022\/09\/IMG_9040-300x225.jpeg 300w, https:\/\/www.eslebedasauto.at\/wp-content\/uploads\/2022\/09\/IMG_9040-768x576.jpeg 768w, https:\/\/www.eslebedasauto.at\/wp-content\/uploads\/2022\/09\/IMG_9040-1536x1152.jpeg 1536w, https:\/\/www.eslebedasauto.at\/wp-content\/uploads\/2022\/09\/IMG_9040-800x600.jpeg 800w, https:\/\/www.eslebedasauto.at\/wp-content\/uploads\/2022\/09\/IMG_9040-1160x870.jpeg 1160w, https:\/\/www.eslebedasauto.at\/wp-content\/uploads\/2022\/09\/IMG_9040.jpeg 2048w\" sizes=\"(max-width: 1024px) 100vw, 1024px\" \/><\/figure>\n\n\n\n<p>Die selbe Show im Innenraum. Eine hochwertige Lederverarbeitung sieht man nicht nur, man riecht und greift sie auch &#8211; das Leder-Stitching sucht seinesgleichen. Perln\u00e4hte nennt DS diese hohe Kunst. Ebenso wie die Scheinwerfer schl\u00e4gt auch die noble B.R.M Borduhr einen Salto wenn der Wagen gestartet wird. Gleichzeitig erwacht das Infotainment zum Leben &#8211; die Systematik kennen wir schon vom <a href=\"https:\/\/www.eslebedasauto.at\/en\/ds-7-crossback-e-tense-4x4-300-test\/\">DS 7 Crossback<\/a>. Die Bedienung erfolgt wie gehabt weitgehend r\u00e4tselfrei. Ein kleines Manko haben wir trotzdem gefunden: Die R\u00fcckfahrkamera scheint noch aus der Nokia-\u00c4ra zu stammen, so pixelig ist ihr Bild. Bitte ganz schnell die Optik des <a href=\"https:\/\/www.eslebedasauto.at\/en\/ds-4-e-tense-test\/\">DS 4 <\/a>einbauen.<\/p>\n\n\n\n<figure class=\"wp-block-image size-large\"><img loading=\"lazy\" decoding=\"async\" width=\"1024\" height=\"768\" src=\"https:\/\/www.eslebedasauto.at\/wp-content\/uploads\/2022\/08\/IMG_1889-1024x768.jpg\" alt=\"\" class=\"wp-image-89741\" srcset=\"https:\/\/www.eslebedasauto.at\/wp-content\/uploads\/2022\/08\/IMG_1889-1024x768.jpg 1024w, https:\/\/www.eslebedasauto.at\/wp-content\/uploads\/2022\/08\/IMG_1889-300x225.jpg 300w, https:\/\/www.eslebedasauto.at\/wp-content\/uploads\/2022\/08\/IMG_1889-768x576.jpg 768w, https:\/\/www.eslebedasauto.at\/wp-content\/uploads\/2022\/08\/IMG_1889-1536x1152.jpg 1536w, https:\/\/www.eslebedasauto.at\/wp-content\/uploads\/2022\/08\/IMG_1889-2048x1536.jpg 2048w, https:\/\/www.eslebedasauto.at\/wp-content\/uploads\/2022\/08\/IMG_1889-800x600.jpg 800w, https:\/\/www.eslebedasauto.at\/wp-content\/uploads\/2022\/08\/IMG_1889-1160x870.jpg 1160w\" sizes=\"(max-width: 1024px) 100vw, 1024px\" \/><\/figure>\n\n\n\n<p>Obwohl der Wagen schon l\u00e4uft, h\u00f6rt man nichts. Der DS 9 E-Tense startet stets im Elektromodus und h\u00e4lt diesen &#8211; falls vollgeladen &#8211; auch gute 50 Kilometer weit. Dieses lautlose Wegschleichen passt einfach hervorragend zum noblen Charakter dieser franz\u00f6sischen Limousine. Die Plug-in-Hybrid Motorisierung unseres E-Tense 225 Testwagens hat sich inzwischen zu einer der g\u00e4ngigsten Antriebe im Stellantis-Konzern etabliert. Auch hier macht die Kombi einen tollen Job &#8211; zuletzt hatten wir sie im <a href=\"https:\/\/www.eslebedasauto.at\/en\/citroen-c5-x-test\/\">Citroen C5 X im Test<\/a>.<\/p>\n\n\n\n<figure class=\"wp-block-gallery has-nested-images columns-default is-cropped wp-block-gallery-4 is-layout-flex wp-block-gallery-is-layout-flex\">\n<figure class=\"wp-block-image size-large\"><img loading=\"lazy\" decoding=\"async\" width=\"2560\" height=\"1920\" data-id=\"89731\" src=\"https:\/\/www.eslebedasauto.at\/wp-content\/uploads\/2022\/08\/IMG_1873-scaled.jpg\" alt=\"\" class=\"wp-image-89731\" srcset=\"https:\/\/www.eslebedasauto.at\/wp-content\/uploads\/2022\/08\/IMG_1873-scaled.jpg 2560w, https:\/\/www.eslebedasauto.at\/wp-content\/uploads\/2022\/08\/IMG_1873-300x225.jpg 300w, https:\/\/www.eslebedasauto.at\/wp-content\/uploads\/2022\/08\/IMG_1873-1024x768.jpg 1024w, https:\/\/www.eslebedasauto.at\/wp-content\/uploads\/2022\/08\/IMG_1873-768x576.jpg 768w, https:\/\/www.eslebedasauto.at\/wp-content\/uploads\/2022\/08\/IMG_1873-1536x1152.jpg 1536w, https:\/\/www.eslebedasauto.at\/wp-content\/uploads\/2022\/08\/IMG_1873-2048x1536.jpg 2048w, https:\/\/www.eslebedasauto.at\/wp-content\/uploads\/2022\/08\/IMG_1873-800x600.jpg 800w, https:\/\/www.eslebedasauto.at\/wp-content\/uploads\/2022\/08\/IMG_1873-1160x870.jpg 1160w\" sizes=\"(max-width: 2560px) 100vw, 2560px\" \/><\/figure>\n\n\n\n<figure class=\"wp-block-image size-large\"><img loading=\"lazy\" decoding=\"async\" width=\"2560\" height=\"1920\" data-id=\"89736\" src=\"https:\/\/www.eslebedasauto.at\/wp-content\/uploads\/2022\/08\/IMG_1879-scaled.jpg\" alt=\"\" class=\"wp-image-89736\" srcset=\"https:\/\/www.eslebedasauto.at\/wp-content\/uploads\/2022\/08\/IMG_1879-scaled.jpg 2560w, https:\/\/www.eslebedasauto.at\/wp-content\/uploads\/2022\/08\/IMG_1879-300x225.jpg 300w, https:\/\/www.eslebedasauto.at\/wp-content\/uploads\/2022\/08\/IMG_1879-1024x768.jpg 1024w, https:\/\/www.eslebedasauto.at\/wp-content\/uploads\/2022\/08\/IMG_1879-768x576.jpg 768w, https:\/\/www.eslebedasauto.at\/wp-content\/uploads\/2022\/08\/IMG_1879-1536x1152.jpg 1536w, https:\/\/www.eslebedasauto.at\/wp-content\/uploads\/2022\/08\/IMG_1879-2048x1536.jpg 2048w, https:\/\/www.eslebedasauto.at\/wp-content\/uploads\/2022\/08\/IMG_1879-800x600.jpg 800w, https:\/\/www.eslebedasauto.at\/wp-content\/uploads\/2022\/08\/IMG_1879-1160x870.jpg 1160w\" sizes=\"(max-width: 2560px) 100vw, 2560px\" \/><\/figure>\n<\/figure>\n\n\n\n<p>Im DS 9 E-Tense 225 reist es sich ebenfalls hervorragend &#8211; es ist aber gelungen, der gro\u00dfen DS Limousine eine v\u00f6llig andere Fahrcharakteristik als dem Citroen C5 X zu verleihen. Der DS 9 ist einen Hauch knackiger ausgelegt &#8211; dieses s\u00e4nftenartige Schwingen des C5 X legt er nicht an den Tag &#8211; alles ist ein wenig verbindlicher aber dennoch niemals unkomfortabel.<\/p>\n\n\n\n<figure class=\"wp-block-image size-large\"><img loading=\"lazy\" decoding=\"async\" width=\"1024\" height=\"768\" src=\"https:\/\/www.eslebedasauto.at\/wp-content\/uploads\/2022\/08\/IMG_1877-1024x768.jpg\" alt=\"\" class=\"wp-image-89734\" srcset=\"https:\/\/www.eslebedasauto.at\/wp-content\/uploads\/2022\/08\/IMG_1877-1024x768.jpg 1024w, https:\/\/www.eslebedasauto.at\/wp-content\/uploads\/2022\/08\/IMG_1877-300x225.jpg 300w, https:\/\/www.eslebedasauto.at\/wp-content\/uploads\/2022\/08\/IMG_1877-768x576.jpg 768w, https:\/\/www.eslebedasauto.at\/wp-content\/uploads\/2022\/08\/IMG_1877-1536x1152.jpg 1536w, https:\/\/www.eslebedasauto.at\/wp-content\/uploads\/2022\/08\/IMG_1877-2048x1536.jpg 2048w, https:\/\/www.eslebedasauto.at\/wp-content\/uploads\/2022\/08\/IMG_1877-800x600.jpg 800w, https:\/\/www.eslebedasauto.at\/wp-content\/uploads\/2022\/08\/IMG_1877-1160x870.jpg 1160w\" sizes=\"(max-width: 1024px) 100vw, 1024px\" \/><\/figure>\n\n\n\n<h4 id=\"fazit\" class=\"wp-block-heading\">Fazit<\/h4>\n\n\n\n<p>Rein atmosph\u00e4risch liegt der DS 9 E-Tense 225 \u00fcber der Konkurrenz aus Deutschland. Preislich deutlich darunter. Ab EUR 55.900 kann man sich wie Emanuel Macron f\u00fchlen &#8211; falls er nicht gerade in einem DS 7 sitzt. Wie oben schon erw\u00e4hnt hat es der DS 9 als Limousine am Markt nat\u00fcrlich nicht leicht &#8211; die allgegenw\u00e4rtigen SUV graben diesen eleganten Gesch\u00f6pfen das Wasser ab. Jedem DS 9 Eigner sollte in diesem Sinne ein Orden f\u00fcr guten Geschmack und die Versch\u00f6nerung des Stra\u00dfenbildes verliehen werden.<\/p>\n\n\n\n<h4 id=\"daten-fakten-ds9-e-tense-225-rivoli\" class=\"wp-block-heading\">Daten Fakten DS9 E-Tense 225 Rivoli+<\/h4>\n\n\n\n<p>Motor: 4-Zylinder Turbobenziner + E-Motor<br>Systemleistung: 225 PS<br>Drehmoment: 320 Nm.<br>Testverbrauch: 6,1 Liter<br>Vmax: 240 km\/h<br>0 -100 km\/h: 8,3 Sek<br>Preis ab EUR 55.900,00<\/p>","protected":false},"excerpt":{"rendered":"<p>Der DS 9 hat es als Limousine am Markt nicht leicht &#8211; die allgegenw\u00e4rtigen SUV graben diesen eleganten Gesch\u00f6pfen das Wasser ab.<\/p>","protected":false},"author":2,"featured_media":89815,"comment_status":"open","ping_status":"open","sticky":false,"template":"","format":"standard","meta":{"neve_meta_sidebar":"","neve_meta_container":"","neve_meta_enable_content_width":"","neve_meta_content_width":0,"neve_meta_title_alignment":"","neve_meta_author_avatar":"","neve_post_elements_order":"","neve_meta_disable_header":"","neve_meta_disable_footer":"","neve_meta_disable_title":"","neve_meta_reading_time":"","footnotes":""},"categories":[335,12],"tags":[],"class_list":["post-89801","post","type-post","status-publish","format-standard","has-post-thumbnail","hentry","category-fahrberichte","category-hybrid"],"yoast_head":"<!-- This site is optimized with the Yoast SEO plugin v26.8 - https:\/\/yoast.com\/product\/yoast-seo-wordpress\/ -->\n<title>Lichtgestalt - Es lebe das Auto<\/title>\n<meta name=\"description\" content=\"Der DS 9 hat es als Limousine am Markt nicht leicht - die allgegenw\u00e4rtigen SUV graben diesen eleganten Gesch\u00f6pfen das Wasser ab.\" \/>\n<meta name=\"robots\" content=\"index, follow, max-snippet:-1, max-image-preview:large, max-video-preview:-1\" \/>\n<link rel=\"canonical\" href=\"https:\/\/www.eslebedasauto.at\/en\/ds-9-e-tense-225-test\/\" \/>\n<meta property=\"og:locale\" content=\"en_GB\" \/>\n<meta property=\"og:type\" content=\"article\" \/>\n<meta property=\"og:title\" content=\"Lichtgestalt - Es lebe das Auto\" \/>\n<meta property=\"og:description\" content=\"Der DS 9 hat es als Limousine am Markt nicht leicht - die allgegenw\u00e4rtigen SUV graben diesen eleganten Gesch\u00f6pfen das Wasser ab.\" \/>\n<meta property=\"og:url\" content=\"https:\/\/www.eslebedasauto.at\/en\/ds-9-e-tense-225-test\/\" \/>\n<meta property=\"og:site_name\" content=\"Es lebe das Auto\" \/>\n<meta property=\"article:publisher\" content=\"https:\/\/www.facebook.com\/eslebedasauto.at\" \/>\n<meta property=\"article:published_time\" content=\"2024-03-18T08:01:02+00:00\" \/>\n<meta property=\"og:image\" content=\"https:\/\/www.eslebedasauto.at\/wp-content\/uploads\/2022\/09\/IMG_9048.jpeg\" \/>\n\t<meta property=\"og:image:width\" content=\"2048\" \/>\n\t<meta property=\"og:image:height\" content=\"1536\" \/>\n\t<meta property=\"og:image:type\" content=\"image\/jpeg\" \/>\n<meta name=\"author\" content=\"gerhard\" \/>\n<meta name=\"twitter:card\" content=\"summary_large_image\" \/>\n<meta name=\"twitter:label1\" content=\"Written by\" \/>\n\t<meta name=\"twitter:data1\" content=\"gerhard\" \/>\n\t<meta name=\"twitter:label2\" content=\"Estimated reading time\" \/>\n\t<meta name=\"twitter:data2\" content=\"7 minutes\" \/>\n<script type=\"application\/ld+json\" class=\"yoast-schema-graph\">{\"@context\":\"https:\/\/schema.org\",\"@graph\":[{\"@type\":\"Article\",\"@id\":\"https:\/\/www.eslebedasauto.at\/ds-9-e-tense-225-test\/#article\",\"isPartOf\":{\"@id\":\"https:\/\/www.eslebedasauto.at\/ds-9-e-tense-225-test\/\"},\"author\":{\"name\":\"gerhard\",\"@id\":\"https:\/\/www.eslebedasauto.at\/#\/schema\/person\/fb81218b0bed500d225ff518f9f17033\"},\"headline\":\"Lichtgestalt\",\"datePublished\":\"2024-03-18T08:01:02+00:00\",\"mainEntityOfPage\":{\"@id\":\"https:\/\/www.eslebedasauto.at\/ds-9-e-tense-225-test\/\"},\"wordCount\":624,\"commentCount\":0,\"publisher\":{\"@id\":\"https:\/\/www.eslebedasauto.at\/#organization\"},\"image\":{\"@id\":\"https:\/\/www.eslebedasauto.at\/ds-9-e-tense-225-test\/#primaryimage\"},\"thumbnailUrl\":\"https:\/\/www.eslebedasauto.at\/wp-content\/uploads\/2022\/09\/IMG_9048.jpeg\",\"articleSection\":[\"Fahrberichte\",\"Hybrid\"],\"inLanguage\":\"en-GB\",\"potentialAction\":[{\"@type\":\"CommentAction\",\"name\":\"Comment\",\"target\":[\"https:\/\/www.eslebedasauto.at\/ds-9-e-tense-225-test\/#respond\"]}]},{\"@type\":\"WebPage\",\"@id\":\"https:\/\/www.eslebedasauto.at\/ds-9-e-tense-225-test\/\",\"url\":\"https:\/\/www.eslebedasauto.at\/ds-9-e-tense-225-test\/\",\"name\":\"Lichtgestalt - Es lebe das Auto\",\"isPartOf\":{\"@id\":\"https:\/\/www.eslebedasauto.at\/#website\"},\"primaryImageOfPage\":{\"@id\":\"https:\/\/www.eslebedasauto.at\/ds-9-e-tense-225-test\/#primaryimage\"},\"image\":{\"@id\":\"https:\/\/www.eslebedasauto.at\/ds-9-e-tense-225-test\/#primaryimage\"},\"thumbnailUrl\":\"https:\/\/www.eslebedasauto.at\/wp-content\/uploads\/2022\/09\/IMG_9048.jpeg\",\"datePublished\":\"2024-03-18T08:01:02+00:00\",\"description\":\"Der DS 9 hat es als Limousine am Markt nicht leicht - die allgegenw\u00e4rtigen SUV graben diesen eleganten Gesch\u00f6pfen das Wasser ab.\",\"breadcrumb\":{\"@id\":\"https:\/\/www.eslebedasauto.at\/ds-9-e-tense-225-test\/#breadcrumb\"},\"inLanguage\":\"en-GB\",\"potentialAction\":[{\"@type\":\"ReadAction\",\"target\":[\"https:\/\/www.eslebedasauto.at\/ds-9-e-tense-225-test\/\"]}]},{\"@type\":\"ImageObject\",\"inLanguage\":\"en-GB\",\"@id\":\"https:\/\/www.eslebedasauto.at\/ds-9-e-tense-225-test\/#primaryimage\",\"url\":\"https:\/\/www.eslebedasauto.at\/wp-content\/uploads\/2022\/09\/IMG_9048.jpeg\",\"contentUrl\":\"https:\/\/www.eslebedasauto.at\/wp-content\/uploads\/2022\/09\/IMG_9048.jpeg\",\"width\":2048,\"height\":1536},{\"@type\":\"BreadcrumbList\",\"@id\":\"https:\/\/www.eslebedasauto.at\/ds-9-e-tense-225-test\/#breadcrumb\",\"itemListElement\":[{\"@type\":\"ListItem\",\"position\":1,\"name\":\"Startseite\",\"item\":\"https:\/\/www.eslebedasauto.at\/\"},{\"@type\":\"ListItem\",\"position\":2,\"name\":\"Lichtgestalt\"}]},{\"@type\":\"WebSite\",\"@id\":\"https:\/\/www.eslebedasauto.at\/#website\",\"url\":\"https:\/\/www.eslebedasauto.at\/\",\"name\":\"Es lebe das Auto\",\"description\":\"ein Hoch auf den Individualverkehr\",\"publisher\":{\"@id\":\"https:\/\/www.eslebedasauto.at\/#organization\"},\"potentialAction\":[{\"@type\":\"SearchAction\",\"target\":{\"@type\":\"EntryPoint\",\"urlTemplate\":\"https:\/\/www.eslebedasauto.at\/?s={search_term_string}\"},\"query-input\":{\"@type\":\"PropertyValueSpecification\",\"valueRequired\":true,\"valueName\":\"search_term_string\"}}],\"inLanguage\":\"en-GB\"},{\"@type\":\"Organization\",\"@id\":\"https:\/\/www.eslebedasauto.at\/#organization\",\"name\":\"eslebedasauto\",\"url\":\"https:\/\/www.eslebedasauto.at\/\",\"logo\":{\"@type\":\"ImageObject\",\"inLanguage\":\"en-GB\",\"@id\":\"https:\/\/www.eslebedasauto.at\/#\/schema\/logo\/image\/\",\"url\":\"https:\/\/www.eslebedasauto.at\/wp-content\/uploads\/2025\/10\/eldarund.png\",\"contentUrl\":\"https:\/\/www.eslebedasauto.at\/wp-content\/uploads\/2025\/10\/eldarund.png\",\"width\":1024,\"height\":1024,\"caption\":\"eslebedasauto\"},\"image\":{\"@id\":\"https:\/\/www.eslebedasauto.at\/#\/schema\/logo\/image\/\"},\"sameAs\":[\"https:\/\/www.facebook.com\/eslebedasauto.at\",\"https:\/\/www.instagram.com\/es_lebe_das_auto\/\"]},{\"@type\":\"Person\",\"@id\":\"https:\/\/www.eslebedasauto.at\/#\/schema\/person\/fb81218b0bed500d225ff518f9f17033\",\"name\":\"gerhard\",\"url\":\"https:\/\/www.eslebedasauto.at\/en\/author\/gerhard\/\"}]}<\/script>\n<!-- \/ Yoast SEO plugin. -->","yoast_head_json":{"title":"Lichtgestalt - Es lebe das Auto","description":"Der DS 9 hat es als Limousine am Markt nicht leicht - die allgegenw\u00e4rtigen SUV graben diesen eleganten Gesch\u00f6pfen das Wasser ab.","robots":{"index":"index","follow":"follow","max-snippet":"max-snippet:-1","max-image-preview":"max-image-preview:large","max-video-preview":"max-video-preview:-1"},"canonical":"https:\/\/www.eslebedasauto.at\/en\/ds-9-e-tense-225-test\/","og_locale":"en_GB","og_type":"article","og_title":"Lichtgestalt - Es lebe das Auto","og_description":"Der DS 9 hat es als Limousine am Markt nicht leicht - die allgegenw\u00e4rtigen SUV graben diesen eleganten Gesch\u00f6pfen das Wasser ab.","og_url":"https:\/\/www.eslebedasauto.at\/en\/ds-9-e-tense-225-test\/","og_site_name":"Es lebe das Auto","article_publisher":"https:\/\/www.facebook.com\/eslebedasauto.at","article_published_time":"2024-03-18T08:01:02+00:00","og_image":[{"width":2048,"height":1536,"url":"https:\/\/www.eslebedasauto.at\/wp-content\/uploads\/2022\/09\/IMG_9048.jpeg","type":"image\/jpeg"}],"author":"gerhard","twitter_card":"summary_large_image","twitter_misc":{"Written by":"gerhard","Estimated reading time":"7 minutes"},"schema":{"@context":"https:\/\/schema.org","@graph":[{"@type":"Article","@id":"https:\/\/www.eslebedasauto.at\/ds-9-e-tense-225-test\/#article","isPartOf":{"@id":"https:\/\/www.eslebedasauto.at\/ds-9-e-tense-225-test\/"},"author":{"name":"gerhard","@id":"https:\/\/www.eslebedasauto.at\/#\/schema\/person\/fb81218b0bed500d225ff518f9f17033"},"headline":"Lichtgestalt","datePublished":"2024-03-18T08:01:02+00:00","mainEntityOfPage":{"@id":"https:\/\/www.eslebedasauto.at\/ds-9-e-tense-225-test\/"},"wordCount":624,"commentCount":0,"publisher":{"@id":"https:\/\/www.eslebedasauto.at\/#organization"},"image":{"@id":"https:\/\/www.eslebedasauto.at\/ds-9-e-tense-225-test\/#primaryimage"},"thumbnailUrl":"https:\/\/www.eslebedasauto.at\/wp-content\/uploads\/2022\/09\/IMG_9048.jpeg","articleSection":["Fahrberichte","Hybrid"],"inLanguage":"en-GB","potentialAction":[{"@type":"CommentAction","name":"Comment","target":["https:\/\/www.eslebedasauto.at\/ds-9-e-tense-225-test\/#respond"]}]},{"@type":"WebPage","@id":"https:\/\/www.eslebedasauto.at\/ds-9-e-tense-225-test\/","url":"https:\/\/www.eslebedasauto.at\/ds-9-e-tense-225-test\/","name":"Lichtgestalt - Es lebe das Auto","isPartOf":{"@id":"https:\/\/www.eslebedasauto.at\/#website"},"primaryImageOfPage":{"@id":"https:\/\/www.eslebedasauto.at\/ds-9-e-tense-225-test\/#primaryimage"},"image":{"@id":"https:\/\/www.eslebedasauto.at\/ds-9-e-tense-225-test\/#primaryimage"},"thumbnailUrl":"https:\/\/www.eslebedasauto.at\/wp-content\/uploads\/2022\/09\/IMG_9048.jpeg","datePublished":"2024-03-18T08:01:02+00:00","description":"Der DS 9 hat es als Limousine am Markt nicht leicht - die allgegenw\u00e4rtigen SUV graben diesen eleganten Gesch\u00f6pfen das Wasser ab.","breadcrumb":{"@id":"https:\/\/www.eslebedasauto.at\/ds-9-e-tense-225-test\/#breadcrumb"},"inLanguage":"en-GB","potentialAction":[{"@type":"ReadAction","target":["https:\/\/www.eslebedasauto.at\/ds-9-e-tense-225-test\/"]}]},{"@type":"ImageObject","inLanguage":"en-GB","@id":"https:\/\/www.eslebedasauto.at\/ds-9-e-tense-225-test\/#primaryimage","url":"https:\/\/www.eslebedasauto.at\/wp-content\/uploads\/2022\/09\/IMG_9048.jpeg","contentUrl":"https:\/\/www.eslebedasauto.at\/wp-content\/uploads\/2022\/09\/IMG_9048.jpeg","width":2048,"height":1536},{"@type":"BreadcrumbList","@id":"https:\/\/www.eslebedasauto.at\/ds-9-e-tense-225-test\/#breadcrumb","itemListElement":[{"@type":"ListItem","position":1,"name":"Startseite","item":"https:\/\/www.eslebedasauto.at\/"},{"@type":"ListItem","position":2,"name":"Lichtgestalt"}]},{"@type":"WebSite","@id":"https:\/\/www.eslebedasauto.at\/#website","url":"https:\/\/www.eslebedasauto.at\/","name":"Es lebe das Auto","description":"ein Hoch auf den Individualverkehr","publisher":{"@id":"https:\/\/www.eslebedasauto.at\/#organization"},"potentialAction":[{"@type":"SearchAction","target":{"@type":"EntryPoint","urlTemplate":"https:\/\/www.eslebedasauto.at\/?s={search_term_string}"},"query-input":{"@type":"PropertyValueSpecification","valueRequired":true,"valueName":"search_term_string"}}],"inLanguage":"en-GB"},{"@type":"Organization","@id":"https:\/\/www.eslebedasauto.at\/#organization","name":"eslebedasauto","url":"https:\/\/www.eslebedasauto.at\/","logo":{"@type":"ImageObject","inLanguage":"en-GB","@id":"https:\/\/www.eslebedasauto.at\/#\/schema\/logo\/image\/","url":"https:\/\/www.eslebedasauto.at\/wp-content\/uploads\/2025\/10\/eldarund.png","contentUrl":"https:\/\/www.eslebedasauto.at\/wp-content\/uploads\/2025\/10\/eldarund.png","width":1024,"height":1024,"caption":"eslebedasauto"},"image":{"@id":"https:\/\/www.eslebedasauto.at\/#\/schema\/logo\/image\/"},"sameAs":["https:\/\/www.facebook.com\/eslebedasauto.at","https:\/\/www.instagram.com\/es_lebe_das_auto\/"]},{"@type":"Person","@id":"https:\/\/www.eslebedasauto.at\/#\/schema\/person\/fb81218b0bed500d225ff518f9f17033","name":"gerhard","url":"https:\/\/www.eslebedasauto.at\/en\/author\/gerhard\/"}]}},"_links":{"self":[{"href":"https:\/\/www.eslebedasauto.at\/en\/wp-json\/wp\/v2\/posts\/89801","targetHints":{"allow":["GET"]}}],"collection":[{"href":"https:\/\/www.eslebedasauto.at\/en\/wp-json\/wp\/v2\/posts"}],"about":[{"href":"https:\/\/www.eslebedasauto.at\/en\/wp-json\/wp\/v2\/types\/post"}],"author":[{"embeddable":true,"href":"https:\/\/www.eslebedasauto.at\/en\/wp-json\/wp\/v2\/users\/2"}],"replies":[{"embeddable":true,"href":"https:\/\/www.eslebedasauto.at\/en\/wp-json\/wp\/v2\/comments?post=89801"}],"version-history":[{"count":8,"href":"https:\/\/www.eslebedasauto.at\/en\/wp-json\/wp\/v2\/posts\/89801\/revisions"}],"predecessor-version":[{"id":89820,"href":"https:\/\/www.eslebedasauto.at\/en\/wp-json\/wp\/v2\/posts\/89801\/revisions\/89820"}],"wp:featuredmedia":[{"embeddable":true,"href":"https:\/\/www.eslebedasauto.at\/en\/wp-json\/wp\/v2\/media\/89815"}],"wp:attachment":[{"href":"https:\/\/www.eslebedasauto.at\/en\/wp-json\/wp\/v2\/media?parent=89801"}],"wp:term":[{"taxonomy":"category","embeddable":true,"href":"https:\/\/www.eslebedasauto.at\/en\/wp-json\/wp\/v2\/categories?post=89801"},{"taxonomy":"post_tag","embeddable":true,"href":"https:\/\/www.eslebedasauto.at\/en\/wp-json\/wp\/v2\/tags?post=89801"}],"curies":[{"name":"wp","href":"https:\/\/api.w.org\/{rel}","templated":true}]}}