{"id":89103,"date":"2024-03-18T09:01:04","date_gmt":"2024-03-18T08:01:04","guid":{"rendered":"https:\/\/www.eslebedasauto.at\/?p=89103"},"modified":"2024-03-18T09:01:04","modified_gmt":"2024-03-18T08:01:04","slug":"ford-galaxy-hybrid-test","status":"publish","type":"post","link":"https:\/\/www.eslebedasauto.at\/en\/ford-galaxy-hybrid-test\/","title":{"rendered":"Die fixe Gr\u00f6\u00dfe"},"content":{"rendered":"<h2 id=\"wltp-verbrauchsangaben-sind-ja-meistens-die-reinste-utopie-beim-ford-galaxy-hybrid-ist-das-anders\" class=\"wp-block-heading\">WLTP-Verbrauchsangaben sind ja meistens die reinste Utopie. Beim Ford Galaxy Hybrid ist das anders.<\/h2>\n\n\n\n<figure class=\"wp-block-image size-large\"><img fetchpriority=\"high\" decoding=\"async\" width=\"1024\" height=\"768\" src=\"https:\/\/www.eslebedasauto.at\/wp-content\/uploads\/2022\/06\/7BF7B896-2A08-4904-BF59-E3D9DDEE9909-1024x768.jpeg\" alt=\"\" class=\"wp-image-89016\" srcset=\"https:\/\/www.eslebedasauto.at\/wp-content\/uploads\/2022\/06\/7BF7B896-2A08-4904-BF59-E3D9DDEE9909-1024x768.jpeg 1024w, https:\/\/www.eslebedasauto.at\/wp-content\/uploads\/2022\/06\/7BF7B896-2A08-4904-BF59-E3D9DDEE9909-300x225.jpeg 300w, https:\/\/www.eslebedasauto.at\/wp-content\/uploads\/2022\/06\/7BF7B896-2A08-4904-BF59-E3D9DDEE9909-768x576.jpeg 768w, https:\/\/www.eslebedasauto.at\/wp-content\/uploads\/2022\/06\/7BF7B896-2A08-4904-BF59-E3D9DDEE9909-1536x1152.jpeg 1536w, https:\/\/www.eslebedasauto.at\/wp-content\/uploads\/2022\/06\/7BF7B896-2A08-4904-BF59-E3D9DDEE9909-2048x1536.jpeg 2048w, https:\/\/www.eslebedasauto.at\/wp-content\/uploads\/2022\/06\/7BF7B896-2A08-4904-BF59-E3D9DDEE9909-800x600.jpeg 800w, https:\/\/www.eslebedasauto.at\/wp-content\/uploads\/2022\/06\/7BF7B896-2A08-4904-BF59-E3D9DDEE9909-1160x870.jpeg 1160w\" sizes=\"(max-width: 1024px) 100vw, 1024px\" \/><\/figure>\n\n\n\n<p>Irgendwie ist der Ford Galaxy ja eine aussterbende Art. Gro\u00dfe Vans sind rar geworden. Auf Anhieb fallen einem da h\u00f6chsten der Seat Alhambra und der VW Sharan ein &#8211; und wer wei\u00df, irgendwann werden die Beiden wahrscheinlich auch durch ein SUV ersetzt. Der Ford Galaxy bleibt da die fixe Gr\u00f6\u00dfe.<\/p>\n\n\n\n<figure class=\"wp-block-image size-large\"><img decoding=\"async\" width=\"1024\" height=\"768\" src=\"https:\/\/www.eslebedasauto.at\/wp-content\/uploads\/2022\/06\/92DC9F83-252E-4592-AAF2-EAC4907F4BF4-1024x768.jpeg\" alt=\"\" class=\"wp-image-89015\" srcset=\"https:\/\/www.eslebedasauto.at\/wp-content\/uploads\/2022\/06\/92DC9F83-252E-4592-AAF2-EAC4907F4BF4-1024x768.jpeg 1024w, https:\/\/www.eslebedasauto.at\/wp-content\/uploads\/2022\/06\/92DC9F83-252E-4592-AAF2-EAC4907F4BF4-300x225.jpeg 300w, https:\/\/www.eslebedasauto.at\/wp-content\/uploads\/2022\/06\/92DC9F83-252E-4592-AAF2-EAC4907F4BF4-768x576.jpeg 768w, https:\/\/www.eslebedasauto.at\/wp-content\/uploads\/2022\/06\/92DC9F83-252E-4592-AAF2-EAC4907F4BF4-1536x1152.jpeg 1536w, https:\/\/www.eslebedasauto.at\/wp-content\/uploads\/2022\/06\/92DC9F83-252E-4592-AAF2-EAC4907F4BF4-2048x1536.jpeg 2048w, https:\/\/www.eslebedasauto.at\/wp-content\/uploads\/2022\/06\/92DC9F83-252E-4592-AAF2-EAC4907F4BF4-800x600.jpeg 800w, https:\/\/www.eslebedasauto.at\/wp-content\/uploads\/2022\/06\/92DC9F83-252E-4592-AAF2-EAC4907F4BF4-1160x870.jpeg 1160w\" sizes=\"(max-width: 1024px) 100vw, 1024px\" \/><\/figure>\n\n\n\n<p>Unl\u00e4ngst hat Ford den praktischen Minivan ordentlich \u00fcberarbeitet und auf den neuesten Stand der Technik gebracht. Das Design blieb weitgehend gleich &#8211; zumindest merkt man keine gr\u00f6beren \u00c4nderungen (obwohl wahrscheinlich das halbe Auto neu ist).  Jedes Kind kennt den Galaxy mit seinem dynamischen K\u00fchlergrill, den nach hinten gezogenen Scheinwerfern und der unverkennbaren Silhouette.<\/p>\n\n\n\n<figure class=\"wp-block-image size-large\"><img decoding=\"async\" width=\"1024\" height=\"768\" src=\"https:\/\/www.eslebedasauto.at\/wp-content\/uploads\/2022\/06\/4F0D295F-D377-4941-A679-A5C599061BAF-1024x768.jpeg\" alt=\"\" class=\"wp-image-89032\" srcset=\"https:\/\/www.eslebedasauto.at\/wp-content\/uploads\/2022\/06\/4F0D295F-D377-4941-A679-A5C599061BAF-1024x768.jpeg 1024w, https:\/\/www.eslebedasauto.at\/wp-content\/uploads\/2022\/06\/4F0D295F-D377-4941-A679-A5C599061BAF-300x225.jpeg 300w, https:\/\/www.eslebedasauto.at\/wp-content\/uploads\/2022\/06\/4F0D295F-D377-4941-A679-A5C599061BAF-768x576.jpeg 768w, https:\/\/www.eslebedasauto.at\/wp-content\/uploads\/2022\/06\/4F0D295F-D377-4941-A679-A5C599061BAF-1536x1152.jpeg 1536w, https:\/\/www.eslebedasauto.at\/wp-content\/uploads\/2022\/06\/4F0D295F-D377-4941-A679-A5C599061BAF-2048x1536.jpeg 2048w, https:\/\/www.eslebedasauto.at\/wp-content\/uploads\/2022\/06\/4F0D295F-D377-4941-A679-A5C599061BAF-800x600.jpeg 800w, https:\/\/www.eslebedasauto.at\/wp-content\/uploads\/2022\/06\/4F0D295F-D377-4941-A679-A5C599061BAF-1160x870.jpeg 1160w\" sizes=\"(max-width: 1024px) 100vw, 1024px\" \/><\/figure>\n\n\n\n<p>Auch innen kennt man sich aus &#8211; das Platzangebot ist einfach riesig. Unser Testwagen war mit sieben Sitzen ausgestattet. Die hinterste Reihe l\u00e4sst sich dabei auf Knopfdruck f\u00e4llen. Der Kofferraum fasst von 300 bis 1300 Liter &#8211; also immens viel. Alle Sitze &#8211; also auch die in Reihe drei &#8211; sind superbequem und betteln geradezu nach Langstrecke. Diesem Betteln haben wir im Zuge unseres Tests dann auch nachgegeben &#8211; mehr davon sp\u00e4ter.<\/p>\n\n\n\n<figure class=\"wp-block-image size-large\"><img loading=\"lazy\" decoding=\"async\" width=\"1024\" height=\"768\" src=\"https:\/\/www.eslebedasauto.at\/wp-content\/uploads\/2022\/06\/99DE282F-8B30-40CC-9786-38A1AC9641A0-1024x768.jpeg\" alt=\"\" class=\"wp-image-89020\" srcset=\"https:\/\/www.eslebedasauto.at\/wp-content\/uploads\/2022\/06\/99DE282F-8B30-40CC-9786-38A1AC9641A0-1024x768.jpeg 1024w, https:\/\/www.eslebedasauto.at\/wp-content\/uploads\/2022\/06\/99DE282F-8B30-40CC-9786-38A1AC9641A0-300x225.jpeg 300w, https:\/\/www.eslebedasauto.at\/wp-content\/uploads\/2022\/06\/99DE282F-8B30-40CC-9786-38A1AC9641A0-768x576.jpeg 768w, https:\/\/www.eslebedasauto.at\/wp-content\/uploads\/2022\/06\/99DE282F-8B30-40CC-9786-38A1AC9641A0-1536x1152.jpeg 1536w, https:\/\/www.eslebedasauto.at\/wp-content\/uploads\/2022\/06\/99DE282F-8B30-40CC-9786-38A1AC9641A0-800x600.jpeg 800w, https:\/\/www.eslebedasauto.at\/wp-content\/uploads\/2022\/06\/99DE282F-8B30-40CC-9786-38A1AC9641A0-1160x870.jpeg 1160w, https:\/\/www.eslebedasauto.at\/wp-content\/uploads\/2022\/06\/99DE282F-8B30-40CC-9786-38A1AC9641A0.jpeg 2048w\" sizes=\"(max-width: 1024px) 100vw, 1024px\" \/><\/figure>\n\n\n\n<p>Als Fahrer hat man es im Ford Galaxy leicht &#8211; die Bedienung ist r\u00e4tselfrei und ohne viel Ein\u00fcbung machbar. Einzig das Navi hat uns etwas entt\u00e4uscht &#8211; gegen Google &amp; Co kommt es nicht mehr an. Wir haben dann per Smartphone navigiert. Die SONY-Hifi Anlage ist daf\u00fcr eine Wucht &#8211; Spotify-Langstreckenorgien werden so zum Genuss.<\/p>\n\n\n\n<figure class=\"wp-block-image size-large\"><img loading=\"lazy\" decoding=\"async\" width=\"1024\" height=\"768\" src=\"https:\/\/www.eslebedasauto.at\/wp-content\/uploads\/2022\/06\/7DFB8788-B304-47FB-9F35-FF52290C4C27-1024x768.jpeg\" alt=\"\" class=\"wp-image-89017\" srcset=\"https:\/\/www.eslebedasauto.at\/wp-content\/uploads\/2022\/06\/7DFB8788-B304-47FB-9F35-FF52290C4C27-1024x768.jpeg 1024w, https:\/\/www.eslebedasauto.at\/wp-content\/uploads\/2022\/06\/7DFB8788-B304-47FB-9F35-FF52290C4C27-300x225.jpeg 300w, https:\/\/www.eslebedasauto.at\/wp-content\/uploads\/2022\/06\/7DFB8788-B304-47FB-9F35-FF52290C4C27-768x576.jpeg 768w, https:\/\/www.eslebedasauto.at\/wp-content\/uploads\/2022\/06\/7DFB8788-B304-47FB-9F35-FF52290C4C27-1536x1152.jpeg 1536w, https:\/\/www.eslebedasauto.at\/wp-content\/uploads\/2022\/06\/7DFB8788-B304-47FB-9F35-FF52290C4C27-2048x1536.jpeg 2048w, https:\/\/www.eslebedasauto.at\/wp-content\/uploads\/2022\/06\/7DFB8788-B304-47FB-9F35-FF52290C4C27-800x600.jpeg 800w, https:\/\/www.eslebedasauto.at\/wp-content\/uploads\/2022\/06\/7DFB8788-B304-47FB-9F35-FF52290C4C27-1160x870.jpeg 1160w\" sizes=\"(max-width: 1024px) 100vw, 1024px\" \/><\/figure>\n\n\n\n<p>Dass nicht zwangsl\u00e4ufig ein Diesel unter der Haube eines Vans arbeiten muss, beweist Ford mit dem Galaxy Hybrid. Dessen 2,5 Liter Vierzylinder leistet 150 PS &#8211; gemeinsam mit einem Elektromotor ergibt sich eine Systemleistung von 190 PS. Gekoppelt ist der Motor an ein effizientes, stufenloses CVT-Getriebe. Ford gibt einen WLTP Verbrauch von 6,5 Litern pro hundert Kilometern an. Der Ford Galaxy schaffte diesen Wert nicht nur &#8211; er hat ihn in unserem Testzeitraum auch um einiges unterboten.<\/p>\n\n\n\n<figure class=\"wp-block-image size-large\"><img loading=\"lazy\" decoding=\"async\" width=\"1024\" height=\"768\" src=\"https:\/\/www.eslebedasauto.at\/wp-content\/uploads\/2022\/06\/IMG_8068-1024x768.jpeg\" alt=\"\" class=\"wp-image-89104\" srcset=\"https:\/\/www.eslebedasauto.at\/wp-content\/uploads\/2022\/06\/IMG_8068-1024x768.jpeg 1024w, https:\/\/www.eslebedasauto.at\/wp-content\/uploads\/2022\/06\/IMG_8068-300x225.jpeg 300w, https:\/\/www.eslebedasauto.at\/wp-content\/uploads\/2022\/06\/IMG_8068-768x576.jpeg 768w, https:\/\/www.eslebedasauto.at\/wp-content\/uploads\/2022\/06\/IMG_8068-1536x1152.jpeg 1536w, https:\/\/www.eslebedasauto.at\/wp-content\/uploads\/2022\/06\/IMG_8068-800x600.jpeg 800w, https:\/\/www.eslebedasauto.at\/wp-content\/uploads\/2022\/06\/IMG_8068-1160x870.jpeg 1160w, https:\/\/www.eslebedasauto.at\/wp-content\/uploads\/2022\/06\/IMG_8068.jpeg 2048w\" sizes=\"(max-width: 1024px) 100vw, 1024px\" \/><\/figure>\n\n\n\n<p>Auf unserer Reise nach Italien an den Gardasee hat auch das Verkehrsaufkommen verbrauchsoptimierend mitgespielt &#8211; der Stau ist n\u00e4mlich ein Freund des Hybridantriebs. Beim Dahinzuckeln geht&#8217;s n\u00e4mlich haupts\u00e4chlich elektrisch dahin &#8211; die Fahrerei war zwar m\u00e4\u00dfig prickelnd, der Verbrauch von 5,6 Litern\/100 km \u00fcber die gut 1200 Kilometer aber beeindruckend.<\/p>\n\n\n\n<figure class=\"wp-block-image size-large\"><img loading=\"lazy\" decoding=\"async\" width=\"1024\" height=\"768\" src=\"https:\/\/www.eslebedasauto.at\/wp-content\/uploads\/2022\/06\/A12E87A3-8DE7-4F6F-B21A-97CF06C0BC57-1024x768.jpeg\" alt=\"\" class=\"wp-image-89021\" srcset=\"https:\/\/www.eslebedasauto.at\/wp-content\/uploads\/2022\/06\/A12E87A3-8DE7-4F6F-B21A-97CF06C0BC57-1024x768.jpeg 1024w, https:\/\/www.eslebedasauto.at\/wp-content\/uploads\/2022\/06\/A12E87A3-8DE7-4F6F-B21A-97CF06C0BC57-300x225.jpeg 300w, https:\/\/www.eslebedasauto.at\/wp-content\/uploads\/2022\/06\/A12E87A3-8DE7-4F6F-B21A-97CF06C0BC57-768x576.jpeg 768w, https:\/\/www.eslebedasauto.at\/wp-content\/uploads\/2022\/06\/A12E87A3-8DE7-4F6F-B21A-97CF06C0BC57-1536x1152.jpeg 1536w, https:\/\/www.eslebedasauto.at\/wp-content\/uploads\/2022\/06\/A12E87A3-8DE7-4F6F-B21A-97CF06C0BC57-2048x1536.jpeg 2048w, https:\/\/www.eslebedasauto.at\/wp-content\/uploads\/2022\/06\/A12E87A3-8DE7-4F6F-B21A-97CF06C0BC57-800x600.jpeg 800w, https:\/\/www.eslebedasauto.at\/wp-content\/uploads\/2022\/06\/A12E87A3-8DE7-4F6F-B21A-97CF06C0BC57-1160x870.jpeg 1160w\" sizes=\"(max-width: 1024px) 100vw, 1024px\" \/><\/figure>\n\n\n\n<h4 id=\"fazit\" class=\"wp-block-heading\">Fazit<\/h4>\n\n\n\n<p>Lang dauerts nimmer, dann ist der Ford Galaxy der einzige Van am Markt. Mit der sparsamen Hybrid Motorisierung hat Ford voll ins Schwarze getroffen &#8211; den Diesel haben wir nicht vermisst. <\/p>\n\n\n\n<figure class=\"wp-block-image size-large\"><img loading=\"lazy\" decoding=\"async\" width=\"1024\" height=\"768\" src=\"https:\/\/www.eslebedasauto.at\/wp-content\/uploads\/2022\/06\/62DFEBA8-3A99-4466-BFCF-2E3586E421B1-1024x768.jpeg\" alt=\"\" class=\"wp-image-89014\" srcset=\"https:\/\/www.eslebedasauto.at\/wp-content\/uploads\/2022\/06\/62DFEBA8-3A99-4466-BFCF-2E3586E421B1-1024x768.jpeg 1024w, https:\/\/www.eslebedasauto.at\/wp-content\/uploads\/2022\/06\/62DFEBA8-3A99-4466-BFCF-2E3586E421B1-300x225.jpeg 300w, https:\/\/www.eslebedasauto.at\/wp-content\/uploads\/2022\/06\/62DFEBA8-3A99-4466-BFCF-2E3586E421B1-768x576.jpeg 768w, https:\/\/www.eslebedasauto.at\/wp-content\/uploads\/2022\/06\/62DFEBA8-3A99-4466-BFCF-2E3586E421B1-1536x1152.jpeg 1536w, https:\/\/www.eslebedasauto.at\/wp-content\/uploads\/2022\/06\/62DFEBA8-3A99-4466-BFCF-2E3586E421B1-2048x1536.jpeg 2048w, https:\/\/www.eslebedasauto.at\/wp-content\/uploads\/2022\/06\/62DFEBA8-3A99-4466-BFCF-2E3586E421B1-800x600.jpeg 800w, https:\/\/www.eslebedasauto.at\/wp-content\/uploads\/2022\/06\/62DFEBA8-3A99-4466-BFCF-2E3586E421B1-1160x870.jpeg 1160w\" sizes=\"(max-width: 1024px) 100vw, 1024px\" \/><\/figure>\n\n\n\n<p><strong>Daten Fakten Ford Galaxy 2,5l FHEV<\/strong><br>Motor: 4-Zylinder Benziner, 150 PS + Elektromotor, 133 PS<br>Hubraum: 2.488 ccm<br>Systemleistung: 190 PS<br>Drehmoment: 200 Nm<br>Testverbrauch: 5,6 Liter Super \/ 100 km<br>Preis: ab EUR 52.850,-<\/p>","protected":false},"excerpt":{"rendered":"<p>Lang dauerts nimmer, dann ist der Ford Galaxy der einzige Van am Markt. Mit der sparsamen Hybrid Motorisierung hat Ford voll ins Schwarze getroffen &#8211; den Diesel haben wir nicht vermisst. <\/p>","protected":false},"author":2,"featured_media":89012,"comment_status":"open","ping_status":"open","sticky":false,"template":"","format":"standard","meta":{"neve_meta_sidebar":"","neve_meta_container":"","neve_meta_enable_content_width":"","neve_meta_content_width":0,"neve_meta_title_alignment":"","neve_meta_author_avatar":"","neve_post_elements_order":"","neve_meta_disable_header":"","neve_meta_disable_footer":"","neve_meta_disable_title":"","neve_meta_reading_time":"","footnotes":""},"categories":[335,12],"tags":[],"class_list":["post-89103","post","type-post","status-publish","format-standard","has-post-thumbnail","hentry","category-fahrberichte","category-hybrid"],"yoast_head":"<!-- This site is optimized with the Yoast SEO plugin v26.8 - https:\/\/yoast.com\/product\/yoast-seo-wordpress\/ -->\n<title>Die fixe Gr\u00f6\u00dfe - Es lebe das Auto<\/title>\n<meta name=\"description\" content=\"Mit der sparsamen Hybrid Motorisierung hat Ford voll ins Schwarze getroffen - den Diesel haben wir nicht vermisst.\" \/>\n<meta name=\"robots\" content=\"index, follow, max-snippet:-1, max-image-preview:large, max-video-preview:-1\" \/>\n<link rel=\"canonical\" href=\"https:\/\/www.eslebedasauto.at\/en\/ford-galaxy-hybrid-test\/\" \/>\n<meta property=\"og:locale\" content=\"en_GB\" \/>\n<meta property=\"og:type\" content=\"article\" \/>\n<meta property=\"og:title\" content=\"Die fixe Gr\u00f6\u00dfe - Es lebe das Auto\" \/>\n<meta property=\"og:description\" content=\"Mit der sparsamen Hybrid Motorisierung hat Ford voll ins Schwarze getroffen - den Diesel haben wir nicht vermisst.\" \/>\n<meta property=\"og:url\" content=\"https:\/\/www.eslebedasauto.at\/en\/ford-galaxy-hybrid-test\/\" \/>\n<meta property=\"og:site_name\" content=\"Es lebe das Auto\" \/>\n<meta property=\"article:publisher\" content=\"https:\/\/www.facebook.com\/eslebedasauto.at\" \/>\n<meta property=\"article:published_time\" content=\"2024-03-18T08:01:04+00:00\" \/>\n<meta property=\"og:image\" content=\"https:\/\/www.eslebedasauto.at\/wp-content\/uploads\/2022\/06\/E0F02043-CAF5-4EF1-ABC1-83CBEB7EA427-scaled.jpeg\" \/>\n\t<meta property=\"og:image:width\" content=\"2560\" \/>\n\t<meta property=\"og:image:height\" content=\"1920\" \/>\n\t<meta property=\"og:image:type\" content=\"image\/jpeg\" \/>\n<meta name=\"author\" content=\"gerhard\" \/>\n<meta name=\"twitter:card\" content=\"summary_large_image\" \/>\n<meta name=\"twitter:label1\" content=\"Written by\" \/>\n\t<meta name=\"twitter:data1\" content=\"gerhard\" \/>\n\t<meta name=\"twitter:label2\" content=\"Estimated reading time\" \/>\n\t<meta name=\"twitter:data2\" content=\"4 minutes\" \/>\n<script type=\"application\/ld+json\" class=\"yoast-schema-graph\">{\"@context\":\"https:\/\/schema.org\",\"@graph\":[{\"@type\":\"Article\",\"@id\":\"https:\/\/www.eslebedasauto.at\/ford-galaxy-hybrid-test\/#article\",\"isPartOf\":{\"@id\":\"https:\/\/www.eslebedasauto.at\/ford-galaxy-hybrid-test\/\"},\"author\":{\"name\":\"gerhard\",\"@id\":\"https:\/\/www.eslebedasauto.at\/#\/schema\/person\/fb81218b0bed500d225ff518f9f17033\"},\"headline\":\"Die fixe Gr\u00f6\u00dfe\",\"datePublished\":\"2024-03-18T08:01:04+00:00\",\"mainEntityOfPage\":{\"@id\":\"https:\/\/www.eslebedasauto.at\/ford-galaxy-hybrid-test\/\"},\"wordCount\":438,\"commentCount\":0,\"publisher\":{\"@id\":\"https:\/\/www.eslebedasauto.at\/#organization\"},\"image\":{\"@id\":\"https:\/\/www.eslebedasauto.at\/ford-galaxy-hybrid-test\/#primaryimage\"},\"thumbnailUrl\":\"https:\/\/www.eslebedasauto.at\/wp-content\/uploads\/2022\/06\/E0F02043-CAF5-4EF1-ABC1-83CBEB7EA427-scaled.jpeg\",\"articleSection\":[\"Fahrberichte\",\"Hybrid\"],\"inLanguage\":\"en-GB\",\"potentialAction\":[{\"@type\":\"CommentAction\",\"name\":\"Comment\",\"target\":[\"https:\/\/www.eslebedasauto.at\/ford-galaxy-hybrid-test\/#respond\"]}]},{\"@type\":\"WebPage\",\"@id\":\"https:\/\/www.eslebedasauto.at\/ford-galaxy-hybrid-test\/\",\"url\":\"https:\/\/www.eslebedasauto.at\/ford-galaxy-hybrid-test\/\",\"name\":\"Die fixe Gr\u00f6\u00dfe - Es lebe das Auto\",\"isPartOf\":{\"@id\":\"https:\/\/www.eslebedasauto.at\/#website\"},\"primaryImageOfPage\":{\"@id\":\"https:\/\/www.eslebedasauto.at\/ford-galaxy-hybrid-test\/#primaryimage\"},\"image\":{\"@id\":\"https:\/\/www.eslebedasauto.at\/ford-galaxy-hybrid-test\/#primaryimage\"},\"thumbnailUrl\":\"https:\/\/www.eslebedasauto.at\/wp-content\/uploads\/2022\/06\/E0F02043-CAF5-4EF1-ABC1-83CBEB7EA427-scaled.jpeg\",\"datePublished\":\"2024-03-18T08:01:04+00:00\",\"description\":\"Mit der sparsamen Hybrid Motorisierung hat Ford voll ins Schwarze getroffen - den Diesel haben wir nicht vermisst.\",\"breadcrumb\":{\"@id\":\"https:\/\/www.eslebedasauto.at\/ford-galaxy-hybrid-test\/#breadcrumb\"},\"inLanguage\":\"en-GB\",\"potentialAction\":[{\"@type\":\"ReadAction\",\"target\":[\"https:\/\/www.eslebedasauto.at\/ford-galaxy-hybrid-test\/\"]}]},{\"@type\":\"ImageObject\",\"inLanguage\":\"en-GB\",\"@id\":\"https:\/\/www.eslebedasauto.at\/ford-galaxy-hybrid-test\/#primaryimage\",\"url\":\"https:\/\/www.eslebedasauto.at\/wp-content\/uploads\/2022\/06\/E0F02043-CAF5-4EF1-ABC1-83CBEB7EA427-scaled.jpeg\",\"contentUrl\":\"https:\/\/www.eslebedasauto.at\/wp-content\/uploads\/2022\/06\/E0F02043-CAF5-4EF1-ABC1-83CBEB7EA427-scaled.jpeg\",\"width\":2560,\"height\":1920},{\"@type\":\"BreadcrumbList\",\"@id\":\"https:\/\/www.eslebedasauto.at\/ford-galaxy-hybrid-test\/#breadcrumb\",\"itemListElement\":[{\"@type\":\"ListItem\",\"position\":1,\"name\":\"Startseite\",\"item\":\"https:\/\/www.eslebedasauto.at\/\"},{\"@type\":\"ListItem\",\"position\":2,\"name\":\"Die fixe Gr\u00f6\u00dfe\"}]},{\"@type\":\"WebSite\",\"@id\":\"https:\/\/www.eslebedasauto.at\/#website\",\"url\":\"https:\/\/www.eslebedasauto.at\/\",\"name\":\"Es lebe das Auto\",\"description\":\"ein Hoch auf den Individualverkehr\",\"publisher\":{\"@id\":\"https:\/\/www.eslebedasauto.at\/#organization\"},\"potentialAction\":[{\"@type\":\"SearchAction\",\"target\":{\"@type\":\"EntryPoint\",\"urlTemplate\":\"https:\/\/www.eslebedasauto.at\/?s={search_term_string}\"},\"query-input\":{\"@type\":\"PropertyValueSpecification\",\"valueRequired\":true,\"valueName\":\"search_term_string\"}}],\"inLanguage\":\"en-GB\"},{\"@type\":\"Organization\",\"@id\":\"https:\/\/www.eslebedasauto.at\/#organization\",\"name\":\"eslebedasauto\",\"url\":\"https:\/\/www.eslebedasauto.at\/\",\"logo\":{\"@type\":\"ImageObject\",\"inLanguage\":\"en-GB\",\"@id\":\"https:\/\/www.eslebedasauto.at\/#\/schema\/logo\/image\/\",\"url\":\"https:\/\/www.eslebedasauto.at\/wp-content\/uploads\/2025\/10\/eldarund.png\",\"contentUrl\":\"https:\/\/www.eslebedasauto.at\/wp-content\/uploads\/2025\/10\/eldarund.png\",\"width\":1024,\"height\":1024,\"caption\":\"eslebedasauto\"},\"image\":{\"@id\":\"https:\/\/www.eslebedasauto.at\/#\/schema\/logo\/image\/\"},\"sameAs\":[\"https:\/\/www.facebook.com\/eslebedasauto.at\",\"https:\/\/www.instagram.com\/es_lebe_das_auto\/\"]},{\"@type\":\"Person\",\"@id\":\"https:\/\/www.eslebedasauto.at\/#\/schema\/person\/fb81218b0bed500d225ff518f9f17033\",\"name\":\"gerhard\",\"url\":\"https:\/\/www.eslebedasauto.at\/en\/author\/gerhard\/\"}]}<\/script>\n<!-- \/ Yoast SEO plugin. -->","yoast_head_json":{"title":"Die fixe Gr\u00f6\u00dfe - Es lebe das Auto","description":"Mit der sparsamen Hybrid Motorisierung hat Ford voll ins Schwarze getroffen - den Diesel haben wir nicht vermisst.","robots":{"index":"index","follow":"follow","max-snippet":"max-snippet:-1","max-image-preview":"max-image-preview:large","max-video-preview":"max-video-preview:-1"},"canonical":"https:\/\/www.eslebedasauto.at\/en\/ford-galaxy-hybrid-test\/","og_locale":"en_GB","og_type":"article","og_title":"Die fixe Gr\u00f6\u00dfe - Es lebe das Auto","og_description":"Mit der sparsamen Hybrid Motorisierung hat Ford voll ins Schwarze getroffen - den Diesel haben wir nicht vermisst.","og_url":"https:\/\/www.eslebedasauto.at\/en\/ford-galaxy-hybrid-test\/","og_site_name":"Es lebe das Auto","article_publisher":"https:\/\/www.facebook.com\/eslebedasauto.at","article_published_time":"2024-03-18T08:01:04+00:00","og_image":[{"width":2560,"height":1920,"url":"https:\/\/www.eslebedasauto.at\/wp-content\/uploads\/2022\/06\/E0F02043-CAF5-4EF1-ABC1-83CBEB7EA427-scaled.jpeg","type":"image\/jpeg"}],"author":"gerhard","twitter_card":"summary_large_image","twitter_misc":{"Written by":"gerhard","Estimated reading time":"4 minutes"},"schema":{"@context":"https:\/\/schema.org","@graph":[{"@type":"Article","@id":"https:\/\/www.eslebedasauto.at\/ford-galaxy-hybrid-test\/#article","isPartOf":{"@id":"https:\/\/www.eslebedasauto.at\/ford-galaxy-hybrid-test\/"},"author":{"name":"gerhard","@id":"https:\/\/www.eslebedasauto.at\/#\/schema\/person\/fb81218b0bed500d225ff518f9f17033"},"headline":"Die fixe Gr\u00f6\u00dfe","datePublished":"2024-03-18T08:01:04+00:00","mainEntityOfPage":{"@id":"https:\/\/www.eslebedasauto.at\/ford-galaxy-hybrid-test\/"},"wordCount":438,"commentCount":0,"publisher":{"@id":"https:\/\/www.eslebedasauto.at\/#organization"},"image":{"@id":"https:\/\/www.eslebedasauto.at\/ford-galaxy-hybrid-test\/#primaryimage"},"thumbnailUrl":"https:\/\/www.eslebedasauto.at\/wp-content\/uploads\/2022\/06\/E0F02043-CAF5-4EF1-ABC1-83CBEB7EA427-scaled.jpeg","articleSection":["Fahrberichte","Hybrid"],"inLanguage":"en-GB","potentialAction":[{"@type":"CommentAction","name":"Comment","target":["https:\/\/www.eslebedasauto.at\/ford-galaxy-hybrid-test\/#respond"]}]},{"@type":"WebPage","@id":"https:\/\/www.eslebedasauto.at\/ford-galaxy-hybrid-test\/","url":"https:\/\/www.eslebedasauto.at\/ford-galaxy-hybrid-test\/","name":"Die fixe Gr\u00f6\u00dfe - Es lebe das Auto","isPartOf":{"@id":"https:\/\/www.eslebedasauto.at\/#website"},"primaryImageOfPage":{"@id":"https:\/\/www.eslebedasauto.at\/ford-galaxy-hybrid-test\/#primaryimage"},"image":{"@id":"https:\/\/www.eslebedasauto.at\/ford-galaxy-hybrid-test\/#primaryimage"},"thumbnailUrl":"https:\/\/www.eslebedasauto.at\/wp-content\/uploads\/2022\/06\/E0F02043-CAF5-4EF1-ABC1-83CBEB7EA427-scaled.jpeg","datePublished":"2024-03-18T08:01:04+00:00","description":"Mit der sparsamen Hybrid Motorisierung hat Ford voll ins Schwarze getroffen - den Diesel haben wir nicht vermisst.","breadcrumb":{"@id":"https:\/\/www.eslebedasauto.at\/ford-galaxy-hybrid-test\/#breadcrumb"},"inLanguage":"en-GB","potentialAction":[{"@type":"ReadAction","target":["https:\/\/www.eslebedasauto.at\/ford-galaxy-hybrid-test\/"]}]},{"@type":"ImageObject","inLanguage":"en-GB","@id":"https:\/\/www.eslebedasauto.at\/ford-galaxy-hybrid-test\/#primaryimage","url":"https:\/\/www.eslebedasauto.at\/wp-content\/uploads\/2022\/06\/E0F02043-CAF5-4EF1-ABC1-83CBEB7EA427-scaled.jpeg","contentUrl":"https:\/\/www.eslebedasauto.at\/wp-content\/uploads\/2022\/06\/E0F02043-CAF5-4EF1-ABC1-83CBEB7EA427-scaled.jpeg","width":2560,"height":1920},{"@type":"BreadcrumbList","@id":"https:\/\/www.eslebedasauto.at\/ford-galaxy-hybrid-test\/#breadcrumb","itemListElement":[{"@type":"ListItem","position":1,"name":"Startseite","item":"https:\/\/www.eslebedasauto.at\/"},{"@type":"ListItem","position":2,"name":"Die fixe Gr\u00f6\u00dfe"}]},{"@type":"WebSite","@id":"https:\/\/www.eslebedasauto.at\/#website","url":"https:\/\/www.eslebedasauto.at\/","name":"Es lebe das Auto","description":"ein Hoch auf den Individualverkehr","publisher":{"@id":"https:\/\/www.eslebedasauto.at\/#organization"},"potentialAction":[{"@type":"SearchAction","target":{"@type":"EntryPoint","urlTemplate":"https:\/\/www.eslebedasauto.at\/?s={search_term_string}"},"query-input":{"@type":"PropertyValueSpecification","valueRequired":true,"valueName":"search_term_string"}}],"inLanguage":"en-GB"},{"@type":"Organization","@id":"https:\/\/www.eslebedasauto.at\/#organization","name":"eslebedasauto","url":"https:\/\/www.eslebedasauto.at\/","logo":{"@type":"ImageObject","inLanguage":"en-GB","@id":"https:\/\/www.eslebedasauto.at\/#\/schema\/logo\/image\/","url":"https:\/\/www.eslebedasauto.at\/wp-content\/uploads\/2025\/10\/eldarund.png","contentUrl":"https:\/\/www.eslebedasauto.at\/wp-content\/uploads\/2025\/10\/eldarund.png","width":1024,"height":1024,"caption":"eslebedasauto"},"image":{"@id":"https:\/\/www.eslebedasauto.at\/#\/schema\/logo\/image\/"},"sameAs":["https:\/\/www.facebook.com\/eslebedasauto.at","https:\/\/www.instagram.com\/es_lebe_das_auto\/"]},{"@type":"Person","@id":"https:\/\/www.eslebedasauto.at\/#\/schema\/person\/fb81218b0bed500d225ff518f9f17033","name":"gerhard","url":"https:\/\/www.eslebedasauto.at\/en\/author\/gerhard\/"}]}},"_links":{"self":[{"href":"https:\/\/www.eslebedasauto.at\/en\/wp-json\/wp\/v2\/posts\/89103","targetHints":{"allow":["GET"]}}],"collection":[{"href":"https:\/\/www.eslebedasauto.at\/en\/wp-json\/wp\/v2\/posts"}],"about":[{"href":"https:\/\/www.eslebedasauto.at\/en\/wp-json\/wp\/v2\/types\/post"}],"author":[{"embeddable":true,"href":"https:\/\/www.eslebedasauto.at\/en\/wp-json\/wp\/v2\/users\/2"}],"replies":[{"embeddable":true,"href":"https:\/\/www.eslebedasauto.at\/en\/wp-json\/wp\/v2\/comments?post=89103"}],"version-history":[{"count":1,"href":"https:\/\/www.eslebedasauto.at\/en\/wp-json\/wp\/v2\/posts\/89103\/revisions"}],"predecessor-version":[{"id":89105,"href":"https:\/\/www.eslebedasauto.at\/en\/wp-json\/wp\/v2\/posts\/89103\/revisions\/89105"}],"wp:featuredmedia":[{"embeddable":true,"href":"https:\/\/www.eslebedasauto.at\/en\/wp-json\/wp\/v2\/media\/89012"}],"wp:attachment":[{"href":"https:\/\/www.eslebedasauto.at\/en\/wp-json\/wp\/v2\/media?parent=89103"}],"wp:term":[{"taxonomy":"category","embeddable":true,"href":"https:\/\/www.eslebedasauto.at\/en\/wp-json\/wp\/v2\/categories?post=89103"},{"taxonomy":"post_tag","embeddable":true,"href":"https:\/\/www.eslebedasauto.at\/en\/wp-json\/wp\/v2\/tags?post=89103"}],"curies":[{"name":"wp","href":"https:\/\/api.w.org\/{rel}","templated":true}]}}