{"id":89040,"date":"2024-03-18T09:01:04","date_gmt":"2024-03-18T08:01:04","guid":{"rendered":"https:\/\/www.eslebedasauto.at\/?p=89040"},"modified":"2024-03-18T09:01:04","modified_gmt":"2024-03-18T08:01:04","slug":"mg-marvel-r-test","status":"publish","type":"post","link":"https:\/\/www.eslebedasauto.at\/en\/mg-marvel-r-test\/","title":{"rendered":"Der Held im MG-Universum. \u00a0"},"content":{"rendered":"<h4 id=\"mit-dem-modellnamen-marvel-r-trifft-mg-angesichts-der-derzeit-grassierenden-superhelden-inflation-im-kino-voll-ins-schwarze\" class=\"wp-block-heading\">Mit dem Modellnamen Marvel R trifft MG angesichts der derzeit grassierenden Superhelden-Inflation im Kino voll ins Schwarze.&nbsp;<\/h4>\n\n\n\n<p>Dass MG beim Namen &#8222;Marvel&#8220; wohl eher die deutsche \u00dcbersetzung des Wortes, n\u00e4mlich &#8222;Wunder&#8220;, im Auge hatte, wird den Marvel-Fans eher egal sein. Jedenfalls zeichnet das zweite SUV der Marke MG deutlich den Weg auf, den das Unternehmen zuk\u00fcnftig gehen wird &#8211; n\u00e4mlich den der reinen Elektromobilit\u00e4t.\u00a0<\/p>\n\n\n\n<figure class=\"wp-block-image size-large\"><img fetchpriority=\"high\" decoding=\"async\" width=\"1024\" height=\"768\" src=\"https:\/\/www.eslebedasauto.at\/wp-content\/uploads\/2022\/06\/4EBB143D-4AE3-4FA2-8332-6A8C2C251A6B-1024x768.jpeg\" alt=\"\" class=\"wp-image-88997\" srcset=\"https:\/\/www.eslebedasauto.at\/wp-content\/uploads\/2022\/06\/4EBB143D-4AE3-4FA2-8332-6A8C2C251A6B-1024x768.jpeg 1024w, https:\/\/www.eslebedasauto.at\/wp-content\/uploads\/2022\/06\/4EBB143D-4AE3-4FA2-8332-6A8C2C251A6B-300x225.jpeg 300w, https:\/\/www.eslebedasauto.at\/wp-content\/uploads\/2022\/06\/4EBB143D-4AE3-4FA2-8332-6A8C2C251A6B-768x576.jpeg 768w, https:\/\/www.eslebedasauto.at\/wp-content\/uploads\/2022\/06\/4EBB143D-4AE3-4FA2-8332-6A8C2C251A6B-1536x1152.jpeg 1536w, https:\/\/www.eslebedasauto.at\/wp-content\/uploads\/2022\/06\/4EBB143D-4AE3-4FA2-8332-6A8C2C251A6B-2048x1536.jpeg 2048w, https:\/\/www.eslebedasauto.at\/wp-content\/uploads\/2022\/06\/4EBB143D-4AE3-4FA2-8332-6A8C2C251A6B-800x600.jpeg 800w, https:\/\/www.eslebedasauto.at\/wp-content\/uploads\/2022\/06\/4EBB143D-4AE3-4FA2-8332-6A8C2C251A6B-1160x870.jpeg 1160w\" sizes=\"(max-width: 1024px) 100vw, 1024px\" \/><\/figure>\n\n\n\n<p>Der gut 4,7 Meter lange MG Marvel R wirkt ziemlich europ\u00e4isch, kein Wunder wurde er doch im Londoner Designstudio der Marke zusammen mit SAIC in Shanghai entwickelt. Seine Linienf\u00fchrung ist modern und straight gehalten. Vor allem die Frontgestaltung findet man in dieser Form noch nicht am Markt, w\u00e4hrend das Heck eher verwechselbar daherkommt &#8211; aber wie soll ein SUV sonst aussehen?&nbsp;<\/p>\n\n\n\n<figure class=\"wp-block-image size-large\"><img decoding=\"async\" width=\"1024\" height=\"768\" src=\"https:\/\/www.eslebedasauto.at\/wp-content\/uploads\/2022\/06\/6851F17F-B839-4DB4-95E0-29F7DA90BF4A-1024x768.jpeg\" alt=\"\" class=\"wp-image-88999\" srcset=\"https:\/\/www.eslebedasauto.at\/wp-content\/uploads\/2022\/06\/6851F17F-B839-4DB4-95E0-29F7DA90BF4A-1024x768.jpeg 1024w, https:\/\/www.eslebedasauto.at\/wp-content\/uploads\/2022\/06\/6851F17F-B839-4DB4-95E0-29F7DA90BF4A-300x225.jpeg 300w, https:\/\/www.eslebedasauto.at\/wp-content\/uploads\/2022\/06\/6851F17F-B839-4DB4-95E0-29F7DA90BF4A-768x576.jpeg 768w, https:\/\/www.eslebedasauto.at\/wp-content\/uploads\/2022\/06\/6851F17F-B839-4DB4-95E0-29F7DA90BF4A-1536x1152.jpeg 1536w, https:\/\/www.eslebedasauto.at\/wp-content\/uploads\/2022\/06\/6851F17F-B839-4DB4-95E0-29F7DA90BF4A-2048x1536.jpeg 2048w, https:\/\/www.eslebedasauto.at\/wp-content\/uploads\/2022\/06\/6851F17F-B839-4DB4-95E0-29F7DA90BF4A-800x600.jpeg 800w, https:\/\/www.eslebedasauto.at\/wp-content\/uploads\/2022\/06\/6851F17F-B839-4DB4-95E0-29F7DA90BF4A-1160x870.jpeg 1160w\" sizes=\"(max-width: 1024px) 100vw, 1024px\" \/><\/figure>\n\n\n\n<p>Sein Radstand betr\u00e4gt \u00fcppige 2,8 Meter, dementsprechend gro\u00dfz\u00fcgig fallen die Innenraumabmessungen aus. Auch Gro\u00dfgewachsene finden auf allen Pl\u00e4tzen angenehme Beinfreiheit vor. Ebenso eindrucksvoll zeigt sich das sehr ansprechend gemachte Interieur mit seinen auf den ersten Blick edlen Materialien, den sauber ausgef\u00fchrten Ziern\u00e4hten und der Klavierlackoptik.&nbsp;<\/p>\n\n\n\n<figure class=\"wp-block-image size-large\"><img decoding=\"async\" width=\"1024\" height=\"768\" src=\"https:\/\/www.eslebedasauto.at\/wp-content\/uploads\/2022\/06\/ADF71772-0EA1-4758-827B-389BD3CC0E33-1024x768.jpeg\" alt=\"\" class=\"wp-image-88996\" srcset=\"https:\/\/www.eslebedasauto.at\/wp-content\/uploads\/2022\/06\/ADF71772-0EA1-4758-827B-389BD3CC0E33-1024x768.jpeg 1024w, https:\/\/www.eslebedasauto.at\/wp-content\/uploads\/2022\/06\/ADF71772-0EA1-4758-827B-389BD3CC0E33-300x225.jpeg 300w, https:\/\/www.eslebedasauto.at\/wp-content\/uploads\/2022\/06\/ADF71772-0EA1-4758-827B-389BD3CC0E33-768x576.jpeg 768w, https:\/\/www.eslebedasauto.at\/wp-content\/uploads\/2022\/06\/ADF71772-0EA1-4758-827B-389BD3CC0E33-1536x1152.jpeg 1536w, https:\/\/www.eslebedasauto.at\/wp-content\/uploads\/2022\/06\/ADF71772-0EA1-4758-827B-389BD3CC0E33-2048x1536.jpeg 2048w, https:\/\/www.eslebedasauto.at\/wp-content\/uploads\/2022\/06\/ADF71772-0EA1-4758-827B-389BD3CC0E33-800x600.jpeg 800w, https:\/\/www.eslebedasauto.at\/wp-content\/uploads\/2022\/06\/ADF71772-0EA1-4758-827B-389BD3CC0E33-1160x870.jpeg 1160w\" sizes=\"(max-width: 1024px) 100vw, 1024px\" \/><\/figure>\n\n\n\n<p>Den Marvel\u00a0R kann man in drei Ausstattungsversionen ordern, wobei bereits die Basisversion Comfort mit serienm\u00e4\u00dfig 18-Zoll-Felgen, W\u00e4rmepumpe, Panoramaglasdach, elektrischer Heckklappe und Zweizonen-Klimaautomatik sehr gut ausgestattet ist. Unser &#8222;Luxury&#8220;-Testwagen hat dann noch weitere Features wie zum Beispiel 19-Z\u00f6ller, klimatisierte Sportsitze in Echtleder und eine richtig gute 360-Grad-Kamera. \u00a0\u00a0<\/p>\n\n\n\n<figure class=\"wp-block-image size-large is-resized\"><img loading=\"lazy\" decoding=\"async\" src=\"https:\/\/www.eslebedasauto.at\/wp-content\/uploads\/2022\/06\/78DADC30-2D0A-43FC-A107-3EAA1A102E99-1024x768.jpeg\" alt=\"\" class=\"wp-image-89003\" width=\"443\" height=\"332\" srcset=\"https:\/\/www.eslebedasauto.at\/wp-content\/uploads\/2022\/06\/78DADC30-2D0A-43FC-A107-3EAA1A102E99-1024x768.jpeg 1024w, https:\/\/www.eslebedasauto.at\/wp-content\/uploads\/2022\/06\/78DADC30-2D0A-43FC-A107-3EAA1A102E99-300x225.jpeg 300w, https:\/\/www.eslebedasauto.at\/wp-content\/uploads\/2022\/06\/78DADC30-2D0A-43FC-A107-3EAA1A102E99-768x576.jpeg 768w, https:\/\/www.eslebedasauto.at\/wp-content\/uploads\/2022\/06\/78DADC30-2D0A-43FC-A107-3EAA1A102E99-1536x1152.jpeg 1536w, https:\/\/www.eslebedasauto.at\/wp-content\/uploads\/2022\/06\/78DADC30-2D0A-43FC-A107-3EAA1A102E99-800x600.jpeg 800w, https:\/\/www.eslebedasauto.at\/wp-content\/uploads\/2022\/06\/78DADC30-2D0A-43FC-A107-3EAA1A102E99-1160x870.jpeg 1160w, https:\/\/www.eslebedasauto.at\/wp-content\/uploads\/2022\/06\/78DADC30-2D0A-43FC-A107-3EAA1A102E99.jpeg 2048w\" sizes=\"(max-width: 443px) 100vw, 443px\" \/><\/figure>\n\n\n\n<p>Der glattfl\u00e4chige aber m\u00e4\u00dfig gro\u00dfe Kofferraum fasst 357 Liter, durch das Umklappen der R\u00fcckbank kann das Volumen auf 1396 Liter erh\u00f6ht werden. Sehr positiv fanden wir den &#8222;Frunk&#8220; unter der Fronthaube dort findet auch locker das Ladekabel seinen Platz.&nbsp;&nbsp;<\/p>\n\n\n\n<figure class=\"wp-block-image size-large\"><img loading=\"lazy\" decoding=\"async\" width=\"1024\" height=\"768\" src=\"https:\/\/www.eslebedasauto.at\/wp-content\/uploads\/2022\/06\/10360753-8F40-4667-9B2E-52B8CAD6411F-1024x768.jpeg\" alt=\"\" class=\"wp-image-89000\" srcset=\"https:\/\/www.eslebedasauto.at\/wp-content\/uploads\/2022\/06\/10360753-8F40-4667-9B2E-52B8CAD6411F-1024x768.jpeg 1024w, https:\/\/www.eslebedasauto.at\/wp-content\/uploads\/2022\/06\/10360753-8F40-4667-9B2E-52B8CAD6411F-300x225.jpeg 300w, https:\/\/www.eslebedasauto.at\/wp-content\/uploads\/2022\/06\/10360753-8F40-4667-9B2E-52B8CAD6411F-768x576.jpeg 768w, https:\/\/www.eslebedasauto.at\/wp-content\/uploads\/2022\/06\/10360753-8F40-4667-9B2E-52B8CAD6411F-1536x1152.jpeg 1536w, https:\/\/www.eslebedasauto.at\/wp-content\/uploads\/2022\/06\/10360753-8F40-4667-9B2E-52B8CAD6411F-2048x1536.jpeg 2048w, https:\/\/www.eslebedasauto.at\/wp-content\/uploads\/2022\/06\/10360753-8F40-4667-9B2E-52B8CAD6411F-800x600.jpeg 800w, https:\/\/www.eslebedasauto.at\/wp-content\/uploads\/2022\/06\/10360753-8F40-4667-9B2E-52B8CAD6411F-1160x870.jpeg 1160w\" sizes=\"(max-width: 1024px) 100vw, 1024px\" \/><\/figure>\n\n\n\n<p>Wie heutzutage \u00fcblich, dominieren auch im MG Marvel R gro\u00dfformatige Bildschirme das Cockpit. Das geneigte 19,4 Zoll gro\u00dfe Display in der Mitte des Dashboards macht m\u00e4chtig was her. MG hat das Infodesign auf beiden Screens sehr gekonnt umgesetzt &#8211; man findet sich schnell im Men\u00fc zurecht. Einzig die Ber\u00fchrungssensibilit\u00e4t hinkt dem Ganzen etwas hinterher &#8211; man muss oft zwei, drei mal ordentlich drauftippen um eine Reaktion zu erhalten.&nbsp;<\/p>\n\n\n\n<figure class=\"wp-block-image size-large\"><img loading=\"lazy\" decoding=\"async\" width=\"768\" height=\"1024\" src=\"https:\/\/www.eslebedasauto.at\/wp-content\/uploads\/2022\/06\/1F90F7AF-674D-4BE3-909B-1D8007995A08-768x1024.jpeg\" alt=\"\" class=\"wp-image-88994\" srcset=\"https:\/\/www.eslebedasauto.at\/wp-content\/uploads\/2022\/06\/1F90F7AF-674D-4BE3-909B-1D8007995A08-768x1024.jpeg 768w, https:\/\/www.eslebedasauto.at\/wp-content\/uploads\/2022\/06\/1F90F7AF-674D-4BE3-909B-1D8007995A08-225x300.jpeg 225w, https:\/\/www.eslebedasauto.at\/wp-content\/uploads\/2022\/06\/1F90F7AF-674D-4BE3-909B-1D8007995A08-1152x1536.jpeg 1152w, https:\/\/www.eslebedasauto.at\/wp-content\/uploads\/2022\/06\/1F90F7AF-674D-4BE3-909B-1D8007995A08-1536x2048.jpeg 1536w, https:\/\/www.eslebedasauto.at\/wp-content\/uploads\/2022\/06\/1F90F7AF-674D-4BE3-909B-1D8007995A08-800x1067.jpeg 800w, https:\/\/www.eslebedasauto.at\/wp-content\/uploads\/2022\/06\/1F90F7AF-674D-4BE3-909B-1D8007995A08-1160x1547.jpeg 1160w, https:\/\/www.eslebedasauto.at\/wp-content\/uploads\/2022\/06\/1F90F7AF-674D-4BE3-909B-1D8007995A08-scaled.jpeg 1920w\" sizes=\"(max-width: 768px) 100vw, 768px\" \/><\/figure>\n\n\n\n<p>Wir hatten die st\u00e4rkere der beiden Antriebsvarianten des MG Marvel R im Testbetrieb. Dieser hat dank zweier E-Motoren an der Hinterachse und einem Motor vorne eine Systemleistung von ordentlichen 288 PS und ein Drehmoment von 665 Newtonmetern. Au\u00dferdem verf\u00fcgt er \u00fcber Allradantrieb. So beschleunigt der MG in 4,9 Sekunden auf Hundert &#8211; bei 200 km\/h ist Schluss.\u00a0<\/p>\n\n\n\n<figure class=\"wp-block-image size-large\"><img decoding=\"async\" width=\"1024\" height=\"768\" src=\"https:\/\/www.eslebedasauto.at\/wp-content\/uploads\/2022\/06\/6851F17F-B839-4DB4-95E0-29F7DA90BF4A-1024x768.jpeg\" alt=\"\" class=\"wp-image-88999\" srcset=\"https:\/\/www.eslebedasauto.at\/wp-content\/uploads\/2022\/06\/6851F17F-B839-4DB4-95E0-29F7DA90BF4A-1024x768.jpeg 1024w, https:\/\/www.eslebedasauto.at\/wp-content\/uploads\/2022\/06\/6851F17F-B839-4DB4-95E0-29F7DA90BF4A-300x225.jpeg 300w, https:\/\/www.eslebedasauto.at\/wp-content\/uploads\/2022\/06\/6851F17F-B839-4DB4-95E0-29F7DA90BF4A-768x576.jpeg 768w, https:\/\/www.eslebedasauto.at\/wp-content\/uploads\/2022\/06\/6851F17F-B839-4DB4-95E0-29F7DA90BF4A-1536x1152.jpeg 1536w, https:\/\/www.eslebedasauto.at\/wp-content\/uploads\/2022\/06\/6851F17F-B839-4DB4-95E0-29F7DA90BF4A-2048x1536.jpeg 2048w, https:\/\/www.eslebedasauto.at\/wp-content\/uploads\/2022\/06\/6851F17F-B839-4DB4-95E0-29F7DA90BF4A-800x600.jpeg 800w, https:\/\/www.eslebedasauto.at\/wp-content\/uploads\/2022\/06\/6851F17F-B839-4DB4-95E0-29F7DA90BF4A-1160x870.jpeg 1160w\" sizes=\"(max-width: 1024px) 100vw, 1024px\" \/><\/figure>\n\n\n\n<p>Die Energie liefert ein 70 kWh fassender Akku, der im g\u00fcnstigsten Fall an einer Schnellladestation innerhalb von 40 Minuten bis zu 80 Prozent geladen ist. Vor allem im Winter freut man sich \u00fcber die M\u00f6glichkeit, die Batterie vor der Ladung vorzuw\u00e4rmen. So eine Funktion findet man selten &#8211; wie auch das Getriebe des MG Marvel R: Die Kraft\u00fcbertragung \u00fcbernimmt (wie auch im Porsche Taycan) ein Zweigang-Getriebe, welches den Verbrauch nach unten dr\u00fccken soll. Unser Testverbrauch betrug im Schnitt rund 23 kWh auf 100 Kilometern, was einer Reichweite von rund 300 Kilometern entspricht. Wohlgemerkt, in unserem Fall unter sehr guten Bedingungen ohne gro\u00dfe Hitze oder K\u00e4lte.&nbsp;<\/p>\n\n\n\n<figure class=\"wp-block-image size-large\"><img loading=\"lazy\" decoding=\"async\" width=\"1024\" height=\"768\" src=\"https:\/\/www.eslebedasauto.at\/wp-content\/uploads\/2022\/06\/5D760E4E-8588-4BD1-865A-6B28A38B2E1A-1024x768.jpeg\" alt=\"\" class=\"wp-image-88992\" srcset=\"https:\/\/www.eslebedasauto.at\/wp-content\/uploads\/2022\/06\/5D760E4E-8588-4BD1-865A-6B28A38B2E1A-1024x768.jpeg 1024w, https:\/\/www.eslebedasauto.at\/wp-content\/uploads\/2022\/06\/5D760E4E-8588-4BD1-865A-6B28A38B2E1A-300x225.jpeg 300w, https:\/\/www.eslebedasauto.at\/wp-content\/uploads\/2022\/06\/5D760E4E-8588-4BD1-865A-6B28A38B2E1A-768x576.jpeg 768w, https:\/\/www.eslebedasauto.at\/wp-content\/uploads\/2022\/06\/5D760E4E-8588-4BD1-865A-6B28A38B2E1A-1536x1152.jpeg 1536w, https:\/\/www.eslebedasauto.at\/wp-content\/uploads\/2022\/06\/5D760E4E-8588-4BD1-865A-6B28A38B2E1A-2048x1536.jpeg 2048w, https:\/\/www.eslebedasauto.at\/wp-content\/uploads\/2022\/06\/5D760E4E-8588-4BD1-865A-6B28A38B2E1A-800x600.jpeg 800w, https:\/\/www.eslebedasauto.at\/wp-content\/uploads\/2022\/06\/5D760E4E-8588-4BD1-865A-6B28A38B2E1A-1160x870.jpeg 1160w\" sizes=\"(max-width: 1024px) 100vw, 1024px\" \/><\/figure>\n\n\n\n<p>Fahrdynamisch l\u00e4sst sich der MG Marvel R nichts wirklich Negatives nachsagen. Sein Focus liegt eher auf der komfortablen Seite &#8211; er versucht gleich gar nicht, seinem Fahrer irgendwelche sportlichen Attit\u00fcden aufzuzwingen. Was etwas nervig ist, ist das fast schon hysterische Einschreiten der Assistenzsysteme. Vor allem der Notbremsassistent hat uns mit so mancher unmotivierter Vollbremsung die Schwei\u00dfperlen auf die Stirn getrieben. Ebenso, wie die Spurhaltehilfe, die derartig vehement ins Lenkgeschehen eingreift, dass einem teilweise Angst und Bange wird.\u00a0<\/p>\n\n\n\n<figure class=\"wp-block-image size-large\"><img loading=\"lazy\" decoding=\"async\" width=\"1024\" height=\"768\" src=\"https:\/\/www.eslebedasauto.at\/wp-content\/uploads\/2022\/06\/3BF6FA9F-0771-401A-8DB4-2B46D6517A52-1024x768.jpeg\" alt=\"\" class=\"wp-image-88995\" srcset=\"https:\/\/www.eslebedasauto.at\/wp-content\/uploads\/2022\/06\/3BF6FA9F-0771-401A-8DB4-2B46D6517A52-1024x768.jpeg 1024w, https:\/\/www.eslebedasauto.at\/wp-content\/uploads\/2022\/06\/3BF6FA9F-0771-401A-8DB4-2B46D6517A52-300x225.jpeg 300w, https:\/\/www.eslebedasauto.at\/wp-content\/uploads\/2022\/06\/3BF6FA9F-0771-401A-8DB4-2B46D6517A52-768x576.jpeg 768w, https:\/\/www.eslebedasauto.at\/wp-content\/uploads\/2022\/06\/3BF6FA9F-0771-401A-8DB4-2B46D6517A52-1536x1152.jpeg 1536w, https:\/\/www.eslebedasauto.at\/wp-content\/uploads\/2022\/06\/3BF6FA9F-0771-401A-8DB4-2B46D6517A52-2048x1536.jpeg 2048w, https:\/\/www.eslebedasauto.at\/wp-content\/uploads\/2022\/06\/3BF6FA9F-0771-401A-8DB4-2B46D6517A52-800x600.jpeg 800w, https:\/\/www.eslebedasauto.at\/wp-content\/uploads\/2022\/06\/3BF6FA9F-0771-401A-8DB4-2B46D6517A52-1160x870.jpeg 1160w\" sizes=\"(max-width: 1024px) 100vw, 1024px\" \/><\/figure>\n\n\n\n<p>Dass MG l\u00e4ngst keine kleinen sportlichen Roadster mehr baut, hat mittlerweile jeder kapiert. Es spricht f\u00fcr sich, dass die Marke mit ihrer mittlerweile drei Modellen umfassenden Fahrzeugpalette auch am europ\u00e4ischen Markt angekommen ist. Die Qualit\u00e4t passt, auch das Fahren mit dem kr\u00e4ftigen Marvel R macht in vielen Bereichen Spa\u00df. Nat\u00fcrlich gibt es noch ein paar kleine Kritikpunkte, die im Laufe der Zeit noch optimiert werden m\u00fcssen. Preislich startet der getestete MG Marvel R bei 53.490 Euro.&nbsp;<\/p>","protected":false},"excerpt":{"rendered":"<p>MG ist mit dem Marvel R am europ\u00e4ischen Markt angekommen. <\/p>","protected":false},"author":2,"featured_media":89000,"comment_status":"open","ping_status":"open","sticky":false,"template":"","format":"standard","meta":{"neve_meta_sidebar":"","neve_meta_container":"","neve_meta_enable_content_width":"","neve_meta_content_width":0,"neve_meta_title_alignment":"","neve_meta_author_avatar":"","neve_post_elements_order":"","neve_meta_disable_header":"","neve_meta_disable_footer":"","neve_meta_disable_title":"","neve_meta_reading_time":"","footnotes":""},"categories":[555,335],"tags":[],"class_list":["post-89040","post","type-post","status-publish","format-standard","has-post-thumbnail","hentry","category-electrofun","category-fahrberichte"],"yoast_head":"<!-- This site is optimized with the Yoast SEO plugin v26.8 - https:\/\/yoast.com\/product\/yoast-seo-wordpress\/ -->\n<title>Der Held im MG-Universum. \u00a0 - Es lebe das Auto<\/title>\n<meta name=\"robots\" content=\"index, follow, max-snippet:-1, max-image-preview:large, max-video-preview:-1\" \/>\n<link rel=\"canonical\" href=\"https:\/\/www.eslebedasauto.at\/en\/mg-marvel-r-test\/\" \/>\n<meta property=\"og:locale\" content=\"en_GB\" \/>\n<meta property=\"og:type\" content=\"article\" \/>\n<meta property=\"og:title\" content=\"Der Held im MG-Universum. \u00a0 - Es lebe das Auto\" \/>\n<meta property=\"og:description\" content=\"MG ist mit dem Marvel R am europ\u00e4ischen Markt angekommen.\" \/>\n<meta property=\"og:url\" content=\"https:\/\/www.eslebedasauto.at\/en\/mg-marvel-r-test\/\" \/>\n<meta property=\"og:site_name\" content=\"Es lebe das Auto\" \/>\n<meta property=\"article:publisher\" content=\"https:\/\/www.facebook.com\/eslebedasauto.at\" \/>\n<meta property=\"article:published_time\" content=\"2024-03-18T08:01:04+00:00\" \/>\n<meta property=\"og:image\" content=\"https:\/\/www.eslebedasauto.at\/wp-content\/uploads\/2022\/06\/10360753-8F40-4667-9B2E-52B8CAD6411F-scaled.jpeg\" \/>\n\t<meta property=\"og:image:width\" content=\"2560\" \/>\n\t<meta property=\"og:image:height\" content=\"1920\" \/>\n\t<meta property=\"og:image:type\" content=\"image\/jpeg\" \/>\n<meta name=\"author\" content=\"gerhard\" \/>\n<meta name=\"twitter:card\" content=\"summary_large_image\" \/>\n<meta name=\"twitter:label1\" content=\"Written by\" \/>\n\t<meta name=\"twitter:data1\" content=\"gerhard\" \/>\n\t<meta name=\"twitter:label2\" content=\"Estimated reading time\" \/>\n\t<meta name=\"twitter:data2\" content=\"6 minutes\" \/>\n<script type=\"application\/ld+json\" class=\"yoast-schema-graph\">{\"@context\":\"https:\/\/schema.org\",\"@graph\":[{\"@type\":\"Article\",\"@id\":\"https:\/\/www.eslebedasauto.at\/mg-marvel-r-test\/#article\",\"isPartOf\":{\"@id\":\"https:\/\/www.eslebedasauto.at\/mg-marvel-r-test\/\"},\"author\":{\"name\":\"gerhard\",\"@id\":\"https:\/\/www.eslebedasauto.at\/#\/schema\/person\/fb81218b0bed500d225ff518f9f17033\"},\"headline\":\"Der Held im MG-Universum. \u00a0\",\"datePublished\":\"2024-03-18T08:01:04+00:00\",\"mainEntityOfPage\":{\"@id\":\"https:\/\/www.eslebedasauto.at\/mg-marvel-r-test\/\"},\"wordCount\":684,\"commentCount\":0,\"publisher\":{\"@id\":\"https:\/\/www.eslebedasauto.at\/#organization\"},\"image\":{\"@id\":\"https:\/\/www.eslebedasauto.at\/mg-marvel-r-test\/#primaryimage\"},\"thumbnailUrl\":\"https:\/\/www.eslebedasauto.at\/wp-content\/uploads\/2022\/06\/10360753-8F40-4667-9B2E-52B8CAD6411F-scaled.jpeg\",\"articleSection\":[\"Electrofun\",\"Fahrberichte\"],\"inLanguage\":\"en-GB\",\"potentialAction\":[{\"@type\":\"CommentAction\",\"name\":\"Comment\",\"target\":[\"https:\/\/www.eslebedasauto.at\/mg-marvel-r-test\/#respond\"]}]},{\"@type\":\"WebPage\",\"@id\":\"https:\/\/www.eslebedasauto.at\/mg-marvel-r-test\/\",\"url\":\"https:\/\/www.eslebedasauto.at\/mg-marvel-r-test\/\",\"name\":\"Der Held im MG-Universum. \u00a0 - Es lebe das Auto\",\"isPartOf\":{\"@id\":\"https:\/\/www.eslebedasauto.at\/#website\"},\"primaryImageOfPage\":{\"@id\":\"https:\/\/www.eslebedasauto.at\/mg-marvel-r-test\/#primaryimage\"},\"image\":{\"@id\":\"https:\/\/www.eslebedasauto.at\/mg-marvel-r-test\/#primaryimage\"},\"thumbnailUrl\":\"https:\/\/www.eslebedasauto.at\/wp-content\/uploads\/2022\/06\/10360753-8F40-4667-9B2E-52B8CAD6411F-scaled.jpeg\",\"datePublished\":\"2024-03-18T08:01:04+00:00\",\"breadcrumb\":{\"@id\":\"https:\/\/www.eslebedasauto.at\/mg-marvel-r-test\/#breadcrumb\"},\"inLanguage\":\"en-GB\",\"potentialAction\":[{\"@type\":\"ReadAction\",\"target\":[\"https:\/\/www.eslebedasauto.at\/mg-marvel-r-test\/\"]}]},{\"@type\":\"ImageObject\",\"inLanguage\":\"en-GB\",\"@id\":\"https:\/\/www.eslebedasauto.at\/mg-marvel-r-test\/#primaryimage\",\"url\":\"https:\/\/www.eslebedasauto.at\/wp-content\/uploads\/2022\/06\/10360753-8F40-4667-9B2E-52B8CAD6411F-scaled.jpeg\",\"contentUrl\":\"https:\/\/www.eslebedasauto.at\/wp-content\/uploads\/2022\/06\/10360753-8F40-4667-9B2E-52B8CAD6411F-scaled.jpeg\",\"width\":2560,\"height\":1920},{\"@type\":\"BreadcrumbList\",\"@id\":\"https:\/\/www.eslebedasauto.at\/mg-marvel-r-test\/#breadcrumb\",\"itemListElement\":[{\"@type\":\"ListItem\",\"position\":1,\"name\":\"Startseite\",\"item\":\"https:\/\/www.eslebedasauto.at\/\"},{\"@type\":\"ListItem\",\"position\":2,\"name\":\"Der Held im MG-Universum. \u00a0\"}]},{\"@type\":\"WebSite\",\"@id\":\"https:\/\/www.eslebedasauto.at\/#website\",\"url\":\"https:\/\/www.eslebedasauto.at\/\",\"name\":\"Es lebe das Auto\",\"description\":\"ein Hoch auf den Individualverkehr\",\"publisher\":{\"@id\":\"https:\/\/www.eslebedasauto.at\/#organization\"},\"potentialAction\":[{\"@type\":\"SearchAction\",\"target\":{\"@type\":\"EntryPoint\",\"urlTemplate\":\"https:\/\/www.eslebedasauto.at\/?s={search_term_string}\"},\"query-input\":{\"@type\":\"PropertyValueSpecification\",\"valueRequired\":true,\"valueName\":\"search_term_string\"}}],\"inLanguage\":\"en-GB\"},{\"@type\":\"Organization\",\"@id\":\"https:\/\/www.eslebedasauto.at\/#organization\",\"name\":\"eslebedasauto\",\"url\":\"https:\/\/www.eslebedasauto.at\/\",\"logo\":{\"@type\":\"ImageObject\",\"inLanguage\":\"en-GB\",\"@id\":\"https:\/\/www.eslebedasauto.at\/#\/schema\/logo\/image\/\",\"url\":\"https:\/\/www.eslebedasauto.at\/wp-content\/uploads\/2025\/10\/eldarund.png\",\"contentUrl\":\"https:\/\/www.eslebedasauto.at\/wp-content\/uploads\/2025\/10\/eldarund.png\",\"width\":1024,\"height\":1024,\"caption\":\"eslebedasauto\"},\"image\":{\"@id\":\"https:\/\/www.eslebedasauto.at\/#\/schema\/logo\/image\/\"},\"sameAs\":[\"https:\/\/www.facebook.com\/eslebedasauto.at\",\"https:\/\/www.instagram.com\/es_lebe_das_auto\/\"]},{\"@type\":\"Person\",\"@id\":\"https:\/\/www.eslebedasauto.at\/#\/schema\/person\/fb81218b0bed500d225ff518f9f17033\",\"name\":\"gerhard\",\"url\":\"https:\/\/www.eslebedasauto.at\/en\/author\/gerhard\/\"}]}<\/script>\n<!-- \/ Yoast SEO plugin. -->","yoast_head_json":{"title":"Der Held im MG-Universum. \u00a0 - Es lebe das Auto","robots":{"index":"index","follow":"follow","max-snippet":"max-snippet:-1","max-image-preview":"max-image-preview:large","max-video-preview":"max-video-preview:-1"},"canonical":"https:\/\/www.eslebedasauto.at\/en\/mg-marvel-r-test\/","og_locale":"en_GB","og_type":"article","og_title":"Der Held im MG-Universum. \u00a0 - Es lebe das Auto","og_description":"MG ist mit dem Marvel R am europ\u00e4ischen Markt angekommen.","og_url":"https:\/\/www.eslebedasauto.at\/en\/mg-marvel-r-test\/","og_site_name":"Es lebe das Auto","article_publisher":"https:\/\/www.facebook.com\/eslebedasauto.at","article_published_time":"2024-03-18T08:01:04+00:00","og_image":[{"width":2560,"height":1920,"url":"https:\/\/www.eslebedasauto.at\/wp-content\/uploads\/2022\/06\/10360753-8F40-4667-9B2E-52B8CAD6411F-scaled.jpeg","type":"image\/jpeg"}],"author":"gerhard","twitter_card":"summary_large_image","twitter_misc":{"Written by":"gerhard","Estimated reading time":"6 minutes"},"schema":{"@context":"https:\/\/schema.org","@graph":[{"@type":"Article","@id":"https:\/\/www.eslebedasauto.at\/mg-marvel-r-test\/#article","isPartOf":{"@id":"https:\/\/www.eslebedasauto.at\/mg-marvel-r-test\/"},"author":{"name":"gerhard","@id":"https:\/\/www.eslebedasauto.at\/#\/schema\/person\/fb81218b0bed500d225ff518f9f17033"},"headline":"Der Held im MG-Universum. \u00a0","datePublished":"2024-03-18T08:01:04+00:00","mainEntityOfPage":{"@id":"https:\/\/www.eslebedasauto.at\/mg-marvel-r-test\/"},"wordCount":684,"commentCount":0,"publisher":{"@id":"https:\/\/www.eslebedasauto.at\/#organization"},"image":{"@id":"https:\/\/www.eslebedasauto.at\/mg-marvel-r-test\/#primaryimage"},"thumbnailUrl":"https:\/\/www.eslebedasauto.at\/wp-content\/uploads\/2022\/06\/10360753-8F40-4667-9B2E-52B8CAD6411F-scaled.jpeg","articleSection":["Electrofun","Fahrberichte"],"inLanguage":"en-GB","potentialAction":[{"@type":"CommentAction","name":"Comment","target":["https:\/\/www.eslebedasauto.at\/mg-marvel-r-test\/#respond"]}]},{"@type":"WebPage","@id":"https:\/\/www.eslebedasauto.at\/mg-marvel-r-test\/","url":"https:\/\/www.eslebedasauto.at\/mg-marvel-r-test\/","name":"Der Held im MG-Universum. \u00a0 - Es lebe das Auto","isPartOf":{"@id":"https:\/\/www.eslebedasauto.at\/#website"},"primaryImageOfPage":{"@id":"https:\/\/www.eslebedasauto.at\/mg-marvel-r-test\/#primaryimage"},"image":{"@id":"https:\/\/www.eslebedasauto.at\/mg-marvel-r-test\/#primaryimage"},"thumbnailUrl":"https:\/\/www.eslebedasauto.at\/wp-content\/uploads\/2022\/06\/10360753-8F40-4667-9B2E-52B8CAD6411F-scaled.jpeg","datePublished":"2024-03-18T08:01:04+00:00","breadcrumb":{"@id":"https:\/\/www.eslebedasauto.at\/mg-marvel-r-test\/#breadcrumb"},"inLanguage":"en-GB","potentialAction":[{"@type":"ReadAction","target":["https:\/\/www.eslebedasauto.at\/mg-marvel-r-test\/"]}]},{"@type":"ImageObject","inLanguage":"en-GB","@id":"https:\/\/www.eslebedasauto.at\/mg-marvel-r-test\/#primaryimage","url":"https:\/\/www.eslebedasauto.at\/wp-content\/uploads\/2022\/06\/10360753-8F40-4667-9B2E-52B8CAD6411F-scaled.jpeg","contentUrl":"https:\/\/www.eslebedasauto.at\/wp-content\/uploads\/2022\/06\/10360753-8F40-4667-9B2E-52B8CAD6411F-scaled.jpeg","width":2560,"height":1920},{"@type":"BreadcrumbList","@id":"https:\/\/www.eslebedasauto.at\/mg-marvel-r-test\/#breadcrumb","itemListElement":[{"@type":"ListItem","position":1,"name":"Startseite","item":"https:\/\/www.eslebedasauto.at\/"},{"@type":"ListItem","position":2,"name":"Der Held im MG-Universum. \u00a0"}]},{"@type":"WebSite","@id":"https:\/\/www.eslebedasauto.at\/#website","url":"https:\/\/www.eslebedasauto.at\/","name":"Es lebe das Auto","description":"ein Hoch auf den Individualverkehr","publisher":{"@id":"https:\/\/www.eslebedasauto.at\/#organization"},"potentialAction":[{"@type":"SearchAction","target":{"@type":"EntryPoint","urlTemplate":"https:\/\/www.eslebedasauto.at\/?s={search_term_string}"},"query-input":{"@type":"PropertyValueSpecification","valueRequired":true,"valueName":"search_term_string"}}],"inLanguage":"en-GB"},{"@type":"Organization","@id":"https:\/\/www.eslebedasauto.at\/#organization","name":"eslebedasauto","url":"https:\/\/www.eslebedasauto.at\/","logo":{"@type":"ImageObject","inLanguage":"en-GB","@id":"https:\/\/www.eslebedasauto.at\/#\/schema\/logo\/image\/","url":"https:\/\/www.eslebedasauto.at\/wp-content\/uploads\/2025\/10\/eldarund.png","contentUrl":"https:\/\/www.eslebedasauto.at\/wp-content\/uploads\/2025\/10\/eldarund.png","width":1024,"height":1024,"caption":"eslebedasauto"},"image":{"@id":"https:\/\/www.eslebedasauto.at\/#\/schema\/logo\/image\/"},"sameAs":["https:\/\/www.facebook.com\/eslebedasauto.at","https:\/\/www.instagram.com\/es_lebe_das_auto\/"]},{"@type":"Person","@id":"https:\/\/www.eslebedasauto.at\/#\/schema\/person\/fb81218b0bed500d225ff518f9f17033","name":"gerhard","url":"https:\/\/www.eslebedasauto.at\/en\/author\/gerhard\/"}]}},"_links":{"self":[{"href":"https:\/\/www.eslebedasauto.at\/en\/wp-json\/wp\/v2\/posts\/89040","targetHints":{"allow":["GET"]}}],"collection":[{"href":"https:\/\/www.eslebedasauto.at\/en\/wp-json\/wp\/v2\/posts"}],"about":[{"href":"https:\/\/www.eslebedasauto.at\/en\/wp-json\/wp\/v2\/types\/post"}],"author":[{"embeddable":true,"href":"https:\/\/www.eslebedasauto.at\/en\/wp-json\/wp\/v2\/users\/2"}],"replies":[{"embeddable":true,"href":"https:\/\/www.eslebedasauto.at\/en\/wp-json\/wp\/v2\/comments?post=89040"}],"version-history":[{"count":5,"href":"https:\/\/www.eslebedasauto.at\/en\/wp-json\/wp\/v2\/posts\/89040\/revisions"}],"predecessor-version":[{"id":89047,"href":"https:\/\/www.eslebedasauto.at\/en\/wp-json\/wp\/v2\/posts\/89040\/revisions\/89047"}],"wp:featuredmedia":[{"embeddable":true,"href":"https:\/\/www.eslebedasauto.at\/en\/wp-json\/wp\/v2\/media\/89000"}],"wp:attachment":[{"href":"https:\/\/www.eslebedasauto.at\/en\/wp-json\/wp\/v2\/media?parent=89040"}],"wp:term":[{"taxonomy":"category","embeddable":true,"href":"https:\/\/www.eslebedasauto.at\/en\/wp-json\/wp\/v2\/categories?post=89040"},{"taxonomy":"post_tag","embeddable":true,"href":"https:\/\/www.eslebedasauto.at\/en\/wp-json\/wp\/v2\/tags?post=89040"}],"curies":[{"name":"wp","href":"https:\/\/api.w.org\/{rel}","templated":true}]}}