{"id":88967,"date":"2024-03-18T09:01:04","date_gmt":"2024-03-18T08:01:04","guid":{"rendered":"https:\/\/www.eslebedasauto.at\/?p=88967"},"modified":"2024-03-18T09:01:04","modified_gmt":"2024-03-18T08:01:04","slug":"ds-7-crossback-e-tense-4x4-300-test","status":"publish","type":"post","link":"https:\/\/www.eslebedasauto.at\/en\/ds-7-crossback-e-tense-4x4-300-test\/","title":{"rendered":"Fahren wie Macron"},"content":{"rendered":"<h4 id=\"der-ds-7-e-tense-44-wird-dank-seiner-edlen-erscheinung-und-der-hochkaratigen-technik-auch-von-frankreichs-prasident-emanuel-macron-sehr-geschatzt-was-wir-gut-verstehen\" class=\"wp-block-heading\">Der DS 7 E-Tense 4&#215;4 wird dank seiner edlen Erscheinung und der hochkar\u00e4tigen Technik auch von Frankreichs Pr\u00e4sident Emanuel Macron sehr gesch\u00e4tzt. Was wir gut verstehen.<\/h4>\n\n\n\n<figure class=\"wp-block-image size-large\"><img fetchpriority=\"high\" decoding=\"async\" width=\"1024\" height=\"768\" src=\"https:\/\/www.eslebedasauto.at\/wp-content\/uploads\/2022\/04\/IMG_0697-1024x768.jpg\" alt=\"\" class=\"wp-image-88642\" srcset=\"https:\/\/www.eslebedasauto.at\/wp-content\/uploads\/2022\/04\/IMG_0697-1024x768.jpg 1024w, https:\/\/www.eslebedasauto.at\/wp-content\/uploads\/2022\/04\/IMG_0697-300x225.jpg 300w, https:\/\/www.eslebedasauto.at\/wp-content\/uploads\/2022\/04\/IMG_0697-768x576.jpg 768w, https:\/\/www.eslebedasauto.at\/wp-content\/uploads\/2022\/04\/IMG_0697-1536x1152.jpg 1536w, https:\/\/www.eslebedasauto.at\/wp-content\/uploads\/2022\/04\/IMG_0697-2048x1536.jpg 2048w, https:\/\/www.eslebedasauto.at\/wp-content\/uploads\/2022\/04\/IMG_0697-800x600.jpg 800w, https:\/\/www.eslebedasauto.at\/wp-content\/uploads\/2022\/04\/IMG_0697-1160x870.jpg 1160w\" sizes=\"(max-width: 1024px) 100vw, 1024px\" \/><\/figure>\n\n\n\n<p>Vor sieben Jahren, als Citro\u00ebn, inzwischen Teil der PSA-Gruppe, seine neue Premiummarke DS auf den Markt rollte, begann die \u201eG\u00f6ttin\u201c aus den Sechzigern ihre zweite Laufbahn. Zwar war die Karriere der DS bereits 1975 nach rund 1,5 Millionen gebauten Exemplaren beendet worden, doch die Buchstabenkombination hatte nichts von ihrer Magie verloren. Nach den ersten Modellen, die ihre enge Verwandtschaft zur Citro\u00ebn-Modellpalette nicht verheimlichen konnten, hat sich DS inzwischen zu einer eigenst\u00e4ndigen Marke entwickelt, die sich im Design deutlich von den anderen Fahrzeugen des Konzerns absetzt und voll im automobilen Premiumsegment verankert ist.<\/p>\n\n\n\n<figure class=\"wp-block-image size-large\"><img decoding=\"async\" width=\"1024\" height=\"768\" src=\"https:\/\/www.eslebedasauto.at\/wp-content\/uploads\/2022\/04\/IMG_0681-1024x768.jpg\" alt=\"\" class=\"wp-image-88634\" srcset=\"https:\/\/www.eslebedasauto.at\/wp-content\/uploads\/2022\/04\/IMG_0681-1024x768.jpg 1024w, https:\/\/www.eslebedasauto.at\/wp-content\/uploads\/2022\/04\/IMG_0681-300x225.jpg 300w, https:\/\/www.eslebedasauto.at\/wp-content\/uploads\/2022\/04\/IMG_0681-768x576.jpg 768w, https:\/\/www.eslebedasauto.at\/wp-content\/uploads\/2022\/04\/IMG_0681-1536x1152.jpg 1536w, https:\/\/www.eslebedasauto.at\/wp-content\/uploads\/2022\/04\/IMG_0681-2048x1536.jpg 2048w, https:\/\/www.eslebedasauto.at\/wp-content\/uploads\/2022\/04\/IMG_0681-800x600.jpg 800w, https:\/\/www.eslebedasauto.at\/wp-content\/uploads\/2022\/04\/IMG_0681-1160x870.jpg 1160w\" sizes=\"(max-width: 1024px) 100vw, 1024px\" \/><\/figure>\n\n\n\n<h4 id=\"ausgefeilte-plug-in-technik-allradantrieb-und-hochsten-fahrkomfort-bietet-der-grose-ds-7\" class=\"wp-block-heading\">Ausgefeilte Plug-in-Technik, Allradantrieb und h\u00f6chsten Fahrkomfort bietet der gro\u00dfe DS 7. <\/h4>\n\n\n\n<p>DS verspricht eine elektrische Reichweite von 58 Kilometern und dadurch einen kombinierten Verbrauch von 1,3 Litern auf 100 Kilometern. Klingt sensationell, doch auch hier wird das auf dem Pr\u00fcfstand erreichte Versprechen nur teilweise eingel\u00f6st. Wenngleich, der Miniverbrauch ist durchaus m\u00f6glich &#8211; Voraussetzung ist ein artgerechtes Bewegungsprofil, ein leichter Gasfu\u00df und flei\u00dfiges Laden an der Steckdose &#8211; dann sind auch rein elektrische Fahrten, zum Beispiel vom Speckg\u00fcrtel im Sto\u00dfverkehr in die Innenstadt m\u00f6glich und somit sinkt dann auch der Benzinverbrauch gegen Null.<\/p>\n\n\n\n<figure class=\"wp-block-image size-large\"><img decoding=\"async\" width=\"1024\" height=\"768\" src=\"https:\/\/www.eslebedasauto.at\/wp-content\/uploads\/2022\/04\/IMG_0693-1024x768.jpg\" alt=\"\" class=\"wp-image-88640\" srcset=\"https:\/\/www.eslebedasauto.at\/wp-content\/uploads\/2022\/04\/IMG_0693-1024x768.jpg 1024w, https:\/\/www.eslebedasauto.at\/wp-content\/uploads\/2022\/04\/IMG_0693-300x225.jpg 300w, https:\/\/www.eslebedasauto.at\/wp-content\/uploads\/2022\/04\/IMG_0693-768x576.jpg 768w, https:\/\/www.eslebedasauto.at\/wp-content\/uploads\/2022\/04\/IMG_0693-1536x1152.jpg 1536w, https:\/\/www.eslebedasauto.at\/wp-content\/uploads\/2022\/04\/IMG_0693-2048x1536.jpg 2048w, https:\/\/www.eslebedasauto.at\/wp-content\/uploads\/2022\/04\/IMG_0693-800x600.jpg 800w, https:\/\/www.eslebedasauto.at\/wp-content\/uploads\/2022\/04\/IMG_0693-1160x870.jpg 1160w\" sizes=\"(max-width: 1024px) 100vw, 1024px\" \/><\/figure>\n\n\n\n<p>In der harten Test-Realit\u00e4t bot der DS 7 eine Reichweite von rund 40 Kilometern und auf unserer normal, also nicht verhalten gefahrenen Testfahrt meldete der Bordcomputer anschlie\u00dfend einen Verbrauch von immer noch ordentlichen 4,5 Litern. Nimmt man das mit dem Laden nicht so ernst, f\u00e4hrt man im Hybrid-Modus und wird mit erh\u00f6htem aber immer noch nicht exorbitant hohen Verbrauchswerten bestraft &#8211; im Schnitt waren es dann 7,5 Liter pro 100 Kilometer.<\/p>\n\n\n\n<figure class=\"wp-block-gallery has-nested-images columns-default is-cropped wp-block-gallery-1 is-layout-flex wp-block-gallery-is-layout-flex\">\n<figure class=\"wp-block-image size-large\"><img loading=\"lazy\" decoding=\"async\" width=\"2560\" height=\"1920\" data-id=\"88649\" src=\"https:\/\/www.eslebedasauto.at\/wp-content\/uploads\/2022\/04\/IMG_0707-scaled.jpg\" alt=\"\" class=\"wp-image-88649\" srcset=\"https:\/\/www.eslebedasauto.at\/wp-content\/uploads\/2022\/04\/IMG_0707-scaled.jpg 2560w, https:\/\/www.eslebedasauto.at\/wp-content\/uploads\/2022\/04\/IMG_0707-300x225.jpg 300w, https:\/\/www.eslebedasauto.at\/wp-content\/uploads\/2022\/04\/IMG_0707-1024x768.jpg 1024w, https:\/\/www.eslebedasauto.at\/wp-content\/uploads\/2022\/04\/IMG_0707-768x576.jpg 768w, https:\/\/www.eslebedasauto.at\/wp-content\/uploads\/2022\/04\/IMG_0707-1536x1152.jpg 1536w, https:\/\/www.eslebedasauto.at\/wp-content\/uploads\/2022\/04\/IMG_0707-2048x1536.jpg 2048w, https:\/\/www.eslebedasauto.at\/wp-content\/uploads\/2022\/04\/IMG_0707-800x600.jpg 800w, https:\/\/www.eslebedasauto.at\/wp-content\/uploads\/2022\/04\/IMG_0707-1160x870.jpg 1160w\" sizes=\"(max-width: 2560px) 100vw, 2560px\" \/><\/figure>\n\n\n\n<figure class=\"wp-block-image size-large\"><img loading=\"lazy\" decoding=\"async\" width=\"2560\" height=\"1920\" data-id=\"88646\" src=\"https:\/\/www.eslebedasauto.at\/wp-content\/uploads\/2022\/04\/IMG_0701-scaled.jpg\" alt=\"\" class=\"wp-image-88646\" srcset=\"https:\/\/www.eslebedasauto.at\/wp-content\/uploads\/2022\/04\/IMG_0701-scaled.jpg 2560w, https:\/\/www.eslebedasauto.at\/wp-content\/uploads\/2022\/04\/IMG_0701-300x225.jpg 300w, https:\/\/www.eslebedasauto.at\/wp-content\/uploads\/2022\/04\/IMG_0701-1024x768.jpg 1024w, https:\/\/www.eslebedasauto.at\/wp-content\/uploads\/2022\/04\/IMG_0701-768x576.jpg 768w, https:\/\/www.eslebedasauto.at\/wp-content\/uploads\/2022\/04\/IMG_0701-1536x1152.jpg 1536w, https:\/\/www.eslebedasauto.at\/wp-content\/uploads\/2022\/04\/IMG_0701-2048x1536.jpg 2048w, https:\/\/www.eslebedasauto.at\/wp-content\/uploads\/2022\/04\/IMG_0701-800x600.jpg 800w, https:\/\/www.eslebedasauto.at\/wp-content\/uploads\/2022\/04\/IMG_0701-1160x870.jpg 1160w\" sizes=\"(max-width: 2560px) 100vw, 2560px\" \/><\/figure>\n\n\n\n<figure class=\"wp-block-image size-large\"><img loading=\"lazy\" decoding=\"async\" width=\"2560\" height=\"1920\" data-id=\"88645\" src=\"https:\/\/www.eslebedasauto.at\/wp-content\/uploads\/2022\/04\/IMG_0700-scaled.jpg\" alt=\"\" class=\"wp-image-88645\" srcset=\"https:\/\/www.eslebedasauto.at\/wp-content\/uploads\/2022\/04\/IMG_0700-scaled.jpg 2560w, https:\/\/www.eslebedasauto.at\/wp-content\/uploads\/2022\/04\/IMG_0700-300x225.jpg 300w, https:\/\/www.eslebedasauto.at\/wp-content\/uploads\/2022\/04\/IMG_0700-1024x768.jpg 1024w, https:\/\/www.eslebedasauto.at\/wp-content\/uploads\/2022\/04\/IMG_0700-768x576.jpg 768w, https:\/\/www.eslebedasauto.at\/wp-content\/uploads\/2022\/04\/IMG_0700-1536x1152.jpg 1536w, https:\/\/www.eslebedasauto.at\/wp-content\/uploads\/2022\/04\/IMG_0700-2048x1536.jpg 2048w, https:\/\/www.eslebedasauto.at\/wp-content\/uploads\/2022\/04\/IMG_0700-800x600.jpg 800w, https:\/\/www.eslebedasauto.at\/wp-content\/uploads\/2022\/04\/IMG_0700-1160x870.jpg 1160w\" sizes=\"(max-width: 2560px) 100vw, 2560px\" \/><\/figure>\n<\/figure>\n\n\n\n<p>Als Antrieb dient im DS 7 E-Tense 4&#215;4 der im Stellantis-Konzern gerne eingesetzte 1,6 Liter-Vierzylinder, der zusammen mit zwei Elektromotoren vorne und hinten eine Systemleistung von 220 kW (300 PS) generiert. F\u00fcr die Kraft\u00fcbertragung ist das bekannt angenehm schaltende Achtgang-Automatik-Getriebe verantwortlich. So ausger\u00fcstet, beschleunigt der DS 7 in flotten 5,9 Sekunden auf Hundert und erreicht bei 240 km\/h seine H\u00f6chstgeschwindigkeit.<\/p>\n\n\n\n<figure class=\"wp-block-image size-large\"><img loading=\"lazy\" decoding=\"async\" width=\"1024\" height=\"768\" src=\"https:\/\/www.eslebedasauto.at\/wp-content\/uploads\/2022\/04\/IMG_0676-1024x768.jpg\" alt=\"\" class=\"wp-image-88631\" srcset=\"https:\/\/www.eslebedasauto.at\/wp-content\/uploads\/2022\/04\/IMG_0676-1024x768.jpg 1024w, https:\/\/www.eslebedasauto.at\/wp-content\/uploads\/2022\/04\/IMG_0676-300x225.jpg 300w, https:\/\/www.eslebedasauto.at\/wp-content\/uploads\/2022\/04\/IMG_0676-768x576.jpg 768w, https:\/\/www.eslebedasauto.at\/wp-content\/uploads\/2022\/04\/IMG_0676-1536x1152.jpg 1536w, https:\/\/www.eslebedasauto.at\/wp-content\/uploads\/2022\/04\/IMG_0676-2048x1536.jpg 2048w, https:\/\/www.eslebedasauto.at\/wp-content\/uploads\/2022\/04\/IMG_0676-800x600.jpg 800w, https:\/\/www.eslebedasauto.at\/wp-content\/uploads\/2022\/04\/IMG_0676-1160x870.jpg 1160w\" sizes=\"(max-width: 1024px) 100vw, 1024px\" \/><\/figure>\n\n\n\n<p>Nach dem Start setzt sich der DS 7 E-Tense lautlos elektrisch in Bewegung, und dank der guten Isolierung werden Fahrer und Passagiere nicht von akustischen Begleiterscheinungen bel\u00e4stigt, wenn sich der Verbrennungsmotor zuschaltet. <\/p>\n\n\n\n<figure class=\"wp-block-image size-large\"><img loading=\"lazy\" decoding=\"async\" width=\"1024\" height=\"768\" src=\"https:\/\/www.eslebedasauto.at\/wp-content\/uploads\/2022\/04\/IMG_0691-1024x768.jpg\" alt=\"\" class=\"wp-image-88639\" srcset=\"https:\/\/www.eslebedasauto.at\/wp-content\/uploads\/2022\/04\/IMG_0691-1024x768.jpg 1024w, https:\/\/www.eslebedasauto.at\/wp-content\/uploads\/2022\/04\/IMG_0691-300x225.jpg 300w, https:\/\/www.eslebedasauto.at\/wp-content\/uploads\/2022\/04\/IMG_0691-768x576.jpg 768w, https:\/\/www.eslebedasauto.at\/wp-content\/uploads\/2022\/04\/IMG_0691-1536x1152.jpg 1536w, https:\/\/www.eslebedasauto.at\/wp-content\/uploads\/2022\/04\/IMG_0691-2048x1536.jpg 2048w, https:\/\/www.eslebedasauto.at\/wp-content\/uploads\/2022\/04\/IMG_0691-800x600.jpg 800w, https:\/\/www.eslebedasauto.at\/wp-content\/uploads\/2022\/04\/IMG_0691-1160x870.jpg 1160w\" sizes=\"(max-width: 1024px) 100vw, 1024px\" \/><\/figure>\n\n\n\n<h4 id=\"der-e-antrieb-steigt-bei-135-km-h-aus\" class=\"wp-block-heading\">Der E-Antrieb steigt bei 135 km\/h aus. <\/h4>\n\n\n\n<p>Die Energieversorgung \u00fcbernimmt ein 13,2 kWh starker Akku, und der im Heck montierte Elektromotor treibt zus\u00e4tzlich die hintere Achse an und macht den\u00a0DS7\u00a0zum Allradler. Neben dem Allradmodus kann man zwischen einem Hybrid-, Elektro- und Sportmodus w\u00e4hlen.<\/p>\n\n\n\n<figure class=\"wp-block-image size-large\"><img loading=\"lazy\" decoding=\"async\" width=\"768\" height=\"1024\" src=\"https:\/\/www.eslebedasauto.at\/wp-content\/uploads\/2022\/04\/IMG_0669-768x1024.jpg\" alt=\"\" class=\"wp-image-88629\" srcset=\"https:\/\/www.eslebedasauto.at\/wp-content\/uploads\/2022\/04\/IMG_0669-768x1024.jpg 768w, https:\/\/www.eslebedasauto.at\/wp-content\/uploads\/2022\/04\/IMG_0669-225x300.jpg 225w, https:\/\/www.eslebedasauto.at\/wp-content\/uploads\/2022\/04\/IMG_0669-1152x1536.jpg 1152w, https:\/\/www.eslebedasauto.at\/wp-content\/uploads\/2022\/04\/IMG_0669-1536x2048.jpg 1536w, https:\/\/www.eslebedasauto.at\/wp-content\/uploads\/2022\/04\/IMG_0669-800x1067.jpg 800w, https:\/\/www.eslebedasauto.at\/wp-content\/uploads\/2022\/04\/IMG_0669-1160x1547.jpg 1160w, https:\/\/www.eslebedasauto.at\/wp-content\/uploads\/2022\/04\/IMG_0669-scaled.jpg 1920w\" sizes=\"(max-width: 768px) 100vw, 768px\" \/><\/figure>\n\n\n\n<h4 id=\"im-innenraum-wird-der-ds-7-seinem-gottlichen-erbe-absolut-gerecht\" class=\"wp-block-heading\">Im Innenraum wird der DS 7 seinem g\u00f6ttlichen Erbe absolut gerecht. <\/h4>\n\n\n\n<p>Edle Materialien, angenehme Sitze mit gutem Seitenhalt und wie bei dem Namensgeber nicht anders zu erwarten auch ausgefallene L\u00f6sungen heben das Nobel-SUV aus der Masse heraus. Man gew\u00f6hnt sich schnell daran, dass nicht alle Schalter am gewohnten Platz sind. Schlie\u00dflich war es bei der DS von einst auch nicht anders. Daf\u00fcr entsch\u00e4digen die Premium-Materialien wie Alcantara oder genarbtes Leder und eine Verarbeitungsqualit\u00e4t vom Feinsten.<\/p>\n\n\n\n<figure class=\"wp-block-gallery has-nested-images columns-default is-cropped wp-block-gallery-2 is-layout-flex wp-block-gallery-is-layout-flex\">\n<figure class=\"wp-block-image size-large\"><img loading=\"lazy\" decoding=\"async\" width=\"2560\" height=\"1920\" data-id=\"88655\" src=\"https:\/\/www.eslebedasauto.at\/wp-content\/uploads\/2022\/04\/IMG_0714-scaled.jpg\" alt=\"\" class=\"wp-image-88655\" srcset=\"https:\/\/www.eslebedasauto.at\/wp-content\/uploads\/2022\/04\/IMG_0714-scaled.jpg 2560w, https:\/\/www.eslebedasauto.at\/wp-content\/uploads\/2022\/04\/IMG_0714-300x225.jpg 300w, https:\/\/www.eslebedasauto.at\/wp-content\/uploads\/2022\/04\/IMG_0714-1024x768.jpg 1024w, https:\/\/www.eslebedasauto.at\/wp-content\/uploads\/2022\/04\/IMG_0714-768x576.jpg 768w, https:\/\/www.eslebedasauto.at\/wp-content\/uploads\/2022\/04\/IMG_0714-1536x1152.jpg 1536w, https:\/\/www.eslebedasauto.at\/wp-content\/uploads\/2022\/04\/IMG_0714-2048x1536.jpg 2048w, https:\/\/www.eslebedasauto.at\/wp-content\/uploads\/2022\/04\/IMG_0714-800x600.jpg 800w, https:\/\/www.eslebedasauto.at\/wp-content\/uploads\/2022\/04\/IMG_0714-1160x870.jpg 1160w\" sizes=\"(max-width: 2560px) 100vw, 2560px\" \/><\/figure>\n\n\n\n<figure class=\"wp-block-image size-large\"><img loading=\"lazy\" decoding=\"async\" width=\"2560\" height=\"1920\" data-id=\"88654\" src=\"https:\/\/www.eslebedasauto.at\/wp-content\/uploads\/2022\/04\/IMG_0713-scaled.jpg\" alt=\"\" class=\"wp-image-88654\" srcset=\"https:\/\/www.eslebedasauto.at\/wp-content\/uploads\/2022\/04\/IMG_0713-scaled.jpg 2560w, https:\/\/www.eslebedasauto.at\/wp-content\/uploads\/2022\/04\/IMG_0713-300x225.jpg 300w, https:\/\/www.eslebedasauto.at\/wp-content\/uploads\/2022\/04\/IMG_0713-1024x768.jpg 1024w, https:\/\/www.eslebedasauto.at\/wp-content\/uploads\/2022\/04\/IMG_0713-768x576.jpg 768w, https:\/\/www.eslebedasauto.at\/wp-content\/uploads\/2022\/04\/IMG_0713-1536x1152.jpg 1536w, https:\/\/www.eslebedasauto.at\/wp-content\/uploads\/2022\/04\/IMG_0713-2048x1536.jpg 2048w, https:\/\/www.eslebedasauto.at\/wp-content\/uploads\/2022\/04\/IMG_0713-800x600.jpg 800w, https:\/\/www.eslebedasauto.at\/wp-content\/uploads\/2022\/04\/IMG_0713-1160x870.jpg 1160w\" sizes=\"(max-width: 2560px) 100vw, 2560px\" \/><\/figure>\n\n\n\n<figure class=\"wp-block-image size-large\"><img loading=\"lazy\" decoding=\"async\" width=\"2560\" height=\"1920\" data-id=\"88652\" src=\"https:\/\/www.eslebedasauto.at\/wp-content\/uploads\/2022\/04\/IMG_0711-scaled.jpg\" alt=\"\" class=\"wp-image-88652\" srcset=\"https:\/\/www.eslebedasauto.at\/wp-content\/uploads\/2022\/04\/IMG_0711-scaled.jpg 2560w, https:\/\/www.eslebedasauto.at\/wp-content\/uploads\/2022\/04\/IMG_0711-300x225.jpg 300w, https:\/\/www.eslebedasauto.at\/wp-content\/uploads\/2022\/04\/IMG_0711-1024x768.jpg 1024w, https:\/\/www.eslebedasauto.at\/wp-content\/uploads\/2022\/04\/IMG_0711-768x576.jpg 768w, https:\/\/www.eslebedasauto.at\/wp-content\/uploads\/2022\/04\/IMG_0711-1536x1152.jpg 1536w, https:\/\/www.eslebedasauto.at\/wp-content\/uploads\/2022\/04\/IMG_0711-2048x1536.jpg 2048w, https:\/\/www.eslebedasauto.at\/wp-content\/uploads\/2022\/04\/IMG_0711-800x600.jpg 800w, https:\/\/www.eslebedasauto.at\/wp-content\/uploads\/2022\/04\/IMG_0711-1160x870.jpg 1160w\" sizes=\"(max-width: 2560px) 100vw, 2560px\" \/><\/figure>\n<\/figure>\n\n\n\n<figure class=\"wp-block-image size-large\"><img loading=\"lazy\" decoding=\"async\" width=\"1024\" height=\"768\" src=\"https:\/\/www.eslebedasauto.at\/wp-content\/uploads\/2022\/04\/IMG_0710-1024x768.jpg\" alt=\"\" class=\"wp-image-88651\" srcset=\"https:\/\/www.eslebedasauto.at\/wp-content\/uploads\/2022\/04\/IMG_0710-1024x768.jpg 1024w, https:\/\/www.eslebedasauto.at\/wp-content\/uploads\/2022\/04\/IMG_0710-300x225.jpg 300w, https:\/\/www.eslebedasauto.at\/wp-content\/uploads\/2022\/04\/IMG_0710-768x576.jpg 768w, https:\/\/www.eslebedasauto.at\/wp-content\/uploads\/2022\/04\/IMG_0710-1536x1152.jpg 1536w, https:\/\/www.eslebedasauto.at\/wp-content\/uploads\/2022\/04\/IMG_0710-2048x1536.jpg 2048w, https:\/\/www.eslebedasauto.at\/wp-content\/uploads\/2022\/04\/IMG_0710-800x600.jpg 800w, https:\/\/www.eslebedasauto.at\/wp-content\/uploads\/2022\/04\/IMG_0710-1160x870.jpg 1160w\" sizes=\"(max-width: 1024px) 100vw, 1024px\" \/><\/figure>\n\n\n\n<p>Dank der intelligenten Platzierung von Batterie und elektrischem Antrieb, bleibt der Platz im Innenraum und auch im Gep\u00e4ckabteil unangetastet, sodass der DS 7 Crossback \u00fcberaus gro\u00dfz\u00fcgige Platzverh\u00e4ltnisse bietet.<\/p>\n\n\n\n<figure class=\"wp-block-image size-large\"><img loading=\"lazy\" decoding=\"async\" width=\"1024\" height=\"768\" src=\"https:\/\/www.eslebedasauto.at\/wp-content\/uploads\/2022\/04\/IMG_0664-1024x768.jpg\" alt=\"\" class=\"wp-image-88627\" srcset=\"https:\/\/www.eslebedasauto.at\/wp-content\/uploads\/2022\/04\/IMG_0664-1024x768.jpg 1024w, https:\/\/www.eslebedasauto.at\/wp-content\/uploads\/2022\/04\/IMG_0664-300x225.jpg 300w, https:\/\/www.eslebedasauto.at\/wp-content\/uploads\/2022\/04\/IMG_0664-768x576.jpg 768w, https:\/\/www.eslebedasauto.at\/wp-content\/uploads\/2022\/04\/IMG_0664-1536x1152.jpg 1536w, https:\/\/www.eslebedasauto.at\/wp-content\/uploads\/2022\/04\/IMG_0664-2048x1536.jpg 2048w, https:\/\/www.eslebedasauto.at\/wp-content\/uploads\/2022\/04\/IMG_0664-800x600.jpg 800w, https:\/\/www.eslebedasauto.at\/wp-content\/uploads\/2022\/04\/IMG_0664-1160x870.jpg 1160w\" sizes=\"(max-width: 1024px) 100vw, 1024px\" \/><\/figure>\n\n\n\n<h4 id=\"es-war-immer-schon-etwas-teurer-ein-prasidentenauto-zu-fahren-das-ist-auch-beim-ds-7-crossback-e-tense-44-nicht-anders\" class=\"wp-block-heading\">Es war immer schon etwas teurer ein Pr\u00e4sidentenauto zu fahren &#8211; das ist auch beim DS 7 Crossback E-Tense 4&#215;4 nicht anders.<\/h4>\n\n\n\n<p>Die Preisliste des DS 7 E-Tense 4&#215;4 startet bei 55.950 Euro f\u00fcr die Basisversion Bastille +. Die Variante Performance Line E-Tense 4&#215;4 300 kostet 57.450\u00a0Euro und f\u00fcr die vollst\u00e4ndig ausgestattete Topversion Rivoli wechseln 63.450 Euro den Besitzer. <br><\/p>\n\n\n\n<figure class=\"wp-block-image size-large\"><img loading=\"lazy\" decoding=\"async\" width=\"1024\" height=\"768\" src=\"https:\/\/www.eslebedasauto.at\/wp-content\/uploads\/2022\/04\/IMG_0694-1024x768.jpg\" alt=\"\" class=\"wp-image-88641\" srcset=\"https:\/\/www.eslebedasauto.at\/wp-content\/uploads\/2022\/04\/IMG_0694-1024x768.jpg 1024w, https:\/\/www.eslebedasauto.at\/wp-content\/uploads\/2022\/04\/IMG_0694-300x225.jpg 300w, https:\/\/www.eslebedasauto.at\/wp-content\/uploads\/2022\/04\/IMG_0694-768x576.jpg 768w, https:\/\/www.eslebedasauto.at\/wp-content\/uploads\/2022\/04\/IMG_0694-1536x1152.jpg 1536w, https:\/\/www.eslebedasauto.at\/wp-content\/uploads\/2022\/04\/IMG_0694-2048x1536.jpg 2048w, https:\/\/www.eslebedasauto.at\/wp-content\/uploads\/2022\/04\/IMG_0694-800x600.jpg 800w, https:\/\/www.eslebedasauto.at\/wp-content\/uploads\/2022\/04\/IMG_0694-1160x870.jpg 1160w\" sizes=\"(max-width: 1024px) 100vw, 1024px\" \/><\/figure>\n\n\n\n<h4 id=\"daten-fakten-ds-7-crossback-e-tense-44-300\" class=\"wp-block-heading\">Daten Fakten DS 7 Crossback E-Tense 4&#215;4 300<\/h4>\n\n\n\n<p>Motor: R4-Turbo-Benziner<br>Hubraum: 1598 ccm<br>Leistung: 200 PS <br>Drehmoment: 300 Nm bei 3000 U\/min<br>Elektromotor: 80 kW \/ 110 PS vorne; 80 kW \/ 110 PS hinten<br>Drehmoment E-Motor: vorne: 320 Nm; hinten 166 Nm<br>Batterie: Lithiumionen 13,2 kWh<br>Systemleistung: 300 PS<br>Vmax: 240 km\/h<br>0 &#8211; 100 km\/h: 5,9 Sek.<br>Testverbrauch: 4,5\u20137,5 Liter<br>Preis: ab EUR 55.950,-<\/p>","protected":false},"excerpt":{"rendered":"<p>DS f\u00e4hrt nun schon seit einigen Jahren mit dem DS 7 Crossback E-Tense fix im Premiumsegment.<\/p>","protected":false},"author":2,"featured_media":88630,"comment_status":"open","ping_status":"open","sticky":false,"template":"","format":"standard","meta":{"neve_meta_sidebar":"","neve_meta_container":"","neve_meta_enable_content_width":"","neve_meta_content_width":0,"neve_meta_title_alignment":"","neve_meta_author_avatar":"","neve_post_elements_order":"","neve_meta_disable_header":"","neve_meta_disable_footer":"","neve_meta_disable_title":"","neve_meta_reading_time":"","footnotes":""},"categories":[335,12],"tags":[],"class_list":["post-88967","post","type-post","status-publish","format-standard","has-post-thumbnail","hentry","category-fahrberichte","category-hybrid"],"yoast_head":"<!-- This site is optimized with the Yoast SEO plugin v26.8 - https:\/\/yoast.com\/product\/yoast-seo-wordpress\/ -->\n<title>Fahren wie Macron - Es lebe das Auto<\/title>\n<meta name=\"description\" content=\"DS f\u00e4hrt nun schon seit einigen Jahren mit dem DS 7 Crossback E-Tense fix im Premiumsegment.\" \/>\n<meta name=\"robots\" content=\"index, follow, max-snippet:-1, max-image-preview:large, max-video-preview:-1\" \/>\n<link rel=\"canonical\" href=\"https:\/\/www.eslebedasauto.at\/en\/ds-7-crossback-e-tense-4x4-300-test\/\" \/>\n<meta property=\"og:locale\" content=\"en_GB\" \/>\n<meta property=\"og:type\" content=\"article\" \/>\n<meta property=\"og:title\" content=\"Fahren wie Macron - Es lebe das Auto\" \/>\n<meta property=\"og:description\" content=\"DS f\u00e4hrt nun schon seit einigen Jahren mit dem DS 7 Crossback E-Tense fix im Premiumsegment.\" \/>\n<meta property=\"og:url\" content=\"https:\/\/www.eslebedasauto.at\/en\/ds-7-crossback-e-tense-4x4-300-test\/\" \/>\n<meta property=\"og:site_name\" content=\"Es lebe das Auto\" \/>\n<meta property=\"article:publisher\" content=\"https:\/\/www.facebook.com\/eslebedasauto.at\" \/>\n<meta property=\"article:published_time\" content=\"2024-03-18T08:01:04+00:00\" \/>\n<meta property=\"og:image\" content=\"https:\/\/www.eslebedasauto.at\/wp-content\/uploads\/2022\/04\/IMG_0675-scaled.jpg\" \/>\n\t<meta property=\"og:image:width\" content=\"2560\" \/>\n\t<meta property=\"og:image:height\" content=\"1920\" \/>\n\t<meta property=\"og:image:type\" content=\"image\/jpeg\" \/>\n<meta name=\"author\" content=\"gerhard\" \/>\n<meta name=\"twitter:card\" content=\"summary_large_image\" \/>\n<meta name=\"twitter:label1\" content=\"Written by\" \/>\n\t<meta name=\"twitter:data1\" content=\"gerhard\" \/>\n\t<meta name=\"twitter:label2\" content=\"Estimated reading time\" \/>\n\t<meta name=\"twitter:data2\" content=\"7 minutes\" \/>\n<script type=\"application\/ld+json\" class=\"yoast-schema-graph\">{\"@context\":\"https:\/\/schema.org\",\"@graph\":[{\"@type\":\"Article\",\"@id\":\"https:\/\/www.eslebedasauto.at\/ds-7-crossback-e-tense-4x4-300-test\/#article\",\"isPartOf\":{\"@id\":\"https:\/\/www.eslebedasauto.at\/ds-7-crossback-e-tense-4x4-300-test\/\"},\"author\":{\"name\":\"gerhard\",\"@id\":\"https:\/\/www.eslebedasauto.at\/#\/schema\/person\/fb81218b0bed500d225ff518f9f17033\"},\"headline\":\"Fahren wie Macron\",\"datePublished\":\"2024-03-18T08:01:04+00:00\",\"mainEntityOfPage\":{\"@id\":\"https:\/\/www.eslebedasauto.at\/ds-7-crossback-e-tense-4x4-300-test\/\"},\"wordCount\":637,\"commentCount\":0,\"publisher\":{\"@id\":\"https:\/\/www.eslebedasauto.at\/#organization\"},\"image\":{\"@id\":\"https:\/\/www.eslebedasauto.at\/ds-7-crossback-e-tense-4x4-300-test\/#primaryimage\"},\"thumbnailUrl\":\"https:\/\/www.eslebedasauto.at\/wp-content\/uploads\/2022\/04\/IMG_0675-scaled.jpg\",\"articleSection\":[\"Fahrberichte\",\"Hybrid\"],\"inLanguage\":\"en-GB\",\"potentialAction\":[{\"@type\":\"CommentAction\",\"name\":\"Comment\",\"target\":[\"https:\/\/www.eslebedasauto.at\/ds-7-crossback-e-tense-4x4-300-test\/#respond\"]}]},{\"@type\":\"WebPage\",\"@id\":\"https:\/\/www.eslebedasauto.at\/ds-7-crossback-e-tense-4x4-300-test\/\",\"url\":\"https:\/\/www.eslebedasauto.at\/ds-7-crossback-e-tense-4x4-300-test\/\",\"name\":\"Fahren wie Macron - Es lebe das Auto\",\"isPartOf\":{\"@id\":\"https:\/\/www.eslebedasauto.at\/#website\"},\"primaryImageOfPage\":{\"@id\":\"https:\/\/www.eslebedasauto.at\/ds-7-crossback-e-tense-4x4-300-test\/#primaryimage\"},\"image\":{\"@id\":\"https:\/\/www.eslebedasauto.at\/ds-7-crossback-e-tense-4x4-300-test\/#primaryimage\"},\"thumbnailUrl\":\"https:\/\/www.eslebedasauto.at\/wp-content\/uploads\/2022\/04\/IMG_0675-scaled.jpg\",\"datePublished\":\"2024-03-18T08:01:04+00:00\",\"description\":\"DS f\u00e4hrt nun schon seit einigen Jahren mit dem DS 7 Crossback E-Tense fix im Premiumsegment.\",\"breadcrumb\":{\"@id\":\"https:\/\/www.eslebedasauto.at\/ds-7-crossback-e-tense-4x4-300-test\/#breadcrumb\"},\"inLanguage\":\"en-GB\",\"potentialAction\":[{\"@type\":\"ReadAction\",\"target\":[\"https:\/\/www.eslebedasauto.at\/ds-7-crossback-e-tense-4x4-300-test\/\"]}]},{\"@type\":\"ImageObject\",\"inLanguage\":\"en-GB\",\"@id\":\"https:\/\/www.eslebedasauto.at\/ds-7-crossback-e-tense-4x4-300-test\/#primaryimage\",\"url\":\"https:\/\/www.eslebedasauto.at\/wp-content\/uploads\/2022\/04\/IMG_0675-scaled.jpg\",\"contentUrl\":\"https:\/\/www.eslebedasauto.at\/wp-content\/uploads\/2022\/04\/IMG_0675-scaled.jpg\",\"width\":2560,\"height\":1920},{\"@type\":\"BreadcrumbList\",\"@id\":\"https:\/\/www.eslebedasauto.at\/ds-7-crossback-e-tense-4x4-300-test\/#breadcrumb\",\"itemListElement\":[{\"@type\":\"ListItem\",\"position\":1,\"name\":\"Startseite\",\"item\":\"https:\/\/www.eslebedasauto.at\/\"},{\"@type\":\"ListItem\",\"position\":2,\"name\":\"Fahren wie Macron\"}]},{\"@type\":\"WebSite\",\"@id\":\"https:\/\/www.eslebedasauto.at\/#website\",\"url\":\"https:\/\/www.eslebedasauto.at\/\",\"name\":\"Es lebe das Auto\",\"description\":\"ein Hoch auf den Individualverkehr\",\"publisher\":{\"@id\":\"https:\/\/www.eslebedasauto.at\/#organization\"},\"potentialAction\":[{\"@type\":\"SearchAction\",\"target\":{\"@type\":\"EntryPoint\",\"urlTemplate\":\"https:\/\/www.eslebedasauto.at\/?s={search_term_string}\"},\"query-input\":{\"@type\":\"PropertyValueSpecification\",\"valueRequired\":true,\"valueName\":\"search_term_string\"}}],\"inLanguage\":\"en-GB\"},{\"@type\":\"Organization\",\"@id\":\"https:\/\/www.eslebedasauto.at\/#organization\",\"name\":\"eslebedasauto\",\"url\":\"https:\/\/www.eslebedasauto.at\/\",\"logo\":{\"@type\":\"ImageObject\",\"inLanguage\":\"en-GB\",\"@id\":\"https:\/\/www.eslebedasauto.at\/#\/schema\/logo\/image\/\",\"url\":\"https:\/\/www.eslebedasauto.at\/wp-content\/uploads\/2025\/10\/eldarund.png\",\"contentUrl\":\"https:\/\/www.eslebedasauto.at\/wp-content\/uploads\/2025\/10\/eldarund.png\",\"width\":1024,\"height\":1024,\"caption\":\"eslebedasauto\"},\"image\":{\"@id\":\"https:\/\/www.eslebedasauto.at\/#\/schema\/logo\/image\/\"},\"sameAs\":[\"https:\/\/www.facebook.com\/eslebedasauto.at\",\"https:\/\/www.instagram.com\/es_lebe_das_auto\/\"]},{\"@type\":\"Person\",\"@id\":\"https:\/\/www.eslebedasauto.at\/#\/schema\/person\/fb81218b0bed500d225ff518f9f17033\",\"name\":\"gerhard\",\"url\":\"https:\/\/www.eslebedasauto.at\/en\/author\/gerhard\/\"}]}<\/script>\n<!-- \/ Yoast SEO plugin. -->","yoast_head_json":{"title":"Fahren wie Macron - Es lebe das Auto","description":"DS f\u00e4hrt nun schon seit einigen Jahren mit dem DS 7 Crossback E-Tense fix im Premiumsegment.","robots":{"index":"index","follow":"follow","max-snippet":"max-snippet:-1","max-image-preview":"max-image-preview:large","max-video-preview":"max-video-preview:-1"},"canonical":"https:\/\/www.eslebedasauto.at\/en\/ds-7-crossback-e-tense-4x4-300-test\/","og_locale":"en_GB","og_type":"article","og_title":"Fahren wie Macron - Es lebe das Auto","og_description":"DS f\u00e4hrt nun schon seit einigen Jahren mit dem DS 7 Crossback E-Tense fix im Premiumsegment.","og_url":"https:\/\/www.eslebedasauto.at\/en\/ds-7-crossback-e-tense-4x4-300-test\/","og_site_name":"Es lebe das Auto","article_publisher":"https:\/\/www.facebook.com\/eslebedasauto.at","article_published_time":"2024-03-18T08:01:04+00:00","og_image":[{"width":2560,"height":1920,"url":"https:\/\/www.eslebedasauto.at\/wp-content\/uploads\/2022\/04\/IMG_0675-scaled.jpg","type":"image\/jpeg"}],"author":"gerhard","twitter_card":"summary_large_image","twitter_misc":{"Written by":"gerhard","Estimated reading time":"7 minutes"},"schema":{"@context":"https:\/\/schema.org","@graph":[{"@type":"Article","@id":"https:\/\/www.eslebedasauto.at\/ds-7-crossback-e-tense-4x4-300-test\/#article","isPartOf":{"@id":"https:\/\/www.eslebedasauto.at\/ds-7-crossback-e-tense-4x4-300-test\/"},"author":{"name":"gerhard","@id":"https:\/\/www.eslebedasauto.at\/#\/schema\/person\/fb81218b0bed500d225ff518f9f17033"},"headline":"Fahren wie Macron","datePublished":"2024-03-18T08:01:04+00:00","mainEntityOfPage":{"@id":"https:\/\/www.eslebedasauto.at\/ds-7-crossback-e-tense-4x4-300-test\/"},"wordCount":637,"commentCount":0,"publisher":{"@id":"https:\/\/www.eslebedasauto.at\/#organization"},"image":{"@id":"https:\/\/www.eslebedasauto.at\/ds-7-crossback-e-tense-4x4-300-test\/#primaryimage"},"thumbnailUrl":"https:\/\/www.eslebedasauto.at\/wp-content\/uploads\/2022\/04\/IMG_0675-scaled.jpg","articleSection":["Fahrberichte","Hybrid"],"inLanguage":"en-GB","potentialAction":[{"@type":"CommentAction","name":"Comment","target":["https:\/\/www.eslebedasauto.at\/ds-7-crossback-e-tense-4x4-300-test\/#respond"]}]},{"@type":"WebPage","@id":"https:\/\/www.eslebedasauto.at\/ds-7-crossback-e-tense-4x4-300-test\/","url":"https:\/\/www.eslebedasauto.at\/ds-7-crossback-e-tense-4x4-300-test\/","name":"Fahren wie Macron - Es lebe das Auto","isPartOf":{"@id":"https:\/\/www.eslebedasauto.at\/#website"},"primaryImageOfPage":{"@id":"https:\/\/www.eslebedasauto.at\/ds-7-crossback-e-tense-4x4-300-test\/#primaryimage"},"image":{"@id":"https:\/\/www.eslebedasauto.at\/ds-7-crossback-e-tense-4x4-300-test\/#primaryimage"},"thumbnailUrl":"https:\/\/www.eslebedasauto.at\/wp-content\/uploads\/2022\/04\/IMG_0675-scaled.jpg","datePublished":"2024-03-18T08:01:04+00:00","description":"DS f\u00e4hrt nun schon seit einigen Jahren mit dem DS 7 Crossback E-Tense fix im Premiumsegment.","breadcrumb":{"@id":"https:\/\/www.eslebedasauto.at\/ds-7-crossback-e-tense-4x4-300-test\/#breadcrumb"},"inLanguage":"en-GB","potentialAction":[{"@type":"ReadAction","target":["https:\/\/www.eslebedasauto.at\/ds-7-crossback-e-tense-4x4-300-test\/"]}]},{"@type":"ImageObject","inLanguage":"en-GB","@id":"https:\/\/www.eslebedasauto.at\/ds-7-crossback-e-tense-4x4-300-test\/#primaryimage","url":"https:\/\/www.eslebedasauto.at\/wp-content\/uploads\/2022\/04\/IMG_0675-scaled.jpg","contentUrl":"https:\/\/www.eslebedasauto.at\/wp-content\/uploads\/2022\/04\/IMG_0675-scaled.jpg","width":2560,"height":1920},{"@type":"BreadcrumbList","@id":"https:\/\/www.eslebedasauto.at\/ds-7-crossback-e-tense-4x4-300-test\/#breadcrumb","itemListElement":[{"@type":"ListItem","position":1,"name":"Startseite","item":"https:\/\/www.eslebedasauto.at\/"},{"@type":"ListItem","position":2,"name":"Fahren wie Macron"}]},{"@type":"WebSite","@id":"https:\/\/www.eslebedasauto.at\/#website","url":"https:\/\/www.eslebedasauto.at\/","name":"Es lebe das Auto","description":"ein Hoch auf den Individualverkehr","publisher":{"@id":"https:\/\/www.eslebedasauto.at\/#organization"},"potentialAction":[{"@type":"SearchAction","target":{"@type":"EntryPoint","urlTemplate":"https:\/\/www.eslebedasauto.at\/?s={search_term_string}"},"query-input":{"@type":"PropertyValueSpecification","valueRequired":true,"valueName":"search_term_string"}}],"inLanguage":"en-GB"},{"@type":"Organization","@id":"https:\/\/www.eslebedasauto.at\/#organization","name":"eslebedasauto","url":"https:\/\/www.eslebedasauto.at\/","logo":{"@type":"ImageObject","inLanguage":"en-GB","@id":"https:\/\/www.eslebedasauto.at\/#\/schema\/logo\/image\/","url":"https:\/\/www.eslebedasauto.at\/wp-content\/uploads\/2025\/10\/eldarund.png","contentUrl":"https:\/\/www.eslebedasauto.at\/wp-content\/uploads\/2025\/10\/eldarund.png","width":1024,"height":1024,"caption":"eslebedasauto"},"image":{"@id":"https:\/\/www.eslebedasauto.at\/#\/schema\/logo\/image\/"},"sameAs":["https:\/\/www.facebook.com\/eslebedasauto.at","https:\/\/www.instagram.com\/es_lebe_das_auto\/"]},{"@type":"Person","@id":"https:\/\/www.eslebedasauto.at\/#\/schema\/person\/fb81218b0bed500d225ff518f9f17033","name":"gerhard","url":"https:\/\/www.eslebedasauto.at\/en\/author\/gerhard\/"}]}},"_links":{"self":[{"href":"https:\/\/www.eslebedasauto.at\/en\/wp-json\/wp\/v2\/posts\/88967","targetHints":{"allow":["GET"]}}],"collection":[{"href":"https:\/\/www.eslebedasauto.at\/en\/wp-json\/wp\/v2\/posts"}],"about":[{"href":"https:\/\/www.eslebedasauto.at\/en\/wp-json\/wp\/v2\/types\/post"}],"author":[{"embeddable":true,"href":"https:\/\/www.eslebedasauto.at\/en\/wp-json\/wp\/v2\/users\/2"}],"replies":[{"embeddable":true,"href":"https:\/\/www.eslebedasauto.at\/en\/wp-json\/wp\/v2\/comments?post=88967"}],"version-history":[{"count":3,"href":"https:\/\/www.eslebedasauto.at\/en\/wp-json\/wp\/v2\/posts\/88967\/revisions"}],"predecessor-version":[{"id":88971,"href":"https:\/\/www.eslebedasauto.at\/en\/wp-json\/wp\/v2\/posts\/88967\/revisions\/88971"}],"wp:featuredmedia":[{"embeddable":true,"href":"https:\/\/www.eslebedasauto.at\/en\/wp-json\/wp\/v2\/media\/88630"}],"wp:attachment":[{"href":"https:\/\/www.eslebedasauto.at\/en\/wp-json\/wp\/v2\/media?parent=88967"}],"wp:term":[{"taxonomy":"category","embeddable":true,"href":"https:\/\/www.eslebedasauto.at\/en\/wp-json\/wp\/v2\/categories?post=88967"},{"taxonomy":"post_tag","embeddable":true,"href":"https:\/\/www.eslebedasauto.at\/en\/wp-json\/wp\/v2\/tags?post=88967"}],"curies":[{"name":"wp","href":"https:\/\/api.w.org\/{rel}","templated":true}]}}