{"id":88711,"date":"2024-03-18T09:01:04","date_gmt":"2024-03-18T08:01:04","guid":{"rendered":"https:\/\/www.eslebedasauto.at\/?p=88711"},"modified":"2024-03-18T09:01:04","modified_gmt":"2024-03-18T08:01:04","slug":"franzoesischer-siegertyp","status":"publish","type":"post","link":"https:\/\/www.eslebedasauto.at\/en\/franzoesischer-siegertyp\/","title":{"rendered":"Franz\u00f6sischer Siegertyp"},"content":{"rendered":"<h4 id=\"die-trophae-als-womans-car-of-the-year-2022-wird-sicher-nicht-der-letzte-preis-gewesen-sein-den-der-neue-peugeot-308-gewonnen-hat-mit-dem-neuen-kompaktwagen-haben-die-franzosen-einen-e\" class=\"wp-block-heading\">Die Troph\u00e4e als &#8222;Womans Car of the year 2022&#8220; wird sicher nicht der letzte Preis gewesen sein, den der neue Peugeot 308 gewonnen hat. Mit dem neuen Kompaktwagen haben die Franzosen einen echten Winner auf die R\u00e4der gestellt. <\/h4>\n\n\n\n<figure class=\"wp-block-image size-large\"><img fetchpriority=\"high\" decoding=\"async\" width=\"1024\" height=\"768\" src=\"https:\/\/www.eslebedasauto.at\/wp-content\/uploads\/2022\/05\/IMG_7427-1024x768.jpeg\" alt=\"\" class=\"wp-image-88735\" srcset=\"https:\/\/www.eslebedasauto.at\/wp-content\/uploads\/2022\/05\/IMG_7427-1024x768.jpeg 1024w, https:\/\/www.eslebedasauto.at\/wp-content\/uploads\/2022\/05\/IMG_7427-300x225.jpeg 300w, https:\/\/www.eslebedasauto.at\/wp-content\/uploads\/2022\/05\/IMG_7427-768x576.jpeg 768w, https:\/\/www.eslebedasauto.at\/wp-content\/uploads\/2022\/05\/IMG_7427-1536x1152.jpeg 1536w, https:\/\/www.eslebedasauto.at\/wp-content\/uploads\/2022\/05\/IMG_7427-800x600.jpeg 800w, https:\/\/www.eslebedasauto.at\/wp-content\/uploads\/2022\/05\/IMG_7427-1160x870.jpeg 1160w, https:\/\/www.eslebedasauto.at\/wp-content\/uploads\/2022\/05\/IMG_7427.jpeg 2048w\" sizes=\"(max-width: 1024px) 100vw, 1024px\" \/><\/figure>\n\n\n\n<p>Stolz prangt das neue Peugeot-Logo an der Front, am Heck und im Falle unseres Testwagens auch an den vorderen Kotfl\u00fcgeln. Der&nbsp;308&nbsp;ist der erste Peugeot, der das neue Markenwappen tragen darf. Das Markengesicht \u00e4hnelt dem des 508 &#8211; auch hier spielt Peugeot mit den s\u00e4belzahnartigen Tagfahrlichtern &#8211; besonders sch\u00f6n ist der soft verlaufende K\u00fchlergrill und die grimmig dreinblickenden LED-Lichter.<\/p>\n\n\n\n<figure class=\"wp-block-gallery has-nested-images columns-default is-cropped wp-block-gallery-1 is-layout-flex wp-block-gallery-is-layout-flex\">\n<figure class=\"wp-block-image size-large\"><img decoding=\"async\" width=\"2048\" height=\"1536\" data-id=\"88733\" src=\"https:\/\/www.eslebedasauto.at\/wp-content\/uploads\/2022\/05\/IMG_7425.jpeg\" alt=\"\" class=\"wp-image-88733\" srcset=\"https:\/\/www.eslebedasauto.at\/wp-content\/uploads\/2022\/05\/IMG_7425.jpeg 2048w, https:\/\/www.eslebedasauto.at\/wp-content\/uploads\/2022\/05\/IMG_7425-300x225.jpeg 300w, https:\/\/www.eslebedasauto.at\/wp-content\/uploads\/2022\/05\/IMG_7425-1024x768.jpeg 1024w, https:\/\/www.eslebedasauto.at\/wp-content\/uploads\/2022\/05\/IMG_7425-768x576.jpeg 768w, https:\/\/www.eslebedasauto.at\/wp-content\/uploads\/2022\/05\/IMG_7425-1536x1152.jpeg 1536w, https:\/\/www.eslebedasauto.at\/wp-content\/uploads\/2022\/05\/IMG_7425-800x600.jpeg 800w, https:\/\/www.eslebedasauto.at\/wp-content\/uploads\/2022\/05\/IMG_7425-1160x870.jpeg 1160w\" sizes=\"(max-width: 2048px) 100vw, 2048px\" \/><\/figure>\n\n\n\n<figure class=\"wp-block-image size-large\"><img decoding=\"async\" width=\"2048\" height=\"1536\" data-id=\"88723\" src=\"https:\/\/www.eslebedasauto.at\/wp-content\/uploads\/2022\/05\/IMG_7400.jpeg\" alt=\"\" class=\"wp-image-88723\" srcset=\"https:\/\/www.eslebedasauto.at\/wp-content\/uploads\/2022\/05\/IMG_7400.jpeg 2048w, https:\/\/www.eslebedasauto.at\/wp-content\/uploads\/2022\/05\/IMG_7400-300x225.jpeg 300w, https:\/\/www.eslebedasauto.at\/wp-content\/uploads\/2022\/05\/IMG_7400-1024x768.jpeg 1024w, https:\/\/www.eslebedasauto.at\/wp-content\/uploads\/2022\/05\/IMG_7400-768x576.jpeg 768w, https:\/\/www.eslebedasauto.at\/wp-content\/uploads\/2022\/05\/IMG_7400-1536x1152.jpeg 1536w, https:\/\/www.eslebedasauto.at\/wp-content\/uploads\/2022\/05\/IMG_7400-800x600.jpeg 800w, https:\/\/www.eslebedasauto.at\/wp-content\/uploads\/2022\/05\/IMG_7400-1160x870.jpeg 1160w\" sizes=\"(max-width: 2048px) 100vw, 2048px\" \/><\/figure>\n\n\n\n<figure class=\"wp-block-image size-large\"><img loading=\"lazy\" decoding=\"async\" width=\"1440\" height=\"1082\" data-id=\"88721\" src=\"https:\/\/www.eslebedasauto.at\/wp-content\/uploads\/2022\/05\/A9886D6A-542A-4DB9-AD06-ACD4E8A47B12.jpg\" alt=\"\" class=\"wp-image-88721\" srcset=\"https:\/\/www.eslebedasauto.at\/wp-content\/uploads\/2022\/05\/A9886D6A-542A-4DB9-AD06-ACD4E8A47B12.jpg 1440w, https:\/\/www.eslebedasauto.at\/wp-content\/uploads\/2022\/05\/A9886D6A-542A-4DB9-AD06-ACD4E8A47B12-300x225.jpg 300w, https:\/\/www.eslebedasauto.at\/wp-content\/uploads\/2022\/05\/A9886D6A-542A-4DB9-AD06-ACD4E8A47B12-1024x769.jpg 1024w, https:\/\/www.eslebedasauto.at\/wp-content\/uploads\/2022\/05\/A9886D6A-542A-4DB9-AD06-ACD4E8A47B12-768x577.jpg 768w, https:\/\/www.eslebedasauto.at\/wp-content\/uploads\/2022\/05\/A9886D6A-542A-4DB9-AD06-ACD4E8A47B12-800x601.jpg 800w, https:\/\/www.eslebedasauto.at\/wp-content\/uploads\/2022\/05\/A9886D6A-542A-4DB9-AD06-ACD4E8A47B12-1160x872.jpg 1160w\" sizes=\"(max-width: 1440px) 100vw, 1440px\" \/><\/figure>\n<\/figure>\n\n\n\n<h4 id=\"das-heck-ist-ein-heck-von-einem-heck\" class=\"wp-block-heading\">Das Heck ist ein Heck von einem Heck.<\/h4>\n\n\n\n<p>Das Wort &#8222;Knackig&#8220; trifft es auf den Punkt. Markentypisch fallen die Heckleuchten schmal aus &#8211; sie sind mit einem dunklen Band miteinander verbunden. Darunter versteckt sich der Druckknopf f\u00fcr den Kofferraumdeckel, der im \u00fcbrigen nicht elektrisch hochschwingt &#8211; ist ob seiner Leichtigkeit aber auch nicht notwendig.<\/p>\n\n\n\n<figure class=\"wp-block-image size-large\"><img loading=\"lazy\" decoding=\"async\" width=\"1024\" height=\"768\" src=\"https:\/\/www.eslebedasauto.at\/wp-content\/uploads\/2022\/05\/IMG_7415-1024x768.jpeg\" alt=\"\" class=\"wp-image-88727\" srcset=\"https:\/\/www.eslebedasauto.at\/wp-content\/uploads\/2022\/05\/IMG_7415-1024x768.jpeg 1024w, https:\/\/www.eslebedasauto.at\/wp-content\/uploads\/2022\/05\/IMG_7415-300x225.jpeg 300w, https:\/\/www.eslebedasauto.at\/wp-content\/uploads\/2022\/05\/IMG_7415-768x576.jpeg 768w, https:\/\/www.eslebedasauto.at\/wp-content\/uploads\/2022\/05\/IMG_7415-1536x1152.jpeg 1536w, https:\/\/www.eslebedasauto.at\/wp-content\/uploads\/2022\/05\/IMG_7415-800x600.jpeg 800w, https:\/\/www.eslebedasauto.at\/wp-content\/uploads\/2022\/05\/IMG_7415-1160x870.jpeg 1160w, https:\/\/www.eslebedasauto.at\/wp-content\/uploads\/2022\/05\/IMG_7415.jpeg 2048w\" sizes=\"(max-width: 1024px) 100vw, 1024px\" \/><\/figure>\n\n\n\n<p>Bullig und breit ist er geworden, der Peugeot 308. Bei den Abmessungen hat der kompakte Franzose gegen\u00fcber seinem Vorg\u00e4nger deutlich zugelegt. Der jetzt 4,36 Meter lange F\u00fcnft\u00fcrer wuchs um elf Zentimeter, mitgewachsen ist au\u00dferdem der Radstand, der nun 2,68 Meter betr\u00e4gt. Das schafft innen mehr Platz.<\/p>\n\n\n\n<figure class=\"wp-block-image size-large\"><img loading=\"lazy\" decoding=\"async\" width=\"1024\" height=\"768\" src=\"https:\/\/www.eslebedasauto.at\/wp-content\/uploads\/2022\/05\/IMG_7430-1024x768.jpeg\" alt=\"\" class=\"wp-image-88737\" srcset=\"https:\/\/www.eslebedasauto.at\/wp-content\/uploads\/2022\/05\/IMG_7430-1024x768.jpeg 1024w, https:\/\/www.eslebedasauto.at\/wp-content\/uploads\/2022\/05\/IMG_7430-300x225.jpeg 300w, https:\/\/www.eslebedasauto.at\/wp-content\/uploads\/2022\/05\/IMG_7430-768x576.jpeg 768w, https:\/\/www.eslebedasauto.at\/wp-content\/uploads\/2022\/05\/IMG_7430-1536x1152.jpeg 1536w, https:\/\/www.eslebedasauto.at\/wp-content\/uploads\/2022\/05\/IMG_7430-800x600.jpeg 800w, https:\/\/www.eslebedasauto.at\/wp-content\/uploads\/2022\/05\/IMG_7430-1160x870.jpeg 1160w, https:\/\/www.eslebedasauto.at\/wp-content\/uploads\/2022\/05\/IMG_7430.jpeg 2048w\" sizes=\"(max-width: 1024px) 100vw, 1024px\" \/><\/figure>\n\n\n\n<h4 id=\"das-i-cockpit-haben-die-franzosen-im-308-uberarbeitet\" class=\"wp-block-heading\">Das i-Cockpit haben die Franzosen im&nbsp;308&nbsp;\u00fcberarbeitet. <\/h4>\n\n\n\n<p>Wie von Peugeot gewohnt, blickt man \u00fcber das weit unten positionierte, sehr kleine (jetzt beheizbare) Lenkrad auf die im GT-Testwagen dreidimensionalen Anzeigen. Durch diesen Effekt r\u00fccken einige Anzeigen eine Ebene weiter nach vorne und scheinen frei zu schweben &#8211; das sieht cool aus und l\u00e4sst sich auch vortrefflich ablesen. Dahinter l\u00e4sst sich zum Beispiel die Navi-Karte formatf\u00fcllend anzeigen. <\/p>\n\n\n\n<figure class=\"wp-block-gallery has-nested-images columns-default is-cropped wp-block-gallery-2 is-layout-flex wp-block-gallery-is-layout-flex\">\n<figure class=\"wp-block-image size-large\"><img loading=\"lazy\" decoding=\"async\" width=\"2507\" height=\"1672\" data-id=\"88746\" src=\"https:\/\/www.eslebedasauto.at\/wp-content\/uploads\/2022\/05\/ampnet_photo_20210922_202528.jpg\" alt=\"\" class=\"wp-image-88746\" srcset=\"https:\/\/www.eslebedasauto.at\/wp-content\/uploads\/2022\/05\/ampnet_photo_20210922_202528.jpg 2507w, https:\/\/www.eslebedasauto.at\/wp-content\/uploads\/2022\/05\/ampnet_photo_20210922_202528-300x200.jpg 300w, https:\/\/www.eslebedasauto.at\/wp-content\/uploads\/2022\/05\/ampnet_photo_20210922_202528-1024x683.jpg 1024w, https:\/\/www.eslebedasauto.at\/wp-content\/uploads\/2022\/05\/ampnet_photo_20210922_202528-768x512.jpg 768w, https:\/\/www.eslebedasauto.at\/wp-content\/uploads\/2022\/05\/ampnet_photo_20210922_202528-1536x1024.jpg 1536w, https:\/\/www.eslebedasauto.at\/wp-content\/uploads\/2022\/05\/ampnet_photo_20210922_202528-2048x1366.jpg 2048w, https:\/\/www.eslebedasauto.at\/wp-content\/uploads\/2022\/05\/ampnet_photo_20210922_202528-800x534.jpg 800w, https:\/\/www.eslebedasauto.at\/wp-content\/uploads\/2022\/05\/ampnet_photo_20210922_202528-1160x774.jpg 1160w\" sizes=\"(max-width: 2507px) 100vw, 2507px\" \/><\/figure>\n\n\n\n<figure class=\"wp-block-image size-large\"><img loading=\"lazy\" decoding=\"async\" width=\"2507\" height=\"1672\" data-id=\"88745\" src=\"https:\/\/www.eslebedasauto.at\/wp-content\/uploads\/2022\/05\/ampnet_photo_20210922_202527.jpg\" alt=\"\" class=\"wp-image-88745\" srcset=\"https:\/\/www.eslebedasauto.at\/wp-content\/uploads\/2022\/05\/ampnet_photo_20210922_202527.jpg 2507w, https:\/\/www.eslebedasauto.at\/wp-content\/uploads\/2022\/05\/ampnet_photo_20210922_202527-300x200.jpg 300w, https:\/\/www.eslebedasauto.at\/wp-content\/uploads\/2022\/05\/ampnet_photo_20210922_202527-1024x683.jpg 1024w, https:\/\/www.eslebedasauto.at\/wp-content\/uploads\/2022\/05\/ampnet_photo_20210922_202527-768x512.jpg 768w, https:\/\/www.eslebedasauto.at\/wp-content\/uploads\/2022\/05\/ampnet_photo_20210922_202527-1536x1024.jpg 1536w, https:\/\/www.eslebedasauto.at\/wp-content\/uploads\/2022\/05\/ampnet_photo_20210922_202527-2048x1366.jpg 2048w, https:\/\/www.eslebedasauto.at\/wp-content\/uploads\/2022\/05\/ampnet_photo_20210922_202527-800x534.jpg 800w, https:\/\/www.eslebedasauto.at\/wp-content\/uploads\/2022\/05\/ampnet_photo_20210922_202527-1160x774.jpg 1160w\" sizes=\"(max-width: 2507px) 100vw, 2507px\" \/><\/figure>\n<\/figure>\n\n\n\n<figure class=\"wp-block-image size-large\"><img loading=\"lazy\" decoding=\"async\" width=\"1024\" height=\"683\" src=\"https:\/\/www.eslebedasauto.at\/wp-content\/uploads\/2022\/05\/ampnet_photo_20210922_202526-1024x683.jpg\" alt=\"\" class=\"wp-image-88744\" srcset=\"https:\/\/www.eslebedasauto.at\/wp-content\/uploads\/2022\/05\/ampnet_photo_20210922_202526-1024x683.jpg 1024w, https:\/\/www.eslebedasauto.at\/wp-content\/uploads\/2022\/05\/ampnet_photo_20210922_202526-300x200.jpg 300w, https:\/\/www.eslebedasauto.at\/wp-content\/uploads\/2022\/05\/ampnet_photo_20210922_202526-768x512.jpg 768w, https:\/\/www.eslebedasauto.at\/wp-content\/uploads\/2022\/05\/ampnet_photo_20210922_202526-1536x1024.jpg 1536w, https:\/\/www.eslebedasauto.at\/wp-content\/uploads\/2022\/05\/ampnet_photo_20210922_202526-2048x1366.jpg 2048w, https:\/\/www.eslebedasauto.at\/wp-content\/uploads\/2022\/05\/ampnet_photo_20210922_202526-800x534.jpg 800w, https:\/\/www.eslebedasauto.at\/wp-content\/uploads\/2022\/05\/ampnet_photo_20210922_202526-1160x774.jpg 1160w\" sizes=\"(max-width: 1024px) 100vw, 1024px\" \/><\/figure>\n\n\n\n<p>Schalter und Kn\u00f6pfe gibt es auch noch. \u00dcber das mittig angeordnete Touch-Multimediadisplay wird das Infotainment bedient, dieses wurde gr\u00fcndlich \u00fcberarbeitet, was sich in der Bedienung positiv niederschl\u00e4gt. Positiv auch deshalb, weil sich unterhalb des Bildschirms ein weiteres kleines Display mit frei belegbaren Touchfl\u00e4chen befindet. So lassen sich die Lieblingsfunktionen des Fahrers wie Radiosender, Klimatisierung oder das Navi als Direktwahltasten einfach dort abrufen. Auch gut: Tippt man mit drei Fingern auf den Touchscreen gelangt man auf den Home-Bildschirm. Tolle Idee mit hohem Praxisnutzen.<\/p>\n\n\n\n<figure class=\"wp-block-image size-large\"><img loading=\"lazy\" decoding=\"async\" width=\"1024\" height=\"768\" src=\"https:\/\/www.eslebedasauto.at\/wp-content\/uploads\/2022\/05\/IMG_7410-1024x768.jpeg\" alt=\"\" class=\"wp-image-88725\" srcset=\"https:\/\/www.eslebedasauto.at\/wp-content\/uploads\/2022\/05\/IMG_7410-1024x768.jpeg 1024w, https:\/\/www.eslebedasauto.at\/wp-content\/uploads\/2022\/05\/IMG_7410-300x225.jpeg 300w, https:\/\/www.eslebedasauto.at\/wp-content\/uploads\/2022\/05\/IMG_7410-768x576.jpeg 768w, https:\/\/www.eslebedasauto.at\/wp-content\/uploads\/2022\/05\/IMG_7410-1536x1152.jpeg 1536w, https:\/\/www.eslebedasauto.at\/wp-content\/uploads\/2022\/05\/IMG_7410-800x600.jpeg 800w, https:\/\/www.eslebedasauto.at\/wp-content\/uploads\/2022\/05\/IMG_7410-1160x870.jpeg 1160w, https:\/\/www.eslebedasauto.at\/wp-content\/uploads\/2022\/05\/IMG_7410.jpeg 2048w\" sizes=\"(max-width: 1024px) 100vw, 1024px\" \/><\/figure>\n\n\n\n<p>Der l\u00e4ngere Radstand verleiht dem Peugeot etwas mehr Raumangebot. Dies sp\u00fcrt man vor allem in der ersten Reihe &#8211; dort geht es wirklich luftig zu. Klarerweise \u00e4ndert das alles nichts an der Tatsache, dass wir uns in der Kompaktklasse befinden &#8211; wer hinten \u00fcppigen Knieraum m\u00f6chte, ist von der Gnade der Vornesitzenden abh\u00e4ngig.  <\/p>\n\n\n\n<figure class=\"wp-block-image size-large\"><img loading=\"lazy\" decoding=\"async\" width=\"1024\" height=\"768\" src=\"https:\/\/www.eslebedasauto.at\/wp-content\/uploads\/2022\/05\/IMG_7429-1024x768.jpeg\" alt=\"\" class=\"wp-image-88736\" srcset=\"https:\/\/www.eslebedasauto.at\/wp-content\/uploads\/2022\/05\/IMG_7429-1024x768.jpeg 1024w, https:\/\/www.eslebedasauto.at\/wp-content\/uploads\/2022\/05\/IMG_7429-300x225.jpeg 300w, https:\/\/www.eslebedasauto.at\/wp-content\/uploads\/2022\/05\/IMG_7429-768x576.jpeg 768w, https:\/\/www.eslebedasauto.at\/wp-content\/uploads\/2022\/05\/IMG_7429-1536x1152.jpeg 1536w, https:\/\/www.eslebedasauto.at\/wp-content\/uploads\/2022\/05\/IMG_7429-800x600.jpeg 800w, https:\/\/www.eslebedasauto.at\/wp-content\/uploads\/2022\/05\/IMG_7429-1160x870.jpeg 1160w, https:\/\/www.eslebedasauto.at\/wp-content\/uploads\/2022\/05\/IMG_7429.jpeg 2048w\" sizes=\"(max-width: 1024px) 100vw, 1024px\" \/><\/figure>\n\n\n\n<p>Ebenfalls etwas kleiner f\u00e4llt bei unserem Hybrid-Testwagen das Kofferraumvolumen aus. Im Vergleich zum herk\u00f6mmlichen&nbsp;308-F\u00fcnft\u00fcrer sind es rund 50 Liter weniger. Unter der ebenen Ladefl\u00e4che befindet sich der Akku. <\/p>\n\n\n\n<figure class=\"wp-block-image size-large\"><img loading=\"lazy\" decoding=\"async\" width=\"1024\" height=\"768\" src=\"https:\/\/www.eslebedasauto.at\/wp-content\/uploads\/2022\/05\/IMG_7435-1024x768.jpeg\" alt=\"\" class=\"wp-image-88741\" srcset=\"https:\/\/www.eslebedasauto.at\/wp-content\/uploads\/2022\/05\/IMG_7435-1024x768.jpeg 1024w, https:\/\/www.eslebedasauto.at\/wp-content\/uploads\/2022\/05\/IMG_7435-300x225.jpeg 300w, https:\/\/www.eslebedasauto.at\/wp-content\/uploads\/2022\/05\/IMG_7435-768x576.jpeg 768w, https:\/\/www.eslebedasauto.at\/wp-content\/uploads\/2022\/05\/IMG_7435-1536x1152.jpeg 1536w, https:\/\/www.eslebedasauto.at\/wp-content\/uploads\/2022\/05\/IMG_7435-800x600.jpeg 800w, https:\/\/www.eslebedasauto.at\/wp-content\/uploads\/2022\/05\/IMG_7435-1160x870.jpeg 1160w, https:\/\/www.eslebedasauto.at\/wp-content\/uploads\/2022\/05\/IMG_7435.jpeg 2048w\" sizes=\"(max-width: 1024px) 100vw, 1024px\" \/><\/figure>\n\n\n\n<h4 id=\"ein-freund-der-kurven\" class=\"wp-block-heading\">Ein Freund der Kurven.<\/h4>\n\n\n\n<p>Unser Testwagen war mit der derzeit st\u00e4rksten Motorisierung ausgestattet. Den 225 PS starken Plug-in Hybrid kennen wir bereits aus dem Peugeot 508 und dem letztlich getesteten <a href=\"https:\/\/www.eslebedasauto.at\/en\/ds-4-e-tense-test\/\">DS 4 E-Tense<\/a>. Die Kombination aus einem 1,6-Liter Benziner in Verbindung mit dem Elektromotor l\u00e4uft auch im 308er \u00e4u\u00dferst kultiviert und treibt den\u00a0Franzosen souver\u00e4n und kraftvoll an. Dazu passt die serienm\u00e4\u00dfige Achtgang-Wandler-Automatik, die \u00e4u\u00dferst flott und ohne gro\u00dfes Geruckel die G\u00e4nge einlegt. <\/p>\n\n\n\n<figure class=\"wp-block-image size-large\"><img loading=\"lazy\" decoding=\"async\" width=\"1024\" height=\"768\" src=\"https:\/\/www.eslebedasauto.at\/wp-content\/uploads\/2022\/05\/IMG_7417-1024x768.jpeg\" alt=\"\" class=\"wp-image-88729\" srcset=\"https:\/\/www.eslebedasauto.at\/wp-content\/uploads\/2022\/05\/IMG_7417-1024x768.jpeg 1024w, https:\/\/www.eslebedasauto.at\/wp-content\/uploads\/2022\/05\/IMG_7417-300x225.jpeg 300w, https:\/\/www.eslebedasauto.at\/wp-content\/uploads\/2022\/05\/IMG_7417-768x576.jpeg 768w, https:\/\/www.eslebedasauto.at\/wp-content\/uploads\/2022\/05\/IMG_7417-1536x1152.jpeg 1536w, https:\/\/www.eslebedasauto.at\/wp-content\/uploads\/2022\/05\/IMG_7417-800x600.jpeg 800w, https:\/\/www.eslebedasauto.at\/wp-content\/uploads\/2022\/05\/IMG_7417-1160x870.jpeg 1160w, https:\/\/www.eslebedasauto.at\/wp-content\/uploads\/2022\/05\/IMG_7417.jpeg 2048w\" sizes=\"(max-width: 1024px) 100vw, 1024px\" \/><\/figure>\n\n\n\n<p>Herausragend ist die tolle Ger\u00e4uschd\u00e4mmung, so bleibt das Auto selbst bei hohem Tempo ausgesprochen leise. Erst wenn man den Vier-Zylinder-Verbrenner sehr hoch dreht, tritt er akustisch in den Vordergrund. Allerdings geschieht das sowieso nicht allzu oft, da man im Peugeot 308 des \u00d6fteren auch rein elektrisch unterwegs ist. <\/p>\n\n\n\n<figure class=\"wp-block-image size-large\"><img loading=\"lazy\" decoding=\"async\" width=\"1024\" height=\"768\" src=\"https:\/\/www.eslebedasauto.at\/wp-content\/uploads\/2022\/05\/IMG_7432-1024x768.jpeg\" alt=\"\" class=\"wp-image-88738\" srcset=\"https:\/\/www.eslebedasauto.at\/wp-content\/uploads\/2022\/05\/IMG_7432-1024x768.jpeg 1024w, https:\/\/www.eslebedasauto.at\/wp-content\/uploads\/2022\/05\/IMG_7432-300x225.jpeg 300w, https:\/\/www.eslebedasauto.at\/wp-content\/uploads\/2022\/05\/IMG_7432-768x576.jpeg 768w, https:\/\/www.eslebedasauto.at\/wp-content\/uploads\/2022\/05\/IMG_7432-1536x1152.jpeg 1536w, https:\/\/www.eslebedasauto.at\/wp-content\/uploads\/2022\/05\/IMG_7432-800x600.jpeg 800w, https:\/\/www.eslebedasauto.at\/wp-content\/uploads\/2022\/05\/IMG_7432-1160x870.jpeg 1160w, https:\/\/www.eslebedasauto.at\/wp-content\/uploads\/2022\/05\/IMG_7432.jpeg 2048w\" sizes=\"(max-width: 1024px) 100vw, 1024px\" \/><\/figure>\n\n\n\n<p>Losgelegt wird immer im E-Modus und wenn man die 12,4 kWh fassende Batterie brav aufgeladen hat, bleibt das auch erfreulich lange so. Die werkseitig angegebenen reinelektrischen 60 Kilometer sind bei Idealbedingungen wirklich nahezu drinnen. Laut WLTP soll diese F\u00e4higkeit zu wahren Fabelverbr\u00e4uchen f\u00fchren &#8211; die gut 1,5 Liter haben wir zwar nicht geschafft, aber auch mit knapp vier Litern Super pro 100 Kilometer kann man mehr als zufrieden sein. Voraussetzung nat\u00fcrlich wie immer bei Plug-in-Hybriden: Flei\u00dfig laden! Unser Hyrid 225 e-EAT8 Testwagen war mit einem 7,4 kW starken On-Board-Charger ausgestattet. Sind die Akkus leer, dauert das vollst\u00e4ndige Nachladen knapp zwei Stunden. <\/p>\n\n\n\n<figure class=\"wp-block-image size-large\"><img loading=\"lazy\" decoding=\"async\" width=\"1024\" height=\"768\" src=\"https:\/\/www.eslebedasauto.at\/wp-content\/uploads\/2022\/05\/IMG_7434-1024x768.jpeg\" alt=\"\" class=\"wp-image-88740\" srcset=\"https:\/\/www.eslebedasauto.at\/wp-content\/uploads\/2022\/05\/IMG_7434-1024x768.jpeg 1024w, https:\/\/www.eslebedasauto.at\/wp-content\/uploads\/2022\/05\/IMG_7434-300x225.jpeg 300w, https:\/\/www.eslebedasauto.at\/wp-content\/uploads\/2022\/05\/IMG_7434-768x576.jpeg 768w, https:\/\/www.eslebedasauto.at\/wp-content\/uploads\/2022\/05\/IMG_7434-1536x1152.jpeg 1536w, https:\/\/www.eslebedasauto.at\/wp-content\/uploads\/2022\/05\/IMG_7434-800x600.jpeg 800w, https:\/\/www.eslebedasauto.at\/wp-content\/uploads\/2022\/05\/IMG_7434-1160x870.jpeg 1160w, https:\/\/www.eslebedasauto.at\/wp-content\/uploads\/2022\/05\/IMG_7434.jpeg 2048w\" sizes=\"(max-width: 1024px) 100vw, 1024px\" \/><\/figure>\n\n\n\n<p>Sehr gut hat uns der neue Peugeot 308 im Hybrid-Modus gefallen. Das Zusammenspiel aus Verbrenner und E-Maschine verleiht dem Franzosen eine tolle Leichtf\u00fc\u00dfigkeit. Auch die Lenkung arbeitet direkt und pr\u00e4zise. Damit umrundet er Kurven \u00e4u\u00dferst handlich und gut beherrschbar. Unterst\u00fctzt wird der&nbsp;Peugeot 308&nbsp;von einer gar nicht so franz\u00f6sischen, n\u00e4mlich relativ straffen Fahrwerksabstimmung, die allerdings auch grobe Stra\u00dfensch\u00e4den noch ganz gut wegfiltert.<\/p>\n\n\n\n<figure class=\"wp-block-gallery has-nested-images columns-default is-cropped wp-block-gallery-3 is-layout-flex wp-block-gallery-is-layout-flex\">\n<figure class=\"wp-block-image size-large\"><img loading=\"lazy\" decoding=\"async\" width=\"2048\" height=\"1536\" data-id=\"88722\" src=\"https:\/\/www.eslebedasauto.at\/wp-content\/uploads\/2022\/05\/IMG_7397.jpeg\" alt=\"\" class=\"wp-image-88722\" srcset=\"https:\/\/www.eslebedasauto.at\/wp-content\/uploads\/2022\/05\/IMG_7397.jpeg 2048w, https:\/\/www.eslebedasauto.at\/wp-content\/uploads\/2022\/05\/IMG_7397-300x225.jpeg 300w, https:\/\/www.eslebedasauto.at\/wp-content\/uploads\/2022\/05\/IMG_7397-1024x768.jpeg 1024w, https:\/\/www.eslebedasauto.at\/wp-content\/uploads\/2022\/05\/IMG_7397-768x576.jpeg 768w, https:\/\/www.eslebedasauto.at\/wp-content\/uploads\/2022\/05\/IMG_7397-1536x1152.jpeg 1536w, https:\/\/www.eslebedasauto.at\/wp-content\/uploads\/2022\/05\/IMG_7397-800x600.jpeg 800w, https:\/\/www.eslebedasauto.at\/wp-content\/uploads\/2022\/05\/IMG_7397-1160x870.jpeg 1160w\" sizes=\"(max-width: 2048px) 100vw, 2048px\" \/><\/figure>\n\n\n\n<figure class=\"wp-block-image size-large\"><img loading=\"lazy\" decoding=\"async\" width=\"2048\" height=\"1536\" data-id=\"88730\" src=\"https:\/\/www.eslebedasauto.at\/wp-content\/uploads\/2022\/05\/IMG_7419.jpeg\" alt=\"\" class=\"wp-image-88730\" srcset=\"https:\/\/www.eslebedasauto.at\/wp-content\/uploads\/2022\/05\/IMG_7419.jpeg 2048w, https:\/\/www.eslebedasauto.at\/wp-content\/uploads\/2022\/05\/IMG_7419-300x225.jpeg 300w, https:\/\/www.eslebedasauto.at\/wp-content\/uploads\/2022\/05\/IMG_7419-1024x768.jpeg 1024w, https:\/\/www.eslebedasauto.at\/wp-content\/uploads\/2022\/05\/IMG_7419-768x576.jpeg 768w, https:\/\/www.eslebedasauto.at\/wp-content\/uploads\/2022\/05\/IMG_7419-1536x1152.jpeg 1536w, https:\/\/www.eslebedasauto.at\/wp-content\/uploads\/2022\/05\/IMG_7419-800x600.jpeg 800w, https:\/\/www.eslebedasauto.at\/wp-content\/uploads\/2022\/05\/IMG_7419-1160x870.jpeg 1160w\" sizes=\"(max-width: 2048px) 100vw, 2048px\" \/><\/figure>\n<\/figure>\n\n\n\n<figure class=\"wp-block-image size-large\"><img fetchpriority=\"high\" decoding=\"async\" width=\"1024\" height=\"768\" src=\"https:\/\/www.eslebedasauto.at\/wp-content\/uploads\/2022\/05\/IMG_7427-1024x768.jpeg\" alt=\"\" class=\"wp-image-88735\" srcset=\"https:\/\/www.eslebedasauto.at\/wp-content\/uploads\/2022\/05\/IMG_7427-1024x768.jpeg 1024w, https:\/\/www.eslebedasauto.at\/wp-content\/uploads\/2022\/05\/IMG_7427-300x225.jpeg 300w, https:\/\/www.eslebedasauto.at\/wp-content\/uploads\/2022\/05\/IMG_7427-768x576.jpeg 768w, https:\/\/www.eslebedasauto.at\/wp-content\/uploads\/2022\/05\/IMG_7427-1536x1152.jpeg 1536w, https:\/\/www.eslebedasauto.at\/wp-content\/uploads\/2022\/05\/IMG_7427-800x600.jpeg 800w, https:\/\/www.eslebedasauto.at\/wp-content\/uploads\/2022\/05\/IMG_7427-1160x870.jpeg 1160w, https:\/\/www.eslebedasauto.at\/wp-content\/uploads\/2022\/05\/IMG_7427.jpeg 2048w\" sizes=\"(max-width: 1024px) 100vw, 1024px\" \/><\/figure>\n\n\n\n<h4 id=\"fazit\" class=\"wp-block-heading\">Fazit<\/h4>\n\n\n\n<p>Geht man nach den positiven Reaktionen der Leute auf der Stra\u00dfe, d\u00fcrfte der Peugeot 308 ein voller Erfolg werden. Diesen k\u00f6nnen wir uns auch vollinhaltlich anschlie\u00dfen. Der 308er ist nicht nur ein ausgesprochen sch\u00f6nes Auto, sondern auch fahrdynamisch sowie technisch top. Was wir auch oft gefragt wurden, ist die Kombi-Variante &#8211; auch den SW gibt es schon &#8211; der ist ebenso fesch, packt aber klarerweise um einiges mehr an Gep\u00e4ck. Preislich startet der getestete Peugeot 308 Hybrid 225 e-EAT GT ab EUR 45.040,- &#8211; viele Extras braucht man dann nicht mehr ankreuzen, der Wagen ist dann nahezu vollausgestattet.<\/p>\n\n\n\n<figure class=\"wp-block-image size-large\"><img loading=\"lazy\" decoding=\"async\" width=\"1024\" height=\"768\" src=\"https:\/\/www.eslebedasauto.at\/wp-content\/uploads\/2022\/05\/IMG_7422-1024x768.jpeg\" alt=\"\" class=\"wp-image-88732\" srcset=\"https:\/\/www.eslebedasauto.at\/wp-content\/uploads\/2022\/05\/IMG_7422-1024x768.jpeg 1024w, https:\/\/www.eslebedasauto.at\/wp-content\/uploads\/2022\/05\/IMG_7422-300x225.jpeg 300w, https:\/\/www.eslebedasauto.at\/wp-content\/uploads\/2022\/05\/IMG_7422-768x576.jpeg 768w, https:\/\/www.eslebedasauto.at\/wp-content\/uploads\/2022\/05\/IMG_7422-1536x1152.jpeg 1536w, https:\/\/www.eslebedasauto.at\/wp-content\/uploads\/2022\/05\/IMG_7422-800x600.jpeg 800w, https:\/\/www.eslebedasauto.at\/wp-content\/uploads\/2022\/05\/IMG_7422-1160x870.jpeg 1160w, https:\/\/www.eslebedasauto.at\/wp-content\/uploads\/2022\/05\/IMG_7422.jpeg 2048w\" sizes=\"(max-width: 1024px) 100vw, 1024px\" \/><\/figure>\n\n\n\n<h4 id=\"daten-fakten-peugeot-308-hybrid-225-e-eat8-gt\" class=\"wp-block-heading\">Daten Fakten Peugeot&nbsp;308&nbsp;Hybrid 225 e-EAT8 GT<\/h4>\n\n\n\n<p>Antrieb: Vierzylinder-Benziner + E-Motor<br>Hubraum: 1598 ccm<br>Systemleistung: 225 PS<br>H\u00f6chstgeschwindigkeit: 225 km\/h (elektrisch: 135 km\/h)<br>0 auf 100 km\/h: 7,6 Sek.<br>Elektr. Testreichweite: 55 km<br>Test-Durchschnittsverbrauch: 3,8 Liter<br>Preis: ab 45.040 Euro<\/p>","protected":false},"excerpt":{"rendered":"<p>Selten hatten wir so viele positive Reaktionen auf ein Testauto, wie beim neuen Peugeot 308. Wenn es danach geht, wird das ein echter Bestseller.<\/p>","protected":false},"author":2,"featured_media":88726,"comment_status":"open","ping_status":"open","sticky":false,"template":"","format":"standard","meta":{"neve_meta_sidebar":"","neve_meta_container":"","neve_meta_enable_content_width":"","neve_meta_content_width":0,"neve_meta_title_alignment":"","neve_meta_author_avatar":"","neve_post_elements_order":"","neve_meta_disable_header":"","neve_meta_disable_footer":"","neve_meta_disable_title":"","neve_meta_reading_time":"","footnotes":""},"categories":[335,12],"tags":[],"class_list":["post-88711","post","type-post","status-publish","format-standard","has-post-thumbnail","hentry","category-fahrberichte","category-hybrid"],"yoast_head":"<!-- This site is optimized with the Yoast SEO plugin v26.8 - https:\/\/yoast.com\/product\/yoast-seo-wordpress\/ -->\n<title>Franz\u00f6sischer Siegertyp - Es lebe das Auto<\/title>\n<meta name=\"robots\" content=\"index, follow, max-snippet:-1, max-image-preview:large, max-video-preview:-1\" \/>\n<link rel=\"canonical\" href=\"https:\/\/www.eslebedasauto.at\/en\/franzoesischer-siegertyp\/\" \/>\n<meta property=\"og:locale\" content=\"en_GB\" \/>\n<meta property=\"og:type\" content=\"article\" \/>\n<meta property=\"og:title\" content=\"Franz\u00f6sischer Siegertyp - Es lebe das Auto\" \/>\n<meta property=\"og:description\" content=\"Selten hatten wir so viele positive Reaktionen auf ein Testauto, wie beim neuen Peugeot 308. Wenn es danach geht, wird das ein echter Bestseller.\" \/>\n<meta property=\"og:url\" content=\"https:\/\/www.eslebedasauto.at\/en\/franzoesischer-siegertyp\/\" \/>\n<meta property=\"og:site_name\" content=\"Es lebe das Auto\" \/>\n<meta property=\"article:publisher\" content=\"https:\/\/www.facebook.com\/eslebedasauto.at\" \/>\n<meta property=\"article:published_time\" content=\"2024-03-18T08:01:04+00:00\" \/>\n<meta property=\"og:image\" content=\"https:\/\/www.eslebedasauto.at\/wp-content\/uploads\/2022\/05\/IMG_7412.jpeg\" \/>\n\t<meta property=\"og:image:width\" content=\"2048\" \/>\n\t<meta property=\"og:image:height\" content=\"1536\" \/>\n\t<meta property=\"og:image:type\" content=\"image\/jpeg\" \/>\n<meta name=\"author\" content=\"gerhard\" \/>\n<meta name=\"twitter:card\" content=\"summary_large_image\" \/>\n<meta name=\"twitter:label1\" content=\"Written by\" \/>\n\t<meta name=\"twitter:data1\" content=\"gerhard\" \/>\n\t<meta name=\"twitter:label2\" content=\"Estimated reading time\" \/>\n\t<meta name=\"twitter:data2\" content=\"9 minutes\" \/>\n<script type=\"application\/ld+json\" class=\"yoast-schema-graph\">{\"@context\":\"https:\/\/schema.org\",\"@graph\":[{\"@type\":\"Article\",\"@id\":\"https:\/\/www.eslebedasauto.at\/franzoesischer-siegertyp\/#article\",\"isPartOf\":{\"@id\":\"https:\/\/www.eslebedasauto.at\/franzoesischer-siegertyp\/\"},\"author\":{\"name\":\"gerhard\",\"@id\":\"https:\/\/www.eslebedasauto.at\/#\/schema\/person\/fb81218b0bed500d225ff518f9f17033\"},\"headline\":\"Franz\u00f6sischer Siegertyp\",\"datePublished\":\"2024-03-18T08:01:04+00:00\",\"mainEntityOfPage\":{\"@id\":\"https:\/\/www.eslebedasauto.at\/franzoesischer-siegertyp\/\"},\"wordCount\":887,\"commentCount\":0,\"publisher\":{\"@id\":\"https:\/\/www.eslebedasauto.at\/#organization\"},\"image\":{\"@id\":\"https:\/\/www.eslebedasauto.at\/franzoesischer-siegertyp\/#primaryimage\"},\"thumbnailUrl\":\"https:\/\/www.eslebedasauto.at\/wp-content\/uploads\/2022\/05\/IMG_7412.jpeg\",\"articleSection\":[\"Fahrberichte\",\"Hybrid\"],\"inLanguage\":\"en-GB\",\"potentialAction\":[{\"@type\":\"CommentAction\",\"name\":\"Comment\",\"target\":[\"https:\/\/www.eslebedasauto.at\/franzoesischer-siegertyp\/#respond\"]}]},{\"@type\":\"WebPage\",\"@id\":\"https:\/\/www.eslebedasauto.at\/franzoesischer-siegertyp\/\",\"url\":\"https:\/\/www.eslebedasauto.at\/franzoesischer-siegertyp\/\",\"name\":\"Franz\u00f6sischer Siegertyp - Es lebe das Auto\",\"isPartOf\":{\"@id\":\"https:\/\/www.eslebedasauto.at\/#website\"},\"primaryImageOfPage\":{\"@id\":\"https:\/\/www.eslebedasauto.at\/franzoesischer-siegertyp\/#primaryimage\"},\"image\":{\"@id\":\"https:\/\/www.eslebedasauto.at\/franzoesischer-siegertyp\/#primaryimage\"},\"thumbnailUrl\":\"https:\/\/www.eslebedasauto.at\/wp-content\/uploads\/2022\/05\/IMG_7412.jpeg\",\"datePublished\":\"2024-03-18T08:01:04+00:00\",\"breadcrumb\":{\"@id\":\"https:\/\/www.eslebedasauto.at\/franzoesischer-siegertyp\/#breadcrumb\"},\"inLanguage\":\"en-GB\",\"potentialAction\":[{\"@type\":\"ReadAction\",\"target\":[\"https:\/\/www.eslebedasauto.at\/franzoesischer-siegertyp\/\"]}]},{\"@type\":\"ImageObject\",\"inLanguage\":\"en-GB\",\"@id\":\"https:\/\/www.eslebedasauto.at\/franzoesischer-siegertyp\/#primaryimage\",\"url\":\"https:\/\/www.eslebedasauto.at\/wp-content\/uploads\/2022\/05\/IMG_7412.jpeg\",\"contentUrl\":\"https:\/\/www.eslebedasauto.at\/wp-content\/uploads\/2022\/05\/IMG_7412.jpeg\",\"width\":2048,\"height\":1536},{\"@type\":\"BreadcrumbList\",\"@id\":\"https:\/\/www.eslebedasauto.at\/franzoesischer-siegertyp\/#breadcrumb\",\"itemListElement\":[{\"@type\":\"ListItem\",\"position\":1,\"name\":\"Startseite\",\"item\":\"https:\/\/www.eslebedasauto.at\/\"},{\"@type\":\"ListItem\",\"position\":2,\"name\":\"Franz\u00f6sischer Siegertyp\"}]},{\"@type\":\"WebSite\",\"@id\":\"https:\/\/www.eslebedasauto.at\/#website\",\"url\":\"https:\/\/www.eslebedasauto.at\/\",\"name\":\"Es lebe das Auto\",\"description\":\"ein Hoch auf den Individualverkehr\",\"publisher\":{\"@id\":\"https:\/\/www.eslebedasauto.at\/#organization\"},\"potentialAction\":[{\"@type\":\"SearchAction\",\"target\":{\"@type\":\"EntryPoint\",\"urlTemplate\":\"https:\/\/www.eslebedasauto.at\/?s={search_term_string}\"},\"query-input\":{\"@type\":\"PropertyValueSpecification\",\"valueRequired\":true,\"valueName\":\"search_term_string\"}}],\"inLanguage\":\"en-GB\"},{\"@type\":\"Organization\",\"@id\":\"https:\/\/www.eslebedasauto.at\/#organization\",\"name\":\"eslebedasauto\",\"url\":\"https:\/\/www.eslebedasauto.at\/\",\"logo\":{\"@type\":\"ImageObject\",\"inLanguage\":\"en-GB\",\"@id\":\"https:\/\/www.eslebedasauto.at\/#\/schema\/logo\/image\/\",\"url\":\"https:\/\/www.eslebedasauto.at\/wp-content\/uploads\/2025\/10\/eldarund.png\",\"contentUrl\":\"https:\/\/www.eslebedasauto.at\/wp-content\/uploads\/2025\/10\/eldarund.png\",\"width\":1024,\"height\":1024,\"caption\":\"eslebedasauto\"},\"image\":{\"@id\":\"https:\/\/www.eslebedasauto.at\/#\/schema\/logo\/image\/\"},\"sameAs\":[\"https:\/\/www.facebook.com\/eslebedasauto.at\",\"https:\/\/www.instagram.com\/es_lebe_das_auto\/\"]},{\"@type\":\"Person\",\"@id\":\"https:\/\/www.eslebedasauto.at\/#\/schema\/person\/fb81218b0bed500d225ff518f9f17033\",\"name\":\"gerhard\",\"url\":\"https:\/\/www.eslebedasauto.at\/en\/author\/gerhard\/\"}]}<\/script>\n<!-- \/ Yoast SEO plugin. -->","yoast_head_json":{"title":"Franz\u00f6sischer Siegertyp - Es lebe das Auto","robots":{"index":"index","follow":"follow","max-snippet":"max-snippet:-1","max-image-preview":"max-image-preview:large","max-video-preview":"max-video-preview:-1"},"canonical":"https:\/\/www.eslebedasauto.at\/en\/franzoesischer-siegertyp\/","og_locale":"en_GB","og_type":"article","og_title":"Franz\u00f6sischer Siegertyp - Es lebe das Auto","og_description":"Selten hatten wir so viele positive Reaktionen auf ein Testauto, wie beim neuen Peugeot 308. Wenn es danach geht, wird das ein echter Bestseller.","og_url":"https:\/\/www.eslebedasauto.at\/en\/franzoesischer-siegertyp\/","og_site_name":"Es lebe das Auto","article_publisher":"https:\/\/www.facebook.com\/eslebedasauto.at","article_published_time":"2024-03-18T08:01:04+00:00","og_image":[{"width":2048,"height":1536,"url":"https:\/\/www.eslebedasauto.at\/wp-content\/uploads\/2022\/05\/IMG_7412.jpeg","type":"image\/jpeg"}],"author":"gerhard","twitter_card":"summary_large_image","twitter_misc":{"Written by":"gerhard","Estimated reading time":"9 minutes"},"schema":{"@context":"https:\/\/schema.org","@graph":[{"@type":"Article","@id":"https:\/\/www.eslebedasauto.at\/franzoesischer-siegertyp\/#article","isPartOf":{"@id":"https:\/\/www.eslebedasauto.at\/franzoesischer-siegertyp\/"},"author":{"name":"gerhard","@id":"https:\/\/www.eslebedasauto.at\/#\/schema\/person\/fb81218b0bed500d225ff518f9f17033"},"headline":"Franz\u00f6sischer Siegertyp","datePublished":"2024-03-18T08:01:04+00:00","mainEntityOfPage":{"@id":"https:\/\/www.eslebedasauto.at\/franzoesischer-siegertyp\/"},"wordCount":887,"commentCount":0,"publisher":{"@id":"https:\/\/www.eslebedasauto.at\/#organization"},"image":{"@id":"https:\/\/www.eslebedasauto.at\/franzoesischer-siegertyp\/#primaryimage"},"thumbnailUrl":"https:\/\/www.eslebedasauto.at\/wp-content\/uploads\/2022\/05\/IMG_7412.jpeg","articleSection":["Fahrberichte","Hybrid"],"inLanguage":"en-GB","potentialAction":[{"@type":"CommentAction","name":"Comment","target":["https:\/\/www.eslebedasauto.at\/franzoesischer-siegertyp\/#respond"]}]},{"@type":"WebPage","@id":"https:\/\/www.eslebedasauto.at\/franzoesischer-siegertyp\/","url":"https:\/\/www.eslebedasauto.at\/franzoesischer-siegertyp\/","name":"Franz\u00f6sischer Siegertyp - Es lebe das Auto","isPartOf":{"@id":"https:\/\/www.eslebedasauto.at\/#website"},"primaryImageOfPage":{"@id":"https:\/\/www.eslebedasauto.at\/franzoesischer-siegertyp\/#primaryimage"},"image":{"@id":"https:\/\/www.eslebedasauto.at\/franzoesischer-siegertyp\/#primaryimage"},"thumbnailUrl":"https:\/\/www.eslebedasauto.at\/wp-content\/uploads\/2022\/05\/IMG_7412.jpeg","datePublished":"2024-03-18T08:01:04+00:00","breadcrumb":{"@id":"https:\/\/www.eslebedasauto.at\/franzoesischer-siegertyp\/#breadcrumb"},"inLanguage":"en-GB","potentialAction":[{"@type":"ReadAction","target":["https:\/\/www.eslebedasauto.at\/franzoesischer-siegertyp\/"]}]},{"@type":"ImageObject","inLanguage":"en-GB","@id":"https:\/\/www.eslebedasauto.at\/franzoesischer-siegertyp\/#primaryimage","url":"https:\/\/www.eslebedasauto.at\/wp-content\/uploads\/2022\/05\/IMG_7412.jpeg","contentUrl":"https:\/\/www.eslebedasauto.at\/wp-content\/uploads\/2022\/05\/IMG_7412.jpeg","width":2048,"height":1536},{"@type":"BreadcrumbList","@id":"https:\/\/www.eslebedasauto.at\/franzoesischer-siegertyp\/#breadcrumb","itemListElement":[{"@type":"ListItem","position":1,"name":"Startseite","item":"https:\/\/www.eslebedasauto.at\/"},{"@type":"ListItem","position":2,"name":"Franz\u00f6sischer Siegertyp"}]},{"@type":"WebSite","@id":"https:\/\/www.eslebedasauto.at\/#website","url":"https:\/\/www.eslebedasauto.at\/","name":"Es lebe das Auto","description":"ein Hoch auf den Individualverkehr","publisher":{"@id":"https:\/\/www.eslebedasauto.at\/#organization"},"potentialAction":[{"@type":"SearchAction","target":{"@type":"EntryPoint","urlTemplate":"https:\/\/www.eslebedasauto.at\/?s={search_term_string}"},"query-input":{"@type":"PropertyValueSpecification","valueRequired":true,"valueName":"search_term_string"}}],"inLanguage":"en-GB"},{"@type":"Organization","@id":"https:\/\/www.eslebedasauto.at\/#organization","name":"eslebedasauto","url":"https:\/\/www.eslebedasauto.at\/","logo":{"@type":"ImageObject","inLanguage":"en-GB","@id":"https:\/\/www.eslebedasauto.at\/#\/schema\/logo\/image\/","url":"https:\/\/www.eslebedasauto.at\/wp-content\/uploads\/2025\/10\/eldarund.png","contentUrl":"https:\/\/www.eslebedasauto.at\/wp-content\/uploads\/2025\/10\/eldarund.png","width":1024,"height":1024,"caption":"eslebedasauto"},"image":{"@id":"https:\/\/www.eslebedasauto.at\/#\/schema\/logo\/image\/"},"sameAs":["https:\/\/www.facebook.com\/eslebedasauto.at","https:\/\/www.instagram.com\/es_lebe_das_auto\/"]},{"@type":"Person","@id":"https:\/\/www.eslebedasauto.at\/#\/schema\/person\/fb81218b0bed500d225ff518f9f17033","name":"gerhard","url":"https:\/\/www.eslebedasauto.at\/en\/author\/gerhard\/"}]}},"_links":{"self":[{"href":"https:\/\/www.eslebedasauto.at\/en\/wp-json\/wp\/v2\/posts\/88711","targetHints":{"allow":["GET"]}}],"collection":[{"href":"https:\/\/www.eslebedasauto.at\/en\/wp-json\/wp\/v2\/posts"}],"about":[{"href":"https:\/\/www.eslebedasauto.at\/en\/wp-json\/wp\/v2\/types\/post"}],"author":[{"embeddable":true,"href":"https:\/\/www.eslebedasauto.at\/en\/wp-json\/wp\/v2\/users\/2"}],"replies":[{"embeddable":true,"href":"https:\/\/www.eslebedasauto.at\/en\/wp-json\/wp\/v2\/comments?post=88711"}],"version-history":[{"count":9,"href":"https:\/\/www.eslebedasauto.at\/en\/wp-json\/wp\/v2\/posts\/88711\/revisions"}],"predecessor-version":[{"id":88751,"href":"https:\/\/www.eslebedasauto.at\/en\/wp-json\/wp\/v2\/posts\/88711\/revisions\/88751"}],"wp:featuredmedia":[{"embeddable":true,"href":"https:\/\/www.eslebedasauto.at\/en\/wp-json\/wp\/v2\/media\/88726"}],"wp:attachment":[{"href":"https:\/\/www.eslebedasauto.at\/en\/wp-json\/wp\/v2\/media?parent=88711"}],"wp:term":[{"taxonomy":"category","embeddable":true,"href":"https:\/\/www.eslebedasauto.at\/en\/wp-json\/wp\/v2\/categories?post=88711"},{"taxonomy":"post_tag","embeddable":true,"href":"https:\/\/www.eslebedasauto.at\/en\/wp-json\/wp\/v2\/tags?post=88711"}],"curies":[{"name":"wp","href":"https:\/\/api.w.org\/{rel}","templated":true}]}}