{"id":88268,"date":"2024-03-18T09:01:05","date_gmt":"2024-03-18T08:01:05","guid":{"rendered":"https:\/\/www.eslebedasauto.at\/?p=88268"},"modified":"2024-03-18T09:01:05","modified_gmt":"2024-03-18T08:01:05","slug":"vw-t-roc-taigo-fahrtag","status":"publish","type":"post","link":"https:\/\/www.eslebedasauto.at\/en\/vw-t-roc-taigo-fahrtag\/","title":{"rendered":"VW T-Roc &#038; Taigo Fahrtag"},"content":{"rendered":"<p>VW ludt zum freien Fahrtag nach Langenlebarn ins Restaurant das Wolf. Wir durften das neue T-Roc Cabrio, den T-Roc R und den Taigo testen. Der ausgesuchte Kurs bot alle St\u00fccke der Freilandstra\u00dfe inkl. Kurvenr\u00e4uberei auf den Tublingerkobel. Bilder sagen mehr als tausend Worte. Das Event war wieder mal ein Highlight, abgesehen von den tollen Fahrzeugen gl\u00e4nzte auch das Restaurant mit vielen Raffinessen. Danke daf\u00fcr an VW\/Porsche Austria.<\/p>\n\n\n\n<figure class=\"wp-block-gallery has-nested-images columns-default is-cropped wp-block-gallery-1 is-layout-flex wp-block-gallery-is-layout-flex\">\n<figure class=\"wp-block-image size-large\"><img fetchpriority=\"high\" decoding=\"async\" width=\"1200\" height=\"1600\" data-id=\"88266\" src=\"https:\/\/www.eslebedasauto.at\/wp-content\/uploads\/2022\/03\/f63a0200-d499-4cca-88e3-71c380d734db.jpg\" alt=\"\" class=\"wp-image-88266\" srcset=\"https:\/\/www.eslebedasauto.at\/wp-content\/uploads\/2022\/03\/f63a0200-d499-4cca-88e3-71c380d734db.jpg 1200w, https:\/\/www.eslebedasauto.at\/wp-content\/uploads\/2022\/03\/f63a0200-d499-4cca-88e3-71c380d734db-225x300.jpg 225w, https:\/\/www.eslebedasauto.at\/wp-content\/uploads\/2022\/03\/f63a0200-d499-4cca-88e3-71c380d734db-768x1024.jpg 768w, https:\/\/www.eslebedasauto.at\/wp-content\/uploads\/2022\/03\/f63a0200-d499-4cca-88e3-71c380d734db-1152x1536.jpg 1152w, https:\/\/www.eslebedasauto.at\/wp-content\/uploads\/2022\/03\/f63a0200-d499-4cca-88e3-71c380d734db-800x1067.jpg 800w, https:\/\/www.eslebedasauto.at\/wp-content\/uploads\/2022\/03\/f63a0200-d499-4cca-88e3-71c380d734db-1160x1547.jpg 1160w\" sizes=\"(max-width: 1200px) 100vw, 1200px\" \/><\/figure>\n<\/figure>\n\n\n\n<figure class=\"wp-block-video\"><video controls src=\"https:\/\/www.eslebedasauto.at\/wp-content\/uploads\/2022\/03\/VW___freier_Fahrtag_in_Langenl_low.mp4\"><\/video><\/figure>\n\n\n\n<figure class=\"wp-block-gallery has-nested-images columns-default is-cropped wp-block-gallery-2 is-layout-flex wp-block-gallery-is-layout-flex\">\n<figure class=\"wp-block-image size-large\"><img decoding=\"async\" width=\"1600\" height=\"1200\" data-id=\"88265\" src=\"https:\/\/www.eslebedasauto.at\/wp-content\/uploads\/2022\/03\/8aa7b69a-9fc1-4b39-9d84-25c19a4e8a9c.jpg\" alt=\"\" class=\"wp-image-88265\" srcset=\"https:\/\/www.eslebedasauto.at\/wp-content\/uploads\/2022\/03\/8aa7b69a-9fc1-4b39-9d84-25c19a4e8a9c.jpg 1600w, https:\/\/www.eslebedasauto.at\/wp-content\/uploads\/2022\/03\/8aa7b69a-9fc1-4b39-9d84-25c19a4e8a9c-300x225.jpg 300w, https:\/\/www.eslebedasauto.at\/wp-content\/uploads\/2022\/03\/8aa7b69a-9fc1-4b39-9d84-25c19a4e8a9c-1024x768.jpg 1024w, https:\/\/www.eslebedasauto.at\/wp-content\/uploads\/2022\/03\/8aa7b69a-9fc1-4b39-9d84-25c19a4e8a9c-768x576.jpg 768w, https:\/\/www.eslebedasauto.at\/wp-content\/uploads\/2022\/03\/8aa7b69a-9fc1-4b39-9d84-25c19a4e8a9c-1536x1152.jpg 1536w, https:\/\/www.eslebedasauto.at\/wp-content\/uploads\/2022\/03\/8aa7b69a-9fc1-4b39-9d84-25c19a4e8a9c-800x600.jpg 800w, https:\/\/www.eslebedasauto.at\/wp-content\/uploads\/2022\/03\/8aa7b69a-9fc1-4b39-9d84-25c19a4e8a9c-1160x870.jpg 1160w\" sizes=\"(max-width: 1600px) 100vw, 1600px\" \/><\/figure>\n\n\n\n<figure class=\"wp-block-image size-large\"><img decoding=\"async\" width=\"1600\" height=\"1200\" data-id=\"88264\" src=\"https:\/\/www.eslebedasauto.at\/wp-content\/uploads\/2022\/03\/7a2406db-bf03-428d-8be3-4c7d7799412e.jpg\" alt=\"\" class=\"wp-image-88264\" srcset=\"https:\/\/www.eslebedasauto.at\/wp-content\/uploads\/2022\/03\/7a2406db-bf03-428d-8be3-4c7d7799412e.jpg 1600w, https:\/\/www.eslebedasauto.at\/wp-content\/uploads\/2022\/03\/7a2406db-bf03-428d-8be3-4c7d7799412e-300x225.jpg 300w, https:\/\/www.eslebedasauto.at\/wp-content\/uploads\/2022\/03\/7a2406db-bf03-428d-8be3-4c7d7799412e-1024x768.jpg 1024w, https:\/\/www.eslebedasauto.at\/wp-content\/uploads\/2022\/03\/7a2406db-bf03-428d-8be3-4c7d7799412e-768x576.jpg 768w, https:\/\/www.eslebedasauto.at\/wp-content\/uploads\/2022\/03\/7a2406db-bf03-428d-8be3-4c7d7799412e-1536x1152.jpg 1536w, https:\/\/www.eslebedasauto.at\/wp-content\/uploads\/2022\/03\/7a2406db-bf03-428d-8be3-4c7d7799412e-800x600.jpg 800w, https:\/\/www.eslebedasauto.at\/wp-content\/uploads\/2022\/03\/7a2406db-bf03-428d-8be3-4c7d7799412e-1160x870.jpg 1160w\" sizes=\"(max-width: 1600px) 100vw, 1600px\" \/><\/figure>\n\n\n\n<figure class=\"wp-block-image size-large\"><img loading=\"lazy\" decoding=\"async\" width=\"1600\" height=\"1200\" data-id=\"88263\" src=\"https:\/\/www.eslebedasauto.at\/wp-content\/uploads\/2022\/03\/6cafc40c-24e0-4cfa-948f-d4084d12a48f.jpg\" alt=\"\" class=\"wp-image-88263\" srcset=\"https:\/\/www.eslebedasauto.at\/wp-content\/uploads\/2022\/03\/6cafc40c-24e0-4cfa-948f-d4084d12a48f.jpg 1600w, https:\/\/www.eslebedasauto.at\/wp-content\/uploads\/2022\/03\/6cafc40c-24e0-4cfa-948f-d4084d12a48f-300x225.jpg 300w, https:\/\/www.eslebedasauto.at\/wp-content\/uploads\/2022\/03\/6cafc40c-24e0-4cfa-948f-d4084d12a48f-1024x768.jpg 1024w, https:\/\/www.eslebedasauto.at\/wp-content\/uploads\/2022\/03\/6cafc40c-24e0-4cfa-948f-d4084d12a48f-768x576.jpg 768w, https:\/\/www.eslebedasauto.at\/wp-content\/uploads\/2022\/03\/6cafc40c-24e0-4cfa-948f-d4084d12a48f-1536x1152.jpg 1536w, https:\/\/www.eslebedasauto.at\/wp-content\/uploads\/2022\/03\/6cafc40c-24e0-4cfa-948f-d4084d12a48f-800x600.jpg 800w, https:\/\/www.eslebedasauto.at\/wp-content\/uploads\/2022\/03\/6cafc40c-24e0-4cfa-948f-d4084d12a48f-1160x870.jpg 1160w\" sizes=\"(max-width: 1600px) 100vw, 1600px\" \/><\/figure>\n\n\n\n<figure class=\"wp-block-image size-large\"><img loading=\"lazy\" decoding=\"async\" width=\"1600\" height=\"906\" data-id=\"88262\" src=\"https:\/\/www.eslebedasauto.at\/wp-content\/uploads\/2022\/03\/5df8ec17-09ce-42a2-b750-a8fef7a67f63.jpg\" alt=\"\" class=\"wp-image-88262\" srcset=\"https:\/\/www.eslebedasauto.at\/wp-content\/uploads\/2022\/03\/5df8ec17-09ce-42a2-b750-a8fef7a67f63.jpg 1600w, https:\/\/www.eslebedasauto.at\/wp-content\/uploads\/2022\/03\/5df8ec17-09ce-42a2-b750-a8fef7a67f63-300x170.jpg 300w, https:\/\/www.eslebedasauto.at\/wp-content\/uploads\/2022\/03\/5df8ec17-09ce-42a2-b750-a8fef7a67f63-1024x580.jpg 1024w, https:\/\/www.eslebedasauto.at\/wp-content\/uploads\/2022\/03\/5df8ec17-09ce-42a2-b750-a8fef7a67f63-768x435.jpg 768w, https:\/\/www.eslebedasauto.at\/wp-content\/uploads\/2022\/03\/5df8ec17-09ce-42a2-b750-a8fef7a67f63-1536x870.jpg 1536w, https:\/\/www.eslebedasauto.at\/wp-content\/uploads\/2022\/03\/5df8ec17-09ce-42a2-b750-a8fef7a67f63-800x453.jpg 800w, https:\/\/www.eslebedasauto.at\/wp-content\/uploads\/2022\/03\/5df8ec17-09ce-42a2-b750-a8fef7a67f63-1160x657.jpg 1160w\" sizes=\"(max-width: 1600px) 100vw, 1600px\" \/><\/figure>\n\n\n\n<figure class=\"wp-block-image size-large\"><img loading=\"lazy\" decoding=\"async\" width=\"2560\" height=\"1707\" data-id=\"88269\" src=\"https:\/\/www.eslebedasauto.at\/wp-content\/uploads\/2022\/03\/220316-_H_H0075-scaled.jpg\" alt=\"\" class=\"wp-image-88269\" srcset=\"https:\/\/www.eslebedasauto.at\/wp-content\/uploads\/2022\/03\/220316-_H_H0075-scaled.jpg 2560w, https:\/\/www.eslebedasauto.at\/wp-content\/uploads\/2022\/03\/220316-_H_H0075-300x200.jpg 300w, https:\/\/www.eslebedasauto.at\/wp-content\/uploads\/2022\/03\/220316-_H_H0075-1024x683.jpg 1024w, https:\/\/www.eslebedasauto.at\/wp-content\/uploads\/2022\/03\/220316-_H_H0075-768x512.jpg 768w, https:\/\/www.eslebedasauto.at\/wp-content\/uploads\/2022\/03\/220316-_H_H0075-1536x1024.jpg 1536w, https:\/\/www.eslebedasauto.at\/wp-content\/uploads\/2022\/03\/220316-_H_H0075-2048x1365.jpg 2048w, https:\/\/www.eslebedasauto.at\/wp-content\/uploads\/2022\/03\/220316-_H_H0075-800x533.jpg 800w, https:\/\/www.eslebedasauto.at\/wp-content\/uploads\/2022\/03\/220316-_H_H0075-1160x773.jpg 1160w\" sizes=\"(max-width: 2560px) 100vw, 2560px\" \/><figcaption>\u00a9 Christian Houdek<\/figcaption><\/figure>\n\n\n\n<figure class=\"wp-block-image size-large\"><img loading=\"lazy\" decoding=\"async\" width=\"2560\" height=\"1437\" data-id=\"88270\" src=\"https:\/\/www.eslebedasauto.at\/wp-content\/uploads\/2022\/03\/220316-_H_H9195-scaled.jpg\" alt=\"\" class=\"wp-image-88270\" srcset=\"https:\/\/www.eslebedasauto.at\/wp-content\/uploads\/2022\/03\/220316-_H_H9195-scaled.jpg 2560w, https:\/\/www.eslebedasauto.at\/wp-content\/uploads\/2022\/03\/220316-_H_H9195-300x168.jpg 300w, https:\/\/www.eslebedasauto.at\/wp-content\/uploads\/2022\/03\/220316-_H_H9195-1024x575.jpg 1024w, https:\/\/www.eslebedasauto.at\/wp-content\/uploads\/2022\/03\/220316-_H_H9195-768x431.jpg 768w, https:\/\/www.eslebedasauto.at\/wp-content\/uploads\/2022\/03\/220316-_H_H9195-1536x862.jpg 1536w, https:\/\/www.eslebedasauto.at\/wp-content\/uploads\/2022\/03\/220316-_H_H9195-2048x1150.jpg 2048w, https:\/\/www.eslebedasauto.at\/wp-content\/uploads\/2022\/03\/220316-_H_H9195-800x449.jpg 800w, https:\/\/www.eslebedasauto.at\/wp-content\/uploads\/2022\/03\/220316-_H_H9195-1160x651.jpg 1160w\" sizes=\"(max-width: 2560px) 100vw, 2560px\" \/><figcaption>\u00a9 Christian Houdek<\/figcaption><\/figure>\n\n\n\n<figure class=\"wp-block-image size-large\"><img loading=\"lazy\" decoding=\"async\" width=\"1707\" height=\"2560\" data-id=\"88271\" src=\"https:\/\/www.eslebedasauto.at\/wp-content\/uploads\/2022\/03\/220316-_H_H9378-scaled.jpg\" alt=\"\" class=\"wp-image-88271\" srcset=\"https:\/\/www.eslebedasauto.at\/wp-content\/uploads\/2022\/03\/220316-_H_H9378-scaled.jpg 1707w, https:\/\/www.eslebedasauto.at\/wp-content\/uploads\/2022\/03\/220316-_H_H9378-200x300.jpg 200w, https:\/\/www.eslebedasauto.at\/wp-content\/uploads\/2022\/03\/220316-_H_H9378-683x1024.jpg 683w, https:\/\/www.eslebedasauto.at\/wp-content\/uploads\/2022\/03\/220316-_H_H9378-768x1152.jpg 768w, https:\/\/www.eslebedasauto.at\/wp-content\/uploads\/2022\/03\/220316-_H_H9378-1024x1536.jpg 1024w, https:\/\/www.eslebedasauto.at\/wp-content\/uploads\/2022\/03\/220316-_H_H9378-1365x2048.jpg 1365w, https:\/\/www.eslebedasauto.at\/wp-content\/uploads\/2022\/03\/220316-_H_H9378-800x1200.jpg 800w, https:\/\/www.eslebedasauto.at\/wp-content\/uploads\/2022\/03\/220316-_H_H9378-1160x1740.jpg 1160w\" sizes=\"(max-width: 1707px) 100vw, 1707px\" \/><figcaption>\u00a9 Christian Houdek<\/figcaption><\/figure>\n\n\n\n<figure class=\"wp-block-image size-large\"><img loading=\"lazy\" decoding=\"async\" width=\"2560\" height=\"1707\" data-id=\"88272\" src=\"https:\/\/www.eslebedasauto.at\/wp-content\/uploads\/2022\/03\/220316-_H_H9392-scaled.jpg\" alt=\"\" class=\"wp-image-88272\" srcset=\"https:\/\/www.eslebedasauto.at\/wp-content\/uploads\/2022\/03\/220316-_H_H9392-scaled.jpg 2560w, https:\/\/www.eslebedasauto.at\/wp-content\/uploads\/2022\/03\/220316-_H_H9392-300x200.jpg 300w, https:\/\/www.eslebedasauto.at\/wp-content\/uploads\/2022\/03\/220316-_H_H9392-1024x683.jpg 1024w, https:\/\/www.eslebedasauto.at\/wp-content\/uploads\/2022\/03\/220316-_H_H9392-768x512.jpg 768w, https:\/\/www.eslebedasauto.at\/wp-content\/uploads\/2022\/03\/220316-_H_H9392-1536x1024.jpg 1536w, https:\/\/www.eslebedasauto.at\/wp-content\/uploads\/2022\/03\/220316-_H_H9392-2048x1365.jpg 2048w, https:\/\/www.eslebedasauto.at\/wp-content\/uploads\/2022\/03\/220316-_H_H9392-800x533.jpg 800w, https:\/\/www.eslebedasauto.at\/wp-content\/uploads\/2022\/03\/220316-_H_H9392-1160x773.jpg 1160w\" sizes=\"(max-width: 2560px) 100vw, 2560px\" \/><figcaption>\u00a9 Christian Houdek<\/figcaption><\/figure>\n\n\n\n<figure class=\"wp-block-image size-large\"><img loading=\"lazy\" decoding=\"async\" width=\"2560\" height=\"1707\" data-id=\"88273\" src=\"https:\/\/www.eslebedasauto.at\/wp-content\/uploads\/2022\/03\/220316-_H_H9449-scaled.jpg\" alt=\"\" class=\"wp-image-88273\" srcset=\"https:\/\/www.eslebedasauto.at\/wp-content\/uploads\/2022\/03\/220316-_H_H9449-scaled.jpg 2560w, https:\/\/www.eslebedasauto.at\/wp-content\/uploads\/2022\/03\/220316-_H_H9449-300x200.jpg 300w, https:\/\/www.eslebedasauto.at\/wp-content\/uploads\/2022\/03\/220316-_H_H9449-1024x683.jpg 1024w, https:\/\/www.eslebedasauto.at\/wp-content\/uploads\/2022\/03\/220316-_H_H9449-768x512.jpg 768w, https:\/\/www.eslebedasauto.at\/wp-content\/uploads\/2022\/03\/220316-_H_H9449-1536x1024.jpg 1536w, https:\/\/www.eslebedasauto.at\/wp-content\/uploads\/2022\/03\/220316-_H_H9449-2048x1365.jpg 2048w, https:\/\/www.eslebedasauto.at\/wp-content\/uploads\/2022\/03\/220316-_H_H9449-800x533.jpg 800w, https:\/\/www.eslebedasauto.at\/wp-content\/uploads\/2022\/03\/220316-_H_H9449-1160x773.jpg 1160w\" sizes=\"(max-width: 2560px) 100vw, 2560px\" \/><figcaption>\u00a9 Christian Houdek<\/figcaption><\/figure>\n<\/figure>\n\n\n\n<p>Wir fuhren den T-ROC R und den Taigo in Langenlebarn. Ein sch\u00f6ner neuer blauer Bolide, den VW da aus dem Werk gezaubert hat, am besten hat uns optisch das Heck mit seinen 4 Endrohren gefallen, leider waren noch Winterreifen auf dem Auto montiert, so konnten wir die 300 PS in den Kurven nur langsamer auskosten. Eines ist sicher, enge kurvige Strecken mag der neue R auf jeden Fall. Innen \u00fcberrascht eine teilweise matt blaue Lackierung quer \u00fcber das Cockpit. Diese mattblaue Lackierung w\u00e4re auch sch\u00f6n als Wagenfarbe. Es finden sich alle Fahr-Assistenzsysteme die auch im &#8222;normalen T-Roc&#8220; zu finden sind. Diverse Fahrmodi per W\u00e4hlrad mittig einstellbar runden das Techniksammelsurium ab. Ein Auto wie man es 2022 gewohnt sein d\u00fcrfte. Etwas mehr Rrrrrrr h\u00e4tte auch der Front gut getan. Aber einmal ins Gas gestiegen und dem r\u00f6hrenden Sound gelauscht, l\u00e4sst einem vieles vergessen. Die Frage stellt sich zum Schlu\u00df, ist das knallen des Auspuffs elektronisch gesteuert? Schreibt uns doch eure Erfahrungen in die Kommentare \ud83d\ude09<\/p>","protected":false},"excerpt":{"rendered":"<p>Testtag bei VW in Langenlebarn. Auto gut, Essen gut, alles gut!<\/p>","protected":false},"author":1,"featured_media":88263,"comment_status":"open","ping_status":"open","sticky":false,"template":"","format":"standard","meta":{"neve_meta_sidebar":"","neve_meta_container":"","neve_meta_enable_content_width":"","neve_meta_content_width":0,"neve_meta_title_alignment":"","neve_meta_author_avatar":"","neve_post_elements_order":"","neve_meta_disable_header":"","neve_meta_disable_footer":"","neve_meta_disable_title":"","neve_meta_reading_time":"","footnotes":""},"categories":[335],"tags":[],"class_list":["post-88268","post","type-post","status-publish","format-standard","has-post-thumbnail","hentry","category-fahrberichte"],"yoast_head":"<!-- This site is optimized with the Yoast SEO plugin v26.8 - https:\/\/yoast.com\/product\/yoast-seo-wordpress\/ -->\n<title>VW T-Roc &amp; Taigo Fahrtag - Es lebe das Auto<\/title>\n<meta name=\"robots\" content=\"index, follow, max-snippet:-1, max-image-preview:large, max-video-preview:-1\" \/>\n<link rel=\"canonical\" href=\"https:\/\/www.eslebedasauto.at\/en\/vw-t-roc-taigo-fahrtag\/\" \/>\n<meta property=\"og:locale\" content=\"en_GB\" \/>\n<meta property=\"og:type\" content=\"article\" \/>\n<meta property=\"og:title\" content=\"VW T-Roc &amp; Taigo Fahrtag - Es lebe das Auto\" \/>\n<meta property=\"og:description\" content=\"Testtag bei VW in Langenlebarn. Auto gut, Essen gut, alles gut!\" \/>\n<meta property=\"og:url\" content=\"https:\/\/www.eslebedasauto.at\/en\/vw-t-roc-taigo-fahrtag\/\" \/>\n<meta property=\"og:site_name\" content=\"Es lebe das Auto\" \/>\n<meta property=\"article:publisher\" content=\"https:\/\/www.facebook.com\/eslebedasauto.at\" \/>\n<meta property=\"article:published_time\" content=\"2024-03-18T08:01:05+00:00\" \/>\n<meta property=\"og:image\" content=\"https:\/\/www.eslebedasauto.at\/wp-content\/uploads\/2022\/03\/6cafc40c-24e0-4cfa-948f-d4084d12a48f.jpg\" \/>\n\t<meta property=\"og:image:width\" content=\"1600\" \/>\n\t<meta property=\"og:image:height\" content=\"1200\" \/>\n\t<meta property=\"og:image:type\" content=\"image\/jpeg\" \/>\n<meta name=\"author\" content=\"Juergen\" \/>\n<meta name=\"twitter:card\" content=\"summary_large_image\" \/>\n<meta name=\"twitter:label1\" content=\"Written by\" \/>\n\t<meta name=\"twitter:data1\" content=\"Juergen\" \/>\n\t<meta name=\"twitter:label2\" content=\"Estimated reading time\" \/>\n\t<meta name=\"twitter:data2\" content=\"4 minutes\" \/>\n<script type=\"application\/ld+json\" class=\"yoast-schema-graph\">{\"@context\":\"https:\/\/schema.org\",\"@graph\":[{\"@type\":\"Article\",\"@id\":\"https:\/\/www.eslebedasauto.at\/vw-t-roc-taigo-fahrtag\/#article\",\"isPartOf\":{\"@id\":\"https:\/\/www.eslebedasauto.at\/vw-t-roc-taigo-fahrtag\/\"},\"author\":{\"name\":\"Juergen\",\"@id\":\"https:\/\/www.eslebedasauto.at\/#\/schema\/person\/4ecfb7fe1eb40654e5370227118c3fc2\"},\"headline\":\"VW T-Roc &#038; Taigo Fahrtag\",\"datePublished\":\"2024-03-18T08:01:05+00:00\",\"mainEntityOfPage\":{\"@id\":\"https:\/\/www.eslebedasauto.at\/vw-t-roc-taigo-fahrtag\/\"},\"wordCount\":255,\"commentCount\":0,\"publisher\":{\"@id\":\"https:\/\/www.eslebedasauto.at\/#organization\"},\"image\":{\"@id\":\"https:\/\/www.eslebedasauto.at\/vw-t-roc-taigo-fahrtag\/#primaryimage\"},\"thumbnailUrl\":\"https:\/\/www.eslebedasauto.at\/wp-content\/uploads\/2022\/03\/6cafc40c-24e0-4cfa-948f-d4084d12a48f.jpg\",\"articleSection\":[\"Fahrberichte\"],\"inLanguage\":\"en-GB\",\"potentialAction\":[{\"@type\":\"CommentAction\",\"name\":\"Comment\",\"target\":[\"https:\/\/www.eslebedasauto.at\/vw-t-roc-taigo-fahrtag\/#respond\"]}]},{\"@type\":\"WebPage\",\"@id\":\"https:\/\/www.eslebedasauto.at\/vw-t-roc-taigo-fahrtag\/\",\"url\":\"https:\/\/www.eslebedasauto.at\/vw-t-roc-taigo-fahrtag\/\",\"name\":\"VW T-Roc & Taigo Fahrtag - Es lebe das Auto\",\"isPartOf\":{\"@id\":\"https:\/\/www.eslebedasauto.at\/#website\"},\"primaryImageOfPage\":{\"@id\":\"https:\/\/www.eslebedasauto.at\/vw-t-roc-taigo-fahrtag\/#primaryimage\"},\"image\":{\"@id\":\"https:\/\/www.eslebedasauto.at\/vw-t-roc-taigo-fahrtag\/#primaryimage\"},\"thumbnailUrl\":\"https:\/\/www.eslebedasauto.at\/wp-content\/uploads\/2022\/03\/6cafc40c-24e0-4cfa-948f-d4084d12a48f.jpg\",\"datePublished\":\"2024-03-18T08:01:05+00:00\",\"breadcrumb\":{\"@id\":\"https:\/\/www.eslebedasauto.at\/vw-t-roc-taigo-fahrtag\/#breadcrumb\"},\"inLanguage\":\"en-GB\",\"potentialAction\":[{\"@type\":\"ReadAction\",\"target\":[\"https:\/\/www.eslebedasauto.at\/vw-t-roc-taigo-fahrtag\/\"]}]},{\"@type\":\"ImageObject\",\"inLanguage\":\"en-GB\",\"@id\":\"https:\/\/www.eslebedasauto.at\/vw-t-roc-taigo-fahrtag\/#primaryimage\",\"url\":\"https:\/\/www.eslebedasauto.at\/wp-content\/uploads\/2022\/03\/6cafc40c-24e0-4cfa-948f-d4084d12a48f.jpg\",\"contentUrl\":\"https:\/\/www.eslebedasauto.at\/wp-content\/uploads\/2022\/03\/6cafc40c-24e0-4cfa-948f-d4084d12a48f.jpg\",\"width\":1600,\"height\":1200},{\"@type\":\"BreadcrumbList\",\"@id\":\"https:\/\/www.eslebedasauto.at\/vw-t-roc-taigo-fahrtag\/#breadcrumb\",\"itemListElement\":[{\"@type\":\"ListItem\",\"position\":1,\"name\":\"Startseite\",\"item\":\"https:\/\/www.eslebedasauto.at\/\"},{\"@type\":\"ListItem\",\"position\":2,\"name\":\"VW T-Roc &#038; Taigo Fahrtag\"}]},{\"@type\":\"WebSite\",\"@id\":\"https:\/\/www.eslebedasauto.at\/#website\",\"url\":\"https:\/\/www.eslebedasauto.at\/\",\"name\":\"Es lebe das Auto\",\"description\":\"ein Hoch auf den Individualverkehr\",\"publisher\":{\"@id\":\"https:\/\/www.eslebedasauto.at\/#organization\"},\"potentialAction\":[{\"@type\":\"SearchAction\",\"target\":{\"@type\":\"EntryPoint\",\"urlTemplate\":\"https:\/\/www.eslebedasauto.at\/?s={search_term_string}\"},\"query-input\":{\"@type\":\"PropertyValueSpecification\",\"valueRequired\":true,\"valueName\":\"search_term_string\"}}],\"inLanguage\":\"en-GB\"},{\"@type\":\"Organization\",\"@id\":\"https:\/\/www.eslebedasauto.at\/#organization\",\"name\":\"eslebedasauto\",\"url\":\"https:\/\/www.eslebedasauto.at\/\",\"logo\":{\"@type\":\"ImageObject\",\"inLanguage\":\"en-GB\",\"@id\":\"https:\/\/www.eslebedasauto.at\/#\/schema\/logo\/image\/\",\"url\":\"https:\/\/www.eslebedasauto.at\/wp-content\/uploads\/2025\/10\/eldarund.png\",\"contentUrl\":\"https:\/\/www.eslebedasauto.at\/wp-content\/uploads\/2025\/10\/eldarund.png\",\"width\":1024,\"height\":1024,\"caption\":\"eslebedasauto\"},\"image\":{\"@id\":\"https:\/\/www.eslebedasauto.at\/#\/schema\/logo\/image\/\"},\"sameAs\":[\"https:\/\/www.facebook.com\/eslebedasauto.at\",\"https:\/\/www.instagram.com\/es_lebe_das_auto\/\"]},{\"@type\":\"Person\",\"@id\":\"https:\/\/www.eslebedasauto.at\/#\/schema\/person\/4ecfb7fe1eb40654e5370227118c3fc2\",\"name\":\"Juergen\",\"url\":\"https:\/\/www.eslebedasauto.at\/en\/author\/netzwerkkapitaene-og\/\"}]}<\/script>\n<!-- \/ Yoast SEO plugin. -->","yoast_head_json":{"title":"VW T-Roc & Taigo Fahrtag - Es lebe das Auto","robots":{"index":"index","follow":"follow","max-snippet":"max-snippet:-1","max-image-preview":"max-image-preview:large","max-video-preview":"max-video-preview:-1"},"canonical":"https:\/\/www.eslebedasauto.at\/en\/vw-t-roc-taigo-fahrtag\/","og_locale":"en_GB","og_type":"article","og_title":"VW T-Roc & Taigo Fahrtag - Es lebe das Auto","og_description":"Testtag bei VW in Langenlebarn. Auto gut, Essen gut, alles gut!","og_url":"https:\/\/www.eslebedasauto.at\/en\/vw-t-roc-taigo-fahrtag\/","og_site_name":"Es lebe das Auto","article_publisher":"https:\/\/www.facebook.com\/eslebedasauto.at","article_published_time":"2024-03-18T08:01:05+00:00","og_image":[{"width":1600,"height":1200,"url":"https:\/\/www.eslebedasauto.at\/wp-content\/uploads\/2022\/03\/6cafc40c-24e0-4cfa-948f-d4084d12a48f.jpg","type":"image\/jpeg"}],"author":"Juergen","twitter_card":"summary_large_image","twitter_misc":{"Written by":"Juergen","Estimated reading time":"4 minutes"},"schema":{"@context":"https:\/\/schema.org","@graph":[{"@type":"Article","@id":"https:\/\/www.eslebedasauto.at\/vw-t-roc-taigo-fahrtag\/#article","isPartOf":{"@id":"https:\/\/www.eslebedasauto.at\/vw-t-roc-taigo-fahrtag\/"},"author":{"name":"Juergen","@id":"https:\/\/www.eslebedasauto.at\/#\/schema\/person\/4ecfb7fe1eb40654e5370227118c3fc2"},"headline":"VW T-Roc &#038; Taigo Fahrtag","datePublished":"2024-03-18T08:01:05+00:00","mainEntityOfPage":{"@id":"https:\/\/www.eslebedasauto.at\/vw-t-roc-taigo-fahrtag\/"},"wordCount":255,"commentCount":0,"publisher":{"@id":"https:\/\/www.eslebedasauto.at\/#organization"},"image":{"@id":"https:\/\/www.eslebedasauto.at\/vw-t-roc-taigo-fahrtag\/#primaryimage"},"thumbnailUrl":"https:\/\/www.eslebedasauto.at\/wp-content\/uploads\/2022\/03\/6cafc40c-24e0-4cfa-948f-d4084d12a48f.jpg","articleSection":["Fahrberichte"],"inLanguage":"en-GB","potentialAction":[{"@type":"CommentAction","name":"Comment","target":["https:\/\/www.eslebedasauto.at\/vw-t-roc-taigo-fahrtag\/#respond"]}]},{"@type":"WebPage","@id":"https:\/\/www.eslebedasauto.at\/vw-t-roc-taigo-fahrtag\/","url":"https:\/\/www.eslebedasauto.at\/vw-t-roc-taigo-fahrtag\/","name":"VW T-Roc & Taigo Fahrtag - Es lebe das Auto","isPartOf":{"@id":"https:\/\/www.eslebedasauto.at\/#website"},"primaryImageOfPage":{"@id":"https:\/\/www.eslebedasauto.at\/vw-t-roc-taigo-fahrtag\/#primaryimage"},"image":{"@id":"https:\/\/www.eslebedasauto.at\/vw-t-roc-taigo-fahrtag\/#primaryimage"},"thumbnailUrl":"https:\/\/www.eslebedasauto.at\/wp-content\/uploads\/2022\/03\/6cafc40c-24e0-4cfa-948f-d4084d12a48f.jpg","datePublished":"2024-03-18T08:01:05+00:00","breadcrumb":{"@id":"https:\/\/www.eslebedasauto.at\/vw-t-roc-taigo-fahrtag\/#breadcrumb"},"inLanguage":"en-GB","potentialAction":[{"@type":"ReadAction","target":["https:\/\/www.eslebedasauto.at\/vw-t-roc-taigo-fahrtag\/"]}]},{"@type":"ImageObject","inLanguage":"en-GB","@id":"https:\/\/www.eslebedasauto.at\/vw-t-roc-taigo-fahrtag\/#primaryimage","url":"https:\/\/www.eslebedasauto.at\/wp-content\/uploads\/2022\/03\/6cafc40c-24e0-4cfa-948f-d4084d12a48f.jpg","contentUrl":"https:\/\/www.eslebedasauto.at\/wp-content\/uploads\/2022\/03\/6cafc40c-24e0-4cfa-948f-d4084d12a48f.jpg","width":1600,"height":1200},{"@type":"BreadcrumbList","@id":"https:\/\/www.eslebedasauto.at\/vw-t-roc-taigo-fahrtag\/#breadcrumb","itemListElement":[{"@type":"ListItem","position":1,"name":"Startseite","item":"https:\/\/www.eslebedasauto.at\/"},{"@type":"ListItem","position":2,"name":"VW T-Roc &#038; Taigo Fahrtag"}]},{"@type":"WebSite","@id":"https:\/\/www.eslebedasauto.at\/#website","url":"https:\/\/www.eslebedasauto.at\/","name":"Es lebe das Auto","description":"ein Hoch auf den Individualverkehr","publisher":{"@id":"https:\/\/www.eslebedasauto.at\/#organization"},"potentialAction":[{"@type":"SearchAction","target":{"@type":"EntryPoint","urlTemplate":"https:\/\/www.eslebedasauto.at\/?s={search_term_string}"},"query-input":{"@type":"PropertyValueSpecification","valueRequired":true,"valueName":"search_term_string"}}],"inLanguage":"en-GB"},{"@type":"Organization","@id":"https:\/\/www.eslebedasauto.at\/#organization","name":"eslebedasauto","url":"https:\/\/www.eslebedasauto.at\/","logo":{"@type":"ImageObject","inLanguage":"en-GB","@id":"https:\/\/www.eslebedasauto.at\/#\/schema\/logo\/image\/","url":"https:\/\/www.eslebedasauto.at\/wp-content\/uploads\/2025\/10\/eldarund.png","contentUrl":"https:\/\/www.eslebedasauto.at\/wp-content\/uploads\/2025\/10\/eldarund.png","width":1024,"height":1024,"caption":"eslebedasauto"},"image":{"@id":"https:\/\/www.eslebedasauto.at\/#\/schema\/logo\/image\/"},"sameAs":["https:\/\/www.facebook.com\/eslebedasauto.at","https:\/\/www.instagram.com\/es_lebe_das_auto\/"]},{"@type":"Person","@id":"https:\/\/www.eslebedasauto.at\/#\/schema\/person\/4ecfb7fe1eb40654e5370227118c3fc2","name":"Juergen","url":"https:\/\/www.eslebedasauto.at\/en\/author\/netzwerkkapitaene-og\/"}]}},"_links":{"self":[{"href":"https:\/\/www.eslebedasauto.at\/en\/wp-json\/wp\/v2\/posts\/88268","targetHints":{"allow":["GET"]}}],"collection":[{"href":"https:\/\/www.eslebedasauto.at\/en\/wp-json\/wp\/v2\/posts"}],"about":[{"href":"https:\/\/www.eslebedasauto.at\/en\/wp-json\/wp\/v2\/types\/post"}],"author":[{"embeddable":true,"href":"https:\/\/www.eslebedasauto.at\/en\/wp-json\/wp\/v2\/users\/1"}],"replies":[{"embeddable":true,"href":"https:\/\/www.eslebedasauto.at\/en\/wp-json\/wp\/v2\/comments?post=88268"}],"version-history":[{"count":5,"href":"https:\/\/www.eslebedasauto.at\/en\/wp-json\/wp\/v2\/posts\/88268\/revisions"}],"predecessor-version":[{"id":88283,"href":"https:\/\/www.eslebedasauto.at\/en\/wp-json\/wp\/v2\/posts\/88268\/revisions\/88283"}],"wp:featuredmedia":[{"embeddable":true,"href":"https:\/\/www.eslebedasauto.at\/en\/wp-json\/wp\/v2\/media\/88263"}],"wp:attachment":[{"href":"https:\/\/www.eslebedasauto.at\/en\/wp-json\/wp\/v2\/media?parent=88268"}],"wp:term":[{"taxonomy":"category","embeddable":true,"href":"https:\/\/www.eslebedasauto.at\/en\/wp-json\/wp\/v2\/categories?post=88268"},{"taxonomy":"post_tag","embeddable":true,"href":"https:\/\/www.eslebedasauto.at\/en\/wp-json\/wp\/v2\/tags?post=88268"}],"curies":[{"name":"wp","href":"https:\/\/api.w.org\/{rel}","templated":true}]}}