{"id":87942,"date":"2024-03-18T09:01:05","date_gmt":"2024-03-18T08:01:05","guid":{"rendered":"https:\/\/www.eslebedasauto.at\/?p=87942"},"modified":"2024-03-18T09:01:05","modified_gmt":"2024-03-18T08:01:05","slug":"cupra-born-alpha-test","status":"publish","type":"post","link":"https:\/\/www.eslebedasauto.at\/en\/cupra-born-alpha-test\/","title":{"rendered":"Spanischer e-Faustkeil"},"content":{"rendered":"<h3 id=\"man-nehme-einen-vw-id-3-und-treibe-ihm-das-kindchen-schema-aus-fertig-ist-der-cupra-born-glauben-viele-nur-so-einfach-ist-das-nicht\" class=\"wp-block-heading\">Man nehme einen VW ID 3 und treibe ihm das Kindchen-Schema aus. Fertig ist der Cupra Born. Glauben viele, nur so einfach ist das nicht.<\/h3>\n\n\n\n<p>Zwar steht der Cupra\u00a0Born\u00a0auf der gleichen Plattform wie sein Konzernbruder ID 3 von VW, doch die beiden Stromer sind alles andere als eineiige Zwillinge. Das beginnt schon bei den Ma\u00dfen: So ist der Cupra um sechs Zentimeter l\u00e4nger als der VW daf\u00fcr aber drei Zentimeter niedriger, bei jedoch gleichem Radstand.\u00a0Die paar Zentimeter h\u00f6ren sich nach nicht viel an, im Automobilbau reicht das aber aus, um zwei Fahrzeuge deutlich unterscheidbarer zu machen.<\/p>\n\n\n\n<figure class=\"wp-block-image size-large\"><img fetchpriority=\"high\" decoding=\"async\" width=\"1024\" height=\"768\" src=\"https:\/\/www.eslebedasauto.at\/wp-content\/uploads\/2022\/02\/IMG_6644-1024x768.jpeg\" alt=\"\" class=\"wp-image-87959\" srcset=\"https:\/\/www.eslebedasauto.at\/wp-content\/uploads\/2022\/02\/IMG_6644-1024x768.jpeg 1024w, https:\/\/www.eslebedasauto.at\/wp-content\/uploads\/2022\/02\/IMG_6644-300x225.jpeg 300w, https:\/\/www.eslebedasauto.at\/wp-content\/uploads\/2022\/02\/IMG_6644-768x576.jpeg 768w, https:\/\/www.eslebedasauto.at\/wp-content\/uploads\/2022\/02\/IMG_6644-1536x1152.jpeg 1536w, https:\/\/www.eslebedasauto.at\/wp-content\/uploads\/2022\/02\/IMG_6644-800x600.jpeg 800w, https:\/\/www.eslebedasauto.at\/wp-content\/uploads\/2022\/02\/IMG_6644-1160x870.jpeg 1160w, https:\/\/www.eslebedasauto.at\/wp-content\/uploads\/2022\/02\/IMG_6644.jpeg 2048w\" sizes=\"(max-width: 1024px) 100vw, 1024px\" \/><\/figure>\n\n\n\n<p>Aus rund wurde kantig &#8211; Cupra eliminierte die rundlichen Formen des VW ID 3 und verpasste dem Cupra Born jede Menge Kanten. Die tief herunter gezogene Fronthaube ist gepr\u00e4gt von einem Wechsel aus konvexen und konkaven Fl\u00e4chen, die kantige Front reckt sich trotzig in den Luftstrom. Charakteristisch sind auch die dreieckigen LED-Scheinwerfer, hinzu gesellen sich die Seitenschweller und die flie\u00dfenden seitlichen Linien, die dem Born eine keilf\u00f6rmige Statur verleihen.<\/p>\n\n\n\n<figure class=\"wp-block-gallery has-nested-images columns-default is-cropped wp-block-gallery-1 is-layout-flex wp-block-gallery-is-layout-flex\">\n<figure class=\"wp-block-image size-large\"><img decoding=\"async\" width=\"2048\" height=\"1536\" data-id=\"87963\" src=\"https:\/\/www.eslebedasauto.at\/wp-content\/uploads\/2022\/02\/IMG_6652.jpeg\" alt=\"\" class=\"wp-image-87963\" srcset=\"https:\/\/www.eslebedasauto.at\/wp-content\/uploads\/2022\/02\/IMG_6652.jpeg 2048w, https:\/\/www.eslebedasauto.at\/wp-content\/uploads\/2022\/02\/IMG_6652-300x225.jpeg 300w, https:\/\/www.eslebedasauto.at\/wp-content\/uploads\/2022\/02\/IMG_6652-1024x768.jpeg 1024w, https:\/\/www.eslebedasauto.at\/wp-content\/uploads\/2022\/02\/IMG_6652-768x576.jpeg 768w, https:\/\/www.eslebedasauto.at\/wp-content\/uploads\/2022\/02\/IMG_6652-1536x1152.jpeg 1536w, https:\/\/www.eslebedasauto.at\/wp-content\/uploads\/2022\/02\/IMG_6652-800x600.jpeg 800w, https:\/\/www.eslebedasauto.at\/wp-content\/uploads\/2022\/02\/IMG_6652-1160x870.jpeg 1160w\" sizes=\"(max-width: 2048px) 100vw, 2048px\" \/><\/figure>\n\n\n\n<figure class=\"wp-block-image size-large\"><img decoding=\"async\" width=\"2048\" height=\"1536\" data-id=\"87962\" src=\"https:\/\/www.eslebedasauto.at\/wp-content\/uploads\/2022\/02\/IMG_6650.jpeg\" alt=\"\" class=\"wp-image-87962\" srcset=\"https:\/\/www.eslebedasauto.at\/wp-content\/uploads\/2022\/02\/IMG_6650.jpeg 2048w, https:\/\/www.eslebedasauto.at\/wp-content\/uploads\/2022\/02\/IMG_6650-300x225.jpeg 300w, https:\/\/www.eslebedasauto.at\/wp-content\/uploads\/2022\/02\/IMG_6650-1024x768.jpeg 1024w, https:\/\/www.eslebedasauto.at\/wp-content\/uploads\/2022\/02\/IMG_6650-768x576.jpeg 768w, https:\/\/www.eslebedasauto.at\/wp-content\/uploads\/2022\/02\/IMG_6650-1536x1152.jpeg 1536w, https:\/\/www.eslebedasauto.at\/wp-content\/uploads\/2022\/02\/IMG_6650-800x600.jpeg 800w, https:\/\/www.eslebedasauto.at\/wp-content\/uploads\/2022\/02\/IMG_6650-1160x870.jpeg 1160w\" sizes=\"(max-width: 2048px) 100vw, 2048px\" \/><\/figure>\n<\/figure>\n\n\n\n<p>Das markante Design der beim Testwagen schwarz lackierten Leichtmetallfelgen und jede Menge kupferfarbene Akzente sind bei Cupra markentypisch. Auff\u00e4llig ist auch der angedeutete Diffusor am Heck. Wenn er so vor einem steht, l\u00e4sst der\u00a0Born\u00a0bereits am Stand gro\u00dfes sportliches Potenzial erahnen. Ob sich das auch in Fahrt best\u00e4tigt, haben wir ausprobiert.<\/p>\n\n\n\n<figure class=\"wp-block-image size-large\"><img loading=\"lazy\" decoding=\"async\" width=\"1024\" height=\"768\" src=\"https:\/\/www.eslebedasauto.at\/wp-content\/uploads\/2022\/02\/IMG_6649-1024x768.jpeg\" alt=\"\" class=\"wp-image-87961\" srcset=\"https:\/\/www.eslebedasauto.at\/wp-content\/uploads\/2022\/02\/IMG_6649-1024x768.jpeg 1024w, https:\/\/www.eslebedasauto.at\/wp-content\/uploads\/2022\/02\/IMG_6649-300x225.jpeg 300w, https:\/\/www.eslebedasauto.at\/wp-content\/uploads\/2022\/02\/IMG_6649-768x576.jpeg 768w, https:\/\/www.eslebedasauto.at\/wp-content\/uploads\/2022\/02\/IMG_6649-1536x1152.jpeg 1536w, https:\/\/www.eslebedasauto.at\/wp-content\/uploads\/2022\/02\/IMG_6649-800x600.jpeg 800w, https:\/\/www.eslebedasauto.at\/wp-content\/uploads\/2022\/02\/IMG_6649-1160x870.jpeg 1160w, https:\/\/www.eslebedasauto.at\/wp-content\/uploads\/2022\/02\/IMG_6649.jpeg 2048w\" sizes=\"(max-width: 1024px) 100vw, 1024px\" \/><\/figure>\n\n\n\n<p>Doch zun\u00e4chst steigen wir mal ein. Wie im VW-Konzern mittlerweile \u00fcblich, ist auch das Lenkrad des Born\u00a0mit ber\u00fchrungssensiblen Schaltern und Slidern versehen. Dass deren Bedienung nicht das Gelbe vom Ei ist, haben wir schon bei den Tests von <a href=\"https:\/\/www.eslebedasauto.at\/en\/vw-id-3-erste-fahrerlebnisse\/\">VW ID 3<\/a> und <a href=\"https:\/\/www.eslebedasauto.at\/en\/vw-golf-tdi-test\/\">VW Golf 8<\/a> festgestellt. Und so passiert es auch im Cupra Born des \u00d6fteren, dass im Eifer des Gefechts aus Versehen ein Knopf ber\u00fchrt und damit auch ungewollte Funktionen ausgel\u00f6st werden. Der Fahrw\u00e4hlhebel versteckt sich rechts hinter dem Lenkrad &#8211; ebenfalls eine der Gemeinsamkeiten mit der VW ID-Familie.<\/p>\n\n\n\n<figure class=\"wp-block-image size-large\"><img loading=\"lazy\" decoding=\"async\" width=\"1024\" height=\"768\" src=\"https:\/\/www.eslebedasauto.at\/wp-content\/uploads\/2022\/02\/IMG_6623-1024x768.jpeg\" alt=\"\" class=\"wp-image-87946\" srcset=\"https:\/\/www.eslebedasauto.at\/wp-content\/uploads\/2022\/02\/IMG_6623-1024x768.jpeg 1024w, https:\/\/www.eslebedasauto.at\/wp-content\/uploads\/2022\/02\/IMG_6623-300x225.jpeg 300w, https:\/\/www.eslebedasauto.at\/wp-content\/uploads\/2022\/02\/IMG_6623-768x576.jpeg 768w, https:\/\/www.eslebedasauto.at\/wp-content\/uploads\/2022\/02\/IMG_6623-1536x1152.jpeg 1536w, https:\/\/www.eslebedasauto.at\/wp-content\/uploads\/2022\/02\/IMG_6623-800x600.jpeg 800w, https:\/\/www.eslebedasauto.at\/wp-content\/uploads\/2022\/02\/IMG_6623-1160x870.jpeg 1160w, https:\/\/www.eslebedasauto.at\/wp-content\/uploads\/2022\/02\/IMG_6623.jpeg 2048w\" sizes=\"(max-width: 1024px) 100vw, 1024px\" \/><\/figure>\n\n\n\n<p>Die Innenraumgestaltung ist weitgehend mit der des VW Genspenders ident, sieht man von anderen Oberfl\u00e4chendesigns und Farben ab. Fazit: Die Verarbeitung ist gut, die \u00e4sthetische Anmutung bei n\u00e4herem Hinsehen teilweise aber eher durchschnittlich &#8211; die Verwendung von Hartplastik dominiert, ebenfalls wie die Dominanz des Sparstifts in Bereichen, die sowieso nicht allzu viel gekostet h\u00e4tten. Als Beispiele seien hier die in der Fahrert\u00fcr fehlenden Fensterheber-Tasten f\u00fcr die Fondscheiben oder die Abwesenheit von ger\u00e4uschd\u00e4mmenden Matten in den Ablagef\u00e4chern genannt.<\/p>\n\n\n\n<figure class=\"wp-block-image size-large\"><img loading=\"lazy\" decoding=\"async\" width=\"768\" height=\"1024\" src=\"https:\/\/www.eslebedasauto.at\/wp-content\/uploads\/2022\/02\/IMG_6642-768x1024.jpeg\" alt=\"\" class=\"wp-image-87957\" srcset=\"https:\/\/www.eslebedasauto.at\/wp-content\/uploads\/2022\/02\/IMG_6642-768x1024.jpeg 768w, https:\/\/www.eslebedasauto.at\/wp-content\/uploads\/2022\/02\/IMG_6642-225x300.jpeg 225w, https:\/\/www.eslebedasauto.at\/wp-content\/uploads\/2022\/02\/IMG_6642-1152x1536.jpeg 1152w, https:\/\/www.eslebedasauto.at\/wp-content\/uploads\/2022\/02\/IMG_6642-800x1067.jpeg 800w, https:\/\/www.eslebedasauto.at\/wp-content\/uploads\/2022\/02\/IMG_6642-1160x1547.jpeg 1160w, https:\/\/www.eslebedasauto.at\/wp-content\/uploads\/2022\/02\/IMG_6642.jpeg 1536w\" sizes=\"(max-width: 768px) 100vw, 768px\" \/><\/figure>\n\n\n\n<p>Freude stellt sich jedoch beim Wegfahren ein. Wie bei allen Elektroautos ist volle Power vom Start an vorhanden, das Auto legt los, wie es das Karosseriedesign versprochen hat. Trotz des Gewichts von fast zwei Tonnen wird der Hunderter in wenig mehr als sieben Sekunden pulverisiert. Bis dahin macht der Born dem sportlichen Anspruch der Marke Cupra alle Ehren, besonders in resch gefahrenen Kurven macht der Wagen enorm viel Spa\u00df. Das liegt an der guten Gewichtsverteilung &#8211; die relativ schwere Batterie liegt tief in der Mitte zwischen den Achsen, ihr Gewicht h\u00e4lt den Fahrzeug-Schwerpunkt perfekt nahe an der Stra\u00dfe.<\/p>\n\n\n\n<figure class=\"wp-block-image size-large\"><img loading=\"lazy\" decoding=\"async\" width=\"768\" height=\"1024\" src=\"https:\/\/www.eslebedasauto.at\/wp-content\/uploads\/2022\/02\/IMG_6639-768x1024.jpeg\" alt=\"\" class=\"wp-image-87955\" srcset=\"https:\/\/www.eslebedasauto.at\/wp-content\/uploads\/2022\/02\/IMG_6639-768x1024.jpeg 768w, https:\/\/www.eslebedasauto.at\/wp-content\/uploads\/2022\/02\/IMG_6639-225x300.jpeg 225w, https:\/\/www.eslebedasauto.at\/wp-content\/uploads\/2022\/02\/IMG_6639-1152x1536.jpeg 1152w, https:\/\/www.eslebedasauto.at\/wp-content\/uploads\/2022\/02\/IMG_6639-800x1067.jpeg 800w, https:\/\/www.eslebedasauto.at\/wp-content\/uploads\/2022\/02\/IMG_6639-1160x1547.jpeg 1160w, https:\/\/www.eslebedasauto.at\/wp-content\/uploads\/2022\/02\/IMG_6639.jpeg 1536w\" sizes=\"(max-width: 768px) 100vw, 768px\" \/><\/figure>\n\n\n\n<p>Bei aller Sportlichkeit ist der Komfort trotzdem ausgezeichnet, die sportlichen Sitze bieten neben perfektem Kurvenhalt auch super Bequemlichkeit und sind somit auch f\u00fcr die Langstrecke geeignet. Schluss mit der Sportlichkeit ist freilich bei der H\u00f6chstgeschwindigkeit des Cupra Born, die aus R\u00fccksicht auf die Reichweite schon bei 160 km\/h elektronisch abgeregelt wird.<\/p>\n\n\n\n<figure class=\"wp-block-image size-large\"><img loading=\"lazy\" decoding=\"async\" width=\"1024\" height=\"768\" src=\"https:\/\/www.eslebedasauto.at\/wp-content\/uploads\/2022\/02\/IMG_6673-1024x768.jpeg\" alt=\"\" class=\"wp-image-87966\" srcset=\"https:\/\/www.eslebedasauto.at\/wp-content\/uploads\/2022\/02\/IMG_6673-1024x768.jpeg 1024w, https:\/\/www.eslebedasauto.at\/wp-content\/uploads\/2022\/02\/IMG_6673-300x225.jpeg 300w, https:\/\/www.eslebedasauto.at\/wp-content\/uploads\/2022\/02\/IMG_6673-768x576.jpeg 768w, https:\/\/www.eslebedasauto.at\/wp-content\/uploads\/2022\/02\/IMG_6673-1536x1152.jpeg 1536w, https:\/\/www.eslebedasauto.at\/wp-content\/uploads\/2022\/02\/IMG_6673-800x600.jpeg 800w, https:\/\/www.eslebedasauto.at\/wp-content\/uploads\/2022\/02\/IMG_6673-1160x870.jpeg 1160w, https:\/\/www.eslebedasauto.at\/wp-content\/uploads\/2022\/02\/IMG_6673.jpeg 2048w\" sizes=\"(max-width: 1024px) 100vw, 1024px\" \/><\/figure>\n\n\n\n<p>Stichwort Reichweite. Im Lithium-Ionen-Akku des Cupra Born Testwagens steckte eine Kapazit\u00e4t von 58 Kilowattstunden, was dem Auto eine WLTP-Fahrstrecke von bis zu 424 Kilometern verleihen soll. In unserem Test bei winterlichen Temperaturen, waren es gute 250 Kilometer, die wir mit einer Akku-F\u00fcllung schafften. Bei gem\u00e4\u00dfigteren Konditionen sollten durchaus 100 Kilometer mehr drinnen sein. Fast noch wichtiger als die Reichweite ist uns allerdings die Ladegeschwindigkeit.<\/p>\n\n\n\n<figure class=\"wp-block-image size-large\"><img loading=\"lazy\" decoding=\"async\" width=\"1024\" height=\"768\" src=\"https:\/\/www.eslebedasauto.at\/wp-content\/uploads\/2022\/02\/IMG_6638-1024x768.jpeg\" alt=\"\" class=\"wp-image-87954\" srcset=\"https:\/\/www.eslebedasauto.at\/wp-content\/uploads\/2022\/02\/IMG_6638-1024x768.jpeg 1024w, https:\/\/www.eslebedasauto.at\/wp-content\/uploads\/2022\/02\/IMG_6638-300x225.jpeg 300w, https:\/\/www.eslebedasauto.at\/wp-content\/uploads\/2022\/02\/IMG_6638-768x576.jpeg 768w, https:\/\/www.eslebedasauto.at\/wp-content\/uploads\/2022\/02\/IMG_6638-1536x1152.jpeg 1536w, https:\/\/www.eslebedasauto.at\/wp-content\/uploads\/2022\/02\/IMG_6638-800x600.jpeg 800w, https:\/\/www.eslebedasauto.at\/wp-content\/uploads\/2022\/02\/IMG_6638-1160x870.jpeg 1160w, https:\/\/www.eslebedasauto.at\/wp-content\/uploads\/2022\/02\/IMG_6638.jpeg 2048w\" sizes=\"(max-width: 1024px) 100vw, 1024px\" \/><\/figure>\n\n\n\n<p>Der getestete Cupra Born Alpha schafft maximal 125 kW am Schnelllader. Von nahezu leer auf 80 Prozent ist die Sache im Idealfall in circa 40 Minuten erledigt. Zuhause an der 11 kWh Wallbox darf man mit sechs bis sieben Stunden rechnen, bis der Akku komplett gef\u00fcllt ist. <\/p>\n\n\n\n<figure class=\"wp-block-image size-large\"><img loading=\"lazy\" decoding=\"async\" width=\"1024\" height=\"768\" src=\"https:\/\/www.eslebedasauto.at\/wp-content\/uploads\/2022\/02\/IMG_6674-1024x768.jpeg\" alt=\"\" class=\"wp-image-87967\" srcset=\"https:\/\/www.eslebedasauto.at\/wp-content\/uploads\/2022\/02\/IMG_6674-1024x768.jpeg 1024w, https:\/\/www.eslebedasauto.at\/wp-content\/uploads\/2022\/02\/IMG_6674-300x225.jpeg 300w, https:\/\/www.eslebedasauto.at\/wp-content\/uploads\/2022\/02\/IMG_6674-768x576.jpeg 768w, https:\/\/www.eslebedasauto.at\/wp-content\/uploads\/2022\/02\/IMG_6674-1536x1152.jpeg 1536w, https:\/\/www.eslebedasauto.at\/wp-content\/uploads\/2022\/02\/IMG_6674-800x600.jpeg 800w, https:\/\/www.eslebedasauto.at\/wp-content\/uploads\/2022\/02\/IMG_6674-1160x870.jpeg 1160w, https:\/\/www.eslebedasauto.at\/wp-content\/uploads\/2022\/02\/IMG_6674.jpeg 2048w\" sizes=\"(max-width: 1024px) 100vw, 1024px\" \/><\/figure>\n\n\n\n<p>Gro\u00dfen Einfluss auf den Stromverbrauch haben naturgem\u00e4\u00df die vier Fahrmodi Range, Comfort, Performance und Individual, unter denen man w\u00e4hlen kann. Wir sind gerne im Comfort-Modus gefahren &#8211; auch da gibt\u00b4s Durchzug satt und keinerlei Entzugserscheinungen, w\u00e4hrend Range den Enthusiasmus des Born z\u00fcgelt und somit auch den Verbrauch senkt. Im Comfort-Modus erreichten wir einen Durchschnittsverbrauch von rund 20 kWh auf hundert Kilometern.<\/p>\n\n\n\n<figure class=\"wp-block-image size-large\"><img loading=\"lazy\" decoding=\"async\" width=\"768\" height=\"1024\" src=\"https:\/\/www.eslebedasauto.at\/wp-content\/uploads\/2022\/02\/IMG_6653-768x1024.jpeg\" alt=\"\" class=\"wp-image-87964\" srcset=\"https:\/\/www.eslebedasauto.at\/wp-content\/uploads\/2022\/02\/IMG_6653-768x1024.jpeg 768w, https:\/\/www.eslebedasauto.at\/wp-content\/uploads\/2022\/02\/IMG_6653-225x300.jpeg 225w, https:\/\/www.eslebedasauto.at\/wp-content\/uploads\/2022\/02\/IMG_6653-1152x1536.jpeg 1152w, https:\/\/www.eslebedasauto.at\/wp-content\/uploads\/2022\/02\/IMG_6653-800x1067.jpeg 800w, https:\/\/www.eslebedasauto.at\/wp-content\/uploads\/2022\/02\/IMG_6653-1160x1547.jpeg 1160w, https:\/\/www.eslebedasauto.at\/wp-content\/uploads\/2022\/02\/IMG_6653.jpeg 1536w\" sizes=\"(max-width: 768px) 100vw, 768px\" \/><\/figure>\n\n\n\n<h4 id=\"fazit\" class=\"wp-block-heading\">Fazit<\/h4>\n\n\n\n<p>Der Cupra Born erweist sich als ideales E-Fahrzeug f\u00fcr junge oder jung gebliebene Autofahrer, denen der VW ID 3 vielleicht einen Tick zu konservativ ausgefallen ist. Neben der sportlichen Statur erh\u00e4lt man auch dynamische Fortbewegung &#8211; zumindest bis 100 km\/h &#8211; aber auch zus\u00e4tzlich die Praktikabilit\u00e4t des VW Genspenders. <\/p>\n\n\n\n<figure class=\"wp-block-image size-large\"><img loading=\"lazy\" decoding=\"async\" width=\"1024\" height=\"768\" src=\"https:\/\/www.eslebedasauto.at\/wp-content\/uploads\/2022\/02\/IMG_6630-1024x768.jpeg\" alt=\"\" class=\"wp-image-87948\" srcset=\"https:\/\/www.eslebedasauto.at\/wp-content\/uploads\/2022\/02\/IMG_6630-1024x768.jpeg 1024w, https:\/\/www.eslebedasauto.at\/wp-content\/uploads\/2022\/02\/IMG_6630-300x225.jpeg 300w, https:\/\/www.eslebedasauto.at\/wp-content\/uploads\/2022\/02\/IMG_6630-768x576.jpeg 768w, https:\/\/www.eslebedasauto.at\/wp-content\/uploads\/2022\/02\/IMG_6630-1536x1152.jpeg 1536w, https:\/\/www.eslebedasauto.at\/wp-content\/uploads\/2022\/02\/IMG_6630-800x600.jpeg 800w, https:\/\/www.eslebedasauto.at\/wp-content\/uploads\/2022\/02\/IMG_6630-1160x870.jpeg 1160w, https:\/\/www.eslebedasauto.at\/wp-content\/uploads\/2022\/02\/IMG_6630.jpeg 2048w\" sizes=\"(max-width: 1024px) 100vw, 1024px\" \/><\/figure>\n\n\n\n<p><strong>Daten Fakten Cupra\u00a0Born Alpha<br><\/strong>Antrieb: Permanentmagneterregte Synchronmaschine ,Heckantrieb, 1-Gang-Automatik<br>Leistung: 204 PS<br>Drehmoment: 310 Nm <br>Vmax: 160 km\/h<br>0 auf 100 km\/h: 7,3 Sek.<br>Reichweite: 424 km (WLTP)<br>WLTP-Durchschnittsverbrauch: 16,8\u201315,5 kW\/h<br>Testverbrauch: 20,2 kWh<br>Preis:\u00a0EUR 35.390<\/p>\n\n\n\n<p> <\/p>","protected":false},"excerpt":{"rendered":"<p>Der Cupra Born erweist sich als ideales Fahrzeug f\u00fcr all jene, denen der VW ID 3 vielleicht einen Tick zu konservativ ausgefallen ist. <\/p>","protected":false},"author":2,"featured_media":87965,"comment_status":"open","ping_status":"open","sticky":false,"template":"","format":"standard","meta":{"neve_meta_sidebar":"","neve_meta_container":"","neve_meta_enable_content_width":"","neve_meta_content_width":0,"neve_meta_title_alignment":"","neve_meta_author_avatar":"","neve_post_elements_order":"","neve_meta_disable_header":"","neve_meta_disable_footer":"","neve_meta_disable_title":"","neve_meta_reading_time":"","footnotes":""},"categories":[555,335],"tags":[],"class_list":["post-87942","post","type-post","status-publish","format-standard","has-post-thumbnail","hentry","category-electrofun","category-fahrberichte"],"yoast_head":"<!-- This site is optimized with the Yoast SEO plugin v26.8 - https:\/\/yoast.com\/product\/yoast-seo-wordpress\/ -->\n<title>Spanischer e-Faustkeil - Es lebe das Auto<\/title>\n<meta name=\"description\" content=\"Der Cupra Born erweist sich als ideales Fahrzeug f\u00fcr jene, denen der VW ID 3 vielleicht einen Tick zu konservativ ausgefallen ist.\" \/>\n<meta name=\"robots\" content=\"index, follow, max-snippet:-1, max-image-preview:large, max-video-preview:-1\" \/>\n<link rel=\"canonical\" href=\"https:\/\/www.eslebedasauto.at\/en\/cupra-born-alpha-test\/\" \/>\n<meta property=\"og:locale\" content=\"en_GB\" \/>\n<meta property=\"og:type\" content=\"article\" \/>\n<meta property=\"og:title\" content=\"Spanischer e-Faustkeil - Es lebe das Auto\" \/>\n<meta property=\"og:description\" content=\"Der Cupra Born erweist sich als ideales Fahrzeug f\u00fcr jene, denen der VW ID 3 vielleicht einen Tick zu konservativ ausgefallen ist.\" \/>\n<meta property=\"og:url\" content=\"https:\/\/www.eslebedasauto.at\/en\/cupra-born-alpha-test\/\" \/>\n<meta property=\"og:site_name\" content=\"Es lebe das Auto\" \/>\n<meta property=\"article:publisher\" content=\"https:\/\/www.facebook.com\/eslebedasauto.at\" \/>\n<meta property=\"article:published_time\" content=\"2024-03-18T08:01:05+00:00\" \/>\n<meta property=\"og:image\" content=\"https:\/\/www.eslebedasauto.at\/wp-content\/uploads\/2022\/02\/IMG_6670.jpeg\" \/>\n\t<meta property=\"og:image:width\" content=\"2048\" \/>\n\t<meta property=\"og:image:height\" content=\"1536\" \/>\n\t<meta property=\"og:image:type\" content=\"image\/jpeg\" \/>\n<meta name=\"author\" content=\"gerhard\" \/>\n<meta name=\"twitter:card\" content=\"summary_large_image\" \/>\n<meta name=\"twitter:label1\" content=\"Written by\" \/>\n\t<meta name=\"twitter:data1\" content=\"gerhard\" \/>\n\t<meta name=\"twitter:label2\" content=\"Estimated reading time\" \/>\n\t<meta name=\"twitter:data2\" content=\"7 minutes\" \/>\n<script type=\"application\/ld+json\" class=\"yoast-schema-graph\">{\"@context\":\"https:\/\/schema.org\",\"@graph\":[{\"@type\":\"Article\",\"@id\":\"https:\/\/www.eslebedasauto.at\/cupra-born-alpha-test\/#article\",\"isPartOf\":{\"@id\":\"https:\/\/www.eslebedasauto.at\/cupra-born-alpha-test\/\"},\"author\":{\"name\":\"gerhard\",\"@id\":\"https:\/\/www.eslebedasauto.at\/#\/schema\/person\/fb81218b0bed500d225ff518f9f17033\"},\"headline\":\"Spanischer e-Faustkeil\",\"datePublished\":\"2024-03-18T08:01:05+00:00\",\"mainEntityOfPage\":{\"@id\":\"https:\/\/www.eslebedasauto.at\/cupra-born-alpha-test\/\"},\"wordCount\":816,\"commentCount\":0,\"publisher\":{\"@id\":\"https:\/\/www.eslebedasauto.at\/#organization\"},\"image\":{\"@id\":\"https:\/\/www.eslebedasauto.at\/cupra-born-alpha-test\/#primaryimage\"},\"thumbnailUrl\":\"https:\/\/www.eslebedasauto.at\/wp-content\/uploads\/2022\/02\/IMG_6670.jpeg\",\"articleSection\":[\"Electrofun\",\"Fahrberichte\"],\"inLanguage\":\"en-GB\",\"potentialAction\":[{\"@type\":\"CommentAction\",\"name\":\"Comment\",\"target\":[\"https:\/\/www.eslebedasauto.at\/cupra-born-alpha-test\/#respond\"]}]},{\"@type\":\"WebPage\",\"@id\":\"https:\/\/www.eslebedasauto.at\/cupra-born-alpha-test\/\",\"url\":\"https:\/\/www.eslebedasauto.at\/cupra-born-alpha-test\/\",\"name\":\"Spanischer e-Faustkeil - Es lebe das Auto\",\"isPartOf\":{\"@id\":\"https:\/\/www.eslebedasauto.at\/#website\"},\"primaryImageOfPage\":{\"@id\":\"https:\/\/www.eslebedasauto.at\/cupra-born-alpha-test\/#primaryimage\"},\"image\":{\"@id\":\"https:\/\/www.eslebedasauto.at\/cupra-born-alpha-test\/#primaryimage\"},\"thumbnailUrl\":\"https:\/\/www.eslebedasauto.at\/wp-content\/uploads\/2022\/02\/IMG_6670.jpeg\",\"datePublished\":\"2024-03-18T08:01:05+00:00\",\"description\":\"Der Cupra Born erweist sich als ideales Fahrzeug f\u00fcr jene, denen der VW ID 3 vielleicht einen Tick zu konservativ ausgefallen ist.\",\"breadcrumb\":{\"@id\":\"https:\/\/www.eslebedasauto.at\/cupra-born-alpha-test\/#breadcrumb\"},\"inLanguage\":\"en-GB\",\"potentialAction\":[{\"@type\":\"ReadAction\",\"target\":[\"https:\/\/www.eslebedasauto.at\/cupra-born-alpha-test\/\"]}]},{\"@type\":\"ImageObject\",\"inLanguage\":\"en-GB\",\"@id\":\"https:\/\/www.eslebedasauto.at\/cupra-born-alpha-test\/#primaryimage\",\"url\":\"https:\/\/www.eslebedasauto.at\/wp-content\/uploads\/2022\/02\/IMG_6670.jpeg\",\"contentUrl\":\"https:\/\/www.eslebedasauto.at\/wp-content\/uploads\/2022\/02\/IMG_6670.jpeg\",\"width\":2048,\"height\":1536},{\"@type\":\"BreadcrumbList\",\"@id\":\"https:\/\/www.eslebedasauto.at\/cupra-born-alpha-test\/#breadcrumb\",\"itemListElement\":[{\"@type\":\"ListItem\",\"position\":1,\"name\":\"Startseite\",\"item\":\"https:\/\/www.eslebedasauto.at\/\"},{\"@type\":\"ListItem\",\"position\":2,\"name\":\"Spanischer e-Faustkeil\"}]},{\"@type\":\"WebSite\",\"@id\":\"https:\/\/www.eslebedasauto.at\/#website\",\"url\":\"https:\/\/www.eslebedasauto.at\/\",\"name\":\"Es lebe das Auto\",\"description\":\"ein Hoch auf den Individualverkehr\",\"publisher\":{\"@id\":\"https:\/\/www.eslebedasauto.at\/#organization\"},\"potentialAction\":[{\"@type\":\"SearchAction\",\"target\":{\"@type\":\"EntryPoint\",\"urlTemplate\":\"https:\/\/www.eslebedasauto.at\/?s={search_term_string}\"},\"query-input\":{\"@type\":\"PropertyValueSpecification\",\"valueRequired\":true,\"valueName\":\"search_term_string\"}}],\"inLanguage\":\"en-GB\"},{\"@type\":\"Organization\",\"@id\":\"https:\/\/www.eslebedasauto.at\/#organization\",\"name\":\"eslebedasauto\",\"url\":\"https:\/\/www.eslebedasauto.at\/\",\"logo\":{\"@type\":\"ImageObject\",\"inLanguage\":\"en-GB\",\"@id\":\"https:\/\/www.eslebedasauto.at\/#\/schema\/logo\/image\/\",\"url\":\"https:\/\/www.eslebedasauto.at\/wp-content\/uploads\/2025\/10\/eldarund.png\",\"contentUrl\":\"https:\/\/www.eslebedasauto.at\/wp-content\/uploads\/2025\/10\/eldarund.png\",\"width\":1024,\"height\":1024,\"caption\":\"eslebedasauto\"},\"image\":{\"@id\":\"https:\/\/www.eslebedasauto.at\/#\/schema\/logo\/image\/\"},\"sameAs\":[\"https:\/\/www.facebook.com\/eslebedasauto.at\",\"https:\/\/www.instagram.com\/es_lebe_das_auto\/\"]},{\"@type\":\"Person\",\"@id\":\"https:\/\/www.eslebedasauto.at\/#\/schema\/person\/fb81218b0bed500d225ff518f9f17033\",\"name\":\"gerhard\",\"url\":\"https:\/\/www.eslebedasauto.at\/en\/author\/gerhard\/\"}]}<\/script>\n<!-- \/ Yoast SEO plugin. -->","yoast_head_json":{"title":"Spanischer e-Faustkeil - Es lebe das Auto","description":"Der Cupra Born erweist sich als ideales Fahrzeug f\u00fcr jene, denen der VW ID 3 vielleicht einen Tick zu konservativ ausgefallen ist.","robots":{"index":"index","follow":"follow","max-snippet":"max-snippet:-1","max-image-preview":"max-image-preview:large","max-video-preview":"max-video-preview:-1"},"canonical":"https:\/\/www.eslebedasauto.at\/en\/cupra-born-alpha-test\/","og_locale":"en_GB","og_type":"article","og_title":"Spanischer e-Faustkeil - Es lebe das Auto","og_description":"Der Cupra Born erweist sich als ideales Fahrzeug f\u00fcr jene, denen der VW ID 3 vielleicht einen Tick zu konservativ ausgefallen ist.","og_url":"https:\/\/www.eslebedasauto.at\/en\/cupra-born-alpha-test\/","og_site_name":"Es lebe das Auto","article_publisher":"https:\/\/www.facebook.com\/eslebedasauto.at","article_published_time":"2024-03-18T08:01:05+00:00","og_image":[{"width":2048,"height":1536,"url":"https:\/\/www.eslebedasauto.at\/wp-content\/uploads\/2022\/02\/IMG_6670.jpeg","type":"image\/jpeg"}],"author":"gerhard","twitter_card":"summary_large_image","twitter_misc":{"Written by":"gerhard","Estimated reading time":"7 minutes"},"schema":{"@context":"https:\/\/schema.org","@graph":[{"@type":"Article","@id":"https:\/\/www.eslebedasauto.at\/cupra-born-alpha-test\/#article","isPartOf":{"@id":"https:\/\/www.eslebedasauto.at\/cupra-born-alpha-test\/"},"author":{"name":"gerhard","@id":"https:\/\/www.eslebedasauto.at\/#\/schema\/person\/fb81218b0bed500d225ff518f9f17033"},"headline":"Spanischer e-Faustkeil","datePublished":"2024-03-18T08:01:05+00:00","mainEntityOfPage":{"@id":"https:\/\/www.eslebedasauto.at\/cupra-born-alpha-test\/"},"wordCount":816,"commentCount":0,"publisher":{"@id":"https:\/\/www.eslebedasauto.at\/#organization"},"image":{"@id":"https:\/\/www.eslebedasauto.at\/cupra-born-alpha-test\/#primaryimage"},"thumbnailUrl":"https:\/\/www.eslebedasauto.at\/wp-content\/uploads\/2022\/02\/IMG_6670.jpeg","articleSection":["Electrofun","Fahrberichte"],"inLanguage":"en-GB","potentialAction":[{"@type":"CommentAction","name":"Comment","target":["https:\/\/www.eslebedasauto.at\/cupra-born-alpha-test\/#respond"]}]},{"@type":"WebPage","@id":"https:\/\/www.eslebedasauto.at\/cupra-born-alpha-test\/","url":"https:\/\/www.eslebedasauto.at\/cupra-born-alpha-test\/","name":"Spanischer e-Faustkeil - Es lebe das Auto","isPartOf":{"@id":"https:\/\/www.eslebedasauto.at\/#website"},"primaryImageOfPage":{"@id":"https:\/\/www.eslebedasauto.at\/cupra-born-alpha-test\/#primaryimage"},"image":{"@id":"https:\/\/www.eslebedasauto.at\/cupra-born-alpha-test\/#primaryimage"},"thumbnailUrl":"https:\/\/www.eslebedasauto.at\/wp-content\/uploads\/2022\/02\/IMG_6670.jpeg","datePublished":"2024-03-18T08:01:05+00:00","description":"Der Cupra Born erweist sich als ideales Fahrzeug f\u00fcr jene, denen der VW ID 3 vielleicht einen Tick zu konservativ ausgefallen ist.","breadcrumb":{"@id":"https:\/\/www.eslebedasauto.at\/cupra-born-alpha-test\/#breadcrumb"},"inLanguage":"en-GB","potentialAction":[{"@type":"ReadAction","target":["https:\/\/www.eslebedasauto.at\/cupra-born-alpha-test\/"]}]},{"@type":"ImageObject","inLanguage":"en-GB","@id":"https:\/\/www.eslebedasauto.at\/cupra-born-alpha-test\/#primaryimage","url":"https:\/\/www.eslebedasauto.at\/wp-content\/uploads\/2022\/02\/IMG_6670.jpeg","contentUrl":"https:\/\/www.eslebedasauto.at\/wp-content\/uploads\/2022\/02\/IMG_6670.jpeg","width":2048,"height":1536},{"@type":"BreadcrumbList","@id":"https:\/\/www.eslebedasauto.at\/cupra-born-alpha-test\/#breadcrumb","itemListElement":[{"@type":"ListItem","position":1,"name":"Startseite","item":"https:\/\/www.eslebedasauto.at\/"},{"@type":"ListItem","position":2,"name":"Spanischer e-Faustkeil"}]},{"@type":"WebSite","@id":"https:\/\/www.eslebedasauto.at\/#website","url":"https:\/\/www.eslebedasauto.at\/","name":"Es lebe das Auto","description":"ein Hoch auf den Individualverkehr","publisher":{"@id":"https:\/\/www.eslebedasauto.at\/#organization"},"potentialAction":[{"@type":"SearchAction","target":{"@type":"EntryPoint","urlTemplate":"https:\/\/www.eslebedasauto.at\/?s={search_term_string}"},"query-input":{"@type":"PropertyValueSpecification","valueRequired":true,"valueName":"search_term_string"}}],"inLanguage":"en-GB"},{"@type":"Organization","@id":"https:\/\/www.eslebedasauto.at\/#organization","name":"eslebedasauto","url":"https:\/\/www.eslebedasauto.at\/","logo":{"@type":"ImageObject","inLanguage":"en-GB","@id":"https:\/\/www.eslebedasauto.at\/#\/schema\/logo\/image\/","url":"https:\/\/www.eslebedasauto.at\/wp-content\/uploads\/2025\/10\/eldarund.png","contentUrl":"https:\/\/www.eslebedasauto.at\/wp-content\/uploads\/2025\/10\/eldarund.png","width":1024,"height":1024,"caption":"eslebedasauto"},"image":{"@id":"https:\/\/www.eslebedasauto.at\/#\/schema\/logo\/image\/"},"sameAs":["https:\/\/www.facebook.com\/eslebedasauto.at","https:\/\/www.instagram.com\/es_lebe_das_auto\/"]},{"@type":"Person","@id":"https:\/\/www.eslebedasauto.at\/#\/schema\/person\/fb81218b0bed500d225ff518f9f17033","name":"gerhard","url":"https:\/\/www.eslebedasauto.at\/en\/author\/gerhard\/"}]}},"_links":{"self":[{"href":"https:\/\/www.eslebedasauto.at\/en\/wp-json\/wp\/v2\/posts\/87942","targetHints":{"allow":["GET"]}}],"collection":[{"href":"https:\/\/www.eslebedasauto.at\/en\/wp-json\/wp\/v2\/posts"}],"about":[{"href":"https:\/\/www.eslebedasauto.at\/en\/wp-json\/wp\/v2\/types\/post"}],"author":[{"embeddable":true,"href":"https:\/\/www.eslebedasauto.at\/en\/wp-json\/wp\/v2\/users\/2"}],"replies":[{"embeddable":true,"href":"https:\/\/www.eslebedasauto.at\/en\/wp-json\/wp\/v2\/comments?post=87942"}],"version-history":[{"count":7,"href":"https:\/\/www.eslebedasauto.at\/en\/wp-json\/wp\/v2\/posts\/87942\/revisions"}],"predecessor-version":[{"id":87988,"href":"https:\/\/www.eslebedasauto.at\/en\/wp-json\/wp\/v2\/posts\/87942\/revisions\/87988"}],"wp:featuredmedia":[{"embeddable":true,"href":"https:\/\/www.eslebedasauto.at\/en\/wp-json\/wp\/v2\/media\/87965"}],"wp:attachment":[{"href":"https:\/\/www.eslebedasauto.at\/en\/wp-json\/wp\/v2\/media?parent=87942"}],"wp:term":[{"taxonomy":"category","embeddable":true,"href":"https:\/\/www.eslebedasauto.at\/en\/wp-json\/wp\/v2\/categories?post=87942"},{"taxonomy":"post_tag","embeddable":true,"href":"https:\/\/www.eslebedasauto.at\/en\/wp-json\/wp\/v2\/tags?post=87942"}],"curies":[{"name":"wp","href":"https:\/\/api.w.org\/{rel}","templated":true}]}}