{"id":87557,"date":"2024-03-18T09:01:06","date_gmt":"2024-03-18T08:01:06","guid":{"rendered":"https:\/\/www.eslebedasauto.at\/?p=87557"},"modified":"2024-03-18T09:01:06","modified_gmt":"2024-03-18T08:01:06","slug":"ds-4-e-tense-test","status":"publish","type":"post","link":"https:\/\/www.eslebedasauto.at\/en\/ds-4-e-tense-test\/","title":{"rendered":"Spieglein, Spieglein an der Wand&#8230;"},"content":{"rendered":"<h4 id=\"wer-ist-der-schonste-im-ganzen-land-wir-tippen-mal-ganz-salopp-auf-den-neuen-ds-4\" class=\"wp-block-heading\">&#8230; wer ist der Sch\u00f6nste im ganzen Land? Wir tippen mal ganz salopp auf den neuen DS 4. <\/h4>\n\n\n\n<p>Sch\u00f6n sein alleine ist nicht alles &#8211; aber es kann nicht schaden. Der neueste Wurf der Stellantis-Tochter DS ist jedenfalls ein au\u00dfergew\u00f6hnlich h\u00fcbsches Auto geworden. <\/p>\n\n\n\n<figure class=\"wp-block-image size-large\"><img fetchpriority=\"high\" decoding=\"async\" width=\"1024\" height=\"768\" src=\"https:\/\/www.eslebedasauto.at\/wp-content\/uploads\/2022\/01\/IMG_6153-1024x768.jpeg\" alt=\"\" class=\"wp-image-87491\" srcset=\"https:\/\/www.eslebedasauto.at\/wp-content\/uploads\/2022\/01\/IMG_6153-1024x768.jpeg 1024w, https:\/\/www.eslebedasauto.at\/wp-content\/uploads\/2022\/01\/IMG_6153-300x225.jpeg 300w, https:\/\/www.eslebedasauto.at\/wp-content\/uploads\/2022\/01\/IMG_6153-768x576.jpeg 768w, https:\/\/www.eslebedasauto.at\/wp-content\/uploads\/2022\/01\/IMG_6153-1536x1152.jpeg 1536w, https:\/\/www.eslebedasauto.at\/wp-content\/uploads\/2022\/01\/IMG_6153-800x600.jpeg 800w, https:\/\/www.eslebedasauto.at\/wp-content\/uploads\/2022\/01\/IMG_6153-1160x870.jpeg 1160w, https:\/\/www.eslebedasauto.at\/wp-content\/uploads\/2022\/01\/IMG_6153.jpeg 2048w\" sizes=\"(max-width: 1024px) 100vw, 1024px\" \/><\/figure>\n\n\n\n<p>Zu aller erst sei gesagt &#8211; der DS 4 ist sofort als Spross der franz\u00f6sischen Premiummarke zu erkennen. Der Crossover tr\u00e4gt vorne stolz den fein ziselierten Markengrill spazieren und blickt streng mit seinen scharf gezeichneten Scheinwerfern in die Welt. <\/p>\n\n\n\n<p>Auch hinten erkennt man die Marke DS auf den ersten Blick &#8211; die R\u00fcckleuchten funkeln wie fein geschliffene Edelsteine &#8211; dieses Design kennen wir schon vom gro\u00dfen <a href=\"https:\/\/www.eslebedasauto.at\/en\/noblesse-oblige\/\">DS 7 Crossback<\/a>. Ebenfalls DS-typisch sind die kantigen Tagfahrlichter, die sich von den Scheinwerfern Richtung Frontspoiler ziehen.<\/p>\n\n\n\n<figure class=\"wp-block-gallery columns-2 is-cropped wp-block-gallery-1 is-layout-flex wp-block-gallery-is-layout-flex\"><ul class=\"blocks-gallery-grid\"><li class=\"blocks-gallery-item\"><figure><img decoding=\"async\" width=\"1024\" height=\"768\" src=\"https:\/\/www.eslebedasauto.at\/wp-content\/uploads\/2022\/01\/IMG_6171-1024x768.jpeg\" alt=\"\" data-id=\"87500\" data-full-url=\"https:\/\/www.eslebedasauto.at\/wp-content\/uploads\/2022\/01\/IMG_6171.jpeg\" data-link=\"https:\/\/www.eslebedasauto.at\/img_6171\/\" class=\"wp-image-87500\" srcset=\"https:\/\/www.eslebedasauto.at\/wp-content\/uploads\/2022\/01\/IMG_6171-1024x768.jpeg 1024w, https:\/\/www.eslebedasauto.at\/wp-content\/uploads\/2022\/01\/IMG_6171-300x225.jpeg 300w, https:\/\/www.eslebedasauto.at\/wp-content\/uploads\/2022\/01\/IMG_6171-768x576.jpeg 768w, https:\/\/www.eslebedasauto.at\/wp-content\/uploads\/2022\/01\/IMG_6171-1536x1152.jpeg 1536w, https:\/\/www.eslebedasauto.at\/wp-content\/uploads\/2022\/01\/IMG_6171-800x600.jpeg 800w, https:\/\/www.eslebedasauto.at\/wp-content\/uploads\/2022\/01\/IMG_6171-1160x870.jpeg 1160w, https:\/\/www.eslebedasauto.at\/wp-content\/uploads\/2022\/01\/IMG_6171.jpeg 2048w\" sizes=\"(max-width: 1024px) 100vw, 1024px\" \/><\/figure><\/li><li class=\"blocks-gallery-item\"><figure><img decoding=\"async\" width=\"1024\" height=\"768\" src=\"https:\/\/www.eslebedasauto.at\/wp-content\/uploads\/2022\/01\/IMG_6172-1024x768.jpeg\" alt=\"\" data-id=\"87501\" data-full-url=\"https:\/\/www.eslebedasauto.at\/wp-content\/uploads\/2022\/01\/IMG_6172.jpeg\" data-link=\"https:\/\/www.eslebedasauto.at\/img_6172\/\" class=\"wp-image-87501\" srcset=\"https:\/\/www.eslebedasauto.at\/wp-content\/uploads\/2022\/01\/IMG_6172-1024x768.jpeg 1024w, https:\/\/www.eslebedasauto.at\/wp-content\/uploads\/2022\/01\/IMG_6172-300x225.jpeg 300w, https:\/\/www.eslebedasauto.at\/wp-content\/uploads\/2022\/01\/IMG_6172-768x576.jpeg 768w, https:\/\/www.eslebedasauto.at\/wp-content\/uploads\/2022\/01\/IMG_6172-1536x1152.jpeg 1536w, https:\/\/www.eslebedasauto.at\/wp-content\/uploads\/2022\/01\/IMG_6172-800x600.jpeg 800w, https:\/\/www.eslebedasauto.at\/wp-content\/uploads\/2022\/01\/IMG_6172-1160x870.jpeg 1160w, https:\/\/www.eslebedasauto.at\/wp-content\/uploads\/2022\/01\/IMG_6172.jpeg 2048w\" sizes=\"(max-width: 1024px) 100vw, 1024px\" \/><\/figure><\/li><\/ul><\/figure>\n\n\n\n<blockquote class=\"wp-block-quote has-text-align-center is-layout-flow wp-block-quote-is-layout-flow\"><p><strong><em>Ein Auto ist dann etwas Besonderes, wenn man die Haust\u00fcre aufmacht und es stehen wildfremde Leute rundherum und machen Fotos davon.<\/em> So geschehen beim DS 4.<\/strong> <\/p><cite>#eslebedasauto<\/cite><\/blockquote>\n\n\n\n<p>Die Dachlinie des 4,4 Meter langen und 1,83 Meter breiten DS 4 ist coup\u00e9haft, wenn man die Seitenansicht betrachtet, findet man gekonnt eingesetzten Kanten und Verschneidungen. Diese bewirken unter anderem, dass das Auto optisch tailliert auf der Stra\u00dfe steht. Zusammen mit den gro\u00dfformatigen R\u00e4dern und den kurzen \u00dcberh\u00e4ngen ergibt sich ein extrem stimmiges, muskul\u00f6ses Gesamtbild.<\/p>\n\n\n\n<figure class=\"wp-block-image size-large\"><img loading=\"lazy\" decoding=\"async\" width=\"1024\" height=\"768\" src=\"https:\/\/www.eslebedasauto.at\/wp-content\/uploads\/2022\/01\/IMG_6162-1024x768.jpeg\" alt=\"\" class=\"wp-image-87493\" srcset=\"https:\/\/www.eslebedasauto.at\/wp-content\/uploads\/2022\/01\/IMG_6162-1024x768.jpeg 1024w, https:\/\/www.eslebedasauto.at\/wp-content\/uploads\/2022\/01\/IMG_6162-300x225.jpeg 300w, https:\/\/www.eslebedasauto.at\/wp-content\/uploads\/2022\/01\/IMG_6162-768x576.jpeg 768w, https:\/\/www.eslebedasauto.at\/wp-content\/uploads\/2022\/01\/IMG_6162-1536x1152.jpeg 1536w, https:\/\/www.eslebedasauto.at\/wp-content\/uploads\/2022\/01\/IMG_6162-800x600.jpeg 800w, https:\/\/www.eslebedasauto.at\/wp-content\/uploads\/2022\/01\/IMG_6162-1160x870.jpeg 1160w, https:\/\/www.eslebedasauto.at\/wp-content\/uploads\/2022\/01\/IMG_6162.jpeg 2048w\" sizes=\"(max-width: 1024px) 100vw, 1024px\" \/><\/figure>\n\n\n\n<p>DS bietet vom Vierer drei unterschiedliche Linien an. Ein Basismodell, ein etwas &#8222;SUVig&#8220; angehauchtes Cross-Modell sowie die sportlich-dynamische Performance Line Version. Die Unterschiede der jeweiligen Varianten sind rein optischer Natur &#8211; technisch sind sie alle gleich. Unser Testwagen war ein extrem gut ausgestattetes Modell aus der Launch-Serie.<\/p>\n\n\n\n<figure class=\"wp-block-image size-large\"><img loading=\"lazy\" decoding=\"async\" width=\"1024\" height=\"768\" src=\"https:\/\/www.eslebedasauto.at\/wp-content\/uploads\/2022\/01\/IMG_6169-1024x768.jpeg\" alt=\"\" class=\"wp-image-87498\" srcset=\"https:\/\/www.eslebedasauto.at\/wp-content\/uploads\/2022\/01\/IMG_6169-1024x768.jpeg 1024w, https:\/\/www.eslebedasauto.at\/wp-content\/uploads\/2022\/01\/IMG_6169-300x225.jpeg 300w, https:\/\/www.eslebedasauto.at\/wp-content\/uploads\/2022\/01\/IMG_6169-768x576.jpeg 768w, https:\/\/www.eslebedasauto.at\/wp-content\/uploads\/2022\/01\/IMG_6169-1536x1152.jpeg 1536w, https:\/\/www.eslebedasauto.at\/wp-content\/uploads\/2022\/01\/IMG_6169-800x600.jpeg 800w, https:\/\/www.eslebedasauto.at\/wp-content\/uploads\/2022\/01\/IMG_6169-1160x870.jpeg 1160w, https:\/\/www.eslebedasauto.at\/wp-content\/uploads\/2022\/01\/IMG_6169.jpeg 2048w\" sizes=\"(max-width: 1024px) 100vw, 1024px\" \/><\/figure>\n\n\n\n<h4 id=\"unser-la-premiere-testwagen-feiert-den-markteintritt-des-neuen-ds-4-mit-super-umfangreicher-ausstattung-und-extra-coolem-look\" class=\"wp-block-heading\">Unser &#8222;La Premiere&#8220;-Testwagen feiert den Markteintritt des neuen DS 4 mit super-umfangreicher Ausstattung und extra coolem Look. <\/h4>\n\n\n\n<p>DS kombiniert sowohl farblich beim Exterieur (cooles Grau-Metallic mit Schwarz und satiniertem Silber), als auch Material-technisch beim Interieur (Kaffee-braunes Nappaleder, schwarzes Holz und matte Aluelemente) stilsicher wie eh und je. Die Franzosen wissen definitiv, wie man ein Auto gekonnt in Szene setzt.<\/p>\n\n\n\n<figure class=\"wp-block-image size-large\"><img loading=\"lazy\" decoding=\"async\" width=\"1024\" height=\"768\" src=\"https:\/\/www.eslebedasauto.at\/wp-content\/uploads\/2022\/01\/IMG_6152-1024x768.jpeg\" alt=\"\" class=\"wp-image-87490\" srcset=\"https:\/\/www.eslebedasauto.at\/wp-content\/uploads\/2022\/01\/IMG_6152-1024x768.jpeg 1024w, https:\/\/www.eslebedasauto.at\/wp-content\/uploads\/2022\/01\/IMG_6152-300x225.jpeg 300w, https:\/\/www.eslebedasauto.at\/wp-content\/uploads\/2022\/01\/IMG_6152-768x576.jpeg 768w, https:\/\/www.eslebedasauto.at\/wp-content\/uploads\/2022\/01\/IMG_6152-1536x1152.jpeg 1536w, https:\/\/www.eslebedasauto.at\/wp-content\/uploads\/2022\/01\/IMG_6152-800x600.jpeg 800w, https:\/\/www.eslebedasauto.at\/wp-content\/uploads\/2022\/01\/IMG_6152-1160x870.jpeg 1160w, https:\/\/www.eslebedasauto.at\/wp-content\/uploads\/2022\/01\/IMG_6152.jpeg 2048w\" sizes=\"(max-width: 1024px) 100vw, 1024px\" \/><\/figure>\n\n\n\n<p>Das Interieur selbst zeichnet sich durch moderne Formen und die bekannte &#8222;DS-Opulenz&#8220; aus, die wir schon von den anderen DS-Modellen kennen. Klare Strukturen,  sowie extrem anspruchsvolle Materialien und deren tadellose Verarbeitung sorgen f\u00fcr einen Auftritt, der in dieser Klasse seinesgleichen sucht. DS legt hier viel Liebe zum Detail hin, alleine das duftende, handschuhweiche Nappaleder auf den Sitzen und am Lenkrad findet man nicht so schnell in einem anderen Auto &#8211; au\u00dfer vielleicht in einem DS7.<\/p>\n\n\n\n<figure class=\"wp-block-image size-large\"><img loading=\"lazy\" decoding=\"async\" width=\"1024\" height=\"768\" src=\"https:\/\/www.eslebedasauto.at\/wp-content\/uploads\/2022\/01\/IMG_6176-1024x768.jpeg\" alt=\"\" class=\"wp-image-87502\" srcset=\"https:\/\/www.eslebedasauto.at\/wp-content\/uploads\/2022\/01\/IMG_6176-1024x768.jpeg 1024w, https:\/\/www.eslebedasauto.at\/wp-content\/uploads\/2022\/01\/IMG_6176-300x225.jpeg 300w, https:\/\/www.eslebedasauto.at\/wp-content\/uploads\/2022\/01\/IMG_6176-768x576.jpeg 768w, https:\/\/www.eslebedasauto.at\/wp-content\/uploads\/2022\/01\/IMG_6176-1536x1152.jpeg 1536w, https:\/\/www.eslebedasauto.at\/wp-content\/uploads\/2022\/01\/IMG_6176-800x600.jpeg 800w, https:\/\/www.eslebedasauto.at\/wp-content\/uploads\/2022\/01\/IMG_6176-1160x870.jpeg 1160w, https:\/\/www.eslebedasauto.at\/wp-content\/uploads\/2022\/01\/IMG_6176.jpeg 2048w\" sizes=\"(max-width: 1024px) 100vw, 1024px\" \/><\/figure>\n\n\n\n<h4 id=\"das-bediensystem-des-ds-4-ist-modern-es-ist-gepragt-von-gleich-drei-bildschirmen-und-einer-reihe-von-haptischen-bedientasten\" class=\"wp-block-heading\">Das Bediensystem des DS 4 ist modern &#8211; es ist gepr\u00e4gt von gleich drei Bildschirmen und einer Reihe von haptischen Bedientasten. <\/h4>\n\n\n\n<p>Wie heutzutage \u00fcblich sollte man sich auch im DS 4 vorweg n\u00e4her besch\u00e4ftigen um nicht w\u00e4hrend der Fahrt abgelenkt zu werden. Empfehlung: Bitte die vorinstallierten Bedienvideos konsumieren &#8211; dann ist schnell alles klar und es sitzt ein jeder Handgriff. Ein Novum ist der kleine Touchscreen zwischen den Sitzen, \u00fcber den man frei konfigurierbare &#8222;Bedien-Favoriten&#8220; ansteuern und bedienen kann. Wenn man sich daran gew\u00f6hnt hat, funktioniert das ganz gut &#8211; vor allem, weil man mit der bedienenden Hand stabilisiert auf einem eigens daf\u00fcr platzierten Lederpolster aufliegt.<\/p>\n\n\n\n<figure class=\"wp-block-image size-large\"><img loading=\"lazy\" decoding=\"async\" width=\"1024\" height=\"768\" src=\"https:\/\/www.eslebedasauto.at\/wp-content\/uploads\/2022\/01\/IMG_6167-1024x768.jpeg\" alt=\"\" class=\"wp-image-87496\" srcset=\"https:\/\/www.eslebedasauto.at\/wp-content\/uploads\/2022\/01\/IMG_6167-1024x768.jpeg 1024w, https:\/\/www.eslebedasauto.at\/wp-content\/uploads\/2022\/01\/IMG_6167-300x225.jpeg 300w, https:\/\/www.eslebedasauto.at\/wp-content\/uploads\/2022\/01\/IMG_6167-768x576.jpeg 768w, https:\/\/www.eslebedasauto.at\/wp-content\/uploads\/2022\/01\/IMG_6167-1536x1152.jpeg 1536w, https:\/\/www.eslebedasauto.at\/wp-content\/uploads\/2022\/01\/IMG_6167-800x600.jpeg 800w, https:\/\/www.eslebedasauto.at\/wp-content\/uploads\/2022\/01\/IMG_6167-1160x870.jpeg 1160w, https:\/\/www.eslebedasauto.at\/wp-content\/uploads\/2022\/01\/IMG_6167.jpeg 2048w\" sizes=\"(max-width: 1024px) 100vw, 1024px\" \/><\/figure>\n\n\n\n<h4 id=\"motorisch-bedient-sich-auch-der-ds-4-aus-dem-stellantis-regal\" class=\"wp-block-heading\">Motorisch bedient sich auch der DS 4 aus dem Stellantis Regal.<\/h4>\n\n\n\n<p>Neben drei Benzinern mit 130 PS, 180 PS und 225 PS gibt es einen 130-PS-Turbodiesel sowie den von uns getesteten Plug-in-Hybrid E-TENSE mit einer Systemleistung von 225 PS. Dieser ist, wie alle anderen Motorisierungen mit der bekannten Acht-Gang-Automatik EAT8 ausger\u00fcstet. <\/p>\n\n\n\n<figure class=\"wp-block-image size-large\"><img loading=\"lazy\" decoding=\"async\" width=\"1024\" height=\"768\" src=\"https:\/\/www.eslebedasauto.at\/wp-content\/uploads\/2022\/01\/IMG_6159-1024x768.jpeg\" alt=\"\" class=\"wp-image-87492\" srcset=\"https:\/\/www.eslebedasauto.at\/wp-content\/uploads\/2022\/01\/IMG_6159-1024x768.jpeg 1024w, https:\/\/www.eslebedasauto.at\/wp-content\/uploads\/2022\/01\/IMG_6159-300x225.jpeg 300w, https:\/\/www.eslebedasauto.at\/wp-content\/uploads\/2022\/01\/IMG_6159-768x576.jpeg 768w, https:\/\/www.eslebedasauto.at\/wp-content\/uploads\/2022\/01\/IMG_6159-1536x1152.jpeg 1536w, https:\/\/www.eslebedasauto.at\/wp-content\/uploads\/2022\/01\/IMG_6159-800x600.jpeg 800w, https:\/\/www.eslebedasauto.at\/wp-content\/uploads\/2022\/01\/IMG_6159-1160x870.jpeg 1160w, https:\/\/www.eslebedasauto.at\/wp-content\/uploads\/2022\/01\/IMG_6159.jpeg 2048w\" sizes=\"(max-width: 1024px) 100vw, 1024px\" \/><\/figure>\n\n\n\n<h4 id=\"die-plug-in-hybrid-variante-gibt-sich-kraftvoll-souveran-und-bei-gut-gefullten-akkus-auch-akustisch-recht-zuruckhaltend\" class=\"wp-block-heading\">Die Plug-in-Hybrid-Variante gibt sich kraftvoll souver\u00e4n und bei gut gef\u00fcllten Akkus auch akustisch recht zur\u00fcckhaltend. <\/h4>\n\n\n\n<p>Dies passt auch hervorragend zur sehr komfortablen Grundauslegung des DS 4. Das Auto ist ein ausgepr\u00e4gter Gleiter, der mit sanfter Hand pr\u00e4zise gesteuert wird. Die formidable Achtgang-Automatik spielt mit fein verschliffenen Ganganschl\u00fcssen und kaum merkbaren Schaltvorg\u00e4ngen voll mit. Grundvoraussetzung f\u00fcr diese feinen Manieren ist wie oben erw\u00e4hnt ein gut gef\u00fcllter Akku, der daf\u00fcr sorgt, dass der Elektromotor den Vierzylinder vorne unter der Haube stets tatkr\u00e4ftig unterst\u00fctzt &#8211; damit sind dann auch sehr gute Verbrauchswerte drinnen, auch rein elektrisches Fahren \u00fcber rund 40 Kilometer ist m\u00f6glich. Unser Testschnitt lag bei tief winterlichen Temperaturen bei 7,9 Liter \/ 100 km. Aber da geht bei moderaterem Wetter sicher deutlich weniger.<\/p>\n\n\n\n<figure class=\"wp-block-image size-large\"><img loading=\"lazy\" decoding=\"async\" width=\"1024\" height=\"768\" src=\"https:\/\/www.eslebedasauto.at\/wp-content\/uploads\/2022\/01\/IMG_6170-1024x768.jpeg\" alt=\"\" class=\"wp-image-87499\" srcset=\"https:\/\/www.eslebedasauto.at\/wp-content\/uploads\/2022\/01\/IMG_6170-1024x768.jpeg 1024w, https:\/\/www.eslebedasauto.at\/wp-content\/uploads\/2022\/01\/IMG_6170-300x225.jpeg 300w, https:\/\/www.eslebedasauto.at\/wp-content\/uploads\/2022\/01\/IMG_6170-768x576.jpeg 768w, https:\/\/www.eslebedasauto.at\/wp-content\/uploads\/2022\/01\/IMG_6170-1536x1152.jpeg 1536w, https:\/\/www.eslebedasauto.at\/wp-content\/uploads\/2022\/01\/IMG_6170-800x600.jpeg 800w, https:\/\/www.eslebedasauto.at\/wp-content\/uploads\/2022\/01\/IMG_6170-1160x870.jpeg 1160w, https:\/\/www.eslebedasauto.at\/wp-content\/uploads\/2022\/01\/IMG_6170.jpeg 2048w\" sizes=\"(max-width: 1024px) 100vw, 1024px\" \/><\/figure>\n\n\n\n<h4 id=\"unser-fazit\" class=\"wp-block-heading\">Unser Fazit<\/h4>\n\n\n\n<p>Es kommt halt schon auch auf das Aussehen an. Vor allem wenn auch unter der feschen H\u00fclle technisch alles passt und so gut funktioniert, wie im DS 4 E-TENSE. Das Auto zielt voll ins kompakte Premiumsegment und spielt im Verein mit Audi A3, BMW Einser und Mercedes-Benz A-Klasse nicht nur mit, es \u00fcberholt seine Mitstreiter in Sachen Noblesse schon sehr deutlich. Was den Wagen aus der edlen Masse heraushebt ist der absolute Wille von DS, wirklich jedes noch so kleine Detail optisch und auch technisch zu optimieren &#8211; das Ergebnis kann sich definitiv sehen und nat\u00fcrlich auch fahren lassen. <\/p>\n\n\n\n<p>Der DS 4 startet preislich ab EUR 31.856,-. Die getestete Motor-Variante E-TENSE Plug in Hybrid 225 EAT8 steht ab EUR 39.220,- in der Preisliste.<br><br><\/p>","protected":false},"excerpt":{"rendered":"<p>Ein Auto ist dann etwas Besonderes, wenn man die Haust\u00fcre aufmacht und es stehen wildfremde Leute rundherum und machen Fotos davon. So geschehen beim DS 4.<\/p>","protected":false},"author":2,"featured_media":87488,"comment_status":"open","ping_status":"open","sticky":false,"template":"","format":"standard","meta":{"neve_meta_sidebar":"","neve_meta_container":"","neve_meta_enable_content_width":"","neve_meta_content_width":0,"neve_meta_title_alignment":"","neve_meta_author_avatar":"","neve_post_elements_order":"","neve_meta_disable_header":"","neve_meta_disable_footer":"","neve_meta_disable_title":"","neve_meta_reading_time":"","footnotes":""},"categories":[335,12],"tags":[],"class_list":["post-87557","post","type-post","status-publish","format-standard","has-post-thumbnail","hentry","category-fahrberichte","category-hybrid"],"yoast_head":"<!-- This site is optimized with the Yoast SEO plugin v26.8 - https:\/\/yoast.com\/product\/yoast-seo-wordpress\/ -->\n<title>Spieglein, Spieglein an der Wand... - Es lebe das Auto<\/title>\n<meta name=\"description\" content=\"Ein Auto ist dann etwas Besonderes, wenn man die Haust\u00fcre aufmacht und es stehen wildfremde Leute fotografierend rundherum. So geschehen beim DS 4.\" \/>\n<meta name=\"robots\" content=\"index, follow, max-snippet:-1, max-image-preview:large, max-video-preview:-1\" \/>\n<link rel=\"canonical\" href=\"https:\/\/www.eslebedasauto.at\/en\/ds-4-e-tense-test\/\" \/>\n<meta property=\"og:locale\" content=\"en_GB\" \/>\n<meta property=\"og:type\" content=\"article\" \/>\n<meta property=\"og:title\" content=\"Spieglein, Spieglein an der Wand... - Es lebe das Auto\" \/>\n<meta property=\"og:description\" content=\"Ein Auto ist dann etwas Besonderes, wenn man die Haust\u00fcre aufmacht und es stehen wildfremde Leute fotografierend rundherum. So geschehen beim DS 4.\" \/>\n<meta property=\"og:url\" content=\"https:\/\/www.eslebedasauto.at\/en\/ds-4-e-tense-test\/\" \/>\n<meta property=\"og:site_name\" content=\"Es lebe das Auto\" \/>\n<meta property=\"article:publisher\" content=\"https:\/\/www.facebook.com\/eslebedasauto.at\" \/>\n<meta property=\"article:published_time\" content=\"2024-03-18T08:01:06+00:00\" \/>\n<meta property=\"og:image\" content=\"https:\/\/www.eslebedasauto.at\/wp-content\/uploads\/2022\/01\/IMG_6149.jpeg\" \/>\n\t<meta property=\"og:image:width\" content=\"2086\" \/>\n\t<meta property=\"og:image:height\" content=\"1508\" \/>\n\t<meta property=\"og:image:type\" content=\"image\/jpeg\" \/>\n<meta name=\"author\" content=\"gerhard\" \/>\n<meta name=\"twitter:card\" content=\"summary_large_image\" \/>\n<meta name=\"twitter:label1\" content=\"Written by\" \/>\n\t<meta name=\"twitter:data1\" content=\"gerhard\" \/>\n\t<meta name=\"twitter:label2\" content=\"Estimated reading time\" \/>\n\t<meta name=\"twitter:data2\" content=\"7 minutes\" \/>\n<script type=\"application\/ld+json\" class=\"yoast-schema-graph\">{\"@context\":\"https:\/\/schema.org\",\"@graph\":[{\"@type\":\"Article\",\"@id\":\"https:\/\/www.eslebedasauto.at\/ds-4-e-tense-test\/#article\",\"isPartOf\":{\"@id\":\"https:\/\/www.eslebedasauto.at\/ds-4-e-tense-test\/\"},\"author\":{\"name\":\"gerhard\",\"@id\":\"https:\/\/www.eslebedasauto.at\/#\/schema\/person\/fb81218b0bed500d225ff518f9f17033\"},\"headline\":\"Spieglein, Spieglein an der Wand&#8230;\",\"datePublished\":\"2024-03-18T08:01:06+00:00\",\"mainEntityOfPage\":{\"@id\":\"https:\/\/www.eslebedasauto.at\/ds-4-e-tense-test\/\"},\"wordCount\":816,\"commentCount\":0,\"publisher\":{\"@id\":\"https:\/\/www.eslebedasauto.at\/#organization\"},\"image\":{\"@id\":\"https:\/\/www.eslebedasauto.at\/ds-4-e-tense-test\/#primaryimage\"},\"thumbnailUrl\":\"https:\/\/www.eslebedasauto.at\/wp-content\/uploads\/2022\/01\/IMG_6149.jpeg\",\"articleSection\":[\"Fahrberichte\",\"Hybrid\"],\"inLanguage\":\"en-GB\",\"potentialAction\":[{\"@type\":\"CommentAction\",\"name\":\"Comment\",\"target\":[\"https:\/\/www.eslebedasauto.at\/ds-4-e-tense-test\/#respond\"]}]},{\"@type\":\"WebPage\",\"@id\":\"https:\/\/www.eslebedasauto.at\/ds-4-e-tense-test\/\",\"url\":\"https:\/\/www.eslebedasauto.at\/ds-4-e-tense-test\/\",\"name\":\"Spieglein, Spieglein an der Wand... - Es lebe das Auto\",\"isPartOf\":{\"@id\":\"https:\/\/www.eslebedasauto.at\/#website\"},\"primaryImageOfPage\":{\"@id\":\"https:\/\/www.eslebedasauto.at\/ds-4-e-tense-test\/#primaryimage\"},\"image\":{\"@id\":\"https:\/\/www.eslebedasauto.at\/ds-4-e-tense-test\/#primaryimage\"},\"thumbnailUrl\":\"https:\/\/www.eslebedasauto.at\/wp-content\/uploads\/2022\/01\/IMG_6149.jpeg\",\"datePublished\":\"2024-03-18T08:01:06+00:00\",\"description\":\"Ein Auto ist dann etwas Besonderes, wenn man die Haust\u00fcre aufmacht und es stehen wildfremde Leute fotografierend rundherum. So geschehen beim DS 4.\",\"breadcrumb\":{\"@id\":\"https:\/\/www.eslebedasauto.at\/ds-4-e-tense-test\/#breadcrumb\"},\"inLanguage\":\"en-GB\",\"potentialAction\":[{\"@type\":\"ReadAction\",\"target\":[\"https:\/\/www.eslebedasauto.at\/ds-4-e-tense-test\/\"]}]},{\"@type\":\"ImageObject\",\"inLanguage\":\"en-GB\",\"@id\":\"https:\/\/www.eslebedasauto.at\/ds-4-e-tense-test\/#primaryimage\",\"url\":\"https:\/\/www.eslebedasauto.at\/wp-content\/uploads\/2022\/01\/IMG_6149.jpeg\",\"contentUrl\":\"https:\/\/www.eslebedasauto.at\/wp-content\/uploads\/2022\/01\/IMG_6149.jpeg\",\"width\":2086,\"height\":1508},{\"@type\":\"BreadcrumbList\",\"@id\":\"https:\/\/www.eslebedasauto.at\/ds-4-e-tense-test\/#breadcrumb\",\"itemListElement\":[{\"@type\":\"ListItem\",\"position\":1,\"name\":\"Startseite\",\"item\":\"https:\/\/www.eslebedasauto.at\/\"},{\"@type\":\"ListItem\",\"position\":2,\"name\":\"Spieglein, Spieglein an der Wand&#8230;\"}]},{\"@type\":\"WebSite\",\"@id\":\"https:\/\/www.eslebedasauto.at\/#website\",\"url\":\"https:\/\/www.eslebedasauto.at\/\",\"name\":\"Es lebe das Auto\",\"description\":\"ein Hoch auf den Individualverkehr\",\"publisher\":{\"@id\":\"https:\/\/www.eslebedasauto.at\/#organization\"},\"potentialAction\":[{\"@type\":\"SearchAction\",\"target\":{\"@type\":\"EntryPoint\",\"urlTemplate\":\"https:\/\/www.eslebedasauto.at\/?s={search_term_string}\"},\"query-input\":{\"@type\":\"PropertyValueSpecification\",\"valueRequired\":true,\"valueName\":\"search_term_string\"}}],\"inLanguage\":\"en-GB\"},{\"@type\":\"Organization\",\"@id\":\"https:\/\/www.eslebedasauto.at\/#organization\",\"name\":\"eslebedasauto\",\"url\":\"https:\/\/www.eslebedasauto.at\/\",\"logo\":{\"@type\":\"ImageObject\",\"inLanguage\":\"en-GB\",\"@id\":\"https:\/\/www.eslebedasauto.at\/#\/schema\/logo\/image\/\",\"url\":\"https:\/\/www.eslebedasauto.at\/wp-content\/uploads\/2025\/10\/eldarund.png\",\"contentUrl\":\"https:\/\/www.eslebedasauto.at\/wp-content\/uploads\/2025\/10\/eldarund.png\",\"width\":1024,\"height\":1024,\"caption\":\"eslebedasauto\"},\"image\":{\"@id\":\"https:\/\/www.eslebedasauto.at\/#\/schema\/logo\/image\/\"},\"sameAs\":[\"https:\/\/www.facebook.com\/eslebedasauto.at\",\"https:\/\/www.instagram.com\/es_lebe_das_auto\/\"]},{\"@type\":\"Person\",\"@id\":\"https:\/\/www.eslebedasauto.at\/#\/schema\/person\/fb81218b0bed500d225ff518f9f17033\",\"name\":\"gerhard\",\"url\":\"https:\/\/www.eslebedasauto.at\/en\/author\/gerhard\/\"}]}<\/script>\n<!-- \/ Yoast SEO plugin. -->","yoast_head_json":{"title":"Spieglein, Spieglein an der Wand... - Es lebe das Auto","description":"Ein Auto ist dann etwas Besonderes, wenn man die Haust\u00fcre aufmacht und es stehen wildfremde Leute fotografierend rundherum. So geschehen beim DS 4.","robots":{"index":"index","follow":"follow","max-snippet":"max-snippet:-1","max-image-preview":"max-image-preview:large","max-video-preview":"max-video-preview:-1"},"canonical":"https:\/\/www.eslebedasauto.at\/en\/ds-4-e-tense-test\/","og_locale":"en_GB","og_type":"article","og_title":"Spieglein, Spieglein an der Wand... - Es lebe das Auto","og_description":"Ein Auto ist dann etwas Besonderes, wenn man die Haust\u00fcre aufmacht und es stehen wildfremde Leute fotografierend rundherum. So geschehen beim DS 4.","og_url":"https:\/\/www.eslebedasauto.at\/en\/ds-4-e-tense-test\/","og_site_name":"Es lebe das Auto","article_publisher":"https:\/\/www.facebook.com\/eslebedasauto.at","article_published_time":"2024-03-18T08:01:06+00:00","og_image":[{"width":2086,"height":1508,"url":"https:\/\/www.eslebedasauto.at\/wp-content\/uploads\/2022\/01\/IMG_6149.jpeg","type":"image\/jpeg"}],"author":"gerhard","twitter_card":"summary_large_image","twitter_misc":{"Written by":"gerhard","Estimated reading time":"7 minutes"},"schema":{"@context":"https:\/\/schema.org","@graph":[{"@type":"Article","@id":"https:\/\/www.eslebedasauto.at\/ds-4-e-tense-test\/#article","isPartOf":{"@id":"https:\/\/www.eslebedasauto.at\/ds-4-e-tense-test\/"},"author":{"name":"gerhard","@id":"https:\/\/www.eslebedasauto.at\/#\/schema\/person\/fb81218b0bed500d225ff518f9f17033"},"headline":"Spieglein, Spieglein an der Wand&#8230;","datePublished":"2024-03-18T08:01:06+00:00","mainEntityOfPage":{"@id":"https:\/\/www.eslebedasauto.at\/ds-4-e-tense-test\/"},"wordCount":816,"commentCount":0,"publisher":{"@id":"https:\/\/www.eslebedasauto.at\/#organization"},"image":{"@id":"https:\/\/www.eslebedasauto.at\/ds-4-e-tense-test\/#primaryimage"},"thumbnailUrl":"https:\/\/www.eslebedasauto.at\/wp-content\/uploads\/2022\/01\/IMG_6149.jpeg","articleSection":["Fahrberichte","Hybrid"],"inLanguage":"en-GB","potentialAction":[{"@type":"CommentAction","name":"Comment","target":["https:\/\/www.eslebedasauto.at\/ds-4-e-tense-test\/#respond"]}]},{"@type":"WebPage","@id":"https:\/\/www.eslebedasauto.at\/ds-4-e-tense-test\/","url":"https:\/\/www.eslebedasauto.at\/ds-4-e-tense-test\/","name":"Spieglein, Spieglein an der Wand... - Es lebe das Auto","isPartOf":{"@id":"https:\/\/www.eslebedasauto.at\/#website"},"primaryImageOfPage":{"@id":"https:\/\/www.eslebedasauto.at\/ds-4-e-tense-test\/#primaryimage"},"image":{"@id":"https:\/\/www.eslebedasauto.at\/ds-4-e-tense-test\/#primaryimage"},"thumbnailUrl":"https:\/\/www.eslebedasauto.at\/wp-content\/uploads\/2022\/01\/IMG_6149.jpeg","datePublished":"2024-03-18T08:01:06+00:00","description":"Ein Auto ist dann etwas Besonderes, wenn man die Haust\u00fcre aufmacht und es stehen wildfremde Leute fotografierend rundherum. So geschehen beim DS 4.","breadcrumb":{"@id":"https:\/\/www.eslebedasauto.at\/ds-4-e-tense-test\/#breadcrumb"},"inLanguage":"en-GB","potentialAction":[{"@type":"ReadAction","target":["https:\/\/www.eslebedasauto.at\/ds-4-e-tense-test\/"]}]},{"@type":"ImageObject","inLanguage":"en-GB","@id":"https:\/\/www.eslebedasauto.at\/ds-4-e-tense-test\/#primaryimage","url":"https:\/\/www.eslebedasauto.at\/wp-content\/uploads\/2022\/01\/IMG_6149.jpeg","contentUrl":"https:\/\/www.eslebedasauto.at\/wp-content\/uploads\/2022\/01\/IMG_6149.jpeg","width":2086,"height":1508},{"@type":"BreadcrumbList","@id":"https:\/\/www.eslebedasauto.at\/ds-4-e-tense-test\/#breadcrumb","itemListElement":[{"@type":"ListItem","position":1,"name":"Startseite","item":"https:\/\/www.eslebedasauto.at\/"},{"@type":"ListItem","position":2,"name":"Spieglein, Spieglein an der Wand&#8230;"}]},{"@type":"WebSite","@id":"https:\/\/www.eslebedasauto.at\/#website","url":"https:\/\/www.eslebedasauto.at\/","name":"Es lebe das Auto","description":"ein Hoch auf den Individualverkehr","publisher":{"@id":"https:\/\/www.eslebedasauto.at\/#organization"},"potentialAction":[{"@type":"SearchAction","target":{"@type":"EntryPoint","urlTemplate":"https:\/\/www.eslebedasauto.at\/?s={search_term_string}"},"query-input":{"@type":"PropertyValueSpecification","valueRequired":true,"valueName":"search_term_string"}}],"inLanguage":"en-GB"},{"@type":"Organization","@id":"https:\/\/www.eslebedasauto.at\/#organization","name":"eslebedasauto","url":"https:\/\/www.eslebedasauto.at\/","logo":{"@type":"ImageObject","inLanguage":"en-GB","@id":"https:\/\/www.eslebedasauto.at\/#\/schema\/logo\/image\/","url":"https:\/\/www.eslebedasauto.at\/wp-content\/uploads\/2025\/10\/eldarund.png","contentUrl":"https:\/\/www.eslebedasauto.at\/wp-content\/uploads\/2025\/10\/eldarund.png","width":1024,"height":1024,"caption":"eslebedasauto"},"image":{"@id":"https:\/\/www.eslebedasauto.at\/#\/schema\/logo\/image\/"},"sameAs":["https:\/\/www.facebook.com\/eslebedasauto.at","https:\/\/www.instagram.com\/es_lebe_das_auto\/"]},{"@type":"Person","@id":"https:\/\/www.eslebedasauto.at\/#\/schema\/person\/fb81218b0bed500d225ff518f9f17033","name":"gerhard","url":"https:\/\/www.eslebedasauto.at\/en\/author\/gerhard\/"}]}},"_links":{"self":[{"href":"https:\/\/www.eslebedasauto.at\/en\/wp-json\/wp\/v2\/posts\/87557","targetHints":{"allow":["GET"]}}],"collection":[{"href":"https:\/\/www.eslebedasauto.at\/en\/wp-json\/wp\/v2\/posts"}],"about":[{"href":"https:\/\/www.eslebedasauto.at\/en\/wp-json\/wp\/v2\/types\/post"}],"author":[{"embeddable":true,"href":"https:\/\/www.eslebedasauto.at\/en\/wp-json\/wp\/v2\/users\/2"}],"replies":[{"embeddable":true,"href":"https:\/\/www.eslebedasauto.at\/en\/wp-json\/wp\/v2\/comments?post=87557"}],"version-history":[{"count":6,"href":"https:\/\/www.eslebedasauto.at\/en\/wp-json\/wp\/v2\/posts\/87557\/revisions"}],"predecessor-version":[{"id":87567,"href":"https:\/\/www.eslebedasauto.at\/en\/wp-json\/wp\/v2\/posts\/87557\/revisions\/87567"}],"wp:featuredmedia":[{"embeddable":true,"href":"https:\/\/www.eslebedasauto.at\/en\/wp-json\/wp\/v2\/media\/87488"}],"wp:attachment":[{"href":"https:\/\/www.eslebedasauto.at\/en\/wp-json\/wp\/v2\/media?parent=87557"}],"wp:term":[{"taxonomy":"category","embeddable":true,"href":"https:\/\/www.eslebedasauto.at\/en\/wp-json\/wp\/v2\/categories?post=87557"},{"taxonomy":"post_tag","embeddable":true,"href":"https:\/\/www.eslebedasauto.at\/en\/wp-json\/wp\/v2\/tags?post=87557"}],"curies":[{"name":"wp","href":"https:\/\/api.w.org\/{rel}","templated":true}]}}