{"id":102620,"date":"2026-04-27T11:19:17","date_gmt":"2026-04-27T09:19:17","guid":{"rendered":"https:\/\/www.eslebedasauto.at\/?p=102620"},"modified":"2026-04-27T11:22:06","modified_gmt":"2026-04-27T09:22:06","slug":"nissan-micra-das-stadtauto-oder-doch-mehr","status":"publish","type":"post","link":"https:\/\/www.eslebedasauto.at\/en\/nissan-micra-das-stadtauto-oder-doch-mehr\/","title":{"rendered":"Nissan Micra &#8211; Das Stadtauto oder doch mehr?"},"content":{"rendered":"<h2 id=\"vom-braven-cityflitzer-zum-elektro-zwilling-des-renault-5\" class=\"wp-block-heading\">Vom braven Cityflitzer zum Elektro-Zwilling des Renault 5<\/h2>\n\n\n\n<p>Der Nissan Micra war lange Zeit der Inbegriff des unkomplizierten Kleinwagens. G\u00fcnstig, zuverl\u00e4ssig, unspektakul\u00e4r. Ein Auto, das einfach funktioniert hat, aber ohne gro\u00dfe Emotionen. Doch genau das \u00e4ndert sich jetzt grundlegend. Denn die n\u00e4chste Generation hat mit dem alten Micra nur noch den Namen gemeinsam. Technisch basiert er k\u00fcnftig auf der gleichen Plattform wie der neue <strong>Renault 5 Electric<\/strong> und der l\u00e4uft ja gerade runter wie geschmolzene Butter auf Baguette. Und damit wird aus dem braven Japaner pl\u00f6tzlich ein ziemlich moderner Stromer mit franz\u00f6sischem Flair, quasi ein Sushi ala Francaise.<\/p>\n\n\n\n<figure class=\"wp-block-gallery has-nested-images columns-4 is-cropped wp-block-gallery-1 is-layout-flex wp-block-gallery-is-layout-flex\">\n<figure class=\"wp-block-image size-large\"><a href=\"https:\/\/www.eslebedasauto.at\/wp-content\/uploads\/2026\/04\/IMG_5597-scaled.jpg\"><img fetchpriority=\"high\" decoding=\"async\" width=\"1024\" height=\"576\" data-id=\"102589\" src=\"https:\/\/www.eslebedasauto.at\/wp-content\/uploads\/2026\/04\/IMG_5597-1024x576.jpg\" alt=\"\" class=\"wp-image-102589\" srcset=\"https:\/\/www.eslebedasauto.at\/wp-content\/uploads\/2026\/04\/IMG_5597-1024x576.jpg 1024w, https:\/\/www.eslebedasauto.at\/wp-content\/uploads\/2026\/04\/IMG_5597-300x169.jpg 300w, https:\/\/www.eslebedasauto.at\/wp-content\/uploads\/2026\/04\/IMG_5597-768x432.jpg 768w, https:\/\/www.eslebedasauto.at\/wp-content\/uploads\/2026\/04\/IMG_5597-1536x864.jpg 1536w, https:\/\/www.eslebedasauto.at\/wp-content\/uploads\/2026\/04\/IMG_5597-2048x1152.jpg 2048w, https:\/\/www.eslebedasauto.at\/wp-content\/uploads\/2026\/04\/IMG_5597-18x10.jpg 18w\" sizes=\"(max-width: 1024px) 100vw, 1024px\" \/><\/a><\/figure>\n\n\n\n<figure class=\"wp-block-image size-large\"><a href=\"https:\/\/www.eslebedasauto.at\/wp-content\/uploads\/2026\/04\/IMG_5598-scaled.jpg\"><img decoding=\"async\" width=\"576\" height=\"1024\" data-id=\"102590\" src=\"https:\/\/www.eslebedasauto.at\/wp-content\/uploads\/2026\/04\/IMG_5598-576x1024.jpg\" alt=\"\" class=\"wp-image-102590\" srcset=\"https:\/\/www.eslebedasauto.at\/wp-content\/uploads\/2026\/04\/IMG_5598-576x1024.jpg 576w, https:\/\/www.eslebedasauto.at\/wp-content\/uploads\/2026\/04\/IMG_5598-169x300.jpg 169w, https:\/\/www.eslebedasauto.at\/wp-content\/uploads\/2026\/04\/IMG_5598-768x1365.jpg 768w, https:\/\/www.eslebedasauto.at\/wp-content\/uploads\/2026\/04\/IMG_5598-864x1536.jpg 864w, https:\/\/www.eslebedasauto.at\/wp-content\/uploads\/2026\/04\/IMG_5598-1152x2048.jpg 1152w, https:\/\/www.eslebedasauto.at\/wp-content\/uploads\/2026\/04\/IMG_5598-7x12.jpg 7w, https:\/\/www.eslebedasauto.at\/wp-content\/uploads\/2026\/04\/IMG_5598-scaled.jpg 1440w\" sizes=\"(max-width: 576px) 100vw, 576px\" \/><\/a><\/figure>\n\n\n\n<figure class=\"wp-block-image size-large\"><a href=\"https:\/\/www.eslebedasauto.at\/wp-content\/uploads\/2026\/04\/IMG_5599-scaled.jpg\"><img decoding=\"async\" width=\"1024\" height=\"576\" data-id=\"102591\" src=\"https:\/\/www.eslebedasauto.at\/wp-content\/uploads\/2026\/04\/IMG_5599-1024x576.jpg\" alt=\"\" class=\"wp-image-102591\" srcset=\"https:\/\/www.eslebedasauto.at\/wp-content\/uploads\/2026\/04\/IMG_5599-1024x576.jpg 1024w, https:\/\/www.eslebedasauto.at\/wp-content\/uploads\/2026\/04\/IMG_5599-300x169.jpg 300w, https:\/\/www.eslebedasauto.at\/wp-content\/uploads\/2026\/04\/IMG_5599-768x432.jpg 768w, https:\/\/www.eslebedasauto.at\/wp-content\/uploads\/2026\/04\/IMG_5599-1536x864.jpg 1536w, https:\/\/www.eslebedasauto.at\/wp-content\/uploads\/2026\/04\/IMG_5599-2048x1152.jpg 2048w, https:\/\/www.eslebedasauto.at\/wp-content\/uploads\/2026\/04\/IMG_5599-18x10.jpg 18w\" sizes=\"(max-width: 1024px) 100vw, 1024px\" \/><\/a><\/figure>\n\n\n\n<figure class=\"wp-block-image size-large\"><a href=\"https:\/\/www.eslebedasauto.at\/wp-content\/uploads\/2026\/04\/IMG_5606-scaled.jpg\"><img loading=\"lazy\" decoding=\"async\" width=\"1024\" height=\"576\" data-id=\"102598\" src=\"https:\/\/www.eslebedasauto.at\/wp-content\/uploads\/2026\/04\/IMG_5606-1024x576.jpg\" alt=\"\" class=\"wp-image-102598\" srcset=\"https:\/\/www.eslebedasauto.at\/wp-content\/uploads\/2026\/04\/IMG_5606-1024x576.jpg 1024w, https:\/\/www.eslebedasauto.at\/wp-content\/uploads\/2026\/04\/IMG_5606-300x169.jpg 300w, https:\/\/www.eslebedasauto.at\/wp-content\/uploads\/2026\/04\/IMG_5606-768x432.jpg 768w, https:\/\/www.eslebedasauto.at\/wp-content\/uploads\/2026\/04\/IMG_5606-1536x864.jpg 1536w, https:\/\/www.eslebedasauto.at\/wp-content\/uploads\/2026\/04\/IMG_5606-2048x1152.jpg 2048w, https:\/\/www.eslebedasauto.at\/wp-content\/uploads\/2026\/04\/IMG_5606-18x10.jpg 18w\" sizes=\"(max-width: 1024px) 100vw, 1024px\" \/><\/a><\/figure>\n\n\n\n<figure class=\"wp-block-image size-large\"><a href=\"https:\/\/www.eslebedasauto.at\/wp-content\/uploads\/2026\/04\/IMG_5604-scaled.jpg\"><img loading=\"lazy\" decoding=\"async\" width=\"576\" height=\"1024\" data-id=\"102596\" src=\"https:\/\/www.eslebedasauto.at\/wp-content\/uploads\/2026\/04\/IMG_5604-576x1024.jpg\" alt=\"\" class=\"wp-image-102596\" srcset=\"https:\/\/www.eslebedasauto.at\/wp-content\/uploads\/2026\/04\/IMG_5604-576x1024.jpg 576w, https:\/\/www.eslebedasauto.at\/wp-content\/uploads\/2026\/04\/IMG_5604-169x300.jpg 169w, https:\/\/www.eslebedasauto.at\/wp-content\/uploads\/2026\/04\/IMG_5604-768x1365.jpg 768w, https:\/\/www.eslebedasauto.at\/wp-content\/uploads\/2026\/04\/IMG_5604-864x1536.jpg 864w, https:\/\/www.eslebedasauto.at\/wp-content\/uploads\/2026\/04\/IMG_5604-1152x2048.jpg 1152w, https:\/\/www.eslebedasauto.at\/wp-content\/uploads\/2026\/04\/IMG_5604-7x12.jpg 7w, https:\/\/www.eslebedasauto.at\/wp-content\/uploads\/2026\/04\/IMG_5604-scaled.jpg 1440w\" sizes=\"(max-width: 576px) 100vw, 576px\" \/><\/a><\/figure>\n\n\n\n<figure class=\"wp-block-image size-large\"><a href=\"https:\/\/www.eslebedasauto.at\/wp-content\/uploads\/2026\/04\/IMG_5603-scaled.jpg\"><img loading=\"lazy\" decoding=\"async\" width=\"1024\" height=\"576\" data-id=\"102595\" src=\"https:\/\/www.eslebedasauto.at\/wp-content\/uploads\/2026\/04\/IMG_5603-1024x576.jpg\" alt=\"\" class=\"wp-image-102595\" srcset=\"https:\/\/www.eslebedasauto.at\/wp-content\/uploads\/2026\/04\/IMG_5603-1024x576.jpg 1024w, https:\/\/www.eslebedasauto.at\/wp-content\/uploads\/2026\/04\/IMG_5603-300x169.jpg 300w, https:\/\/www.eslebedasauto.at\/wp-content\/uploads\/2026\/04\/IMG_5603-768x432.jpg 768w, https:\/\/www.eslebedasauto.at\/wp-content\/uploads\/2026\/04\/IMG_5603-1536x864.jpg 1536w, https:\/\/www.eslebedasauto.at\/wp-content\/uploads\/2026\/04\/IMG_5603-2048x1152.jpg 2048w, https:\/\/www.eslebedasauto.at\/wp-content\/uploads\/2026\/04\/IMG_5603-18x10.jpg 18w\" sizes=\"(max-width: 1024px) 100vw, 1024px\" \/><\/a><\/figure>\n\n\n\n<figure class=\"wp-block-image size-large\"><a href=\"https:\/\/www.eslebedasauto.at\/wp-content\/uploads\/2026\/04\/IMG_5602-scaled.jpg\"><img loading=\"lazy\" decoding=\"async\" width=\"576\" height=\"1024\" data-id=\"102594\" src=\"https:\/\/www.eslebedasauto.at\/wp-content\/uploads\/2026\/04\/IMG_5602-576x1024.jpg\" alt=\"\" class=\"wp-image-102594\" srcset=\"https:\/\/www.eslebedasauto.at\/wp-content\/uploads\/2026\/04\/IMG_5602-576x1024.jpg 576w, https:\/\/www.eslebedasauto.at\/wp-content\/uploads\/2026\/04\/IMG_5602-169x300.jpg 169w, https:\/\/www.eslebedasauto.at\/wp-content\/uploads\/2026\/04\/IMG_5602-768x1365.jpg 768w, https:\/\/www.eslebedasauto.at\/wp-content\/uploads\/2026\/04\/IMG_5602-864x1536.jpg 864w, https:\/\/www.eslebedasauto.at\/wp-content\/uploads\/2026\/04\/IMG_5602-1152x2048.jpg 1152w, https:\/\/www.eslebedasauto.at\/wp-content\/uploads\/2026\/04\/IMG_5602-7x12.jpg 7w, https:\/\/www.eslebedasauto.at\/wp-content\/uploads\/2026\/04\/IMG_5602-scaled.jpg 1440w\" sizes=\"(max-width: 576px) 100vw, 576px\" \/><\/a><\/figure>\n\n\n\n<figure class=\"wp-block-image size-large\"><a href=\"https:\/\/www.eslebedasauto.at\/wp-content\/uploads\/2026\/04\/IMG_5601-scaled.jpg\"><img loading=\"lazy\" decoding=\"async\" width=\"576\" height=\"1024\" data-id=\"102593\" src=\"https:\/\/www.eslebedasauto.at\/wp-content\/uploads\/2026\/04\/IMG_5601-576x1024.jpg\" alt=\"\" class=\"wp-image-102593\" srcset=\"https:\/\/www.eslebedasauto.at\/wp-content\/uploads\/2026\/04\/IMG_5601-576x1024.jpg 576w, https:\/\/www.eslebedasauto.at\/wp-content\/uploads\/2026\/04\/IMG_5601-169x300.jpg 169w, https:\/\/www.eslebedasauto.at\/wp-content\/uploads\/2026\/04\/IMG_5601-768x1365.jpg 768w, https:\/\/www.eslebedasauto.at\/wp-content\/uploads\/2026\/04\/IMG_5601-864x1536.jpg 864w, https:\/\/www.eslebedasauto.at\/wp-content\/uploads\/2026\/04\/IMG_5601-1152x2048.jpg 1152w, https:\/\/www.eslebedasauto.at\/wp-content\/uploads\/2026\/04\/IMG_5601-7x12.jpg 7w, https:\/\/www.eslebedasauto.at\/wp-content\/uploads\/2026\/04\/IMG_5601-scaled.jpg 1440w\" sizes=\"(max-width: 576px) 100vw, 576px\" \/><\/a><\/figure>\n\n\n\n<figure class=\"wp-block-image size-large\"><a href=\"https:\/\/www.eslebedasauto.at\/wp-content\/uploads\/2026\/04\/IMG_5600-scaled.jpg\"><img loading=\"lazy\" decoding=\"async\" width=\"1024\" height=\"576\" data-id=\"102592\" src=\"https:\/\/www.eslebedasauto.at\/wp-content\/uploads\/2026\/04\/IMG_5600-1024x576.jpg\" alt=\"\" class=\"wp-image-102592\" srcset=\"https:\/\/www.eslebedasauto.at\/wp-content\/uploads\/2026\/04\/IMG_5600-1024x576.jpg 1024w, https:\/\/www.eslebedasauto.at\/wp-content\/uploads\/2026\/04\/IMG_5600-300x169.jpg 300w, https:\/\/www.eslebedasauto.at\/wp-content\/uploads\/2026\/04\/IMG_5600-768x432.jpg 768w, https:\/\/www.eslebedasauto.at\/wp-content\/uploads\/2026\/04\/IMG_5600-1536x864.jpg 1536w, https:\/\/www.eslebedasauto.at\/wp-content\/uploads\/2026\/04\/IMG_5600-2048x1152.jpg 2048w, https:\/\/www.eslebedasauto.at\/wp-content\/uploads\/2026\/04\/IMG_5600-18x10.jpg 18w\" sizes=\"(max-width: 1024px) 100vw, 1024px\" \/><\/a><\/figure>\n<\/figure>\n\n\n\n<p><\/p>\n\n\n\n<h2 id=\"plattform-allianz-power-aus-frankreich\" class=\"wp-block-heading\">Plattform: Allianz-Power aus Frankreich<\/h2>\n\n\n\n<p>Die Basis liefert die <strong>AmpR Small Plattform (CMF-B EV)<\/strong> aus dem Renault-Nissan-Konzern.<\/p>\n\n\n\n<p>Das bedeutet konkret:<\/p>\n\n\n\n<ul class=\"wp-block-list\">\n<li>gleiche technische Architektur wie der Renault 5<\/li>\n\n\n\n<li>vollelektrischer Antrieb<\/li>\n\n\n\n<li>moderne Software- und Infotainment-Struktur<\/li>\n<\/ul>\n\n\n\n<p>Der Micra wird damit nicht mehr als klassischer Verbrenner angeboten \u2013 sondern geht voll in Richtung Elektromobilit\u00e4t.<\/p>\n\n\n\n<h2 id=\"charakterfrage-eigenstandig-oder-nur-kopie\" class=\"wp-block-heading\">Charakterfrage: Eigenst\u00e4ndig oder nur Kopie?<\/h2>\n\n\n\n<p>Spannend wird die Frage, wie viel <strong>Nissan<\/strong> im neuen Micra steckt. Der Renault 5 setzt stark auf Retro-Design und Emotion. <\/p>\n\n\n\n<p>Design: Kleinwagen mit SUV-Attit\u00fcde<\/p>\n\n\n\n<p>Was sofort auff\u00e4llt: Der Micra ist kein typischer City-Flitzer mehr.<\/p>\n\n\n\n<ul class=\"wp-block-list\">\n<li>markante LED-Signatur vorne und hinten<\/li>\n\n\n\n<li>18-Zoll-R\u00e4der<\/li>\n\n\n\n<li>breiter, selbstbewusster Stand<\/li>\n<\/ul>\n\n\n\n<p>Das Ganze wirkt fast wie ein Mini-Crossover. Genau das will Nissan auch: kompakt, aber mit Pr\u00e4senz. Oder anders gesagt. <strong>Der Micra will nicht mehr \u201elieb\u201c sein \u2013 sondern auffallen.<\/strong><\/p>\n\n\n\n<figure class=\"wp-block-table\"><table class=\"has-fixed-layout\"><thead><tr><th>Kategorie<\/th><th>Daten<\/th><\/tr><\/thead><tbody><tr><td><strong>Antrieb<\/strong><\/td><td>Vollelektrisch (Frontantrieb)<\/td><\/tr><tr><td><strong>Leistung<\/strong><\/td><td>ca. 95 \u2013 150 PS (je nach Version)<\/td><\/tr><tr><td><strong>Batterie<\/strong><\/td><td>40 kWh \/ 52 kWh<\/td><\/tr><tr><td><strong>Reichweite (WLTP)<\/strong><\/td><td>bis zu 415 km<\/td><\/tr><tr><td><strong>Ladeoptionen<\/strong><\/td><td>AC &amp; DC Schnellladen<\/td><\/tr><tr><td><strong>Ladeanschluss<\/strong><\/td><td>CCS (Schnellladen m\u00f6glich)<\/td><\/tr><tr><td><strong>Rekuperation<\/strong><\/td><td>einstellbar (One-Pedal-Driving)<\/td><\/tr><tr><td><strong>Fahrmodi<\/strong><\/td><td>Eco \/ Comfort \/ Sport<\/td><\/tr><tr><td><strong>Kofferraum<\/strong><\/td><td>326 \u2013 1.106 Liter<\/td><\/tr><tr><td><strong>Sitzpl\u00e4tze<\/strong><\/td><td>5<\/td><\/tr><tr><td><strong>Infotainment<\/strong><\/td><td>Google built-in, Apple CarPlay, Android Auto<\/td><\/tr><tr><td><strong>Sound-System<\/strong><\/td><td>Harman Kardon (optional)<\/td><\/tr><tr><td><strong>Assistenzsysteme<\/strong><\/td><td>ProPILOT Assist, Parkassistent<\/td><\/tr><tr><td><strong>Besonderheiten<\/strong><\/td><td>V2L (externe Stromversorgung)<\/td><\/tr><\/tbody><\/table><\/figure>\n\n\n\n<p><\/p>\n\n\n\n<h2 id=\"innenraum-digital-vernetzt-erwachsen\" class=\"wp-block-heading\">Innenraum: Digital, vernetzt, erwachsen<\/h2>\n\n\n\n<p>Im Innenraum wird klar, wie gro\u00df der Sprung wirklich ist. Statt einfacher Kleinwagen-Kost gibt\u2019s jetzt:<\/p>\n\n\n\n<ul class=\"wp-block-list\">\n<li>Google built-in mit Maps, Assistant &amp; Apps<\/li>\n\n\n\n<li>Apple CarPlay &amp; Android Auto serienm\u00e4\u00dfig<\/li>\n\n\n\n<li>Smartphone-App zur Steuerung von Klima und Laden<\/li>\n<\/ul>\n\n\n\n<p>Das ist kein Einsteiger-Niveau mehr, das ist voll im digitalen Alltag angekommen. Dazu kommen Features wie ein Harman-Kardon-Soundsystem mit neun Lautsprechern, das mag der J\u00fcrgen, den Sound ist immer wichitg.<\/p>\n\n\n\n<figure class=\"wp-block-gallery has-nested-images columns-6 is-cropped wp-block-gallery-2 is-layout-flex wp-block-gallery-is-layout-flex\">\n<figure class=\"wp-block-image size-large\"><a href=\"https:\/\/www.eslebedasauto.at\/en\/img_5613\/\"><img loading=\"lazy\" decoding=\"async\" width=\"576\" height=\"1024\" data-id=\"102605\" src=\"https:\/\/www.eslebedasauto.at\/wp-content\/uploads\/2026\/04\/IMG_5613-576x1024.jpg\" alt=\"\" class=\"wp-image-102605\" srcset=\"https:\/\/www.eslebedasauto.at\/wp-content\/uploads\/2026\/04\/IMG_5613-576x1024.jpg 576w, https:\/\/www.eslebedasauto.at\/wp-content\/uploads\/2026\/04\/IMG_5613-169x300.jpg 169w, https:\/\/www.eslebedasauto.at\/wp-content\/uploads\/2026\/04\/IMG_5613-768x1365.jpg 768w, https:\/\/www.eslebedasauto.at\/wp-content\/uploads\/2026\/04\/IMG_5613-864x1536.jpg 864w, https:\/\/www.eslebedasauto.at\/wp-content\/uploads\/2026\/04\/IMG_5613-1152x2048.jpg 1152w, https:\/\/www.eslebedasauto.at\/wp-content\/uploads\/2026\/04\/IMG_5613-7x12.jpg 7w, https:\/\/www.eslebedasauto.at\/wp-content\/uploads\/2026\/04\/IMG_5613-scaled.jpg 1440w\" sizes=\"(max-width: 576px) 100vw, 576px\" \/><\/a><\/figure>\n\n\n\n<figure class=\"wp-block-image size-large\"><a href=\"https:\/\/www.eslebedasauto.at\/en\/img_5610-2\/\"><img loading=\"lazy\" decoding=\"async\" width=\"1024\" height=\"576\" data-id=\"102602\" src=\"https:\/\/www.eslebedasauto.at\/wp-content\/uploads\/2026\/04\/IMG_5610-1024x576.jpg\" alt=\"\" class=\"wp-image-102602\" srcset=\"https:\/\/www.eslebedasauto.at\/wp-content\/uploads\/2026\/04\/IMG_5610-1024x576.jpg 1024w, https:\/\/www.eslebedasauto.at\/wp-content\/uploads\/2026\/04\/IMG_5610-300x169.jpg 300w, https:\/\/www.eslebedasauto.at\/wp-content\/uploads\/2026\/04\/IMG_5610-768x432.jpg 768w, https:\/\/www.eslebedasauto.at\/wp-content\/uploads\/2026\/04\/IMG_5610-1536x864.jpg 1536w, https:\/\/www.eslebedasauto.at\/wp-content\/uploads\/2026\/04\/IMG_5610-2048x1152.jpg 2048w, https:\/\/www.eslebedasauto.at\/wp-content\/uploads\/2026\/04\/IMG_5610-18x10.jpg 18w\" sizes=\"(max-width: 1024px) 100vw, 1024px\" \/><\/a><\/figure>\n\n\n\n<figure class=\"wp-block-image size-large\"><a href=\"https:\/\/www.eslebedasauto.at\/en\/img_5611-2\/\"><img loading=\"lazy\" decoding=\"async\" width=\"576\" height=\"1024\" data-id=\"102603\" src=\"https:\/\/www.eslebedasauto.at\/wp-content\/uploads\/2026\/04\/IMG_5611-576x1024.jpg\" alt=\"\" class=\"wp-image-102603\" srcset=\"https:\/\/www.eslebedasauto.at\/wp-content\/uploads\/2026\/04\/IMG_5611-576x1024.jpg 576w, https:\/\/www.eslebedasauto.at\/wp-content\/uploads\/2026\/04\/IMG_5611-169x300.jpg 169w, https:\/\/www.eslebedasauto.at\/wp-content\/uploads\/2026\/04\/IMG_5611-768x1365.jpg 768w, https:\/\/www.eslebedasauto.at\/wp-content\/uploads\/2026\/04\/IMG_5611-864x1536.jpg 864w, https:\/\/www.eslebedasauto.at\/wp-content\/uploads\/2026\/04\/IMG_5611-1152x2048.jpg 1152w, https:\/\/www.eslebedasauto.at\/wp-content\/uploads\/2026\/04\/IMG_5611-7x12.jpg 7w, https:\/\/www.eslebedasauto.at\/wp-content\/uploads\/2026\/04\/IMG_5611-scaled.jpg 1440w\" sizes=\"(max-width: 576px) 100vw, 576px\" \/><\/a><\/figure>\n\n\n\n<figure class=\"wp-block-image size-large\"><a href=\"https:\/\/www.eslebedasauto.at\/en\/img_5612-2\/\"><img loading=\"lazy\" decoding=\"async\" width=\"576\" height=\"1024\" data-id=\"102604\" src=\"https:\/\/www.eslebedasauto.at\/wp-content\/uploads\/2026\/04\/IMG_5612-576x1024.jpg\" alt=\"\" class=\"wp-image-102604\" srcset=\"https:\/\/www.eslebedasauto.at\/wp-content\/uploads\/2026\/04\/IMG_5612-576x1024.jpg 576w, https:\/\/www.eslebedasauto.at\/wp-content\/uploads\/2026\/04\/IMG_5612-169x300.jpg 169w, https:\/\/www.eslebedasauto.at\/wp-content\/uploads\/2026\/04\/IMG_5612-768x1365.jpg 768w, https:\/\/www.eslebedasauto.at\/wp-content\/uploads\/2026\/04\/IMG_5612-864x1536.jpg 864w, https:\/\/www.eslebedasauto.at\/wp-content\/uploads\/2026\/04\/IMG_5612-1152x2048.jpg 1152w, https:\/\/www.eslebedasauto.at\/wp-content\/uploads\/2026\/04\/IMG_5612-7x12.jpg 7w, https:\/\/www.eslebedasauto.at\/wp-content\/uploads\/2026\/04\/IMG_5612-scaled.jpg 1440w\" sizes=\"(max-width: 576px) 100vw, 576px\" \/><\/a><\/figure>\n\n\n\n<figure class=\"wp-block-image size-large\"><a href=\"https:\/\/www.eslebedasauto.at\/en\/img_5617-2\/\"><img loading=\"lazy\" decoding=\"async\" width=\"576\" height=\"1024\" data-id=\"102609\" src=\"https:\/\/www.eslebedasauto.at\/wp-content\/uploads\/2026\/04\/IMG_5617-576x1024.jpg\" alt=\"\" class=\"wp-image-102609\" srcset=\"https:\/\/www.eslebedasauto.at\/wp-content\/uploads\/2026\/04\/IMG_5617-576x1024.jpg 576w, https:\/\/www.eslebedasauto.at\/wp-content\/uploads\/2026\/04\/IMG_5617-169x300.jpg 169w, https:\/\/www.eslebedasauto.at\/wp-content\/uploads\/2026\/04\/IMG_5617-768x1365.jpg 768w, https:\/\/www.eslebedasauto.at\/wp-content\/uploads\/2026\/04\/IMG_5617-864x1536.jpg 864w, https:\/\/www.eslebedasauto.at\/wp-content\/uploads\/2026\/04\/IMG_5617-1152x2048.jpg 1152w, https:\/\/www.eslebedasauto.at\/wp-content\/uploads\/2026\/04\/IMG_5617-7x12.jpg 7w, https:\/\/www.eslebedasauto.at\/wp-content\/uploads\/2026\/04\/IMG_5617-scaled.jpg 1440w\" sizes=\"(max-width: 576px) 100vw, 576px\" \/><\/a><\/figure>\n\n\n\n<figure class=\"wp-block-image size-large\"><a href=\"https:\/\/www.eslebedasauto.at\/en\/img_5616-2\/\"><img loading=\"lazy\" decoding=\"async\" width=\"576\" height=\"1024\" data-id=\"102608\" src=\"https:\/\/www.eslebedasauto.at\/wp-content\/uploads\/2026\/04\/IMG_5616-576x1024.jpg\" alt=\"\" class=\"wp-image-102608\" srcset=\"https:\/\/www.eslebedasauto.at\/wp-content\/uploads\/2026\/04\/IMG_5616-576x1024.jpg 576w, https:\/\/www.eslebedasauto.at\/wp-content\/uploads\/2026\/04\/IMG_5616-169x300.jpg 169w, https:\/\/www.eslebedasauto.at\/wp-content\/uploads\/2026\/04\/IMG_5616-768x1365.jpg 768w, https:\/\/www.eslebedasauto.at\/wp-content\/uploads\/2026\/04\/IMG_5616-864x1536.jpg 864w, https:\/\/www.eslebedasauto.at\/wp-content\/uploads\/2026\/04\/IMG_5616-1152x2048.jpg 1152w, https:\/\/www.eslebedasauto.at\/wp-content\/uploads\/2026\/04\/IMG_5616-7x12.jpg 7w, https:\/\/www.eslebedasauto.at\/wp-content\/uploads\/2026\/04\/IMG_5616-scaled.jpg 1440w\" sizes=\"(max-width: 576px) 100vw, 576px\" \/><\/a><\/figure>\n\n\n\n<figure class=\"wp-block-image size-large\"><a href=\"https:\/\/www.eslebedasauto.at\/en\/img_5614-2\/\"><img loading=\"lazy\" decoding=\"async\" width=\"576\" height=\"1024\" data-id=\"102606\" src=\"https:\/\/www.eslebedasauto.at\/wp-content\/uploads\/2026\/04\/IMG_5614-576x1024.jpg\" alt=\"\" class=\"wp-image-102606\" srcset=\"https:\/\/www.eslebedasauto.at\/wp-content\/uploads\/2026\/04\/IMG_5614-576x1024.jpg 576w, https:\/\/www.eslebedasauto.at\/wp-content\/uploads\/2026\/04\/IMG_5614-169x300.jpg 169w, https:\/\/www.eslebedasauto.at\/wp-content\/uploads\/2026\/04\/IMG_5614-768x1365.jpg 768w, https:\/\/www.eslebedasauto.at\/wp-content\/uploads\/2026\/04\/IMG_5614-864x1536.jpg 864w, https:\/\/www.eslebedasauto.at\/wp-content\/uploads\/2026\/04\/IMG_5614-1152x2048.jpg 1152w, https:\/\/www.eslebedasauto.at\/wp-content\/uploads\/2026\/04\/IMG_5614-7x12.jpg 7w, https:\/\/www.eslebedasauto.at\/wp-content\/uploads\/2026\/04\/IMG_5614-scaled.jpg 1440w\" sizes=\"(max-width: 576px) 100vw, 576px\" \/><\/a><\/figure>\n\n\n\n<figure class=\"wp-block-image size-large\"><a href=\"https:\/\/www.eslebedasauto.at\/en\/img_5615-2\/\"><img loading=\"lazy\" decoding=\"async\" width=\"576\" height=\"1024\" data-id=\"102607\" src=\"https:\/\/www.eslebedasauto.at\/wp-content\/uploads\/2026\/04\/IMG_5615-576x1024.jpg\" alt=\"\" class=\"wp-image-102607\" srcset=\"https:\/\/www.eslebedasauto.at\/wp-content\/uploads\/2026\/04\/IMG_5615-576x1024.jpg 576w, https:\/\/www.eslebedasauto.at\/wp-content\/uploads\/2026\/04\/IMG_5615-169x300.jpg 169w, https:\/\/www.eslebedasauto.at\/wp-content\/uploads\/2026\/04\/IMG_5615-768x1365.jpg 768w, https:\/\/www.eslebedasauto.at\/wp-content\/uploads\/2026\/04\/IMG_5615-864x1536.jpg 864w, https:\/\/www.eslebedasauto.at\/wp-content\/uploads\/2026\/04\/IMG_5615-1152x2048.jpg 1152w, https:\/\/www.eslebedasauto.at\/wp-content\/uploads\/2026\/04\/IMG_5615-7x12.jpg 7w, https:\/\/www.eslebedasauto.at\/wp-content\/uploads\/2026\/04\/IMG_5615-scaled.jpg 1440w\" sizes=\"(max-width: 576px) 100vw, 576px\" \/><\/a><\/figure>\n\n\n\n<figure class=\"wp-block-image size-large\"><a href=\"https:\/\/www.eslebedasauto.at\/en\/img_5618-2\/\"><img loading=\"lazy\" decoding=\"async\" width=\"576\" height=\"1024\" data-id=\"102610\" src=\"https:\/\/www.eslebedasauto.at\/wp-content\/uploads\/2026\/04\/IMG_5618-576x1024.jpg\" alt=\"\" class=\"wp-image-102610\" srcset=\"https:\/\/www.eslebedasauto.at\/wp-content\/uploads\/2026\/04\/IMG_5618-576x1024.jpg 576w, https:\/\/www.eslebedasauto.at\/wp-content\/uploads\/2026\/04\/IMG_5618-169x300.jpg 169w, https:\/\/www.eslebedasauto.at\/wp-content\/uploads\/2026\/04\/IMG_5618-768x1365.jpg 768w, https:\/\/www.eslebedasauto.at\/wp-content\/uploads\/2026\/04\/IMG_5618-864x1536.jpg 864w, https:\/\/www.eslebedasauto.at\/wp-content\/uploads\/2026\/04\/IMG_5618-1152x2048.jpg 1152w, https:\/\/www.eslebedasauto.at\/wp-content\/uploads\/2026\/04\/IMG_5618-7x12.jpg 7w, https:\/\/www.eslebedasauto.at\/wp-content\/uploads\/2026\/04\/IMG_5618-scaled.jpg 1440w\" sizes=\"(max-width: 576px) 100vw, 576px\" \/><\/a><\/figure>\n\n\n\n<figure class=\"wp-block-image size-large\"><a href=\"https:\/\/www.eslebedasauto.at\/en\/img_5619-2\/\"><img loading=\"lazy\" decoding=\"async\" width=\"1024\" height=\"576\" data-id=\"102611\" src=\"https:\/\/www.eslebedasauto.at\/wp-content\/uploads\/2026\/04\/IMG_5619-1024x576.jpg\" alt=\"\" class=\"wp-image-102611\" srcset=\"https:\/\/www.eslebedasauto.at\/wp-content\/uploads\/2026\/04\/IMG_5619-1024x576.jpg 1024w, https:\/\/www.eslebedasauto.at\/wp-content\/uploads\/2026\/04\/IMG_5619-300x169.jpg 300w, https:\/\/www.eslebedasauto.at\/wp-content\/uploads\/2026\/04\/IMG_5619-768x432.jpg 768w, https:\/\/www.eslebedasauto.at\/wp-content\/uploads\/2026\/04\/IMG_5619-1536x864.jpg 1536w, https:\/\/www.eslebedasauto.at\/wp-content\/uploads\/2026\/04\/IMG_5619-2048x1152.jpg 2048w, https:\/\/www.eslebedasauto.at\/wp-content\/uploads\/2026\/04\/IMG_5619-18x10.jpg 18w\" sizes=\"(max-width: 1024px) 100vw, 1024px\" \/><\/a><\/figure>\n\n\n\n<figure class=\"wp-block-image size-large\"><a href=\"https:\/\/www.eslebedasauto.at\/en\/img_5620-2\/\"><img loading=\"lazy\" decoding=\"async\" width=\"1024\" height=\"576\" data-id=\"102612\" src=\"https:\/\/www.eslebedasauto.at\/wp-content\/uploads\/2026\/04\/IMG_5620-1024x576.jpg\" alt=\"\" class=\"wp-image-102612\" srcset=\"https:\/\/www.eslebedasauto.at\/wp-content\/uploads\/2026\/04\/IMG_5620-1024x576.jpg 1024w, https:\/\/www.eslebedasauto.at\/wp-content\/uploads\/2026\/04\/IMG_5620-300x169.jpg 300w, https:\/\/www.eslebedasauto.at\/wp-content\/uploads\/2026\/04\/IMG_5620-768x432.jpg 768w, https:\/\/www.eslebedasauto.at\/wp-content\/uploads\/2026\/04\/IMG_5620-1536x864.jpg 1536w, https:\/\/www.eslebedasauto.at\/wp-content\/uploads\/2026\/04\/IMG_5620-2048x1152.jpg 2048w, https:\/\/www.eslebedasauto.at\/wp-content\/uploads\/2026\/04\/IMG_5620-18x10.jpg 18w\" sizes=\"(max-width: 1024px) 100vw, 1024px\" \/><\/a><\/figure>\n\n\n\n<figure class=\"wp-block-image size-large\"><a href=\"https:\/\/www.eslebedasauto.at\/en\/img_5622-2\/\"><img loading=\"lazy\" decoding=\"async\" width=\"1024\" height=\"576\" data-id=\"102614\" src=\"https:\/\/www.eslebedasauto.at\/wp-content\/uploads\/2026\/04\/IMG_5622-1024x576.jpg\" alt=\"\" class=\"wp-image-102614\" srcset=\"https:\/\/www.eslebedasauto.at\/wp-content\/uploads\/2026\/04\/IMG_5622-1024x576.jpg 1024w, https:\/\/www.eslebedasauto.at\/wp-content\/uploads\/2026\/04\/IMG_5622-300x169.jpg 300w, https:\/\/www.eslebedasauto.at\/wp-content\/uploads\/2026\/04\/IMG_5622-768x432.jpg 768w, https:\/\/www.eslebedasauto.at\/wp-content\/uploads\/2026\/04\/IMG_5622-1536x864.jpg 1536w, https:\/\/www.eslebedasauto.at\/wp-content\/uploads\/2026\/04\/IMG_5622-2048x1152.jpg 2048w, https:\/\/www.eslebedasauto.at\/wp-content\/uploads\/2026\/04\/IMG_5622-18x10.jpg 18w\" sizes=\"(max-width: 1024px) 100vw, 1024px\" \/><\/a><\/figure>\n\n\n\n<figure class=\"wp-block-image size-large\"><a href=\"https:\/\/www.eslebedasauto.at\/en\/img_5623-2\/\"><img loading=\"lazy\" decoding=\"async\" width=\"1024\" height=\"576\" data-id=\"102615\" src=\"https:\/\/www.eslebedasauto.at\/wp-content\/uploads\/2026\/04\/IMG_5623-1024x576.jpg\" alt=\"\" class=\"wp-image-102615\" srcset=\"https:\/\/www.eslebedasauto.at\/wp-content\/uploads\/2026\/04\/IMG_5623-1024x576.jpg 1024w, https:\/\/www.eslebedasauto.at\/wp-content\/uploads\/2026\/04\/IMG_5623-300x169.jpg 300w, https:\/\/www.eslebedasauto.at\/wp-content\/uploads\/2026\/04\/IMG_5623-768x432.jpg 768w, https:\/\/www.eslebedasauto.at\/wp-content\/uploads\/2026\/04\/IMG_5623-1536x864.jpg 1536w, https:\/\/www.eslebedasauto.at\/wp-content\/uploads\/2026\/04\/IMG_5623-2048x1152.jpg 2048w, https:\/\/www.eslebedasauto.at\/wp-content\/uploads\/2026\/04\/IMG_5623-18x10.jpg 18w\" sizes=\"(max-width: 1024px) 100vw, 1024px\" \/><\/a><\/figure>\n\n\n\n<figure class=\"wp-block-image size-large\"><a href=\"https:\/\/www.eslebedasauto.at\/en\/img_5624\/\"><img loading=\"lazy\" decoding=\"async\" width=\"576\" height=\"1024\" data-id=\"102616\" src=\"https:\/\/www.eslebedasauto.at\/wp-content\/uploads\/2026\/04\/IMG_5624-576x1024.jpg\" alt=\"\" class=\"wp-image-102616\" srcset=\"https:\/\/www.eslebedasauto.at\/wp-content\/uploads\/2026\/04\/IMG_5624-576x1024.jpg 576w, https:\/\/www.eslebedasauto.at\/wp-content\/uploads\/2026\/04\/IMG_5624-169x300.jpg 169w, https:\/\/www.eslebedasauto.at\/wp-content\/uploads\/2026\/04\/IMG_5624-768x1365.jpg 768w, https:\/\/www.eslebedasauto.at\/wp-content\/uploads\/2026\/04\/IMG_5624-864x1536.jpg 864w, https:\/\/www.eslebedasauto.at\/wp-content\/uploads\/2026\/04\/IMG_5624-1152x2048.jpg 1152w, https:\/\/www.eslebedasauto.at\/wp-content\/uploads\/2026\/04\/IMG_5624-7x12.jpg 7w, https:\/\/www.eslebedasauto.at\/wp-content\/uploads\/2026\/04\/IMG_5624-scaled.jpg 1440w\" sizes=\"(max-width: 576px) 100vw, 576px\" \/><\/a><\/figure>\n\n\n\n<figure class=\"wp-block-image size-large\"><a href=\"https:\/\/www.eslebedasauto.at\/en\/img_5625-2\/\"><img loading=\"lazy\" decoding=\"async\" width=\"768\" height=\"1024\" data-id=\"102617\" src=\"https:\/\/www.eslebedasauto.at\/wp-content\/uploads\/2026\/04\/IMG_5625-768x1024.jpg\" alt=\"\" class=\"wp-image-102617\" srcset=\"https:\/\/www.eslebedasauto.at\/wp-content\/uploads\/2026\/04\/IMG_5625-768x1024.jpg 768w, https:\/\/www.eslebedasauto.at\/wp-content\/uploads\/2026\/04\/IMG_5625-225x300.jpg 225w, https:\/\/www.eslebedasauto.at\/wp-content\/uploads\/2026\/04\/IMG_5625-1152x1536.jpg 1152w, https:\/\/www.eslebedasauto.at\/wp-content\/uploads\/2026\/04\/IMG_5625-1536x2048.jpg 1536w, https:\/\/www.eslebedasauto.at\/wp-content\/uploads\/2026\/04\/IMG_5625-9x12.jpg 9w, https:\/\/www.eslebedasauto.at\/wp-content\/uploads\/2026\/04\/IMG_5625-scaled.jpg 1920w\" sizes=\"(max-width: 768px) 100vw, 768px\" \/><\/a><\/figure>\n\n\n\n<figure class=\"wp-block-image size-large\"><a href=\"https:\/\/www.eslebedasauto.at\/en\/img_5626-2\/\"><img loading=\"lazy\" decoding=\"async\" width=\"1024\" height=\"768\" data-id=\"102618\" src=\"https:\/\/www.eslebedasauto.at\/wp-content\/uploads\/2026\/04\/IMG_5626-1024x768.jpg\" alt=\"\" class=\"wp-image-102618\" srcset=\"https:\/\/www.eslebedasauto.at\/wp-content\/uploads\/2026\/04\/IMG_5626-1024x768.jpg 1024w, https:\/\/www.eslebedasauto.at\/wp-content\/uploads\/2026\/04\/IMG_5626-300x225.jpg 300w, https:\/\/www.eslebedasauto.at\/wp-content\/uploads\/2026\/04\/IMG_5626-768x576.jpg 768w, https:\/\/www.eslebedasauto.at\/wp-content\/uploads\/2026\/04\/IMG_5626-1536x1152.jpg 1536w, https:\/\/www.eslebedasauto.at\/wp-content\/uploads\/2026\/04\/IMG_5626-2048x1536.jpg 2048w, https:\/\/www.eslebedasauto.at\/wp-content\/uploads\/2026\/04\/IMG_5626-16x12.jpg 16w\" sizes=\"(max-width: 1024px) 100vw, 1024px\" \/><\/a><\/figure>\n\n\n\n<figure class=\"wp-block-image size-large\"><a href=\"https:\/\/www.eslebedasauto.at\/en\/img_5621-2\/\"><img loading=\"lazy\" decoding=\"async\" width=\"1024\" height=\"576\" data-id=\"102613\" src=\"https:\/\/www.eslebedasauto.at\/wp-content\/uploads\/2026\/04\/IMG_5621-1024x576.jpg\" alt=\"\" class=\"wp-image-102613\" srcset=\"https:\/\/www.eslebedasauto.at\/wp-content\/uploads\/2026\/04\/IMG_5621-1024x576.jpg 1024w, https:\/\/www.eslebedasauto.at\/wp-content\/uploads\/2026\/04\/IMG_5621-300x169.jpg 300w, https:\/\/www.eslebedasauto.at\/wp-content\/uploads\/2026\/04\/IMG_5621-768x432.jpg 768w, https:\/\/www.eslebedasauto.at\/wp-content\/uploads\/2026\/04\/IMG_5621-1536x864.jpg 1536w, https:\/\/www.eslebedasauto.at\/wp-content\/uploads\/2026\/04\/IMG_5621-2048x1152.jpg 2048w, https:\/\/www.eslebedasauto.at\/wp-content\/uploads\/2026\/04\/IMG_5621-18x10.jpg 18w\" sizes=\"(max-width: 1024px) 100vw, 1024px\" \/><\/a><\/figure>\n\n\n\n<figure class=\"wp-block-image size-large\"><a href=\"https:\/\/www.eslebedasauto.at\/en\/img_5627-2\/\"><img loading=\"lazy\" decoding=\"async\" width=\"768\" height=\"1024\" data-id=\"102619\" src=\"https:\/\/www.eslebedasauto.at\/wp-content\/uploads\/2026\/04\/IMG_5627-768x1024.jpg\" alt=\"\" class=\"wp-image-102619\" srcset=\"https:\/\/www.eslebedasauto.at\/wp-content\/uploads\/2026\/04\/IMG_5627-768x1024.jpg 768w, https:\/\/www.eslebedasauto.at\/wp-content\/uploads\/2026\/04\/IMG_5627-225x300.jpg 225w, https:\/\/www.eslebedasauto.at\/wp-content\/uploads\/2026\/04\/IMG_5627-1152x1536.jpg 1152w, https:\/\/www.eslebedasauto.at\/wp-content\/uploads\/2026\/04\/IMG_5627-1536x2048.jpg 1536w, https:\/\/www.eslebedasauto.at\/wp-content\/uploads\/2026\/04\/IMG_5627-9x12.jpg 9w, https:\/\/www.eslebedasauto.at\/wp-content\/uploads\/2026\/04\/IMG_5627-scaled.jpg 1920w\" sizes=\"(max-width: 768px) 100vw, 768px\" \/><\/a><\/figure>\n<\/figure>\n\n\n\n<p><\/p>\n\n\n\n<h2 id=\"elektroantrieb-alltag-statt-reichweitenangst\" class=\"wp-block-heading\">Elektroantrieb: Alltag statt Reichweitenangst<\/h2>\n\n\n\n<p>Der gr\u00f6\u00dfte Umbruch steckt unter dem Blech. Der neue Micra f\u00e4hrt rein elektrisch mit bis zu:&#8216;<br><strong>415 km Reichweite (WLTP)<\/strong> Das ist eine klare Ansage im Kleinwagensegment.<\/p>\n\n\n\n<p>Dazu kommt:<\/p>\n\n\n\n<ul class=\"wp-block-list\">\n<li>Schnellladen unterwegs<\/li>\n\n\n\n<li>Wallbox zuhause<\/li>\n\n\n\n<li>cleverer Routenplaner mit Ladeplanung via Google Maps<\/li>\n<\/ul>\n\n\n\n<p>Und ein echtes Highlight:<\/p>\n\n\n\n<p><strong>V2L-Funktion<\/strong> \u2013 der Micra wird zur mobilen Steckdose. Laptop, E-Bike oder Kaffeemaschine? Kein Problem.<\/p>\n\n\n\n<h2 id=\"fahrgefuhl-elektrisch-heist-jetzt-auch-entspannt\" class=\"wp-block-heading\">Fahrgef\u00fchl: Elektrisch hei\u00dft jetzt auch entspannt<\/h2>\n\n\n\n<p>Typisch E-Auto: sofort Drehmoment, ruhiges Gleiten, kein L\u00e4rm.<\/p>\n\n\n\n<p>Dazu kommen:<\/p>\n\n\n\n<ul class=\"wp-block-list\">\n<li>One-Pedal-Driving mit Rekuperation<\/li>\n\n\n\n<li>verschiedene Fahrmodi (Eco, Comfort, Sport)<\/li>\n\n\n\n<li>ruhiges, stressfreies Fahren im Alltag<\/li>\n<\/ul>\n\n\n\n<p>Der Micra wird damit vom reinen Stadtauto zum echten Allrounder.<\/p>\n\n\n\n<h2 id=\"platz-alltag-mehr-als-man-denkt\" class=\"wp-block-heading\">Platz &amp; Alltag: Mehr als man denkt<\/h2>\n\n\n\n<p>Kompakt bleibt er, aber clever gemacht:<\/p>\n\n\n\n<ul class=\"wp-block-list\">\n<li>bis zu <strong>326 Liter Kofferraum<\/strong><\/li>\n\n\n\n<li>bis zu <strong>1.106 Liter maximal<\/strong><\/li>\n<\/ul>\n\n\n\n<p>Dazu:<\/p>\n\n\n\n<ul class=\"wp-block-list\">\n<li>f\u00fcnf T\u00fcren (mit einer K\u00f6rpergr\u00f6\u00dfe von 178cm wirds aber hinterm Fahrer echt knapp mit den Beinen.)<\/li>\n\n\n\n<li>flexible R\u00fcckbank<\/li>\n\n\n\n<li>durchdachte Ablagen<\/li>\n<\/ul>\n\n\n\n<h2 id=\"sicherheit-assistenz\" class=\"wp-block-heading\">Sicherheit &amp; Assistenz<\/h2>\n\n\n\n<p>Auch hier geht\u2019s modern zur Sache:<\/p>\n\n\n\n<ul class=\"wp-block-list\">\n<li>ProPILOT Assist mit Abstand &amp; Spurf\u00fchrung<\/li>\n\n\n\n<li>automatisches Einparken<\/li>\n\n\n\n<li>adaptive Systeme f\u00fcr entspanntes Fahren<\/li>\n<\/ul>\n\n\n\n<p>Das ist Technik, die man sonst eher aus h\u00f6heren Klassen kennt.<br><\/p>\n\n\n\n<h1 id=\"der-micra-ist-nicht-mehr-der-alte\" class=\"wp-block-heading\">Der Micra ist nicht mehr der Alte<\/h1>\n\n\n\n<p>Der neue Nissan Micra ist kein Update, er ist ein kompletter Neustart.<\/p>\n\n\n\n<p>\ud83d\udc49 elektrisch statt Verbrenner<br>\ud83d\udc49 digital statt simpel<br>\ud83d\udc49 selbstbewusst statt zur\u00fcckhaltend<\/p>\n\n\n\n<p>Und ja, die Renault-5-Basis ist da. Aber Nissan gibt dem Ganzen eine eigene Richtung: etwas ruhiger, etwas erwachsener, weniger Retro, daf\u00fcr mehr Alltag.<\/p>\n\n\n\n<p>Oder auf den Punkt gebracht:<br><strong>Der Micra ist erwachsen geworden \u2013 und f\u00e4hrt jetzt unter Strom mit Stil.<\/strong> <br><br><strong>Preise: Nissan Micra Electric (2026)<\/strong><\/p>\n\n\n\n<figure class=\"wp-block-table\"><table class=\"has-fixed-layout\"><thead><tr><th>Version<\/th><th>Motor \/ Batterie<\/th><th>Leistung<\/th><th>Preis (inkl. MwSt. &amp; NoVA)<\/th><\/tr><\/thead><tbody><tr><td><strong>Engage<\/strong><\/td><td>40 kWh<\/td><td>122 PS<\/td><td><strong>ab 27.990 \u20ac<\/strong><\/td><\/tr><tr><td><strong>Advance<\/strong><\/td><td>40 kWh<\/td><td>122 PS<\/td><td><strong>ab 30.590 \u20ac<\/strong><\/td><\/tr><tr><td><strong>Advance<\/strong><\/td><td>52 kWh<\/td><td>150 PS<\/td><td><strong>ab 33.390 \u20ac<\/strong><\/td><\/tr><tr><td><strong>Evolve<\/strong><\/td><td>52 kWh<\/td><td>150 PS<\/td><td><strong>ab 34.990 \u20ac<\/strong><\/td><\/tr><\/tbody><\/table><\/figure>\n\n\n\n<hr class=\"wp-block-separator has-alpha-channel-opacity\"\/>\n\n\n\n<p>Oder auf gut ober\u00f6sterreichisch:<br><strong>Billig is a ned \u2013 aber f\u00fcr das, was er kann, fast a Schn\u00e4ppchen.<\/strong> \ud83d\ude0f<\/p>","protected":false},"excerpt":{"rendered":"<p>Vom braven Cityflitzer zum Elektro-Zwilling des Renault 5 Der Nissan Micra war lange Zeit der Inbegriff des unkomplizierten Kleinwagens. G\u00fcnstig, zuverl\u00e4ssig, unspektakul\u00e4r. Ein Auto, das einfach funktioniert hat, aber ohne gro\u00dfe Emotionen. Doch genau das \u00e4ndert sich jetzt grundlegend. Denn die n\u00e4chste Generation hat mit dem alten Micra nur noch den Namen gemeinsam. Technisch basiert&hellip;&nbsp;<a href=\"https:\/\/www.eslebedasauto.at\/en\/nissan-micra-das-stadtauto-oder-doch-mehr\/\" rel=\"bookmark\">Read More &raquo;<span class=\"screen-reader-text\">Nissan Micra &#8211; Das Stadtauto oder doch mehr?<\/span><\/a><\/p>","protected":false},"author":1,"featured_media":102588,"comment_status":"open","ping_status":"open","sticky":false,"template":"","format":"standard","meta":{"neve_meta_sidebar":"","neve_meta_container":"","neve_meta_enable_content_width":"","neve_meta_content_width":0,"neve_meta_title_alignment":"","neve_meta_author_avatar":"","neve_post_elements_order":"","neve_meta_disable_header":"","neve_meta_disable_footer":"","neve_meta_disable_title":"","neve_meta_reading_time":"","footnotes":""},"categories":[555,335],"tags":[],"class_list":["post-102620","post","type-post","status-publish","format-standard","has-post-thumbnail","hentry","category-electrofun","category-fahrberichte"],"yoast_head":"<!-- This site is optimized with the Yoast SEO plugin v26.8 - https:\/\/yoast.com\/product\/yoast-seo-wordpress\/ -->\n<title>Nissan Micra Elektro (2026) Test: Reichweite, Technik &amp; Infos zum neuen EV<\/title>\n<meta name=\"description\" content=\"Der neue Nissan Micra wird elektrisch: Bis zu 415 km Reichweite, moderne Google-Technik und Renault-5-Basis. Alle Infos im \u00dcberblick.\" \/>\n<meta name=\"robots\" content=\"index, follow, max-snippet:-1, max-image-preview:large, max-video-preview:-1\" \/>\n<link rel=\"canonical\" href=\"https:\/\/www.eslebedasauto.at\/en\/nissan-micra-das-stadtauto-oder-doch-mehr\/\" \/>\n<meta property=\"og:locale\" content=\"en_GB\" \/>\n<meta property=\"og:type\" content=\"article\" \/>\n<meta property=\"og:title\" content=\"Nissan Micra Elektro (2026) Test: Reichweite, Technik &amp; Infos zum neuen EV\" \/>\n<meta property=\"og:description\" content=\"Der neue Nissan Micra wird elektrisch: Bis zu 415 km Reichweite, moderne Google-Technik und Renault-5-Basis. Alle Infos im \u00dcberblick.\" \/>\n<meta property=\"og:url\" content=\"https:\/\/www.eslebedasauto.at\/en\/nissan-micra-das-stadtauto-oder-doch-mehr\/\" \/>\n<meta property=\"og:site_name\" content=\"Es lebe das Auto\" \/>\n<meta property=\"article:publisher\" content=\"https:\/\/www.facebook.com\/eslebedasauto.at\" \/>\n<meta property=\"article:published_time\" content=\"2026-04-27T09:19:17+00:00\" \/>\n<meta property=\"article:modified_time\" content=\"2026-04-27T09:22:06+00:00\" \/>\n<meta property=\"og:image\" content=\"https:\/\/www.eslebedasauto.at\/wp-content\/uploads\/2026\/04\/IMG_5596-scaled.jpg\" \/>\n\t<meta property=\"og:image:width\" content=\"2560\" \/>\n\t<meta property=\"og:image:height\" content=\"1440\" \/>\n\t<meta property=\"og:image:type\" content=\"image\/jpeg\" \/>\n<meta name=\"author\" content=\"Juergen\" \/>\n<meta name=\"twitter:card\" content=\"summary_large_image\" \/>\n<meta name=\"twitter:label1\" content=\"Written by\" \/>\n\t<meta name=\"twitter:data1\" content=\"Juergen\" \/>\n\t<meta name=\"twitter:label2\" content=\"Estimated reading time\" \/>\n\t<meta name=\"twitter:data2\" content=\"10 minutes\" \/>\n<script type=\"application\/ld+json\" class=\"yoast-schema-graph\">{\"@context\":\"https:\/\/schema.org\",\"@graph\":[{\"@type\":\"Article\",\"@id\":\"https:\/\/www.eslebedasauto.at\/nissan-micra-das-stadtauto-oder-doch-mehr\/#article\",\"isPartOf\":{\"@id\":\"https:\/\/www.eslebedasauto.at\/nissan-micra-das-stadtauto-oder-doch-mehr\/\"},\"author\":{\"name\":\"Juergen\",\"@id\":\"https:\/\/www.eslebedasauto.at\/#\/schema\/person\/4ecfb7fe1eb40654e5370227118c3fc2\"},\"headline\":\"Nissan Micra &#8211; Das Stadtauto oder doch mehr?\",\"datePublished\":\"2026-04-27T09:19:17+00:00\",\"dateModified\":\"2026-04-27T09:22:06+00:00\",\"mainEntityOfPage\":{\"@id\":\"https:\/\/www.eslebedasauto.at\/nissan-micra-das-stadtauto-oder-doch-mehr\/\"},\"wordCount\":683,\"commentCount\":0,\"publisher\":{\"@id\":\"https:\/\/www.eslebedasauto.at\/#organization\"},\"image\":{\"@id\":\"https:\/\/www.eslebedasauto.at\/nissan-micra-das-stadtauto-oder-doch-mehr\/#primaryimage\"},\"thumbnailUrl\":\"https:\/\/www.eslebedasauto.at\/wp-content\/uploads\/2026\/04\/IMG_5596-scaled.jpg\",\"articleSection\":[\"Electrofun\",\"Fahrberichte\"],\"inLanguage\":\"en-GB\",\"potentialAction\":[{\"@type\":\"CommentAction\",\"name\":\"Comment\",\"target\":[\"https:\/\/www.eslebedasauto.at\/nissan-micra-das-stadtauto-oder-doch-mehr\/#respond\"]}]},{\"@type\":\"WebPage\",\"@id\":\"https:\/\/www.eslebedasauto.at\/nissan-micra-das-stadtauto-oder-doch-mehr\/\",\"url\":\"https:\/\/www.eslebedasauto.at\/nissan-micra-das-stadtauto-oder-doch-mehr\/\",\"name\":\"Nissan Micra Elektro (2026) Test: Reichweite, Technik & Infos zum neuen EV\",\"isPartOf\":{\"@id\":\"https:\/\/www.eslebedasauto.at\/#website\"},\"primaryImageOfPage\":{\"@id\":\"https:\/\/www.eslebedasauto.at\/nissan-micra-das-stadtauto-oder-doch-mehr\/#primaryimage\"},\"image\":{\"@id\":\"https:\/\/www.eslebedasauto.at\/nissan-micra-das-stadtauto-oder-doch-mehr\/#primaryimage\"},\"thumbnailUrl\":\"https:\/\/www.eslebedasauto.at\/wp-content\/uploads\/2026\/04\/IMG_5596-scaled.jpg\",\"datePublished\":\"2026-04-27T09:19:17+00:00\",\"dateModified\":\"2026-04-27T09:22:06+00:00\",\"description\":\"Der neue Nissan Micra wird elektrisch: Bis zu 415 km Reichweite, moderne Google-Technik und Renault-5-Basis. Alle Infos im \u00dcberblick.\",\"breadcrumb\":{\"@id\":\"https:\/\/www.eslebedasauto.at\/nissan-micra-das-stadtauto-oder-doch-mehr\/#breadcrumb\"},\"inLanguage\":\"en-GB\",\"potentialAction\":[{\"@type\":\"ReadAction\",\"target\":[\"https:\/\/www.eslebedasauto.at\/nissan-micra-das-stadtauto-oder-doch-mehr\/\"]}]},{\"@type\":\"ImageObject\",\"inLanguage\":\"en-GB\",\"@id\":\"https:\/\/www.eslebedasauto.at\/nissan-micra-das-stadtauto-oder-doch-mehr\/#primaryimage\",\"url\":\"https:\/\/www.eslebedasauto.at\/wp-content\/uploads\/2026\/04\/IMG_5596-scaled.jpg\",\"contentUrl\":\"https:\/\/www.eslebedasauto.at\/wp-content\/uploads\/2026\/04\/IMG_5596-scaled.jpg\",\"width\":2560,\"height\":1440},{\"@type\":\"BreadcrumbList\",\"@id\":\"https:\/\/www.eslebedasauto.at\/nissan-micra-das-stadtauto-oder-doch-mehr\/#breadcrumb\",\"itemListElement\":[{\"@type\":\"ListItem\",\"position\":1,\"name\":\"Startseite\",\"item\":\"https:\/\/www.eslebedasauto.at\/\"},{\"@type\":\"ListItem\",\"position\":2,\"name\":\"Nissan Micra &#8211; Das Stadtauto oder doch mehr?\"}]},{\"@type\":\"WebSite\",\"@id\":\"https:\/\/www.eslebedasauto.at\/#website\",\"url\":\"https:\/\/www.eslebedasauto.at\/\",\"name\":\"Es lebe das Auto\",\"description\":\"ein Hoch auf den Individualverkehr\",\"publisher\":{\"@id\":\"https:\/\/www.eslebedasauto.at\/#organization\"},\"potentialAction\":[{\"@type\":\"SearchAction\",\"target\":{\"@type\":\"EntryPoint\",\"urlTemplate\":\"https:\/\/www.eslebedasauto.at\/?s={search_term_string}\"},\"query-input\":{\"@type\":\"PropertyValueSpecification\",\"valueRequired\":true,\"valueName\":\"search_term_string\"}}],\"inLanguage\":\"en-GB\"},{\"@type\":\"Organization\",\"@id\":\"https:\/\/www.eslebedasauto.at\/#organization\",\"name\":\"eslebedasauto\",\"url\":\"https:\/\/www.eslebedasauto.at\/\",\"logo\":{\"@type\":\"ImageObject\",\"inLanguage\":\"en-GB\",\"@id\":\"https:\/\/www.eslebedasauto.at\/#\/schema\/logo\/image\/\",\"url\":\"https:\/\/www.eslebedasauto.at\/wp-content\/uploads\/2025\/10\/eldarund.png\",\"contentUrl\":\"https:\/\/www.eslebedasauto.at\/wp-content\/uploads\/2025\/10\/eldarund.png\",\"width\":1024,\"height\":1024,\"caption\":\"eslebedasauto\"},\"image\":{\"@id\":\"https:\/\/www.eslebedasauto.at\/#\/schema\/logo\/image\/\"},\"sameAs\":[\"https:\/\/www.facebook.com\/eslebedasauto.at\",\"https:\/\/www.instagram.com\/es_lebe_das_auto\/\"]},{\"@type\":\"Person\",\"@id\":\"https:\/\/www.eslebedasauto.at\/#\/schema\/person\/4ecfb7fe1eb40654e5370227118c3fc2\",\"name\":\"Juergen\",\"url\":\"https:\/\/www.eslebedasauto.at\/en\/author\/netzwerkkapitaene-og\/\"}]}<\/script>\n<!-- \/ Yoast SEO plugin. -->","yoast_head_json":{"title":"Nissan Micra Elektro (2026) Test: Reichweite, Technik & Infos zum neuen EV","description":"Der neue Nissan Micra wird elektrisch: Bis zu 415 km Reichweite, moderne Google-Technik und Renault-5-Basis. Alle Infos im \u00dcberblick.","robots":{"index":"index","follow":"follow","max-snippet":"max-snippet:-1","max-image-preview":"max-image-preview:large","max-video-preview":"max-video-preview:-1"},"canonical":"https:\/\/www.eslebedasauto.at\/en\/nissan-micra-das-stadtauto-oder-doch-mehr\/","og_locale":"en_GB","og_type":"article","og_title":"Nissan Micra Elektro (2026) Test: Reichweite, Technik & Infos zum neuen EV","og_description":"Der neue Nissan Micra wird elektrisch: Bis zu 415 km Reichweite, moderne Google-Technik und Renault-5-Basis. Alle Infos im \u00dcberblick.","og_url":"https:\/\/www.eslebedasauto.at\/en\/nissan-micra-das-stadtauto-oder-doch-mehr\/","og_site_name":"Es lebe das Auto","article_publisher":"https:\/\/www.facebook.com\/eslebedasauto.at","article_published_time":"2026-04-27T09:19:17+00:00","article_modified_time":"2026-04-27T09:22:06+00:00","og_image":[{"width":2560,"height":1440,"url":"https:\/\/www.eslebedasauto.at\/wp-content\/uploads\/2026\/04\/IMG_5596-scaled.jpg","type":"image\/jpeg"}],"author":"Juergen","twitter_card":"summary_large_image","twitter_misc":{"Written by":"Juergen","Estimated reading time":"10 minutes"},"schema":{"@context":"https:\/\/schema.org","@graph":[{"@type":"Article","@id":"https:\/\/www.eslebedasauto.at\/nissan-micra-das-stadtauto-oder-doch-mehr\/#article","isPartOf":{"@id":"https:\/\/www.eslebedasauto.at\/nissan-micra-das-stadtauto-oder-doch-mehr\/"},"author":{"name":"Juergen","@id":"https:\/\/www.eslebedasauto.at\/#\/schema\/person\/4ecfb7fe1eb40654e5370227118c3fc2"},"headline":"Nissan Micra &#8211; Das Stadtauto oder doch mehr?","datePublished":"2026-04-27T09:19:17+00:00","dateModified":"2026-04-27T09:22:06+00:00","mainEntityOfPage":{"@id":"https:\/\/www.eslebedasauto.at\/nissan-micra-das-stadtauto-oder-doch-mehr\/"},"wordCount":683,"commentCount":0,"publisher":{"@id":"https:\/\/www.eslebedasauto.at\/#organization"},"image":{"@id":"https:\/\/www.eslebedasauto.at\/nissan-micra-das-stadtauto-oder-doch-mehr\/#primaryimage"},"thumbnailUrl":"https:\/\/www.eslebedasauto.at\/wp-content\/uploads\/2026\/04\/IMG_5596-scaled.jpg","articleSection":["Electrofun","Fahrberichte"],"inLanguage":"en-GB","potentialAction":[{"@type":"CommentAction","name":"Comment","target":["https:\/\/www.eslebedasauto.at\/nissan-micra-das-stadtauto-oder-doch-mehr\/#respond"]}]},{"@type":"WebPage","@id":"https:\/\/www.eslebedasauto.at\/nissan-micra-das-stadtauto-oder-doch-mehr\/","url":"https:\/\/www.eslebedasauto.at\/nissan-micra-das-stadtauto-oder-doch-mehr\/","name":"Nissan Micra Elektro (2026) Test: Reichweite, Technik & Infos zum neuen EV","isPartOf":{"@id":"https:\/\/www.eslebedasauto.at\/#website"},"primaryImageOfPage":{"@id":"https:\/\/www.eslebedasauto.at\/nissan-micra-das-stadtauto-oder-doch-mehr\/#primaryimage"},"image":{"@id":"https:\/\/www.eslebedasauto.at\/nissan-micra-das-stadtauto-oder-doch-mehr\/#primaryimage"},"thumbnailUrl":"https:\/\/www.eslebedasauto.at\/wp-content\/uploads\/2026\/04\/IMG_5596-scaled.jpg","datePublished":"2026-04-27T09:19:17+00:00","dateModified":"2026-04-27T09:22:06+00:00","description":"Der neue Nissan Micra wird elektrisch: Bis zu 415 km Reichweite, moderne Google-Technik und Renault-5-Basis. Alle Infos im \u00dcberblick.","breadcrumb":{"@id":"https:\/\/www.eslebedasauto.at\/nissan-micra-das-stadtauto-oder-doch-mehr\/#breadcrumb"},"inLanguage":"en-GB","potentialAction":[{"@type":"ReadAction","target":["https:\/\/www.eslebedasauto.at\/nissan-micra-das-stadtauto-oder-doch-mehr\/"]}]},{"@type":"ImageObject","inLanguage":"en-GB","@id":"https:\/\/www.eslebedasauto.at\/nissan-micra-das-stadtauto-oder-doch-mehr\/#primaryimage","url":"https:\/\/www.eslebedasauto.at\/wp-content\/uploads\/2026\/04\/IMG_5596-scaled.jpg","contentUrl":"https:\/\/www.eslebedasauto.at\/wp-content\/uploads\/2026\/04\/IMG_5596-scaled.jpg","width":2560,"height":1440},{"@type":"BreadcrumbList","@id":"https:\/\/www.eslebedasauto.at\/nissan-micra-das-stadtauto-oder-doch-mehr\/#breadcrumb","itemListElement":[{"@type":"ListItem","position":1,"name":"Startseite","item":"https:\/\/www.eslebedasauto.at\/"},{"@type":"ListItem","position":2,"name":"Nissan Micra &#8211; Das Stadtauto oder doch mehr?"}]},{"@type":"WebSite","@id":"https:\/\/www.eslebedasauto.at\/#website","url":"https:\/\/www.eslebedasauto.at\/","name":"Es lebe das Auto","description":"ein Hoch auf den Individualverkehr","publisher":{"@id":"https:\/\/www.eslebedasauto.at\/#organization"},"potentialAction":[{"@type":"SearchAction","target":{"@type":"EntryPoint","urlTemplate":"https:\/\/www.eslebedasauto.at\/?s={search_term_string}"},"query-input":{"@type":"PropertyValueSpecification","valueRequired":true,"valueName":"search_term_string"}}],"inLanguage":"en-GB"},{"@type":"Organization","@id":"https:\/\/www.eslebedasauto.at\/#organization","name":"eslebedasauto","url":"https:\/\/www.eslebedasauto.at\/","logo":{"@type":"ImageObject","inLanguage":"en-GB","@id":"https:\/\/www.eslebedasauto.at\/#\/schema\/logo\/image\/","url":"https:\/\/www.eslebedasauto.at\/wp-content\/uploads\/2025\/10\/eldarund.png","contentUrl":"https:\/\/www.eslebedasauto.at\/wp-content\/uploads\/2025\/10\/eldarund.png","width":1024,"height":1024,"caption":"eslebedasauto"},"image":{"@id":"https:\/\/www.eslebedasauto.at\/#\/schema\/logo\/image\/"},"sameAs":["https:\/\/www.facebook.com\/eslebedasauto.at","https:\/\/www.instagram.com\/es_lebe_das_auto\/"]},{"@type":"Person","@id":"https:\/\/www.eslebedasauto.at\/#\/schema\/person\/4ecfb7fe1eb40654e5370227118c3fc2","name":"Juergen","url":"https:\/\/www.eslebedasauto.at\/en\/author\/netzwerkkapitaene-og\/"}]}},"_links":{"self":[{"href":"https:\/\/www.eslebedasauto.at\/en\/wp-json\/wp\/v2\/posts\/102620","targetHints":{"allow":["GET"]}}],"collection":[{"href":"https:\/\/www.eslebedasauto.at\/en\/wp-json\/wp\/v2\/posts"}],"about":[{"href":"https:\/\/www.eslebedasauto.at\/en\/wp-json\/wp\/v2\/types\/post"}],"author":[{"embeddable":true,"href":"https:\/\/www.eslebedasauto.at\/en\/wp-json\/wp\/v2\/users\/1"}],"replies":[{"embeddable":true,"href":"https:\/\/www.eslebedasauto.at\/en\/wp-json\/wp\/v2\/comments?post=102620"}],"version-history":[{"count":1,"href":"https:\/\/www.eslebedasauto.at\/en\/wp-json\/wp\/v2\/posts\/102620\/revisions"}],"predecessor-version":[{"id":102621,"href":"https:\/\/www.eslebedasauto.at\/en\/wp-json\/wp\/v2\/posts\/102620\/revisions\/102621"}],"wp:featuredmedia":[{"embeddable":true,"href":"https:\/\/www.eslebedasauto.at\/en\/wp-json\/wp\/v2\/media\/102588"}],"wp:attachment":[{"href":"https:\/\/www.eslebedasauto.at\/en\/wp-json\/wp\/v2\/media?parent=102620"}],"wp:term":[{"taxonomy":"category","embeddable":true,"href":"https:\/\/www.eslebedasauto.at\/en\/wp-json\/wp\/v2\/categories?post=102620"},{"taxonomy":"post_tag","embeddable":true,"href":"https:\/\/www.eslebedasauto.at\/en\/wp-json\/wp\/v2\/tags?post=102620"}],"curies":[{"name":"wp","href":"https:\/\/api.w.org\/{rel}","templated":true}]}}