{"id":102576,"date":"2026-04-27T09:35:20","date_gmt":"2026-04-27T07:35:20","guid":{"rendered":"https:\/\/www.eslebedasauto.at\/?p=102576"},"modified":"2026-04-27T09:42:41","modified_gmt":"2026-04-27T07:42:41","slug":"peugeot-308-sw-plug-in-hybrid-195-der-kombi-der-plotzlich-richtig-laune-macht","status":"publish","type":"post","link":"https:\/\/www.eslebedasauto.at\/en\/peugeot-308-sw-plug-in-hybrid-195-der-kombi-der-plotzlich-richtig-laune-macht\/","title":{"rendered":"Peugeot 308 SW Plug-in Hybrid 195: Der Kombi, der pl\u00f6tzlich richtig Laune macht"},"content":{"rendered":"<p>Der <strong>Peugeot 308 SW Plug-in Hybrid 195 <\/strong> zeigt, wie sehr sich der klassische Kombi ver\u00e4ndert hat. Fr\u00fcher stand diese Fahrzeugklasse f\u00fcr reine Vernunft. Heute liefert sie elektrifizierte Performance, moderne Technik und erstaunlich viel Fahrspa\u00df. Genau hier setzt der franz\u00f6sische Lademeister an: mit 195 PS Systemleistung, bis zu 85 Kilometern elektrischer Reichweite und einem klaren Anspruch, mehr zu sein als nur ein praktischer Lastentr\u00e4ger.<\/p>\n\n\n\n<p>Im Alltag soll der Plug-in Hybrid vor allem eines k\u00f6nnen: leise und effizient durch die Stadt gleiten, auf der Langstrecke aber trotzdem souver\u00e4n auftreten. Der 308 SW kombiniert daf\u00fcr einen 1,6-Liter-Turbobenziner mit einem Elektromotor und bringt seine Kraft \u00fcber ein Doppelkupplungsgetriebe auf die Stra\u00dfe. Klingt nach typischem Hybrid-Konzept und f\u00fchlt sich im Peugeot aber deutlich erwachsener an.<\/p>\n\n\n\n<p>Doch kann der <strong>Peugeot 308 SW Plug-in Hybrid <\/strong> wirklich beides: Sparsam pendeln und entspannt reisen? Oder bleibt er am Ende doch nur ein weiterer elektrifizierter Kombi unter vielen? Genau das kl\u00e4rt dieser Test.<\/p>\n\n\n\n<figure class=\"wp-block-gallery has-nested-images columns-5 is-cropped wp-block-gallery-1 is-layout-flex wp-block-gallery-is-layout-flex\">\n<figure class=\"wp-block-image size-large\"><a href=\"https:\/\/www.eslebedasauto.at\/wp-content\/uploads\/2026\/04\/IMG_5521-1-scaled.jpg\"><img fetchpriority=\"high\" decoding=\"async\" width=\"1024\" height=\"768\" data-id=\"102575\" src=\"https:\/\/www.eslebedasauto.at\/wp-content\/uploads\/2026\/04\/IMG_5521-1-1024x768.jpg\" alt=\"\" class=\"wp-image-102575\" srcset=\"https:\/\/www.eslebedasauto.at\/wp-content\/uploads\/2026\/04\/IMG_5521-1-1024x768.jpg 1024w, https:\/\/www.eslebedasauto.at\/wp-content\/uploads\/2026\/04\/IMG_5521-1-300x225.jpg 300w, https:\/\/www.eslebedasauto.at\/wp-content\/uploads\/2026\/04\/IMG_5521-1-768x576.jpg 768w, https:\/\/www.eslebedasauto.at\/wp-content\/uploads\/2026\/04\/IMG_5521-1-1536x1152.jpg 1536w, https:\/\/www.eslebedasauto.at\/wp-content\/uploads\/2026\/04\/IMG_5521-1-2048x1536.jpg 2048w, https:\/\/www.eslebedasauto.at\/wp-content\/uploads\/2026\/04\/IMG_5521-1-16x12.jpg 16w\" sizes=\"(max-width: 1024px) 100vw, 1024px\" \/><\/a><\/figure>\n\n\n\n<figure class=\"wp-block-image size-large\"><a href=\"https:\/\/www.eslebedasauto.at\/wp-content\/uploads\/2026\/04\/IMG_5542-scaled.jpg\"><img decoding=\"async\" width=\"1024\" height=\"768\" data-id=\"102564\" src=\"https:\/\/www.eslebedasauto.at\/wp-content\/uploads\/2026\/04\/IMG_5542-1024x768.jpg\" alt=\"\" class=\"wp-image-102564\" srcset=\"https:\/\/www.eslebedasauto.at\/wp-content\/uploads\/2026\/04\/IMG_5542-1024x768.jpg 1024w, https:\/\/www.eslebedasauto.at\/wp-content\/uploads\/2026\/04\/IMG_5542-300x225.jpg 300w, https:\/\/www.eslebedasauto.at\/wp-content\/uploads\/2026\/04\/IMG_5542-768x576.jpg 768w, https:\/\/www.eslebedasauto.at\/wp-content\/uploads\/2026\/04\/IMG_5542-1536x1152.jpg 1536w, https:\/\/www.eslebedasauto.at\/wp-content\/uploads\/2026\/04\/IMG_5542-2048x1536.jpg 2048w, https:\/\/www.eslebedasauto.at\/wp-content\/uploads\/2026\/04\/IMG_5542-16x12.jpg 16w\" sizes=\"(max-width: 1024px) 100vw, 1024px\" \/><\/a><\/figure>\n\n\n\n<figure class=\"wp-block-image size-large\"><a href=\"https:\/\/www.eslebedasauto.at\/wp-content\/uploads\/2026\/04\/IMG_5548-scaled.jpg\"><img decoding=\"async\" width=\"1024\" height=\"768\" data-id=\"102570\" src=\"https:\/\/www.eslebedasauto.at\/wp-content\/uploads\/2026\/04\/IMG_5548-1024x768.jpg\" alt=\"\" class=\"wp-image-102570\" srcset=\"https:\/\/www.eslebedasauto.at\/wp-content\/uploads\/2026\/04\/IMG_5548-1024x768.jpg 1024w, https:\/\/www.eslebedasauto.at\/wp-content\/uploads\/2026\/04\/IMG_5548-300x225.jpg 300w, https:\/\/www.eslebedasauto.at\/wp-content\/uploads\/2026\/04\/IMG_5548-768x576.jpg 768w, https:\/\/www.eslebedasauto.at\/wp-content\/uploads\/2026\/04\/IMG_5548-1536x1152.jpg 1536w, https:\/\/www.eslebedasauto.at\/wp-content\/uploads\/2026\/04\/IMG_5548-2048x1536.jpg 2048w, https:\/\/www.eslebedasauto.at\/wp-content\/uploads\/2026\/04\/IMG_5548-16x12.jpg 16w\" sizes=\"(max-width: 1024px) 100vw, 1024px\" \/><\/a><\/figure>\n\n\n\n<figure class=\"wp-block-image size-large\"><a href=\"https:\/\/www.eslebedasauto.at\/wp-content\/uploads\/2026\/04\/IMG_5539-scaled.jpg\"><img loading=\"lazy\" decoding=\"async\" width=\"1024\" height=\"768\" data-id=\"102561\" src=\"https:\/\/www.eslebedasauto.at\/wp-content\/uploads\/2026\/04\/IMG_5539-1024x768.jpg\" alt=\"\" class=\"wp-image-102561\" srcset=\"https:\/\/www.eslebedasauto.at\/wp-content\/uploads\/2026\/04\/IMG_5539-1024x768.jpg 1024w, https:\/\/www.eslebedasauto.at\/wp-content\/uploads\/2026\/04\/IMG_5539-300x225.jpg 300w, https:\/\/www.eslebedasauto.at\/wp-content\/uploads\/2026\/04\/IMG_5539-768x576.jpg 768w, https:\/\/www.eslebedasauto.at\/wp-content\/uploads\/2026\/04\/IMG_5539-1536x1152.jpg 1536w, https:\/\/www.eslebedasauto.at\/wp-content\/uploads\/2026\/04\/IMG_5539-2048x1536.jpg 2048w, https:\/\/www.eslebedasauto.at\/wp-content\/uploads\/2026\/04\/IMG_5539-16x12.jpg 16w\" sizes=\"(max-width: 1024px) 100vw, 1024px\" \/><\/a><\/figure>\n\n\n\n<figure class=\"wp-block-image size-large\"><a href=\"https:\/\/www.eslebedasauto.at\/wp-content\/uploads\/2026\/04\/IMG_5519-scaled.jpg\"><img loading=\"lazy\" decoding=\"async\" width=\"768\" height=\"1024\" data-id=\"102541\" src=\"https:\/\/www.eslebedasauto.at\/wp-content\/uploads\/2026\/04\/IMG_5519-768x1024.jpg\" alt=\"\" class=\"wp-image-102541\" srcset=\"https:\/\/www.eslebedasauto.at\/wp-content\/uploads\/2026\/04\/IMG_5519-768x1024.jpg 768w, https:\/\/www.eslebedasauto.at\/wp-content\/uploads\/2026\/04\/IMG_5519-225x300.jpg 225w, https:\/\/www.eslebedasauto.at\/wp-content\/uploads\/2026\/04\/IMG_5519-1152x1536.jpg 1152w, https:\/\/www.eslebedasauto.at\/wp-content\/uploads\/2026\/04\/IMG_5519-1536x2048.jpg 1536w, https:\/\/www.eslebedasauto.at\/wp-content\/uploads\/2026\/04\/IMG_5519-9x12.jpg 9w, https:\/\/www.eslebedasauto.at\/wp-content\/uploads\/2026\/04\/IMG_5519-scaled.jpg 1920w\" sizes=\"(max-width: 768px) 100vw, 768px\" \/><\/a><\/figure>\n<\/figure>\n\n\n\n<p><\/p>\n\n\n\n<h2 id=\"der-brave-kombi-hat-jetzt-richtig-biss\" class=\"wp-block-heading\">Der brave Kombi hat jetzt richtig Biss<\/h2>\n\n\n\n<p>Der Peugeot 308 SW war fr\u00fcher die klassische Vernunftentscheidung. Viel Platz, wenig Emotion. Ein Auto f\u00fcr Menschen, die \u201efunktioniert\u201c sagen und es genau so meinen. Doch genau da setzt der Plug-in-Hybrid an. Mehr Leistung, mehr Technik und vor allem: mehr Anspruch. Die Frage ist nur: Hat sich der L\u00f6we dabei vielleicht ein bissl \u00fcbernommen?<\/p>\n\n\n\n<h2 id=\"kombi-bleibt-kombi-und-das-ist-gut-so\" class=\"wp-block-heading\">Kombi bleibt Kombi \u2013 und das ist gut so<\/h2>\n\n\n\n<p>Trotz aller Elektrifizierung bleibt der 308 SW genau das, was er sein soll: ein extrem brauchbarer Allrounder. Mit 4,64 Meter L\u00e4nge bietet er vorne wie hinten ordentlich Platz, selbst mit 1,80 m sitzt man im Fond noch entspannt. Der Kofferraum? Tief, breit, praktisch. Bis zu 1.402 Liter gehen rein \u2013 das ist Familienurlaub ohne Tetris. Und genau das ist die St\u00e4rke: Der Franzose verliert sich nicht in seiner Technik, sondern bleibt bodenst\u00e4ndig.<\/p>\n\n\n\n<h2 id=\"hybrid-power-mehr-als-nur-sparprogramm\" class=\"wp-block-heading\">Hybrid-Power: Mehr als nur Sparprogramm<\/h2>\n\n\n\n<p>Unter der Haube arbeitet ein bekanntes, aber starkes Setup: 1,6-Liter-Turbobenziner plus E-Motor, gemeinsam 195 PS Systemleistung und rund 300 Nm Drehmoment. Das Ganze geht \u00fcber ein 7-Gang-Doppelkupplungsgetriebe an die Vorderachse. Klingt n\u00fcchtern, f\u00e4hrt sich aber ziemlich geschmeidig. Die Automatik macht ihren Job sauber, h\u00e4lt die Drehzahlen niedrig und sorgt f\u00fcr ein entspanntes Gleiten. Nur beim spontanen Gasgeben aus dem Segelmodus d\u00fcrfte er etwas bissiger reagieren.<\/p>\n\n\n\n<h2 id=\"fahrgefuhl-komfort-first-sport-second\" class=\"wp-block-heading\">Fahrgef\u00fchl: Komfort first, Sport second<\/h2>\n\n\n\n<p>Der 308 SW ist kein Kurvenr\u00e4uber \u2013 und will es auch gar nicht sein. Er f\u00e4hrt sich ruhig, stabil und angenehm unaufgeregt. Genau das macht ihn auf langen Strecken so stark. Die Lenkung? Pr\u00e4zise genug.<br>Das Fahrwerk? Komfortabel mit leichter Straffheit.<\/p>\n\n\n\n<p>Kurz gesagt: Er trifft genau die Mitte zwischen Alltag und Dynamik. Kein Drama, kein Stress, einfach fahren.<\/p>\n\n\n\n<h2 id=\"verbrauch-alltag-hybrid-kann-wenn-man-ihn-lasst\" class=\"wp-block-heading\">Verbrauch &amp; Alltag: Hybrid kann, wenn man ihn l\u00e4sst<\/h2>\n\n\n\n<p>Offiziell stehen rund 2,3 Liter plus Stromverbrauch im Datenblatt. In der Realit\u00e4t h\u00e4ngt alles davon ab, wie oft du l\u00e4dst. Wer regelm\u00e4\u00dfig ansteckt, f\u00e4hrt viele Strecken elektrisch und extrem effizient. Wer nicht l\u00e4dt, schleppt halt ein schweres System spazieren, dann relativiert sich der Vorteil schnell. Vollgeladen schafft man lt. Anzeige rein 70km, dieses Akkupack kann man praktischerweise sperren und nur dann nutzen wenn man es wirklich braucht. Man muss also vorausdenkend laden und fahren, dann kanns ein echter Sparfuchs sein, der L\u00f6we ;).<\/p>\n\n\n\n<h2 id=\"innenraum-peugeot-kann-auch-premium\" class=\"wp-block-heading\">Innenraum: Peugeot kann auch Premium<\/h2>\n\n\n\n<p>Im 308er SW wird\u2019s edel:<\/p>\n\n\n\n<ul class=\"wp-block-list\">\n<li>feine Materialien<\/li>\n\n\n\n<li>sportliche Details<\/li>\n\n\n\n<li>digitales Cockpit mit Peugeot-typischem i-Cockpit, 3 dimensional mit Layern.<\/li>\n<\/ul>\n\n\n\n<p>Die Bedienung ist typisch Peugeot: stylisch, aber nicht immer intuitiv. Daf\u00fcr schaut\u2019s halt verdammt gut aus.<\/p>\n\n\n\n<figure class=\"wp-block-table\"><table class=\"has-fixed-layout\"><thead><tr><th>Kategorie<\/th><th>Daten<\/th><\/tr><\/thead><tbody><tr><td><strong>Systemleistung<\/strong><\/td><td>195 PS (143 kW)<\/td><\/tr><tr><td><strong>Drehmoment<\/strong><\/td><td>ca. 300 Nm<\/td><\/tr><tr><td><strong>Motor<\/strong><\/td><td>1.6 l Turbo-Benziner + Elektromotor<\/td><\/tr><tr><td><strong>Antrieb<\/strong><\/td><td>Frontantrieb<\/td><\/tr><tr><td><strong>Getriebe<\/strong><\/td><td>7-Gang Doppelkupplung (e-DCS7)<\/td><\/tr><tr><td><strong>0\u2013100 km\/h<\/strong><\/td><td>ca. 7,6 Sekunden<\/td><\/tr><tr><td><strong>H\u00f6chstgeschwindigkeit<\/strong><\/td><td>225 km\/h<\/td><\/tr><tr><td><strong>Elektrisch max.<\/strong><\/td><td>ca. 135 km\/h<\/td><\/tr><tr><td><strong>Batterie<\/strong><\/td><td>17,2 kWh (brutto)<\/td><\/tr><tr><td><strong>E-Reichweite (WLTP)<\/strong><\/td><td>bis zu 85 km, wir haben 70 am 100% Display gelesen..<\/td><\/tr><tr><td><strong>Verbrauch (WLTP)<\/strong><\/td><td>ca. 2,2\u20132,4 l\/100 km<\/td><\/tr><tr><td><strong>Stromverbrauch<\/strong><\/td><td>ca. 15\u201317 kWh\/100 km<\/td><\/tr><tr><td><strong>Ladeleistung<\/strong><\/td><td>3,7 kW (Serie), 7,4 kW (optional)<\/td><\/tr><tr><td><strong>Ladezeit<\/strong><\/td><td>ca. 2\u20134 Stunden<\/td><\/tr><tr><td><strong>L\u00e4nge<\/strong><\/td><td>4.640 mm<\/td><\/tr><tr><td><strong>Breite<\/strong><\/td><td>1.850 mm<\/td><\/tr><tr><td><strong>H\u00f6he<\/strong><\/td><td>ca. 1.440 mm<\/td><\/tr><tr><td><strong>Radstand<\/strong><\/td><td>2.732 mm<\/td><\/tr><tr><td><strong>Kofferraum<\/strong><\/td><td>548 \u2013 1.402 Liter<\/td><\/tr><tr><td><strong>Leergewicht<\/strong><\/td><td>ca. 1.750\u20131.850 kg<\/td><\/tr><\/tbody><\/table><\/figure>\n\n\n\n<figure class=\"wp-block-gallery has-nested-images columns-default is-cropped wp-block-gallery-2 is-layout-flex wp-block-gallery-is-layout-flex\">\n<figure class=\"wp-block-image size-large\"><a href=\"https:\/\/www.eslebedasauto.at\/wp-content\/uploads\/2026\/04\/IMG_5532-1-scaled.jpg\"><img loading=\"lazy\" decoding=\"async\" width=\"1024\" height=\"768\" data-id=\"102574\" src=\"https:\/\/www.eslebedasauto.at\/wp-content\/uploads\/2026\/04\/IMG_5532-1-1024x768.jpg\" alt=\"\" class=\"wp-image-102574\" srcset=\"https:\/\/www.eslebedasauto.at\/wp-content\/uploads\/2026\/04\/IMG_5532-1-1024x768.jpg 1024w, https:\/\/www.eslebedasauto.at\/wp-content\/uploads\/2026\/04\/IMG_5532-1-300x225.jpg 300w, https:\/\/www.eslebedasauto.at\/wp-content\/uploads\/2026\/04\/IMG_5532-1-768x576.jpg 768w, https:\/\/www.eslebedasauto.at\/wp-content\/uploads\/2026\/04\/IMG_5532-1-1536x1152.jpg 1536w, https:\/\/www.eslebedasauto.at\/wp-content\/uploads\/2026\/04\/IMG_5532-1-2048x1536.jpg 2048w, https:\/\/www.eslebedasauto.at\/wp-content\/uploads\/2026\/04\/IMG_5532-1-16x12.jpg 16w\" sizes=\"(max-width: 1024px) 100vw, 1024px\" \/><\/a><\/figure>\n\n\n\n<figure class=\"wp-block-image size-large\"><img loading=\"lazy\" decoding=\"async\" width=\"1024\" height=\"768\" data-id=\"102573\" src=\"https:\/\/www.eslebedasauto.at\/wp-content\/uploads\/2026\/04\/IMG_5551-1024x768.jpg\" alt=\"\" class=\"wp-image-102573\" srcset=\"https:\/\/www.eslebedasauto.at\/wp-content\/uploads\/2026\/04\/IMG_5551-1024x768.jpg 1024w, https:\/\/www.eslebedasauto.at\/wp-content\/uploads\/2026\/04\/IMG_5551-300x225.jpg 300w, https:\/\/www.eslebedasauto.at\/wp-content\/uploads\/2026\/04\/IMG_5551-768x576.jpg 768w, https:\/\/www.eslebedasauto.at\/wp-content\/uploads\/2026\/04\/IMG_5551-1536x1152.jpg 1536w, https:\/\/www.eslebedasauto.at\/wp-content\/uploads\/2026\/04\/IMG_5551-2048x1536.jpg 2048w, https:\/\/www.eslebedasauto.at\/wp-content\/uploads\/2026\/04\/IMG_5551-16x12.jpg 16w\" sizes=\"(max-width: 1024px) 100vw, 1024px\" \/><\/figure>\n\n\n\n<figure class=\"wp-block-image size-large\"><img loading=\"lazy\" decoding=\"async\" width=\"768\" height=\"1024\" data-id=\"102563\" src=\"https:\/\/www.eslebedasauto.at\/wp-content\/uploads\/2026\/04\/IMG_5541-768x1024.jpg\" alt=\"\" class=\"wp-image-102563\" srcset=\"https:\/\/www.eslebedasauto.at\/wp-content\/uploads\/2026\/04\/IMG_5541-768x1024.jpg 768w, https:\/\/www.eslebedasauto.at\/wp-content\/uploads\/2026\/04\/IMG_5541-225x300.jpg 225w, https:\/\/www.eslebedasauto.at\/wp-content\/uploads\/2026\/04\/IMG_5541-1152x1536.jpg 1152w, https:\/\/www.eslebedasauto.at\/wp-content\/uploads\/2026\/04\/IMG_5541-1536x2048.jpg 1536w, https:\/\/www.eslebedasauto.at\/wp-content\/uploads\/2026\/04\/IMG_5541-9x12.jpg 9w, https:\/\/www.eslebedasauto.at\/wp-content\/uploads\/2026\/04\/IMG_5541-scaled.jpg 1920w\" sizes=\"(max-width: 768px) 100vw, 768px\" \/><\/figure>\n\n\n\n<figure class=\"wp-block-image size-large\"><img loading=\"lazy\" decoding=\"async\" width=\"1024\" height=\"768\" data-id=\"102556\" src=\"https:\/\/www.eslebedasauto.at\/wp-content\/uploads\/2026\/04\/IMG_5534-1024x768.jpg\" alt=\"\" class=\"wp-image-102556\" srcset=\"https:\/\/www.eslebedasauto.at\/wp-content\/uploads\/2026\/04\/IMG_5534-1024x768.jpg 1024w, https:\/\/www.eslebedasauto.at\/wp-content\/uploads\/2026\/04\/IMG_5534-300x225.jpg 300w, https:\/\/www.eslebedasauto.at\/wp-content\/uploads\/2026\/04\/IMG_5534-768x576.jpg 768w, https:\/\/www.eslebedasauto.at\/wp-content\/uploads\/2026\/04\/IMG_5534-1536x1152.jpg 1536w, https:\/\/www.eslebedasauto.at\/wp-content\/uploads\/2026\/04\/IMG_5534-2048x1536.jpg 2048w, https:\/\/www.eslebedasauto.at\/wp-content\/uploads\/2026\/04\/IMG_5534-16x12.jpg 16w\" sizes=\"(max-width: 1024px) 100vw, 1024px\" \/><\/figure>\n\n\n\n<figure class=\"wp-block-image size-large\"><img loading=\"lazy\" decoding=\"async\" width=\"2560\" height=\"1920\" data-id=\"102554\" src=\"https:\/\/www.eslebedasauto.at\/wp-content\/uploads\/2026\/04\/IMG_5532-scaled.jpg\" alt=\"\" class=\"wp-image-102554\" srcset=\"https:\/\/www.eslebedasauto.at\/wp-content\/uploads\/2026\/04\/IMG_5532-scaled.jpg 2560w, https:\/\/www.eslebedasauto.at\/wp-content\/uploads\/2026\/04\/IMG_5532-300x225.jpg 300w\" sizes=\"(max-width: 2560px) 100vw, 2560px\" \/><\/figure>\n\n\n\n<figure class=\"wp-block-image size-large\"><img loading=\"lazy\" decoding=\"async\" width=\"1024\" height=\"768\" data-id=\"102555\" src=\"https:\/\/www.eslebedasauto.at\/wp-content\/uploads\/2026\/04\/IMG_5533-1024x768.jpg\" alt=\"\" class=\"wp-image-102555\" srcset=\"https:\/\/www.eslebedasauto.at\/wp-content\/uploads\/2026\/04\/IMG_5533-1024x768.jpg 1024w, https:\/\/www.eslebedasauto.at\/wp-content\/uploads\/2026\/04\/IMG_5533-300x225.jpg 300w, https:\/\/www.eslebedasauto.at\/wp-content\/uploads\/2026\/04\/IMG_5533-768x576.jpg 768w, https:\/\/www.eslebedasauto.at\/wp-content\/uploads\/2026\/04\/IMG_5533-1536x1152.jpg 1536w, https:\/\/www.eslebedasauto.at\/wp-content\/uploads\/2026\/04\/IMG_5533-2048x1536.jpg 2048w, https:\/\/www.eslebedasauto.at\/wp-content\/uploads\/2026\/04\/IMG_5533-16x12.jpg 16w\" sizes=\"(max-width: 1024px) 100vw, 1024px\" \/><\/figure>\n\n\n\n<figure class=\"wp-block-image size-large\"><img loading=\"lazy\" decoding=\"async\" width=\"1024\" height=\"768\" data-id=\"102553\" src=\"https:\/\/www.eslebedasauto.at\/wp-content\/uploads\/2026\/04\/IMG_5531-1024x768.jpg\" alt=\"\" class=\"wp-image-102553\" srcset=\"https:\/\/www.eslebedasauto.at\/wp-content\/uploads\/2026\/04\/IMG_5531-1024x768.jpg 1024w, https:\/\/www.eslebedasauto.at\/wp-content\/uploads\/2026\/04\/IMG_5531-300x225.jpg 300w, https:\/\/www.eslebedasauto.at\/wp-content\/uploads\/2026\/04\/IMG_5531-768x576.jpg 768w, https:\/\/www.eslebedasauto.at\/wp-content\/uploads\/2026\/04\/IMG_5531-1536x1152.jpg 1536w, https:\/\/www.eslebedasauto.at\/wp-content\/uploads\/2026\/04\/IMG_5531-2048x1536.jpg 2048w, https:\/\/www.eslebedasauto.at\/wp-content\/uploads\/2026\/04\/IMG_5531-16x12.jpg 16w\" sizes=\"(max-width: 1024px) 100vw, 1024px\" \/><\/figure>\n\n\n\n<figure class=\"wp-block-image size-large\"><img loading=\"lazy\" decoding=\"async\" width=\"768\" height=\"1024\" data-id=\"102552\" src=\"https:\/\/www.eslebedasauto.at\/wp-content\/uploads\/2026\/04\/IMG_5530-768x1024.jpg\" alt=\"\" class=\"wp-image-102552\" srcset=\"https:\/\/www.eslebedasauto.at\/wp-content\/uploads\/2026\/04\/IMG_5530-768x1024.jpg 768w, https:\/\/www.eslebedasauto.at\/wp-content\/uploads\/2026\/04\/IMG_5530-225x300.jpg 225w, https:\/\/www.eslebedasauto.at\/wp-content\/uploads\/2026\/04\/IMG_5530-1152x1536.jpg 1152w, https:\/\/www.eslebedasauto.at\/wp-content\/uploads\/2026\/04\/IMG_5530-1536x2048.jpg 1536w, https:\/\/www.eslebedasauto.at\/wp-content\/uploads\/2026\/04\/IMG_5530-9x12.jpg 9w, https:\/\/www.eslebedasauto.at\/wp-content\/uploads\/2026\/04\/IMG_5530-scaled.jpg 1920w\" sizes=\"(max-width: 768px) 100vw, 768px\" \/><\/figure>\n\n\n\n<figure class=\"wp-block-image size-large\"><img loading=\"lazy\" decoding=\"async\" width=\"1024\" height=\"768\" data-id=\"102547\" src=\"https:\/\/www.eslebedasauto.at\/wp-content\/uploads\/2026\/04\/IMG_5525-1024x768.jpg\" alt=\"\" class=\"wp-image-102547\" srcset=\"https:\/\/www.eslebedasauto.at\/wp-content\/uploads\/2026\/04\/IMG_5525-1024x768.jpg 1024w, https:\/\/www.eslebedasauto.at\/wp-content\/uploads\/2026\/04\/IMG_5525-300x225.jpg 300w, https:\/\/www.eslebedasauto.at\/wp-content\/uploads\/2026\/04\/IMG_5525-768x576.jpg 768w, https:\/\/www.eslebedasauto.at\/wp-content\/uploads\/2026\/04\/IMG_5525-1536x1152.jpg 1536w, https:\/\/www.eslebedasauto.at\/wp-content\/uploads\/2026\/04\/IMG_5525-2048x1536.jpg 2048w, https:\/\/www.eslebedasauto.at\/wp-content\/uploads\/2026\/04\/IMG_5525-16x12.jpg 16w\" sizes=\"(max-width: 1024px) 100vw, 1024px\" \/><\/figure>\n\n\n\n<figure class=\"wp-block-image size-large\"><img loading=\"lazy\" decoding=\"async\" width=\"1024\" height=\"768\" data-id=\"102548\" src=\"https:\/\/www.eslebedasauto.at\/wp-content\/uploads\/2026\/04\/IMG_5526-1024x768.jpg\" alt=\"\" class=\"wp-image-102548\" srcset=\"https:\/\/www.eslebedasauto.at\/wp-content\/uploads\/2026\/04\/IMG_5526-1024x768.jpg 1024w, https:\/\/www.eslebedasauto.at\/wp-content\/uploads\/2026\/04\/IMG_5526-300x225.jpg 300w, https:\/\/www.eslebedasauto.at\/wp-content\/uploads\/2026\/04\/IMG_5526-768x576.jpg 768w, https:\/\/www.eslebedasauto.at\/wp-content\/uploads\/2026\/04\/IMG_5526-1536x1152.jpg 1536w, https:\/\/www.eslebedasauto.at\/wp-content\/uploads\/2026\/04\/IMG_5526-2048x1536.jpg 2048w, https:\/\/www.eslebedasauto.at\/wp-content\/uploads\/2026\/04\/IMG_5526-16x12.jpg 16w\" sizes=\"(max-width: 1024px) 100vw, 1024px\" \/><\/figure>\n\n\n\n<figure class=\"wp-block-image size-large\"><img loading=\"lazy\" decoding=\"async\" width=\"768\" height=\"1024\" data-id=\"102549\" src=\"https:\/\/www.eslebedasauto.at\/wp-content\/uploads\/2026\/04\/IMG_5527-768x1024.jpg\" alt=\"\" class=\"wp-image-102549\" srcset=\"https:\/\/www.eslebedasauto.at\/wp-content\/uploads\/2026\/04\/IMG_5527-768x1024.jpg 768w, https:\/\/www.eslebedasauto.at\/wp-content\/uploads\/2026\/04\/IMG_5527-225x300.jpg 225w, https:\/\/www.eslebedasauto.at\/wp-content\/uploads\/2026\/04\/IMG_5527-1152x1536.jpg 1152w, https:\/\/www.eslebedasauto.at\/wp-content\/uploads\/2026\/04\/IMG_5527-1536x2048.jpg 1536w, https:\/\/www.eslebedasauto.at\/wp-content\/uploads\/2026\/04\/IMG_5527-9x12.jpg 9w, https:\/\/www.eslebedasauto.at\/wp-content\/uploads\/2026\/04\/IMG_5527-scaled.jpg 1920w\" sizes=\"(max-width: 768px) 100vw, 768px\" \/><\/figure>\n\n\n\n<figure class=\"wp-block-image size-large\"><img loading=\"lazy\" decoding=\"async\" width=\"1024\" height=\"768\" data-id=\"102550\" src=\"https:\/\/www.eslebedasauto.at\/wp-content\/uploads\/2026\/04\/IMG_5528-1024x768.jpg\" alt=\"\" class=\"wp-image-102550\" srcset=\"https:\/\/www.eslebedasauto.at\/wp-content\/uploads\/2026\/04\/IMG_5528-1024x768.jpg 1024w, https:\/\/www.eslebedasauto.at\/wp-content\/uploads\/2026\/04\/IMG_5528-300x225.jpg 300w, https:\/\/www.eslebedasauto.at\/wp-content\/uploads\/2026\/04\/IMG_5528-768x576.jpg 768w, https:\/\/www.eslebedasauto.at\/wp-content\/uploads\/2026\/04\/IMG_5528-1536x1152.jpg 1536w, https:\/\/www.eslebedasauto.at\/wp-content\/uploads\/2026\/04\/IMG_5528-2048x1536.jpg 2048w, https:\/\/www.eslebedasauto.at\/wp-content\/uploads\/2026\/04\/IMG_5528-16x12.jpg 16w\" sizes=\"(max-width: 1024px) 100vw, 1024px\" \/><\/figure>\n\n\n\n<figure class=\"wp-block-image size-large\"><img loading=\"lazy\" decoding=\"async\" width=\"768\" height=\"1024\" data-id=\"102551\" src=\"https:\/\/www.eslebedasauto.at\/wp-content\/uploads\/2026\/04\/IMG_5529-768x1024.jpg\" alt=\"\" class=\"wp-image-102551\" srcset=\"https:\/\/www.eslebedasauto.at\/wp-content\/uploads\/2026\/04\/IMG_5529-768x1024.jpg 768w, https:\/\/www.eslebedasauto.at\/wp-content\/uploads\/2026\/04\/IMG_5529-225x300.jpg 225w, https:\/\/www.eslebedasauto.at\/wp-content\/uploads\/2026\/04\/IMG_5529-1152x1536.jpg 1152w, https:\/\/www.eslebedasauto.at\/wp-content\/uploads\/2026\/04\/IMG_5529-1536x2048.jpg 1536w, https:\/\/www.eslebedasauto.at\/wp-content\/uploads\/2026\/04\/IMG_5529-9x12.jpg 9w, https:\/\/www.eslebedasauto.at\/wp-content\/uploads\/2026\/04\/IMG_5529-scaled.jpg 1920w\" sizes=\"(max-width: 768px) 100vw, 768px\" \/><\/figure>\n\n\n\n<figure class=\"wp-block-image size-large\"><img loading=\"lazy\" decoding=\"async\" width=\"768\" height=\"1024\" data-id=\"102546\" src=\"https:\/\/www.eslebedasauto.at\/wp-content\/uploads\/2026\/04\/IMG_5524-768x1024.jpg\" alt=\"\" class=\"wp-image-102546\" srcset=\"https:\/\/www.eslebedasauto.at\/wp-content\/uploads\/2026\/04\/IMG_5524-768x1024.jpg 768w, https:\/\/www.eslebedasauto.at\/wp-content\/uploads\/2026\/04\/IMG_5524-225x300.jpg 225w, https:\/\/www.eslebedasauto.at\/wp-content\/uploads\/2026\/04\/IMG_5524-1152x1536.jpg 1152w, https:\/\/www.eslebedasauto.at\/wp-content\/uploads\/2026\/04\/IMG_5524-1536x2048.jpg 1536w, https:\/\/www.eslebedasauto.at\/wp-content\/uploads\/2026\/04\/IMG_5524-9x12.jpg 9w, https:\/\/www.eslebedasauto.at\/wp-content\/uploads\/2026\/04\/IMG_5524-scaled.jpg 1920w\" sizes=\"(max-width: 768px) 100vw, 768px\" \/><\/figure>\n\n\n\n<figure class=\"wp-block-image size-large\"><img loading=\"lazy\" decoding=\"async\" width=\"768\" height=\"1024\" data-id=\"102545\" src=\"https:\/\/www.eslebedasauto.at\/wp-content\/uploads\/2026\/04\/IMG_5523-768x1024.jpg\" alt=\"\" class=\"wp-image-102545\" srcset=\"https:\/\/www.eslebedasauto.at\/wp-content\/uploads\/2026\/04\/IMG_5523-768x1024.jpg 768w, https:\/\/www.eslebedasauto.at\/wp-content\/uploads\/2026\/04\/IMG_5523-225x300.jpg 225w, https:\/\/www.eslebedasauto.at\/wp-content\/uploads\/2026\/04\/IMG_5523-1152x1536.jpg 1152w, https:\/\/www.eslebedasauto.at\/wp-content\/uploads\/2026\/04\/IMG_5523-1536x2048.jpg 1536w, https:\/\/www.eslebedasauto.at\/wp-content\/uploads\/2026\/04\/IMG_5523-9x12.jpg 9w, https:\/\/www.eslebedasauto.at\/wp-content\/uploads\/2026\/04\/IMG_5523-scaled.jpg 1920w\" sizes=\"(max-width: 768px) 100vw, 768px\" \/><\/figure>\n<\/figure>\n\n\n\n<p><\/p>\n\n\n\n<h2 id=\"der-peugeot-308-sw-plug-in-hybrid-195-gt-ist-genau-das-was-moderne-kombis-sein-mussen\" class=\"wp-block-heading\">Der Peugeot 308 SW Plug-in Hybrid 195 GT ist genau das, was moderne Kombis sein m\u00fcssen:<\/h2>\n\n\n\n<ul class=\"wp-block-list\">\n<li>praktisch wie immer<\/li>\n\n\n\n<li>effizient, wenn man will<\/li>\n\n\n\n<li>und mit genug Leistung, um nicht langweilig zu sein<\/li>\n<\/ul>\n\n\n\n<p>Er bleibt ein Allrounder \u2013 aber einer mit deutlich mehr Selbstbewusstsein.<\/p>\n\n\n\n<p>Oder anders gesagt:<br>Der brave Kombi ist erwachsen geworden. Und ein bissl frech auch. Der Preis ist hei\u00df, bereits ab 23.700 Euro ist der Kombi zu haben unsere Testversion liegt da aber eher im 40.000 er Bereich.<\/p>\n\n\n\n<p><\/p>","protected":false},"excerpt":{"rendered":"<p>Der Peugeot 308 SW Plug-in Hybrid 195 zeigt, wie sehr sich der klassische Kombi ver\u00e4ndert hat. Fr\u00fcher stand diese Fahrzeugklasse f\u00fcr reine Vernunft. Heute liefert sie elektrifizierte Performance, moderne Technik und erstaunlich viel Fahrspa\u00df. Genau hier setzt der franz\u00f6sische Lademeister an: mit 195 PS Systemleistung, bis zu 85 Kilometern elektrischer Reichweite und einem klaren Anspruch,&hellip;&nbsp;<a href=\"https:\/\/www.eslebedasauto.at\/en\/peugeot-308-sw-plug-in-hybrid-195-der-kombi-der-plotzlich-richtig-laune-macht\/\" rel=\"bookmark\">Read More &raquo;<span class=\"screen-reader-text\">Peugeot 308 SW Plug-in Hybrid 195: Der Kombi, der pl\u00f6tzlich richtig Laune macht<\/span><\/a><\/p>","protected":false},"author":1,"featured_media":102540,"comment_status":"open","ping_status":"open","sticky":false,"template":"","format":"standard","meta":{"neve_meta_sidebar":"","neve_meta_container":"","neve_meta_enable_content_width":"","neve_meta_content_width":0,"neve_meta_title_alignment":"","neve_meta_author_avatar":"","neve_post_elements_order":"","neve_meta_disable_header":"","neve_meta_disable_footer":"","neve_meta_disable_title":"","neve_meta_reading_time":"","footnotes":""},"categories":[335,12],"tags":[],"class_list":["post-102576","post","type-post","status-publish","format-standard","has-post-thumbnail","hentry","category-fahrberichte","category-hybrid"],"yoast_head":"<!-- This site is optimized with the Yoast SEO plugin v26.8 - https:\/\/yoast.com\/product\/yoast-seo-wordpress\/ -->\n<title>Peugeot 308 SW Plug-in Hybrid 195 Test: Daten, Verbrauch &amp; Fahrbericht<\/title>\n<meta name=\"description\" content=\"Test des Peugeot 308 SW Plug-in Hybrid 195: 195 PS, bis zu 70 km elektrisch und viel Platz. Alle Infos zu Verbrauch, Reichweite und Alltag.\" \/>\n<meta name=\"robots\" content=\"index, follow, max-snippet:-1, max-image-preview:large, max-video-preview:-1\" \/>\n<link rel=\"canonical\" href=\"https:\/\/www.eslebedasauto.at\/en\/peugeot-308-sw-plug-in-hybrid-195-der-kombi-der-plotzlich-richtig-laune-macht\/\" \/>\n<meta property=\"og:locale\" content=\"en_GB\" \/>\n<meta property=\"og:type\" content=\"article\" \/>\n<meta property=\"og:title\" content=\"Peugeot 308 SW Plug-in Hybrid 195 Test: Daten, Verbrauch &amp; Fahrbericht\" \/>\n<meta property=\"og:description\" content=\"Test des Peugeot 308 SW Plug-in Hybrid 195: 195 PS, bis zu 70 km elektrisch und viel Platz. Alle Infos zu Verbrauch, Reichweite und Alltag.\" \/>\n<meta property=\"og:url\" content=\"https:\/\/www.eslebedasauto.at\/en\/peugeot-308-sw-plug-in-hybrid-195-der-kombi-der-plotzlich-richtig-laune-macht\/\" \/>\n<meta property=\"og:site_name\" content=\"Es lebe das Auto\" \/>\n<meta property=\"article:publisher\" content=\"https:\/\/www.facebook.com\/eslebedasauto.at\" \/>\n<meta property=\"article:published_time\" content=\"2026-04-27T07:35:20+00:00\" \/>\n<meta property=\"article:modified_time\" content=\"2026-04-27T07:42:41+00:00\" \/>\n<meta property=\"og:image\" content=\"https:\/\/www.eslebedasauto.at\/wp-content\/uploads\/2026\/04\/IMG_5518-scaled.jpg\" \/>\n\t<meta property=\"og:image:width\" content=\"2560\" \/>\n\t<meta property=\"og:image:height\" content=\"1920\" \/>\n\t<meta property=\"og:image:type\" content=\"image\/jpeg\" \/>\n<meta name=\"author\" content=\"Juergen\" \/>\n<meta name=\"twitter:card\" content=\"summary_large_image\" \/>\n<meta name=\"twitter:label1\" content=\"Written by\" \/>\n\t<meta name=\"twitter:data1\" content=\"Juergen\" \/>\n\t<meta name=\"twitter:label2\" content=\"Estimated reading time\" \/>\n\t<meta name=\"twitter:data2\" content=\"9 minutes\" \/>\n<script type=\"application\/ld+json\" class=\"yoast-schema-graph\">{\"@context\":\"https:\/\/schema.org\",\"@graph\":[{\"@type\":\"Article\",\"@id\":\"https:\/\/www.eslebedasauto.at\/peugeot-308-sw-plug-in-hybrid-195-der-kombi-der-plotzlich-richtig-laune-macht\/#article\",\"isPartOf\":{\"@id\":\"https:\/\/www.eslebedasauto.at\/peugeot-308-sw-plug-in-hybrid-195-der-kombi-der-plotzlich-richtig-laune-macht\/\"},\"author\":{\"name\":\"Juergen\",\"@id\":\"https:\/\/www.eslebedasauto.at\/#\/schema\/person\/4ecfb7fe1eb40654e5370227118c3fc2\"},\"headline\":\"Peugeot 308 SW Plug-in Hybrid 195: Der Kombi, der pl\u00f6tzlich richtig Laune macht\",\"datePublished\":\"2026-04-27T07:35:20+00:00\",\"dateModified\":\"2026-04-27T07:42:41+00:00\",\"mainEntityOfPage\":{\"@id\":\"https:\/\/www.eslebedasauto.at\/peugeot-308-sw-plug-in-hybrid-195-der-kombi-der-plotzlich-richtig-laune-macht\/\"},\"wordCount\":741,\"commentCount\":0,\"publisher\":{\"@id\":\"https:\/\/www.eslebedasauto.at\/#organization\"},\"image\":{\"@id\":\"https:\/\/www.eslebedasauto.at\/peugeot-308-sw-plug-in-hybrid-195-der-kombi-der-plotzlich-richtig-laune-macht\/#primaryimage\"},\"thumbnailUrl\":\"https:\/\/www.eslebedasauto.at\/wp-content\/uploads\/2026\/04\/IMG_5518-scaled.jpg\",\"articleSection\":[\"Fahrberichte\",\"Hybrid\"],\"inLanguage\":\"en-GB\",\"potentialAction\":[{\"@type\":\"CommentAction\",\"name\":\"Comment\",\"target\":[\"https:\/\/www.eslebedasauto.at\/peugeot-308-sw-plug-in-hybrid-195-der-kombi-der-plotzlich-richtig-laune-macht\/#respond\"]}]},{\"@type\":\"WebPage\",\"@id\":\"https:\/\/www.eslebedasauto.at\/peugeot-308-sw-plug-in-hybrid-195-der-kombi-der-plotzlich-richtig-laune-macht\/\",\"url\":\"https:\/\/www.eslebedasauto.at\/peugeot-308-sw-plug-in-hybrid-195-der-kombi-der-plotzlich-richtig-laune-macht\/\",\"name\":\"Peugeot 308 SW Plug-in Hybrid 195 Test: Daten, Verbrauch & Fahrbericht\",\"isPartOf\":{\"@id\":\"https:\/\/www.eslebedasauto.at\/#website\"},\"primaryImageOfPage\":{\"@id\":\"https:\/\/www.eslebedasauto.at\/peugeot-308-sw-plug-in-hybrid-195-der-kombi-der-plotzlich-richtig-laune-macht\/#primaryimage\"},\"image\":{\"@id\":\"https:\/\/www.eslebedasauto.at\/peugeot-308-sw-plug-in-hybrid-195-der-kombi-der-plotzlich-richtig-laune-macht\/#primaryimage\"},\"thumbnailUrl\":\"https:\/\/www.eslebedasauto.at\/wp-content\/uploads\/2026\/04\/IMG_5518-scaled.jpg\",\"datePublished\":\"2026-04-27T07:35:20+00:00\",\"dateModified\":\"2026-04-27T07:42:41+00:00\",\"description\":\"Test des Peugeot 308 SW Plug-in Hybrid 195: 195 PS, bis zu 70 km elektrisch und viel Platz. Alle Infos zu Verbrauch, Reichweite und Alltag.\",\"breadcrumb\":{\"@id\":\"https:\/\/www.eslebedasauto.at\/peugeot-308-sw-plug-in-hybrid-195-der-kombi-der-plotzlich-richtig-laune-macht\/#breadcrumb\"},\"inLanguage\":\"en-GB\",\"potentialAction\":[{\"@type\":\"ReadAction\",\"target\":[\"https:\/\/www.eslebedasauto.at\/peugeot-308-sw-plug-in-hybrid-195-der-kombi-der-plotzlich-richtig-laune-macht\/\"]}]},{\"@type\":\"ImageObject\",\"inLanguage\":\"en-GB\",\"@id\":\"https:\/\/www.eslebedasauto.at\/peugeot-308-sw-plug-in-hybrid-195-der-kombi-der-plotzlich-richtig-laune-macht\/#primaryimage\",\"url\":\"https:\/\/www.eslebedasauto.at\/wp-content\/uploads\/2026\/04\/IMG_5518-scaled.jpg\",\"contentUrl\":\"https:\/\/www.eslebedasauto.at\/wp-content\/uploads\/2026\/04\/IMG_5518-scaled.jpg\",\"width\":2560,\"height\":1920},{\"@type\":\"BreadcrumbList\",\"@id\":\"https:\/\/www.eslebedasauto.at\/peugeot-308-sw-plug-in-hybrid-195-der-kombi-der-plotzlich-richtig-laune-macht\/#breadcrumb\",\"itemListElement\":[{\"@type\":\"ListItem\",\"position\":1,\"name\":\"Startseite\",\"item\":\"https:\/\/www.eslebedasauto.at\/\"},{\"@type\":\"ListItem\",\"position\":2,\"name\":\"Peugeot 308 SW Plug-in Hybrid 195: Der Kombi, der pl\u00f6tzlich richtig Laune macht\"}]},{\"@type\":\"WebSite\",\"@id\":\"https:\/\/www.eslebedasauto.at\/#website\",\"url\":\"https:\/\/www.eslebedasauto.at\/\",\"name\":\"Es lebe das Auto\",\"description\":\"ein Hoch auf den Individualverkehr\",\"publisher\":{\"@id\":\"https:\/\/www.eslebedasauto.at\/#organization\"},\"potentialAction\":[{\"@type\":\"SearchAction\",\"target\":{\"@type\":\"EntryPoint\",\"urlTemplate\":\"https:\/\/www.eslebedasauto.at\/?s={search_term_string}\"},\"query-input\":{\"@type\":\"PropertyValueSpecification\",\"valueRequired\":true,\"valueName\":\"search_term_string\"}}],\"inLanguage\":\"en-GB\"},{\"@type\":\"Organization\",\"@id\":\"https:\/\/www.eslebedasauto.at\/#organization\",\"name\":\"eslebedasauto\",\"url\":\"https:\/\/www.eslebedasauto.at\/\",\"logo\":{\"@type\":\"ImageObject\",\"inLanguage\":\"en-GB\",\"@id\":\"https:\/\/www.eslebedasauto.at\/#\/schema\/logo\/image\/\",\"url\":\"https:\/\/www.eslebedasauto.at\/wp-content\/uploads\/2025\/10\/eldarund.png\",\"contentUrl\":\"https:\/\/www.eslebedasauto.at\/wp-content\/uploads\/2025\/10\/eldarund.png\",\"width\":1024,\"height\":1024,\"caption\":\"eslebedasauto\"},\"image\":{\"@id\":\"https:\/\/www.eslebedasauto.at\/#\/schema\/logo\/image\/\"},\"sameAs\":[\"https:\/\/www.facebook.com\/eslebedasauto.at\",\"https:\/\/www.instagram.com\/es_lebe_das_auto\/\"]},{\"@type\":\"Person\",\"@id\":\"https:\/\/www.eslebedasauto.at\/#\/schema\/person\/4ecfb7fe1eb40654e5370227118c3fc2\",\"name\":\"Juergen\",\"url\":\"https:\/\/www.eslebedasauto.at\/en\/author\/netzwerkkapitaene-og\/\"}]}<\/script>\n<!-- \/ Yoast SEO plugin. -->","yoast_head_json":{"title":"Peugeot 308 SW Plug-in Hybrid 195 Test: Daten, Verbrauch & Fahrbericht","description":"Test des Peugeot 308 SW Plug-in Hybrid 195: 195 PS, bis zu 70 km elektrisch und viel Platz. Alle Infos zu Verbrauch, Reichweite und Alltag.","robots":{"index":"index","follow":"follow","max-snippet":"max-snippet:-1","max-image-preview":"max-image-preview:large","max-video-preview":"max-video-preview:-1"},"canonical":"https:\/\/www.eslebedasauto.at\/en\/peugeot-308-sw-plug-in-hybrid-195-der-kombi-der-plotzlich-richtig-laune-macht\/","og_locale":"en_GB","og_type":"article","og_title":"Peugeot 308 SW Plug-in Hybrid 195 Test: Daten, Verbrauch & Fahrbericht","og_description":"Test des Peugeot 308 SW Plug-in Hybrid 195: 195 PS, bis zu 70 km elektrisch und viel Platz. Alle Infos zu Verbrauch, Reichweite und Alltag.","og_url":"https:\/\/www.eslebedasauto.at\/en\/peugeot-308-sw-plug-in-hybrid-195-der-kombi-der-plotzlich-richtig-laune-macht\/","og_site_name":"Es lebe das Auto","article_publisher":"https:\/\/www.facebook.com\/eslebedasauto.at","article_published_time":"2026-04-27T07:35:20+00:00","article_modified_time":"2026-04-27T07:42:41+00:00","og_image":[{"width":2560,"height":1920,"url":"https:\/\/www.eslebedasauto.at\/wp-content\/uploads\/2026\/04\/IMG_5518-scaled.jpg","type":"image\/jpeg"}],"author":"Juergen","twitter_card":"summary_large_image","twitter_misc":{"Written by":"Juergen","Estimated reading time":"9 minutes"},"schema":{"@context":"https:\/\/schema.org","@graph":[{"@type":"Article","@id":"https:\/\/www.eslebedasauto.at\/peugeot-308-sw-plug-in-hybrid-195-der-kombi-der-plotzlich-richtig-laune-macht\/#article","isPartOf":{"@id":"https:\/\/www.eslebedasauto.at\/peugeot-308-sw-plug-in-hybrid-195-der-kombi-der-plotzlich-richtig-laune-macht\/"},"author":{"name":"Juergen","@id":"https:\/\/www.eslebedasauto.at\/#\/schema\/person\/4ecfb7fe1eb40654e5370227118c3fc2"},"headline":"Peugeot 308 SW Plug-in Hybrid 195: Der Kombi, der pl\u00f6tzlich richtig Laune macht","datePublished":"2026-04-27T07:35:20+00:00","dateModified":"2026-04-27T07:42:41+00:00","mainEntityOfPage":{"@id":"https:\/\/www.eslebedasauto.at\/peugeot-308-sw-plug-in-hybrid-195-der-kombi-der-plotzlich-richtig-laune-macht\/"},"wordCount":741,"commentCount":0,"publisher":{"@id":"https:\/\/www.eslebedasauto.at\/#organization"},"image":{"@id":"https:\/\/www.eslebedasauto.at\/peugeot-308-sw-plug-in-hybrid-195-der-kombi-der-plotzlich-richtig-laune-macht\/#primaryimage"},"thumbnailUrl":"https:\/\/www.eslebedasauto.at\/wp-content\/uploads\/2026\/04\/IMG_5518-scaled.jpg","articleSection":["Fahrberichte","Hybrid"],"inLanguage":"en-GB","potentialAction":[{"@type":"CommentAction","name":"Comment","target":["https:\/\/www.eslebedasauto.at\/peugeot-308-sw-plug-in-hybrid-195-der-kombi-der-plotzlich-richtig-laune-macht\/#respond"]}]},{"@type":"WebPage","@id":"https:\/\/www.eslebedasauto.at\/peugeot-308-sw-plug-in-hybrid-195-der-kombi-der-plotzlich-richtig-laune-macht\/","url":"https:\/\/www.eslebedasauto.at\/peugeot-308-sw-plug-in-hybrid-195-der-kombi-der-plotzlich-richtig-laune-macht\/","name":"Peugeot 308 SW Plug-in Hybrid 195 Test: Daten, Verbrauch & Fahrbericht","isPartOf":{"@id":"https:\/\/www.eslebedasauto.at\/#website"},"primaryImageOfPage":{"@id":"https:\/\/www.eslebedasauto.at\/peugeot-308-sw-plug-in-hybrid-195-der-kombi-der-plotzlich-richtig-laune-macht\/#primaryimage"},"image":{"@id":"https:\/\/www.eslebedasauto.at\/peugeot-308-sw-plug-in-hybrid-195-der-kombi-der-plotzlich-richtig-laune-macht\/#primaryimage"},"thumbnailUrl":"https:\/\/www.eslebedasauto.at\/wp-content\/uploads\/2026\/04\/IMG_5518-scaled.jpg","datePublished":"2026-04-27T07:35:20+00:00","dateModified":"2026-04-27T07:42:41+00:00","description":"Test des Peugeot 308 SW Plug-in Hybrid 195: 195 PS, bis zu 70 km elektrisch und viel Platz. Alle Infos zu Verbrauch, Reichweite und Alltag.","breadcrumb":{"@id":"https:\/\/www.eslebedasauto.at\/peugeot-308-sw-plug-in-hybrid-195-der-kombi-der-plotzlich-richtig-laune-macht\/#breadcrumb"},"inLanguage":"en-GB","potentialAction":[{"@type":"ReadAction","target":["https:\/\/www.eslebedasauto.at\/peugeot-308-sw-plug-in-hybrid-195-der-kombi-der-plotzlich-richtig-laune-macht\/"]}]},{"@type":"ImageObject","inLanguage":"en-GB","@id":"https:\/\/www.eslebedasauto.at\/peugeot-308-sw-plug-in-hybrid-195-der-kombi-der-plotzlich-richtig-laune-macht\/#primaryimage","url":"https:\/\/www.eslebedasauto.at\/wp-content\/uploads\/2026\/04\/IMG_5518-scaled.jpg","contentUrl":"https:\/\/www.eslebedasauto.at\/wp-content\/uploads\/2026\/04\/IMG_5518-scaled.jpg","width":2560,"height":1920},{"@type":"BreadcrumbList","@id":"https:\/\/www.eslebedasauto.at\/peugeot-308-sw-plug-in-hybrid-195-der-kombi-der-plotzlich-richtig-laune-macht\/#breadcrumb","itemListElement":[{"@type":"ListItem","position":1,"name":"Startseite","item":"https:\/\/www.eslebedasauto.at\/"},{"@type":"ListItem","position":2,"name":"Peugeot 308 SW Plug-in Hybrid 195: Der Kombi, der pl\u00f6tzlich richtig Laune macht"}]},{"@type":"WebSite","@id":"https:\/\/www.eslebedasauto.at\/#website","url":"https:\/\/www.eslebedasauto.at\/","name":"Es lebe das Auto","description":"ein Hoch auf den Individualverkehr","publisher":{"@id":"https:\/\/www.eslebedasauto.at\/#organization"},"potentialAction":[{"@type":"SearchAction","target":{"@type":"EntryPoint","urlTemplate":"https:\/\/www.eslebedasauto.at\/?s={search_term_string}"},"query-input":{"@type":"PropertyValueSpecification","valueRequired":true,"valueName":"search_term_string"}}],"inLanguage":"en-GB"},{"@type":"Organization","@id":"https:\/\/www.eslebedasauto.at\/#organization","name":"eslebedasauto","url":"https:\/\/www.eslebedasauto.at\/","logo":{"@type":"ImageObject","inLanguage":"en-GB","@id":"https:\/\/www.eslebedasauto.at\/#\/schema\/logo\/image\/","url":"https:\/\/www.eslebedasauto.at\/wp-content\/uploads\/2025\/10\/eldarund.png","contentUrl":"https:\/\/www.eslebedasauto.at\/wp-content\/uploads\/2025\/10\/eldarund.png","width":1024,"height":1024,"caption":"eslebedasauto"},"image":{"@id":"https:\/\/www.eslebedasauto.at\/#\/schema\/logo\/image\/"},"sameAs":["https:\/\/www.facebook.com\/eslebedasauto.at","https:\/\/www.instagram.com\/es_lebe_das_auto\/"]},{"@type":"Person","@id":"https:\/\/www.eslebedasauto.at\/#\/schema\/person\/4ecfb7fe1eb40654e5370227118c3fc2","name":"Juergen","url":"https:\/\/www.eslebedasauto.at\/en\/author\/netzwerkkapitaene-og\/"}]}},"_links":{"self":[{"href":"https:\/\/www.eslebedasauto.at\/en\/wp-json\/wp\/v2\/posts\/102576","targetHints":{"allow":["GET"]}}],"collection":[{"href":"https:\/\/www.eslebedasauto.at\/en\/wp-json\/wp\/v2\/posts"}],"about":[{"href":"https:\/\/www.eslebedasauto.at\/en\/wp-json\/wp\/v2\/types\/post"}],"author":[{"embeddable":true,"href":"https:\/\/www.eslebedasauto.at\/en\/wp-json\/wp\/v2\/users\/1"}],"replies":[{"embeddable":true,"href":"https:\/\/www.eslebedasauto.at\/en\/wp-json\/wp\/v2\/comments?post=102576"}],"version-history":[{"count":3,"href":"https:\/\/www.eslebedasauto.at\/en\/wp-json\/wp\/v2\/posts\/102576\/revisions"}],"predecessor-version":[{"id":102584,"href":"https:\/\/www.eslebedasauto.at\/en\/wp-json\/wp\/v2\/posts\/102576\/revisions\/102584"}],"wp:featuredmedia":[{"embeddable":true,"href":"https:\/\/www.eslebedasauto.at\/en\/wp-json\/wp\/v2\/media\/102540"}],"wp:attachment":[{"href":"https:\/\/www.eslebedasauto.at\/en\/wp-json\/wp\/v2\/media?parent=102576"}],"wp:term":[{"taxonomy":"category","embeddable":true,"href":"https:\/\/www.eslebedasauto.at\/en\/wp-json\/wp\/v2\/categories?post=102576"},{"taxonomy":"post_tag","embeddable":true,"href":"https:\/\/www.eslebedasauto.at\/en\/wp-json\/wp\/v2\/tags?post=102576"}],"curies":[{"name":"wp","href":"https:\/\/api.w.org\/{rel}","templated":true}]}}