{"id":100706,"date":"2025-10-07T11:55:49","date_gmt":"2025-10-07T09:55:49","guid":{"rendered":"https:\/\/www.eslebedasauto.at\/?p=100706"},"modified":"2025-10-07T13:29:06","modified_gmt":"2025-10-07T11:29:06","slug":"citroen-c5-aircross-eine-erste-verkostung","status":"publish","type":"post","link":"https:\/\/www.eslebedasauto.at\/en\/citroen-c5-aircross-eine-erste-verkostung\/","title":{"rendered":"Citro\u00ebn C5 Aircross &#8211; eine erste Verkostung."},"content":{"rendered":"<h4 id=\"citroen-hat-bereits-im-fruhling-den-neuen-c5-aircross-prasentiert-und-vor-zwei-monaten-auch-die-bestellbucher-dafur-geoffnet-wir-hatten-jetzt-auf-mallorca-die-moglichkeit-dem-franzosen-das-erste-mal\" class=\"wp-block-heading\">Citro\u00ebn hat bereits im Fr\u00fchling den neuen C5 Aircross pr\u00e4sentiert und vor zwei Monaten auch die Bestellb\u00fccher daf\u00fcr ge\u00f6ffnet. Wir hatten jetzt auf Mallorca die M\u00f6glichkeit, dem Franzosen das erste Mal auf den Zahn zu f\u00fchlen.<\/h4>\n\n\n\n<p>Mit der zweiten Generation des C5 Aircross schlie\u00dft der franz\u00f6sische Automobilhersteller Citro\u00ebn die optische Runderneuerung seiner Modellpalette ab. Diese besteht ab sofort ausschlie\u00dflich aus SUV. Der C5 Aircross \u00fcbernimmt jetzt ebenfalls viele Details der wegweisenden <strong>Studie Oli<\/strong>, die 2024 auf dem Pariser Automobilsalon gezeigt wurde.<\/p>\n\n\n\n<figure class=\"wp-block-gallery has-nested-images columns-default is-cropped wp-block-gallery-1 is-layout-flex wp-block-gallery-is-layout-flex\">\n<figure class=\"wp-block-image size-large\"><img fetchpriority=\"high\" decoding=\"async\" width=\"1024\" height=\"768\" data-id=\"100736\" src=\"https:\/\/www.eslebedasauto.at\/wp-content\/uploads\/2025\/10\/ampnet_photo_20220928_214974-1024x768.jpg\" alt=\"\" class=\"wp-image-100736\" srcset=\"https:\/\/www.eslebedasauto.at\/wp-content\/uploads\/2025\/10\/ampnet_photo_20220928_214974-1024x768.jpg 1024w, https:\/\/www.eslebedasauto.at\/wp-content\/uploads\/2025\/10\/ampnet_photo_20220928_214974-300x225.jpg 300w, https:\/\/www.eslebedasauto.at\/wp-content\/uploads\/2025\/10\/ampnet_photo_20220928_214974-768x576.jpg 768w, https:\/\/www.eslebedasauto.at\/wp-content\/uploads\/2025\/10\/ampnet_photo_20220928_214974-1536x1152.jpg 1536w, https:\/\/www.eslebedasauto.at\/wp-content\/uploads\/2025\/10\/ampnet_photo_20220928_214974-2048x1535.jpg 2048w\" sizes=\"(max-width: 1024px) 100vw, 1024px\" \/><figcaption class=\"wp-element-caption\">Citro\u00ebn Oli<\/figcaption><\/figure>\n\n\n\n<figure class=\"wp-block-image size-large\"><img decoding=\"async\" width=\"1024\" height=\"753\" data-id=\"100737\" src=\"https:\/\/www.eslebedasauto.at\/wp-content\/uploads\/2025\/10\/ampnet_photo_20220928_214975-1024x753.jpg\" alt=\"\" class=\"wp-image-100737\" srcset=\"https:\/\/www.eslebedasauto.at\/wp-content\/uploads\/2025\/10\/ampnet_photo_20220928_214975-1024x753.jpg 1024w, https:\/\/www.eslebedasauto.at\/wp-content\/uploads\/2025\/10\/ampnet_photo_20220928_214975-300x221.jpg 300w, https:\/\/www.eslebedasauto.at\/wp-content\/uploads\/2025\/10\/ampnet_photo_20220928_214975-768x565.jpg 768w, https:\/\/www.eslebedasauto.at\/wp-content\/uploads\/2025\/10\/ampnet_photo_20220928_214975-1536x1129.jpg 1536w, https:\/\/www.eslebedasauto.at\/wp-content\/uploads\/2025\/10\/ampnet_photo_20220928_214975-2048x1505.jpg 2048w\" sizes=\"(max-width: 1024px) 100vw, 1024px\" \/><\/figure>\n<\/figure>\n\n\n\n<figure class=\"wp-block-image size-large\"><img decoding=\"async\" width=\"1024\" height=\"683\" src=\"https:\/\/www.eslebedasauto.at\/wp-content\/uploads\/2025\/10\/aum_photo_20251006_255117-1024x683.jpg\" alt=\"\" class=\"wp-image-100729\" srcset=\"https:\/\/www.eslebedasauto.at\/wp-content\/uploads\/2025\/10\/aum_photo_20251006_255117-1024x683.jpg 1024w, https:\/\/www.eslebedasauto.at\/wp-content\/uploads\/2025\/10\/aum_photo_20251006_255117-300x200.jpg 300w, https:\/\/www.eslebedasauto.at\/wp-content\/uploads\/2025\/10\/aum_photo_20251006_255117-768x512.jpg 768w, https:\/\/www.eslebedasauto.at\/wp-content\/uploads\/2025\/10\/aum_photo_20251006_255117-1536x1024.jpg 1536w, https:\/\/www.eslebedasauto.at\/wp-content\/uploads\/2025\/10\/aum_photo_20251006_255117-2048x1365.jpg 2048w, https:\/\/www.eslebedasauto.at\/wp-content\/uploads\/2025\/10\/aum_photo_20251006_255117-930x620.jpg 930w\" sizes=\"(max-width: 1024px) 100vw, 1024px\" \/><\/figure>\n\n\n\n<p><strong>Bei der Gestaltung gingen die Designer vollkommen neue Wege gegen\u00fcber dem Vorg\u00e4nger.<\/strong> Das Ergebnis ist eine Silhouette, die mit Kanten und Linien spielt und v\u00f6llig auf Chrom verzichtet. Die Front wird vom pr\u00e4gnanten neuen Logo dominiert und von der neuen Lichtsignatur eingerahmt. Am Heck haben es die aus der Studie bekannten herausragenden R\u00fcckleuchten tats\u00e4chlich die Serie geschafft. Die dezent abfallende Dachlinie verbessert die Aerodynamik &#8211; das sorgt f\u00fcr bessere Reichweite &#8211; dennoch herrscht tolle Kopffreiheit f\u00fcr die hinten Sitzenden. Gegen\u00fcber dem Vorg\u00e4nger wuchs die L\u00e4nge des Citro\u00ebn C5 Aircross um 15 Zentimeter auf stattliche 4,65 Meter. Der Radstand legte gar um sechs Zentimeter zu. Citro\u00ebn verzichtet beim&nbsp;C5&nbsp;Aircross bewusst auf eine Siebensitzer-Version &#8211; die bleibt dem Peugeot 5008 vorbehalten.<\/p>\n\n\n\n<figure class=\"wp-block-image size-large\"><img loading=\"lazy\" decoding=\"async\" width=\"1024\" height=\"683\" src=\"https:\/\/www.eslebedasauto.at\/wp-content\/uploads\/2025\/10\/aum_photo_20251006_255118-1024x683.jpg\" alt=\"\" class=\"wp-image-100730\" srcset=\"https:\/\/www.eslebedasauto.at\/wp-content\/uploads\/2025\/10\/aum_photo_20251006_255118-1024x683.jpg 1024w, https:\/\/www.eslebedasauto.at\/wp-content\/uploads\/2025\/10\/aum_photo_20251006_255118-300x200.jpg 300w, https:\/\/www.eslebedasauto.at\/wp-content\/uploads\/2025\/10\/aum_photo_20251006_255118-768x512.jpg 768w, https:\/\/www.eslebedasauto.at\/wp-content\/uploads\/2025\/10\/aum_photo_20251006_255118-1536x1024.jpg 1536w, https:\/\/www.eslebedasauto.at\/wp-content\/uploads\/2025\/10\/aum_photo_20251006_255118-2048x1365.jpg 2048w, https:\/\/www.eslebedasauto.at\/wp-content\/uploads\/2025\/10\/aum_photo_20251006_255118-930x620.jpg 930w\" sizes=\"(max-width: 1024px) 100vw, 1024px\" \/><\/figure>\n\n\n\n<h4 id=\"elektrifizierung-ist-trumpf\" class=\"wp-block-heading\">Elektrifizierung ist Trumpf.<\/h4>\n\n\n\n<p>Bei den Antrieben w\u00e4hlten die Entwickler f\u00fcr die Basisversion den bew\u00e4hrten 136 PS starken Turbo-Dreizylinder, der von einem 12 PS starken Elektromotor unterst\u00fctzt wird, welcher in das 6-Gang-Doppelkupplungsgetriebe integriert ist. Die <strong>Systemleistung des Mild-Hybrid betr\u00e4gt 145 PS<\/strong> (ab EUR 34.990). F\u00fcr die Version mit Plug-in-Hybridtechnik kommt ein 1,6-Liter-Turbovierzylinder zum Einsatz, der 150 PS leistet und an einen 125 PS starken E-Motor gekoppelt ist, was  wiederum eine <strong>Systemleistung von 195 PS<\/strong> ergibt. Die Kraft\u00fcbertragung \u00fcbernimmt hier ein Sieben-Gang-Doppelkupplungsgetriebe. Laut Hersteller sind im Stadtverkehr rund 100 vollelektrische Kilometer m\u00f6glich.<br><br><strong>Mit reinem Elektroantrieb gehen zwei Versionen an den Start.<\/strong> Die Variante mit 157 kW (210 PS) und einem 73 kWh starken Akku kommt auf eine WLTP-Reichweite von 520 Kilometern. Die st\u00e4rkere \u201eLong Range\u201c Version mit 170 kW (230 PS) muss nach maximal 680 Kilometern an die Lades\u00e4ule.<\/p>\n\n\n\n<figure class=\"wp-block-image size-large\"><img loading=\"lazy\" decoding=\"async\" width=\"1024\" height=\"683\" src=\"https:\/\/www.eslebedasauto.at\/wp-content\/uploads\/2025\/10\/aum_photo_20251006_255116-1024x683.jpg\" alt=\"\" class=\"wp-image-100727\" srcset=\"https:\/\/www.eslebedasauto.at\/wp-content\/uploads\/2025\/10\/aum_photo_20251006_255116-1024x683.jpg 1024w, https:\/\/www.eslebedasauto.at\/wp-content\/uploads\/2025\/10\/aum_photo_20251006_255116-300x200.jpg 300w, https:\/\/www.eslebedasauto.at\/wp-content\/uploads\/2025\/10\/aum_photo_20251006_255116-768x512.jpg 768w, https:\/\/www.eslebedasauto.at\/wp-content\/uploads\/2025\/10\/aum_photo_20251006_255116-1536x1024.jpg 1536w, https:\/\/www.eslebedasauto.at\/wp-content\/uploads\/2025\/10\/aum_photo_20251006_255116-2048x1365.jpg 2048w, https:\/\/www.eslebedasauto.at\/wp-content\/uploads\/2025\/10\/aum_photo_20251006_255116-930x620.jpg 930w\" sizes=\"(max-width: 1024px) 100vw, 1024px\" \/><\/figure>\n\n\n\n<h4 id=\"starten-wir-mit-dem-citroen-c5-aircross-plug-in-hybrid\" class=\"wp-block-heading\"><strong>Starten wir mit dem Citro\u00ebn C5 Aircross Plug-in-Hybrid<\/strong>.<\/h4>\n\n\n\n<p><\/p>\n\n\n\n<p>Der PHEV-Antrieb stellt die Mitte im Motoren-Portfolio des C5 dar. Los geht\u00b4s in der Regel rein elektrisch. Der 125 PS starke E-Motor bef\u00f6rdert das SUV schon recht ordentlich vorw\u00e4rts, druckvoll wird\u00b4s freilich erst, wenn ihm der Verbrenner unterst\u00fctzt. Das passiert, wenn die Geschwindigkeit zu hoch oder die Beschleunigungsw\u00fcnsche zu vehement werden &#8211; oder es der Fahrer mittels Modus-Schalter (HYBRID) w\u00fcnscht. Dann schaltet sich der Sechzehnhunderter-Vierzylinder unterst\u00fctzend dazu, was man klarer Weise akustisch auch bemerkt. <\/p>\n\n\n\n<p><strong>Besonders gelungen ist die Arbeitsteilung zwischen Benziner und Elektromotor im Hybrid-Mode:<\/strong> Wo sonst das Turboloch nerven w\u00fcrde, hilft der E-Motor mit. Der PHEV zieht von unten raus angenehm kr\u00e4ftig durch \u2013 und schiebt immer wieder rein elektrische Fahrphasen ein. Das f\u00fchlt sich nicht nur modern an, sondern passt auch perfekt zum entspannten Charakter des C5 Aircross.<\/p>\n\n\n\n<p>In \u00d6sterreich geht\u2019s preislich <strong>ab 40.590 Euro <\/strong>los. Bestellt kann ab sofort werden.<\/p>\n\n\n\n<figure class=\"wp-block-image size-large\"><img loading=\"lazy\" decoding=\"async\" width=\"1024\" height=\"768\" src=\"https:\/\/www.eslebedasauto.at\/wp-content\/uploads\/2025\/10\/IMG_4299-1024x768.jpeg\" alt=\"\" class=\"wp-image-100717\" srcset=\"https:\/\/www.eslebedasauto.at\/wp-content\/uploads\/2025\/10\/IMG_4299-1024x768.jpeg 1024w, https:\/\/www.eslebedasauto.at\/wp-content\/uploads\/2025\/10\/IMG_4299-300x225.jpeg 300w, https:\/\/www.eslebedasauto.at\/wp-content\/uploads\/2025\/10\/IMG_4299-768x576.jpeg 768w, https:\/\/www.eslebedasauto.at\/wp-content\/uploads\/2025\/10\/IMG_4299-1536x1152.jpeg 1536w, https:\/\/www.eslebedasauto.at\/wp-content\/uploads\/2025\/10\/IMG_4299.jpeg 2048w\" sizes=\"(max-width: 1024px) 100vw, 1024px\" \/><\/figure>\n\n\n\n<p><\/p>\n\n\n\n<h4 id=\"eine-stufe-daruber-rangiert-der-citroen-c5-aircross-electric-210-komfort-range-mit-dem-wir-ebenfalls-eine-runde-drehen-konnten\" class=\"wp-block-heading\"><strong>Eine Stufe dar\u00fcber rangiert der Citro\u00ebn C5 Aircross Electric 210 Komfort-Range<\/strong>, mit dem wir ebenfalls eine Runde drehen konnten.<\/h4>\n\n\n\n<p>Unter der Haube werkt hier ein 210 PS starker Elektromotor, der seine Energie aus einer 73-kWh-Batterie zieht. Damit soll das gro\u00dfe SUV laut WLTP-Norm bis zu 520 Kilometer weit kommen \u2013 genug, um die Insel Mallorca ohne Nachladen mehr als einmal zu umrunden. Das haben wir klarer Weise nicht ausprobiert, wir zweifeln aber trotzdem nicht an der Langstreckentauglichkeit des gro\u00dfen Citro\u00ebn und werden das in einem Intensivtest sicher nachholen.<\/p>\n\n\n\n<figure class=\"wp-block-image size-large\"><img loading=\"lazy\" decoding=\"async\" width=\"1024\" height=\"683\" src=\"https:\/\/www.eslebedasauto.at\/wp-content\/uploads\/2025\/10\/aum_photo_20251006_255115-1024x683.jpg\" alt=\"\" class=\"wp-image-100728\" srcset=\"https:\/\/www.eslebedasauto.at\/wp-content\/uploads\/2025\/10\/aum_photo_20251006_255115-1024x683.jpg 1024w, https:\/\/www.eslebedasauto.at\/wp-content\/uploads\/2025\/10\/aum_photo_20251006_255115-300x200.jpg 300w, https:\/\/www.eslebedasauto.at\/wp-content\/uploads\/2025\/10\/aum_photo_20251006_255115-768x512.jpg 768w, https:\/\/www.eslebedasauto.at\/wp-content\/uploads\/2025\/10\/aum_photo_20251006_255115-1536x1024.jpg 1536w, https:\/\/www.eslebedasauto.at\/wp-content\/uploads\/2025\/10\/aum_photo_20251006_255115-2048x1365.jpg 2048w, https:\/\/www.eslebedasauto.at\/wp-content\/uploads\/2025\/10\/aum_photo_20251006_255115-930x620.jpg 930w\" sizes=\"(max-width: 1024px) 100vw, 1024px\" \/><\/figure>\n\n\n\n<p><strong>In Sachen Souver\u00e4nit\u00e4t legt der Citro\u00ebn C5 Aircross Electric klar vor. <\/strong>Der drehmomentstarke Elektromotor passt einfach perfekt zu diesem Auto &#8211; hier funktioniert der Vortrieb eben artgerecht seidenweich ohne jeden Anflug von Anstrengung. Auch das h\u00f6here Gewicht des Elektrikers f\u00f6rdert den souver\u00e4nen Charakter &#8211; das Auto liegt einfach super-satt auf der Stra\u00dfe. Der C5 Aircross Electric ist somit ein entspannter Reisepartner, der sich nicht nur auf Kurzstrecken wohlf\u00fchlt, sondern auch auf der gro\u00dfen Reise gl\u00e4nzt. Was wir ebenfalls ausprobieren konnten, ist die weitgehend neutrale und sichere Stra\u00dfenlage auf den engen mallorcinischen Landstra\u00dfen &#8211; hier macht der Citro\u00ebn \u00fcberraschenderweise richtig Spa\u00df, ohne jedoch den Komfort zu verlieren. <\/p>\n\n\n\n<p>Hier liegt der Einstiegspreis in \u00d6sterreich bei <strong>42.990 Euro<\/strong>.<\/p>\n\n\n\n<h4 id=\"das-highlight-des-c5-aircross-ist-der-beruhmte-citroen-wohlfuhlfaktor-egal-welche-motorisierung-man-wahlt\" class=\"wp-block-heading\"><strong>DAS Highlight des C5 Aircross ist der ber\u00fchmte Citro\u00ebn-\u201eWohlf\u00fchlfaktor\u201c &#8211; egal welche Motorisierung man w\u00e4hlt.<\/strong> <\/h4>\n\n\n\n<p>Das <strong>Advanced Comfort Fahrwerk mit seinen progressiven hydraulischen Anschl\u00e4gen <\/strong>b\u00fcgelt selbst grobe Unebenheiten der Stra\u00dfe weg, der Hersteller spricht hier von einem &#8222;Fliegenden-Teppich-Feeling&#8220; &#8211; kommt hin. Einzig die stylischen, extra gro\u00df ausgef\u00fchrten und somit eher hart abrollenden R\u00e4der verhageln die Bestnote. Besser d\u00e4mpfende 18- oder 19-Zoll Bereifung w\u00fcrde das Ganze perfektionieren &#8211; schaut halt nicht ganz so cool aus. Ebenfalls toll: die Advanced Comfort Sitze, die nicht nur weich gepolstert sind, sondern auch \u00fcber eine besonders ergonomische Form verf\u00fcgen. Ergebnis: Man steigt nach einer langen Fahrt nicht ersch\u00f6pft, sondern entspannt aus \u2013 ganz so, wie es sich Citro\u00ebn seit jeher auf die Fahnen schreibt.<\/p>\n\n\n\n<figure class=\"wp-block-gallery has-nested-images columns-default is-cropped wp-block-gallery-2 is-layout-flex wp-block-gallery-is-layout-flex\">\n<figure class=\"wp-block-image size-large\"><img loading=\"lazy\" decoding=\"async\" width=\"683\" height=\"1024\" data-id=\"100732\" src=\"https:\/\/www.eslebedasauto.at\/wp-content\/uploads\/2025\/10\/aum_photo_20251006_255112-683x1024.jpg\" alt=\"\" class=\"wp-image-100732\" srcset=\"https:\/\/www.eslebedasauto.at\/wp-content\/uploads\/2025\/10\/aum_photo_20251006_255112-683x1024.jpg 683w, https:\/\/www.eslebedasauto.at\/wp-content\/uploads\/2025\/10\/aum_photo_20251006_255112-200x300.jpg 200w, https:\/\/www.eslebedasauto.at\/wp-content\/uploads\/2025\/10\/aum_photo_20251006_255112-768x1152.jpg 768w, https:\/\/www.eslebedasauto.at\/wp-content\/uploads\/2025\/10\/aum_photo_20251006_255112-1024x1536.jpg 1024w, https:\/\/www.eslebedasauto.at\/wp-content\/uploads\/2025\/10\/aum_photo_20251006_255112-1365x2048.jpg 1365w, https:\/\/www.eslebedasauto.at\/wp-content\/uploads\/2025\/10\/aum_photo_20251006_255112.jpg 1672w\" sizes=\"(max-width: 683px) 100vw, 683px\" \/><\/figure>\n<\/figure>\n\n\n\n<p><strong>Beim Interieur zeigt Citro\u00ebn viel Liebe zum Detail.<\/strong> Sowohl bei der Gestaltung als auch bei der Materialwahl. Pr\u00e4gnantestes Element ist sicher der riesige zentrale Touchscreen, den die franz\u00f6sischen Werbetexter &#8222;Wasserfall&#8220; nennen. Er zieht sich \u00fcber die gesamte H\u00f6he des Dashboards herunter, dahinter findet man Ablagen und Dosenhalter. Die Bedienung des C5 Aircross funktioniert weitgehend friktionsfrei, sofern man sich anfangs auch ein wenig damit besch\u00e4ftigt hat. Aber das ist mittlerweile bei allen modernen Autos Pflicht &#8211; ohne Kennenlern-Termin vorher wird\u00b4s meist schwierig mit der Bedienbarkeit &#8211; au\u00dferdem bleiben interessante Features dadurch oft im Verborgenen. Es gilt auch hier, sich Zeit zu nehmen und einfach gem\u00fctlich durchs System zu touchen &#8211; bevor man losstartet.<\/p>\n\n\n\n<figure class=\"wp-block-image size-large\"><img loading=\"lazy\" decoding=\"async\" width=\"1024\" height=\"683\" src=\"https:\/\/www.eslebedasauto.at\/wp-content\/uploads\/2025\/10\/aum_photo_20251006_255113-1024x683.jpg\" alt=\"\" class=\"wp-image-100733\" srcset=\"https:\/\/www.eslebedasauto.at\/wp-content\/uploads\/2025\/10\/aum_photo_20251006_255113-1024x683.jpg 1024w, https:\/\/www.eslebedasauto.at\/wp-content\/uploads\/2025\/10\/aum_photo_20251006_255113-300x200.jpg 300w, https:\/\/www.eslebedasauto.at\/wp-content\/uploads\/2025\/10\/aum_photo_20251006_255113-768x512.jpg 768w, https:\/\/www.eslebedasauto.at\/wp-content\/uploads\/2025\/10\/aum_photo_20251006_255113-1536x1024.jpg 1536w, https:\/\/www.eslebedasauto.at\/wp-content\/uploads\/2025\/10\/aum_photo_20251006_255113-2048x1365.jpg 2048w, https:\/\/www.eslebedasauto.at\/wp-content\/uploads\/2025\/10\/aum_photo_20251006_255113-930x620.jpg 930w\" sizes=\"(max-width: 1024px) 100vw, 1024px\" \/><\/figure>\n\n\n\n<p><strong>Bei der Ausstattung lassen sich die Franzosen wie gewohnt nicht lumpen.<\/strong> Die Basislinie <strong>\u201eYOU\u201c<\/strong> bringt bereits LED-Scheinwerfer, einen gro\u00dfen 13-Zoll-Touchscreen, Zwei-Zonen-Klimaautomatik, hintere Einparkhilfe sowie eine k\u00fchlbare Mittelarmlehne mit. Dar\u00fcber rangiert die <strong>\u201ePLUS\u201c-Version<\/strong>, die zus\u00e4tzlich Ambientebeleuchtung, ein Navigationssystem mit Sprachsteuerung samt ChatGPT-Integration und ein schl\u00fcsselloses Zugangssystem bietet. Das Topmodell <strong>\u201eMAX\u201c<\/strong> geht noch einen Schritt weiter und wartet mit Matrix-LED-Scheinwerfern, elektrischer Heckklappe inklusive Fu\u00dfsensor sowie einem Head-up-Display auf.<\/p>\n\n\n\n<p><\/p>","protected":false},"excerpt":{"rendered":"<p>DAS Highlight des C5 Aircross ist der ber\u00fchmte Citro\u00ebn-\u201eWohlf\u00fchlfaktor\u201c &#8211; egal welche Motorisierung man w\u00e4hlt. <\/p>","protected":false},"author":2,"featured_media":100721,"comment_status":"open","ping_status":"open","sticky":false,"template":"","format":"standard","meta":{"neve_meta_sidebar":"","neve_meta_container":"","neve_meta_enable_content_width":"","neve_meta_content_width":0,"neve_meta_title_alignment":"","neve_meta_author_avatar":"","neve_post_elements_order":"","neve_meta_disable_header":"","neve_meta_disable_footer":"","neve_meta_disable_title":"","neve_meta_reading_time":"","footnotes":""},"categories":[335],"tags":[],"class_list":["post-100706","post","type-post","status-publish","format-standard","has-post-thumbnail","hentry","category-fahrberichte"],"yoast_head":"<!-- This site is optimized with the Yoast SEO plugin v26.8 - https:\/\/yoast.com\/product\/yoast-seo-wordpress\/ -->\n<title>Citro\u00ebn C5 Aircross - eine erste Verkostung. - Es lebe das Auto<\/title>\n<meta name=\"description\" content=\"DAS Highlight des C5 Aircross ist der ber\u00fchmte Citro\u00ebn-\u201eWohlf\u00fchlfaktor\u201c - egal welche Motorisierung man w\u00e4hlt.\" \/>\n<meta name=\"robots\" content=\"index, follow, max-snippet:-1, max-image-preview:large, max-video-preview:-1\" \/>\n<link rel=\"canonical\" href=\"https:\/\/www.eslebedasauto.at\/en\/citroen-c5-aircross-eine-erste-verkostung\/\" \/>\n<meta property=\"og:locale\" content=\"en_GB\" \/>\n<meta property=\"og:type\" content=\"article\" \/>\n<meta property=\"og:title\" content=\"Citro\u00ebn C5 Aircross - eine erste Verkostung. - Es lebe das Auto\" \/>\n<meta property=\"og:description\" content=\"DAS Highlight des C5 Aircross ist der ber\u00fchmte Citro\u00ebn-\u201eWohlf\u00fchlfaktor\u201c - egal welche Motorisierung man w\u00e4hlt.\" \/>\n<meta property=\"og:url\" content=\"https:\/\/www.eslebedasauto.at\/en\/citroen-c5-aircross-eine-erste-verkostung\/\" \/>\n<meta property=\"og:site_name\" content=\"Es lebe das Auto\" \/>\n<meta property=\"article:publisher\" content=\"https:\/\/www.facebook.com\/eslebedasauto.at\" \/>\n<meta property=\"article:published_time\" content=\"2025-10-07T09:55:49+00:00\" \/>\n<meta property=\"article:modified_time\" content=\"2025-10-07T11:29:06+00:00\" \/>\n<meta property=\"og:image\" content=\"https:\/\/www.eslebedasauto.at\/wp-content\/uploads\/2025\/10\/IMG_4331.jpeg\" \/>\n\t<meta property=\"og:image:width\" content=\"2048\" \/>\n\t<meta property=\"og:image:height\" content=\"1536\" \/>\n\t<meta property=\"og:image:type\" content=\"image\/jpeg\" \/>\n<meta name=\"author\" content=\"gerhard\" \/>\n<meta name=\"twitter:card\" content=\"summary_large_image\" \/>\n<meta name=\"twitter:label1\" content=\"Written by\" \/>\n\t<meta name=\"twitter:data1\" content=\"gerhard\" \/>\n\t<meta name=\"twitter:label2\" content=\"Estimated reading time\" \/>\n\t<meta name=\"twitter:data2\" content=\"8 minutes\" \/>\n<script type=\"application\/ld+json\" class=\"yoast-schema-graph\">{\"@context\":\"https:\/\/schema.org\",\"@graph\":[{\"@type\":\"Article\",\"@id\":\"https:\/\/www.eslebedasauto.at\/citroen-c5-aircross-eine-erste-verkostung\/#article\",\"isPartOf\":{\"@id\":\"https:\/\/www.eslebedasauto.at\/citroen-c5-aircross-eine-erste-verkostung\/\"},\"author\":{\"name\":\"gerhard\",\"@id\":\"https:\/\/www.eslebedasauto.at\/#\/schema\/person\/fb81218b0bed500d225ff518f9f17033\"},\"headline\":\"Citro\u00ebn C5 Aircross &#8211; eine erste Verkostung.\",\"datePublished\":\"2025-10-07T09:55:49+00:00\",\"dateModified\":\"2025-10-07T11:29:06+00:00\",\"mainEntityOfPage\":{\"@id\":\"https:\/\/www.eslebedasauto.at\/citroen-c5-aircross-eine-erste-verkostung\/\"},\"wordCount\":1070,\"commentCount\":0,\"publisher\":{\"@id\":\"https:\/\/www.eslebedasauto.at\/#organization\"},\"image\":{\"@id\":\"https:\/\/www.eslebedasauto.at\/citroen-c5-aircross-eine-erste-verkostung\/#primaryimage\"},\"thumbnailUrl\":\"https:\/\/www.eslebedasauto.at\/wp-content\/uploads\/2025\/10\/IMG_4331.jpeg\",\"articleSection\":[\"Fahrberichte\"],\"inLanguage\":\"en-GB\",\"potentialAction\":[{\"@type\":\"CommentAction\",\"name\":\"Comment\",\"target\":[\"https:\/\/www.eslebedasauto.at\/citroen-c5-aircross-eine-erste-verkostung\/#respond\"]}]},{\"@type\":\"WebPage\",\"@id\":\"https:\/\/www.eslebedasauto.at\/citroen-c5-aircross-eine-erste-verkostung\/\",\"url\":\"https:\/\/www.eslebedasauto.at\/citroen-c5-aircross-eine-erste-verkostung\/\",\"name\":\"Citro\u00ebn C5 Aircross - eine erste Verkostung. - Es lebe das Auto\",\"isPartOf\":{\"@id\":\"https:\/\/www.eslebedasauto.at\/#website\"},\"primaryImageOfPage\":{\"@id\":\"https:\/\/www.eslebedasauto.at\/citroen-c5-aircross-eine-erste-verkostung\/#primaryimage\"},\"image\":{\"@id\":\"https:\/\/www.eslebedasauto.at\/citroen-c5-aircross-eine-erste-verkostung\/#primaryimage\"},\"thumbnailUrl\":\"https:\/\/www.eslebedasauto.at\/wp-content\/uploads\/2025\/10\/IMG_4331.jpeg\",\"datePublished\":\"2025-10-07T09:55:49+00:00\",\"dateModified\":\"2025-10-07T11:29:06+00:00\",\"description\":\"DAS Highlight des C5 Aircross ist der ber\u00fchmte Citro\u00ebn-\u201eWohlf\u00fchlfaktor\u201c - egal welche Motorisierung man w\u00e4hlt.\",\"breadcrumb\":{\"@id\":\"https:\/\/www.eslebedasauto.at\/citroen-c5-aircross-eine-erste-verkostung\/#breadcrumb\"},\"inLanguage\":\"en-GB\",\"potentialAction\":[{\"@type\":\"ReadAction\",\"target\":[\"https:\/\/www.eslebedasauto.at\/citroen-c5-aircross-eine-erste-verkostung\/\"]}]},{\"@type\":\"ImageObject\",\"inLanguage\":\"en-GB\",\"@id\":\"https:\/\/www.eslebedasauto.at\/citroen-c5-aircross-eine-erste-verkostung\/#primaryimage\",\"url\":\"https:\/\/www.eslebedasauto.at\/wp-content\/uploads\/2025\/10\/IMG_4331.jpeg\",\"contentUrl\":\"https:\/\/www.eslebedasauto.at\/wp-content\/uploads\/2025\/10\/IMG_4331.jpeg\",\"width\":2048,\"height\":1536},{\"@type\":\"BreadcrumbList\",\"@id\":\"https:\/\/www.eslebedasauto.at\/citroen-c5-aircross-eine-erste-verkostung\/#breadcrumb\",\"itemListElement\":[{\"@type\":\"ListItem\",\"position\":1,\"name\":\"Startseite\",\"item\":\"https:\/\/www.eslebedasauto.at\/\"},{\"@type\":\"ListItem\",\"position\":2,\"name\":\"Citro\u00ebn C5 Aircross &#8211; eine erste Verkostung.\"}]},{\"@type\":\"WebSite\",\"@id\":\"https:\/\/www.eslebedasauto.at\/#website\",\"url\":\"https:\/\/www.eslebedasauto.at\/\",\"name\":\"Es lebe das Auto\",\"description\":\"ein Hoch auf den Individualverkehr\",\"publisher\":{\"@id\":\"https:\/\/www.eslebedasauto.at\/#organization\"},\"potentialAction\":[{\"@type\":\"SearchAction\",\"target\":{\"@type\":\"EntryPoint\",\"urlTemplate\":\"https:\/\/www.eslebedasauto.at\/?s={search_term_string}\"},\"query-input\":{\"@type\":\"PropertyValueSpecification\",\"valueRequired\":true,\"valueName\":\"search_term_string\"}}],\"inLanguage\":\"en-GB\"},{\"@type\":\"Organization\",\"@id\":\"https:\/\/www.eslebedasauto.at\/#organization\",\"name\":\"eslebedasauto\",\"url\":\"https:\/\/www.eslebedasauto.at\/\",\"logo\":{\"@type\":\"ImageObject\",\"inLanguage\":\"en-GB\",\"@id\":\"https:\/\/www.eslebedasauto.at\/#\/schema\/logo\/image\/\",\"url\":\"https:\/\/www.eslebedasauto.at\/wp-content\/uploads\/2025\/10\/eldarund.png\",\"contentUrl\":\"https:\/\/www.eslebedasauto.at\/wp-content\/uploads\/2025\/10\/eldarund.png\",\"width\":1024,\"height\":1024,\"caption\":\"eslebedasauto\"},\"image\":{\"@id\":\"https:\/\/www.eslebedasauto.at\/#\/schema\/logo\/image\/\"},\"sameAs\":[\"https:\/\/www.facebook.com\/eslebedasauto.at\",\"https:\/\/www.instagram.com\/es_lebe_das_auto\/\"]},{\"@type\":\"Person\",\"@id\":\"https:\/\/www.eslebedasauto.at\/#\/schema\/person\/fb81218b0bed500d225ff518f9f17033\",\"name\":\"gerhard\",\"url\":\"https:\/\/www.eslebedasauto.at\/en\/author\/gerhard\/\"}]}<\/script>\n<!-- \/ Yoast SEO plugin. -->","yoast_head_json":{"title":"Citro\u00ebn C5 Aircross - eine erste Verkostung. - Es lebe das Auto","description":"DAS Highlight des C5 Aircross ist der ber\u00fchmte Citro\u00ebn-\u201eWohlf\u00fchlfaktor\u201c - egal welche Motorisierung man w\u00e4hlt.","robots":{"index":"index","follow":"follow","max-snippet":"max-snippet:-1","max-image-preview":"max-image-preview:large","max-video-preview":"max-video-preview:-1"},"canonical":"https:\/\/www.eslebedasauto.at\/en\/citroen-c5-aircross-eine-erste-verkostung\/","og_locale":"en_GB","og_type":"article","og_title":"Citro\u00ebn C5 Aircross - eine erste Verkostung. - Es lebe das Auto","og_description":"DAS Highlight des C5 Aircross ist der ber\u00fchmte Citro\u00ebn-\u201eWohlf\u00fchlfaktor\u201c - egal welche Motorisierung man w\u00e4hlt.","og_url":"https:\/\/www.eslebedasauto.at\/en\/citroen-c5-aircross-eine-erste-verkostung\/","og_site_name":"Es lebe das Auto","article_publisher":"https:\/\/www.facebook.com\/eslebedasauto.at","article_published_time":"2025-10-07T09:55:49+00:00","article_modified_time":"2025-10-07T11:29:06+00:00","og_image":[{"width":2048,"height":1536,"url":"https:\/\/www.eslebedasauto.at\/wp-content\/uploads\/2025\/10\/IMG_4331.jpeg","type":"image\/jpeg"}],"author":"gerhard","twitter_card":"summary_large_image","twitter_misc":{"Written by":"gerhard","Estimated reading time":"8 minutes"},"schema":{"@context":"https:\/\/schema.org","@graph":[{"@type":"Article","@id":"https:\/\/www.eslebedasauto.at\/citroen-c5-aircross-eine-erste-verkostung\/#article","isPartOf":{"@id":"https:\/\/www.eslebedasauto.at\/citroen-c5-aircross-eine-erste-verkostung\/"},"author":{"name":"gerhard","@id":"https:\/\/www.eslebedasauto.at\/#\/schema\/person\/fb81218b0bed500d225ff518f9f17033"},"headline":"Citro\u00ebn C5 Aircross &#8211; eine erste Verkostung.","datePublished":"2025-10-07T09:55:49+00:00","dateModified":"2025-10-07T11:29:06+00:00","mainEntityOfPage":{"@id":"https:\/\/www.eslebedasauto.at\/citroen-c5-aircross-eine-erste-verkostung\/"},"wordCount":1070,"commentCount":0,"publisher":{"@id":"https:\/\/www.eslebedasauto.at\/#organization"},"image":{"@id":"https:\/\/www.eslebedasauto.at\/citroen-c5-aircross-eine-erste-verkostung\/#primaryimage"},"thumbnailUrl":"https:\/\/www.eslebedasauto.at\/wp-content\/uploads\/2025\/10\/IMG_4331.jpeg","articleSection":["Fahrberichte"],"inLanguage":"en-GB","potentialAction":[{"@type":"CommentAction","name":"Comment","target":["https:\/\/www.eslebedasauto.at\/citroen-c5-aircross-eine-erste-verkostung\/#respond"]}]},{"@type":"WebPage","@id":"https:\/\/www.eslebedasauto.at\/citroen-c5-aircross-eine-erste-verkostung\/","url":"https:\/\/www.eslebedasauto.at\/citroen-c5-aircross-eine-erste-verkostung\/","name":"Citro\u00ebn C5 Aircross - eine erste Verkostung. - Es lebe das Auto","isPartOf":{"@id":"https:\/\/www.eslebedasauto.at\/#website"},"primaryImageOfPage":{"@id":"https:\/\/www.eslebedasauto.at\/citroen-c5-aircross-eine-erste-verkostung\/#primaryimage"},"image":{"@id":"https:\/\/www.eslebedasauto.at\/citroen-c5-aircross-eine-erste-verkostung\/#primaryimage"},"thumbnailUrl":"https:\/\/www.eslebedasauto.at\/wp-content\/uploads\/2025\/10\/IMG_4331.jpeg","datePublished":"2025-10-07T09:55:49+00:00","dateModified":"2025-10-07T11:29:06+00:00","description":"DAS Highlight des C5 Aircross ist der ber\u00fchmte Citro\u00ebn-\u201eWohlf\u00fchlfaktor\u201c - egal welche Motorisierung man w\u00e4hlt.","breadcrumb":{"@id":"https:\/\/www.eslebedasauto.at\/citroen-c5-aircross-eine-erste-verkostung\/#breadcrumb"},"inLanguage":"en-GB","potentialAction":[{"@type":"ReadAction","target":["https:\/\/www.eslebedasauto.at\/citroen-c5-aircross-eine-erste-verkostung\/"]}]},{"@type":"ImageObject","inLanguage":"en-GB","@id":"https:\/\/www.eslebedasauto.at\/citroen-c5-aircross-eine-erste-verkostung\/#primaryimage","url":"https:\/\/www.eslebedasauto.at\/wp-content\/uploads\/2025\/10\/IMG_4331.jpeg","contentUrl":"https:\/\/www.eslebedasauto.at\/wp-content\/uploads\/2025\/10\/IMG_4331.jpeg","width":2048,"height":1536},{"@type":"BreadcrumbList","@id":"https:\/\/www.eslebedasauto.at\/citroen-c5-aircross-eine-erste-verkostung\/#breadcrumb","itemListElement":[{"@type":"ListItem","position":1,"name":"Startseite","item":"https:\/\/www.eslebedasauto.at\/"},{"@type":"ListItem","position":2,"name":"Citro\u00ebn C5 Aircross &#8211; eine erste Verkostung."}]},{"@type":"WebSite","@id":"https:\/\/www.eslebedasauto.at\/#website","url":"https:\/\/www.eslebedasauto.at\/","name":"Es lebe das Auto","description":"ein Hoch auf den Individualverkehr","publisher":{"@id":"https:\/\/www.eslebedasauto.at\/#organization"},"potentialAction":[{"@type":"SearchAction","target":{"@type":"EntryPoint","urlTemplate":"https:\/\/www.eslebedasauto.at\/?s={search_term_string}"},"query-input":{"@type":"PropertyValueSpecification","valueRequired":true,"valueName":"search_term_string"}}],"inLanguage":"en-GB"},{"@type":"Organization","@id":"https:\/\/www.eslebedasauto.at\/#organization","name":"eslebedasauto","url":"https:\/\/www.eslebedasauto.at\/","logo":{"@type":"ImageObject","inLanguage":"en-GB","@id":"https:\/\/www.eslebedasauto.at\/#\/schema\/logo\/image\/","url":"https:\/\/www.eslebedasauto.at\/wp-content\/uploads\/2025\/10\/eldarund.png","contentUrl":"https:\/\/www.eslebedasauto.at\/wp-content\/uploads\/2025\/10\/eldarund.png","width":1024,"height":1024,"caption":"eslebedasauto"},"image":{"@id":"https:\/\/www.eslebedasauto.at\/#\/schema\/logo\/image\/"},"sameAs":["https:\/\/www.facebook.com\/eslebedasauto.at","https:\/\/www.instagram.com\/es_lebe_das_auto\/"]},{"@type":"Person","@id":"https:\/\/www.eslebedasauto.at\/#\/schema\/person\/fb81218b0bed500d225ff518f9f17033","name":"gerhard","url":"https:\/\/www.eslebedasauto.at\/en\/author\/gerhard\/"}]}},"_links":{"self":[{"href":"https:\/\/www.eslebedasauto.at\/en\/wp-json\/wp\/v2\/posts\/100706","targetHints":{"allow":["GET"]}}],"collection":[{"href":"https:\/\/www.eslebedasauto.at\/en\/wp-json\/wp\/v2\/posts"}],"about":[{"href":"https:\/\/www.eslebedasauto.at\/en\/wp-json\/wp\/v2\/types\/post"}],"author":[{"embeddable":true,"href":"https:\/\/www.eslebedasauto.at\/en\/wp-json\/wp\/v2\/users\/2"}],"replies":[{"embeddable":true,"href":"https:\/\/www.eslebedasauto.at\/en\/wp-json\/wp\/v2\/comments?post=100706"}],"version-history":[{"count":16,"href":"https:\/\/www.eslebedasauto.at\/en\/wp-json\/wp\/v2\/posts\/100706\/revisions"}],"predecessor-version":[{"id":100747,"href":"https:\/\/www.eslebedasauto.at\/en\/wp-json\/wp\/v2\/posts\/100706\/revisions\/100747"}],"wp:featuredmedia":[{"embeddable":true,"href":"https:\/\/www.eslebedasauto.at\/en\/wp-json\/wp\/v2\/media\/100721"}],"wp:attachment":[{"href":"https:\/\/www.eslebedasauto.at\/en\/wp-json\/wp\/v2\/media?parent=100706"}],"wp:term":[{"taxonomy":"category","embeddable":true,"href":"https:\/\/www.eslebedasauto.at\/en\/wp-json\/wp\/v2\/categories?post=100706"},{"taxonomy":"post_tag","embeddable":true,"href":"https:\/\/www.eslebedasauto.at\/en\/wp-json\/wp\/v2\/tags?post=100706"}],"curies":[{"name":"wp","href":"https:\/\/api.w.org\/{rel}","templated":true}]}}